{"id":213008,"date":"2014-02-09T23:17:47","date_gmt":"2014-02-09T20:17:47","guid":{"rendered":"https:\/\/analyse.optim.biz\/?p=213008"},"modified":"2014-02-09T23:17:47","modified_gmt":"2014-02-09T20:17:47","slug":"avertisment-viorel-hrebenciuc-cum-a-patit-domnul-tariceanu-poate-pati-la-fel-de-bine-si-domnul-antonescu","status":"publish","type":"post","link":"https:\/\/analyse.optim.biz\/?p=213008","title":{"rendered":"Avertisment Viorel Hrebenciuc: \u201eCum a p\u0103\u021bit domnul T\u0103riceanu poate p\u0103\u021bi la fel de bine \u0219i domnul Antonescu\u201d"},"content":{"rendered":"<div class=\"entry data-app-meta data-app-meta-article\" data-embed-base-url-canonical=\"https:\/\/www.digi24.ro\/embed\/stiri\/actualitate\/politica\/avertisment-viorel-hrebenciuc-cum-a-patit-domnul-tariceanu-poate-pati-la-fel-de-bine-si-domnul-antonescu-197530\">\n<p data-index=\"1\">Invitat la emisiunea \u201eKilometrul 0\u201d de la <strong>Digi24<\/strong>, <strong>Viorel Hrebenciuc<\/strong> a spus c\u0103 nu \u00een\u021belege \u201efrica endemic\u0103 de faptul c\u0103 PSD va tr\u0103da\u201d.<\/p>\n<p data-index=\"2\">\u201e<span>Eu \u021bin s\u0103 v\u0103 reamintesc \u2013 \u0219i le reamintesc \u0219i liberalilor, pe aceast\u0103 cale \u2013 c\u0103 PSD nu a tr\u0103dat niciodat\u0103. Nici c\u00e2nd a sus\u021binut Guvernul T\u0103riceanu aproape trei ani de zile f\u0103r\u0103 s\u0103 avem membri \u00een Guvern. L-am sus\u021binut f\u0103r\u0103 s\u0103 semn\u0103m \u201en\u201d protocoale, pe o str\u00e2ngere de m\u00e2n\u0103, pe un gentlemen<\/span><span lang=\"en-US\">&#8216;s agreement. <\/span><span><em><strong>\u0218i au stat trei ani de zile la guvernare cu nici 20 la sut\u0103 din Parlament. Colegii mei liberali v\u0103d c\u0103 uit\u0103 acest lucru extraordinar de u\u0219or. Nu trebuie uitat acest lucru<\/strong><\/em>\u201d, a declarat deputatul PSD. <\/span><\/p>\n<p data-index=\"3\">\u201e<span>Coali\u021bia cu liberalii nu a mers \u00een continuare nu din vina PSD-ului, ci <strong>din vina inadverten\u021belor din ac\u021biunea PNL,<\/strong> condus, la vremea respectiv\u0103, de domnul T\u0103riceanu, care a gre\u0219it amarnic. Ca o consecin\u021b\u0103, a \u0219i fost schimbat\u201d, a reamintit V. Hrebenciuc.<\/span><\/p>\n<p data-index=\"4\">Acesta a mai spus c\u0103 minoritatea din PNL care dore\u0219te ie\u0219irea de la guvernare \u0219i reunificarea dreptei nu va avea c\u00e2\u0219tig de cauz\u0103. \u201eEu sunt convins c\u0103, \u00een momentul de fa\u021b\u0103, curentul majoritar \u00een PNL este acela de a r\u0103m\u00e2ne la guvernare\u201d, a ad\u0103ugat Viorel Hrebenciuc.<\/p>\n<p data-index=\"5\">\u00cen acest context, el i-a transmis un avertisment pre\u0219edintelui liberal, Crin Antonescu.<em><strong> \u201eO eventual\u0103 ie\u0219ire de la guvernare cred c\u0103 \u00eei va crea mari probleme \u0219i domnului Crin Antonescu \u00een partid. Cum a p\u0103\u021bit domnul T\u0103riceanu poate p\u0103\u021bi foarte bine \u0219i domnul Antonescu\u201d<\/strong><\/em>, a spus deputatul PSD. <\/p>\n<p data-index=\"6\">Pe de alt\u0103 parte, Viorel Hrebenciuc a avut un mesaj \u0219i pentru liberalii care doresc s\u0103 \u00ee\u0219i impun\u0103 punctul de vedere \u00een USL. <\/p>\n<p data-index=\"7\"><strong>\u201e<\/strong><span><em><strong>M\u0103surile liberale trebuie aplicate dac\u0103 ai avea 60 la sut\u0103 din electorat, ai c\u00e2\u0219tiga alegerile cu 60 la sut\u0103 tu, PNL, \u0219i atunci \u00ee\u021bi impui m\u0103surile pe care consideri tu. Dar, at\u00e2ta timp c\u00e2t e\u0219ti \u00eentr-o coali\u021bie, trebuie s\u0103 te supui regulilor unei coali\u021bii \u0219i acest lucru trebuie s\u0103 se \u00eent\u00e2mple\u201d<\/strong><\/em>, a subliniat deputatul PSD.\u00a0<\/span><\/p>\n<\/div>\n<p> Source URL: https:\/\/www.digi24.ro\/stiri\/actualitate\/politica\/avertisment-viorel-hrebenciuc-cum-a-patit-domnul-tariceanu-poate-pati-la-fel-de-bine-si-domnul-antonescu-197530<\/p>\n","protected":false},"excerpt":{"rendered":"<p>Invitat la emisiunea \u201eKilometrul 0\u201d de la Digi24, Viorel Hrebenciuc a spus c\u0103 nu \u00een\u021belege \u201efrica endemic\u0103 de faptul c\u0103 PSD va tr\u0103da\u201d. \u201eEu \u021bin s\u0103 v\u0103 reamintesc \u2013 \u0219i le reamintesc \u0219i liberalilor, pe aceast\u0103 cale \u2013 c\u0103 PSD nu a tr\u0103dat niciodat\u0103. Nici c\u00e2nd a sus\u021binut Guvernul T\u0103riceanu aproape trei ani de zile [&hellip;]<\/p>\n","protected":false},"author":1,"featured_media":213009,"comment_status":"open","ping_status":"","sticky":false,"template":"","format":"standard","meta":{"footnotes":""},"categories":[2],"tags":[11],"class_list":["post-213008","post","type-post","status-publish","format-standard","has-post-thumbnail","hentry","category-politics","tag-digi24"],"_links":{"self":[{"href":"https:\/\/analyse.optim.biz\/index.php?rest_route=\/wp\/v2\/posts\/213008","targetHints":{"allow":["GET"]}}],"collection":[{"href":"https:\/\/analyse.optim.biz\/index.php?rest_route=\/wp\/v2\/posts"}],"about":[{"href":"https:\/\/analyse.optim.biz\/index.php?rest_route=\/wp\/v2\/types\/post"}],"author":[{"embeddable":true,"href":"https:\/\/analyse.optim.biz\/index.php?rest_route=\/wp\/v2\/users\/1"}],"replies":[{"embeddable":true,"href":"https:\/\/analyse.optim.biz\/index.php?rest_route=%2Fwp%2Fv2%2Fcomments&post=213008"}],"version-history":[{"count":0,"href":"https:\/\/analyse.optim.biz\/index.php?rest_route=\/wp\/v2\/posts\/213008\/revisions"}],"wp:featuredmedia":[{"embeddable":true,"href":"https:\/\/analyse.optim.biz\/index.php?rest_route=\/wp\/v2\/media\/213009"}],"wp:attachment":[{"href":"https:\/\/analyse.optim.biz\/index.php?rest_route=%2Fwp%2Fv2%2Fmedia&parent=213008"}],"wp:term":[{"taxonomy":"category","embeddable":true,"href":"https:\/\/analyse.optim.biz\/index.php?rest_route=%2Fwp%2Fv2%2Fcategories&post=213008"},{"taxonomy":"post_tag","embeddable":true,"href":"https:\/\/analyse.optim.biz\/index.php?rest_route=%2Fwp%2Fv2%2Ftags&post=213008"}],"curies":[{"name":"wp","href":"https:\/\/api.w.org\/{rel}","templated":true}]}}