{"id":212995,"date":"2014-02-10T01:49:39","date_gmt":"2014-02-09T22:49:39","guid":{"rendered":"https:\/\/analyse.optim.biz\/?p=212995"},"modified":"2014-02-10T01:49:39","modified_gmt":"2014-02-09T22:49:39","slug":"gabriel-oprea-marul-discordiei-intre-psd-si-pnl-in-disputa-pe-tema-vicepremierului-iohannis","status":"publish","type":"post","link":"https:\/\/analyse.optim.biz\/?p=212995","title":{"rendered":"Gabriel Oprea, m\u0103rul discordiei \u00eentre PSD \u0219i PNL \u00een disputa pe tema \u201evicepremierului\u201d Iohannis"},"content":{"rendered":"<div class=\"entry data-app-meta data-app-meta-article\" data-embed-base-url-canonical=\"https:\/\/www.digi24.ro\/embed\/stiri\/actualitate\/politica\/gabriel-oprea-marul-discordiei-intre-psd-si-pnl-in-disputa-pe-tema-vicepremierului-iohannis-197540\">\n<p data-index=\"1\"><img decoding=\"async\" src=\"https:\/\/analyse.optim.biz\/wp-content\/uploads\/2024\/09\/ptgwmczoyxnoptljyta5mjy2nzjkmzbkmdvimdbimmy4ztu4ngu2mza1-thumb_.jpg\" data-skip-htmlfix=\"1\" title=\"ptgwmczoyxnoptljyta5mjy2nzjkmzbkmdvimdbimmy4ztu4ngu2mza1-thumb_\"><\/p>\n<p data-index=\"2\">Pozi\u021biile divergente pe tema func\u021biei lui Iohannis au fost expuse \u00een <a href=\"https:\/\/www.digi24.ro\/Emisiuni\/Digi24\/Km0\/\" target=\"_blank\" data-skip-linkfix=\"1\" rel=\"noopener\"><strong>emisiunea \u201eKilometrul 0\u201d<\/strong><\/a> de la<strong> Digi24<\/strong> de doi dintre reprezentan\u021bii celor dou\u0103 partide \u2013 deputatul liberal <strong>Ludovic Orban<\/strong> \u0219i vicepre\u0219edintele social-democrat al Camerei, <strong>Viorel Hrebenciuc<\/strong>.<\/p>\n<h5>Orban: Victor Ponta ar avea de c\u00e2\u0219tigat dac\u0103 \u00eel trimite pe Oprea din Guvern<\/h5>\n<p data-index=\"3\">Deputatul PNL \u00eei cere premierului s\u0103-l \u00eendep\u0103rteze pe <strong>Gabriel Oprea<\/strong> din Guvern sau s\u0103-i dea portofoliul Ap\u0103r\u0103rii, pentru c\u0103 <strong>Mircea Du\u0219a<\/strong>, actualul titular, \u201enu va \u021bipa foarte tare\u201d:<\/p>\n<p data-index=\"4\">\u201e<span><strong>Plecarea lui Gabriel Oprea ar fi o mare mi\u0219care, poate \u0219i Victor Ponta m\u0103 ascult\u0103 c\u00e2nd \u00eei spun, ar face un gest din care ar avea de c\u00e2\u0219tigat inclusiv \u00een planul imaginii, c\u0103 v\u0103d c\u0103 asta \u00eel preocup\u0103 cel mai mult pe premierul Ponta. S\u0103-l trimit\u0103 pe vicepremierul Oprea sau s\u0103-l pun\u0103 la Ministerul Ap\u0103r\u0103rii \u00een locul dlui Du\u0219a, c\u0103 oricum nu cred c\u0103 dl. Du\u0219a va \u021bipa foarte tare. Dac\u0103 \u00eentr-adev\u0103r i se pare de ne\u00eenlocuit Gabriel Oprea, s\u0103-\u0219i aduc\u0103 aminte c\u0103 Gabriel Oprea i-a f\u0103cut colonei pe to\u021bi vectorii de mesaj \u0219i pe to\u021bi prietenii lui Traian B\u0103sescu<\/strong>\u201d, a declarat Ludovic Orban la Digi24.<\/span><\/p>\n<p data-index=\"5\">\u201e<span>Ca vicepremier, este clar c\u0103 Iohannis nu poate coordona dec\u00e2t structurile de ordine public\u0103, ap\u0103rare \u0219i siguran\u021b\u0103 public\u0103, func\u021bie ocupat\u0103 \u00een prezent de un apropiat numai al lui Victor Ponta, nu \u0219i al PNL \u0219i &#8211; sunt convins &#8211; nu un apropiat al multora dintre social-democra\u021bi care au memoria ultimilor patru ani \u00een care Gabriel Oprea exact ce face ast\u0103zi \u2013 adun\u0103 parlamentari din r\u00e2ndul partidelor de opozi\u021bie \u2013 f\u0103cea pentru Traian B\u0103sescu ca s\u0103-i asigure majoritate parlamentar\u0103\u201d, a mai spus <strong>Ludovic Orban<\/strong>.<\/span><\/p>\n<h5>Hrebenciuc: Nu este posibil ca Oprea s\u0103 renun\u021be<\/h5>\n<p data-index=\"6\">\u00centrebat dac\u0103 PSD ar fi dispus s\u0103 renun\u021be la vicepremierul UNPR Gabriel Oprea pentru Klaus Iohannis, <strong>Viorel Hrebenciuc<\/strong> a r\u0103spuns c\u0103 nu are la ce s\u0103 renun\u021be, pentru c\u0103 este o chestiune negociat\u0103, iar PSD \u0219i-a p\u0103strat cuv\u00e2ntul \u00eentotdeauna.<\/p>\n<p data-index=\"7\">\u201e<span>Noi \u00een USL s\u0103 nu uit\u0103m c\u0103 mai avem doi alia\u021bi &#8211; PC \u0219i UNPR- care \u00een procesul de negociere au ob\u021binut \u0219i ei ni\u0219te func\u021bii, <strong>nu st\u0103m s\u0103 renegociem. Nu este posibil ca dl Gabriel Oprea s\u0103 renun\u021be.<\/strong> \u00cen primul r\u00e2nd, c\u0103 dl. Gabriel Oprea este specializat pe probleme de siguran\u021b\u0103 na\u021bional\u0103, pe care ca vicepremier le coordoneaz\u0103. Asta a fost negocierea ini\u021bial\u0103, poate c\u0103 nici dl. Oprea nu dorea de la \u00eenceput aceast\u0103 func\u021bie, poate \u0219i-ar fi dorit alte ministere\u201d, a spus vicepre\u0219edintele Camerei.<\/span><\/p>\n<p data-index=\"8\">\u201e<span>Nu cred c\u0103 ar trebui acuma s\u0103 renun\u021b\u0103m la aceast\u0103 chestiune. Dac\u0103 se renegociaz\u0103 la nivelul USL-ului, e cu totul alt subiect, dar a\u0219a cum sunt lucrurile ast\u0103zi \u2013 poate m\u00e2ine diminea\u021b\u0103 se schimb\u0103 \u2013 NU\u201d, a punctat deputatul PSD.<\/span><\/p>\n<p data-index=\"9\">\u00centrebat ce ar putea s\u0103-i ofere Victor Ponta lui Gabriel Oprea pentru a-l face s\u0103 renun\u021be la func\u021bie, Viorel Hrebenciuc a refuzat s\u0103 comenteze, spun\u00e2nd c\u0103 nu crede \u00een acest scenariu \u0219i c\u0103 oricum ar fi o decizie a premierului.<\/p>\n<h5>Vot \u00een Parlament?<\/h5>\n<p data-index=\"10\">\u00cen ceea ce prive\u0219te un eventual vot \u00een Parlament pentru o nou\u0103 structur\u0103 a guvernului, Viorel Hrebenciuc este sceptic c\u0103 se va ajunge la o asemenea etap\u0103 \u0219i este convins c\u0103 cei doi lideri ai USL, <strong>Crin Antonescu \u0219i Victor Ponta<\/strong>, vor ajunge la o \u00een\u021belegere.<\/p>\n<p data-index=\"11\">\u201e<span>Nu vor ajunge \u00een Parlament pentru o nou\u0103 structur\u0103 a Guvernului, cei doi copre\u0219edin\u021bi vor g\u0103si calea cea bun\u0103: <strong>dl. Iohannis s\u0103 nu fie \u0219i viceprim-ministru, viceprim-ministru s\u0103 fie Eugen Nicol\u0103escu<\/strong> (nominalizat la Finan\u021be \u2013 n.r..), pentru c\u0103 Parlamentul a aprobat c\u0103 cine e ministru de Finan\u021be s\u0103 fie \u0219i viceprim-ministru\u201d, a spus Viorel Hrebenciuc. Chestiunea cu viceprim-ministru este mai mult protocolar\u0103 pentru Klaus Iohannis, consider\u0103 Viorel Hrebenciuc. \u201e<strong>Sediul materiei \u0219i activit\u0103\u021bii domniei sale este Ministerul de Interne, acolo va avea toat\u0103 activitatea. Dl Iohannis are o personalitate puternic\u0103, nu are nevoie de alte func\u021bii ca s\u0103-\u0219i demonstreze for\u021ba<\/strong>\u201d, a declarat Hrebenciuc. Cu toate acestea, liderul PSD a f\u0103cut precizarea c\u0103 actualul primar al Sibiului \u201e<strong>nu este un politician mai experimentat dec\u00e2t premierul Ponta\u201d<\/strong>.<\/span><\/p>\n<p data-index=\"12\">El a transmis \u0219i un <a href=\"https:\/\/www.digi24.ro\/Stiri\/Digi24\/Actualitate\/Politica\/Viorel+Hrebenciuc+Tin+sa+le+reamintesc+liberalilor+ca+PSD+nu+a+t\" target=\"_blank\" data-skip-linkfix=\"1\" rel=\"noopener\">avertisment liberalilor<\/a>: Crin Antonescu ar putea \u00eemp\u0103rt\u0103\u0219i soarta celuilalt premier liberal care a fost sus\u021binut de PSD, C\u0103lin Popescu-T\u0103riceanu.<\/p>\n<p data-index=\"13\">Pe de alt\u0103 parte, de\u0219i spune c\u0103 nu \u00eemp\u0103rt\u0103\u0219e\u0219te ideea c\u0103 un vot \u00een Parlament ar putea genera instabilitate, liderul PSD recunoa\u0219te c\u0103 aprobarea Parlamentului pentru o nou\u0103 structur\u0103 a guvernului ar putea genera \u201eu\u0219oare tensiuni\u201d. <strong>\u201eEste adev\u0103rat c\u0103 \u00een astfel de situa\u021bii iar apar idei, iar apar tot felul de chestiuni \u0219i sunt momente care devin u\u0219or tensionate, care trebuie tratate cu grij\u0103<\/strong>\u201d, a spus <strong>Viorel Hrebenciuc la Digi24.<\/strong><\/p>\n<p data-index=\"14\">\u201e<span>S\u0103-\u021bi fie team\u0103 de un vot \u00een Parlament c\u00e2nd ai aproape 70%, mai mult de 70%, dup\u0103 trecerile masive \u00een partidul domnului Oprea&#8230;\u201d, a comentat zeflemitor deputatul liberal <strong>Ludovic Orban.<\/strong><\/span><\/p>\n<p data-index=\"15\">El a explicat \u0219i <a href=\"https:\/\/www.digi24.ro\/Stiri\/Digi24\/Actualitate\/Politica\/Ludovic+Orban+PNL+avea+nevoie+de+un+vicepremier+care+sa+spuna+de\" target=\"_blank\" data-skip-linkfix=\"1\" rel=\"noopener\">de ce pre\u0219edintele PNL a decis \u00eenlocuirea lui <strong>Daniel Chi\u021boiu<\/strong> cu Klaus Iohannis<\/a>: \u201eDaniel Chi\u021boiu era un vicepremier foarte comod pentru dl Ponta \u0219i pentru PSD, pentru c\u0103 el, av\u00e2nd o carier\u0103 de func\u021bionar foarte mare, avea o atitudine mai cooperant\u0103, de respect fa\u021b\u0103 de ierarhie \u0219i fa\u021b\u0103 de premier \u0219i de multe ori a preferat s\u0103 se comporte ca vicepremier subordonat premierul Ponta dec\u00e2t ca vicepremier care reprezint\u0103 partidul. Acum, <a href=\"https:\/\/www.digi24.ro\/Stiri\/Digi24\/Actualitate\/Politica\/Klaus+Iohannis+un+critic+al+premierului+Ponta\" target=\"_blank\" data-skip-linkfix=\"1\" rel=\"noopener\">Klaus Iohannis dac\u0103 va spune NU<\/a>, sunt convins c\u0103 foarte mult\u0103 lume va asculta ce spune \u0219i foarte mult\u0103 lume poate s\u0103-i dea \u0219i dreptate\u201d, a ar\u0103tat Ludovic Orban.<\/p>\n<h4>Context<\/h4>\n<p data-index=\"16\"><img decoding=\"async\" src=\"https:\/\/analyse.optim.biz\/wp-content\/uploads\/2024\/09\/yteymjg2ogy4ogziyziynzc0n2y2mgu0zme0mjfk-thumb_.jpg\" data-skip-htmlfix=\"1\" title=\"yteymjg2ogy4ogziyziynzc0n2y2mgu0zme0mjfk-thumb_\">Copre\u0219edin\u021bii USL, Victor Ponta \u0219i Crin Antonescu, <a href=\"https:\/\/www.digi24.ro\/Stiri\/Digi24\/Actualitate\/Politica\/Liderii+USL+s-ar+putea+intalni+astazi+PSD+nu+il+vrea+pe+Klaus+Io\" target=\"_blank\" data-skip-linkfix=\"1\" rel=\"noopener\">vor discuta<\/a>, cel mai probabil ast\u0103zi, pe tema <a href=\"https:\/\/www.digi24.ro\/Stiri\/Digi24\/Actualitate\/Politica\/Klaus+Iohannis+si+Teodor+Atanasiu+ministeriabili+cu+probleme+si+\" target=\"_blank\" data-skip-linkfix=\"1\" rel=\"noopener\">remanierii decise de liderul liberal<\/a> \u00een timp ce <a href=\"https:\/\/www.digi24.ro\/Stiri\/Digi24\/Actualitate\/Politica\/Premierul+Victor+Ponta+il+vrea+in+guvern+pe+Klaus+Iohannis\" target=\"_blank\" data-skip-linkfix=\"1\" rel=\"noopener\">premierul se afla la Soci<\/a>.<\/p>\n<p data-index=\"17\">Dac\u0103 \u00een privin\u021ba nominaliz\u0103rilor pentru func\u021biile de mini\u0219tri nu par s\u0103 fie probleme, principala divergen\u021b\u0103 o constituie dorin\u021ba lui pre\u0219edintelui PNL ca primarul Sibiului, Klaus Iohannis, propus pentru Ministerul de Interne, s\u0103 de\u021bin\u0103 \u0219i func\u021bia de vicepremier, func\u021bie care \u00eei revenea ministrului de Finan\u021be, Daniel Chi\u021boiu. Acesta a demisionat s\u0103pt\u0103m\u00e2na trecut\u0103, iar \u00een locul lui a fost propus Eugen Nicol\u0103escu.<\/p>\n<p data-index=\"18\">Guvernul mai are doi vicepremieri \u00een persoana lui <strong>Liviu Dragnea<\/strong> (PSD) \u0219i <strong>Gabriel Oprea<\/strong> (UNPR). Conform schemei guvernamentale, acesta din urm\u0103 se ocup\u0103 de politicile de ap\u0103rare \u0219i ordine public\u0103, \u00een timp ce liberalilor le revenea postul de vicepremier pentru politici economice. O schimbare \u00een acest aranjament guvernamental ar avea nevoie de un vot din partea Parlamentului, vot care <a href=\"https:\/\/www.digi24.ro\/Stiri\/Digi24\/Actualitate\/Politica\/PSD+este+reticent+la+ideea+ca+Iohannis+sa+fie+si+vicepremier\" target=\"_blank\" data-skip-linkfix=\"1\" rel=\"noopener\">nu este privit cu ochi buni de unii social-democra\u021bi<\/a>, pentru c\u0103, spun ei, ar genera instabilitate.<\/p>\n<p data-index=\"19\"><a href=\"https:\/\/www.digi24.ro\/Stiri\/Digi24\/Actualitate\/Politica\/Crin+Antonescu+despre+Klaus+Iohannis+remaniere\" target=\"_blank\" data-skip-linkfix=\"1\" rel=\"noopener\">Crin Antonescu a explicat<\/a> c\u0103 Iohannis ar trebui s\u0103 de\u021bin\u0103 func\u021bia de vicepremier, \u0219i nu Eugen Nicol\u0103escu, pentru c\u0103 trebuie respectate statura sa politic\u0103 \u0219i ierarhia de partid, unde actualul primar al Sibiului de\u021bine, \u00eenc\u0103 de la intrarea \u00een PNL, \u00een urm\u0103 cu numai un an, func\u021bia de <strong>prim-vicepre\u0219edinte<\/strong>.<\/p>\n<\/div>\n<p> Source URL: https:\/\/www.digi24.ro\/stiri\/actualitate\/politica\/gabriel-oprea-marul-discordiei-intre-psd-si-pnl-in-disputa-pe-tema-vicepremierului-iohannis-197540<\/p>\n","protected":false},"excerpt":{"rendered":"<p>Pozi\u021biile divergente pe tema func\u021biei lui Iohannis au fost expuse \u00een emisiunea \u201eKilometrul 0\u201d de la Digi24 de doi dintre reprezentan\u021bii celor dou\u0103 partide \u2013 deputatul liberal Ludovic Orban \u0219i vicepre\u0219edintele social-democrat al Camerei, Viorel Hrebenciuc. Orban: Victor Ponta ar avea de c\u00e2\u0219tigat dac\u0103 \u00eel trimite pe Oprea din Guvern Deputatul PNL \u00eei cere premierului [&hellip;]<\/p>\n","protected":false},"author":1,"featured_media":212996,"comment_status":"open","ping_status":"","sticky":false,"template":"","format":"standard","meta":{"footnotes":""},"categories":[2],"tags":[11],"class_list":["post-212995","post","type-post","status-publish","format-standard","has-post-thumbnail","hentry","category-politics","tag-digi24"],"_links":{"self":[{"href":"https:\/\/analyse.optim.biz\/index.php?rest_route=\/wp\/v2\/posts\/212995","targetHints":{"allow":["GET"]}}],"collection":[{"href":"https:\/\/analyse.optim.biz\/index.php?rest_route=\/wp\/v2\/posts"}],"about":[{"href":"https:\/\/analyse.optim.biz\/index.php?rest_route=\/wp\/v2\/types\/post"}],"author":[{"embeddable":true,"href":"https:\/\/analyse.optim.biz\/index.php?rest_route=\/wp\/v2\/users\/1"}],"replies":[{"embeddable":true,"href":"https:\/\/analyse.optim.biz\/index.php?rest_route=%2Fwp%2Fv2%2Fcomments&post=212995"}],"version-history":[{"count":0,"href":"https:\/\/analyse.optim.biz\/index.php?rest_route=\/wp\/v2\/posts\/212995\/revisions"}],"wp:featuredmedia":[{"embeddable":true,"href":"https:\/\/analyse.optim.biz\/index.php?rest_route=\/wp\/v2\/media\/212996"}],"wp:attachment":[{"href":"https:\/\/analyse.optim.biz\/index.php?rest_route=%2Fwp%2Fv2%2Fmedia&parent=212995"}],"wp:term":[{"taxonomy":"category","embeddable":true,"href":"https:\/\/analyse.optim.biz\/index.php?rest_route=%2Fwp%2Fv2%2Fcategories&post=212995"},{"taxonomy":"post_tag","embeddable":true,"href":"https:\/\/analyse.optim.biz\/index.php?rest_route=%2Fwp%2Fv2%2Ftags&post=212995"}],"curies":[{"name":"wp","href":"https:\/\/api.w.org\/{rel}","templated":true}]}}