{"id":212983,"date":"2014-02-10T05:05:56","date_gmt":"2014-02-10T02:05:56","guid":{"rendered":"https:\/\/analyse.optim.biz\/?p=212983"},"modified":"2014-02-10T05:05:56","modified_gmt":"2014-02-10T02:05:56","slug":"noii-ministri-pnl-crin-antonescu-discuta-nominalizarile-cu-victor-ponta","status":"publish","type":"post","link":"https:\/\/analyse.optim.biz\/?p=212983","title":{"rendered":"Noii mini\u015ftri PNL. Crin Antonescu discut\u0103 nominaliz\u0103rile cu Victor Ponta"},"content":{"rendered":"<div class=\"entry data-app-meta data-app-meta-article\" data-embed-base-url-canonical=\"https:\/\/www.digi24.ro\/embed\/stiri\/actualitate\/politica\/noii-ministri-pnl-crin-antonescu-discuta-nominalizarile-cu-victor-ponta-197575\">\n<p data-index=\"1\"><span><strong>Liderul Partidului Na\u0163ional Liberal, Crin Antonescu, spune c\u0103 se \u00eent\u00e2lne\u015fte luni diminea\u0163\u0103 cu premierul Victor Ponta pentru a discuta despre propunerile de mini\u015ftri f\u0103cute de liberali la sf\u00e2r\u015fitul s\u0103pt\u0103m\u00e2nii trecute. Primul-ministru trebuie s\u0103 decid\u0103 dac\u0103 accept\u0103 nominaliz\u0103rile PNL: Klaus Iohannis &#8211; ministru de Interne \u015fi vicepremier, Eugen Nicol\u0103escu &#8211; ministru de Finan\u0163e, Cristian Bu\u015foi &#8211; ministru S\u0103n\u0103t\u0103\u0163ii, \u015fi Teodor Atanasiu &#8211; ministru al Economiei.<\/strong><\/span><\/p>\n<p data-index=\"2\"><img decoding=\"async\" src=\"https:\/\/analyse.optim.biz\/wp-content\/uploads\/2024\/09\/lmpwzyz3ptgwmczoyxnopwu2zmnkntexmdi0zmjjmwjlnzriotkwmtm1zwziyzi5-thumb_.jpg\" data-skip-htmlfix=\"1\" title=\"lmpwzyz3ptgwmczoyxnopwu2zmnkntexmdi0zmjjmwjlnzriotkwmtm1zwziyzi5-thumb_\">\u00a0<\/p>\n<p data-index=\"3\">Chiar dac\u0103 a declarat c\u0103 liberalul Klaus Iohhanis este un c\u00e2\u015ftig pentru Guvern, premierul Victor Ponta nu s-a pronun\u0163at dac\u0103 accept\u0103 ca primarul Sibiului s\u0103 fie \u015fi vicepremier. Sunt \u00eens\u0103 lideri social-democra\u0163i care spun c\u0103 func\u0163ia este deja ocupat\u0103 de Gabriel Oprea.<\/p>\n<p data-index=\"4\">O rezolvare a acestei situa\u0163ii a fost prezentat\u0103 de <a href=\"https:\/\/www.digi24.ro\/Stiri\/Digi24\/Actualitate\/Politica\/Ludovic+Orban+PNL+avea+nevoie+de+un+vicepremier+care+sa+spuna+de\" data-skip-linkfix=\"1\"><strong>liberalul Ludovic Orban, \u00een emisiunea Kilometrul 0 Digi24<\/strong><\/a>. Varianta sa a fost \u00eens\u0103 exclus\u0103 imediat de social-democratul Viorel Hrebenciuc, prezent \u015fi el \u00een studioul <strong>Digi24<\/strong>.<\/p>\n<p data-index=\"5\">Deputatul PNL \u00eei cere premierului <a href=\"https:\/\/www.digi24.ro\/Stiri\/Digi24\/Actualitate\/Politica\/Gabriel+Oprea+marul+discordiei+intre+PSD+si+PNL+in+disputa+pe+te\" data-skip-linkfix=\"1\"><strong>s\u0103 \u00eel \u00eendep\u0103rteze pe Gabriel Oprea din Guvern sau s\u0103 \u00eei dea portofoliul Ap\u0103r\u0103rii<\/strong><\/a>, consider\u00e2nd c\u0103 Mircea Du\u015fa, actualul titular, \u201e<em><strong>nu va \u0163ipa foarte tare<\/strong><\/em><span>\u201d: \u201e<\/span><em><strong>Plecarea lui Oprea ar fi o mare mi\u015fcare. Poate \u015fi Ponta m\u0103 ascult\u0103 &#8211; ar face un gest din care ar avea de c\u00e2\u015ftigat \u00een planul imaginii<\/strong><\/em><span>\u201d, a spus Ludovic Orban. \u201e<\/span><span><em><strong>V\u0103d c\u0103 asta \u00eel preocup\u0103 pe Victor Ponta &#8211; s\u0103-l trimit\u0103 pe Oprea sau s\u0103-l pun\u0103 la MAPN. Cred c\u0103 (Mircea) Du\u015fa nu va \u0163ipa foarte tare<\/strong><\/em><\/span><span>\u201d, a apreciat liberalul.<\/span><\/p>\n<p data-index=\"6\"><span><span>Viorel Hrebenciuc a exclus varianta \u00een care Partidul Social Democrat ar renun\u0163a la vicepremierul Gabriel Oprea: PSD \u201e<\/span><\/span><span><span><em><strong>nu are cum s\u0103 renun\u0163e, este o chestiune negociat\u0103. Trebuie <a href=\"https:\/\/www.digi24.ro\/Stiri\/Digi24\/Actualitate\/Politica\/Viorel+Hrebenciuc+Tin+sa+le+reamintesc+liberalilor+ca+PSD+nu+a+t\" data-skip-linkfix=\"1\">s\u0103 ne p\u0103str\u0103m cuv\u00e2ntul, cum l-am p\u0103strat \u00eentotdeauna<\/a><\/strong><\/em><\/span><\/span><span><span>\u201d, sus\u0163ine politicianul, subliniind c\u0103 Klaus Iohannis \u201e<\/span><\/span><span><span><em><strong>nu are nevoie de alte func\u0163ii pentru a-\u015fi demonstra prezen\u0163a<\/strong><\/em><\/span><\/span><span><span>\u201d.<\/span><\/span><\/p>\n<\/div>\n<p> Source URL: https:\/\/www.digi24.ro\/stiri\/actualitate\/politica\/noii-ministri-pnl-crin-antonescu-discuta-nominalizarile-cu-victor-ponta-197575<\/p>\n","protected":false},"excerpt":{"rendered":"<p>Liderul Partidului Na\u0163ional Liberal, Crin Antonescu, spune c\u0103 se \u00eent\u00e2lne\u015fte luni diminea\u0163\u0103 cu premierul Victor Ponta pentru a discuta despre propunerile de mini\u015ftri f\u0103cute de liberali la sf\u00e2r\u015fitul s\u0103pt\u0103m\u00e2nii trecute. Primul-ministru trebuie s\u0103 decid\u0103 dac\u0103 accept\u0103 nominaliz\u0103rile PNL: Klaus Iohannis &#8211; ministru de Interne \u015fi vicepremier, Eugen Nicol\u0103escu &#8211; ministru de Finan\u0163e, Cristian Bu\u015foi &#8211; [&hellip;]<\/p>\n","protected":false},"author":1,"featured_media":212984,"comment_status":"open","ping_status":"","sticky":false,"template":"","format":"standard","meta":{"footnotes":""},"categories":[2],"tags":[11],"class_list":["post-212983","post","type-post","status-publish","format-standard","has-post-thumbnail","hentry","category-politics","tag-digi24"],"_links":{"self":[{"href":"https:\/\/analyse.optim.biz\/index.php?rest_route=\/wp\/v2\/posts\/212983","targetHints":{"allow":["GET"]}}],"collection":[{"href":"https:\/\/analyse.optim.biz\/index.php?rest_route=\/wp\/v2\/posts"}],"about":[{"href":"https:\/\/analyse.optim.biz\/index.php?rest_route=\/wp\/v2\/types\/post"}],"author":[{"embeddable":true,"href":"https:\/\/analyse.optim.biz\/index.php?rest_route=\/wp\/v2\/users\/1"}],"replies":[{"embeddable":true,"href":"https:\/\/analyse.optim.biz\/index.php?rest_route=%2Fwp%2Fv2%2Fcomments&post=212983"}],"version-history":[{"count":0,"href":"https:\/\/analyse.optim.biz\/index.php?rest_route=\/wp\/v2\/posts\/212983\/revisions"}],"wp:featuredmedia":[{"embeddable":true,"href":"https:\/\/analyse.optim.biz\/index.php?rest_route=\/wp\/v2\/media\/212984"}],"wp:attachment":[{"href":"https:\/\/analyse.optim.biz\/index.php?rest_route=%2Fwp%2Fv2%2Fmedia&parent=212983"}],"wp:term":[{"taxonomy":"category","embeddable":true,"href":"https:\/\/analyse.optim.biz\/index.php?rest_route=%2Fwp%2Fv2%2Fcategories&post=212983"},{"taxonomy":"post_tag","embeddable":true,"href":"https:\/\/analyse.optim.biz\/index.php?rest_route=%2Fwp%2Fv2%2Ftags&post=212983"}],"curies":[{"name":"wp","href":"https:\/\/api.w.org\/{rel}","templated":true}]}}