{"id":212971,"date":"2014-02-10T06:52:53","date_gmt":"2014-02-10T03:52:53","guid":{"rendered":"https:\/\/analyse.optim.biz\/?p=212971"},"modified":"2014-02-10T06:52:53","modified_gmt":"2014-02-10T03:52:53","slug":"cina-cu-presedintele-traian-basescu-a-petrecut-la-ciurila-in-compania-lui-emil-boc-a-elenei-udrea-si-a-alesilor-locali-pdl","status":"publish","type":"post","link":"https:\/\/analyse.optim.biz\/?p=212971","title":{"rendered":"Cin\u0103 cu pre\u015fedintele: Traian B\u0103sescu a petrecut la Ciurila \u00een compania lui Emil Boc, a Elenei Udrea \u015fi a ale\u015filor locali PDL"},"content":{"rendered":"<div class=\"entry data-app-meta data-app-meta-article\" data-embed-base-url-canonical=\"https:\/\/www.digi24.ro\/embed\/stiri\/actualitate\/politica\/cina-cu-presedintele-traian-basescu-a-petrecut-la-ciurila-in-compania-lui-emil-boc-a-elenei-udrea-si-a-alesilor-locali-pdl-197596\">\n<p data-index=\"1\"><span><strong><span><span>Pre\u015fedintele Traian B\u0103sescu \u015fi-a petrecut ultima sear\u0103 din vizita de la Cluj la un restaurant din comuna Ciurila, unde s-a \u00eent\u00e2lnit cu mai mul\u0163i primari \u015fi ale\u015fi locali democrat-liberali din jude\u0163. La \u00eent\u00e2lnire au mai participat Elena Udrea \u015fi primarul Emil Boc, proasp\u0103t \u00eenscris \u00een Funda\u0163ia Mi\u015fcarea Popular\u0103.<\/span><\/span><\/strong><\/span><\/p>\n<p data-index=\"2\"><img decoding=\"async\" src=\"https:\/\/analyse.optim.biz\/wp-content\/uploads\/2024\/09\/zdczyzljmwq0mwi2njbjymy4ntg0nmq0otvjnwy1yq-thumb_.jpg\" data-skip-htmlfix=\"1\" title=\"zdczyzljmwq0mwi2njbjymy4ntg0nmq0otvjnwy1yq-thumb_\"><\/p>\n<p data-index=\"3\">\u00censo\u0163it de primarul Emil Boc, \u015feful statului a plecat la un restaurant din comuna clujean\u0103 Ciurila, aflat la 15 kilometri de Cluj-Napoca. Dup\u0103 sosirea pre\u015fedintelui, care a r\u0103mas \u00een local timp de mai bine de trei ore, nimeni nu a mai avut voie s\u0103 intre \u00een restaurant. El a p\u0103r\u0103sit restaurantul la care a petrecut p\u00e2n\u0103 dup\u0103 miezul nop\u0163ii f\u0103r\u0103 s\u0103 fac\u0103 nici un fel de declara\u0163ie.<\/p>\n<p data-index=\"4\"><span><span>Duminic\u0103, primarul ora\u015fului Cluj-Napoca, Emil Boc, a anun\u0163at c\u0103 <strong><a href=\"https:\/\/www.digi24.ro\/Stiri\/Digi24\/Actualitate\/Politica\/Emil+Boc+a+anuntat+ca+se+inscrie+in+Fundatia+Miscarea+Populara\" target=\"_blank\" data-skip-linkfix=\"1\" rel=\"noopener\">se \u00eenscrie \u00een Funda\u0163ia Mi\u015fcarea Popular\u0103, av\u00e2nd inten\u0163ia declarat\u0103 de a contribui la unificarea dreptei<\/a><\/strong>.<\/span><\/span><\/p>\n<p data-index=\"5\"><span><span>Funda\u0163ia Mi\u015fcarea Popular\u0103, lansat\u0103 de consilierul preziden\u0163ial Cristian Diaconescu \u015fi prezidat\u0103 de profesorul Marian Preda, are un alt statut dec\u00e2t Partidul Mi\u015fcarea Popular\u0103, condus de Eugen Tomac, care s-a desprins din Funda\u0163ie \u015fi s-a \u00eenregistrat oficial la 29 ianuarie.<\/span><\/span><\/p>\n<p data-index=\"6\"><span><span>Ca urmare, Emil Boc nu trebuie s\u0103 renun\u0163e la mandatul de primar, a\u015fa cum prevede legea, \u00een cazul \u00een care un edil p\u0103r\u0103se\u015fte partidul din partea c\u0103ruia a candidat. Boc a fost ales primar al municipiului Cluj-Napoca \u00een iunie 2012 pe listele PDL \u015fi a condus aceast\u0103 forma\u0163iune timp de \u015fapte ani. Totu\u015fi, o eventual\u0103 excludere a sa din PDL i-ar permite s\u0103 \u00ee\u015fi p\u0103streze mandatul de primar \u015fi s\u0103 se \u00eenscrie \u00een Partidul Mi\u015fcarea Popular\u0103. Este pu\u0163in probabil totu\u015fi ca PDL s\u0103 ia o astfel de decizie deocamdat\u0103.<\/span><\/span><\/p>\n<\/div>\n<p> Source URL: https:\/\/www.digi24.ro\/stiri\/actualitate\/politica\/cina-cu-presedintele-traian-basescu-a-petrecut-la-ciurila-in-compania-lui-emil-boc-a-elenei-udrea-si-a-alesilor-locali-pdl-197596<\/p>\n","protected":false},"excerpt":{"rendered":"<p>Pre\u015fedintele Traian B\u0103sescu \u015fi-a petrecut ultima sear\u0103 din vizita de la Cluj la un restaurant din comuna Ciurila, unde s-a \u00eent\u00e2lnit cu mai mul\u0163i primari \u015fi ale\u015fi locali democrat-liberali din jude\u0163. La \u00eent\u00e2lnire au mai participat Elena Udrea \u015fi primarul Emil Boc, proasp\u0103t \u00eenscris \u00een Funda\u0163ia Mi\u015fcarea Popular\u0103. \u00censo\u0163it de primarul Emil Boc, \u015feful statului [&hellip;]<\/p>\n","protected":false},"author":1,"featured_media":212972,"comment_status":"open","ping_status":"","sticky":false,"template":"","format":"standard","meta":{"footnotes":""},"categories":[2],"tags":[11],"class_list":["post-212971","post","type-post","status-publish","format-standard","has-post-thumbnail","hentry","category-politics","tag-digi24"],"_links":{"self":[{"href":"https:\/\/analyse.optim.biz\/index.php?rest_route=\/wp\/v2\/posts\/212971","targetHints":{"allow":["GET"]}}],"collection":[{"href":"https:\/\/analyse.optim.biz\/index.php?rest_route=\/wp\/v2\/posts"}],"about":[{"href":"https:\/\/analyse.optim.biz\/index.php?rest_route=\/wp\/v2\/types\/post"}],"author":[{"embeddable":true,"href":"https:\/\/analyse.optim.biz\/index.php?rest_route=\/wp\/v2\/users\/1"}],"replies":[{"embeddable":true,"href":"https:\/\/analyse.optim.biz\/index.php?rest_route=%2Fwp%2Fv2%2Fcomments&post=212971"}],"version-history":[{"count":0,"href":"https:\/\/analyse.optim.biz\/index.php?rest_route=\/wp\/v2\/posts\/212971\/revisions"}],"wp:featuredmedia":[{"embeddable":true,"href":"https:\/\/analyse.optim.biz\/index.php?rest_route=\/wp\/v2\/media\/212972"}],"wp:attachment":[{"href":"https:\/\/analyse.optim.biz\/index.php?rest_route=%2Fwp%2Fv2%2Fmedia&parent=212971"}],"wp:term":[{"taxonomy":"category","embeddable":true,"href":"https:\/\/analyse.optim.biz\/index.php?rest_route=%2Fwp%2Fv2%2Fcategories&post=212971"},{"taxonomy":"post_tag","embeddable":true,"href":"https:\/\/analyse.optim.biz\/index.php?rest_route=%2Fwp%2Fv2%2Ftags&post=212971"}],"curies":[{"name":"wp","href":"https:\/\/api.w.org\/{rel}","templated":true}]}}