{"id":2129684,"date":"2026-09-03T13:55:00","date_gmt":"2026-09-03T10:55:00","guid":{"rendered":"https:\/\/analyse.optim.biz\/?p=2129684"},"modified":"2026-09-03T13:55:00","modified_gmt":"2026-09-03T10:55:00","slug":"ministrul-apararii-din-estonia-si-a-anuntat-demisia-in-urma-unui-scandal-privind-achizitiile-militare-pentru-ucraina","status":"publish","type":"post","link":"https:\/\/analyse.optim.biz\/?p=2129684","title":{"rendered":"Ministrul Ap\u0103r\u0103rii din Estonia \u0219i-a anun\u021bat demisia \u00een urma unui scandal privind achizi\u021biile militare pentru Ucraina"},"content":{"rendered":"<p>[analyse_image type=&#8221;featured&#8221; src=&#8221;https:\/\/radiogoldfm.ro\/wp-content\/uploads\/2026\/09\/Hanno_Pevkur_030926-768&#215;512-1.jpghttps:\/\/radiogoldfm.ro\/wp-content\/uploads\/2026\/09\/Hanno_Pevkur_030926-768&#215;512-1.jpg&#8221;]<\/p>\n<div class=\"qt-the-content\">\n<p>Ministrul estonian al Ap\u0103r\u0103rii, Hanno Pevkur, \u0219i-a anun\u021bat demisia, pe fondul unei controverse legate de achizi\u021bia de muni\u021bie pentru Ucraina. Estonia ar fi pl\u0103tit \u00een avans 70 de milioane de euro unor companii din India despre care presa estonian\u0103 scrie c\u0103 nu mai furnizaser\u0103 anterior proiectile de artilerie.<\/p>\n<p>Pevkur a declarat c\u0103 \u00ee\u0219i asum\u0103 \u201eresponsabilitatea politic\u0103\u201d pentru neregulile semnalate de Curtea de Conturi \u00een sectorul ap\u0103r\u0103rii. \u00cen paralel, procurorii estonieni au deschis o anchet\u0103 penal\u0103 privind o serie de probleme constatate \u00een domeniul administrat de Ministerul Ap\u0103r\u0103rii.<\/p>\n<p>Pevkur, membru al Partidului Reformei, \u0219i-a anun\u021bat miercuri seara decizia \u00een cadrul emisiunii \u201eAktuaalne kaamera\u201d a postului public\u00a0<a href=\"https:\/\/www.err.ee\/1610126425\/kaitseminister-hanno-pevkur-astus-ametist-tagasi\">ERR<\/a>. Ministrul a declarat c\u0103 un lider trebuie s\u0103 aib\u0103 curajul s\u0103 \u00ee\u0219i asume responsabilitatea inclusiv atunci c\u00e2nd nu este vorba despre o vin\u0103 personal\u0103, dac\u0103 acest lucru serve\u0219te unui obiectiv mai important.<\/p>\n<blockquote class=\"wp-block-quote is-layout-flow wp-block-quote-is-layout-flow\">\n<p>\u201eSunt preg\u0103tit s\u0103 \u00eemi asum aceast\u0103 responsabilitate, mi-o asum, iar premierul trebuie s\u0103 g\u0103seasc\u0103 un nou ministru al Ap\u0103r\u0103rii\u201d, a declarat Pevkur.<\/p>\n<\/blockquote>\n<p>\u00centr-un mesaj publicat simultan pe re\u021belele sociale, acesta a precizat c\u0103, de\u0219i ministrul Ap\u0103r\u0103rii \u201enu num\u0103r\u0103 \u0219osete \u0219i cartu\u0219e \u0219i nu negociaz\u0103 contracte\u201d, observa\u021biile Cur\u021bii de Conturi privind activitatea For\u021belor de Ap\u0103rare \u0219i a RKIK ridic\u0103 problema responsabilit\u0103\u021bii politice.<\/p>\n<p>Pevkur a sus\u021binut, totodat\u0103, c\u0103 deciziile luate \u00een ultimii ani pentru consolidarea ap\u0103r\u0103rii \u021b\u0103rii au fost corecte \u0219i c\u0103 \u201eEstonia este mai bine protejat\u0103 ca niciodat\u0103\u201d.<\/p>\n<p>Demisia intervine dup\u0103 apari\u021bia unor informa\u021bii privind o achizi\u021bie de proiectile destinat\u0103 sprijinirii Ucrainei. Potrivit ERR, Estonia inten\u021biona s\u0103 cumpere muni\u021bie pentru Ucraina \u0219i a achitat \u00een total aproximativ 70 de milioane de euro \u00een avans unor companii din India, despre care s-a afirmat c\u0103 nu mai v\u00e2nduser\u0103 anterior niciun proiectil.<\/p>\n<p>Fostul director al Centrului Estonian pentru Investi\u021bii \u00een Ap\u0103rare, Magnus-Valdemar Saar, a declarat c\u0103 nicio decizie important\u0103 nu a fost luat\u0103 f\u0103r\u0103 aprobarea conducerii Ministerului Ap\u0103r\u0103rii \u0219i c\u0103 documentele privind contractele \u0219i tranzac\u021biile au fost transmise at\u00e2t ministrului, c\u00e2t \u0219i cancelarului ministerului, Kaimo Kuusk.<\/p>\n<p>Pevkur a recunoscut c\u0103 documentele i-au fost prezentate, \u00eens\u0103 a spus c\u0103 nu a citit contractele. \u00centrebat de ce nu le-a examinat, ministrul a argumentat c\u0103 asemenea detalii nu intr\u0103 \u00een atribu\u021biile directe ale \u0219efului Ministerului Ap\u0103r\u0103rii.<\/p>\n<blockquote class=\"wp-block-quote is-layout-flow wp-block-quote-is-layout-flow\">\n<p>\u201eMinistrul Ap\u0103r\u0103rii nu negociaz\u0103 contractele. Ministrul Ap\u0103r\u0103rii nu num\u0103r\u0103 \u0219osetele \u0219i cartu\u0219ele. Ministrul Ap\u0103r\u0103rii ia decizia de principiu de a sprijini Ucraina. Preg\u0103tirea negocierilor contractuale \u0219i identificarea partenerilor sunt responsabilitatea RKIK\u201d, a explicat Pevkur.<\/p>\n<\/blockquote>\n<p>El a afirmat separat c\u0103 muni\u021bia care a generat controverse nu este \u201einutil\u0103\u201d, ci de o calitate necorespunz\u0103toare.<\/p>\n<p>Scandalul a c\u0103p\u0103tat \u0219i o dimensiune penal\u0103. Procuratura estonian\u0103 a deschis mar\u021bi o anchet\u0103 privind activitatea din domeniul administrat de Ministerul Ap\u0103r\u0103rii, fiind analizate aspecte semnalate \u00een auditurile Cur\u021bii de Conturi din acest an \u0219i din anul precedent.<\/p>\n<p>P\u00e2n\u0103 \u00een prezent, nicio persoan\u0103 nu a fost pus\u0103 oficial sub acuzare sau declarat\u0103 suspect\u0103.<\/p>\n<p>O comisie special\u0103 a Parlamentului estonian a analizat miercuri problemele legate de contabilitatea \u0219i administrarea patrimoniului din sectorul ap\u0103r\u0103rii, dup\u0103 ce un raport consolidat al Cur\u021bii de Conturi a identificat mai multe nereguli.<\/p>\n<p>\u00cen urma dezv\u0103luirilor, reprezentan\u021bi ai mai multor partide, printre care Eesti 200, Partidul Social-Democrat \u0219i Isamaa, au cerut public plecarea lui Pevkur.<\/p>\n<p>Premierul Kristen Michal a declarat c\u0103 nu vede o vin\u0103 personal\u0103 a ministrului \u00een tranzac\u021biile controversate, dar a subliniat c\u0103 acest lucru nu exclude asumarea responsabilit\u0103\u021bii politice.<\/p>\n<p>Pevkur conduce Ministerul Ap\u0103r\u0103rii al Estoniei din 2022. Procedura de \u00eencetare a mandatului s\u0103u urmeaz\u0103 s\u0103 fie finalizat\u0103 conform mecanismelor constitu\u021bionale estoniene, iar p\u00e2n\u0103 atunci acesta \u00ee\u0219i va continua atribu\u021biile.<\/p>\n<p><em><strong>surs\u0103: <a href=\"https:\/\/ziua.md\/ministrul-apararii-din-estonia-si-a-anuntat-demisia-in-urma-unui-scandal-privind-achizitiile-militare-pentru-ucraina\/\">ziua.md<\/a><\/strong><\/em><\/p>\n<div class=\"tagcloud qt-spacer-m\"><span class=\"qt-title\">Tagged as <\/span><a href=\"https:\/\/radiogoldfm.ro\/tag\/achizitii\/\" rel=\"tag\">achizitii<\/a><a href=\"https:\/\/radiogoldfm.ro\/tag\/ajutoare\/\" rel=\"tag\">ajutoare<\/a><a href=\"https:\/\/radiogoldfm.ro\/tag\/estonia\/\" rel=\"tag\">estonia<\/a><a href=\"https:\/\/radiogoldfm.ro\/tag\/gold-fm\/\" rel=\"tag\">GOLD FM<\/a><a href=\"https:\/\/radiogoldfm.ro\/tag\/romania\/\" rel=\"tag\">romania<\/a><\/div>\n<div class=\"qt-post-author qt-card\">\n<div class=\"row\">\n<div class=\"qt-post-author-data col s10 m7 l7\">\n<h6>Profil<\/h6>\n<h4><a href=\"https:\/\/radiogoldfm.ro\/ministrul-apararii-din-estonia-si-a-anuntat-demisia-in-urma-unui-scandal-privind-achizitiile-militare-pentru-ucraina\/#author_page\">Gold FM Radio<\/a><\/h4>\n<\/div>\n<div class=\"qt-post-author-link col s12 m3 l4 \"><a href=\"https:\/\/radiogoldfm.ro\/author\/gold-fm\/\" class=\"qt-btn qt-btn-large qt-btn-primary aligncenter\">Arhiva postari<\/a><\/div>\n<\/div>\n<\/div>\n<\/div>\n<p>[analyse_source url=&#8221;https:\/\/radiogoldfm.ro\/ministrul-apararii-din-estonia-si-a-anuntat-demisia-in-urma-unui-scandal-privind-achizitiile-militare-pentru-ucraina\/&#8221;]<\/p>\n","protected":false},"excerpt":{"rendered":"<p>[analyse_image type=&#8221;featured&#8221; src=&#8221;https:\/\/radiogoldfm.ro\/wp-content\/uploads\/2026\/09\/Hanno_Pevkur_030926-768&#215;512-1.jpghttps:\/\/radiogoldfm.ro\/wp-content\/uploads\/2026\/09\/Hanno_Pevkur_030926-768&#215;512-1.jpg&#8221;] Ministrul estonian al Ap\u0103r\u0103rii, Hanno Pevkur, \u0219i-a anun\u021bat demisia, pe fondul unei controverse legate de achizi\u021bia de muni\u021bie pentru Ucraina. Estonia ar fi pl\u0103tit \u00een avans 70 de milioane de euro unor companii din India despre care presa estonian\u0103 scrie c\u0103 nu mai furnizaser\u0103 anterior proiectile de artilerie. Pevkur a declarat c\u0103 [&hellip;]<\/p>\n","protected":false},"author":1,"featured_media":0,"comment_status":"open","ping_status":"","sticky":false,"template":"","format":"standard","meta":{"footnotes":""},"categories":[89],"tags":[226,96],"class_list":["post-2129684","post","type-post","status-publish","format-standard","hentry","category-romania","tag-crawlmanager","tag-radiogoldfm-ro"],"_links":{"self":[{"href":"https:\/\/analyse.optim.biz\/index.php?rest_route=\/wp\/v2\/posts\/2129684","targetHints":{"allow":["GET"]}}],"collection":[{"href":"https:\/\/analyse.optim.biz\/index.php?rest_route=\/wp\/v2\/posts"}],"about":[{"href":"https:\/\/analyse.optim.biz\/index.php?rest_route=\/wp\/v2\/types\/post"}],"author":[{"embeddable":true,"href":"https:\/\/analyse.optim.biz\/index.php?rest_route=\/wp\/v2\/users\/1"}],"replies":[{"embeddable":true,"href":"https:\/\/analyse.optim.biz\/index.php?rest_route=%2Fwp%2Fv2%2Fcomments&post=2129684"}],"version-history":[{"count":0,"href":"https:\/\/analyse.optim.biz\/index.php?rest_route=\/wp\/v2\/posts\/2129684\/revisions"}],"wp:attachment":[{"href":"https:\/\/analyse.optim.biz\/index.php?rest_route=%2Fwp%2Fv2%2Fmedia&parent=2129684"}],"wp:term":[{"taxonomy":"category","embeddable":true,"href":"https:\/\/analyse.optim.biz\/index.php?rest_route=%2Fwp%2Fv2%2Fcategories&post=2129684"},{"taxonomy":"post_tag","embeddable":true,"href":"https:\/\/analyse.optim.biz\/index.php?rest_route=%2Fwp%2Fv2%2Ftags&post=2129684"}],"curies":[{"name":"wp","href":"https:\/\/api.w.org\/{rel}","templated":true}]}}