{"id":212943,"date":"2014-02-10T07:30:06","date_gmt":"2014-02-10T04:30:06","guid":{"rendered":"https:\/\/analyse.optim.biz\/?p=212943"},"modified":"2014-02-10T07:30:06","modified_gmt":"2014-02-10T04:30:06","slug":"psd-pc-si-unpr-impreuna-pentru-bruxelles-cele-trei-partide-vor-semna-un-protocol-pentru-europarlamentare","status":"publish","type":"post","link":"https:\/\/analyse.optim.biz\/?p=212943","title":{"rendered":"PSD, PC \u015fi UNPR, \u00eempreun\u0103 pentru Bruxelles. Cele trei partide vor semna un protocol pentru europarlamentare"},"content":{"rendered":"<div class=\"entry data-app-meta data-app-meta-article\" data-embed-base-url-canonical=\"https:\/\/www.digi24.ro\/embed\/stiri\/actualitate\/politica\/psd-pc-si-unpr-impreuna-pentru-bruxelles-cele-trei-partide-vor-semna-un-protocol-pentru-europarlamentare-197611\">\n<p data-index=\"1\">Potrivit pre\u015fedintelui PSD, Victor Ponta, actualul europarlamentar Corina Cre\u0163u va ocupa prima pozi\u0163ie pe lista PSD la alegerile europarlamentare din luna mai.<\/p>\n<p data-index=\"2\">C\u0103t\u0103lin Ivan, actualul \u015fef al delega\u0163iei PSD \u00een Parlamentul European, ministrul Comunica\u0163iilor, Dan Nica, dar \u015fi actualii europarlamentari Daciana S\u00e2rbu sau Ioan Mircea Pa\u015fcu sunt \u015fi ei pe lista pentru alegerile din prim\u0103var\u0103.\u00a0<\/p>\n<\/div>\n<p> Source URL: https:\/\/www.digi24.ro\/stiri\/actualitate\/politica\/psd-pc-si-unpr-impreuna-pentru-bruxelles-cele-trei-partide-vor-semna-un-protocol-pentru-europarlamentare-197611<\/p>\n","protected":false},"excerpt":{"rendered":"<p>Potrivit pre\u015fedintelui PSD, Victor Ponta, actualul europarlamentar Corina Cre\u0163u va ocupa prima pozi\u0163ie pe lista PSD la alegerile europarlamentare din luna mai. C\u0103t\u0103lin Ivan, actualul \u015fef al delega\u0163iei PSD \u00een Parlamentul European, ministrul Comunica\u0163iilor, Dan Nica, dar \u015fi actualii europarlamentari Daciana S\u00e2rbu sau Ioan Mircea Pa\u015fcu sunt \u015fi ei pe lista pentru alegerile din prim\u0103var\u0103.\u00a0 [&hellip;]<\/p>\n","protected":false},"author":1,"featured_media":212944,"comment_status":"open","ping_status":"","sticky":false,"template":"","format":"standard","meta":{"footnotes":""},"categories":[2],"tags":[11],"class_list":["post-212943","post","type-post","status-publish","format-standard","has-post-thumbnail","hentry","category-politics","tag-digi24"],"_links":{"self":[{"href":"https:\/\/analyse.optim.biz\/index.php?rest_route=\/wp\/v2\/posts\/212943","targetHints":{"allow":["GET"]}}],"collection":[{"href":"https:\/\/analyse.optim.biz\/index.php?rest_route=\/wp\/v2\/posts"}],"about":[{"href":"https:\/\/analyse.optim.biz\/index.php?rest_route=\/wp\/v2\/types\/post"}],"author":[{"embeddable":true,"href":"https:\/\/analyse.optim.biz\/index.php?rest_route=\/wp\/v2\/users\/1"}],"replies":[{"embeddable":true,"href":"https:\/\/analyse.optim.biz\/index.php?rest_route=%2Fwp%2Fv2%2Fcomments&post=212943"}],"version-history":[{"count":0,"href":"https:\/\/analyse.optim.biz\/index.php?rest_route=\/wp\/v2\/posts\/212943\/revisions"}],"wp:featuredmedia":[{"embeddable":true,"href":"https:\/\/analyse.optim.biz\/index.php?rest_route=\/wp\/v2\/media\/212944"}],"wp:attachment":[{"href":"https:\/\/analyse.optim.biz\/index.php?rest_route=%2Fwp%2Fv2%2Fmedia&parent=212943"}],"wp:term":[{"taxonomy":"category","embeddable":true,"href":"https:\/\/analyse.optim.biz\/index.php?rest_route=%2Fwp%2Fv2%2Fcategories&post=212943"},{"taxonomy":"post_tag","embeddable":true,"href":"https:\/\/analyse.optim.biz\/index.php?rest_route=%2Fwp%2Fv2%2Ftags&post=212943"}],"curies":[{"name":"wp","href":"https:\/\/api.w.org\/{rel}","templated":true}]}}