{"id":2129232,"date":"2026-09-03T17:10:59","date_gmt":"2026-09-03T14:10:59","guid":{"rendered":"https:\/\/analyse.optim.biz\/?p=2129232"},"modified":"2026-09-03T17:10:59","modified_gmt":"2026-09-03T14:10:59","slug":"din-7-septembrie-vedetele-digi-fm-se-intorc-la-microfon-intr-un-nou-sezon-de-newsic-radio","status":"publish","type":"post","link":"https:\/\/analyse.optim.biz\/?p=2129232","title":{"rendered":"Din 7 septembrie, vedetele DIGI FM se \u00eentorc la microfon \u00eentr-un nou sezon de NEWSIC Radio"},"content":{"rendered":"<p>[analyse_image type=&#8221;featured&#8221; src=&#8221;https:\/\/img.svnews.ro\/foto\/2026\/09\/03\/557785\/7319a82c6cf66ce9561283cde.jpg&#8221;]<\/p>\n<div class=\"entry\"><img loading=\"lazy\" decoding=\"async\" width=\"650\" height=\"325\" src=\"https:\/\/img.svnews.ro\/foto\/2026\/09\/03\/557785\/7319a82c6cf66ce9561283cde06500325.jpg\" alt><\/p>\n<div class=\"entry_content\">\n<p>La DIGI FM, toamna aceasta se num\u0103r\u0103 pove\u0219tile, \u0219tirile \u0219i glumele care dau startul unei alte runde de NEWSIC Radio. Din 7 septembrie, radioul privat cu cea mai extins\u0103 acoperire la nivel na\u021bional deschide cel de-al 11-lea capitol de emisii live, cu o selec\u021bie bogat\u0103 de programe ce aduc laolalt\u0103 nout\u0103\u021bile, muzica \u0219i entertainmentul, \u00een stilul deja consacrat: familiar, relevant \u0219i relaxat.<\/p>\n<p>Dup\u0103 o var\u0103 \u00een care vedetele sta\u021biei au fost mereu \u00een mi\u0219care, conectate la cele mai efervescente evenimente \u0219i festivaluri din \u021bar\u0103, sunt preg\u0103tite s\u0103 reintre pe frecven\u021b\u0103 cu perspective proaspete, energie molipsitoare \u0219i poft\u0103 de radio c\u00e2t cuprinde.<\/p>\n<p>\u201eFiecare dintre noi, jurnali\u0219tii Digi FM, am avut parte de vacan\u021b\u0103, dar \u0219tirile nu au fost deloc \u00een concediu. Toat\u0103 vara am relatat din jum\u0103tate \u00een jum\u0103tate de or\u0103 despre cele mai noi \u0219i mai relevante actualit\u0103\u021bi, criza politic\u0103, celebrul PNRR \u0219i nu numai. Toate subiectele momentului le-a\u021bi putut descoperi la Digi FM. \u0218i de data aceasta, vom fi cel pu\u021bin la fel de implica\u021bi. \u0218i cine \u0219tie, poate toamna e un sfetnic bun pentru decizii majore. Important e c\u0103 noi suntem prezen\u021bi \u0219i preg\u0103ti\u021bi s\u0103 v\u0103 inform\u0103m la fiecare 30 de minute, astfel \u00eenc\u00e2t s\u0103 fi\u021bi primii care afl\u0103 tot ce se \u00eent\u00e2mpl\u0103\u201d, a declarat Valentin Chisoceanu, Coordonator \u0218tirile Digi FM.<\/p>\n<p>De luni p\u00e2n\u0103 vineri, de la ora 07:00, dimine\u021bile revin acolo unde le st\u0103 cel mai bine, al\u0103turi de Oana Zamfir \u0219i Vlad Craioveanu, cu un matinal care combin\u0103 informa\u021bia, opiniile, umorul \u0219i conversa\u021biile cu invita\u021bi ce nu duc lips\u0103 de idei. La microfon \u00ee\u0219i reiau locurile \u0219i partenerii de dialog ai emisiunii: Florin Negru\u021biu cu al s\u0103u filtru critic, care supune aten\u021biei disec\u021bia rece a agendei publice, \u0219i Theodor Paleologu care completeaz\u0103 mixul cu lec\u021bia zilnic\u0103 de diploma\u021bie \u0219i istorie.<\/p>\n<p>\u00cenainte de primul LIVE al sezonului, cei doi protagoni\u0219ti au fost \u00eentreba\u021bi ce au preg\u0103tit pentru ascult\u0103tori, iar mesajele lor au sunat cam a\u0219a: \u201eCraioveanu sunt\u2026 \u00eenc\u0103 \u00een concediu. Am ni\u0219te lucruri s\u0103 v\u0103 comunic, foarte multe de fapt. Din p\u0103cate, mi-am dat seama c\u0103 nu pot fi transmise pe mail. A\u0219a c\u0103 v\u0103 dau \u00eent\u00e2lnire luni diminea\u021b\u0103, de la 07:00, la Digi FM!\u201d. \u00cen tandem, Oana Zamfir a ad\u0103ugat: \u201eA fost o var\u0103 \u00een care ne-am cunoscut mai bine. Fie c\u0103 ne-am g\u0103sit la festivaluri, unde am schimbat impresii \u0219i am f\u0103cut selfie-uri, fie c\u0103 ne-am intersectat la aeroport, \u00een drum spre vacan\u021b\u0103, la o trecere de pietoni din Bucure\u0219ti sau chiar la supermarket, am interac\u021bionat cu o parte dintre voi, cei care ne primi\u021bi mereu \u00een rutina de \u00eenviorare. Am luat cu mine nu doar emo\u021biile \u0219i m\u0103rturiile voastre, ci \u0219i g\u00e2ndul c\u0103 sunte\u021bi ner\u0103bd\u0103tori s\u0103 ne asculta\u021bi \u00een difuzoare \u00een drum spre birou sau de acas\u0103. A\u0219a c\u0103, de luni, 7 septembrie, ora 07:00, suntem \u00eenapoi, cu dor \u0219i chef de munc\u0103, a\u0219a cum am promis!\u201d<\/p>\n<p>Segmentul 10:00 \u2013 13:00 este rezervat de Alex Vidia care preia \u0219tafeta bunei dispozi\u021bii \u0219i aduce ingredientele pentru cea mai bun\u0103 re\u021bet\u0103 anti-oboseal\u0103: glumele care-\u021bi fac ziua mai u\u0219oar\u0103 \u0219i playlistul genera\u021biei tale, cu volumul la maxim. Spre pr\u00e2nz, Florin Negru\u021biu, Ion M. Ioni\u021b\u0103 \u0219i Andreea Georgescu pun reflectorul pe esen\u021bial \u00een \u201eAudien\u021ba Na\u021bional\u0103\u201d: dincolo de titluri \u0219i breaking news-uri, lucrurile care se \u00eent\u00e2mpl\u0103 \u00een jurul nostru sunt puse \u00een context \u0219i dezb\u0103tute cu argumente pe \u00een\u021belesul tuturor. Dup\u0103-amiaz\u0103 traiectoria se schimb\u0103 spre o doz\u0103 tripl\u0103 de divertisment. De la 14:00, intr\u0103 \u00een scen\u0103 Alex Mocanu \u0219i Antonia Stancu, dou\u0103 voci care se armonizeaz\u0103 perfect \u00een reac\u021bii spontane \u0219i optimism contagios, al\u0103turi de invitatul lor special, Bogdan Ciuclaru, pe tempo-ul unei selec\u021bii muzicale croite pentru a-\u021bi restarta tonusul.<\/p>\n<p>\u00cen continuare, ora 17:00 anun\u021b\u0103 un program cu mare trac\u021biune la public. Lucian M\u00eendru\u021b\u0103 deschide liniile telefonice \u00een tronsonul s\u0103u. La cap\u0103tul cel\u0103lalt al firului se afl\u0103 \u00eentotdeauna chiar ascult\u0103torii postului, pe care Lucian \u00eei \u00eenvit\u0103 la discu\u021bii aprinse. \u201eDou\u0103 luni f\u0103r\u0103 o ceart\u0103? Am energia mai sc\u0103zut\u0103 dec\u00e2t apele Dun\u0103rii. \u0218i cred c\u0103 \u0219i voi. A\u0219a c\u0103 v\u0103 a\u0219tept la emisiunea de ridicat tensiunea, de la 17:00 la 19:00. Hai, c\u0103 ne prinde toamna f\u0103r\u0103 recolt\u0103 de certitudini \u00een hambare!\u201d, a spus acesta, \u00een maniera sa inconfundabil\u0103.<\/p>\n<p>Iar pentru cei care nu vor s\u0103 rateze nimic, Cetin Ra\u0219it vine cu seria de pastile \u201eCa s\u0103 \u0219tii de la Cetin\u201d, disponibil\u0103 \u0219i online, pe site-ul <a href=\"https:\/\/www.digifm.ro\/\">digifm.ro<\/a>, dar \u0219i \u00een aplica\u021bia <a href=\"https:\/\/play.google.com\/store\/apps\/details?id=ro.rcsrds.digifm.digiFm&amp;hl=ro\">Digi FM<\/a>, pe care o pute\u021bi desc\u0103rca din App Store \u0219i Google Play.<\/p>\n<p>Seara, dup\u0103 ora 19:00, Marius Dobre \u00eencetine\u0219te ritmul ora\u0219ului pe un fundal sonor relaxant, iar sf\u00e2r\u0219itul de s\u0103pt\u0103m\u00e2n\u0103 sose\u0219te, la r\u00e2ndul lui, cu vocile care \u00eentregesc universul Digi FM \u0219i seteaz\u0103 tonul pe modul de weekend: Nono Semen, Dan T, Gabriel C\u00eendea \u0219i Alice Tudor.<\/p>\n<p>NEWSIC Radio este, de fapt, ceea ce face Digi FM diferit: nu doar o simpl\u0103 gril\u0103 editorial\u0103, ci o colec\u021bie de oameni pe care \u00eei recuno\u0219ti din primele secunde. Realizatori cu personalitate. Formate cu semn\u0103tur\u0103 proprie. Registre variate care se \u00eempletesc pe aceea\u0219i frecven\u021b\u0103 \u0219i creeaz\u0103 un radio unic \u00een felul s\u0103u.<\/p>\n<\/div>\n<div>\n<div>VN:F [1.9.22_1171]<\/div>\n<div class=\"ratingblock \">\n<div class=\"ratingstars \">\n<div id=\"article_loader_557785\" class=\"ratingloaderarticle\">\n<div class=\"loader arrows \">\n<div class=\"loaderinner\">se actualizeaz\u0103&#8230;<\/div>\n<\/div>\n<\/div>\n<\/div>\n<div class=\"ratingtext \">\n<div id=\"gdr_text_a557785\">Rating: 0.0\/<strong>10<\/strong> (0 votes cast)<\/div>\n<\/div>\n<\/div>\n<\/div>\n<\/div>\n<div class=\"entry_content\">\n<p>La DIGI FM, toamna aceasta se num\u0103r\u0103 pove\u0219tile, \u0219tirile \u0219i glumele care dau startul unei alte runde de NEWSIC Radio. Din 7 septembrie, radioul privat cu cea mai extins\u0103 acoperire la nivel na\u021bional deschide cel de-al 11-lea capitol de emisii live, cu o selec\u021bie bogat\u0103 de programe ce aduc laolalt\u0103 nout\u0103\u021bile, muzica \u0219i entertainmentul, \u00een stilul deja consacrat: familiar, relevant \u0219i relaxat.<\/p>\n<p>Dup\u0103 o var\u0103 \u00een care vedetele sta\u021biei au fost mereu \u00een mi\u0219care, conectate la cele mai efervescente evenimente \u0219i festivaluri din \u021bar\u0103, sunt preg\u0103tite s\u0103 reintre pe frecven\u021b\u0103 cu perspective proaspete, energie molipsitoare \u0219i poft\u0103 de radio c\u00e2t cuprinde.<\/p>\n<p>\u201eFiecare dintre noi, jurnali\u0219tii Digi FM, am avut parte de vacan\u021b\u0103, dar \u0219tirile nu au fost deloc \u00een concediu. Toat\u0103 vara am relatat din jum\u0103tate \u00een jum\u0103tate de or\u0103 despre cele mai noi \u0219i mai relevante actualit\u0103\u021bi, criza politic\u0103, celebrul PNRR \u0219i nu numai. Toate subiectele momentului le-a\u021bi putut descoperi la Digi FM. \u0218i de data aceasta, vom fi cel pu\u021bin la fel de implica\u021bi. \u0218i cine \u0219tie, poate toamna e un sfetnic bun pentru decizii majore. Important e c\u0103 noi suntem prezen\u021bi \u0219i preg\u0103ti\u021bi s\u0103 v\u0103 inform\u0103m la fiecare 30 de minute, astfel \u00eenc\u00e2t s\u0103 fi\u021bi primii care afl\u0103 tot ce se \u00eent\u00e2mpl\u0103\u201d, a declarat Valentin Chisoceanu, Coordonator \u0218tirile Digi FM.<\/p>\n<p>De luni p\u00e2n\u0103 vineri, de la ora 07:00, dimine\u021bile revin acolo unde le st\u0103 cel mai bine, al\u0103turi de Oana Zamfir \u0219i Vlad Craioveanu, cu un matinal care combin\u0103 informa\u021bia, opiniile, umorul \u0219i conversa\u021biile cu invita\u021bi ce nu duc lips\u0103 de idei. La microfon \u00ee\u0219i reiau locurile \u0219i partenerii de dialog ai emisiunii: Florin Negru\u021biu cu al s\u0103u filtru critic, care supune aten\u021biei disec\u021bia rece a agendei publice, \u0219i Theodor Paleologu care completeaz\u0103 mixul cu lec\u021bia zilnic\u0103 de diploma\u021bie \u0219i istorie.<\/p>\n<p>\u00cenainte de primul LIVE al sezonului, cei doi protagoni\u0219ti au fost \u00eentreba\u021bi ce au preg\u0103tit pentru ascult\u0103tori, iar mesajele lor au sunat cam a\u0219a: \u201eCraioveanu sunt\u2026 \u00eenc\u0103 \u00een concediu. Am ni\u0219te lucruri s\u0103 v\u0103 comunic, foarte multe de fapt. Din p\u0103cate, mi-am dat seama c\u0103 nu pot fi transmise pe mail. A\u0219a c\u0103 v\u0103 dau \u00eent\u00e2lnire luni diminea\u021b\u0103, de la 07:00, la Digi FM!\u201d. \u00cen tandem, Oana Zamfir a ad\u0103ugat: \u201eA fost o var\u0103 \u00een care ne-am cunoscut mai bine. Fie c\u0103 ne-am g\u0103sit la festivaluri, unde am schimbat impresii \u0219i am f\u0103cut selfie-uri, fie c\u0103 ne-am intersectat la aeroport, \u00een drum spre vacan\u021b\u0103, la o trecere de pietoni din Bucure\u0219ti sau chiar la supermarket, am interac\u021bionat cu o parte dintre voi, cei care ne primi\u021bi mereu \u00een rutina de \u00eenviorare. Am luat cu mine nu doar emo\u021biile \u0219i m\u0103rturiile voastre, ci \u0219i g\u00e2ndul c\u0103 sunte\u021bi ner\u0103bd\u0103tori s\u0103 ne asculta\u021bi \u00een difuzoare \u00een drum spre birou sau de acas\u0103. A\u0219a c\u0103, de luni, 7 septembrie, ora 07:00, suntem \u00eenapoi, cu dor \u0219i chef de munc\u0103, a\u0219a cum am promis!\u201d<\/p>\n<p>Segmentul 10:00 \u2013 13:00 este rezervat de Alex Vidia care preia \u0219tafeta bunei dispozi\u021bii \u0219i aduce ingredientele pentru cea mai bun\u0103 re\u021bet\u0103 anti-oboseal\u0103: glumele care-\u021bi fac ziua mai u\u0219oar\u0103 \u0219i playlistul genera\u021biei tale, cu volumul la maxim. Spre pr\u00e2nz, Florin Negru\u021biu, Ion M. Ioni\u021b\u0103 \u0219i Andreea Georgescu pun reflectorul pe esen\u021bial \u00een \u201eAudien\u021ba Na\u021bional\u0103\u201d: dincolo de titluri \u0219i breaking news-uri, lucrurile care se \u00eent\u00e2mpl\u0103 \u00een jurul nostru sunt puse \u00een context \u0219i dezb\u0103tute cu argumente pe \u00een\u021belesul tuturor. Dup\u0103-amiaz\u0103 traiectoria se schimb\u0103 spre o doz\u0103 tripl\u0103 de divertisment. De la 14:00, intr\u0103 \u00een scen\u0103 Alex Mocanu \u0219i Antonia Stancu, dou\u0103 voci care se armonizeaz\u0103 perfect \u00een reac\u021bii spontane \u0219i optimism contagios, al\u0103turi de invitatul lor special, Bogdan Ciuclaru, pe tempo-ul unei selec\u021bii muzicale croite pentru a-\u021bi restarta tonusul.<\/p>\n<p>\u00cen continuare, ora 17:00 anun\u021b\u0103 un program cu mare trac\u021biune la public. Lucian M\u00eendru\u021b\u0103 deschide liniile telefonice \u00een tronsonul s\u0103u. La cap\u0103tul cel\u0103lalt al firului se afl\u0103 \u00eentotdeauna chiar ascult\u0103torii postului, pe care Lucian \u00eei \u00eenvit\u0103 la discu\u021bii aprinse. \u201eDou\u0103 luni f\u0103r\u0103 o ceart\u0103? Am energia mai sc\u0103zut\u0103 dec\u00e2t apele Dun\u0103rii. \u0218i cred c\u0103 \u0219i voi. A\u0219a c\u0103 v\u0103 a\u0219tept la emisiunea de ridicat tensiunea, de la 17:00 la 19:00. Hai, c\u0103 ne prinde toamna f\u0103r\u0103 recolt\u0103 de certitudini \u00een hambare!\u201d, a spus acesta, \u00een maniera sa inconfundabil\u0103.<\/p>\n<p>Iar pentru cei care nu vor s\u0103 rateze nimic, Cetin Ra\u0219it vine cu seria de pastile \u201eCa s\u0103 \u0219tii de la Cetin\u201d, disponibil\u0103 \u0219i online, pe site-ul <a href=\"https:\/\/www.digifm.ro\/\">digifm.ro<\/a>, dar \u0219i \u00een aplica\u021bia <a href=\"https:\/\/play.google.com\/store\/apps\/details?id=ro.rcsrds.digifm.digiFm&amp;hl=ro\">Digi FM<\/a>, pe care o pute\u021bi desc\u0103rca din App Store \u0219i Google Play.<\/p>\n<p>Seara, dup\u0103 ora 19:00, Marius Dobre \u00eencetine\u0219te ritmul ora\u0219ului pe un fundal sonor relaxant, iar sf\u00e2r\u0219itul de s\u0103pt\u0103m\u00e2n\u0103 sose\u0219te, la r\u00e2ndul lui, cu vocile care \u00eentregesc universul Digi FM \u0219i seteaz\u0103 tonul pe modul de weekend: Nono Semen, Dan T, Gabriel C\u00eendea \u0219i Alice Tudor.<\/p>\n<p>NEWSIC Radio este, de fapt, ceea ce face Digi FM diferit: nu doar o simpl\u0103 gril\u0103 editorial\u0103, ci o colec\u021bie de oameni pe care \u00eei recuno\u0219ti din primele secunde. Realizatori cu personalitate. Formate cu semn\u0103tur\u0103 proprie. Registre variate care se \u00eempletesc pe aceea\u0219i frecven\u021b\u0103 \u0219i creeaz\u0103 un radio unic \u00een felul s\u0103u.<\/p>\n<\/div>\n<p>[analyse_source url=&#8221;https:\/\/www.svnews.ro\/din-7-septembrie-vedetele-digi-fm-se-intorc-la-microfon-intr-un-nou-sezon-de-newsic-radio\/557785\/&#8221;]<\/p>\n","protected":false},"excerpt":{"rendered":"<p>[analyse_image type=&#8221;featured&#8221; src=&#8221;https:\/\/img.svnews.ro\/foto\/2026\/09\/03\/557785\/7319a82c6cf66ce9561283cde.jpg&#8221;] La DIGI FM, toamna aceasta se num\u0103r\u0103 pove\u0219tile, \u0219tirile \u0219i glumele care dau startul unei alte runde de NEWSIC Radio. Din 7 septembrie, radioul privat cu cea mai extins\u0103 acoperire la nivel na\u021bional deschide cel de-al 11-lea capitol de emisii live, cu o selec\u021bie bogat\u0103 de programe ce aduc laolalt\u0103 nout\u0103\u021bile, muzica [&hellip;]<\/p>\n","protected":false},"author":1,"featured_media":0,"comment_status":"open","ping_status":"","sticky":false,"template":"","format":"standard","meta":{"footnotes":""},"categories":[89],"tags":[226,175],"class_list":["post-2129232","post","type-post","status-publish","format-standard","hentry","category-romania","tag-crawlmanager","tag-svnews-ro"],"_links":{"self":[{"href":"https:\/\/analyse.optim.biz\/index.php?rest_route=\/wp\/v2\/posts\/2129232","targetHints":{"allow":["GET"]}}],"collection":[{"href":"https:\/\/analyse.optim.biz\/index.php?rest_route=\/wp\/v2\/posts"}],"about":[{"href":"https:\/\/analyse.optim.biz\/index.php?rest_route=\/wp\/v2\/types\/post"}],"author":[{"embeddable":true,"href":"https:\/\/analyse.optim.biz\/index.php?rest_route=\/wp\/v2\/users\/1"}],"replies":[{"embeddable":true,"href":"https:\/\/analyse.optim.biz\/index.php?rest_route=%2Fwp%2Fv2%2Fcomments&post=2129232"}],"version-history":[{"count":0,"href":"https:\/\/analyse.optim.biz\/index.php?rest_route=\/wp\/v2\/posts\/2129232\/revisions"}],"wp:attachment":[{"href":"https:\/\/analyse.optim.biz\/index.php?rest_route=%2Fwp%2Fv2%2Fmedia&parent=2129232"}],"wp:term":[{"taxonomy":"category","embeddable":true,"href":"https:\/\/analyse.optim.biz\/index.php?rest_route=%2Fwp%2Fv2%2Fcategories&post=2129232"},{"taxonomy":"post_tag","embeddable":true,"href":"https:\/\/analyse.optim.biz\/index.php?rest_route=%2Fwp%2Fv2%2Ftags&post=2129232"}],"curies":[{"name":"wp","href":"https:\/\/api.w.org\/{rel}","templated":true}]}}