{"id":2129230,"date":"2026-09-03T15:04:24","date_gmt":"2026-09-03T12:04:24","guid":{"rendered":"https:\/\/analyse.optim.biz\/?p=2129230"},"modified":"2026-09-03T15:04:24","modified_gmt":"2026-09-03T12:04:24","slug":"incepe-caravana-filmului-3-zile-in-septembrie-peste-20-de-proiectii-speciale-cu-echipa-si-regizorul-tudor-giurgiu-in-toata-tara","status":"publish","type":"post","link":"https:\/\/analyse.optim.biz\/?p=2129230","title":{"rendered":"\u00cencepe caravana filmului \u201e3 zile \u00een septembrie\u201d. Peste 20 de proiec\u021bii speciale cu echipa \u0219i regizorul Tudor Giurgiu \u00een toat\u0103 \u021bara"},"content":{"rendered":"<p>[analyse_image type=&#8221;featured&#8221; src=&#8221;https:\/\/img.svnews.ro\/foto\/2026\/09\/03\/557747\/2a158de40f55b0ab9022c301d.jpg&#8221;]<\/p>\n<div class=\"entry\"><img loading=\"lazy\" decoding=\"async\" width=\"650\" height=\"325\" src=\"https:\/\/img.svnews.ro\/foto\/2026\/09\/03\/557747\/2a158de40f55b0ab9022c301d06500325.jpg\" alt><\/p>\n<div class=\"entry_content\">\n<p>Filmul \u201e<a href=\"https:\/\/www.youtube.com\/watch?v=yL5rQW0oH8c\">3 zile \u00een septembrie<\/a>\u201d, cel mai nou lungmetraj regizat de Tudor Giurgiu, porne\u0219te \u00eentr-un amplu turneu na\u021bional. \u00cen septembrie \u0219i octombrie, echipa ajunge \u00een cinematografe din 19 ora\u0219e din \u021bar\u0103, \u00een cadrul unor proiec\u021bii speciale la care publicul \u00eei va putea \u00eent\u00e2lni pe regizor, actori \u0219i membri ai echipei.<\/p>\n<p>La proiec\u021bii vor participa, \u00een diferite formule, regizorul Tudor Giurgiu, actorii Andreea Vasile, Emilian Oprea, Conrad Mericoffer, Mirela Ze\u021ba, Emilia Popescu \u0219i Adela Popescu, scenaristul Radu Grigore, directorul de imagine Alexandru Doroban\u021bu, al\u0103turi de al\u021bi membri ai echipei. La finalul proiec\u021biilor, ace\u0219tia vor povesti despre aventura realiz\u0103rii filmului \u0219i despre provocarea film\u0103rii cadrului-secven\u021b\u0103 de 65 de minute, \u00een care camera urm\u0103re\u0219te ac\u021biunea continuu.<\/p>\n<p>\u201e3 zile \u00een septembrie\u201d este o comedie neagr\u0103 despre o nunt\u0103 care nu mai ajunge la altar \u0219i o mireas\u0103 care, dup\u0103 apari\u021bia nea\u0219teptat\u0103 a amantei mirelui, porne\u0219te \u00eentr-o aventur\u0103 imprevizibil\u0103 pe litoral. Produc\u021bia a fost filmat\u0103 \u00een \u0219apte zile, \u00eentr-o tab\u0103r\u0103 de crea\u021bie care a transformat sta\u021biunea Eforie Sud \u00een platou de filmare \u0219i a reunit o echip\u0103 de peste 70 de profesioni\u0219ti din cinema.<\/p>\n<p>Biletele pentru proiec\u021biile speciale sunt disponibile pe site-ul <a href=\"https:\/\/transilvaniafilm.ro\/3-zile-in-septembrie-proiectii-speciale\/\">TransilvaniaFilm.ro<\/a>.<\/p>\n<p><img loading=\"lazy\" decoding=\"async\" class=\"alignnone size-medium wp-image-557750\" src=\"https:\/\/img.svnews.ro\/foto\/2026\/09\/03\/557747\/eb8c1c1908a1c1db63dd2280d06500366.jpg\" alt width=\"650\" height=\"366\"><\/p>\n<p><strong>PROGRAMUL CARAVANEI \u201e3 ZILE \u00ceN SEPTEMBRIE\u201d<\/strong><\/p>\n<ul>\n<li><strong>Joi<\/strong><strong> 10 septembrie<\/strong><br \/> CRAIOVA \u2013 19:30, Cinema Inspire Electroputere | 20:30, Cineplexx Promenada Mall<\/li>\n<li><strong>Vineri 11 septembrie<\/strong><br \/> SIBIU \u2013 19:30, Cinema City Promenada Mall<\/li>\n<li><strong>S\u00e2mb\u0103t\u0103 12 septembrie<\/strong><br \/> R\u00c2MNICU V\u00c2LCEA \u2013 19:30, Cinema City Shopping City<\/li>\n<li><strong>Duminic\u0103<\/strong><strong> 13 septembrie<\/strong><br \/> PITE\u0218TI \u2013 18:00, Cinema City Vivo!<\/li>\n<li><strong>Mar\u021bi 15 septembrie<\/strong><br \/> BUCURE\u0218TI \u2013 20:00, Cinema City Mega Mall<\/li>\n<li><strong>Miercuri 16 septembrie<\/strong><br \/> CONSTAN\u021aA \u2013 18:30, Centrul Cultural Jean Constantin | 20:00, Cinema City City Park<\/li>\n<li><strong>Joi 17 septembrie<\/strong><br \/> TIMI\u0218OARA \u2013 20:30, Cinema City Iulius<\/li>\n<li><strong>Vineri 18 septembrie<\/strong><br \/> CLUJ \u2013 19:00, Cinema Florin Piersic | 20:00, Cinema City Vivo! | 21:00, Cinema City Iulius<\/li>\n<li><strong>S\u00e2mb\u0103t\u0103 19 septembrie<\/strong><br \/> IA\u0218I \u2013 19:45, Amfiteatrul Palas | 20:15, Cinema Ateneu | 20:45, Cinema City Iulius Mall<\/li>\n<li><strong>Duminic\u0103 20 septembrie<\/strong><br \/> BRA\u0218OV \u2013 19:00, Cinema City AFI | 20:00, Cinema One Coresi<\/li>\n<li><strong>Joi<\/strong><strong> 24 septembrie<\/strong><br \/> PLOIE\u0218TI \u2013 19:00, Cinema City Shopping City<\/li>\n<li><strong>Vineri 25 septembrie<\/strong><br \/> ORADEA \u2013 19:00, Cinema Palace Lotus<\/li>\n<li><strong>Proiec\u021bii \u00een luna octombrie \u2013 detalii \u00een cur\u00e2nd:<\/strong><br \/> BR\u0102ILA \u2022 GALA\u021aI \u2022 TG. MURE\u0218 \u2022 SF. GHEORGHE \u2022 MIERCUREA CIUC \u2022 SIGHETU MARMA\u021aIEI \u2022 BAIA MARE<\/li>\n<\/ul>\n<p><img loading=\"lazy\" decoding=\"async\" class=\"alignnone size-medium wp-image-557752\" src=\"https:\/\/img.svnews.ro\/foto\/2026\/09\/03\/557747\/898c542d058e4fa143a5dee6606500910.jpg\" alt width=\"650\" height=\"910\"><\/p>\n<p>\u00a0<\/p>\n<p><strong><em>\u201e3 zile \u00een septembrie<\/em><\/strong>\u201d este o produc\u021bie independent\u0103, realizat\u0103 \u00een coproduc\u021bie de<strong> Point Film<\/strong>,<\/p>\n<p><strong>StaySharp Film, Arome22 Creative Retreat, Libra Films <\/strong>\u0219i<strong> WaveCulture HUB.<\/strong><\/p>\n<p>Parteneri ai proiectului:<\/p>\n<p><strong>BCR, Vodafone, Dedeman, Raiffeisen Bank, Superbet, Henkel, Regina Maria, Aqua Carpatica, Jidvei, Iulius Group, Apa Nova Bucure\u0219ti \u2013 o companie Veolia<\/strong><\/p>\n<p><strong>Prim\u0103ria Eforie Sud, Uniunea Produc\u0103torilor de Film \u0219i Audiovizual (UPFAR)<\/strong><\/p>\n<p>Parteneri media:<\/p>\n<p><a href=\"https:\/\/www.kissfm.ro\/\">Kiss FM<\/a>; <a href=\"https:\/\/www.libertatea.ro\/\">Libertatea<\/a>; <a href=\"https:\/\/www.revistabiz.ro\/\">Biz<\/a>; <a href=\"https:\/\/www.instagram.com\/genstiri\/?hl=en\"><u>Gen, \u0218tiri<\/u><\/a>; <a href=\"http:\/\/happ.ro\">Happ.ro<\/a><\/p>\n<p>\u00a0<\/p>\n<p>Partener de monitorizare:<\/p>\n<p><a href=\"https:\/\/www.mediatrust.ro\/english\/\">mediaTRUST <\/a><\/p>\n<\/div>\n<div>\n<div>VN:F [1.9.22_1171]<\/div>\n<div class=\"ratingblock \">\n<div class=\"ratingstars \">\n<div id=\"article_loader_557747\" class=\"ratingloaderarticle\">\n<div class=\"loader arrows \">\n<div class=\"loaderinner\">se actualizeaz\u0103&#8230;<\/div>\n<\/div>\n<\/div>\n<\/div>\n<div class=\"ratingtext \">\n<div id=\"gdr_text_a557747\">Rating: 0.0\/<strong>10<\/strong> (0 votes cast)<\/div>\n<\/div>\n<\/div>\n<\/div>\n<\/div>\n<div class=\"entry_content\">\n<p>Filmul \u201e<a href=\"https:\/\/www.youtube.com\/watch?v=yL5rQW0oH8c\">3 zile \u00een septembrie<\/a>\u201d, cel mai nou lungmetraj regizat de Tudor Giurgiu, porne\u0219te \u00eentr-un amplu turneu na\u021bional. \u00cen septembrie \u0219i octombrie, echipa ajunge \u00een cinematografe din 19 ora\u0219e din \u021bar\u0103, \u00een cadrul unor proiec\u021bii speciale la care publicul \u00eei va putea \u00eent\u00e2lni pe regizor, actori \u0219i membri ai echipei.<\/p>\n<p>La proiec\u021bii vor participa, \u00een diferite formule, regizorul Tudor Giurgiu, actorii Andreea Vasile, Emilian Oprea, Conrad Mericoffer, Mirela Ze\u021ba, Emilia Popescu \u0219i Adela Popescu, scenaristul Radu Grigore, directorul de imagine Alexandru Doroban\u021bu, al\u0103turi de al\u021bi membri ai echipei. La finalul proiec\u021biilor, ace\u0219tia vor povesti despre aventura realiz\u0103rii filmului \u0219i despre provocarea film\u0103rii cadrului-secven\u021b\u0103 de 65 de minute, \u00een care camera urm\u0103re\u0219te ac\u021biunea continuu.<\/p>\n<p>\u201e3 zile \u00een septembrie\u201d este o comedie neagr\u0103 despre o nunt\u0103 care nu mai ajunge la altar \u0219i o mireas\u0103 care, dup\u0103 apari\u021bia nea\u0219teptat\u0103 a amantei mirelui, porne\u0219te \u00eentr-o aventur\u0103 imprevizibil\u0103 pe litoral. Produc\u021bia a fost filmat\u0103 \u00een \u0219apte zile, \u00eentr-o tab\u0103r\u0103 de crea\u021bie care a transformat sta\u021biunea Eforie Sud \u00een platou de filmare \u0219i a reunit o echip\u0103 de peste 70 de profesioni\u0219ti din cinema.<\/p>\n<p>Biletele pentru proiec\u021biile speciale sunt disponibile pe site-ul <a href=\"https:\/\/transilvaniafilm.ro\/3-zile-in-septembrie-proiectii-speciale\/\">TransilvaniaFilm.ro<\/a>.<\/p>\n<p><img loading=\"lazy\" decoding=\"async\" class=\"alignnone size-medium wp-image-557750\" src=\"https:\/\/img.svnews.ro\/foto\/2026\/09\/03\/557747\/eb8c1c1908a1c1db63dd2280d06500366.jpg\" alt width=\"650\" height=\"366\"><\/p>\n<p><strong>PROGRAMUL CARAVANEI \u201e3 ZILE \u00ceN SEPTEMBRIE\u201d<\/strong><\/p>\n<ul>\n<li><strong>Joi<\/strong><strong> 10 septembrie<\/strong><br \/> CRAIOVA \u2013 19:30, Cinema Inspire Electroputere | 20:30, Cineplexx Promenada Mall<\/li>\n<li><strong>Vineri 11 septembrie<\/strong><br \/> SIBIU \u2013 19:30, Cinema City Promenada Mall<\/li>\n<li><strong>S\u00e2mb\u0103t\u0103 12 septembrie<\/strong><br \/> R\u00c2MNICU V\u00c2LCEA \u2013 19:30, Cinema City Shopping City<\/li>\n<li><strong>Duminic\u0103<\/strong><strong> 13 septembrie<\/strong><br \/> PITE\u0218TI \u2013 18:00, Cinema City Vivo!<\/li>\n<li><strong>Mar\u021bi 15 septembrie<\/strong><br \/> BUCURE\u0218TI \u2013 20:00, Cinema City Mega Mall<\/li>\n<li><strong>Miercuri 16 septembrie<\/strong><br \/> CONSTAN\u021aA \u2013 18:30, Centrul Cultural Jean Constantin | 20:00, Cinema City City Park<\/li>\n<li><strong>Joi 17 septembrie<\/strong><br \/> TIMI\u0218OARA \u2013 20:30, Cinema City Iulius<\/li>\n<li><strong>Vineri 18 septembrie<\/strong><br \/> CLUJ \u2013 19:00, Cinema Florin Piersic | 20:00, Cinema City Vivo! | 21:00, Cinema City Iulius<\/li>\n<li><strong>S\u00e2mb\u0103t\u0103 19 septembrie<\/strong><br \/> IA\u0218I \u2013 19:45, Amfiteatrul Palas | 20:15, Cinema Ateneu | 20:45, Cinema City Iulius Mall<\/li>\n<li><strong>Duminic\u0103 20 septembrie<\/strong><br \/> BRA\u0218OV \u2013 19:00, Cinema City AFI | 20:00, Cinema One Coresi<\/li>\n<li><strong>Joi<\/strong><strong> 24 septembrie<\/strong><br \/> PLOIE\u0218TI \u2013 19:00, Cinema City Shopping City<\/li>\n<li><strong>Vineri 25 septembrie<\/strong><br \/> ORADEA \u2013 19:00, Cinema Palace Lotus<\/li>\n<li><strong>Proiec\u021bii \u00een luna octombrie \u2013 detalii \u00een cur\u00e2nd:<\/strong><br \/> BR\u0102ILA \u2022 GALA\u021aI \u2022 TG. MURE\u0218 \u2022 SF. GHEORGHE \u2022 MIERCUREA CIUC \u2022 SIGHETU MARMA\u021aIEI \u2022 BAIA MARE<\/li>\n<\/ul>\n<p><img loading=\"lazy\" decoding=\"async\" class=\"alignnone size-medium wp-image-557752\" src=\"https:\/\/img.svnews.ro\/foto\/2026\/09\/03\/557747\/898c542d058e4fa143a5dee6606500910.jpg\" alt width=\"650\" height=\"910\"><\/p>\n<p>\u00a0<\/p>\n<p><strong><em>\u201e3 zile \u00een septembrie<\/em><\/strong>\u201d este o produc\u021bie independent\u0103, realizat\u0103 \u00een coproduc\u021bie de<strong> Point Film<\/strong>,<\/p>\n<p><strong>StaySharp Film, Arome22 Creative Retreat, Libra Films <\/strong>\u0219i<strong> WaveCulture HUB.<\/strong><\/p>\n<p>Parteneri ai proiectului:<\/p>\n<p><strong>BCR, Vodafone, Dedeman, Raiffeisen Bank, Superbet, Henkel, Regina Maria, Aqua Carpatica, Jidvei, Iulius Group, Apa Nova Bucure\u0219ti \u2013 o companie Veolia<\/strong><\/p>\n<p><strong>Prim\u0103ria Eforie Sud, Uniunea Produc\u0103torilor de Film \u0219i Audiovizual (UPFAR)<\/strong><\/p>\n<p>Parteneri media:<\/p>\n<p><a href=\"https:\/\/www.kissfm.ro\/\">Kiss FM<\/a>; <a href=\"https:\/\/www.libertatea.ro\/\">Libertatea<\/a>; <a href=\"https:\/\/www.revistabiz.ro\/\">Biz<\/a>; <a href=\"https:\/\/www.instagram.com\/genstiri\/?hl=en\"><u>Gen, \u0218tiri<\/u><\/a>; <a href=\"http:\/\/happ.ro\">Happ.ro<\/a><\/p>\n<p>\u00a0<\/p>\n<p>Partener de monitorizare:<\/p>\n<p><a href=\"https:\/\/www.mediatrust.ro\/english\/\">mediaTRUST <\/a><\/p>\n<\/div>\n<p>[analyse_source url=&#8221;https:\/\/www.svnews.ro\/incepe-caravana-filmului-3-zile-in-septembrie-peste-20-de-proiectii-speciale-cu-echipa-si-regizorul-tudor-giurgiu-in-toata-tara\/557747\/&#8221;]<\/p>\n","protected":false},"excerpt":{"rendered":"<p>[analyse_image type=&#8221;featured&#8221; src=&#8221;https:\/\/img.svnews.ro\/foto\/2026\/09\/03\/557747\/2a158de40f55b0ab9022c301d.jpg&#8221;] Filmul \u201e3 zile \u00een septembrie\u201d, cel mai nou lungmetraj regizat de Tudor Giurgiu, porne\u0219te \u00eentr-un amplu turneu na\u021bional. \u00cen septembrie \u0219i octombrie, echipa ajunge \u00een cinematografe din 19 ora\u0219e din \u021bar\u0103, \u00een cadrul unor proiec\u021bii speciale la care publicul \u00eei va putea \u00eent\u00e2lni pe regizor, actori \u0219i membri ai echipei. La proiec\u021bii [&hellip;]<\/p>\n","protected":false},"author":1,"featured_media":0,"comment_status":"open","ping_status":"","sticky":false,"template":"","format":"standard","meta":{"footnotes":""},"categories":[89],"tags":[226,175],"class_list":["post-2129230","post","type-post","status-publish","format-standard","hentry","category-romania","tag-crawlmanager","tag-svnews-ro"],"_links":{"self":[{"href":"https:\/\/analyse.optim.biz\/index.php?rest_route=\/wp\/v2\/posts\/2129230","targetHints":{"allow":["GET"]}}],"collection":[{"href":"https:\/\/analyse.optim.biz\/index.php?rest_route=\/wp\/v2\/posts"}],"about":[{"href":"https:\/\/analyse.optim.biz\/index.php?rest_route=\/wp\/v2\/types\/post"}],"author":[{"embeddable":true,"href":"https:\/\/analyse.optim.biz\/index.php?rest_route=\/wp\/v2\/users\/1"}],"replies":[{"embeddable":true,"href":"https:\/\/analyse.optim.biz\/index.php?rest_route=%2Fwp%2Fv2%2Fcomments&post=2129230"}],"version-history":[{"count":0,"href":"https:\/\/analyse.optim.biz\/index.php?rest_route=\/wp\/v2\/posts\/2129230\/revisions"}],"wp:attachment":[{"href":"https:\/\/analyse.optim.biz\/index.php?rest_route=%2Fwp%2Fv2%2Fmedia&parent=2129230"}],"wp:term":[{"taxonomy":"category","embeddable":true,"href":"https:\/\/analyse.optim.biz\/index.php?rest_route=%2Fwp%2Fv2%2Fcategories&post=2129230"},{"taxonomy":"post_tag","embeddable":true,"href":"https:\/\/analyse.optim.biz\/index.php?rest_route=%2Fwp%2Fv2%2Ftags&post=2129230"}],"curies":[{"name":"wp","href":"https:\/\/api.w.org\/{rel}","templated":true}]}}