{"id":2129104,"date":"2026-09-03T16:01:24","date_gmt":"2026-09-03T13:01:24","guid":{"rendered":"https:\/\/analyse.optim.biz\/?p=2129104"},"modified":"2026-09-03T16:01:24","modified_gmt":"2026-09-03T13:01:24","slug":"marea-campioana-a-romaniei-s-a-recasatorit-la-doi-ani-dupa-divort-calatoria-continua","status":"publish","type":"post","link":"https:\/\/analyse.optim.biz\/?p=2129104","title":{"rendered":"Marea campioan\u0103 a Rom\u00e2niei s-a rec\u0103s\u0103torit, la doi ani dup\u0103 divor\u021b: \u201eC\u0103l\u0103toria continu\u0103\u201d"},"content":{"rendered":"<p>[analyse_image type=&#8221;featured&#8221; src=&#8221;https:\/\/sportal365images.com\/autocrop\/smp-images-production\/gsp.ro\/03092026\/aecbd864-a363-4c7a-b74e-36faa80a5310.jpg?width=1200&amp;height=0&#8243;]<\/p>\n<article class=\"article\" data-nosnippet=\"true\">\n<div class=\"controller\">\n<div class=\"article-hero\">\n<div class=\"article-container\">\n<div class=\"h6\"><a href=\"https:\/\/www.gsp.ro\/sporturi.html\"><span>SPORTURI<\/span><\/a>\u00a0\u00a0\u00bb\u00a0\u00a0<a href=\"https:\/\/www.gsp.ro\/sporturi\/altele-127.html\"><span>ALTELE<\/span><\/a>\u00a0\u00a0\u00bb\u00a0\u00a0<span>C\u0102S\u0102TORIE<\/span><\/div>\n<h1><span class=\"marcaj \">FOTO<\/span>            Marea campioan\u0103 a Rom\u00e2niei s-a rec\u0103s\u0103torit, la doi ani dup\u0103 divor\u021b: \u201eC\u0103l\u0103toria continu\u0103\u201d        <\/h1>\n<div class=\"thumb\"><a href=\"https:\/\/www.gsp.ro\/sporturi\/altele\/ana-maria-branza-casatorie-gabi-barbu-976096-galerie-foto.html?sourcearticle=976096\" title=\"Vezi \u00eentreaga galerie pentru articolul Marea campioan\u0103 a Rom\u00e2niei s-a rec\u0103s\u0103torit, la doi ani dup\u0103 divor\u021b: \u201eC\u0103l\u0103toria continu\u0103\u201d\"><img decoding=\"async\" width=\"848\" src=\"https:\/\/sportal365images.com\/autocrop\/smp-images-production\/gsp.ro\/03092026\/aecbd864-a363-4c7a-b74e-36faa80a5310.jpg?width=848&amp;height=0\" class=\"wow fadeIn\" alt=\"Ana-Maria Br\u00e2nz\u0103 s-a c\u0103s\u0103torit cu Gabi Barbu \/ Foto: Instagram Ana-Maria Br\u00e2nz\u0103\"><\/a><a href=\"https:\/\/www.gsp.ro\/sporturi\/altele\/ana-maria-branza-casatorie-gabi-barbu-976096-galerie-foto.html?sourcearticle=976096\" class=\"gallery-link\">+16                            \u00a0\u00a0FOTO<br \/>\n                        <\/a><\/p>\n<div class=\"info\">\n<div class=\"tooltip\">Ana-Maria Br\u00e2nz\u0103 s-a c\u0103s\u0103torit cu Gabi Barbu \/ Foto: Instagram Ana-Maria Br\u00e2nz\u0103<\/div>\n<\/div>\n<\/div>\n<\/div>\n<\/div>\n<div class=\"article-body\">\n<div class=\"banner-container\" id=\"article-aside-banner-container\">\n<div class=\"banner\">\n<div class=\"sticker\"><a href=\"https:\/\/www.gsp.ro\/sporturi\/noutati-auto\/byd-exporturi-record-volkswagen-concedieri-100000-976237.html\" class=\"related-in-article\"><\/p>\n<div class=\"related-in-article__text\">\n<div class=\"related-in-article__h6\">\n                                Noutati auto \u00a0\u00b7\u00a0 CHINA<\/div>\n<div class=\"related-in-article__h2\">Suprema\u021bia Chinei: BYD anun\u021b\u0103 exporturi-record, \u00een timp ce VW d\u0103 afar\u0103 100.000 de oameni, un \u201erecord\u201d istoric la nivel mondial<\/div>\n<\/div>\n<p><\/a><a href=\"https:\/\/www.gsp.ro\/international\/campionate\/chelsea-record-transferuri-39-jucatori-plecati-976251.html\" class=\"related-in-article\"><\/p>\n<div class=\"related-in-article__text\">\n<div class=\"related-in-article__h6\">\n                                Campionate \u00a0\u00b7\u00a0 CHELSEA                            <\/div>\n<div class=\"related-in-article__h2\">Gigantul din Premier League care a dat afar\u0103 39 de juc\u0103tori \u00eentr-o singur\u0103 var\u0103! Record la bani: 500 de milioane de lire sterline<\/div>\n<\/div>\n<p><\/a><\/div>\n<\/div>\n<\/div>\n<div class=\"article-container\">\n<div class=\"sticky-buttons\">\n<div class=\"sticky-buttons__inner\"><a href=\"https:\/\/profile.google.com\/cp\/CgovbS8wMjZjZmNu\" target=\"_blank\" class=\"sticky-buttons__button\" data-share=\"google-profile\"><img decoding=\"async\" src=\"https:\/\/www.gsp.ro\/images\/sticky-buttons-google-profile.png\" alt=\"Discover\" width=\"50\" height=\"50\" loading=\"lazy\"><span class=\"sticky-buttons__tooltip\"><span><span class=\"sticky-buttons__desktop-text\">Urm\u0103re\u0219te GSP pe <\/span>Discover<\/span><\/span><\/a><a href=\"\/\/send?text=https%3A%2F%2Fwww.gsp.ro%2Fsporturi%2Faltele%2Fana-maria-branza-casatorie-gabi-barbu-976096.html%3Futm_medium%3Dintern%26utm_source%3Dwhatsapp%26utm_campaign%3Dshare-button\" class=\"sticky-buttons__button\" data-share=\"whatsapp\"><img decoding=\"async\" src=\"https:\/\/www.gsp.ro\/images\/sticky-buttons-whatsapp.svg\" alt=\"Whatsapp\" width=\"50\" height=\"50\" loading=\"lazy\"><span class=\"sticky-buttons__tooltip\"><span><span class=\"sticky-buttons__desktop-text\">Share pe <\/span>Whatsapp<\/span><\/span><\/a><a href=\"https:\/\/www.gsp.ro\/rezultate-live?utm_medium=intern&amp;utm_source=articol-live&amp;utm_campaign=share-button\" class=\"sticky-buttons__button\" data-share=\"live\"><img decoding=\"async\" src=\"https:\/\/www.gsp.ro\/images\/sticky-buttons-live.svg\" alt=\"Live\" width=\"50\" height=\"50\" loading=\"lazy\"><span class=\"sticky-buttons__tooltip\"><span>LiveScore<\/span><\/span><\/a><a href=\"https:\/\/news.google.com\/publications\/CAAiENrE2yCAC5h7kKZ5OmzY1vQqFAgKIhDaxNsggAuYe5CmeTps2Nb0?hl=ro&amp;gl=RO&amp;ceid=RO%3Aro\" class=\"sticky-buttons__button google-news\" data-share=\"google-news\"><img decoding=\"async\" src=\"https:\/\/www.gsp.ro\/images\/sticky-buttons-google-news.svg\" alt=\"Google News\" width=\"50\" height=\"50\" loading=\"lazy\"><span class=\"sticky-buttons__tooltip\"><span class=\"google-news-lbl\">Google News<\/span><\/span><\/a><a href=\"https:\/\/www.gsp.ro\/ultima-ora?utm_medium=intern&amp;utm_source=articol-ultimaora&amp;utm_campaign=share-button\" class=\"sticky-buttons__button tablet-and-desktop-only\" data-share=\"ultima-ora\"><img decoding=\"async\" src=\"https:\/\/www.gsp.ro\/images\/sticky-buttons-ultima-ora.svg\" alt=\"Ultima or\u0103\" width=\"50\" height=\"50\" loading=\"lazy\"><span class=\"sticky-buttons__tooltip\"><span>Ultima or\u0103<\/span><\/span><\/a><a href=\"https:\/\/www.gsp.ro\/sporturi\/altele\/ana-maria-branza-casatorie-gabi-barbu-976096.html?utm_campaign=crossout&amp;utm_source=adevarul.ro&amp;utm_medium=widget#comentarii\" class=\"sticky-buttons__button\" data-share=\"comments\"><img decoding=\"async\" src=\"https:\/\/www.gsp.ro\/images\/sticky-buttons-comentarii.svg\" alt=\"Comentarii\" width=\"50\" height=\"50\" loading=\"lazy\"><span class=\"sticky-buttons__nr-comentarii\">9<\/span><span class=\"sticky-buttons__tooltip\"><span>Comentarii<\/span><\/span><\/a><\/div>\n<\/div>\n<p class=\"data-autor\">\n            Articol de <a rel=\"author\" href=\"https:\/\/www.gsp.ro\/autor\/andra-mocanu-3954.html\">Andra Mocanu<\/a>            &#8211; Publicat joi, 03 septembrie 2026 19:01            \/ Actualizat joi, 03 septembrie 2026 19:30                    <\/p>\n<div class=\"google-services\"><a href=\"https:\/\/profile.google.com\/cp\/CgovbS8wMjZjZmNu\" id=\"google-discover-follow\" target=\"_blank\">Urm\u0103re\u0219te<br \/>\n                GSP \u00een Discover<\/a><a href=\"https:\/\/www.google.com\/preferences\/source?q=https:\/\/www.gsp.ro\" id=\"google-source-add\" target=\"_blank\">Adaug\u0103 GSP ca surs\u0103<br \/>\n                preferat\u0103<\/a><\/div>\n<p class=\"do-not-hide\"><strong>Ana-Maria Br\u00e2nz\u0103 (41 de ani), fosta campioan\u0103 olimpic\u0103, mondial\u0103 \u0219i european\u0103 la spad\u0103, s-a c\u0103s\u0103torit cu Gabi Barbu weekendul trecut. Ceremonia a fost oficiat\u0103 la Sinaia.<\/strong><\/p>\n<div class=\"article-body-container\">\n<p class=\"do-not-hide\">Fosta mare sportiv\u0103 este la a doua c\u0103s\u0103torie, dup\u0103 mariajul cu fostul juc\u0103tor de polo de la Steaua, Pavel Popescu, care a durat 9 ani, din 2015 p\u00e2n\u0103 la divor\u021bul de la \u00eenceputul anului 2024.<\/p>\n<h2 class=\"do-not-hide\">FOTO. Ana-Maria Br\u00e2nz\u0103 s-a c\u0103s\u0103torit pentru a doua oar\u0103: \u201eAm pornit la drum \u00eempreun\u0103\u201d<\/h2>\n<div class=\"gallery-in-article \"><a href=\"https:\/\/www.gsp.ro\/gsp-special\/diverse\/anamaria-branza-s-a-recasatorit-976098-galerie-foto-pic-1778744.html?sourcearticle=976096\" class=\"thumb gallery-in-article__main\"><img decoding=\"async\" src=\"https:\/\/sportal365images.com\/autocrop\/smp-images-production\/gsp.ro\/03092026\/1ee8091a-62e7-4e65-83d7-68e5168b3980.jpg?width=738&amp;height=0\" class=\"wow fadeIn\" alt=\"Anamaria Br\u00e2nz\u0103 s-a rec\u0103s\u0103torit, cu Gabi Barbu\" width=\"375\" height=\"250\" loading=\"lazy\"><\/a><\/p>\n<div class=\"gallery-in-article__others\">\n<div class=\"gallery-in-article__other-photo\"><a href=\"https:\/\/www.gsp.ro\/gsp-special\/diverse\/anamaria-branza-s-a-recasatorit-976098-galerie-foto-pic-1778745.html?sourcearticle=976096\" class=\"thumb\"><img decoding=\"async\" src=\"https:\/\/sportal365images.com\/autocrop\/smp-images-production\/gsp.ro\/03092026\/ecfac9fe-2b06-4fbb-a4c6-31dc9713aab6.jpg?width=182&amp;height=182\" class=\"wow fadeIn\" data-wow-delay=\".1s\" alt=\"Anamaria Br\u00e2nz\u0103 s-a rec\u0103s\u0103torit, cu Gabi Barbu\" width=\"92\" height=\"92\" loading=\"lazy\"><\/a><\/div>\n<div class=\"gallery-in-article__other-photo\"><a href=\"https:\/\/www.gsp.ro\/gsp-special\/diverse\/anamaria-branza-s-a-recasatorit-976098-galerie-foto-pic-1778746.html?sourcearticle=976096\" class=\"thumb\"><img decoding=\"async\" src=\"https:\/\/sportal365images.com\/autocrop\/smp-images-production\/gsp.ro\/03092026\/ea8588d1-ee63-4d7a-a83c-1feb431896b6.jpg?width=182&amp;height=182\" class=\"wow fadeIn\" data-wow-delay=\".2s\" alt=\"Anamaria Br\u00e2nz\u0103 s-a rec\u0103s\u0103torit, cu Gabi Barbu\" width=\"92\" height=\"92\" loading=\"lazy\"><\/a><\/div>\n<div class=\"gallery-in-article__other-photo\"><a href=\"https:\/\/www.gsp.ro\/gsp-special\/diverse\/anamaria-branza-s-a-recasatorit-976098-galerie-foto-pic-1778747.html?sourcearticle=976096\" class=\"thumb\"><img decoding=\"async\" src=\"https:\/\/sportal365images.com\/autocrop\/smp-images-production\/gsp.ro\/03092026\/6c0e9e53-04f8-4688-a335-9d4412a1bea1.jpg?width=182&amp;height=182\" class=\"wow fadeIn\" data-wow-delay=\".3s\" alt=\"Anamaria Br\u00e2nz\u0103 s-a rec\u0103s\u0103torit, cu Gabi Barbu\" width=\"92\" height=\"92\" loading=\"lazy\"><\/a><\/div>\n<div class=\"gallery-in-article__other-photo\"><a href=\"https:\/\/www.gsp.ro\/gsp-special\/diverse\/anamaria-branza-s-a-recasatorit-976098-galerie-foto-pic-1778744.html?sourcearticle=976096\" class=\"thumb\"><img decoding=\"async\" src=\"https:\/\/sportal365images.com\/autocrop\/smp-images-production\/gsp.ro\/03092026\/c06b8fc4-302e-4358-811f-a5dff095da65.jpg?width=182&amp;height=182\" class=\"wow fadeIn\" data-wow-delay=\".4s\" alt=\"Anamaria Br\u00e2nz\u0103 s-a rec\u0103s\u0103torit, cu Gabi Barbu\" width=\"92\" height=\"92\" loading=\"lazy\"><\/p>\n<div class=\"gallery-in-article__more-photos\"><span>+11 FOTO<\/span><\/div>\n<p><\/a><\/div>\n<\/div>\n<\/div>\n<p>La c\u00e2teva zile de la eveniment, Ana-Maria Br\u00e2nz\u0103 a postat o serie de fotografii, al\u0103turi de un mesaj emo\u021bionant.<\/p>\n<p><mark data-color=\"rgb(254, 133, 11)\" class=\"marker-orange\">\u201eAm pornit la drum&#8230; prin lume \u0219i prin via\u021b\u0103&#8230; \u00eempreun\u0103! Noroco\u0219i \u0219i recunosc\u0103tori s\u0103-i avem al\u0103turi, \u00een aceast\u0103 c\u0103l\u0103torie, pe oamenii no\u0219tri dragi. Cei care ne-au fost aproape p\u00e2n\u0103 aici \u0219i care au ales s\u0103 urce \u00een acela\u0219i tren cu noi, la propriu \u0219i la figurat. V\u0103 mul\u021bumim pentru toat\u0103 dragostea cu care ne \u00eenconjura\u021bi. C\u0103l\u0103toria continu\u0103\u201d<\/mark>, a fost mesajul transmis de Ana-Maria, prin intermediul contului personal de Instagram.<\/p>\n<p>Dup\u0103 mai bine de 20 de ani cu performan\u021be istorice reu\u0219ite \u00een scrim\u0103, Ana-Maria Br\u00e2nz\u0103 \u0219i-a anun\u021bat retragerea din activitate la finalul anului 2021. De-a lungul carierei, Ana-Maria Br\u00e2nz\u0103 a ob\u021binut un palmares impresionant: 3 medalii olimpice, 6 mondiale \u0219i 11 europene, cu 9 medalii de aur \u00een total. <\/p>\n<p>Ana-Maria Br\u00e2nz\u0103 a fost desemnat\u0103 cea mai bun\u0103 spadasin\u0103 a lumii \u00een sezoanele 2007-2008, 2009-2009, 2012-2013, 2019-2020 \u0219i 2020-2021.<\/p>\n<blockquote>\n<p>Pentru mine, publicul va avea \u00eentotdeauna un cuv\u00e2nt ceva mai greu de spus. Simplul fapt c\u0103, la ani distan\u021b\u0103, sunt oameni care \u00eemi povestesc secven\u021be din anumite asalturi ori competi\u021bii m\u0103 bucur\u0103 enorm. Ca \u0219i aceia care mi-au spus \u00een repetate r\u00e2nduri c\u0103 au descoperit scrima privind competi\u021biile noastre sau p\u0103rin\u021bii celor mici care \u00eemi spun c\u0103 ai lor copii \u0219i-au dorit s\u0103 practice scrima pentru c\u0103 au v\u0103zut-o pe \u201eBr\u00e2nzica&#8221;.\u00a0Cred c\u0103 aceasta este mo\u0219tenirea pe care o putem l\u0103sa: inspira\u021bia \u0219i \u00eencrederea c\u0103 fiecare copil \u00ee\u0219i poate construi o poveste de succes prin sport, a\u0219a cum am f\u0103cut \u0219i noi<\/p>\n<p>&#8211;<strong> Ana-Maria Br\u00e2nz\u0103,<\/strong> pentru GSP.ro, la 4 ani de la retragere<\/p>\n<\/blockquote>\n<\/div>\n<div class=\"h2\">Cite\u0219te \u0219i:<\/div>\n<p><a href=\"https:\/\/www.gsp.ro\/fotbal\/liga-1\/i-a-zis-o-in-fata-lui-mm-stoica-eu-n-am-incredere-in-marius-baciu-976430.html\" class=\"related-in-article\"><\/p>\n<div class=\"thumb \"><img decoding=\"async\" loading=\"lazy\" src=\"https:\/\/sportal365images.com\/autocrop\/smp-images-production\/gsp.ro\/04092026\/8e23bca8-8b0c-43a2-8d1c-cb2dd666f334.png?width=300&amp;height=200\" alt=\"I-a zis-o \u00een fa\u021b\u0103 lui MM Stoica: \u201eEu n-am \u00eencredere \u00een Marius Baciu!\u201d \u00bb Replic\u0103 r\u0103stit\u0103: \u201e\u00cemi pui mie capcane?!\u201d\"><\/div>\n<div class=\"related-in-article__text \">\n<div class=\"related-in-article__h6\">Superliga<\/div>\n<div class=\"related-in-article__h2\">I-a zis-o \u00een fa\u021b\u0103 lui MM Stoica: \u201eEu n-am \u00eencredere \u00een Marius Baciu!\u201d \u00bb Replic\u0103 r\u0103stit\u0103: \u201e\u00cemi pui mie capcane?!\u201d<\/div>\n<\/div>\n<p><\/a><a href=\"https:\/\/www.gsp.ro\/fotbal\/liga-1\/fcsb-denis-dragus-vanessa-superliga-976415.html\" class=\"related-in-article\"><\/p>\n<div class=\"thumb \"><img decoding=\"async\" loading=\"lazy\" src=\"https:\/\/sportal365images.com\/autocrop\/smp-images-production\/gsp.ro\/04092026\/ecfb9168-f1af-4fad-aa60-b0b9e206b40a.jpg?width=300&amp;height=200\" alt=\"Vanessa, so\u021bia lui Denis Dr\u0103gu\u0219, s-a pus bine cu fanii FCSB-ului: \u201eNe \u00eentoarcem acas\u0103, la cea mai frumoas\u0103 echip\u0103 din Rom\u00e2nia\u201d\"><\/div>\n<div class=\"related-in-article__text \">\n<div class=\"related-in-article__h6\">Superliga<\/div>\n<div class=\"related-in-article__h2\">Vanessa, so\u021bia lui Denis Dr\u0103gu\u0219, s-a pus bine cu fanii FCSB-ului: \u201eNe \u00eentoarcem acas\u0103, la cea mai frumoas\u0103 echip\u0103 din Rom\u00e2nia\u201d<\/div>\n<\/div>\n<p><\/a><a href=\"https:\/\/www.gsp.ro\/sporturi\/tenis\/live-sorana-cirstea-jasmine-paolini-turul-al-treilea-us-open-976204.html\" class=\"related-in-article\"><\/p>\n<div class=\"thumb \"><img decoding=\"async\" loading=\"lazy\" src=\"https:\/\/sportal365images.com\/autocrop\/smp-images-production\/gsp.ro\/04092026\/7ded8b2d-7679-4a0f-bced-95bfa532e4a0.png?width=300&amp;height=200\" alt=\"Sorana C\u00eerstea, CALIFICARE FANTASTIC\u0102 \u00een optimile US Open: a \u00eenchis cu un as!\"><\/div>\n<div class=\"related-in-article__text \">\n<div class=\"related-in-article__h6\">Tenis<\/div>\n<div class=\"related-in-article__h2\">Sorana C\u00eerstea, CALIFICARE FANTASTIC\u0102 \u00een optimile US Open: a \u00eenchis cu un as!<\/div>\n<\/div>\n<p><\/a><a href=\"https:\/\/www.gsp.ro\/sporturi\/tenis\/petrecere-problematica-la-new-york-vedetele-de-la-us-open-atentia-itia-976388.html\" class=\"related-in-article\"><\/p>\n<div class=\"thumb \"><img decoding=\"async\" loading=\"lazy\" src=\"https:\/\/sportal365images.com\/autocrop\/smp-images-production\/gsp.ro\/04092026\/05c278fe-b1e3-431d-bdcf-e18d27103f3a.jpg?width=300&amp;height=200\" alt=\"Petrecere problematic\u0103 la New York! Vedetele de la US Open, inclusiv Gabriela Ruse, au ajuns \u00een aten\u021bia ITIA\"><\/div>\n<div class=\"related-in-article__text \">\n<div class=\"related-in-article__h6\">Tenis<\/div>\n<div class=\"related-in-article__h2\">Petrecere problematic\u0103 la New York! Vedetele de la US Open, inclusiv Gabriela Ruse, au ajuns \u00een aten\u021bia ITIA<\/div>\n<\/div>\n<p><\/a><a href=\"https:\/\/www.profit.ro\/povesti-cu-profit\/fratii-paval-dedeman-semneaza-o-noua-tranzactie-preluand-integral-o-firma-de-dezvoltari-imobiliare-de-la-dorin-bob-22693442?utm_source=gsp&amp;utm_medium=Referral&amp;utm_campaign=Cross\" target=\"_blank\" class=\"related-in-article\" rel=\"nofollow noopener\"><\/p>\n<div class=\"thumb\"><img decoding=\"async\" src=\"https:\/\/www.gsp.ro\/usr\/content\/220_2dbb606b86d281a4b4b6a8342ffdd690.jpg\" loading=\"lazy\" width=\"300\" height=\"200\" alt=\"Fra\u021bii Pav\u0103l (Dedeman), tranzac\u021bie de ultim\u0103 or\u0103 \u00een Rom\u00e2nia\"><\/div>\n<div class=\"related-in-article__text\">\n<div class=\"related-in-article__h6\">Profit.ro<\/div>\n<div class=\"related-in-article__h2\">Fra\u021bii Pav\u0103l (Dedeman), tranzac\u021bie de ultim\u0103 or\u0103 \u00een Rom\u00e2nia<\/div>\n<\/div>\n<p><\/a><\/p>\n<div class=\"h2\">Flash News: cele mai importante reac\u021bii \u0219i faze video din sport<\/div>\n<div class=\"paragraph __CSS_CLASS__  is-embed-onnetwork rgb-miniled\">\n<div id=\"my-c-NTJ0LDAsMVJH-c-55d51b\" class=\"lazyload\" data-sid=\"NTJ0LDAsMVJH\" data-lazy-function=\"onnetwork\"><img loading=\"lazy\" decoding=\"async\" alt src=\"https:\/\/www.gsp.ro\/assets\/images\/blank.gif\" width=\"728\" height=\"405\"><\/div>\n<\/div>\n<div class=\"cross-outer\">\n<div class=\"cross-wrapper cross-wrapper21\"><a href=\"https:\/\/www.libertatea.ro\/stiri\/primul-test-pentru-trainicia-unei-aliante-pnl-usr-partidele-bat-palma-pentru-alegerile-in-doua-functii-cheie-primariile-din-timisoara-si-sector-6-surse-5873856\" class=\"news-item cross\" target=\"_blank\"><\/p>\n<div class=\"thumb\"><img decoding=\"async\" src=\"https:\/\/www.gsp.ro\/usr\/content\/224_322099a470455b3c96dfb98cc93fb98c.jpg\" class=\"wow fadeIn\" alt=\"Primul test pentru tr\u0103inicia unei alian\u021be PNL-USR. Partidele bat palma ...\" loading=\"lazy\" width=\"340\" height=\"225\"><\/div>\n<div class=\"cross-title\">\n<div class=\"h2\">Primul test pentru tr\u0103inicia unei alian\u021be PNL-USR. Partidele bat palma &#8230;<\/div>\n<div class=\"h6\">Libertatea<\/div>\n<\/div>\n<p><\/a><a href=\"https:\/\/www.gsp.ro\/sporturi\/tenis\/live-sorana-cirstea-jasmine-paolini-turul-al-treilea-us-open-976204.html\" class=\"news-item cross\"><\/p>\n<div class=\"thumb\"><img decoding=\"async\" src=\"https:\/\/sportal365images.com\/autocrop\/smp-images-production\/gsp.ro\/04092026\/7ded8b2d-7679-4a0f-bced-95bfa532e4a0.png?width=395&amp;height=300\" class=\"wow fadeIn\" alt=\"Sorana C\u00eerstea - Jasmine Paolini, pentru optimile US Open \u00bb BREAK! Desprindere \u00een setul secund\" loading=\"lazy\" width=\"340\" height=\"225\"><\/div>\n<div class=\"cross-title\">\n<div class=\"h2\">Sorana C\u00eerstea &#8211; Jasmine Paolini, pentru optimile US Open \u00bb BREAK! Desprindere \u00een setul secund<\/div>\n<div class=\"h6\">GSP.RO<\/div>\n<\/div>\n<p><\/a><\/div>\n<\/div>\n<div class=\"cross-outer\">\n<div class=\"cross-wrapper cross-wrapper23\"><a href=\"https:\/\/www.fanatik.ro\/va-schimba-mediul-giovanni-becali-avertisment-exclusiv-pentru-adrian-mazilu-inainte-de-derby-ul-cu-fcsb-21536716\" class=\"news-item cross\" rel=\"nofollow\" target=\"_blank\"><\/p>\n<div class=\"thumb\"><img decoding=\"async\" src=\"https:\/\/www.gsp.ro\/usr\/content\/200_75c2a28545eaad839e305d981077ebe5.jpg\" class=\"wow fadeIn\" alt=\"I-a anun\u0163at plecarea \u00eenaintea derby-ului Dinamo \u2013 FCSB: \u201cVa schimba mediul! ...\" loading=\"lazy\" width=\"340\" height=\"225\"><\/div>\n<div class=\"cross-title\">\n<div class=\"h2\">I-a anun\u0163at plecarea \u00eenaintea derby-ului Dinamo \u2013 FCSB: \u201cVa schimba mediul! &#8230;<\/div>\n<div class=\"h6\">Fanatik<\/div>\n<\/div>\n<p><\/a><a href=\"https:\/\/www.gsp.ro\/sporturi\/tenis\/aryna-sabalenka-oprire-meci-us-open-miros-marijuana-976390.html\" class=\"news-item cross\"><\/p>\n<div class=\"thumb\"><img decoding=\"async\" src=\"https:\/\/sportal365images.com\/autocrop\/smp-images-production\/gsp.ro\/04092026\/070a9754-3f8e-45b0-b53f-81d325539502.jpg?width=395&amp;height=300\" class=\"wow fadeIn\" alt=\"Aryna Sabalenka s-a oprit \u00een timpul meciului de la US Open din cauza ...\" loading=\"lazy\" width=\"340\" height=\"225\"><\/div>\n<div class=\"cross-title\">\n<div class=\"h2\">Aryna Sabalenka s-a oprit \u00een timpul meciului de la US Open din cauza &#8230;<\/div>\n<div class=\"h6\">GSP.RO<\/div>\n<\/div>\n<p><\/a><\/div>\n<\/div>\n<p><a href=\"https:\/\/www.gsp.ro\/cdn-cgi\/l\/email-protection#becdcbdcd7dbddcadbfed9cdce90ccd1\" class=\"icon-link normal-link pont\"><br \/>\n                Ai o informa\u021bie? Scrie-ne pe <span class=\"__cf_email__\" data-cfemail=\"9eedebfcf7fbfdeafbdef9edeeb0ecf1\">[email\u00a0protected]<\/span>! Gazeta \u00ee\u0219i protejeaz\u0103 \u00eentotdeauna sursele.<br \/>\n            <\/a><\/p>\n<p><a href=\"https:\/\/www.gsp.ro\/international\/campionate\/prabusire-totala-fostul-golgeter-brazilian-a-ajuns-pe-strazi-976262.html\" class=\"icon-link normal-link after-article-internal-cross\" data-article-id=\"976262\"><br \/>\n                M\u0103rturie tulbur\u0103toare \u00bb Fostul golgeter brazilian a ajuns pe str\u0103zi: \u201eMai bine ca lumea s\u0103 \u0219tie c\u0103 am murit!\u201d            <\/a><\/p>\n<p><a href=\"https:\/\/www.gsp.ro\/sporturi\/tenis\/petrecere-problematica-la-new-york-vedetele-de-la-us-open-atentia-itia-976388.html\" class=\"icon-link normal-link after-article-internal-cross\" data-article-id=\"976388\"><br \/>\n                Petrecere problematic\u0103 la New York! Vedetele de la US Open, inclusiv Gabriela Ruse, au ajuns \u00een aten\u021bia ITIA            <\/a><\/p>\n<p><\/p>\n<div class=\"tags\"><a href=\"https:\/\/www.gsp.ro\/stiri-tag\/galerie-foto-13510.html\" class=\"tag\">galerie foto<\/a><a href=\"https:\/\/www.gsp.ro\/stiri-tag\/ana-maria-branza-22731.html\" class=\"tag\">ana maria br\u00e2nz\u0103<\/a><a href=\"https:\/\/www.gsp.ro\/stiri-tag\/casatorie-24172.html\" class=\"tag\">casatorie<\/a><\/div>\n<\/div>\n<\/div>\n<\/div>\n<\/article>\n<p>[analyse_source url=&#8221;https:\/\/www.gsp.ro\/sporturi\/altele\/ana-maria-branza-casatorie-gabi-barbu-976096.html?utm_campaign=crossout&amp;utm_source=adevarul.ro&amp;utm_medium=widget&#8221;]<\/p>\n","protected":false},"excerpt":{"rendered":"<p>[analyse_image type=&#8221;featured&#8221; src=&#8221;https:\/\/sportal365images.com\/autocrop\/smp-images-production\/gsp.ro\/03092026\/aecbd864-a363-4c7a-b74e-36faa80a5310.jpg?width=1200&amp;height=0&#8243;] SPORTURI\u00a0\u00a0\u00bb\u00a0\u00a0ALTELE\u00a0\u00a0\u00bb\u00a0\u00a0C\u0102S\u0102TORIE FOTO Marea campioan\u0103 a Rom\u00e2niei s-a rec\u0103s\u0103torit, la doi ani dup\u0103 divor\u021b: \u201eC\u0103l\u0103toria continu\u0103\u201d +16 \u00a0\u00a0FOTO Ana-Maria Br\u00e2nz\u0103 s-a c\u0103s\u0103torit cu Gabi Barbu \/ Foto: Instagram Ana-Maria Br\u00e2nz\u0103 Noutati auto \u00a0\u00b7\u00a0 CHINA Suprema\u021bia Chinei: BYD anun\u021b\u0103 exporturi-record, \u00een timp ce VW d\u0103 afar\u0103 100.000 de oameni, un \u201erecord\u201d istoric la nivel [&hellip;]<\/p>\n","protected":false},"author":1,"featured_media":0,"comment_status":"open","ping_status":"","sticky":false,"template":"","format":"standard","meta":{"footnotes":""},"categories":[89],"tags":[19,226],"class_list":["post-2129104","post","type-post","status-publish","format-standard","hentry","category-romania","tag-adevarul","tag-crawlmanager"],"_links":{"self":[{"href":"https:\/\/analyse.optim.biz\/index.php?rest_route=\/wp\/v2\/posts\/2129104","targetHints":{"allow":["GET"]}}],"collection":[{"href":"https:\/\/analyse.optim.biz\/index.php?rest_route=\/wp\/v2\/posts"}],"about":[{"href":"https:\/\/analyse.optim.biz\/index.php?rest_route=\/wp\/v2\/types\/post"}],"author":[{"embeddable":true,"href":"https:\/\/analyse.optim.biz\/index.php?rest_route=\/wp\/v2\/users\/1"}],"replies":[{"embeddable":true,"href":"https:\/\/analyse.optim.biz\/index.php?rest_route=%2Fwp%2Fv2%2Fcomments&post=2129104"}],"version-history":[{"count":0,"href":"https:\/\/analyse.optim.biz\/index.php?rest_route=\/wp\/v2\/posts\/2129104\/revisions"}],"wp:attachment":[{"href":"https:\/\/analyse.optim.biz\/index.php?rest_route=%2Fwp%2Fv2%2Fmedia&parent=2129104"}],"wp:term":[{"taxonomy":"category","embeddable":true,"href":"https:\/\/analyse.optim.biz\/index.php?rest_route=%2Fwp%2Fv2%2Fcategories&post=2129104"},{"taxonomy":"post_tag","embeddable":true,"href":"https:\/\/analyse.optim.biz\/index.php?rest_route=%2Fwp%2Fv2%2Ftags&post=2129104"}],"curies":[{"name":"wp","href":"https:\/\/api.w.org\/{rel}","templated":true}]}}