{"id":2129020,"date":"2026-09-04T17:26:24","date_gmt":"2026-09-04T14:26:24","guid":{"rendered":"https:\/\/analyse.optim.biz\/?p=2129020"},"modified":"2026-09-04T17:26:24","modified_gmt":"2026-09-04T14:26:24","slug":"schlein-se-la-sente-calla-e-punta-a-palazzo-chigi-il-pd-le-mosse-di-conte-onorato-e-salis","status":"publish","type":"post","link":"https:\/\/analyse.optim.biz\/?p=2129020","title":{"rendered":"&#8216;schlein se la sente calla e punta a palazzo chigi&#8217;-il pd, le mosse di conte, onorato e salis"},"content":{"rendered":"<p>[analyse_image type=&#8221;featured&#8221; src=&#8221;https:\/\/static.dagospia.com\/img\/patch\/09-2026\/schlein-onorato-conte-salis-2302721_600_q50.webp&#8221;]<\/p>\n<article>\n<div class=\"img-wrapper\"><img decoding=\"async\" src=\"https:\/\/static.dagospia.com\/img\/patch\/09-2026\/schlein-onorato-conte-salis-2302721_600_q50.webp\" alt=\"schlein onorato conte salis\"><time class=\"data-ora\">4 set 2026 19:26<\/time><\/div>\n<p><span>\u201cELLY SE LA SENTE CALLA E PUNTA A PALAZZO CHIGI\u201d \u2013 <\/span>NEL PD ROMANO RACCONTANO CHE SCHLEIN, NONOSTANTE I CONSIGLI DEI CAPOCCIONI DEM E I SONDAGGI HORROR, NON ASCOLTA NESSUNO, PREPARA IL COMIZIO-SHOW ALLA FESTA DELL\u2019UNITA\u2019 E PUNTA DRITTA AI GAZEBO \u2013<span> NON SI FIDA DI SILVIA SALIS E TEME CHE, ALLA FINE, LEI DECIDA DI CORRERE ALLE PRIMARIE COME PURE ONORATO<\/span> (\u201cANCHE PER QUESTO MI SA CHE AL NAZARENO NON STO TANTO SIMPATICO\u201d, RIPETE LUI) \u2013 GIUSEPPE CONTE SPIEGA CHE NON \u00c8 LUI A ESSERE OSSESSIONATO DA PALAZZO CHIGI: <span>\u201cELLY PUNTA DRITTA L\u00cc, NON SI FAR\u00c0 DA PARTE. QUINDI, \u00c8 INUTILE CHIEDERE A ME SE SONO DISPONIBILE A UN PASSO INDIETRO&#8221;<\/span> \u2013 \u201cHO LE MIE AMBIZIONI MA LA COALIZIONE VIENE PRIMA- IL DOSSIER RUSSO-UCRAINO? SAR\u00c0 UNO DEI TEMI SU CUI CI DOVREMO CONFRONTARE &#8211; RENZI E CALENDA IN COALIZIONE? L&#8217;IMPORTANTE \u00c8 LA SOLIDIT\u00c0\u201d \u2013 DAGOREPORT<\/p>\n<div class=\"share-section\">\n                Condividi  questo articolo<\/p>\n<div class=\"socials\"><a href=\"http:\/\/www.facebook.com\/sharer.php?u=http:\/\/www.dagospia.com\/politica\/schlein-se-sente-calla-punta-palazzo-chigi-il-pd-mosse-conte-onorato-485847\" target=\"_blank\"><img decoding=\"async\" src=\"https:\/\/static.dagospia.com\/img\/icons\/facebook.svg\" alt=\"Condividi su Facebook\"><\/a><a href=\"http:\/\/www.twitter.com\/share?url=http:\/\/www.dagospia.com\/politica\/schlein-se-sente-calla-punta-palazzo-chigi-il-pd-mosse-conte-onorato-485847&amp;text=&apos;SCHLEIN%20SE%20LA%20SENTE%20CALLA%20E%20PUNTA%20A%20PALAZZO%20CHIGI&apos;-IL%20PD,%20LE%20MOSSE%20DI%20CONTE,%20ONORATO%20E%20SALIS\" target=\"_blank\"><img decoding=\"async\" src=\"https:\/\/static.dagospia.com\/img\/icons\/x-icon.png\" alt=\"Condividi su X\"><\/a><a href=\"\/\/www.dagospia.com\/politica\/schlein-se-sente-calla-punta-palazzo-chigi-il-pd-mosse-conte-onorato-485847\" target=\"_blank\"><img decoding=\"async\" src=\"https:\/\/static.dagospia.com\/img\/icons\/whatsapp.svg\" alt=\"Condividi su Whatsapp\"><\/a><a href=\"mailto:?body=http:\/\/www.dagospia.com\/politica\/schlein-se-sente-calla-punta-palazzo-chigi-il-pd-mosse-conte-onorato-485847\" target=\"_blank\"><img decoding=\"async\" src=\"https:\/\/static.dagospia.com\/img\/icons\/mail.svg\" alt=\"Invia in email\"><\/a><\/div>\n<\/div>\n<div class=\"content\">\n<p class=\"disable\"><strong>DAGOREPORT<\/strong><\/p>\n<p class=\"disable\"><strong><a href=\"https:\/\/www.dagospia.com\/politica\/elly-ascolta-gli-amici-i-big-pd-scesi-in-campo-cosi-pesantemente-per-485354\">https:\/\/www.dagospia.com\/politica\/elly-ascolta-gli-amici-i-big-pd-scesi-in-campo-cosi-pesantemente-per-485354<\/a><\/strong><\/p>\n<p class=\"disable\">\u00a0<\/p>\n<p><a href=\"https:\/\/www.dagospia.com\/media-gallery\/dago-fotogallery-522274\/2301085\" class=\"float-right img-wrapper\"><img decoding=\"async\" id=\"2301085\" loading=\"lazy\" src=\"https:\/\/static.dagospia.com\/img\/foto\/08-2026\/conte-schlein-2301085_800_q50.webp\"><span class=\"img-title\">conte schlein<\/span><\/a><\/p>\n<p class=\"disable\"><strong>Articolo di Matteo Macor per <a href=\"http:\/\/repubblica\" target=\"_blank\">\u201cla Repubblica\u201d &#8211; Estratti<\/a><\/strong><\/p>\n<p class=\"disable\">\u00a0<\/p>\n<p class=\"disable\">Almeno in termini di principio, il messaggio \u00e8 uno e condiviso. \u00abNon parliamo in continuazione di primarie, questo \u00e8 il tempo del programma\u00bb, chiede Giuseppe Conte tra gli applausi alla sua prima partecipazione dell&#8217;estate a una festa dem, a Genova.<\/p>\n<p class=\"disable\">\u00a0<\/p>\n<p class=\"disable\">\u00abNon parliamo solo di noi\u00bb, diceva solo due giorni fa Elly Schlein alla stessa Festa dell&#8217;Unit\u00e0, destinatari i compagni di alleanza e in parte pure di partito.<\/p>\n<p class=\"disable\">\u00a0<\/p>\n<p class=\"disable\">Se la formula di rito non pu\u00f2 che combaciare, per\u00f2, \u00e8 gi\u00e0 da tempo evidente che settembre sar\u00e0 ancora mese di navigazione a vista e tatticismi incrociati, sulle rotte del campo largo.<\/p>\n<p class=\"disable\">\u00a0<\/p>\n<p class=\"disable\">E come tale, probabilmente, va presa anche la nuova mano tesa del leader del M5s in casa del Pd: \u00abIl progetto di coalizione viene prima dell&#8217;ambizione personale, &#8211; \u00e8 parola di Conte &#8211; se anche nel Movimento c&#8217;\u00e8 chi pensa Elly Schlein possa essere la candidata pi\u00f9 idonea per il campo largo la voter\u00e0\u00bb.<\/p>\n<p><a href=\"https:\/\/www.dagospia.com\/media-gallery\/dago-fotogallery-522274\/2279494\" class=\"float-left img-wrapper\"><img decoding=\"async\" id=\"2279494\" loading=\"lazy\" src=\"https:\/\/static.dagospia.com\/img\/foto\/07-2026\/schlein-conte-2279494_800_q50.webp\"><span class=\"img-title\">schlein conte<\/span><\/a><\/p>\n<p class=\"disable\">\u00a0<\/p>\n<p class=\"disable\">In scena in casa di Silvia Salis, nella citt\u00e0 che fu di Beppe Grillo, l&#8217;incontro genovese \u00e8 stato pensato per \u00abcucire\u00bb, si fa capire su entrambe le sponde dell&#8217;alleanza. L&#8217;arena mischia i militanti del partito e i quadri locali a 5S, Salis in prima fila come gi\u00e0 con Schlein e Andrea Orlando sul palco a dialogare con Conte. \u00c8 l&#8217;ex ministro dem ad aver invitato il leader 5S, dice lui anche per \u00abfare quello che avremmo dovuto iniziare a fare il giorno dopo la vittoria del referendum\u00bb. \u00abCostruire sul condiviso, su quello che gi\u00e0 abbiamo fatto insieme, anche nel nome della Costituzione\u00bb, concorda il presidente 5s.<\/p>\n<p class=\"disable\">\u00a0<\/p>\n<p class=\"disable\">Sar\u00e0 che non tutto unisce, per\u00f2, in area progressista (\u00abIl dossier russo-ucraino? Sar\u00e0 uno dei temi su cui ci dovremo confrontare, ci stiamo prendendo questo mese per tirare le fila e dobbiamo trovare una sintesi\u00bb), se il nodo rimane ancora quello delle primarie. \u00abO si sceglie il segretario del partito pi\u00f9 grande, o si fanno le consultazioni di coalizione, non vedo altre possibilit\u00e0 ma non potranno mai essere divisive\u00bb, dice Conte. \u00abRenzi e Calenda in coalizione? L&#8217;importante \u00e8 la solidit\u00e0\u00bb. E ancora: \u00abIl campo largo lo annaffio ogni giorno con cura e attenzione, le mie ambizioni personali non saranno un motivo di condizionamento\u00bb, \u00e8 l&#8217;ultima promessa.\u00a0<\/p>\n<p><a href=\"https:\/\/www.dagospia.com\/media-gallery\/dago-fotogallery-522274\/2276986\" class=\"float-right img-wrapper\"><img decoding=\"async\" id=\"2276986\" loading=\"lazy\" src=\"https:\/\/static.dagospia.com\/img\/foto\/06-2026\/elly-schlein-e-giuseppe-conte3-2276986_800_q50.webp\"><span class=\"img-title\">Elly Schlein e Giuseppe Conte3<\/span><\/a><\/p>\n<p class=\"disable\">\u00a0<\/p>\n<p class=\"disable\">(&#8230;)<\/p>\n<p class=\"disable\">\u00a0<\/p>\n<p class=\"disable\"><strong>SCHLEIN VERSO IL COMIZIO SHOW CONTE GIRA LE FESTE DELL\u2019UNIT\u00c0 \u201cELLY \u00c8 OSSESSIONATA DA CHIGI\u201d<\/strong><\/p>\n<p class=\"disable\"><strong>Niccol\u00f2 Carratelli per<a href=\"http:\/\/lastampa\" target=\"_blank\"> \u201cLa Stampa\u201d &#8211; Estratti<\/a><\/strong><\/p>\n<p class=\"disable\">\u00a0<\/p>\n<p class=\"disable\">Prima i Subsonica. Poi le Bambole di pezza.<\/p>\n<p class=\"disable\">\u00a0<\/p>\n<p class=\"disable\">Poi, ancora, Elio e le storie tese. Infine, Elly Schlein. Quest&#8217;anno alla segretaria Pd sta stretto il solito tendone dove si svolgono i dibattiti alla festa dell&#8217;Unit\u00e0 nazionale di Reggio Emilia. La &#8220;sala&#8221; dove negli anni passati si \u00e8 sempre svolto il suo comizio conclusivo, peraltro stavolta intitolata a Francesco Guccini, non \u00e8 sufficiente a contenere le sue ambizioni. L\u00ec, sedute o in piedi, entrano s\u00ec e no mille persone.<\/p>\n<p class=\"disable\">\u00a0<\/p>\n<p><a href=\"https:\/\/www.dagospia.com\/media-gallery\/dago-fotogallery-522274\/2301494\" class=\"float-left img-wrapper\"><img decoding=\"async\" id=\"2301494\" loading=\"lazy\" src=\"https:\/\/static.dagospia.com\/img\/foto\/09-2026\/elly-schlein-giuseppe-conte-il-movimento-vignetta-italia-oggi-2301494_800_q50.webp\"><span class=\"img-title\">ELLY SCHLEIN &#8211; GIUSEPPE CONTE &#8211; IL MOVIMENTO &#8211; VIGNETTA ITALIA OGGI <\/span><\/a><\/p>\n<p class=\"disable\">Ma per chiudere l&#8217;ultima festa dell&#8217;Unit\u00e0 prima delle elezioni serve un palco da rock star, quello della Iren Green Park arena di Campovolo, dove in queste serate della festa si svolgono i concerti a pagamento. Il comizio di Schlein, se non altro, sar\u00e0 a ingresso libero, ma l&#8217;idea \u00e8 trasformarlo in un evento di maggior impatto.<\/p>\n<p class=\"disable\">\u00a0<\/p>\n<p class=\"disable\">Per domenica 13 settembre ci sono pullman gi\u00e0 prenotati per partire da alcune citt\u00e0 del Nord, con l&#8217;obiettivo di portare a Reggio Emilia centinaia di militanti Pd. Ai delusi di Milano o Torino, che non hanno avuto il piacere di ricevere Schlein nelle loro feste dell&#8217;Unit\u00e0 locali, \u00e8 stato proposto di venire ad ascoltarla a Campovolo.<\/p>\n<p><a href=\"https:\/\/www.dagospia.com\/media-gallery\/dago-fotogallery-522274\/2276985\" class=\"float-right img-wrapper\"><img decoding=\"async\" id=\"2276985\" loading=\"lazy\" src=\"https:\/\/static.dagospia.com\/img\/foto\/06-2026\/elly-schlein-e-giuseppe-conte2-2276985_800_q50.webp\"><span class=\"img-title\">Elly Schlein e Giuseppe Conte2<\/span><\/a><\/p>\n<p class=\"disable\">\u00a0<\/p>\n<p class=\"disable\">In ambienti del Pd romano, c&#8217;\u00e8 chi la sintetizza cos\u00ec: \u00abElly se la sente calla\u00bb. Tradotto per chi vive fuori dal raccordo anulare: Schlein \u00e8 carica e convinta di poter arrivare a Palazzo Chigi. A dispetto di chi nel suo partito non nasconde lo scetticismo sulle sue capacit\u00e0 di battere Giorgia Meloni e le suggerisce di evitare la conta delle primarie. E nonostante le manovre di Giuseppe Conte, che prover\u00e0 fino all&#8217;ultimo a soffiarle il posto di candidato premier del centrosinistra.<\/p>\n<p class=\"disable\">\u00a0<\/p>\n<p class=\"disable\">Anche andando a caccia nel territorio dell&#8217;alleata-rivale: ospite a quattro feste dell&#8217;Unit\u00e0 in meno di dieci giorni. La prima ieri sera a Genova, in dialogo con uno dei suoi &#8220;simpatizzanti&#8221; dentro il Pd, come l&#8217;ex ministro Andrea Orlando.<\/p>\n<p><a href=\"https:\/\/www.dagospia.com\/media-gallery\/dago-fotogallery-522274\/2288942\" class=\"float-left img-wrapper\"><img decoding=\"async\" id=\"2288942\" loading=\"lazy\" src=\"https:\/\/static.dagospia.com\/img\/foto\/07-2026\/elly-schlein-alessandro-onorato-giuseppe-conte-gaetano-manfredi-2288942_800_q50.webp\"><span class=\"img-title\">Elly Schlein alessandro Onorato Giuseppe Conte Gaetano Manfredi<\/span><\/a><\/p>\n<p class=\"disable\">\u00a0<\/p>\n<p class=\"disable\">\u00abIl Pd non pu\u00f2 chiedere a tutti gli alleati di dover accettare che il segretario del Pd rappresenti tutti\u00bb, ha scandito davanti alla platea dem. Poi un appello che sa di provocazione: \u00abNon facciamo le primarie di partito: se qualcuno degli iscritti 5 stelle pensa che Schlein sia pi\u00f9 idonea, allora voti Schlein!\u00bb.<\/p>\n<p class=\"disable\">(&#8230;)<\/p>\n<p class=\"disable\">\u00a0<\/p>\n<p class=\"disable\">A tutti i dirigenti dem che nelle ultime settimane lo hanno chiamato, preoccupati dai rischi della sfida dei gazebo, il presidente 5 stelle ha sempre risposto che non \u00e8 lui a essere ossessionato da Palazzo Chigi: \u00abElly punta dritta l\u00ec, non si far\u00e0 da parte \u2013 il suo ragionamento \u2013. Quindi, \u00e8 inutile chiedere a me se sono disponibile a un passo indietro\u00bb. Perch\u00e9, questo lo ha spiegato pi\u00f9 volte anche in pubblico, lui deve \u00abrispondere alla sua comunit\u00e0 politica\u00bb, cio\u00e8 alla base M5s, gi\u00e0 non proprio entusiasta di ritrovarsi in un&#8217;alleanza con il Pd alle elezioni politiche, per la prima volta nella storia del Movimento.<\/p>\n<p><a href=\"https:\/\/www.dagospia.com\/media-gallery\/dago-fotogallery-522274\/2288938\" class=\"float-right img-wrapper\"><img decoding=\"async\" id=\"2288938\" loading=\"lazy\" src=\"https:\/\/static.dagospia.com\/img\/foto\/07-2026\/giuseppe-conte-nicola-fratoianni-angelo-bonelli-elly-schlein-2288938_800_q50.webp\"><span class=\"img-title\">GIUSEPPE CONTE NICOLA FRATOIANNI ANGELO BONELLI ELLY SCHLEIN<\/span><\/a><\/p>\n<p class=\"disable\">\u00a0<\/p>\n<p class=\"disable\">E non potrebbe mai accettare di incoronare Schlein, in quanto leader del partito pi\u00f9 votato, senza provare a contenderle la leadership. Poi \u00e8 un gioco delle parti, perch\u00e9 Conte scarica sulla leader dem la responsabilit\u00e0, ma nemmeno lui vorrebbe cedere il passo a un ipotetico federatore.<\/p>\n<p class=\"disable\">\u00a0<\/p>\n<p class=\"disable\">A proposito, non fatevi ingannare dai sorrisi e dagli abbracci dell&#8217;altra sera al porto di Genova tra Schlein e Silvia Salis. La segretaria non si fida della sindaca e ancora teme che, alla fine, lei decida di correre alle primarie, magari dopo essersi rilanciata sulla scena politica nazionale, grazie all&#8217;uscita del suo libro (tra un mese). Ne hanno parlato marted\u00ec sera, in disparte, sul molo di Genova. Ieri sera Salis era in prima fila ad ascoltare Conte, con un siparietto scherzoso tra i due proprio sulla partecipazione della sindaca alle primarie (ha negato anche ieri).<\/p>\n<p class=\"disable\">\u00a0<\/p>\n<p class=\"disable\">Il leader M5s avrebbe tutto l&#8217;interesse a veder correre la sindaca alle primarie, soprattutto in caso di turno unico, perch\u00e9 porterebbe via voti quasi solo a Schlein. Lo stesso dicasi per Alessandro Onorato, fondatore di Progetto civico Italia, che, a differenza di Salis, \u00e8 gi\u00e0 pronto per misurarsi ai gazebo.<\/p>\n<p class=\"disable\">\u00a0<\/p>\n<p><a href=\"https:\/\/www.dagospia.com\/media-gallery\/dago-fotogallery-522274\/2283150\" class=\"float-left img-wrapper\"><img decoding=\"async\" id=\"2283150\" loading=\"lazy\" src=\"https:\/\/static.dagospia.com\/img\/foto\/07-2026\/conte-schlein-bonelli-fratoianni-2283150_800_q50.webp\"><span class=\"img-title\">conte schlein bonelli fratoianni<\/span><\/a><\/p>\n<p class=\"disable\">Mesi fa l&#8217;assessore romano la voleva al suo fianco per guidare il nascente movimento degli amministratori e da l\u00ec proporsi come federatrice dell&#8217;intera area centrista. Ora quella finestra di opportunit\u00e0 sembra essersi chiusa.<\/p>\n<p class=\"disable\">\u00a0<\/p>\n<p class=\"disable\">Del resto, Onorato era sul punto di incorniciarsi in ufficio l&#8217;ultimo sondaggio sulle primarie svolto dall&#8217;Istituto Piepoli, che lo ha piazzato oltre il 30%, al secondo posto, dietro a Conte e di poco davanti sia a Salis sia a Schlein.<\/p>\n<p class=\"disable\">\u00a0<\/p>\n<p class=\"disable\">E nel Pd tutti sono convinti che, in caso di ballottaggio, i suoi voti saranno convogliati verso Conte, con la benedizione del comune amico Goffredo Bettini. Anche per questo \u00abmi sa che al Nazareno non sto tanto simpatico\u00bb, va ripetendo lui.<\/p>\n<p><a href=\"https:\/\/www.dagospia.com\/media-gallery\/dago-fotogallery-522274\/2275916\" class=\"float-right img-wrapper\"><img decoding=\"async\" id=\"2275916\" loading=\"lazy\" src=\"https:\/\/static.dagospia.com\/img\/foto\/06-2026\/giuseppe-conte-elly-schlein-nicola-fratoianni-alla-festa-dei-125-anni-della-fiom-2275916_800_q50.webp\"><span class=\"img-title\">GIUSEPPE CONTE &#8211; ELLY SCHLEIN &#8211; NICOLA FRATOIANNI ALLA FESTA DEI 125 ANNI DELLA FIOM<\/span><\/a><\/p>\n<p class=\"disable\">\u00a0<\/p>\n<p class=\"disable\">Dopo aver notato di essere l&#8217;unico (insieme a Ernesto Maria Ruffini), tra i vari protagonisti del cosiddetto campo largo, a non essere stato invitato alla festa di Reggio Emilia.<\/p>\n<p class=\"disable\">\u00a0<\/p>\n<p class=\"disable\">Nel programma dei dibattiti ci sono Riccardo Magi di Pi\u00f9 Europa ed Enzo Maraio del Psi, quest&#8217;anno perfino Matteo Renzi, ma Onorato no.<\/p>\n<p class=\"disable\">\u00a0<\/p>\n<p class=\"disable\">Non c&#8217;\u00e8, per la verit\u00e0, nemmeno Salis: l&#8217;avevano invitata, proponendole una sola data, ma lei quel giorno non poteva. Pare che dal Nazareno non abbiano insistito pi\u00f9 di tanto.<\/p>\n<p><a href=\"https:\/\/www.dagospia.com\/media-gallery\/dago-fotogallery-522274\/2276988\" class=\"float-right img-wrapper\"><img decoding=\"async\" id=\"2276988\" loading=\"lazy\" src=\"https:\/\/static.dagospia.com\/img\/foto\/06-2026\/elly-schlein-e-giuseppe-conte-2276988_800_q50.webp\"><span class=\"img-title\">Elly Schlein e Giuseppe Conte<\/span><\/a><a href=\"https:\/\/www.dagospia.com\/media-gallery\/dago-fotogallery-522274\/2298377\" class=\"float-left img-wrapper\"><img decoding=\"async\" id=\"2298377\" loading=\"lazy\" src=\"https:\/\/static.dagospia.com\/img\/foto\/08-2026\/alessandro-onorato-goffredo-bettini-giuseppe-conte-foto-lapresse-2298377_800_q50.webp\"><span class=\"img-title\">alessandro onorato goffredo bettini giuseppe conte foto lapresse<\/span><\/a><a href=\"https:\/\/www.dagospia.com\/media-gallery\/dago-fotogallery-522274\/2301561\" class=\"float-right img-wrapper\"><img decoding=\"async\" id=\"2301561\" loading=\"lazy\" src=\"https:\/\/static.dagospia.com\/img\/foto\/09-2026\/silvia-salis-elly-schlein-festa-unita-genova-2301561_800_q50.webp\"><span class=\"img-title\">SILVIA SALIS ELLY SCHLEIN FESTA UNITA GENOVA<\/span><\/a><a href=\"https:\/\/www.dagospia.com\/media-gallery\/dago-fotogallery-522274\/2301562\" class=\"float-right img-wrapper\"><img decoding=\"async\" id=\"2301562\" loading=\"lazy\" src=\"https:\/\/static.dagospia.com\/img\/foto\/09-2026\/silvia-salis-elly-schlein-festa-unita-genova-2301562_800_q50.webp\"><span class=\"img-title\">SILVIA SALIS ELLY SCHLEIN FESTA UNITA GENOVA<\/span><\/a><a href=\"https:\/\/www.dagospia.com\/media-gallery\/dago-fotogallery-522274\/2298376\" class=\"float-right img-wrapper\"><img decoding=\"async\" id=\"2298376\" loading=\"lazy\" src=\"https:\/\/static.dagospia.com\/img\/foto\/08-2026\/alessandro-onorato-goffredo-bettini-giuseppe-conte-foto-lapresse-2298376_800_q50.webp\"><span class=\"img-title\">alessandro onorato goffredo bettini giuseppe conte foto lapresse <\/span><\/a><a href=\"https:\/\/www.dagospia.com\/media-gallery\/dago-fotogallery-522274\/2282678\" class=\"float-right img-wrapper\"><img decoding=\"async\" id=\"2282678\" loading=\"lazy\" src=\"https:\/\/static.dagospia.com\/img\/foto\/07-2026\/giuseppe-conte-angelo-bonelli-elly-schlein-nicola-fratoianni-manifestazione-del--2282678_800_q50.webp\"><span class=\"img-title\">giuseppe conte angelo bonelli elly schlein nicola fratoianni manifestazione del campo largo foto lapresse <\/span><\/a><\/p>\n<\/div>\n<div class=\"share-section\">\n                Condividi  questo articolo<\/p>\n<div class=\"socials\"><a href=\"https:\/\/www.dagospia.com\/politica\/schlein-se-sente-calla-punta-palazzo-chigi-il-pd-mosse-conte-onorato-485847\"><img decoding=\"async\" src=\"https:\/\/static.dagospia.com\/img\/icons\/facebook.svg\" alt=\"Condividi su Facebook\"><\/a><a href=\"https:\/\/www.dagospia.com\/politica\/schlein-se-sente-calla-punta-palazzo-chigi-il-pd-mosse-conte-onorato-485847\"><img decoding=\"async\" src=\"https:\/\/static.dagospia.com\/img\/icons\/x-icon.png\" alt=\"Condividi su X\"><\/a><a href=\"https:\/\/www.dagospia.com\/politica\/schlein-se-sente-calla-punta-palazzo-chigi-il-pd-mosse-conte-onorato-485847\"><img decoding=\"async\" src=\"https:\/\/static.dagospia.com\/img\/icons\/whatsapp.svg\" alt=\"Condividi su Whatsapp\"><\/a><a href=\"https:\/\/www.dagospia.com\/politica\/schlein-se-sente-calla-punta-palazzo-chigi-il-pd-mosse-conte-onorato-485847\"><img decoding=\"async\" src=\"https:\/\/static.dagospia.com\/img\/icons\/mail.svg\" alt=\"Invia in email\"><\/a><\/div>\n<\/div>\n<\/article>\n<div class=\"content\">\n<p class=\"disable\"><strong>DAGOREPORT<\/strong><\/p>\n<p class=\"disable\"><strong><a href=\"https:\/\/www.dagospia.com\/politica\/elly-ascolta-gli-amici-i-big-pd-scesi-in-campo-cosi-pesantemente-per-485354\">https:\/\/www.dagospia.com\/politica\/elly-ascolta-gli-amici-i-big-pd-scesi-in-campo-cosi-pesantemente-per-485354<\/a><\/strong><\/p>\n<p class=\"disable\">\u00a0<\/p>\n<p><a href=\"https:\/\/www.dagospia.com\/media-gallery\/dago-fotogallery-522274\/2301085\" class=\"float-right img-wrapper\"><img decoding=\"async\" id=\"2301085\" loading=\"lazy\" src=\"https:\/\/static.dagospia.com\/img\/foto\/08-2026\/conte-schlein-2301085_800_q50.webp\"><span class=\"img-title\">conte schlein<\/span><\/a><\/p>\n<p class=\"disable\"><strong>Articolo di Matteo Macor per <a href=\"http:\/\/repubblica\" target=\"_blank\">\u201cla Repubblica\u201d &#8211; Estratti<\/a><\/strong><\/p>\n<p class=\"disable\">\u00a0<\/p>\n<p class=\"disable\">Almeno in termini di principio, il messaggio \u00e8 uno e condiviso. \u00abNon parliamo in continuazione di primarie, questo \u00e8 il tempo del programma\u00bb, chiede Giuseppe Conte tra gli applausi alla sua prima partecipazione dell&#8217;estate a una festa dem, a Genova.<\/p>\n<p class=\"disable\">\u00a0<\/p>\n<p class=\"disable\">\u00abNon parliamo solo di noi\u00bb, diceva solo due giorni fa Elly Schlein alla stessa Festa dell&#8217;Unit\u00e0, destinatari i compagni di alleanza e in parte pure di partito.<\/p>\n<p class=\"disable\">\u00a0<\/p>\n<p class=\"disable\">Se la formula di rito non pu\u00f2 che combaciare, per\u00f2, \u00e8 gi\u00e0 da tempo evidente che settembre sar\u00e0 ancora mese di navigazione a vista e tatticismi incrociati, sulle rotte del campo largo.<\/p>\n<p class=\"disable\">\u00a0<\/p>\n<p class=\"disable\">E come tale, probabilmente, va presa anche la nuova mano tesa del leader del M5s in casa del Pd: \u00abIl progetto di coalizione viene prima dell&#8217;ambizione personale, &#8211; \u00e8 parola di Conte &#8211; se anche nel Movimento c&#8217;\u00e8 chi pensa Elly Schlein possa essere la candidata pi\u00f9 idonea per il campo largo la voter\u00e0\u00bb.<\/p>\n<p><a href=\"https:\/\/www.dagospia.com\/media-gallery\/dago-fotogallery-522274\/2279494\" class=\"float-left img-wrapper\"><img decoding=\"async\" id=\"2279494\" loading=\"lazy\" src=\"https:\/\/static.dagospia.com\/img\/foto\/07-2026\/schlein-conte-2279494_800_q50.webp\"><span class=\"img-title\">schlein conte<\/span><\/a><\/p>\n<p class=\"disable\">\u00a0<\/p>\n<p class=\"disable\">In scena in casa di Silvia Salis, nella citt\u00e0 che fu di Beppe Grillo, l&#8217;incontro genovese \u00e8 stato pensato per \u00abcucire\u00bb, si fa capire su entrambe le sponde dell&#8217;alleanza. L&#8217;arena mischia i militanti del partito e i quadri locali a 5S, Salis in prima fila come gi\u00e0 con Schlein e Andrea Orlando sul palco a dialogare con Conte. \u00c8 l&#8217;ex ministro dem ad aver invitato il leader 5S, dice lui anche per \u00abfare quello che avremmo dovuto iniziare a fare il giorno dopo la vittoria del referendum\u00bb. \u00abCostruire sul condiviso, su quello che gi\u00e0 abbiamo fatto insieme, anche nel nome della Costituzione\u00bb, concorda il presidente 5s.<\/p>\n<p class=\"disable\">\u00a0<\/p>\n<p class=\"disable\">Sar\u00e0 che non tutto unisce, per\u00f2, in area progressista (\u00abIl dossier russo-ucraino? Sar\u00e0 uno dei temi su cui ci dovremo confrontare, ci stiamo prendendo questo mese per tirare le fila e dobbiamo trovare una sintesi\u00bb), se il nodo rimane ancora quello delle primarie. \u00abO si sceglie il segretario del partito pi\u00f9 grande, o si fanno le consultazioni di coalizione, non vedo altre possibilit\u00e0 ma non potranno mai essere divisive\u00bb, dice Conte. \u00abRenzi e Calenda in coalizione? L&#8217;importante \u00e8 la solidit\u00e0\u00bb. E ancora: \u00abIl campo largo lo annaffio ogni giorno con cura e attenzione, le mie ambizioni personali non saranno un motivo di condizionamento\u00bb, \u00e8 l&#8217;ultima promessa.\u00a0<\/p>\n<p><a href=\"https:\/\/www.dagospia.com\/media-gallery\/dago-fotogallery-522274\/2276986\" class=\"float-right img-wrapper\"><img decoding=\"async\" id=\"2276986\" loading=\"lazy\" src=\"https:\/\/static.dagospia.com\/img\/foto\/06-2026\/elly-schlein-e-giuseppe-conte3-2276986_800_q50.webp\"><span class=\"img-title\">Elly Schlein e Giuseppe Conte3<\/span><\/a><\/p>\n<p class=\"disable\">\u00a0<\/p>\n<p class=\"disable\">(&#8230;)<\/p>\n<p class=\"disable\">\u00a0<\/p>\n<p class=\"disable\"><strong>SCHLEIN VERSO IL COMIZIO SHOW CONTE GIRA LE FESTE DELL\u2019UNIT\u00c0 \u201cELLY \u00c8 OSSESSIONATA DA CHIGI\u201d<\/strong><\/p>\n<p class=\"disable\"><strong>Niccol\u00f2 Carratelli per<a href=\"http:\/\/lastampa\" target=\"_blank\"> \u201cLa Stampa\u201d &#8211; Estratti<\/a><\/strong><\/p>\n<p class=\"disable\">\u00a0<\/p>\n<p class=\"disable\">Prima i Subsonica. Poi le Bambole di pezza.<\/p>\n<p class=\"disable\">\u00a0<\/p>\n<p class=\"disable\">Poi, ancora, Elio e le storie tese. Infine, Elly Schlein. Quest&#8217;anno alla segretaria Pd sta stretto il solito tendone dove si svolgono i dibattiti alla festa dell&#8217;Unit\u00e0 nazionale di Reggio Emilia. La &#8220;sala&#8221; dove negli anni passati si \u00e8 sempre svolto il suo comizio conclusivo, peraltro stavolta intitolata a Francesco Guccini, non \u00e8 sufficiente a contenere le sue ambizioni. L\u00ec, sedute o in piedi, entrano s\u00ec e no mille persone.<\/p>\n<p class=\"disable\">\u00a0<\/p>\n<p><a href=\"https:\/\/www.dagospia.com\/media-gallery\/dago-fotogallery-522274\/2301494\" class=\"float-left img-wrapper\"><img decoding=\"async\" id=\"2301494\" loading=\"lazy\" src=\"https:\/\/static.dagospia.com\/img\/foto\/09-2026\/elly-schlein-giuseppe-conte-il-movimento-vignetta-italia-oggi-2301494_800_q50.webp\"><span class=\"img-title\">ELLY SCHLEIN &#8211; GIUSEPPE CONTE &#8211; IL MOVIMENTO &#8211; VIGNETTA ITALIA OGGI <\/span><\/a><\/p>\n<p class=\"disable\">Ma per chiudere l&#8217;ultima festa dell&#8217;Unit\u00e0 prima delle elezioni serve un palco da rock star, quello della Iren Green Park arena di Campovolo, dove in queste serate della festa si svolgono i concerti a pagamento. Il comizio di Schlein, se non altro, sar\u00e0 a ingresso libero, ma l&#8217;idea \u00e8 trasformarlo in un evento di maggior impatto.<\/p>\n<p class=\"disable\">\u00a0<\/p>\n<p class=\"disable\">Per domenica 13 settembre ci sono pullman gi\u00e0 prenotati per partire da alcune citt\u00e0 del Nord, con l&#8217;obiettivo di portare a Reggio Emilia centinaia di militanti Pd. Ai delusi di Milano o Torino, che non hanno avuto il piacere di ricevere Schlein nelle loro feste dell&#8217;Unit\u00e0 locali, \u00e8 stato proposto di venire ad ascoltarla a Campovolo.<\/p>\n<p><a href=\"https:\/\/www.dagospia.com\/media-gallery\/dago-fotogallery-522274\/2276985\" class=\"float-right img-wrapper\"><img decoding=\"async\" id=\"2276985\" loading=\"lazy\" src=\"https:\/\/static.dagospia.com\/img\/foto\/06-2026\/elly-schlein-e-giuseppe-conte2-2276985_800_q50.webp\"><span class=\"img-title\">Elly Schlein e Giuseppe Conte2<\/span><\/a><\/p>\n<p class=\"disable\">\u00a0<\/p>\n<p class=\"disable\">In ambienti del Pd romano, c&#8217;\u00e8 chi la sintetizza cos\u00ec: \u00abElly se la sente calla\u00bb. Tradotto per chi vive fuori dal raccordo anulare: Schlein \u00e8 carica e convinta di poter arrivare a Palazzo Chigi. A dispetto di chi nel suo partito non nasconde lo scetticismo sulle sue capacit\u00e0 di battere Giorgia Meloni e le suggerisce di evitare la conta delle primarie. E nonostante le manovre di Giuseppe Conte, che prover\u00e0 fino all&#8217;ultimo a soffiarle il posto di candidato premier del centrosinistra.<\/p>\n<p class=\"disable\">\u00a0<\/p>\n<p class=\"disable\">Anche andando a caccia nel territorio dell&#8217;alleata-rivale: ospite a quattro feste dell&#8217;Unit\u00e0 in meno di dieci giorni. La prima ieri sera a Genova, in dialogo con uno dei suoi &#8220;simpatizzanti&#8221; dentro il Pd, come l&#8217;ex ministro Andrea Orlando.<\/p>\n<p><a href=\"https:\/\/www.dagospia.com\/media-gallery\/dago-fotogallery-522274\/2288942\" class=\"float-left img-wrapper\"><img decoding=\"async\" id=\"2288942\" loading=\"lazy\" src=\"https:\/\/static.dagospia.com\/img\/foto\/07-2026\/elly-schlein-alessandro-onorato-giuseppe-conte-gaetano-manfredi-2288942_800_q50.webp\"><span class=\"img-title\">Elly Schlein alessandro Onorato Giuseppe Conte Gaetano Manfredi<\/span><\/a><\/p>\n<p class=\"disable\">\u00a0<\/p>\n<p class=\"disable\">\u00abIl Pd non pu\u00f2 chiedere a tutti gli alleati di dover accettare che il segretario del Pd rappresenti tutti\u00bb, ha scandito davanti alla platea dem. Poi un appello che sa di provocazione: \u00abNon facciamo le primarie di partito: se qualcuno degli iscritti 5 stelle pensa che Schlein sia pi\u00f9 idonea, allora voti Schlein!\u00bb.<\/p>\n<p class=\"disable\">(&#8230;)<\/p>\n<p class=\"disable\">\u00a0<\/p>\n<p class=\"disable\">A tutti i dirigenti dem che nelle ultime settimane lo hanno chiamato, preoccupati dai rischi della sfida dei gazebo, il presidente 5 stelle ha sempre risposto che non \u00e8 lui a essere ossessionato da Palazzo Chigi: \u00abElly punta dritta l\u00ec, non si far\u00e0 da parte \u2013 il suo ragionamento \u2013. Quindi, \u00e8 inutile chiedere a me se sono disponibile a un passo indietro\u00bb. Perch\u00e9, questo lo ha spiegato pi\u00f9 volte anche in pubblico, lui deve \u00abrispondere alla sua comunit\u00e0 politica\u00bb, cio\u00e8 alla base M5s, gi\u00e0 non proprio entusiasta di ritrovarsi in un&#8217;alleanza con il Pd alle elezioni politiche, per la prima volta nella storia del Movimento.<\/p>\n<p><a href=\"https:\/\/www.dagospia.com\/media-gallery\/dago-fotogallery-522274\/2288938\" class=\"float-right img-wrapper\"><img decoding=\"async\" id=\"2288938\" loading=\"lazy\" src=\"https:\/\/static.dagospia.com\/img\/foto\/07-2026\/giuseppe-conte-nicola-fratoianni-angelo-bonelli-elly-schlein-2288938_800_q50.webp\"><span class=\"img-title\">GIUSEPPE CONTE NICOLA FRATOIANNI ANGELO BONELLI ELLY SCHLEIN<\/span><\/a><\/p>\n<p class=\"disable\">\u00a0<\/p>\n<p class=\"disable\">E non potrebbe mai accettare di incoronare Schlein, in quanto leader del partito pi\u00f9 votato, senza provare a contenderle la leadership. Poi \u00e8 un gioco delle parti, perch\u00e9 Conte scarica sulla leader dem la responsabilit\u00e0, ma nemmeno lui vorrebbe cedere il passo a un ipotetico federatore.<\/p>\n<p class=\"disable\">\u00a0<\/p>\n<p class=\"disable\">A proposito, non fatevi ingannare dai sorrisi e dagli abbracci dell&#8217;altra sera al porto di Genova tra Schlein e Silvia Salis. La segretaria non si fida della sindaca e ancora teme che, alla fine, lei decida di correre alle primarie, magari dopo essersi rilanciata sulla scena politica nazionale, grazie all&#8217;uscita del suo libro (tra un mese). Ne hanno parlato marted\u00ec sera, in disparte, sul molo di Genova. Ieri sera Salis era in prima fila ad ascoltare Conte, con un siparietto scherzoso tra i due proprio sulla partecipazione della sindaca alle primarie (ha negato anche ieri).<\/p>\n<p class=\"disable\">\u00a0<\/p>\n<p class=\"disable\">Il leader M5s avrebbe tutto l&#8217;interesse a veder correre la sindaca alle primarie, soprattutto in caso di turno unico, perch\u00e9 porterebbe via voti quasi solo a Schlein. Lo stesso dicasi per Alessandro Onorato, fondatore di Progetto civico Italia, che, a differenza di Salis, \u00e8 gi\u00e0 pronto per misurarsi ai gazebo.<\/p>\n<p class=\"disable\">\u00a0<\/p>\n<p><a href=\"https:\/\/www.dagospia.com\/media-gallery\/dago-fotogallery-522274\/2283150\" class=\"float-left img-wrapper\"><img decoding=\"async\" id=\"2283150\" loading=\"lazy\" src=\"https:\/\/static.dagospia.com\/img\/foto\/07-2026\/conte-schlein-bonelli-fratoianni-2283150_800_q50.webp\"><span class=\"img-title\">conte schlein bonelli fratoianni<\/span><\/a><\/p>\n<p class=\"disable\">Mesi fa l&#8217;assessore romano la voleva al suo fianco per guidare il nascente movimento degli amministratori e da l\u00ec proporsi come federatrice dell&#8217;intera area centrista. Ora quella finestra di opportunit\u00e0 sembra essersi chiusa.<\/p>\n<p class=\"disable\">\u00a0<\/p>\n<p class=\"disable\">Del resto, Onorato era sul punto di incorniciarsi in ufficio l&#8217;ultimo sondaggio sulle primarie svolto dall&#8217;Istituto Piepoli, che lo ha piazzato oltre il 30%, al secondo posto, dietro a Conte e di poco davanti sia a Salis sia a Schlein.<\/p>\n<p class=\"disable\">\u00a0<\/p>\n<p class=\"disable\">E nel Pd tutti sono convinti che, in caso di ballottaggio, i suoi voti saranno convogliati verso Conte, con la benedizione del comune amico Goffredo Bettini. Anche per questo \u00abmi sa che al Nazareno non sto tanto simpatico\u00bb, va ripetendo lui.<\/p>\n<p><a href=\"https:\/\/www.dagospia.com\/media-gallery\/dago-fotogallery-522274\/2275916\" class=\"float-right img-wrapper\"><img decoding=\"async\" id=\"2275916\" loading=\"lazy\" src=\"https:\/\/static.dagospia.com\/img\/foto\/06-2026\/giuseppe-conte-elly-schlein-nicola-fratoianni-alla-festa-dei-125-anni-della-fiom-2275916_800_q50.webp\"><span class=\"img-title\">GIUSEPPE CONTE &#8211; ELLY SCHLEIN &#8211; NICOLA FRATOIANNI ALLA FESTA DEI 125 ANNI DELLA FIOM<\/span><\/a><\/p>\n<p class=\"disable\">\u00a0<\/p>\n<p class=\"disable\">Dopo aver notato di essere l&#8217;unico (insieme a Ernesto Maria Ruffini), tra i vari protagonisti del cosiddetto campo largo, a non essere stato invitato alla festa di Reggio Emilia.<\/p>\n<p class=\"disable\">\u00a0<\/p>\n<p class=\"disable\">Nel programma dei dibattiti ci sono Riccardo Magi di Pi\u00f9 Europa ed Enzo Maraio del Psi, quest&#8217;anno perfino Matteo Renzi, ma Onorato no.<\/p>\n<p class=\"disable\">\u00a0<\/p>\n<p class=\"disable\">Non c&#8217;\u00e8, per la verit\u00e0, nemmeno Salis: l&#8217;avevano invitata, proponendole una sola data, ma lei quel giorno non poteva. Pare che dal Nazareno non abbiano insistito pi\u00f9 di tanto.<\/p>\n<p><a href=\"https:\/\/www.dagospia.com\/media-gallery\/dago-fotogallery-522274\/2276988\" class=\"float-right img-wrapper\"><img decoding=\"async\" id=\"2276988\" loading=\"lazy\" src=\"https:\/\/static.dagospia.com\/img\/foto\/06-2026\/elly-schlein-e-giuseppe-conte-2276988_800_q50.webp\"><span class=\"img-title\">Elly Schlein e Giuseppe Conte<\/span><\/a><a href=\"https:\/\/www.dagospia.com\/media-gallery\/dago-fotogallery-522274\/2298377\" class=\"float-left img-wrapper\"><img decoding=\"async\" id=\"2298377\" loading=\"lazy\" src=\"https:\/\/static.dagospia.com\/img\/foto\/08-2026\/alessandro-onorato-goffredo-bettini-giuseppe-conte-foto-lapresse-2298377_800_q50.webp\"><span class=\"img-title\">alessandro onorato goffredo bettini giuseppe conte foto lapresse<\/span><\/a><a href=\"https:\/\/www.dagospia.com\/media-gallery\/dago-fotogallery-522274\/2301561\" class=\"float-right img-wrapper\"><img decoding=\"async\" id=\"2301561\" loading=\"lazy\" src=\"https:\/\/static.dagospia.com\/img\/foto\/09-2026\/silvia-salis-elly-schlein-festa-unita-genova-2301561_800_q50.webp\"><span class=\"img-title\">SILVIA SALIS ELLY SCHLEIN FESTA UNITA GENOVA<\/span><\/a><a href=\"https:\/\/www.dagospia.com\/media-gallery\/dago-fotogallery-522274\/2301562\" class=\"float-right img-wrapper\"><img decoding=\"async\" id=\"2301562\" loading=\"lazy\" src=\"https:\/\/static.dagospia.com\/img\/foto\/09-2026\/silvia-salis-elly-schlein-festa-unita-genova-2301562_800_q50.webp\"><span class=\"img-title\">SILVIA SALIS ELLY SCHLEIN FESTA UNITA GENOVA<\/span><\/a><a href=\"https:\/\/www.dagospia.com\/media-gallery\/dago-fotogallery-522274\/2298376\" class=\"float-right img-wrapper\"><img decoding=\"async\" id=\"2298376\" loading=\"lazy\" src=\"https:\/\/static.dagospia.com\/img\/foto\/08-2026\/alessandro-onorato-goffredo-bettini-giuseppe-conte-foto-lapresse-2298376_800_q50.webp\"><span class=\"img-title\">alessandro onorato goffredo bettini giuseppe conte foto lapresse <\/span><\/a><a href=\"https:\/\/www.dagospia.com\/media-gallery\/dago-fotogallery-522274\/2282678\" class=\"float-right img-wrapper\"><img decoding=\"async\" id=\"2282678\" loading=\"lazy\" src=\"https:\/\/static.dagospia.com\/img\/foto\/07-2026\/giuseppe-conte-angelo-bonelli-elly-schlein-nicola-fratoianni-manifestazione-del--2282678_800_q50.webp\"><span class=\"img-title\">giuseppe conte angelo bonelli elly schlein nicola fratoianni manifestazione del campo largo foto lapresse <\/span><\/a><\/p>\n<\/div>\n<article><a href=\"https:\/\/www.dagospia.com\/cronache\/la-camorra-indaga-legge-ringrazia-ad-indirizzare-indagini-lavitola-485901\"><\/p>\n<div class=\"img-wrapper\"><img decoding=\"async\" src=\"https:\/\/static.dagospia.com\/img\/patch\/09-2026\/attentato-sigfrido-ranucci-bomba-valter-lavitola-clesio-gomes-tavares-pellegrino-2302877_600_q50.webp\" alt=\"attentato sigfrido ranucci bomba valter lavitola clesio gomes tavares pellegrino d\u2019avino davino antonio passariello saverio mutone \" loading=\"lazy\"><time class=\"data-ora\">4 set 19:43<\/time><\/div>\n<div class=\"excerpt\">\n<p>DAGOREPORT-\u00a0<span>PECCATO CHE SIANO SCOMPARSI I POLIZIOTTESCHI DEGLI ANNI \u201970, TIPO: \u201cLA CAMORRA SFIDA, NAPOLI RISPONDE\u2019\u2019.<\/span> DAVANTI AI COLPI DI SCENA DEL GASTRO-CRIMINAL-SHOW, STARRING LAVITOLA E RANUCCI, AVREBBERO SCODELLATO UN BEL FILMONE, INTITOLATO: <span>\u201cLA CAMORRA INDAGA, LA LEGGE RINGRAZIA\u201d \u2013<\/span> QUANDO RANUCCI INDIRIZZA LE INDAGINI SULLA PISTA DELLA CAMORRA, IL CLAN CAVA, STORICA ORGANIZZAZIONE IRPINA DI QUINDICI, NON HA PRESO PER NIENTE BENE DI FINIRE SOTTO PRESSIONE PER IL LAVORO INVESTIGATIVO DEI CARABINIERI \u2013 <span>INDAGANO E SCOPRONO CHE ANTONIO PASSARIELLO, L\u2019UNICO LORO AFFILIATO DEL QUARTETTO BOMBAROLO (GLI ALTRI TRE NON ERANO ORGANICI AL CLAN),<\/span> NON SI ERA PREOCCUPATO DI INFORMARE IL VERTICE DEL CLAN, N\u00c9 DI RICEVERE IL VIA LIBERA PER COMPIERE L\u2019ATTENTATO &#8211; I CAMORRISTI DECIDONO ALLORA DI INDIRIZZARE GLI INQUIRENTI SULLA PISTA GIUSTA, INVIANDO UNA MAIL AL PM: <span>\u201cSE CE LO AVREBBE DETTO NON GLIELO AVREMMO MAI PERMESSO PERCH\u00c9 RANUCCI A NOI NON CI HA FATTO NIENTE E QUESTO SONO GUAI CHE NON VOGLIAMO<\/span>, ALLORA PRIMA CHE SI MISCHIANO LE CARTE, LE COSE STANNO COSI\u2026\u201d. E GI\u00d9 UN NUMERO DI TELEFONO INTESTATO A UN\u2019ALTRA PERSONA MA UTILIZZATO DA PASSARIELLO, CHE GLI INVESTIGATORI NON AVEVANO ANCORA SCOPERTO. <span>DA L\u00cc, INTERCETTANDO INTERCETTANDO, SI \u00c8 FINITI A TAVARES E LAVITOLA\u2026<\/span> &#8211; VIDEO<\/p>\n<\/div>\n<p><\/a><\/article>\n<article><a href=\"https:\/\/www.dagospia.com\/politica\/flash-e-non-e-lui-ministro-per-pubblica-amministrazione-paolo-zangrillo-485844\"><\/p>\n<div class=\"img-wrapper\"><img decoding=\"async\" src=\"https:\/\/static.dagospia.com\/img\/patch\/09-2026\/paolo-zangrillo-in-un-volo-di-linea-ita-airways-da-lamezia-a-milano-3-2302703_600_q50.webp\" alt=\"paolo zangrillo in un volo di linea ita airways da lamezia a milano - 3\" loading=\"lazy\"><time class=\"data-ora\">4 set 13:08<\/time><\/div>\n<div class=\"excerpt\">\n<p>FLASH \u2013 \u00c8 LUI O NON \u00c8 LUI? MA CERTO CHE \u00c8 LUI! IL MINISTRO PER LA PUBBLICA AMMINISTRAZIONE (IN QUOTA MARINA) <span>PAOLO ZANGRILLO, CHE SCALPITA PER FARE LE SCARPE A TAJANI, \u00c8 STATO AVVISTATO POCO FA IN UN VOLO DI LINEA DA LAMEZIA TERME A MILANO LINATE<\/span>, IN MEZZO A IGNARI PASSEGGERI. CHE COSA LO ASPETTA ALL\u2019OMBRA DELLA MADUNINA? RIFERIR\u00c0 A \u201cMADRINA\u201d BERLUSCONI L\u2019ESITO DEL SUO TETE-A-TETE CON ROBERTO OCCHIUTO, ALTRO COCCO DELLA REAL CASATA DI ARCORE?<\/p>\n<\/div>\n<p><\/a><\/article>\n<article><a href=\"https:\/\/www.dagospia.com\/politica\/dagoreport-giorgia-meloni-e-in-modalita-cattivissima-me-fronte-guai-485762\"><\/p>\n<div class=\"img-wrapper\"><img decoding=\"async\" src=\"https:\/\/static.dagospia.com\/img\/patch\/09-2026\/giorgia-meloni-sigfrido-ranucci-giampaolo-rossi-giovambattista-fazzolari-patrizi-2302272_600_q50.webp\" alt=\"giorgia meloni sigfrido ranucci giampaolo rossi giovambattista fazzolari patrizia scurti antonio tajani matteo salvini \" loading=\"lazy\"><time class=\"data-ora\">3 set 20:07<\/time><\/div>\n<div class=\"excerpt\">\n<p>DAGOREPORT \u2013 <span>GIORGIA MELONI \u00c8 IN MODALIT\u00c0 \u201cCATTIVISSIMA ME\u201d<\/span>: DOPO QUATTRO ANNI DI LUNA DI MIELE, PER LA DUCETTA \u00c8 ARRIVATA LA TEMPESTA PERFETTA: LO STOP AL PREMIERATO,\u00a0LA BATOSTA AL REFERENDUM, LE RAFFICHE DI \u201cVAFFA\u201d DI TRUMP, L&#8217;ESPLOSIONE DEL FENOMENO VANNACCI, IL CROLLO DELLA LEGA, FORZA ITALIA ALLA BERLUSCONINA, IL CAOS INTORNO ALLA NUOVA LEGGE ELETTORALE, L&#8217;AUTOGOL SULLA SOSTITUZIONE DI RANUCCI &#8211; <span>PIU&#8217; IRRIDUCIBILE DELLA MALASORTE, ANZICHE&#8217; ASCOLTARE I CO-FONDATORI DI FDI, LA RUSSA E CROSETTO, L&#8217;UNDERDOG PREFERISCE\u00a0CIRCONDARSI DALL&#8217;AFFETTO DEL SUO CIRCOLETTO DELLA GARBATELLA<\/span>\u00a0&#8211; DOMANI DA BARI, DOVE FESTEGGIA IL RECORD DI DURATA DEL SUO GOVERNO, L&#8217;UNDERDOG LANCER\u00c0 IL SUO GRIDO DI RISCOSSA ELETTORALE &#8211; <span>SA CHE L&#8217;ARMATA BRANCA-MELONI NON PUO&#8217; REGGERE FINO A OTTOBRE 2027, OCCORRE ANTICIPARE IL VOTO AD APRILE, LASCIANDO LE COMUNALI A GIUGNO <\/span>&#8211; MA MATTARELLA VUOLE L\u2019ELECTION-DAY A CUI SI OPPONE LA MELONI, TERRORIZZATA DALL\u2019EFFETTO TRAINO DI UN FILOTTO DEL CENTROSINISTRA: CHE DECIDERA&#8217; IL COLLE? AH, SAPERLO&#8230;<\/p>\n<\/div>\n<p><\/a><\/article>\n<article><a href=\"https:\/\/www.dagospia.com\/politica\/dagoreport-roberto-vannacci-marcia-cernobbio-gli-imprenditori-italiani-485729\"><\/p>\n<div class=\"img-wrapper\"><img decoding=\"async\" src=\"https:\/\/static.dagospia.com\/img\/patch\/09-2026\/crosetto-calenda-vannacci-monti-de-bortoli-forum-ambrosetti-cernobbio-2302201_600_q50.webp\" alt=\"crosetto calenda vannacci monti de bortoli forum ambrosetti cernobbio\" loading=\"lazy\"><time class=\"data-ora\">3 set 20:02<\/time><\/div>\n<div class=\"excerpt\">\n<p><span>DAGOREPORT <\/span>&#8211; MENTRE LA PROCURA MILITARE DI ROMA AVVIA UN\u2019INDAGINE SUGLI UFFICIALI CHE HANNO ADERITO ALLA &#8220;SPORCA DOZZINA&#8221; DI ROBERTO VANNACCI, <span>IL RE-DUX DI FUTURO NAZIONALE MARCIA SU CERNOBBIO: SABATO \u00c8 ATTESO IN POMPA MAGNA AL FORUM AMBROSETTI PER DIBATTERE CON L\u2019EX PREMIER MARIO MONTI<\/span> &#8211; DALL&#8217;IDEOLOGO DEL POPULISMO GRILLINO, GIAN ROBERTO CASALEGGIO AL LEADER SOVRANISTA OLANDESE, IL RAZZISTA GEERT WILDERS, LE PRESENZE PROVOCATORIE E ACCHIAPPA-TITOLI NON SONO UNA NOVITA&#8217; A VILLA D&#8217;ESTE &#8211;<span> SDEGNATI PER LA PRESENZA E &#8220;TRATTAMENTO PREFERENZIALE&#8221; DEDICATO ALL\u2019EX PAR\u00c0(CULO) DELLA FOLGORE, CARLO CALENDA E GUIDO CROSETTO NON METTERANNO PIEDE A CERNOBBIO<\/span> \u2013 ANCHE FERRUCCIO DE BORTOLI RIFIUTA DI DUETTARE CON L\u2019EX GENERALE NOSTALGICO DEL MANGANELLO E DELL\u2019OLIO DI RICINO &#8211; NON SOLO: E&#8217; L\u2019EX DIRETTORE DEL \u201cCORRIERE\u201d IL PRIMO CHE SPARA LA NOTIZIA:<span> \u201cPURTROPPO A CERNOBBIO CI SAR\u00c0 VANNACCI&#8221;<\/span> (IL CAUTO DIRETTORE FONTANA \u00c8 STATO BEN ATTENTO A NON PUBBLICARLA SUBITO SUL CARTACEO)&#8230;<\/p>\n<\/div>\n<p><\/a><\/article>\n<article><a href=\"https:\/\/www.dagospia.com\/media-tv\/dagoreport-riunione-interlocutoria-qualche-piccola-apertura-caso-report-485651\"><\/p>\n<div class=\"img-wrapper\"><img decoding=\"async\" src=\"https:\/\/static.dagospia.com\/img\/patch\/09-2026\/rai-via-teulada-paolo-corsini-giulia-innocenzi-presutti-daniele-piervincenzi-dan-2301944_600_q50.webp\" alt=\"rai via teulada paolo corsini giulia innocenzi presutti daniele piervincenzi danilo procaccianti report sigfrido ranucci \" loading=\"lazy\"><time class=\"data-ora\">2 set 20:05<\/time><\/div>\n<div class=\"excerpt\">\n<p>DAGOREPORT \u2013 <span>RIUNIONE INTERLOCUTORIA MA CON QUALCHE PICCOLA APERTURA <\/span>TRA IL DIRETTORE DELL&#8217;APPROFONDIMENTO RAI, PAOLO CORSINI, E I MEMBRI DELLA SQUADRA DI \u201cREPORT\u201d: I GIORNALISTI <span>HANNO RIBADITO IL \u201cNO\u201d ALLA CONDUZIONE DI GIULIA PRESUTTI E DANIELE<\/span><span>PIERVINCENZI, MA SU QUEST\u2019ULTIMO LA POSIZIONE SAREBBE PI\u00d9 MORBIDA: <\/span>POTREBBE AVERE UN VIA LIBERA MAGARI COME CONDUTTORE DEL \u201cREPORT LAB\u201d, CON LA CONDUZIONE VERA E PROPRIA DA AFFIDARE A DUE \u201cSTORICI\u201d (CHE DIVENTEREBBERO TRE NEL CASO DI UN REINTEGRO DI RANUCCI DA PARTE DEL TRIBUNALE).\u00a0 SULLA PRESUTTI IL MURO RESTA GRANITICO \u2013 <span>PALAZZO CHIGI, INVECE, SAREBBE IRREMOVIBILE SUI DUE NOMI<\/span> \u2013 EPISODIO PITTORESCO NEL MEZZO DELLA RIUNIONE: UN GIORNALISTA DI UNA PRESTIGIOSA TESTATA DELLA RAI SAREBBE STATO <span>BECCATO A ORIGLIARE DA UN BAGNO VICINO ALLA SALA\u2026<\/span><\/p>\n<\/div>\n<p><\/a><\/article>\n<article><a href=\"https:\/\/www.dagospia.com\/politica\/dagoreport-grazie-trump-mondo-verso-de-americanizzazione-oggi-si-485332\"><\/p>\n<div class=\"img-wrapper\"><img decoding=\"async\" src=\"https:\/\/static.dagospia.com\/img\/patch\/09-2026\/trump-modi-xi-jinping-putin-2301524_600_q50.webp\" alt=\"trump modi xi jinping putin\" loading=\"lazy\"><time class=\"data-ora\">1 set 19:59<\/time><\/div>\n<div class=\"excerpt\">\n<p>DAGOREPORT \u2013<span> GRAZIE A TRUMP, IL DOLLARO RISCHIA DI DIVENTARE CARTA STRACCIA \u2013<\/span>\u00a0IL PIATTO FORTE AL SUMMIT IN KIRGHIZISTAN DI XI JINPING, VLADIMIR PUTIN E NARENDRA MODI, HA FATTO STRA-INCAZZARE IL CALIGOLA DELLA CASA BIANCA: SUL TAVOLO,\u00a0<span>IL PROGETTO DEI &#8221;BRICS&#8221; (BRASILE, RUSSIA, INDIA, CINA, SUDAFRICA) DI DAR VITA A UNA \u201cMONETA UNICA&#8221;, PER FAR FUORI IL DOLLARO NEGLI SCAMBI INTERNAZIONALI<\/span>\u00a0&#8211; CON UN DEBITO PUBBLICO MONSTRE DI 40MILA MILIARDI, LA DE-DOLLARIZZAZIONE SAREBBE LA FINE DELL&#8217;IMPERO AMERICANO: IL VERDONE&#8221; VIENE UTILIZZATO IN OLTRE L&#8217;80% DELLE TRANSAZIONI COMMERCIALI E IN PI\u00d9 DELLA MET\u00c0 DEI PAGAMENTI INTERNAZIONALI DELLE MATERIE PRIME, COME IL PETROLIO\u00a0&#8211; <span>LA DECISIONE E&#8217; NELLE MANI DELLA CINA: RINUNCERA&#8217; ALLO MONETA NAZIONALE, LO YUAN, PER DIVENTARE LA LOCOMOTIVA DEI &#8221;BRICS&#8221;?<\/span>\u00a0&#8211;\u00a0SUL MAGGIORE IMPEGNO A FAVORE DELL\u2019IRAN, PESANO I DUBBI\u00a0DI MODI (GLI USA SONO IL PRIMO PARTNER COMMERCIALE DELL\u2019INDIA)\u00a0&#8211; PROSSIMO ROUND: IL VERTICE DI XI JIN PING DEL 24 SETTEMBRE CON IL &#8220;DERAGLIATO MENTALE&#8221; DELLA CASA BIANCA&#8230;<\/p>\n<\/div>\n<p><\/a><\/article>\n<article><a href=\"https:\/\/www.dagospia.com\/media-tv\/acrobazie-spaccanti-il-55enne-raoul-bova-beatrice-arnera-beccati-chi-485632\"><\/p>\n<div class=\"img-wrapper\"><img decoding=\"async\" src=\"https:\/\/static.dagospia.com\/img\/patch\/09-2026\/raoul-bova-beatrice-arnera-chi-2301906_600_q50.webp\" alt=\"raoul bova beatrice arnera chi\" loading=\"lazy\"><\/div>\n<div class=\"excerpt\">ACROBAZIE \u201cSPACCANTI\u201d \u2013 IL 55ENNE RAOUL BOVA E BEATRICE ARNERA SONO STATI BECCATI DA \u201cCHI\u201d A\u2026<\/div>\n<p><\/a><\/article>\n<article><a href=\"https:\/\/www.dagospia.com\/sport\/pennellone-frou-frou-mole-juve-acquistato-l-attaccante-nick-woltemade-485601\"><\/p>\n<div class=\"img-wrapper\"><img decoding=\"async\" src=\"https:\/\/static.dagospia.com\/img\/patch\/09-2026\/nick-woltemade-2301780_600_q50.webp\" alt loading=\"lazy\"><\/div>\n<div class=\"excerpt\">UN PENNELLONE &#8220;FROU FROU&#8221; SOTTO LA MOLE? \u2013 LA JUVE HA ACQUISTATO IN PRESTITO DAL NEWCASTLE\u2026<\/div>\n<p><\/a><\/article>\n<article><a href=\"https:\/\/www.dagospia.com\/media-tv\/linguine-scoglio-video-pomiciata-elodie-franceska-scodellato-oggi-485860\"><\/p>\n<div class=\"img-wrapper\"><img decoding=\"async\" src=\"https:\/\/static.dagospia.com\/img\/patch\/09-2026\/elodie-franceska-nuredini-2302758_600_q50.webp\" alt=\"elodie franceska nuredini\" loading=\"lazy\"><\/div>\n<div class=\"excerpt\">CHIAMATE LA BUONCOSTUME! LA PAZZA ESTATE DI ELODIE E FRANCESKA FINISCE CON UNA RICCA E SAPORITA\u2026<\/div>\n<p><\/a><\/article>\n<article><a href=\"https:\/\/www.dagospia.com\/media-tv\/pillole-gossip-kimi-antonelli-ragazza-485853\"><\/p>\n<div class=\"img-wrapper\"><img decoding=\"async\" src=\"https:\/\/static.dagospia.com\/img\/patch\/09-2026\/pillole-avanti-gossip-2302732_600_q50.webp\" alt=\"pillole avanti gossip\" loading=\"lazy\"><\/div>\n<div class=\"excerpt\">PILLOLE DI GOSSIP! CHI \u00c8 LA RAGAZZA FOTOGRAFATA ACCANTO A KIMI ANTONELLI A PORTOFINO? &#8211; PROSEGUE LA\u2026<\/div>\n<p><\/a><\/article>\n<article><a href=\"https:\/\/www.dagospia.com\/sport\/vroom-si-sbanda-in-curva-la-riconoscete-sognava-condurre-tg-e-finita-in-485816\"><\/p>\n<div class=\"img-wrapper\"><img decoding=\"async\" src=\"https:\/\/static.dagospia.com\/img\/patch\/09-2026\/mara-sangiorgio-2302494_600_q50.webp\" alt=\"mara sangiorgio\" loading=\"lazy\"><\/div>\n<div class=\"excerpt\">VROOM, SI SBANDA IN CURVA: LA RICONOSCETE? SOGNAVA DI CONDURRE IL TG, E\u2019 FINITA IN MEZZO ALLE\u2026<\/div>\n<p><\/a><\/article>\n<article><a href=\"https:\/\/www.dagospia.com\/cronache\/la-camorra-indaga-legge-ringrazia-ad-indirizzare-indagini-lavitola-485901\"><\/p>\n<div class=\"img-wrapper\"><img decoding=\"async\" src=\"https:\/\/static.dagospia.com\/img\/patch\/09-2026\/attentato-sigfrido-ranucci-bomba-valter-lavitola-clesio-gomes-tavares-pellegrino-2302877_600_q50.webp\" alt=\"attentato sigfrido ranucci bomba valter lavitola clesio gomes tavares pellegrino d\u2019avino davino antonio passariello saverio mutone \" loading=\"lazy\"><\/div>\n<div class=\"excerpt\">DAGOREPORT-\u00a0PECCATO CHE SIANO SCOMPARSI I POLIZIOTTESCHI DEGLI ANNI \u201970, TIPO: \u201cLA CAMORRA SFIDA,\u2026<\/div>\n<p><\/a><\/article>\n<article><a href=\"https:\/\/www.dagospia.com\/politica\/flash-e-non-e-lui-ministro-per-pubblica-amministrazione-paolo-zangrillo-485844\"><\/p>\n<div class=\"img-wrapper\"><img decoding=\"async\" src=\"https:\/\/static.dagospia.com\/img\/patch\/09-2026\/paolo-zangrillo-in-un-volo-di-linea-ita-airways-da-lamezia-a-milano-3-2302703_600_q50.webp\" alt=\"paolo zangrillo in un volo di linea ita airways da lamezia a milano - 3\" loading=\"lazy\"><\/div>\n<div class=\"excerpt\">FLASH \u2013 \u00c8 LUI O NON \u00c8 LUI? MA CERTO CHE \u00c8 LUI! IL MINISTRO PER LA PUBBLICA AMMINISTRAZIONE (IN\u2026<\/div>\n<p><\/a><\/article>\n<article><a href=\"https:\/\/www.dagospia.com\/politica\/dagoreport-giorgia-meloni-e-in-modalita-cattivissima-me-fronte-guai-485762\"><\/p>\n<div class=\"img-wrapper\"><img decoding=\"async\" src=\"https:\/\/static.dagospia.com\/img\/patch\/09-2026\/giorgia-meloni-sigfrido-ranucci-giampaolo-rossi-giovambattista-fazzolari-patrizi-2302272_600_q50.webp\" alt=\"giorgia meloni sigfrido ranucci giampaolo rossi giovambattista fazzolari patrizia scurti antonio tajani matteo salvini \" loading=\"lazy\"><\/div>\n<div class=\"excerpt\">DAGOREPORT \u2013 GIORGIA MELONI \u00c8 IN MODALIT\u00c0 \u201cCATTIVISSIMA ME\u201d: DOPO QUATTRO ANNI DI LUNA DI MIELE,\u2026<\/div>\n<p><\/a><\/article>\n<article><a href=\"https:\/\/www.dagospia.com\/politica\/dagoreport-roberto-vannacci-marcia-cernobbio-gli-imprenditori-italiani-485729\"><\/p>\n<div class=\"img-wrapper\"><img decoding=\"async\" src=\"https:\/\/static.dagospia.com\/img\/patch\/09-2026\/crosetto-calenda-vannacci-monti-de-bortoli-forum-ambrosetti-cernobbio-2302201_600_q50.webp\" alt=\"crosetto calenda vannacci monti de bortoli forum ambrosetti cernobbio\" loading=\"lazy\"><\/div>\n<div class=\"excerpt\">DAGOREPORT &#8211; MENTRE LA PROCURA MILITARE DI ROMA AVVIA UN\u2019INDAGINE SUGLI UFFICIALI CHE HANNO ADERITO\u2026<\/div>\n<p><\/a><\/article>\n<article><a href=\"https:\/\/www.dagospia.com\/media-tv\/dagoreport-riunione-interlocutoria-qualche-piccola-apertura-caso-report-485651\"><\/p>\n<div class=\"img-wrapper\"><img decoding=\"async\" src=\"https:\/\/static.dagospia.com\/img\/patch\/09-2026\/rai-via-teulada-paolo-corsini-giulia-innocenzi-presutti-daniele-piervincenzi-dan-2301944_600_q50.webp\" alt=\"rai via teulada paolo corsini giulia innocenzi presutti daniele piervincenzi danilo procaccianti report sigfrido ranucci \" loading=\"lazy\"><\/div>\n<div class=\"excerpt\">DAGOREPORT \u2013 RIUNIONE INTERLOCUTORIA MA CON QUALCHE PICCOLA APERTURA TRA IL DIRETTORE\u2026<\/div>\n<p><\/a><\/article>\n<article><a href=\"https:\/\/www.dagospia.com\/politica\/dagoreport-grazie-trump-mondo-verso-de-americanizzazione-oggi-si-485332\"><\/p>\n<div class=\"img-wrapper\"><img decoding=\"async\" src=\"https:\/\/static.dagospia.com\/img\/patch\/09-2026\/trump-modi-xi-jinping-putin-2301524_600_q50.webp\" alt=\"trump modi xi jinping putin\" loading=\"lazy\"><\/div>\n<div class=\"excerpt\">DAGOREPORT \u2013 GRAZIE A TRUMP, IL DOLLARO RISCHIA DI DIVENTARE CARTA STRACCIA \u2013\u00a0IL PIATTO FORTE AL\u2026<\/div>\n<p><\/a><\/article>\n<article><a href=\"https:\/\/www.dagospia.com\/politica\/elly-ascolta-gli-amici-i-big-pd-scesi-in-campo-cosi-pesantemente-per-485354\"><\/p>\n<div class=\"img-wrapper\"><img decoding=\"async\" src=\"https:\/\/static.dagospia.com\/img\/patch\/08-2026\/giuseppe-conte-elly-schlein-franceschini-bonaccini-nardella-2301098_600_q50.webp\" alt=\"giuseppe conte elly schlein franceschini bonaccini nardella\" loading=\"lazy\"><\/div>\n<div class=\"excerpt\">DAGOREPORT &#8211; ELLY, ASCOLTA GLI AMICI! I CAPOCCIONI E LE MEZZECALZE DEL PD, CHE SONO SCESI COS\u00cc\u2026<\/div>\n<p><\/a><\/article>\n<article><a href=\"https:\/\/www.dagospia.com\/politica\/l-ingaggio-fedorov-fa-incazzare-zelensky-mette-in-allarme-agenzie-485343\"><\/p>\n<div class=\"img-wrapper\"><img decoding=\"async\" src=\"https:\/\/static.dagospia.com\/img\/patch\/08-2026\/fedorov-musk-thiel-zelensky-crosetto-2301168_600_q50.webp\" alt=\"fedorov musk thiel zelensky crosetto\" loading=\"lazy\"><\/div>\n<div class=\"excerpt\">DAGOREPORT &#8211; A QUALCUNO NON PIACE &#8216;STO FEDOROV &#8211;\u00a0PIU&#8217; CHE A INDIGNARE I NEURONI ALLA VODKA DI\u2026<\/div>\n<p><\/a><\/article>\n<article><a href=\"https:\/\/www.dagospia.com\/politica\/flash-c-e-grande-perplessita-i-draghi-boys-per-presenza-andrea-485336\"><\/p>\n<div class=\"img-wrapper\"><img decoding=\"async\" src=\"https:\/\/static.dagospia.com\/img\/patch\/08-2026\/xavier-niel-draghi-pignataro-2301175_600_q50.webp\" alt=\"xavier niel draghi pignataro\" loading=\"lazy\"><\/div>\n<div class=\"excerpt\">FLASH! \u2013 I \u201cDRAGHI BOYS\u201d DEL POTERE ECONOMICO ITALIANO AVREBBERO ESPRESSO QUALCHE PERPLESSITA&#8217;\u2026<\/div>\n<p><\/a><\/article>\n<article><a href=\"https:\/\/www.dagospia.com\/politica\/quale-episodio-giulia-presutti-era-habitue-cefalu-bistro-dove-piu-e-485248\"><\/p>\n<div class=\"img-wrapper\"><img decoding=\"async\" src=\"https:\/\/static.dagospia.com\/img\/patch\/08-2026\/ranucci-presutti-cianfoni-floridia-2300757_600_q50.webp\" alt=\"ranucci presutti cianfoni floridia\" loading=\"lazy\"><\/div>\n<div class=\"excerpt\">DAGOREPORT &#8211;\u00a0MA QUALE &#8220;EPISODIO&#8221;! GIULIA PRESUTTI ERA UN HABITU\u00c8 DEL \u201cCEFAL\u00d9 BISTR\u00d2\u201d DOVE PI\u00d9 VOLTE\u2026<\/div>\n<p><\/a><\/article>\n<article><a href=\"https:\/\/www.dagospia.com\/cafonal\/cafonalino-roma-proiezione-documentario-marco-bellocchio-marco-travaglio-485081\"><\/p>\n<div class=\"img-wrapper\"><img decoding=\"async\" src=\"https:\/\/static.dagospia.com\/img\/patch\/08-2026\/2026bellocchio-anteprima-film-di-marco-bellocchio-2300339_600_q50.webp\" alt=\"2026bellocchio anteprima film di marco bellocchio\" loading=\"lazy\"><\/div>\n<div class=\"excerpt\">CAFONALINO! AL CINEMA QUATTRO FONTANE DI ROMA LA PROIEZIONE SPECIALE DEL DOCUMENTARIO \u201cMARCO\u2026<\/div>\n<p><\/a><\/article>\n<article><a href=\"https:\/\/www.dagospia.com\/cafonal\/cafonal-show-ranucci-cerveteri-freni-ho-fatto-scoop-nazionali-484807\"><\/p>\n<div class=\"img-wrapper\"><img decoding=\"async\" src=\"https:\/\/static.dagospia.com\/img\/patch\/08-2026\/2026ranucci-sigfrido-ranucci-2299409_600_q50.webp\" alt=\"2026ranucci sigfrido ranucci\" loading=\"lazy\"><\/div>\n<div class=\"excerpt\">SIGFRIDO, IL MASANIELLO DE NOANTRI \u2013 RANUCCI HA PERSO OGNI FRENO E, ALLA PRESENTAZIONE DEL SUO\u2026<\/div>\n<p><\/a><\/article>\n<article><a href=\"https:\/\/www.dagospia.com\/cafonal\/funeralino-l-ultimo-saluto-mitico-produttore-cinematografico-fulvio-484127\"><\/p>\n<div class=\"img-wrapper\"><img decoding=\"async\" src=\"https:\/\/static.dagospia.com\/img\/patch\/08-2026\/2026lucisano-2297424_600_q50.webp\" alt=\"2026lucisano\" loading=\"lazy\"><\/div>\n<div class=\"excerpt\">FUNERALINO \u2013 NELLA CALLARA ROMANA D\u2019AGOSTO, L\u2019ULTIMO SALUTO AL MITICO PRODUTTORE CINEMATOGRAFICO\u2026<\/div>\n<p><\/a><\/article>\n<article><a href=\"https:\/\/www.dagospia.com\/cafonal\/cafonalino-pizza-riformista-matteo-renzi-raduna-i-suoi-prima-delle-480816\"><\/p>\n<div class=\"img-wrapper\"><img decoding=\"async\" src=\"https:\/\/static.dagospia.com\/img\/patch\/07-2026\/2026kraken-matteo-renzi-2286047_600_q50.webp\" alt=\"2026kraken matteo renzi \" loading=\"lazy\"><\/div>\n<div class=\"excerpt\">CAFONALINO DELLA PIZZA RIFORMISTA \u2013 RENZI RADUNA I SUOI PRIMA DELLE VACANZE ESTIVE AL SATYRUS DI\u2026<\/div>\n<p><\/a><\/article>\n<article><a href=\"https:\/\/www.dagospia.com\/cafonal\/cafonalino-moreno-party-roma-manuela-moreno-festeggia-i-60-anni-480777\"><\/p>\n<div class=\"img-wrapper\"><img decoding=\"async\" src=\"https:\/\/static.dagospia.com\/img\/patch\/07-2026\/manuela-moreno-festa-60-anni-2285871_600_q50.webp\" alt=\"manuela moreno festa 60 anni \" loading=\"lazy\"><\/div>\n<div class=\"excerpt\">CAFONALINO! NO MORENO, NO PARTY \u2013 A ROMA, AL LOVE BAR DI PONTE MILVIO, MANUELA MORENO, CONDUTTRICE\u2026<\/div>\n<p><\/a><\/article>\n<article><a href=\"https:\/\/www.dagospia.com\/cafonal\/cafonalino-firenze-tevere-direttori-redattori-forchettoni-scrocconi-480745\"><\/p>\n<div class=\"img-wrapper\"><img decoding=\"async\" src=\"https:\/\/static.dagospia.com\/img\/patch\/07-2026\/2026agno-marco-agnoletti-2285763_600_q50.webp\" alt=\"2026agno marco agnoletti \" loading=\"lazy\"><\/div>\n<div class=\"excerpt\">CAFONALINO DEGLI AGNOLETTI IN BRODO &#8211; DIRETTORI, REDATTORI, FORCHETTONI E SCROCCONI SFIDANO\u2026<\/div>\n<p><\/a><\/article>\n<p>[analyse_source url=&#8221;https:\/\/www.dagospia.com\/politica\/schlein-se-sente-calla-punta-palazzo-chigi-il-pd-mosse-conte-onorato-485847&#8243;]<\/p>\n","protected":false},"excerpt":{"rendered":"<p>[analyse_image type=&#8221;featured&#8221; src=&#8221;https:\/\/static.dagospia.com\/img\/patch\/09-2026\/schlein-onorato-conte-salis-2302721_600_q50.webp&#8221;] 4 set 2026 19:26 \u201cELLY SE LA SENTE CALLA E PUNTA A PALAZZO CHIGI\u201d \u2013 NEL PD ROMANO RACCONTANO CHE SCHLEIN, NONOSTANTE I CONSIGLI DEI CAPOCCIONI DEM E I SONDAGGI HORROR, NON ASCOLTA NESSUNO, PREPARA IL COMIZIO-SHOW ALLA FESTA DELL\u2019UNITA\u2019 E PUNTA DRITTA AI GAZEBO \u2013 NON SI FIDA DI SILVIA SALIS [&hellip;]<\/p>\n","protected":false},"author":1,"featured_media":0,"comment_status":"open","ping_status":"","sticky":false,"template":"","format":"standard","meta":{"footnotes":""},"categories":[87],"tags":[226,149],"class_list":["post-2129020","post","type-post","status-publish","format-standard","hentry","category-italy","tag-crawlmanager","tag-dagospia-com"],"_links":{"self":[{"href":"https:\/\/analyse.optim.biz\/index.php?rest_route=\/wp\/v2\/posts\/2129020","targetHints":{"allow":["GET"]}}],"collection":[{"href":"https:\/\/analyse.optim.biz\/index.php?rest_route=\/wp\/v2\/posts"}],"about":[{"href":"https:\/\/analyse.optim.biz\/index.php?rest_route=\/wp\/v2\/types\/post"}],"author":[{"embeddable":true,"href":"https:\/\/analyse.optim.biz\/index.php?rest_route=\/wp\/v2\/users\/1"}],"replies":[{"embeddable":true,"href":"https:\/\/analyse.optim.biz\/index.php?rest_route=%2Fwp%2Fv2%2Fcomments&post=2129020"}],"version-history":[{"count":0,"href":"https:\/\/analyse.optim.biz\/index.php?rest_route=\/wp\/v2\/posts\/2129020\/revisions"}],"wp:attachment":[{"href":"https:\/\/analyse.optim.biz\/index.php?rest_route=%2Fwp%2Fv2%2Fmedia&parent=2129020"}],"wp:term":[{"taxonomy":"category","embeddable":true,"href":"https:\/\/analyse.optim.biz\/index.php?rest_route=%2Fwp%2Fv2%2Fcategories&post=2129020"},{"taxonomy":"post_tag","embeddable":true,"href":"https:\/\/analyse.optim.biz\/index.php?rest_route=%2Fwp%2Fv2%2Ftags&post=2129020"}],"curies":[{"name":"wp","href":"https:\/\/api.w.org\/{rel}","templated":true}]}}