{"id":2129007,"date":"2026-09-04T16:55:00","date_gmt":"2026-09-04T13:55:00","guid":{"rendered":"https:\/\/analyse.optim.biz\/?p=2129007"},"modified":"2026-09-04T16:55:00","modified_gmt":"2026-09-04T13:55:00","slug":"il-generale-ha-una-voglia-matta-di-accreditarsi-con-il-gotha-delleconomia-vannacci-si","status":"publish","type":"post","link":"https:\/\/analyse.optim.biz\/?p=2129007","title":{"rendered":"Il generale ha una voglia matta di accreditarsi con il gotha dell\u2019&#8217;economia&#8217; &#8211; vannacci si&#8230;"},"content":{"rendered":"<p>[analyse_image type=&#8221;featured&#8221; src=&#8221;https:\/\/static.dagospia.com\/img\/patch\/09-2026\/forum-cernobbio-roberto-vannacci-2302855_600_q50.webp&#8221;]<\/p>\n<article>\n<div class=\"img-wrapper\"><img decoding=\"async\" src=\"https:\/\/static.dagospia.com\/img\/patch\/09-2026\/forum-cernobbio-roberto-vannacci-2302855_600_q50.webp\" alt=\"forum cernobbio roberto vannacci\"><time class=\"data-ora\">4 set 2026 18:55<\/time><\/div>\n<p><span>IL GENERALE HA UNA VOGLIA MATTA DI ACCREDITARSI CON IL GOTHA DELL\u2019ECONOMIA\u00a0<\/span>&#8211; VANNACCI SI SENTE COME UN BAMBINO ALLE GIOSTRE PER IL FORUM AMBROSETTI DI CERNOBBIO: \u201c\u00c8 COME IL PRIMO LANCIO DA UN AEROPLANO, QUESTA \u00c8 LA PRIMA VOLTA IN QUESTO AMBIENTE\u201d\u00a0 &#8211; LA CAREZZA A MELONI SUL RECORD DEL GOVERNO: \u201cFACCIO GLI AUGURI: \u00c8 UN BEL TRAGUARDO CRONOLOGICO&#8221; &#8211; UN GOVERNO CON FDI? \u201cMI AUGURO SEMPRE CHE POSSA VINCERE LA DESTRA LE PROSSIME ELEZIONI.<span>NON SONO IO QUELLO CHE HA ERETTO MURI\u201d <\/span>&#8211; LA STOCCATA A MONTI IN VISTA DEL DUELLO DI DOMANI: <span>\u201cNON VIENE QUA IN VESTE DI PROFESSORE, QUINDI NON MI PU\u00d2 BOCCIARE\u201d<\/span><\/p>\n<div class=\"share-section\">\n                Condividi  questo articolo<\/p>\n<div class=\"socials\"><a href=\"http:\/\/www.facebook.com\/sharer.php?u=http:\/\/www.dagospia.com\/politica\/generale-voglia-matta-accreditarsi-gotha-dell-economia-vannacci-si-485897\" target=\"_blank\"><img decoding=\"async\" src=\"https:\/\/static.dagospia.com\/img\/icons\/facebook.svg\" alt=\"Condividi su Facebook\"><\/a><a href=\"http:\/\/www.twitter.com\/share?url=http:\/\/www.dagospia.com\/politica\/generale-voglia-matta-accreditarsi-gotha-dell-economia-vannacci-si-485897&amp;text=IL%20GENERALE%20HA%20UNA%20VOGLIA%20MATTA%20DI%20ACCREDITARSI%20CON%20IL%20GOTHA%20DELL%E2%80%99&apos;ECONOMIA&apos;%20%20-%20VANNACCI%20SI...\" target=\"_blank\"><img decoding=\"async\" src=\"https:\/\/static.dagospia.com\/img\/icons\/x-icon.png\" alt=\"Condividi su X\"><\/a><a href=\"\/\/www.dagospia.com\/politica\/generale-voglia-matta-accreditarsi-gotha-dell-economia-vannacci-si-485897\" target=\"_blank\"><img decoding=\"async\" src=\"https:\/\/static.dagospia.com\/img\/icons\/whatsapp.svg\" alt=\"Condividi su Whatsapp\"><\/a><a href=\"mailto:?body=http:\/\/www.dagospia.com\/politica\/generale-voglia-matta-accreditarsi-gotha-dell-economia-vannacci-si-485897\" target=\"_blank\"><img decoding=\"async\" src=\"https:\/\/static.dagospia.com\/img\/icons\/mail.svg\" alt=\"Invia in email\"><\/a><\/div>\n<\/div>\n<div class=\"content\">\n<p class=\"disable\"><strong>1. FORUM CERNOBBIO: VANNACCI, ESSERE QUI COME PRIMO LANCIO DA AEROPLANO CERNOBBIO<\/strong><\/p>\n<p><a href=\"https:\/\/www.dagospia.com\/media-gallery\/dago-fotogallery-522324\/2301081\" class=\"float-right img-wrapper\"><img decoding=\"async\" id=\"2301081\" loading=\"lazy\" src=\"https:\/\/static.dagospia.com\/img\/foto\/08-2026\/forum-ambrosetti-a-cernobbio-2301081_800_q50.webp\"><span class=\"img-title\">forum ambrosetti a cernobbio<\/span><\/a><\/p>\n<p class=\"disable\"><strong>(LaPresse)<\/strong> &#8211; &#8220;E&#8217; come il primo lancio da un aeroplano, questa \u00e8 la prima volta in questo ambiente e domani faremo il nostro intervento e ci prepariamo alle eventuali domande&#8221;.<\/p>\n<p class=\"disable\">\u00a0<\/p>\n<p class=\"disable\">Lo ha detto Roberto Vannacci, leader di Futuro nazionale, intercettato dai cronisti a Villa d&#8217;Este dove si svolge il forum di Cernobbio, in vista del suo intervento domani al simposio, alla domanda su come si sentisse a parlare domani davanti al gotha dell&#8217;economia e della finanza.\u00a0<\/p>\n<p class=\"disable\">\u00a0<\/p>\n<p class=\"disable\"><strong>2. VANNACCI RISPONDE A TAJANI, \u201cMI FA PIACERE NON ESSERE IL PROBLEMA\u201d\u00a0<\/strong><\/p>\n<p><a href=\"https:\/\/www.dagospia.com\/media-gallery\/dago-fotogallery-522324\/2301913\" class=\"float-left img-wrapper\"><img decoding=\"async\" id=\"2301913\" loading=\"lazy\" src=\"https:\/\/static.dagospia.com\/img\/foto\/09-2026\/roberto-vannacci-risponde-al-financial-times-2301913_800_q50.webp\"><span class=\"img-title\">ROBERTO VANNACCI RISPONDE AL FINANCIAL TIMES <\/span><\/a><\/p>\n<p class=\"disable\"><strong>(ANSA)<\/strong> &#8211; &#8220;Mi fa piacere non essere un problema, su questo insomma sono molto contento&#8221;. Lo dice il leader di Futuro Nazionale, Roberto Vannacci commentando quanto detto, sempre a Cernobbio, dal ministro degli Esteri e vicepremier, Antonio Tajani.\u00a0<\/p>\n<p class=\"disable\">\u00a0<\/p>\n<p class=\"disable\"><strong>3. GOVERNO: VANNACCI, AUGURI A MELONI, DA ME NO MURI<\/strong><\/p>\n<p class=\"disable\"><strong>(LaPresse) <\/strong>&#8211; Alla premier Giorgia Meloni per la longevit\u00e0 record del governo &#8220;faccio gli auguri: \u00e8 un bel traguardo cronologico&#8221;. Lo ha detto Roberto Vannacci, leader di Futuro nazionale, intercettato dai cronisti, a Villa d&#8217;Este, dove si svolge il forum di Cernobbio, e dove \u00e8 giunto oggi in vista del suo intervento domani al simposio.Un eventuale governo insieme?: &#8220;Mi auguro sempre &#8211; dice Vannacci -che possa vincere la destra le prossime elezioni. Io ho i miei principi, valori e ideali che non ho nessuna intenzione di mettermi a negoziare, ma sono sempre disponibile a qualsiasi dialogo. Non sono io quello che ha eretto muri o ha parlato di incompatibilit\u00e0. E&#8217; qualcun altro&#8221;.\u00a0<\/p>\n<p class=\"disable\">\u00a0<\/p>\n<p><a href=\"https:\/\/www.dagospia.com\/media-gallery\/dago-fotogallery-522324\/2296762\" class=\"float-right img-wrapper\"><img decoding=\"async\" id=\"2296762\" loading=\"lazy\" src=\"https:\/\/static.dagospia.com\/img\/foto\/08-2026\/roberto-vannacci-coi-meloni-in-mano-2296762_800_q50.webp\"><span class=\"img-title\">roberto vannacci coi meloni in mano <\/span><\/a><\/p>\n<p class=\"disable\"><strong>4. VANNACCI, &#8216;MONTI NON MI PU\u00d2 BOCCIARE, NON \u00c8 QUA COME PROFESSORE&#8217;\u00a0<\/strong><\/p>\n<p class=\"disable\"><strong>(ANSA)<\/strong> &#8211; &#8220;Mario Monti non viene qua in veste di professore, quindi non mi pu\u00f2 bocciare&#8221;. Lo afferma il leader di Futuro Nazionale Roberto Vannacci in vista del colloquio programmato con l&#8217;ex presidente del Consiglio Mario Monti nella seconda giornata del Forum Teha di Cernobbio.<\/p>\n<p class=\"disable\">\u00a0<\/p>\n<p class=\"disable\">&#8220;Ci confronteremo con il professor Monti &#8211; spiega &#8211; e io non avr\u00f2 alcun problema a esporre quella che \u00e8 la mia visione. D&#8217;altra parte non \u00e8 solo la mia visione, ma \u00e8 la visione di molti cittadini che mi hanno votato&#8221;.\u00a0<\/p>\n<p class=\"disable\">\u00a0<\/p>\n<p class=\"disable\">&#8220;L&#8217;intervento &#8211; argomenta Vannacci nel giardino dell&#8217;Hotel Vila d&#8217;Este di Cernobbio &#8211; sar\u00e0 sull&#8217;integrazione e sul sovranismo, che insomma sono le due tendenze dell&#8217;Unione Europea in questo momento&#8221;.<\/p>\n<p class=\"disable\">\u00a0<\/p>\n<p class=\"disable\">&#8220;E&#8217; come il primo lancio da un aeroplano &#8211; confessa &#8211; questa \u00e8 la prima volta in questo ambiente e domani faremo il nostro intervento e ci prepariamo alle eventuali domande&#8221;. Alla domanda se in occasione di questo primo lancio ha con s\u00e9 il paracadute il generale replica che &#8220;io giro sempre col paracadute, quello principale e la riserva&#8221;.\u00a0<\/p>\n<p class=\"disable\">\u00a0<\/p>\n<p><a href=\"https:\/\/www.dagospia.com\/media-gallery\/dago-fotogallery-522324\/2293996\" class=\"float-left img-wrapper\"><img decoding=\"async\" id=\"2293996\" loading=\"lazy\" src=\"https:\/\/static.dagospia.com\/img\/foto\/08-2026\/roberto-vannacci-alla-versiliana-2-2293996_800_q50.webp\"><span class=\"img-title\">roberto vannacci alla versiliana 2<\/span><\/a><\/p>\n<p class=\"disable\"><strong>5. FNV, VANNACCI A CERNOBBIO: MI AUGURO CONSENSO PLATEA, RILANCIO PAESE MI STA A CUORE<\/strong><\/p>\n<p class=\"disable\"><strong>(Askanews) <\/strong>&#8211; &#8220;Me lo auguro, perch\u00e9 mi sta a cuore il rilancio economico, imprenditoriale e industriale del Paese&#8221;. Cos\u00ec Roberto Vannacci, leader di Futuro Nazionale, a chi gli chiedeva se domani si aspetta un particolare consenso dalla platea degli imprenditori riuniti al Forum Ambrosetti, dove interverr\u00e0 in un panel sull&#8217;Europa con l&#8217;ex premier Mario Monti.\u00a0<\/p>\n<p class=\"disable\">\u00a0<\/p>\n<p class=\"disable\">&#8220;Noi domani parleremo essenzialmente di Europa &#8211; ha spiegato -. Noi vediamo un&#8217;Europa diversa, un&#8217;Europa che non veda nelle nazioni sovrane un problema ma anzi un talento, un qualcosa da esaltare, una piattaforma di collaborazione e non una cattedra che impartisce direttive e regolamenti.<\/p>\n<p class=\"disable\">\u00a0<\/p>\n<p class=\"disable\">Peraltro, dopo pi\u00f9 di 30 anni di integrazione credo che i risultati non siano proprio eccellenti di questa Europa che vorrebbe tendere verso il mercato unico ma che non lo ha mai realizzato. L&#8217;Europa &#8211; ha concluso &#8211; mi sembra sempre molto pi\u00f9 insignificante nel mondo, almeno sul piano delle relazioni internazionali&#8221;.\u00a0<\/p>\n<p><a href=\"https:\/\/www.dagospia.com\/media-gallery\/dago-fotogallery-522324\/2139070\" class=\"float-right img-wrapper\"><img decoding=\"async\" id=\"2139070\" loading=\"lazy\" src=\"https:\/\/static.dagospia.com\/img\/foto\/06-2025\/mario-monti-2139070_800_q50.webp\"><span class=\"img-title\">mario monti<\/span><\/a><a href=\"https:\/\/www.dagospia.com\/media-gallery\/dago-fotogallery-522324\/2293998\" class=\"float-right img-wrapper\"><img decoding=\"async\" id=\"2293998\" loading=\"lazy\" src=\"https:\/\/static.dagospia.com\/img\/foto\/08-2026\/roberto-vannacci-alla-versiliana-1-2293998_800_q50.webp\"><span class=\"img-title\">roberto vannacci alla versiliana 1<\/span><\/a><\/p>\n<\/div>\n<div class=\"share-section\">\n                Condividi  questo articolo<\/p>\n<div class=\"socials\"><a href=\"https:\/\/www.dagospia.com\/politica\/generale-voglia-matta-accreditarsi-gotha-dell-economia-vannacci-si-485897\"><img decoding=\"async\" src=\"https:\/\/static.dagospia.com\/img\/icons\/facebook.svg\" alt=\"Condividi su Facebook\"><\/a><a href=\"https:\/\/www.dagospia.com\/politica\/generale-voglia-matta-accreditarsi-gotha-dell-economia-vannacci-si-485897\"><img decoding=\"async\" src=\"https:\/\/static.dagospia.com\/img\/icons\/x-icon.png\" alt=\"Condividi su X\"><\/a><a href=\"https:\/\/www.dagospia.com\/politica\/generale-voglia-matta-accreditarsi-gotha-dell-economia-vannacci-si-485897\"><img decoding=\"async\" src=\"https:\/\/static.dagospia.com\/img\/icons\/whatsapp.svg\" alt=\"Condividi su Whatsapp\"><\/a><a href=\"https:\/\/www.dagospia.com\/politica\/generale-voglia-matta-accreditarsi-gotha-dell-economia-vannacci-si-485897\"><img decoding=\"async\" src=\"https:\/\/static.dagospia.com\/img\/icons\/mail.svg\" alt=\"Invia in email\"><\/a><\/div>\n<\/div>\n<\/article>\n<div class=\"content\">\n<p class=\"disable\"><strong>1. FORUM CERNOBBIO: VANNACCI, ESSERE QUI COME PRIMO LANCIO DA AEROPLANO CERNOBBIO<\/strong><\/p>\n<p><a href=\"https:\/\/www.dagospia.com\/media-gallery\/dago-fotogallery-522324\/2301081\" class=\"float-right img-wrapper\"><img decoding=\"async\" id=\"2301081\" loading=\"lazy\" src=\"https:\/\/static.dagospia.com\/img\/foto\/08-2026\/forum-ambrosetti-a-cernobbio-2301081_800_q50.webp\"><span class=\"img-title\">forum ambrosetti a cernobbio<\/span><\/a><\/p>\n<p class=\"disable\"><strong>(LaPresse)<\/strong> &#8211; &#8220;E&#8217; come il primo lancio da un aeroplano, questa \u00e8 la prima volta in questo ambiente e domani faremo il nostro intervento e ci prepariamo alle eventuali domande&#8221;.<\/p>\n<p class=\"disable\">\u00a0<\/p>\n<p class=\"disable\">Lo ha detto Roberto Vannacci, leader di Futuro nazionale, intercettato dai cronisti a Villa d&#8217;Este dove si svolge il forum di Cernobbio, in vista del suo intervento domani al simposio, alla domanda su come si sentisse a parlare domani davanti al gotha dell&#8217;economia e della finanza.\u00a0<\/p>\n<p class=\"disable\">\u00a0<\/p>\n<p class=\"disable\"><strong>2. VANNACCI RISPONDE A TAJANI, \u201cMI FA PIACERE NON ESSERE IL PROBLEMA\u201d\u00a0<\/strong><\/p>\n<p><a href=\"https:\/\/www.dagospia.com\/media-gallery\/dago-fotogallery-522324\/2301913\" class=\"float-left img-wrapper\"><img decoding=\"async\" id=\"2301913\" loading=\"lazy\" src=\"https:\/\/static.dagospia.com\/img\/foto\/09-2026\/roberto-vannacci-risponde-al-financial-times-2301913_800_q50.webp\"><span class=\"img-title\">ROBERTO VANNACCI RISPONDE AL FINANCIAL TIMES <\/span><\/a><\/p>\n<p class=\"disable\"><strong>(ANSA)<\/strong> &#8211; &#8220;Mi fa piacere non essere un problema, su questo insomma sono molto contento&#8221;. Lo dice il leader di Futuro Nazionale, Roberto Vannacci commentando quanto detto, sempre a Cernobbio, dal ministro degli Esteri e vicepremier, Antonio Tajani.\u00a0<\/p>\n<p class=\"disable\">\u00a0<\/p>\n<p class=\"disable\"><strong>3. GOVERNO: VANNACCI, AUGURI A MELONI, DA ME NO MURI<\/strong><\/p>\n<p class=\"disable\"><strong>(LaPresse) <\/strong>&#8211; Alla premier Giorgia Meloni per la longevit\u00e0 record del governo &#8220;faccio gli auguri: \u00e8 un bel traguardo cronologico&#8221;. Lo ha detto Roberto Vannacci, leader di Futuro nazionale, intercettato dai cronisti, a Villa d&#8217;Este, dove si svolge il forum di Cernobbio, e dove \u00e8 giunto oggi in vista del suo intervento domani al simposio.Un eventuale governo insieme?: &#8220;Mi auguro sempre &#8211; dice Vannacci -che possa vincere la destra le prossime elezioni. Io ho i miei principi, valori e ideali che non ho nessuna intenzione di mettermi a negoziare, ma sono sempre disponibile a qualsiasi dialogo. Non sono io quello che ha eretto muri o ha parlato di incompatibilit\u00e0. E&#8217; qualcun altro&#8221;.\u00a0<\/p>\n<p class=\"disable\">\u00a0<\/p>\n<p><a href=\"https:\/\/www.dagospia.com\/media-gallery\/dago-fotogallery-522324\/2296762\" class=\"float-right img-wrapper\"><img decoding=\"async\" id=\"2296762\" loading=\"lazy\" src=\"https:\/\/static.dagospia.com\/img\/foto\/08-2026\/roberto-vannacci-coi-meloni-in-mano-2296762_800_q50.webp\"><span class=\"img-title\">roberto vannacci coi meloni in mano <\/span><\/a><\/p>\n<p class=\"disable\"><strong>4. VANNACCI, &#8216;MONTI NON MI PU\u00d2 BOCCIARE, NON \u00c8 QUA COME PROFESSORE&#8217;\u00a0<\/strong><\/p>\n<p class=\"disable\"><strong>(ANSA)<\/strong> &#8211; &#8220;Mario Monti non viene qua in veste di professore, quindi non mi pu\u00f2 bocciare&#8221;. Lo afferma il leader di Futuro Nazionale Roberto Vannacci in vista del colloquio programmato con l&#8217;ex presidente del Consiglio Mario Monti nella seconda giornata del Forum Teha di Cernobbio.<\/p>\n<p class=\"disable\">\u00a0<\/p>\n<p class=\"disable\">&#8220;Ci confronteremo con il professor Monti &#8211; spiega &#8211; e io non avr\u00f2 alcun problema a esporre quella che \u00e8 la mia visione. D&#8217;altra parte non \u00e8 solo la mia visione, ma \u00e8 la visione di molti cittadini che mi hanno votato&#8221;.\u00a0<\/p>\n<p class=\"disable\">\u00a0<\/p>\n<p class=\"disable\">&#8220;L&#8217;intervento &#8211; argomenta Vannacci nel giardino dell&#8217;Hotel Vila d&#8217;Este di Cernobbio &#8211; sar\u00e0 sull&#8217;integrazione e sul sovranismo, che insomma sono le due tendenze dell&#8217;Unione Europea in questo momento&#8221;.<\/p>\n<p class=\"disable\">\u00a0<\/p>\n<p class=\"disable\">&#8220;E&#8217; come il primo lancio da un aeroplano &#8211; confessa &#8211; questa \u00e8 la prima volta in questo ambiente e domani faremo il nostro intervento e ci prepariamo alle eventuali domande&#8221;. Alla domanda se in occasione di questo primo lancio ha con s\u00e9 il paracadute il generale replica che &#8220;io giro sempre col paracadute, quello principale e la riserva&#8221;.\u00a0<\/p>\n<p class=\"disable\">\u00a0<\/p>\n<p><a href=\"https:\/\/www.dagospia.com\/media-gallery\/dago-fotogallery-522324\/2293996\" class=\"float-left img-wrapper\"><img decoding=\"async\" id=\"2293996\" loading=\"lazy\" src=\"https:\/\/static.dagospia.com\/img\/foto\/08-2026\/roberto-vannacci-alla-versiliana-2-2293996_800_q50.webp\"><span class=\"img-title\">roberto vannacci alla versiliana 2<\/span><\/a><\/p>\n<p class=\"disable\"><strong>5. FNV, VANNACCI A CERNOBBIO: MI AUGURO CONSENSO PLATEA, RILANCIO PAESE MI STA A CUORE<\/strong><\/p>\n<p class=\"disable\"><strong>(Askanews) <\/strong>&#8211; &#8220;Me lo auguro, perch\u00e9 mi sta a cuore il rilancio economico, imprenditoriale e industriale del Paese&#8221;. Cos\u00ec Roberto Vannacci, leader di Futuro Nazionale, a chi gli chiedeva se domani si aspetta un particolare consenso dalla platea degli imprenditori riuniti al Forum Ambrosetti, dove interverr\u00e0 in un panel sull&#8217;Europa con l&#8217;ex premier Mario Monti.\u00a0<\/p>\n<p class=\"disable\">\u00a0<\/p>\n<p class=\"disable\">&#8220;Noi domani parleremo essenzialmente di Europa &#8211; ha spiegato -. Noi vediamo un&#8217;Europa diversa, un&#8217;Europa che non veda nelle nazioni sovrane un problema ma anzi un talento, un qualcosa da esaltare, una piattaforma di collaborazione e non una cattedra che impartisce direttive e regolamenti.<\/p>\n<p class=\"disable\">\u00a0<\/p>\n<p class=\"disable\">Peraltro, dopo pi\u00f9 di 30 anni di integrazione credo che i risultati non siano proprio eccellenti di questa Europa che vorrebbe tendere verso il mercato unico ma che non lo ha mai realizzato. L&#8217;Europa &#8211; ha concluso &#8211; mi sembra sempre molto pi\u00f9 insignificante nel mondo, almeno sul piano delle relazioni internazionali&#8221;.\u00a0<\/p>\n<p><a href=\"https:\/\/www.dagospia.com\/media-gallery\/dago-fotogallery-522324\/2139070\" class=\"float-right img-wrapper\"><img decoding=\"async\" id=\"2139070\" loading=\"lazy\" src=\"https:\/\/static.dagospia.com\/img\/foto\/06-2025\/mario-monti-2139070_800_q50.webp\"><span class=\"img-title\">mario monti<\/span><\/a><a href=\"https:\/\/www.dagospia.com\/media-gallery\/dago-fotogallery-522324\/2293998\" class=\"float-right img-wrapper\"><img decoding=\"async\" id=\"2293998\" loading=\"lazy\" src=\"https:\/\/static.dagospia.com\/img\/foto\/08-2026\/roberto-vannacci-alla-versiliana-1-2293998_800_q50.webp\"><span class=\"img-title\">roberto vannacci alla versiliana 1<\/span><\/a><\/p>\n<\/div>\n<article><a href=\"https:\/\/www.dagospia.com\/cronache\/la-camorra-indaga-legge-ringrazia-ad-indirizzare-indagini-lavitola-485901\"><\/p>\n<div class=\"img-wrapper\"><img decoding=\"async\" src=\"https:\/\/static.dagospia.com\/img\/patch\/09-2026\/attentato-sigfrido-ranucci-bomba-valter-lavitola-clesio-gomes-tavares-pellegrino-2302877_600_q50.webp\" alt=\"attentato sigfrido ranucci bomba valter lavitola clesio gomes tavares pellegrino d\u2019avino davino antonio passariello saverio mutone \" loading=\"lazy\"><time class=\"data-ora\">4 set 19:43<\/time><\/div>\n<div class=\"excerpt\">\n<p>DAGOREPORT-\u00a0<span>PECCATO CHE SIANO SCOMPARSI I POLIZIOTTESCHI DEGLI ANNI \u201970, TIPO: \u201cLA CAMORRA SFIDA, NAPOLI RISPONDE\u2019\u2019.<\/span> DAVANTI AI COLPI DI SCENA DEL GASTRO-CRIMINAL-SHOW, STARRING LAVITOLA E RANUCCI, AVREBBERO SCODELLATO UN BEL FILMONE, INTITOLATO: <span>\u201cLA CAMORRA INDAGA, LA LEGGE RINGRAZIA\u201d \u2013<\/span> QUANDO RANUCCI INDIRIZZA LE INDAGINI SULLA PISTA DELLA CAMORRA, IL CLAN CAVA, STORICA ORGANIZZAZIONE IRPINA DI QUINDICI, NON HA PRESO PER NIENTE BENE DI FINIRE SOTTO PRESSIONE PER IL LAVORO INVESTIGATIVO DEI CARABINIERI \u2013 <span>INDAGANO E SCOPRONO CHE ANTONIO PASSARIELLO, L\u2019UNICO LORO AFFILIATO DEL QUARTETTO BOMBAROLO (GLI ALTRI TRE NON ERANO ORGANICI AL CLAN),<\/span> NON SI ERA PREOCCUPATO DI INFORMARE IL VERTICE DEL CLAN, N\u00c9 DI RICEVERE IL VIA LIBERA PER COMPIERE L\u2019ATTENTATO &#8211; I CAMORRISTI DECIDONO ALLORA DI INDIRIZZARE GLI INQUIRENTI SULLA PISTA GIUSTA, INVIANDO UNA MAIL AL PM: <span>\u201cSE CE LO AVREBBE DETTO NON GLIELO AVREMMO MAI PERMESSO PERCH\u00c9 RANUCCI A NOI NON CI HA FATTO NIENTE E QUESTO SONO GUAI CHE NON VOGLIAMO<\/span>, ALLORA PRIMA CHE SI MISCHIANO LE CARTE, LE COSE STANNO COSI\u2026\u201d. E GI\u00d9 UN NUMERO DI TELEFONO INTESTATO A UN\u2019ALTRA PERSONA MA UTILIZZATO DA PASSARIELLO, CHE GLI INVESTIGATORI NON AVEVANO ANCORA SCOPERTO. <span>DA L\u00cc, INTERCETTANDO INTERCETTANDO, SI \u00c8 FINITI A TAVARES E LAVITOLA\u2026<\/span> &#8211; VIDEO<\/p>\n<\/div>\n<p><\/a><\/article>\n<article><a href=\"https:\/\/www.dagospia.com\/politica\/flash-e-non-e-lui-ministro-per-pubblica-amministrazione-paolo-zangrillo-485844\"><\/p>\n<div class=\"img-wrapper\"><img decoding=\"async\" src=\"https:\/\/static.dagospia.com\/img\/patch\/09-2026\/paolo-zangrillo-in-un-volo-di-linea-ita-airways-da-lamezia-a-milano-3-2302703_600_q50.webp\" alt=\"paolo zangrillo in un volo di linea ita airways da lamezia a milano - 3\" loading=\"lazy\"><time class=\"data-ora\">4 set 13:08<\/time><\/div>\n<div class=\"excerpt\">\n<p>FLASH \u2013 \u00c8 LUI O NON \u00c8 LUI? MA CERTO CHE \u00c8 LUI! IL MINISTRO PER LA PUBBLICA AMMINISTRAZIONE (IN QUOTA MARINA) <span>PAOLO ZANGRILLO, CHE SCALPITA PER FARE LE SCARPE A TAJANI, \u00c8 STATO AVVISTATO POCO FA IN UN VOLO DI LINEA DA LAMEZIA TERME A MILANO LINATE<\/span>, IN MEZZO A IGNARI PASSEGGERI. CHE COSA LO ASPETTA ALL\u2019OMBRA DELLA MADUNINA? RIFERIR\u00c0 A \u201cMADRINA\u201d BERLUSCONI L\u2019ESITO DEL SUO TETE-A-TETE CON ROBERTO OCCHIUTO, ALTRO COCCO DELLA REAL CASATA DI ARCORE?<\/p>\n<\/div>\n<p><\/a><\/article>\n<article><a href=\"https:\/\/www.dagospia.com\/politica\/dagoreport-giorgia-meloni-e-in-modalita-cattivissima-me-fronte-guai-485762\"><\/p>\n<div class=\"img-wrapper\"><img decoding=\"async\" src=\"https:\/\/static.dagospia.com\/img\/patch\/09-2026\/giorgia-meloni-sigfrido-ranucci-giampaolo-rossi-giovambattista-fazzolari-patrizi-2302272_600_q50.webp\" alt=\"giorgia meloni sigfrido ranucci giampaolo rossi giovambattista fazzolari patrizia scurti antonio tajani matteo salvini \" loading=\"lazy\"><time class=\"data-ora\">3 set 20:07<\/time><\/div>\n<div class=\"excerpt\">\n<p>DAGOREPORT \u2013 <span>GIORGIA MELONI \u00c8 IN MODALIT\u00c0 \u201cCATTIVISSIMA ME\u201d<\/span>: DOPO QUATTRO ANNI DI LUNA DI MIELE, PER LA DUCETTA \u00c8 ARRIVATA LA TEMPESTA PERFETTA: LO STOP AL PREMIERATO,\u00a0LA BATOSTA AL REFERENDUM, LE RAFFICHE DI \u201cVAFFA\u201d DI TRUMP, L&#8217;ESPLOSIONE DEL FENOMENO VANNACCI, IL CROLLO DELLA LEGA, FORZA ITALIA ALLA BERLUSCONINA, IL CAOS INTORNO ALLA NUOVA LEGGE ELETTORALE, L&#8217;AUTOGOL SULLA SOSTITUZIONE DI RANUCCI &#8211; <span>PIU&#8217; IRRIDUCIBILE DELLA MALASORTE, ANZICHE&#8217; ASCOLTARE I CO-FONDATORI DI FDI, LA RUSSA E CROSETTO, L&#8217;UNDERDOG PREFERISCE\u00a0CIRCONDARSI DALL&#8217;AFFETTO DEL SUO CIRCOLETTO DELLA GARBATELLA<\/span>\u00a0&#8211; DOMANI DA BARI, DOVE FESTEGGIA IL RECORD DI DURATA DEL SUO GOVERNO, L&#8217;UNDERDOG LANCER\u00c0 IL SUO GRIDO DI RISCOSSA ELETTORALE &#8211; <span>SA CHE L&#8217;ARMATA BRANCA-MELONI NON PUO&#8217; REGGERE FINO A OTTOBRE 2027, OCCORRE ANTICIPARE IL VOTO AD APRILE, LASCIANDO LE COMUNALI A GIUGNO <\/span>&#8211; MA MATTARELLA VUOLE L\u2019ELECTION-DAY A CUI SI OPPONE LA MELONI, TERRORIZZATA DALL\u2019EFFETTO TRAINO DI UN FILOTTO DEL CENTROSINISTRA: CHE DECIDERA&#8217; IL COLLE? AH, SAPERLO&#8230;<\/p>\n<\/div>\n<p><\/a><\/article>\n<article><a href=\"https:\/\/www.dagospia.com\/politica\/dagoreport-roberto-vannacci-marcia-cernobbio-gli-imprenditori-italiani-485729\"><\/p>\n<div class=\"img-wrapper\"><img decoding=\"async\" src=\"https:\/\/static.dagospia.com\/img\/patch\/09-2026\/crosetto-calenda-vannacci-monti-de-bortoli-forum-ambrosetti-cernobbio-2302201_600_q50.webp\" alt=\"crosetto calenda vannacci monti de bortoli forum ambrosetti cernobbio\" loading=\"lazy\"><time class=\"data-ora\">3 set 20:02<\/time><\/div>\n<div class=\"excerpt\">\n<p><span>DAGOREPORT <\/span>&#8211; MENTRE LA PROCURA MILITARE DI ROMA AVVIA UN\u2019INDAGINE SUGLI UFFICIALI CHE HANNO ADERITO ALLA &#8220;SPORCA DOZZINA&#8221; DI ROBERTO VANNACCI, <span>IL RE-DUX DI FUTURO NAZIONALE MARCIA SU CERNOBBIO: SABATO \u00c8 ATTESO IN POMPA MAGNA AL FORUM AMBROSETTI PER DIBATTERE CON L\u2019EX PREMIER MARIO MONTI<\/span> &#8211; DALL&#8217;IDEOLOGO DEL POPULISMO GRILLINO, GIAN ROBERTO CASALEGGIO AL LEADER SOVRANISTA OLANDESE, IL RAZZISTA GEERT WILDERS, LE PRESENZE PROVOCATORIE E ACCHIAPPA-TITOLI NON SONO UNA NOVITA&#8217; A VILLA D&#8217;ESTE &#8211;<span> SDEGNATI PER LA PRESENZA E &#8220;TRATTAMENTO PREFERENZIALE&#8221; DEDICATO ALL\u2019EX PAR\u00c0(CULO) DELLA FOLGORE, CARLO CALENDA E GUIDO CROSETTO NON METTERANNO PIEDE A CERNOBBIO<\/span> \u2013 ANCHE FERRUCCIO DE BORTOLI RIFIUTA DI DUETTARE CON L\u2019EX GENERALE NOSTALGICO DEL MANGANELLO E DELL\u2019OLIO DI RICINO &#8211; NON SOLO: E&#8217; L\u2019EX DIRETTORE DEL \u201cCORRIERE\u201d IL PRIMO CHE SPARA LA NOTIZIA:<span> \u201cPURTROPPO A CERNOBBIO CI SAR\u00c0 VANNACCI&#8221;<\/span> (IL CAUTO DIRETTORE FONTANA \u00c8 STATO BEN ATTENTO A NON PUBBLICARLA SUBITO SUL CARTACEO)&#8230;<\/p>\n<\/div>\n<p><\/a><\/article>\n<article><a href=\"https:\/\/www.dagospia.com\/media-tv\/dagoreport-riunione-interlocutoria-qualche-piccola-apertura-caso-report-485651\"><\/p>\n<div class=\"img-wrapper\"><img decoding=\"async\" src=\"https:\/\/static.dagospia.com\/img\/patch\/09-2026\/rai-via-teulada-paolo-corsini-giulia-innocenzi-presutti-daniele-piervincenzi-dan-2301944_600_q50.webp\" alt=\"rai via teulada paolo corsini giulia innocenzi presutti daniele piervincenzi danilo procaccianti report sigfrido ranucci \" loading=\"lazy\"><time class=\"data-ora\">2 set 20:05<\/time><\/div>\n<div class=\"excerpt\">\n<p>DAGOREPORT \u2013 <span>RIUNIONE INTERLOCUTORIA MA CON QUALCHE PICCOLA APERTURA <\/span>TRA IL DIRETTORE DELL&#8217;APPROFONDIMENTO RAI, PAOLO CORSINI, E I MEMBRI DELLA SQUADRA DI \u201cREPORT\u201d: I GIORNALISTI <span>HANNO RIBADITO IL \u201cNO\u201d ALLA CONDUZIONE DI GIULIA PRESUTTI E DANIELE<\/span><span>PIERVINCENZI, MA SU QUEST\u2019ULTIMO LA POSIZIONE SAREBBE PI\u00d9 MORBIDA: <\/span>POTREBBE AVERE UN VIA LIBERA MAGARI COME CONDUTTORE DEL \u201cREPORT LAB\u201d, CON LA CONDUZIONE VERA E PROPRIA DA AFFIDARE A DUE \u201cSTORICI\u201d (CHE DIVENTEREBBERO TRE NEL CASO DI UN REINTEGRO DI RANUCCI DA PARTE DEL TRIBUNALE).\u00a0 SULLA PRESUTTI IL MURO RESTA GRANITICO \u2013 <span>PALAZZO CHIGI, INVECE, SAREBBE IRREMOVIBILE SUI DUE NOMI<\/span> \u2013 EPISODIO PITTORESCO NEL MEZZO DELLA RIUNIONE: UN GIORNALISTA DI UNA PRESTIGIOSA TESTATA DELLA RAI SAREBBE STATO <span>BECCATO A ORIGLIARE DA UN BAGNO VICINO ALLA SALA\u2026<\/span><\/p>\n<\/div>\n<p><\/a><\/article>\n<article><a href=\"https:\/\/www.dagospia.com\/politica\/dagoreport-grazie-trump-mondo-verso-de-americanizzazione-oggi-si-485332\"><\/p>\n<div class=\"img-wrapper\"><img decoding=\"async\" src=\"https:\/\/static.dagospia.com\/img\/patch\/09-2026\/trump-modi-xi-jinping-putin-2301524_600_q50.webp\" alt=\"trump modi xi jinping putin\" loading=\"lazy\"><time class=\"data-ora\">1 set 19:59<\/time><\/div>\n<div class=\"excerpt\">\n<p>DAGOREPORT \u2013<span> GRAZIE A TRUMP, IL DOLLARO RISCHIA DI DIVENTARE CARTA STRACCIA \u2013<\/span>\u00a0IL PIATTO FORTE AL SUMMIT IN KIRGHIZISTAN DI XI JINPING, VLADIMIR PUTIN E NARENDRA MODI, HA FATTO STRA-INCAZZARE IL CALIGOLA DELLA CASA BIANCA: SUL TAVOLO,\u00a0<span>IL PROGETTO DEI &#8221;BRICS&#8221; (BRASILE, RUSSIA, INDIA, CINA, SUDAFRICA) DI DAR VITA A UNA \u201cMONETA UNICA&#8221;, PER FAR FUORI IL DOLLARO NEGLI SCAMBI INTERNAZIONALI<\/span>\u00a0&#8211; CON UN DEBITO PUBBLICO MONSTRE DI 40MILA MILIARDI, LA DE-DOLLARIZZAZIONE SAREBBE LA FINE DELL&#8217;IMPERO AMERICANO: IL VERDONE&#8221; VIENE UTILIZZATO IN OLTRE L&#8217;80% DELLE TRANSAZIONI COMMERCIALI E IN PI\u00d9 DELLA MET\u00c0 DEI PAGAMENTI INTERNAZIONALI DELLE MATERIE PRIME, COME IL PETROLIO\u00a0&#8211; <span>LA DECISIONE E&#8217; NELLE MANI DELLA CINA: RINUNCERA&#8217; ALLO MONETA NAZIONALE, LO YUAN, PER DIVENTARE LA LOCOMOTIVA DEI &#8221;BRICS&#8221;?<\/span>\u00a0&#8211;\u00a0SUL MAGGIORE IMPEGNO A FAVORE DELL\u2019IRAN, PESANO I DUBBI\u00a0DI MODI (GLI USA SONO IL PRIMO PARTNER COMMERCIALE DELL\u2019INDIA)\u00a0&#8211; PROSSIMO ROUND: IL VERTICE DI XI JIN PING DEL 24 SETTEMBRE CON IL &#8220;DERAGLIATO MENTALE&#8221; DELLA CASA BIANCA&#8230;<\/p>\n<\/div>\n<p><\/a><\/article>\n<article><a href=\"https:\/\/www.dagospia.com\/media-tv\/acrobazie-spaccanti-il-55enne-raoul-bova-beatrice-arnera-beccati-chi-485632\"><\/p>\n<div class=\"img-wrapper\"><img decoding=\"async\" src=\"https:\/\/static.dagospia.com\/img\/patch\/09-2026\/raoul-bova-beatrice-arnera-chi-2301906_600_q50.webp\" alt=\"raoul bova beatrice arnera chi\" loading=\"lazy\"><\/div>\n<div class=\"excerpt\">ACROBAZIE \u201cSPACCANTI\u201d \u2013 IL 55ENNE RAOUL BOVA E BEATRICE ARNERA SONO STATI BECCATI DA \u201cCHI\u201d A\u2026<\/div>\n<p><\/a><\/article>\n<article><a href=\"https:\/\/www.dagospia.com\/sport\/pennellone-frou-frou-mole-juve-acquistato-l-attaccante-nick-woltemade-485601\"><\/p>\n<div class=\"img-wrapper\"><img decoding=\"async\" src=\"https:\/\/static.dagospia.com\/img\/patch\/09-2026\/nick-woltemade-2301780_600_q50.webp\" alt loading=\"lazy\"><\/div>\n<div class=\"excerpt\">UN PENNELLONE &#8220;FROU FROU&#8221; SOTTO LA MOLE? \u2013 LA JUVE HA ACQUISTATO IN PRESTITO DAL NEWCASTLE\u2026<\/div>\n<p><\/a><\/article>\n<article><a href=\"https:\/\/www.dagospia.com\/media-tv\/linguine-scoglio-video-pomiciata-elodie-franceska-scodellato-oggi-485860\"><\/p>\n<div class=\"img-wrapper\"><img decoding=\"async\" src=\"https:\/\/static.dagospia.com\/img\/patch\/09-2026\/elodie-franceska-nuredini-2302758_600_q50.webp\" alt=\"elodie franceska nuredini\" loading=\"lazy\"><\/div>\n<div class=\"excerpt\">CHIAMATE LA BUONCOSTUME! LA PAZZA ESTATE DI ELODIE E FRANCESKA FINISCE CON UNA RICCA E SAPORITA\u2026<\/div>\n<p><\/a><\/article>\n<article><a href=\"https:\/\/www.dagospia.com\/media-tv\/pillole-gossip-kimi-antonelli-ragazza-485853\"><\/p>\n<div class=\"img-wrapper\"><img decoding=\"async\" src=\"https:\/\/static.dagospia.com\/img\/patch\/09-2026\/pillole-avanti-gossip-2302732_600_q50.webp\" alt=\"pillole avanti gossip\" loading=\"lazy\"><\/div>\n<div class=\"excerpt\">PILLOLE DI GOSSIP! CHI \u00c8 LA RAGAZZA FOTOGRAFATA ACCANTO A KIMI ANTONELLI A PORTOFINO? &#8211; PROSEGUE LA\u2026<\/div>\n<p><\/a><\/article>\n<article><a href=\"https:\/\/www.dagospia.com\/sport\/vroom-si-sbanda-in-curva-la-riconoscete-sognava-condurre-tg-e-finita-in-485816\"><\/p>\n<div class=\"img-wrapper\"><img decoding=\"async\" src=\"https:\/\/static.dagospia.com\/img\/patch\/09-2026\/mara-sangiorgio-2302494_600_q50.webp\" alt=\"mara sangiorgio\" loading=\"lazy\"><\/div>\n<div class=\"excerpt\">VROOM, SI SBANDA IN CURVA: LA RICONOSCETE? SOGNAVA DI CONDURRE IL TG, E\u2019 FINITA IN MEZZO ALLE\u2026<\/div>\n<p><\/a><\/article>\n<article><a href=\"https:\/\/www.dagospia.com\/cronache\/la-camorra-indaga-legge-ringrazia-ad-indirizzare-indagini-lavitola-485901\"><\/p>\n<div class=\"img-wrapper\"><img decoding=\"async\" src=\"https:\/\/static.dagospia.com\/img\/patch\/09-2026\/attentato-sigfrido-ranucci-bomba-valter-lavitola-clesio-gomes-tavares-pellegrino-2302877_600_q50.webp\" alt=\"attentato sigfrido ranucci bomba valter lavitola clesio gomes tavares pellegrino d\u2019avino davino antonio passariello saverio mutone \" loading=\"lazy\"><\/div>\n<div class=\"excerpt\">DAGOREPORT-\u00a0PECCATO CHE SIANO SCOMPARSI I POLIZIOTTESCHI DEGLI ANNI \u201970, TIPO: \u201cLA CAMORRA SFIDA,\u2026<\/div>\n<p><\/a><\/article>\n<article><a href=\"https:\/\/www.dagospia.com\/politica\/flash-e-non-e-lui-ministro-per-pubblica-amministrazione-paolo-zangrillo-485844\"><\/p>\n<div class=\"img-wrapper\"><img decoding=\"async\" src=\"https:\/\/static.dagospia.com\/img\/patch\/09-2026\/paolo-zangrillo-in-un-volo-di-linea-ita-airways-da-lamezia-a-milano-3-2302703_600_q50.webp\" alt=\"paolo zangrillo in un volo di linea ita airways da lamezia a milano - 3\" loading=\"lazy\"><\/div>\n<div class=\"excerpt\">FLASH \u2013 \u00c8 LUI O NON \u00c8 LUI? MA CERTO CHE \u00c8 LUI! IL MINISTRO PER LA PUBBLICA AMMINISTRAZIONE (IN\u2026<\/div>\n<p><\/a><\/article>\n<article><a href=\"https:\/\/www.dagospia.com\/politica\/dagoreport-giorgia-meloni-e-in-modalita-cattivissima-me-fronte-guai-485762\"><\/p>\n<div class=\"img-wrapper\"><img decoding=\"async\" src=\"https:\/\/static.dagospia.com\/img\/patch\/09-2026\/giorgia-meloni-sigfrido-ranucci-giampaolo-rossi-giovambattista-fazzolari-patrizi-2302272_600_q50.webp\" alt=\"giorgia meloni sigfrido ranucci giampaolo rossi giovambattista fazzolari patrizia scurti antonio tajani matteo salvini \" loading=\"lazy\"><\/div>\n<div class=\"excerpt\">DAGOREPORT \u2013 GIORGIA MELONI \u00c8 IN MODALIT\u00c0 \u201cCATTIVISSIMA ME\u201d: DOPO QUATTRO ANNI DI LUNA DI MIELE,\u2026<\/div>\n<p><\/a><\/article>\n<article><a href=\"https:\/\/www.dagospia.com\/politica\/dagoreport-roberto-vannacci-marcia-cernobbio-gli-imprenditori-italiani-485729\"><\/p>\n<div class=\"img-wrapper\"><img decoding=\"async\" src=\"https:\/\/static.dagospia.com\/img\/patch\/09-2026\/crosetto-calenda-vannacci-monti-de-bortoli-forum-ambrosetti-cernobbio-2302201_600_q50.webp\" alt=\"crosetto calenda vannacci monti de bortoli forum ambrosetti cernobbio\" loading=\"lazy\"><\/div>\n<div class=\"excerpt\">DAGOREPORT &#8211; MENTRE LA PROCURA MILITARE DI ROMA AVVIA UN\u2019INDAGINE SUGLI UFFICIALI CHE HANNO ADERITO\u2026<\/div>\n<p><\/a><\/article>\n<article><a href=\"https:\/\/www.dagospia.com\/media-tv\/dagoreport-riunione-interlocutoria-qualche-piccola-apertura-caso-report-485651\"><\/p>\n<div class=\"img-wrapper\"><img decoding=\"async\" src=\"https:\/\/static.dagospia.com\/img\/patch\/09-2026\/rai-via-teulada-paolo-corsini-giulia-innocenzi-presutti-daniele-piervincenzi-dan-2301944_600_q50.webp\" alt=\"rai via teulada paolo corsini giulia innocenzi presutti daniele piervincenzi danilo procaccianti report sigfrido ranucci \" loading=\"lazy\"><\/div>\n<div class=\"excerpt\">DAGOREPORT \u2013 RIUNIONE INTERLOCUTORIA MA CON QUALCHE PICCOLA APERTURA TRA IL DIRETTORE\u2026<\/div>\n<p><\/a><\/article>\n<article><a href=\"https:\/\/www.dagospia.com\/politica\/dagoreport-grazie-trump-mondo-verso-de-americanizzazione-oggi-si-485332\"><\/p>\n<div class=\"img-wrapper\"><img decoding=\"async\" src=\"https:\/\/static.dagospia.com\/img\/patch\/09-2026\/trump-modi-xi-jinping-putin-2301524_600_q50.webp\" alt=\"trump modi xi jinping putin\" loading=\"lazy\"><\/div>\n<div class=\"excerpt\">DAGOREPORT \u2013 GRAZIE A TRUMP, IL DOLLARO RISCHIA DI DIVENTARE CARTA STRACCIA \u2013\u00a0IL PIATTO FORTE AL\u2026<\/div>\n<p><\/a><\/article>\n<article><a href=\"https:\/\/www.dagospia.com\/politica\/elly-ascolta-gli-amici-i-big-pd-scesi-in-campo-cosi-pesantemente-per-485354\"><\/p>\n<div class=\"img-wrapper\"><img decoding=\"async\" src=\"https:\/\/static.dagospia.com\/img\/patch\/08-2026\/giuseppe-conte-elly-schlein-franceschini-bonaccini-nardella-2301098_600_q50.webp\" alt=\"giuseppe conte elly schlein franceschini bonaccini nardella\" loading=\"lazy\"><\/div>\n<div class=\"excerpt\">DAGOREPORT &#8211; ELLY, ASCOLTA GLI AMICI! I CAPOCCIONI E LE MEZZECALZE DEL PD, CHE SONO SCESI COS\u00cc\u2026<\/div>\n<p><\/a><\/article>\n<article><a href=\"https:\/\/www.dagospia.com\/politica\/l-ingaggio-fedorov-fa-incazzare-zelensky-mette-in-allarme-agenzie-485343\"><\/p>\n<div class=\"img-wrapper\"><img decoding=\"async\" src=\"https:\/\/static.dagospia.com\/img\/patch\/08-2026\/fedorov-musk-thiel-zelensky-crosetto-2301168_600_q50.webp\" alt=\"fedorov musk thiel zelensky crosetto\" loading=\"lazy\"><\/div>\n<div class=\"excerpt\">DAGOREPORT &#8211; A QUALCUNO NON PIACE &#8216;STO FEDOROV &#8211;\u00a0PIU&#8217; CHE A INDIGNARE I NEURONI ALLA VODKA DI\u2026<\/div>\n<p><\/a><\/article>\n<article><a href=\"https:\/\/www.dagospia.com\/politica\/flash-c-e-grande-perplessita-i-draghi-boys-per-presenza-andrea-485336\"><\/p>\n<div class=\"img-wrapper\"><img decoding=\"async\" src=\"https:\/\/static.dagospia.com\/img\/patch\/08-2026\/xavier-niel-draghi-pignataro-2301175_600_q50.webp\" alt=\"xavier niel draghi pignataro\" loading=\"lazy\"><\/div>\n<div class=\"excerpt\">FLASH! \u2013 I \u201cDRAGHI BOYS\u201d DEL POTERE ECONOMICO ITALIANO AVREBBERO ESPRESSO QUALCHE PERPLESSITA&#8217;\u2026<\/div>\n<p><\/a><\/article>\n<article><a href=\"https:\/\/www.dagospia.com\/politica\/quale-episodio-giulia-presutti-era-habitue-cefalu-bistro-dove-piu-e-485248\"><\/p>\n<div class=\"img-wrapper\"><img decoding=\"async\" src=\"https:\/\/static.dagospia.com\/img\/patch\/08-2026\/ranucci-presutti-cianfoni-floridia-2300757_600_q50.webp\" alt=\"ranucci presutti cianfoni floridia\" loading=\"lazy\"><\/div>\n<div class=\"excerpt\">DAGOREPORT &#8211;\u00a0MA QUALE &#8220;EPISODIO&#8221;! GIULIA PRESUTTI ERA UN HABITU\u00c8 DEL \u201cCEFAL\u00d9 BISTR\u00d2\u201d DOVE PI\u00d9 VOLTE\u2026<\/div>\n<p><\/a><\/article>\n<article><a href=\"https:\/\/www.dagospia.com\/cafonal\/cafonalino-roma-proiezione-documentario-marco-bellocchio-marco-travaglio-485081\"><\/p>\n<div class=\"img-wrapper\"><img decoding=\"async\" src=\"https:\/\/static.dagospia.com\/img\/patch\/08-2026\/2026bellocchio-anteprima-film-di-marco-bellocchio-2300339_600_q50.webp\" alt=\"2026bellocchio anteprima film di marco bellocchio\" loading=\"lazy\"><\/div>\n<div class=\"excerpt\">CAFONALINO! AL CINEMA QUATTRO FONTANE DI ROMA LA PROIEZIONE SPECIALE DEL DOCUMENTARIO \u201cMARCO\u2026<\/div>\n<p><\/a><\/article>\n<article><a href=\"https:\/\/www.dagospia.com\/cafonal\/cafonal-show-ranucci-cerveteri-freni-ho-fatto-scoop-nazionali-484807\"><\/p>\n<div class=\"img-wrapper\"><img decoding=\"async\" src=\"https:\/\/static.dagospia.com\/img\/patch\/08-2026\/2026ranucci-sigfrido-ranucci-2299409_600_q50.webp\" alt=\"2026ranucci sigfrido ranucci\" loading=\"lazy\"><\/div>\n<div class=\"excerpt\">SIGFRIDO, IL MASANIELLO DE NOANTRI \u2013 RANUCCI HA PERSO OGNI FRENO E, ALLA PRESENTAZIONE DEL SUO\u2026<\/div>\n<p><\/a><\/article>\n<article><a href=\"https:\/\/www.dagospia.com\/cafonal\/funeralino-l-ultimo-saluto-mitico-produttore-cinematografico-fulvio-484127\"><\/p>\n<div class=\"img-wrapper\"><img decoding=\"async\" src=\"https:\/\/static.dagospia.com\/img\/patch\/08-2026\/2026lucisano-2297424_600_q50.webp\" alt=\"2026lucisano\" loading=\"lazy\"><\/div>\n<div class=\"excerpt\">FUNERALINO \u2013 NELLA CALLARA ROMANA D\u2019AGOSTO, L\u2019ULTIMO SALUTO AL MITICO PRODUTTORE CINEMATOGRAFICO\u2026<\/div>\n<p><\/a><\/article>\n<article><a href=\"https:\/\/www.dagospia.com\/cafonal\/cafonalino-pizza-riformista-matteo-renzi-raduna-i-suoi-prima-delle-480816\"><\/p>\n<div class=\"img-wrapper\"><img decoding=\"async\" src=\"https:\/\/static.dagospia.com\/img\/patch\/07-2026\/2026kraken-matteo-renzi-2286047_600_q50.webp\" alt=\"2026kraken matteo renzi \" loading=\"lazy\"><\/div>\n<div class=\"excerpt\">CAFONALINO DELLA PIZZA RIFORMISTA \u2013 RENZI RADUNA I SUOI PRIMA DELLE VACANZE ESTIVE AL SATYRUS DI\u2026<\/div>\n<p><\/a><\/article>\n<article><a href=\"https:\/\/www.dagospia.com\/cafonal\/cafonalino-moreno-party-roma-manuela-moreno-festeggia-i-60-anni-480777\"><\/p>\n<div class=\"img-wrapper\"><img decoding=\"async\" src=\"https:\/\/static.dagospia.com\/img\/patch\/07-2026\/manuela-moreno-festa-60-anni-2285871_600_q50.webp\" alt=\"manuela moreno festa 60 anni \" loading=\"lazy\"><\/div>\n<div class=\"excerpt\">CAFONALINO! NO MORENO, NO PARTY \u2013 A ROMA, AL LOVE BAR DI PONTE MILVIO, MANUELA MORENO, CONDUTTRICE\u2026<\/div>\n<p><\/a><\/article>\n<article><a href=\"https:\/\/www.dagospia.com\/cafonal\/cafonalino-firenze-tevere-direttori-redattori-forchettoni-scrocconi-480745\"><\/p>\n<div class=\"img-wrapper\"><img decoding=\"async\" src=\"https:\/\/static.dagospia.com\/img\/patch\/07-2026\/2026agno-marco-agnoletti-2285763_600_q50.webp\" alt=\"2026agno marco agnoletti \" loading=\"lazy\"><\/div>\n<div class=\"excerpt\">CAFONALINO DEGLI AGNOLETTI IN BRODO &#8211; DIRETTORI, REDATTORI, FORCHETTONI E SCROCCONI SFIDANO\u2026<\/div>\n<p><\/a><\/article>\n<p>[analyse_source url=&#8221;https:\/\/www.dagospia.com\/politica\/generale-voglia-matta-accreditarsi-gotha-dell-economia-vannacci-si-485897&#8243;]<\/p>\n","protected":false},"excerpt":{"rendered":"<p>[analyse_image type=&#8221;featured&#8221; src=&#8221;https:\/\/static.dagospia.com\/img\/patch\/09-2026\/forum-cernobbio-roberto-vannacci-2302855_600_q50.webp&#8221;] 4 set 2026 18:55 IL GENERALE HA UNA VOGLIA MATTA DI ACCREDITARSI CON IL GOTHA DELL\u2019ECONOMIA\u00a0&#8211; VANNACCI SI SENTE COME UN BAMBINO ALLE GIOSTRE PER IL FORUM AMBROSETTI DI CERNOBBIO: \u201c\u00c8 COME IL PRIMO LANCIO DA UN AEROPLANO, QUESTA \u00c8 LA PRIMA VOLTA IN QUESTO AMBIENTE\u201d\u00a0 &#8211; LA CAREZZA A MELONI SUL [&hellip;]<\/p>\n","protected":false},"author":1,"featured_media":0,"comment_status":"open","ping_status":"","sticky":false,"template":"","format":"standard","meta":{"footnotes":""},"categories":[87],"tags":[226,149],"class_list":["post-2129007","post","type-post","status-publish","format-standard","hentry","category-italy","tag-crawlmanager","tag-dagospia-com"],"_links":{"self":[{"href":"https:\/\/analyse.optim.biz\/index.php?rest_route=\/wp\/v2\/posts\/2129007","targetHints":{"allow":["GET"]}}],"collection":[{"href":"https:\/\/analyse.optim.biz\/index.php?rest_route=\/wp\/v2\/posts"}],"about":[{"href":"https:\/\/analyse.optim.biz\/index.php?rest_route=\/wp\/v2\/types\/post"}],"author":[{"embeddable":true,"href":"https:\/\/analyse.optim.biz\/index.php?rest_route=\/wp\/v2\/users\/1"}],"replies":[{"embeddable":true,"href":"https:\/\/analyse.optim.biz\/index.php?rest_route=%2Fwp%2Fv2%2Fcomments&post=2129007"}],"version-history":[{"count":0,"href":"https:\/\/analyse.optim.biz\/index.php?rest_route=\/wp\/v2\/posts\/2129007\/revisions"}],"wp:attachment":[{"href":"https:\/\/analyse.optim.biz\/index.php?rest_route=%2Fwp%2Fv2%2Fmedia&parent=2129007"}],"wp:term":[{"taxonomy":"category","embeddable":true,"href":"https:\/\/analyse.optim.biz\/index.php?rest_route=%2Fwp%2Fv2%2Fcategories&post=2129007"},{"taxonomy":"post_tag","embeddable":true,"href":"https:\/\/analyse.optim.biz\/index.php?rest_route=%2Fwp%2Fv2%2Ftags&post=2129007"}],"curies":[{"name":"wp","href":"https:\/\/api.w.org\/{rel}","templated":true}]}}