{"id":2128958,"date":"2026-09-04T11:42:00","date_gmt":"2026-09-04T08:42:00","guid":{"rendered":"https:\/\/analyse.optim.biz\/?p=2128958"},"modified":"2026-09-04T11:42:00","modified_gmt":"2026-09-04T08:42:00","slug":"una-exclave-in-testa-a-sanchez-il-premier-spagnolo-e-sempre-piu-nei-casini-per-linvasione-di","status":"publish","type":"post","link":"https:\/\/analyse.optim.biz\/?p=2128958","title":{"rendered":"Una exclave in testa a sanchez! &#8211; il premier spagnolo \u00c8 sempre pi\u00d9 nei casini per l&#8217;invasione di&#8230;"},"content":{"rendered":"<p>[analyse_image type=&#8221;featured&#8221; src=&#8221;https:\/\/static.dagospia.com\/img\/patch\/07-2026\/pedro-sanchez-ceuta-migranti-2291483_600_q50.webp&#8221;]<\/p>\n<article>\n<div class=\"img-wrapper\"><img decoding=\"async\" src=\"https:\/\/static.dagospia.com\/img\/patch\/07-2026\/pedro-sanchez-ceuta-migranti-2291483_600_q50.webp\" alt=\"pedro sanchez ceuta migranti \"><time class=\"data-ora\">4 set 2026 13:42<\/time><\/div>\n<p>UNA EXCLAVE IN TESTA A SANCHEZ! &#8211; IL PREMIER SPAGNOLO \u00c8 SEMPRE PI\u00d9 NEI CASINI PER L&#8217;INVASIONE DI MIGRANTI A CEUTA: <span>LUI\u00a0SOSTIENE DI NON ESSERE STATO AVVISATO DAI SERVIZI MA &#8220;EL MUNDO&#8221; RIVELA L\u2019ESISTENZA DI DUE RAPPORTI REDATTI PRIMA DELL\u2019ASSALTO <\/span>&#8211; IL PRIMO RISALE AL 27 LUGLIO: C&#8217;ERA SCRITTO NERO SU BIANCO CHE UN INGRESSO DI MASSA DI MIGRANTI ERA IMMINENTE E &#8220;MOLTO PROBABILE&#8221; &#8211; LA MATTINA DEL 30 LUGLIO, POCO PRIMA CHE LA SITUAZIONE PRECIPITASSE, LA POLIZIA DI FRONTIERA DIFFUSE UNA NOTA INTERNA CHE SEGNALAVA, A CARATTERI CUBITALI, UN &#8220;RISCHIO ESTREMO DI COLLASSO&#8221; &#8211; <span>MIGLIAIA DI SPAGNOLI SCENDONO IN PIAZZA CONTRO IL GOVERNO<\/span><\/p>\n<div class=\"share-section\">\n                Condividi  questo articolo<\/p>\n<div class=\"socials\"><a href=\"http:\/\/www.facebook.com\/sharer.php?u=http:\/\/www.dagospia.com\/politica\/exclave-in-testa-sanchez-premier-spagnolo-e-sempre-piu-casini-per-485825\" target=\"_blank\"><img decoding=\"async\" src=\"https:\/\/static.dagospia.com\/img\/icons\/facebook.svg\" alt=\"Condividi su Facebook\"><\/a><a href=\"http:\/\/www.twitter.com\/share?url=http:\/\/www.dagospia.com\/politica\/exclave-in-testa-sanchez-premier-spagnolo-e-sempre-piu-casini-per-485825&amp;text=UNA%20EXCLAVE%20IN%20TESTA%20A%20SANCHEZ!%20-%20IL%20PREMIER%20SPAGNOLO%20%C3%88%20SEMPRE%20PI%C3%99%20NEI%20CASINI%20PER%20L&apos;INVASIONE%20DI...\" target=\"_blank\"><img decoding=\"async\" src=\"https:\/\/static.dagospia.com\/img\/icons\/x-icon.png\" alt=\"Condividi su X\"><\/a><a href=\"\/\/www.dagospia.com\/politica\/exclave-in-testa-sanchez-premier-spagnolo-e-sempre-piu-casini-per-485825\" target=\"_blank\"><img decoding=\"async\" src=\"https:\/\/static.dagospia.com\/img\/icons\/whatsapp.svg\" alt=\"Condividi su Whatsapp\"><\/a><a href=\"mailto:?body=http:\/\/www.dagospia.com\/politica\/exclave-in-testa-sanchez-premier-spagnolo-e-sempre-piu-casini-per-485825\" target=\"_blank\"><img decoding=\"async\" src=\"https:\/\/static.dagospia.com\/img\/icons\/mail.svg\" alt=\"Invia in email\"><\/a><\/div>\n<\/div>\n<div class=\"content\">\n<div>\n<div class=\"twitter-tweet twitter-tweet-rendered\"><iframe allowfullscreen=\"true\" allowtransparency=\"true\" data-tweet-id=\"2095605178225308125\" frameborder id=\"twitter-widget-1\" scrolling=\"no\" src=\"https:\/\/platform.twitter.com\/embed\/Tweet.html?dnt=false&amp;embedId=twitter-widget-1&amp;features=eyJ0ZndfdGltZWxpbmVfbGlzdCI6eyJidWNrZXQiOltdLCJ2ZXJzaW9uIjpudWxsfSwidGZ3X2ZvbGxvd2VyX2NvdW50X3N1bnNldCI6eyJidWNrZXQiOnRydWUsInZlcnNpb24iOm51bGx9LCJ0ZndfdHdlZXRfZWRpdF9iYWNrZW5kIjp7ImJ1Y2tldCI6Im9uIiwidmVyc2lvbiI6bnVsbH0sInRmd19yZWZzcmNfc2Vzc2lvbiI6eyJidWNrZXQiOiJvbiIsInZlcnNpb24iOm51bGx9LCJ0ZndfZm9zbnJfc29mdF9pbnRlcnZlbnRpb25zX2VuYWJsZWQiOnsiYnVja2V0Ijoib24iLCJ2ZXJzaW9uIjpudWxsfSwidGZ3X21peGVkX21lZGlhXzE1ODk3Ijp7ImJ1Y2tldCI6InRyZWF0bWVudCIsInZlcnNpb24iOm51bGx9LCJ0ZndfZXhwZXJpbWVudHNfY29va2llX2V4cGlyYXRpb24iOnsiYnVja2V0IjoxMjA5NjAwLCJ2ZXJzaW9uIjpudWxsfSwidGZ3X3Nob3dfYmlyZHdhdGNoX3Bpdm90c19lbmFibGVkIjp7ImJ1Y2tldCI6Im9uIiwidmVyc2lvbiI6bnVsbH0sInRmd19kdXBsaWNhdGVfc2NyaWJlc190b19zZXR0aW5ncyI6eyJidWNrZXQiOiJvbiIsInZlcnNpb24iOm51bGx9LCJ0ZndfdXNlX3Byb2ZpbGVfaW1hZ2Vfc2hhcGVfZW5hYmxlZCI6eyJidWNrZXQiOiJvbiIsInZlcnNpb24iOm51bGx9LCJ0ZndfdmlkZW9faGxzX2R5bmFtaWNfbWFuaWZlc3RzXzE1MDgyIjp7ImJ1Y2tldCI6InRydWVfYml0cmF0ZSIsInZlcnNpb24iOm51bGx9LCJ0ZndfbGVnYWN5X3RpbWVsaW5lX3N1bnNldCI6eyJidWNrZXQiOnRydWUsInZlcnNpb24iOm51bGx9LCJ0ZndfdHdlZXRfZWRpdF9mcm9udGVuZCI6eyJidWNrZXQiOiJvbiIsInZlcnNpb24iOm51bGx9fQ%3D%3D&amp;frame=false&amp;hideCard=false&amp;hideThread=false&amp;id=2095605178225308125&amp;lang=it&amp;maxWidth=560px&amp;origin=https%3A%2F%2Fredazione2.dagospia.com%2Farticoli%2Fedit%2F485825&amp;sessionId=45da0bf74d44ced52d4cf356e252b594d92f3a84&amp;theme=light&amp;widgetsVersion=6a3ad42b224df%3A1778106238597&amp;width=550px\" title=\"X Post\"><\/iframe><\/div>\n<\/div>\n<p class=\"disable\">\u00a0<\/p>\n<div>\n<div class=\"twitter-tweet twitter-tweet-rendered\"><iframe allowfullscreen=\"true\" allowtransparency=\"true\" data-tweet-id=\"2095224488723993012\" frameborder id=\"twitter-widget-2\" scrolling=\"no\" src=\"https:\/\/platform.twitter.com\/embed\/Tweet.html?dnt=false&amp;embedId=twitter-widget-2&amp;features=eyJ0ZndfdGltZWxpbmVfbGlzdCI6eyJidWNrZXQiOltdLCJ2ZXJzaW9uIjpudWxsfSwidGZ3X2ZvbGxvd2VyX2NvdW50X3N1bnNldCI6eyJidWNrZXQiOnRydWUsInZlcnNpb24iOm51bGx9LCJ0ZndfdHdlZXRfZWRpdF9iYWNrZW5kIjp7ImJ1Y2tldCI6Im9uIiwidmVyc2lvbiI6bnVsbH0sInRmd19yZWZzcmNfc2Vzc2lvbiI6eyJidWNrZXQiOiJvbiIsInZlcnNpb24iOm51bGx9LCJ0ZndfZm9zbnJfc29mdF9pbnRlcnZlbnRpb25zX2VuYWJsZWQiOnsiYnVja2V0Ijoib24iLCJ2ZXJzaW9uIjpudWxsfSwidGZ3X21peGVkX21lZGlhXzE1ODk3Ijp7ImJ1Y2tldCI6InRyZWF0bWVudCIsInZlcnNpb24iOm51bGx9LCJ0ZndfZXhwZXJpbWVudHNfY29va2llX2V4cGlyYXRpb24iOnsiYnVja2V0IjoxMjA5NjAwLCJ2ZXJzaW9uIjpudWxsfSwidGZ3X3Nob3dfYmlyZHdhdGNoX3Bpdm90c19lbmFibGVkIjp7ImJ1Y2tldCI6Im9uIiwidmVyc2lvbiI6bnVsbH0sInRmd19kdXBsaWNhdGVfc2NyaWJlc190b19zZXR0aW5ncyI6eyJidWNrZXQiOiJvbiIsInZlcnNpb24iOm51bGx9LCJ0ZndfdXNlX3Byb2ZpbGVfaW1hZ2Vfc2hhcGVfZW5hYmxlZCI6eyJidWNrZXQiOiJvbiIsInZlcnNpb24iOm51bGx9LCJ0ZndfdmlkZW9faGxzX2R5bmFtaWNfbWFuaWZlc3RzXzE1MDgyIjp7ImJ1Y2tldCI6InRydWVfYml0cmF0ZSIsInZlcnNpb24iOm51bGx9LCJ0ZndfbGVnYWN5X3RpbWVsaW5lX3N1bnNldCI6eyJidWNrZXQiOnRydWUsInZlcnNpb24iOm51bGx9LCJ0ZndfdHdlZXRfZWRpdF9mcm9udGVuZCI6eyJidWNrZXQiOiJvbiIsInZlcnNpb24iOm51bGx9fQ%3D%3D&amp;frame=false&amp;hideCard=false&amp;hideThread=false&amp;id=2095224488723993012&amp;lang=it&amp;maxWidth=560px&amp;origin=https%3A%2F%2Fredazione2.dagospia.com%2Farticoli%2Fedit%2F485825&amp;sessionId=45da0bf74d44ced52d4cf356e252b594d92f3a84&amp;theme=light&amp;widgetsVersion=6a3ad42b224df%3A1778106238597&amp;width=550px\" title=\"X Post\"><\/iframe><\/div>\n<\/div>\n<p class=\"disable\">\u00a0<\/p>\n<p class=\"disable\">\u00a0<\/p>\n<p class=\"disable\"><strong>Estratto dell&#8217;articolo di Valerio Benedetti per <a href=\"http:\/\/www.laverita.info\" target=\"_blank\">\u201cLa Verit\u00e0\u201d<\/a><\/strong><\/p>\n<p class=\"disable\">\u00a0<\/p>\n<p><a href=\"https:\/\/www.dagospia.com\/media-gallery\/dago-fotogallery-522252\/2301156\" class=\"float-left img-wrapper\"><img decoding=\"async\" id=\"2301156\" loading=\"lazy\" src=\"https:\/\/static.dagospia.com\/img\/foto\/08-2026\/scontri-tra-migranti-a-ceuta-la-polizia-spara-in-aria-2301156_800_q50.webp\"><span class=\"img-title\">SCONTRI TRA MIGRANTI A CEUTA &#8211; LA POLIZIA SPARA IN ARIA<\/span><\/a><\/p>\n<p class=\"disable\">Sulla crisi di Ceuta Pedro S\u00e1nchez ha mentito spudoratamente al popolo spagnolo. E ieri, davanti al Congresso, ha continuato a difendere una versione dei fatti smentita dai documenti e perfino dai suoi stessi alleati di governo. Il premier, nello specifico, ha assicurato che l\u2019esecutivo non ricevette \u00aballerte o avvisi straordinari\u00bb capaci di anticipare quanto accadde il 30 e 31 luglio.<\/p>\n<p class=\"disable\">\u00a0<\/p>\n<p class=\"disable\">Secondo S\u00e1nchez, nessuna delle informazioni arrivate alle autorit\u00e0 sarebbe andata oltre \u00abl\u2019avviso di routine\u00bb e nessuna avrebbe previsto \u00abn\u00e9 la scala n\u00e9 la probabilit\u00e0\u00bb dell\u2019ingresso di massa. Poi ha ribadito che non esistono \u00abprove solide\u00bb per attribuire al Marocco la pianificazione o l\u2019esecuzione dell\u2019operazione.<\/p>\n<p class=\"disable\">\u00a0<\/p>\n<p><a href=\"https:\/\/www.dagospia.com\/media-gallery\/dago-fotogallery-522252\/2301157\" class=\"float-right img-wrapper\"><img decoding=\"async\" id=\"2301157\" loading=\"lazy\" src=\"https:\/\/static.dagospia.com\/img\/foto\/08-2026\/migranti-e-polizia-a-ceuta-2301157_800_q50.webp\"><span class=\"img-title\">MIGRANTI E POLIZIA A CEUTA <\/span><\/a><\/p>\n<p class=\"disable\">Il problema \u00e8 che, mentre S\u00e1nchez parlava, erano gi\u00e0 pubblici documenti che raccontano tutt\u2019altro: El Mundo ha rivelato l\u2019esistenza di due rapporti redatti prima dell\u2019assalto. Il primo risale al 27 luglio e nasce dall\u2019intelligence militare: sulla base di informazioni provenienti da agenti marocchini alla frontiera, un \u00abingresso di massa di immigrati irregolari\u00bb a Ceuta tra il 29 e il 30 luglio veniva giudicato \u00abmolto probabile\u00bb.<\/p>\n<p class=\"disable\">\u00a0<\/p>\n<p class=\"disable\">L\u2019informazione fu trasmessa al Centro d\u2019intelligence delle Forze armate, il Cifas. Il secondo documento \u00e8 ancora pi\u00f9 imbarazzante. La mattina del 30 luglio, poco prima che la situazione precipitasse, il Centro nazionale per l\u2019immigrazione e le frontiere della Polizia nazionale, il Cenif, diffuse una nota interna che segnalava, a caratteri cubitali, un \u00abRischio estremo di collasso\u00bb, con \u00abcarattere immediato\u00bb.<\/p>\n<p class=\"disable\">\u00a0<\/p>\n<p><a href=\"https:\/\/www.dagospia.com\/media-gallery\/dago-fotogallery-522252\/2299760\" class=\"float-left img-wrapper\"><img decoding=\"async\" id=\"2299760\" loading=\"lazy\" src=\"https:\/\/static.dagospia.com\/img\/foto\/08-2026\/pedro-sanchez-a-lanzarote-2299760_800_q50.webp\"><span class=\"img-title\">PEDRO SANCHEZ A LANZAROTE<\/span><\/a><\/p>\n<p class=\"disable\">Altro che avviso di routine: il rischio massimo era indicato come imminente. La nota, inoltre, spiegava che sui social e sulle applicazioni di messaggistica era in corso un \u00abappello di massa alla mobilitazione\u00bb per entrare illegalmente in territorio spagnolo. Fonti del Cni, del resto, hanno confermato ad Antena 3 che l\u2019intelligence aveva avvertito in anticipo della possibilit\u00e0 di un ingresso di massa.<\/p>\n<p class=\"disable\">\u00a0<\/p>\n<p class=\"disable\">Insomma, mentre il premier racconta che il governo non disponeva di avvertimenti straordinari, apparati dello Stato avevano messo nero su bianco, prima dell\u2019assalto, che la situazione era gravissima. S\u00e1nchez, \u00e8 vero, ha promesso che pubblicher\u00e0 \u00abun dossier con tutti i rapporti\u00bb.<\/p>\n<p class=\"disable\">\u00a0<\/p>\n<p class=\"disable\">Ma gli elementi che smentiscono la sua versione sono gi\u00e0 parecchio consistenti. Inoltre il premier socialista continua a difendere Rabat. [&#8230;] Ha ammesso soltanto che il 30 luglio ci furono circa dieci ore durante le quali la gendarmeria di Rabat \u00abpermise il passaggio\u00bb. Anche questa prudenza si scontra con il rapporto del Cenif di cui La Verit\u00e0 ha dato conto ieri. [&#8230;]<\/p>\n<p class=\"disable\">\u00a0<\/p>\n<p><a href=\"https:\/\/www.dagospia.com\/media-gallery\/dago-fotogallery-522252\/2302673\" class=\"float-right img-wrapper\"><img decoding=\"async\" id=\"2302673\" loading=\"lazy\" src=\"https:\/\/static.dagospia.com\/img\/foto\/09-2026\/proteste-contro-pedro-sanchez-2-2302673_800_q50.webp\"><span class=\"img-title\">proteste contro pedro sanchez &#8211; 2<\/span><\/a><\/p>\n<p class=\"disable\">A smentire frontalmente S\u00e1nchez, d\u2019altronde, non sono stati soltanto Pp e Vox. Ci ha pensato anche Sumar, suo alleato di governo. Enrique Santiago, portavoce di Izquierda Unida nel gruppo, ha detto che \u00abla Spagna ha subito un attacco del Marocco utilizzando persone vulnerabili\u00bb.<\/p>\n<p class=\"disable\">\u00a0<\/p>\n<p class=\"disable\">[&#8230;] Santiago Abascal \u00e8 stato ancora pi\u00f9 duro: \u00abIl Marocco non \u00e8 suo amico, \u00e8 il suo padrone\u00bb, ha sentenziato il capo di Vox. Fuori dal Congresso, intanto, gli spagnoli avevano gi\u00e0 espresso il loro giudizio. Mercoled\u00ec sera decine di migliaia di persone sono scese in piazza in tutto il Paese. A Madrid erano 50.000 secondo la delegazione del governo; a Salamanca circa 30.000, a Valladolid 20.000. Le concentrazioni hanno coinvolto pi\u00f9 di 260 Comuni e l\u2019ondata si \u00e8 estesa ben oltre le grandi citt\u00e0, fino ai piccoli centri. A dominare, ovunque, \u00e8 stata la bandiera spagnola. [&#8230;]<\/p>\n<p><a href=\"https:\/\/www.dagospia.com\/media-gallery\/dago-fotogallery-522252\/2302672\" class=\"float-right img-wrapper\"><img decoding=\"async\" id=\"2302672\" loading=\"lazy\" src=\"https:\/\/static.dagospia.com\/img\/foto\/09-2026\/proteste-contro-pedro-sanchez-1-2302672_800_q50.webp\"><span class=\"img-title\">proteste contro pedro sanchez &#8211; 1<\/span><\/a><a href=\"https:\/\/www.dagospia.com\/media-gallery\/dago-fotogallery-522252\/2302671\" class=\"float-right img-wrapper\"><img decoding=\"async\" id=\"2302671\" loading=\"lazy\" src=\"https:\/\/static.dagospia.com\/img\/foto\/09-2026\/proteste-contro-pedro-sanchez-3-2302671_800_q50.webp\"><span class=\"img-title\">proteste contro pedro sanchez &#8211; 3<\/span><\/a><\/p>\n<p class=\"imgLeft\"><a href=\"https:\/\/www.dagospia.com\/media-gallery\/dago-fotogallery-522252\/2301155\" class=\"float-right img-wrapper\"><img decoding=\"async\" id=\"2301155\" loading=\"lazy\" src=\"https:\/\/static.dagospia.com\/img\/foto\/08-2026\/scontri-tra-migranti-a-ceuta-la-polizia-spara-in-aria-2301155_800_q50.webp\"><span class=\"img-title\">SCONTRI TRA MIGRANTI A CEUTA &#8211; LA POLIZIA SPARA IN ARIA<\/span><\/a><\/p>\n<p><a href=\"https:\/\/www.dagospia.com\/media-gallery\/dago-fotogallery-522252\/2291758\" class=\"float-right img-wrapper\"><img decoding=\"async\" id=\"2291758\" loading=\"lazy\" src=\"https:\/\/static.dagospia.com\/img\/foto\/08-2026\/migliaia-di-migranti-invadono-ceuta-7-2291758_800_q50.webp\"><span class=\"img-title\">migliaia di migranti invadono ceuta 7<\/span><\/a><a href=\"https:\/\/www.dagospia.com\/media-gallery\/dago-fotogallery-522252\/2292758\" class=\"float-right img-wrapper\"><img decoding=\"async\" id=\"2292758\" loading=\"lazy\" src=\"https:\/\/static.dagospia.com\/img\/foto\/08-2026\/pedro-sanchez-2292758_800_q50.webp\"><span class=\"img-title\">Pedro Sanchez<\/span><\/a><a href=\"https:\/\/www.dagospia.com\/media-gallery\/dago-fotogallery-522252\/2291757\" class=\"float-right img-wrapper\"><img decoding=\"async\" id=\"2291757\" loading=\"lazy\" src=\"https:\/\/static.dagospia.com\/img\/foto\/08-2026\/migliaia-di-migranti-invadono-ceuta-6-2291757_800_q50.webp\"><span class=\"img-title\">migliaia di migranti invadono ceuta 6<\/span><\/a><a href=\"https:\/\/www.dagospia.com\/media-gallery\/dago-fotogallery-522252\/2291756\" class=\"float-left img-wrapper\"><img decoding=\"async\" id=\"2291756\" loading=\"lazy\" src=\"https:\/\/static.dagospia.com\/img\/foto\/08-2026\/migliaia-di-migranti-invadono-ceuta-4-2291756_800_q50.webp\"><span class=\"img-title\">migliaia di migranti invadono ceuta 4<\/span><\/a><\/p>\n<\/div>\n<div class=\"share-section\">\n                Condividi  questo articolo<\/p>\n<div class=\"socials\"><a href=\"https:\/\/www.dagospia.com\/politica\/exclave-in-testa-sanchez-premier-spagnolo-e-sempre-piu-casini-per-485825\"><img decoding=\"async\" src=\"https:\/\/static.dagospia.com\/img\/icons\/facebook.svg\" alt=\"Condividi su Facebook\"><\/a><a href=\"https:\/\/www.dagospia.com\/politica\/exclave-in-testa-sanchez-premier-spagnolo-e-sempre-piu-casini-per-485825\"><img decoding=\"async\" src=\"https:\/\/static.dagospia.com\/img\/icons\/x-icon.png\" alt=\"Condividi su X\"><\/a><a href=\"https:\/\/www.dagospia.com\/politica\/exclave-in-testa-sanchez-premier-spagnolo-e-sempre-piu-casini-per-485825\"><img decoding=\"async\" src=\"https:\/\/static.dagospia.com\/img\/icons\/whatsapp.svg\" alt=\"Condividi su Whatsapp\"><\/a><a href=\"https:\/\/www.dagospia.com\/politica\/exclave-in-testa-sanchez-premier-spagnolo-e-sempre-piu-casini-per-485825\"><img decoding=\"async\" src=\"https:\/\/static.dagospia.com\/img\/icons\/mail.svg\" alt=\"Invia in email\"><\/a><\/div>\n<\/div>\n<\/article>\n<div class=\"content\">\n<div>\n<div class=\"twitter-tweet twitter-tweet-rendered\"><iframe allowfullscreen=\"true\" allowtransparency=\"true\" data-tweet-id=\"2095605178225308125\" frameborder id=\"twitter-widget-1\" scrolling=\"no\" src=\"https:\/\/platform.twitter.com\/embed\/Tweet.html?dnt=false&amp;embedId=twitter-widget-1&amp;features=eyJ0ZndfdGltZWxpbmVfbGlzdCI6eyJidWNrZXQiOltdLCJ2ZXJzaW9uIjpudWxsfSwidGZ3X2ZvbGxvd2VyX2NvdW50X3N1bnNldCI6eyJidWNrZXQiOnRydWUsInZlcnNpb24iOm51bGx9LCJ0ZndfdHdlZXRfZWRpdF9iYWNrZW5kIjp7ImJ1Y2tldCI6Im9uIiwidmVyc2lvbiI6bnVsbH0sInRmd19yZWZzcmNfc2Vzc2lvbiI6eyJidWNrZXQiOiJvbiIsInZlcnNpb24iOm51bGx9LCJ0ZndfZm9zbnJfc29mdF9pbnRlcnZlbnRpb25zX2VuYWJsZWQiOnsiYnVja2V0Ijoib24iLCJ2ZXJzaW9uIjpudWxsfSwidGZ3X21peGVkX21lZGlhXzE1ODk3Ijp7ImJ1Y2tldCI6InRyZWF0bWVudCIsInZlcnNpb24iOm51bGx9LCJ0ZndfZXhwZXJpbWVudHNfY29va2llX2V4cGlyYXRpb24iOnsiYnVja2V0IjoxMjA5NjAwLCJ2ZXJzaW9uIjpudWxsfSwidGZ3X3Nob3dfYmlyZHdhdGNoX3Bpdm90c19lbmFibGVkIjp7ImJ1Y2tldCI6Im9uIiwidmVyc2lvbiI6bnVsbH0sInRmd19kdXBsaWNhdGVfc2NyaWJlc190b19zZXR0aW5ncyI6eyJidWNrZXQiOiJvbiIsInZlcnNpb24iOm51bGx9LCJ0ZndfdXNlX3Byb2ZpbGVfaW1hZ2Vfc2hhcGVfZW5hYmxlZCI6eyJidWNrZXQiOiJvbiIsInZlcnNpb24iOm51bGx9LCJ0ZndfdmlkZW9faGxzX2R5bmFtaWNfbWFuaWZlc3RzXzE1MDgyIjp7ImJ1Y2tldCI6InRydWVfYml0cmF0ZSIsInZlcnNpb24iOm51bGx9LCJ0ZndfbGVnYWN5X3RpbWVsaW5lX3N1bnNldCI6eyJidWNrZXQiOnRydWUsInZlcnNpb24iOm51bGx9LCJ0ZndfdHdlZXRfZWRpdF9mcm9udGVuZCI6eyJidWNrZXQiOiJvbiIsInZlcnNpb24iOm51bGx9fQ%3D%3D&amp;frame=false&amp;hideCard=false&amp;hideThread=false&amp;id=2095605178225308125&amp;lang=it&amp;maxWidth=560px&amp;origin=https%3A%2F%2Fredazione2.dagospia.com%2Farticoli%2Fedit%2F485825&amp;sessionId=45da0bf74d44ced52d4cf356e252b594d92f3a84&amp;theme=light&amp;widgetsVersion=6a3ad42b224df%3A1778106238597&amp;width=550px\" title=\"X Post\"><\/iframe><\/div>\n<\/div>\n<p class=\"disable\">\u00a0<\/p>\n<div>\n<div class=\"twitter-tweet twitter-tweet-rendered\"><iframe allowfullscreen=\"true\" allowtransparency=\"true\" data-tweet-id=\"2095224488723993012\" frameborder id=\"twitter-widget-2\" scrolling=\"no\" src=\"https:\/\/platform.twitter.com\/embed\/Tweet.html?dnt=false&amp;embedId=twitter-widget-2&amp;features=eyJ0ZndfdGltZWxpbmVfbGlzdCI6eyJidWNrZXQiOltdLCJ2ZXJzaW9uIjpudWxsfSwidGZ3X2ZvbGxvd2VyX2NvdW50X3N1bnNldCI6eyJidWNrZXQiOnRydWUsInZlcnNpb24iOm51bGx9LCJ0ZndfdHdlZXRfZWRpdF9iYWNrZW5kIjp7ImJ1Y2tldCI6Im9uIiwidmVyc2lvbiI6bnVsbH0sInRmd19yZWZzcmNfc2Vzc2lvbiI6eyJidWNrZXQiOiJvbiIsInZlcnNpb24iOm51bGx9LCJ0ZndfZm9zbnJfc29mdF9pbnRlcnZlbnRpb25zX2VuYWJsZWQiOnsiYnVja2V0Ijoib24iLCJ2ZXJzaW9uIjpudWxsfSwidGZ3X21peGVkX21lZGlhXzE1ODk3Ijp7ImJ1Y2tldCI6InRyZWF0bWVudCIsInZlcnNpb24iOm51bGx9LCJ0ZndfZXhwZXJpbWVudHNfY29va2llX2V4cGlyYXRpb24iOnsiYnVja2V0IjoxMjA5NjAwLCJ2ZXJzaW9uIjpudWxsfSwidGZ3X3Nob3dfYmlyZHdhdGNoX3Bpdm90c19lbmFibGVkIjp7ImJ1Y2tldCI6Im9uIiwidmVyc2lvbiI6bnVsbH0sInRmd19kdXBsaWNhdGVfc2NyaWJlc190b19zZXR0aW5ncyI6eyJidWNrZXQiOiJvbiIsInZlcnNpb24iOm51bGx9LCJ0ZndfdXNlX3Byb2ZpbGVfaW1hZ2Vfc2hhcGVfZW5hYmxlZCI6eyJidWNrZXQiOiJvbiIsInZlcnNpb24iOm51bGx9LCJ0ZndfdmlkZW9faGxzX2R5bmFtaWNfbWFuaWZlc3RzXzE1MDgyIjp7ImJ1Y2tldCI6InRydWVfYml0cmF0ZSIsInZlcnNpb24iOm51bGx9LCJ0ZndfbGVnYWN5X3RpbWVsaW5lX3N1bnNldCI6eyJidWNrZXQiOnRydWUsInZlcnNpb24iOm51bGx9LCJ0ZndfdHdlZXRfZWRpdF9mcm9udGVuZCI6eyJidWNrZXQiOiJvbiIsInZlcnNpb24iOm51bGx9fQ%3D%3D&amp;frame=false&amp;hideCard=false&amp;hideThread=false&amp;id=2095224488723993012&amp;lang=it&amp;maxWidth=560px&amp;origin=https%3A%2F%2Fredazione2.dagospia.com%2Farticoli%2Fedit%2F485825&amp;sessionId=45da0bf74d44ced52d4cf356e252b594d92f3a84&amp;theme=light&amp;widgetsVersion=6a3ad42b224df%3A1778106238597&amp;width=550px\" title=\"X Post\"><\/iframe><\/div>\n<\/div>\n<p class=\"disable\">\u00a0<\/p>\n<p class=\"disable\">\u00a0<\/p>\n<p class=\"disable\"><strong>Estratto dell&#8217;articolo di Valerio Benedetti per <a href=\"http:\/\/www.laverita.info\" target=\"_blank\">\u201cLa Verit\u00e0\u201d<\/a><\/strong><\/p>\n<p class=\"disable\">\u00a0<\/p>\n<p><a href=\"https:\/\/www.dagospia.com\/media-gallery\/dago-fotogallery-522252\/2301156\" class=\"float-left img-wrapper\"><img decoding=\"async\" id=\"2301156\" loading=\"lazy\" src=\"https:\/\/static.dagospia.com\/img\/foto\/08-2026\/scontri-tra-migranti-a-ceuta-la-polizia-spara-in-aria-2301156_800_q50.webp\"><span class=\"img-title\">SCONTRI TRA MIGRANTI A CEUTA &#8211; LA POLIZIA SPARA IN ARIA<\/span><\/a><\/p>\n<p class=\"disable\">Sulla crisi di Ceuta Pedro S\u00e1nchez ha mentito spudoratamente al popolo spagnolo. E ieri, davanti al Congresso, ha continuato a difendere una versione dei fatti smentita dai documenti e perfino dai suoi stessi alleati di governo. Il premier, nello specifico, ha assicurato che l\u2019esecutivo non ricevette \u00aballerte o avvisi straordinari\u00bb capaci di anticipare quanto accadde il 30 e 31 luglio.<\/p>\n<p class=\"disable\">\u00a0<\/p>\n<p class=\"disable\">Secondo S\u00e1nchez, nessuna delle informazioni arrivate alle autorit\u00e0 sarebbe andata oltre \u00abl\u2019avviso di routine\u00bb e nessuna avrebbe previsto \u00abn\u00e9 la scala n\u00e9 la probabilit\u00e0\u00bb dell\u2019ingresso di massa. Poi ha ribadito che non esistono \u00abprove solide\u00bb per attribuire al Marocco la pianificazione o l\u2019esecuzione dell\u2019operazione.<\/p>\n<p class=\"disable\">\u00a0<\/p>\n<p><a href=\"https:\/\/www.dagospia.com\/media-gallery\/dago-fotogallery-522252\/2301157\" class=\"float-right img-wrapper\"><img decoding=\"async\" id=\"2301157\" loading=\"lazy\" src=\"https:\/\/static.dagospia.com\/img\/foto\/08-2026\/migranti-e-polizia-a-ceuta-2301157_800_q50.webp\"><span class=\"img-title\">MIGRANTI E POLIZIA A CEUTA <\/span><\/a><\/p>\n<p class=\"disable\">Il problema \u00e8 che, mentre S\u00e1nchez parlava, erano gi\u00e0 pubblici documenti che raccontano tutt\u2019altro: El Mundo ha rivelato l\u2019esistenza di due rapporti redatti prima dell\u2019assalto. Il primo risale al 27 luglio e nasce dall\u2019intelligence militare: sulla base di informazioni provenienti da agenti marocchini alla frontiera, un \u00abingresso di massa di immigrati irregolari\u00bb a Ceuta tra il 29 e il 30 luglio veniva giudicato \u00abmolto probabile\u00bb.<\/p>\n<p class=\"disable\">\u00a0<\/p>\n<p class=\"disable\">L\u2019informazione fu trasmessa al Centro d\u2019intelligence delle Forze armate, il Cifas. Il secondo documento \u00e8 ancora pi\u00f9 imbarazzante. La mattina del 30 luglio, poco prima che la situazione precipitasse, il Centro nazionale per l\u2019immigrazione e le frontiere della Polizia nazionale, il Cenif, diffuse una nota interna che segnalava, a caratteri cubitali, un \u00abRischio estremo di collasso\u00bb, con \u00abcarattere immediato\u00bb.<\/p>\n<p class=\"disable\">\u00a0<\/p>\n<p><a href=\"https:\/\/www.dagospia.com\/media-gallery\/dago-fotogallery-522252\/2299760\" class=\"float-left img-wrapper\"><img decoding=\"async\" id=\"2299760\" loading=\"lazy\" src=\"https:\/\/static.dagospia.com\/img\/foto\/08-2026\/pedro-sanchez-a-lanzarote-2299760_800_q50.webp\"><span class=\"img-title\">PEDRO SANCHEZ A LANZAROTE<\/span><\/a><\/p>\n<p class=\"disable\">Altro che avviso di routine: il rischio massimo era indicato come imminente. La nota, inoltre, spiegava che sui social e sulle applicazioni di messaggistica era in corso un \u00abappello di massa alla mobilitazione\u00bb per entrare illegalmente in territorio spagnolo. Fonti del Cni, del resto, hanno confermato ad Antena 3 che l\u2019intelligence aveva avvertito in anticipo della possibilit\u00e0 di un ingresso di massa.<\/p>\n<p class=\"disable\">\u00a0<\/p>\n<p class=\"disable\">Insomma, mentre il premier racconta che il governo non disponeva di avvertimenti straordinari, apparati dello Stato avevano messo nero su bianco, prima dell\u2019assalto, che la situazione era gravissima. S\u00e1nchez, \u00e8 vero, ha promesso che pubblicher\u00e0 \u00abun dossier con tutti i rapporti\u00bb.<\/p>\n<p class=\"disable\">\u00a0<\/p>\n<p class=\"disable\">Ma gli elementi che smentiscono la sua versione sono gi\u00e0 parecchio consistenti. Inoltre il premier socialista continua a difendere Rabat. [&#8230;] Ha ammesso soltanto che il 30 luglio ci furono circa dieci ore durante le quali la gendarmeria di Rabat \u00abpermise il passaggio\u00bb. Anche questa prudenza si scontra con il rapporto del Cenif di cui La Verit\u00e0 ha dato conto ieri. [&#8230;]<\/p>\n<p class=\"disable\">\u00a0<\/p>\n<p><a href=\"https:\/\/www.dagospia.com\/media-gallery\/dago-fotogallery-522252\/2302673\" class=\"float-right img-wrapper\"><img decoding=\"async\" id=\"2302673\" loading=\"lazy\" src=\"https:\/\/static.dagospia.com\/img\/foto\/09-2026\/proteste-contro-pedro-sanchez-2-2302673_800_q50.webp\"><span class=\"img-title\">proteste contro pedro sanchez &#8211; 2<\/span><\/a><\/p>\n<p class=\"disable\">A smentire frontalmente S\u00e1nchez, d\u2019altronde, non sono stati soltanto Pp e Vox. Ci ha pensato anche Sumar, suo alleato di governo. Enrique Santiago, portavoce di Izquierda Unida nel gruppo, ha detto che \u00abla Spagna ha subito un attacco del Marocco utilizzando persone vulnerabili\u00bb.<\/p>\n<p class=\"disable\">\u00a0<\/p>\n<p class=\"disable\">[&#8230;] Santiago Abascal \u00e8 stato ancora pi\u00f9 duro: \u00abIl Marocco non \u00e8 suo amico, \u00e8 il suo padrone\u00bb, ha sentenziato il capo di Vox. Fuori dal Congresso, intanto, gli spagnoli avevano gi\u00e0 espresso il loro giudizio. Mercoled\u00ec sera decine di migliaia di persone sono scese in piazza in tutto il Paese. A Madrid erano 50.000 secondo la delegazione del governo; a Salamanca circa 30.000, a Valladolid 20.000. Le concentrazioni hanno coinvolto pi\u00f9 di 260 Comuni e l\u2019ondata si \u00e8 estesa ben oltre le grandi citt\u00e0, fino ai piccoli centri. A dominare, ovunque, \u00e8 stata la bandiera spagnola. [&#8230;]<\/p>\n<p><a href=\"https:\/\/www.dagospia.com\/media-gallery\/dago-fotogallery-522252\/2302672\" class=\"float-right img-wrapper\"><img decoding=\"async\" id=\"2302672\" loading=\"lazy\" src=\"https:\/\/static.dagospia.com\/img\/foto\/09-2026\/proteste-contro-pedro-sanchez-1-2302672_800_q50.webp\"><span class=\"img-title\">proteste contro pedro sanchez &#8211; 1<\/span><\/a><a href=\"https:\/\/www.dagospia.com\/media-gallery\/dago-fotogallery-522252\/2302671\" class=\"float-right img-wrapper\"><img decoding=\"async\" id=\"2302671\" loading=\"lazy\" src=\"https:\/\/static.dagospia.com\/img\/foto\/09-2026\/proteste-contro-pedro-sanchez-3-2302671_800_q50.webp\"><span class=\"img-title\">proteste contro pedro sanchez &#8211; 3<\/span><\/a><\/p>\n<p class=\"imgLeft\"><a href=\"https:\/\/www.dagospia.com\/media-gallery\/dago-fotogallery-522252\/2301155\" class=\"float-right img-wrapper\"><img decoding=\"async\" id=\"2301155\" loading=\"lazy\" src=\"https:\/\/static.dagospia.com\/img\/foto\/08-2026\/scontri-tra-migranti-a-ceuta-la-polizia-spara-in-aria-2301155_800_q50.webp\"><span class=\"img-title\">SCONTRI TRA MIGRANTI A CEUTA &#8211; LA POLIZIA SPARA IN ARIA<\/span><\/a><\/p>\n<p><a href=\"https:\/\/www.dagospia.com\/media-gallery\/dago-fotogallery-522252\/2291758\" class=\"float-right img-wrapper\"><img decoding=\"async\" id=\"2291758\" loading=\"lazy\" src=\"https:\/\/static.dagospia.com\/img\/foto\/08-2026\/migliaia-di-migranti-invadono-ceuta-7-2291758_800_q50.webp\"><span class=\"img-title\">migliaia di migranti invadono ceuta 7<\/span><\/a><a href=\"https:\/\/www.dagospia.com\/media-gallery\/dago-fotogallery-522252\/2292758\" class=\"float-right img-wrapper\"><img decoding=\"async\" id=\"2292758\" loading=\"lazy\" src=\"https:\/\/static.dagospia.com\/img\/foto\/08-2026\/pedro-sanchez-2292758_800_q50.webp\"><span class=\"img-title\">Pedro Sanchez<\/span><\/a><a href=\"https:\/\/www.dagospia.com\/media-gallery\/dago-fotogallery-522252\/2291757\" class=\"float-right img-wrapper\"><img decoding=\"async\" id=\"2291757\" loading=\"lazy\" src=\"https:\/\/static.dagospia.com\/img\/foto\/08-2026\/migliaia-di-migranti-invadono-ceuta-6-2291757_800_q50.webp\"><span class=\"img-title\">migliaia di migranti invadono ceuta 6<\/span><\/a><a href=\"https:\/\/www.dagospia.com\/media-gallery\/dago-fotogallery-522252\/2291756\" class=\"float-left img-wrapper\"><img decoding=\"async\" id=\"2291756\" loading=\"lazy\" src=\"https:\/\/static.dagospia.com\/img\/foto\/08-2026\/migliaia-di-migranti-invadono-ceuta-4-2291756_800_q50.webp\"><span class=\"img-title\">migliaia di migranti invadono ceuta 4<\/span><\/a><\/p>\n<\/div>\n<article><a href=\"https:\/\/www.dagospia.com\/cronache\/la-camorra-indaga-legge-ringrazia-ad-indirizzare-indagini-lavitola-485901\"><\/p>\n<div class=\"img-wrapper\"><img decoding=\"async\" src=\"https:\/\/static.dagospia.com\/img\/patch\/09-2026\/attentato-sigfrido-ranucci-bomba-valter-lavitola-clesio-gomes-tavares-pellegrino-2302877_600_q50.webp\" alt=\"attentato sigfrido ranucci bomba valter lavitola clesio gomes tavares pellegrino d\u2019avino davino antonio passariello saverio mutone \" loading=\"lazy\"><time class=\"data-ora\">4 set 19:43<\/time><\/div>\n<div class=\"excerpt\">\n<p>DAGOREPORT-\u00a0<span>PECCATO CHE SIANO SCOMPARSI I POLIZIOTTESCHI DEGLI ANNI \u201970, TIPO: \u201cLA CAMORRA SFIDA, NAPOLI RISPONDE\u2019\u2019.<\/span> DAVANTI AI COLPI DI SCENA DEL GASTRO-CRIMINAL-SHOW, STARRING LAVITOLA E RANUCCI, AVREBBERO SCODELLATO UN BEL FILMONE, INTITOLATO: <span>\u201cLA CAMORRA INDAGA, LA LEGGE RINGRAZIA\u201d \u2013<\/span> QUANDO RANUCCI INDIRIZZA LE INDAGINI SULLA PISTA DELLA CAMORRA, IL CLAN CAVA, STORICA ORGANIZZAZIONE IRPINA DI QUINDICI, NON HA PRESO PER NIENTE BENE DI FINIRE SOTTO PRESSIONE PER IL LAVORO INVESTIGATIVO DEI CARABINIERI \u2013 <span>INDAGANO E SCOPRONO CHE ANTONIO PASSARIELLO, L\u2019UNICO LORO AFFILIATO DEL QUARTETTO BOMBAROLO (GLI ALTRI TRE NON ERANO ORGANICI AL CLAN),<\/span> NON SI ERA PREOCCUPATO DI INFORMARE IL VERTICE DEL CLAN, N\u00c9 DI RICEVERE IL VIA LIBERA PER COMPIERE L\u2019ATTENTATO &#8211; I CAMORRISTI DECIDONO ALLORA DI INDIRIZZARE GLI INQUIRENTI SULLA PISTA GIUSTA, INVIANDO UNA MAIL AL PM: <span>\u201cSE CE LO AVREBBE DETTO NON GLIELO AVREMMO MAI PERMESSO PERCH\u00c9 RANUCCI A NOI NON CI HA FATTO NIENTE E QUESTO SONO GUAI CHE NON VOGLIAMO<\/span>, ALLORA PRIMA CHE SI MISCHIANO LE CARTE, LE COSE STANNO COSI\u2026\u201d. E GI\u00d9 UN NUMERO DI TELEFONO INTESTATO A UN\u2019ALTRA PERSONA MA UTILIZZATO DA PASSARIELLO, CHE GLI INVESTIGATORI NON AVEVANO ANCORA SCOPERTO. <span>DA L\u00cc, INTERCETTANDO INTERCETTANDO, SI \u00c8 FINITI A TAVARES E LAVITOLA\u2026<\/span> &#8211; VIDEO<\/p>\n<\/div>\n<p><\/a><\/article>\n<article><a href=\"https:\/\/www.dagospia.com\/politica\/flash-e-non-e-lui-ministro-per-pubblica-amministrazione-paolo-zangrillo-485844\"><\/p>\n<div class=\"img-wrapper\"><img decoding=\"async\" src=\"https:\/\/static.dagospia.com\/img\/patch\/09-2026\/paolo-zangrillo-in-un-volo-di-linea-ita-airways-da-lamezia-a-milano-3-2302703_600_q50.webp\" alt=\"paolo zangrillo in un volo di linea ita airways da lamezia a milano - 3\" loading=\"lazy\"><time class=\"data-ora\">4 set 13:08<\/time><\/div>\n<div class=\"excerpt\">\n<p>FLASH \u2013 \u00c8 LUI O NON \u00c8 LUI? MA CERTO CHE \u00c8 LUI! IL MINISTRO PER LA PUBBLICA AMMINISTRAZIONE (IN QUOTA MARINA) <span>PAOLO ZANGRILLO, CHE SCALPITA PER FARE LE SCARPE A TAJANI, \u00c8 STATO AVVISTATO POCO FA IN UN VOLO DI LINEA DA LAMEZIA TERME A MILANO LINATE<\/span>, IN MEZZO A IGNARI PASSEGGERI. CHE COSA LO ASPETTA ALL\u2019OMBRA DELLA MADUNINA? RIFERIR\u00c0 A \u201cMADRINA\u201d BERLUSCONI L\u2019ESITO DEL SUO TETE-A-TETE CON ROBERTO OCCHIUTO, ALTRO COCCO DELLA REAL CASATA DI ARCORE?<\/p>\n<\/div>\n<p><\/a><\/article>\n<article><a href=\"https:\/\/www.dagospia.com\/politica\/dagoreport-giorgia-meloni-e-in-modalita-cattivissima-me-fronte-guai-485762\"><\/p>\n<div class=\"img-wrapper\"><img decoding=\"async\" src=\"https:\/\/static.dagospia.com\/img\/patch\/09-2026\/giorgia-meloni-sigfrido-ranucci-giampaolo-rossi-giovambattista-fazzolari-patrizi-2302272_600_q50.webp\" alt=\"giorgia meloni sigfrido ranucci giampaolo rossi giovambattista fazzolari patrizia scurti antonio tajani matteo salvini \" loading=\"lazy\"><time class=\"data-ora\">3 set 20:07<\/time><\/div>\n<div class=\"excerpt\">\n<p>DAGOREPORT \u2013 <span>GIORGIA MELONI \u00c8 IN MODALIT\u00c0 \u201cCATTIVISSIMA ME\u201d<\/span>: DOPO QUATTRO ANNI DI LUNA DI MIELE, PER LA DUCETTA \u00c8 ARRIVATA LA TEMPESTA PERFETTA: LO STOP AL PREMIERATO,\u00a0LA BATOSTA AL REFERENDUM, LE RAFFICHE DI \u201cVAFFA\u201d DI TRUMP, L&#8217;ESPLOSIONE DEL FENOMENO VANNACCI, IL CROLLO DELLA LEGA, FORZA ITALIA ALLA BERLUSCONINA, IL CAOS INTORNO ALLA NUOVA LEGGE ELETTORALE, L&#8217;AUTOGOL SULLA SOSTITUZIONE DI RANUCCI &#8211; <span>PIU&#8217; IRRIDUCIBILE DELLA MALASORTE, ANZICHE&#8217; ASCOLTARE I CO-FONDATORI DI FDI, LA RUSSA E CROSETTO, L&#8217;UNDERDOG PREFERISCE\u00a0CIRCONDARSI DALL&#8217;AFFETTO DEL SUO CIRCOLETTO DELLA GARBATELLA<\/span>\u00a0&#8211; DOMANI DA BARI, DOVE FESTEGGIA IL RECORD DI DURATA DEL SUO GOVERNO, L&#8217;UNDERDOG LANCER\u00c0 IL SUO GRIDO DI RISCOSSA ELETTORALE &#8211; <span>SA CHE L&#8217;ARMATA BRANCA-MELONI NON PUO&#8217; REGGERE FINO A OTTOBRE 2027, OCCORRE ANTICIPARE IL VOTO AD APRILE, LASCIANDO LE COMUNALI A GIUGNO <\/span>&#8211; MA MATTARELLA VUOLE L\u2019ELECTION-DAY A CUI SI OPPONE LA MELONI, TERRORIZZATA DALL\u2019EFFETTO TRAINO DI UN FILOTTO DEL CENTROSINISTRA: CHE DECIDERA&#8217; IL COLLE? AH, SAPERLO&#8230;<\/p>\n<\/div>\n<p><\/a><\/article>\n<article><a href=\"https:\/\/www.dagospia.com\/politica\/dagoreport-roberto-vannacci-marcia-cernobbio-gli-imprenditori-italiani-485729\"><\/p>\n<div class=\"img-wrapper\"><img decoding=\"async\" src=\"https:\/\/static.dagospia.com\/img\/patch\/09-2026\/crosetto-calenda-vannacci-monti-de-bortoli-forum-ambrosetti-cernobbio-2302201_600_q50.webp\" alt=\"crosetto calenda vannacci monti de bortoli forum ambrosetti cernobbio\" loading=\"lazy\"><time class=\"data-ora\">3 set 20:02<\/time><\/div>\n<div class=\"excerpt\">\n<p><span>DAGOREPORT <\/span>&#8211; MENTRE LA PROCURA MILITARE DI ROMA AVVIA UN\u2019INDAGINE SUGLI UFFICIALI CHE HANNO ADERITO ALLA &#8220;SPORCA DOZZINA&#8221; DI ROBERTO VANNACCI, <span>IL RE-DUX DI FUTURO NAZIONALE MARCIA SU CERNOBBIO: SABATO \u00c8 ATTESO IN POMPA MAGNA AL FORUM AMBROSETTI PER DIBATTERE CON L\u2019EX PREMIER MARIO MONTI<\/span> &#8211; DALL&#8217;IDEOLOGO DEL POPULISMO GRILLINO, GIAN ROBERTO CASALEGGIO AL LEADER SOVRANISTA OLANDESE, IL RAZZISTA GEERT WILDERS, LE PRESENZE PROVOCATORIE E ACCHIAPPA-TITOLI NON SONO UNA NOVITA&#8217; A VILLA D&#8217;ESTE &#8211;<span> SDEGNATI PER LA PRESENZA E &#8220;TRATTAMENTO PREFERENZIALE&#8221; DEDICATO ALL\u2019EX PAR\u00c0(CULO) DELLA FOLGORE, CARLO CALENDA E GUIDO CROSETTO NON METTERANNO PIEDE A CERNOBBIO<\/span> \u2013 ANCHE FERRUCCIO DE BORTOLI RIFIUTA DI DUETTARE CON L\u2019EX GENERALE NOSTALGICO DEL MANGANELLO E DELL\u2019OLIO DI RICINO &#8211; NON SOLO: E&#8217; L\u2019EX DIRETTORE DEL \u201cCORRIERE\u201d IL PRIMO CHE SPARA LA NOTIZIA:<span> \u201cPURTROPPO A CERNOBBIO CI SAR\u00c0 VANNACCI&#8221;<\/span> (IL CAUTO DIRETTORE FONTANA \u00c8 STATO BEN ATTENTO A NON PUBBLICARLA SUBITO SUL CARTACEO)&#8230;<\/p>\n<\/div>\n<p><\/a><\/article>\n<article><a href=\"https:\/\/www.dagospia.com\/media-tv\/dagoreport-riunione-interlocutoria-qualche-piccola-apertura-caso-report-485651\"><\/p>\n<div class=\"img-wrapper\"><img decoding=\"async\" src=\"https:\/\/static.dagospia.com\/img\/patch\/09-2026\/rai-via-teulada-paolo-corsini-giulia-innocenzi-presutti-daniele-piervincenzi-dan-2301944_600_q50.webp\" alt=\"rai via teulada paolo corsini giulia innocenzi presutti daniele piervincenzi danilo procaccianti report sigfrido ranucci \" loading=\"lazy\"><time class=\"data-ora\">2 set 20:05<\/time><\/div>\n<div class=\"excerpt\">\n<p>DAGOREPORT \u2013 <span>RIUNIONE INTERLOCUTORIA MA CON QUALCHE PICCOLA APERTURA <\/span>TRA IL DIRETTORE DELL&#8217;APPROFONDIMENTO RAI, PAOLO CORSINI, E I MEMBRI DELLA SQUADRA DI \u201cREPORT\u201d: I GIORNALISTI <span>HANNO RIBADITO IL \u201cNO\u201d ALLA CONDUZIONE DI GIULIA PRESUTTI E DANIELE<\/span><span>PIERVINCENZI, MA SU QUEST\u2019ULTIMO LA POSIZIONE SAREBBE PI\u00d9 MORBIDA: <\/span>POTREBBE AVERE UN VIA LIBERA MAGARI COME CONDUTTORE DEL \u201cREPORT LAB\u201d, CON LA CONDUZIONE VERA E PROPRIA DA AFFIDARE A DUE \u201cSTORICI\u201d (CHE DIVENTEREBBERO TRE NEL CASO DI UN REINTEGRO DI RANUCCI DA PARTE DEL TRIBUNALE).\u00a0 SULLA PRESUTTI IL MURO RESTA GRANITICO \u2013 <span>PALAZZO CHIGI, INVECE, SAREBBE IRREMOVIBILE SUI DUE NOMI<\/span> \u2013 EPISODIO PITTORESCO NEL MEZZO DELLA RIUNIONE: UN GIORNALISTA DI UNA PRESTIGIOSA TESTATA DELLA RAI SAREBBE STATO <span>BECCATO A ORIGLIARE DA UN BAGNO VICINO ALLA SALA\u2026<\/span><\/p>\n<\/div>\n<p><\/a><\/article>\n<article><a href=\"https:\/\/www.dagospia.com\/politica\/dagoreport-grazie-trump-mondo-verso-de-americanizzazione-oggi-si-485332\"><\/p>\n<div class=\"img-wrapper\"><img decoding=\"async\" src=\"https:\/\/static.dagospia.com\/img\/patch\/09-2026\/trump-modi-xi-jinping-putin-2301524_600_q50.webp\" alt=\"trump modi xi jinping putin\" loading=\"lazy\"><time class=\"data-ora\">1 set 19:59<\/time><\/div>\n<div class=\"excerpt\">\n<p>DAGOREPORT \u2013<span> GRAZIE A TRUMP, IL DOLLARO RISCHIA DI DIVENTARE CARTA STRACCIA \u2013<\/span>\u00a0IL PIATTO FORTE AL SUMMIT IN KIRGHIZISTAN DI XI JINPING, VLADIMIR PUTIN E NARENDRA MODI, HA FATTO STRA-INCAZZARE IL CALIGOLA DELLA CASA BIANCA: SUL TAVOLO,\u00a0<span>IL PROGETTO DEI &#8221;BRICS&#8221; (BRASILE, RUSSIA, INDIA, CINA, SUDAFRICA) DI DAR VITA A UNA \u201cMONETA UNICA&#8221;, PER FAR FUORI IL DOLLARO NEGLI SCAMBI INTERNAZIONALI<\/span>\u00a0&#8211; CON UN DEBITO PUBBLICO MONSTRE DI 40MILA MILIARDI, LA DE-DOLLARIZZAZIONE SAREBBE LA FINE DELL&#8217;IMPERO AMERICANO: IL VERDONE&#8221; VIENE UTILIZZATO IN OLTRE L&#8217;80% DELLE TRANSAZIONI COMMERCIALI E IN PI\u00d9 DELLA MET\u00c0 DEI PAGAMENTI INTERNAZIONALI DELLE MATERIE PRIME, COME IL PETROLIO\u00a0&#8211; <span>LA DECISIONE E&#8217; NELLE MANI DELLA CINA: RINUNCERA&#8217; ALLO MONETA NAZIONALE, LO YUAN, PER DIVENTARE LA LOCOMOTIVA DEI &#8221;BRICS&#8221;?<\/span>\u00a0&#8211;\u00a0SUL MAGGIORE IMPEGNO A FAVORE DELL\u2019IRAN, PESANO I DUBBI\u00a0DI MODI (GLI USA SONO IL PRIMO PARTNER COMMERCIALE DELL\u2019INDIA)\u00a0&#8211; PROSSIMO ROUND: IL VERTICE DI XI JIN PING DEL 24 SETTEMBRE CON IL &#8220;DERAGLIATO MENTALE&#8221; DELLA CASA BIANCA&#8230;<\/p>\n<\/div>\n<p><\/a><\/article>\n<article><a href=\"https:\/\/www.dagospia.com\/media-tv\/acrobazie-spaccanti-il-55enne-raoul-bova-beatrice-arnera-beccati-chi-485632\"><\/p>\n<div class=\"img-wrapper\"><img decoding=\"async\" src=\"https:\/\/static.dagospia.com\/img\/patch\/09-2026\/raoul-bova-beatrice-arnera-chi-2301906_600_q50.webp\" alt=\"raoul bova beatrice arnera chi\" loading=\"lazy\"><\/div>\n<div class=\"excerpt\">ACROBAZIE \u201cSPACCANTI\u201d \u2013 IL 55ENNE RAOUL BOVA E BEATRICE ARNERA SONO STATI BECCATI DA \u201cCHI\u201d A\u2026<\/div>\n<p><\/a><\/article>\n<article><a href=\"https:\/\/www.dagospia.com\/sport\/pennellone-frou-frou-mole-juve-acquistato-l-attaccante-nick-woltemade-485601\"><\/p>\n<div class=\"img-wrapper\"><img decoding=\"async\" src=\"https:\/\/static.dagospia.com\/img\/patch\/09-2026\/nick-woltemade-2301780_600_q50.webp\" alt loading=\"lazy\"><\/div>\n<div class=\"excerpt\">UN PENNELLONE &#8220;FROU FROU&#8221; SOTTO LA MOLE? \u2013 LA JUVE HA ACQUISTATO IN PRESTITO DAL NEWCASTLE\u2026<\/div>\n<p><\/a><\/article>\n<article><a href=\"https:\/\/www.dagospia.com\/media-tv\/linguine-scoglio-video-pomiciata-elodie-franceska-scodellato-oggi-485860\"><\/p>\n<div class=\"img-wrapper\"><img decoding=\"async\" src=\"https:\/\/static.dagospia.com\/img\/patch\/09-2026\/elodie-franceska-nuredini-2302758_600_q50.webp\" alt=\"elodie franceska nuredini\" loading=\"lazy\"><\/div>\n<div class=\"excerpt\">CHIAMATE LA BUONCOSTUME! LA PAZZA ESTATE DI ELODIE E FRANCESKA FINISCE CON UNA RICCA E SAPORITA\u2026<\/div>\n<p><\/a><\/article>\n<article><a href=\"https:\/\/www.dagospia.com\/media-tv\/pillole-gossip-kimi-antonelli-ragazza-485853\"><\/p>\n<div class=\"img-wrapper\"><img decoding=\"async\" src=\"https:\/\/static.dagospia.com\/img\/patch\/09-2026\/pillole-avanti-gossip-2302732_600_q50.webp\" alt=\"pillole avanti gossip\" loading=\"lazy\"><\/div>\n<div class=\"excerpt\">PILLOLE DI GOSSIP! CHI \u00c8 LA RAGAZZA FOTOGRAFATA ACCANTO A KIMI ANTONELLI A PORTOFINO? &#8211; PROSEGUE LA\u2026<\/div>\n<p><\/a><\/article>\n<article><a href=\"https:\/\/www.dagospia.com\/sport\/vroom-si-sbanda-in-curva-la-riconoscete-sognava-condurre-tg-e-finita-in-485816\"><\/p>\n<div class=\"img-wrapper\"><img decoding=\"async\" src=\"https:\/\/static.dagospia.com\/img\/patch\/09-2026\/mara-sangiorgio-2302494_600_q50.webp\" alt=\"mara sangiorgio\" loading=\"lazy\"><\/div>\n<div class=\"excerpt\">VROOM, SI SBANDA IN CURVA: LA RICONOSCETE? SOGNAVA DI CONDURRE IL TG, E\u2019 FINITA IN MEZZO ALLE\u2026<\/div>\n<p><\/a><\/article>\n<article><a href=\"https:\/\/www.dagospia.com\/cronache\/la-camorra-indaga-legge-ringrazia-ad-indirizzare-indagini-lavitola-485901\"><\/p>\n<div class=\"img-wrapper\"><img decoding=\"async\" src=\"https:\/\/static.dagospia.com\/img\/patch\/09-2026\/attentato-sigfrido-ranucci-bomba-valter-lavitola-clesio-gomes-tavares-pellegrino-2302877_600_q50.webp\" alt=\"attentato sigfrido ranucci bomba valter lavitola clesio gomes tavares pellegrino d\u2019avino davino antonio passariello saverio mutone \" loading=\"lazy\"><\/div>\n<div class=\"excerpt\">DAGOREPORT-\u00a0PECCATO CHE SIANO SCOMPARSI I POLIZIOTTESCHI DEGLI ANNI \u201970, TIPO: \u201cLA CAMORRA SFIDA,\u2026<\/div>\n<p><\/a><\/article>\n<article><a href=\"https:\/\/www.dagospia.com\/politica\/flash-e-non-e-lui-ministro-per-pubblica-amministrazione-paolo-zangrillo-485844\"><\/p>\n<div class=\"img-wrapper\"><img decoding=\"async\" src=\"https:\/\/static.dagospia.com\/img\/patch\/09-2026\/paolo-zangrillo-in-un-volo-di-linea-ita-airways-da-lamezia-a-milano-3-2302703_600_q50.webp\" alt=\"paolo zangrillo in un volo di linea ita airways da lamezia a milano - 3\" loading=\"lazy\"><\/div>\n<div class=\"excerpt\">FLASH \u2013 \u00c8 LUI O NON \u00c8 LUI? MA CERTO CHE \u00c8 LUI! IL MINISTRO PER LA PUBBLICA AMMINISTRAZIONE (IN\u2026<\/div>\n<p><\/a><\/article>\n<article><a href=\"https:\/\/www.dagospia.com\/politica\/dagoreport-giorgia-meloni-e-in-modalita-cattivissima-me-fronte-guai-485762\"><\/p>\n<div class=\"img-wrapper\"><img decoding=\"async\" src=\"https:\/\/static.dagospia.com\/img\/patch\/09-2026\/giorgia-meloni-sigfrido-ranucci-giampaolo-rossi-giovambattista-fazzolari-patrizi-2302272_600_q50.webp\" alt=\"giorgia meloni sigfrido ranucci giampaolo rossi giovambattista fazzolari patrizia scurti antonio tajani matteo salvini \" loading=\"lazy\"><\/div>\n<div class=\"excerpt\">DAGOREPORT \u2013 GIORGIA MELONI \u00c8 IN MODALIT\u00c0 \u201cCATTIVISSIMA ME\u201d: DOPO QUATTRO ANNI DI LUNA DI MIELE,\u2026<\/div>\n<p><\/a><\/article>\n<article><a href=\"https:\/\/www.dagospia.com\/politica\/dagoreport-roberto-vannacci-marcia-cernobbio-gli-imprenditori-italiani-485729\"><\/p>\n<div class=\"img-wrapper\"><img decoding=\"async\" src=\"https:\/\/static.dagospia.com\/img\/patch\/09-2026\/crosetto-calenda-vannacci-monti-de-bortoli-forum-ambrosetti-cernobbio-2302201_600_q50.webp\" alt=\"crosetto calenda vannacci monti de bortoli forum ambrosetti cernobbio\" loading=\"lazy\"><\/div>\n<div class=\"excerpt\">DAGOREPORT &#8211; MENTRE LA PROCURA MILITARE DI ROMA AVVIA UN\u2019INDAGINE SUGLI UFFICIALI CHE HANNO ADERITO\u2026<\/div>\n<p><\/a><\/article>\n<article><a href=\"https:\/\/www.dagospia.com\/media-tv\/dagoreport-riunione-interlocutoria-qualche-piccola-apertura-caso-report-485651\"><\/p>\n<div class=\"img-wrapper\"><img decoding=\"async\" src=\"https:\/\/static.dagospia.com\/img\/patch\/09-2026\/rai-via-teulada-paolo-corsini-giulia-innocenzi-presutti-daniele-piervincenzi-dan-2301944_600_q50.webp\" alt=\"rai via teulada paolo corsini giulia innocenzi presutti daniele piervincenzi danilo procaccianti report sigfrido ranucci \" loading=\"lazy\"><\/div>\n<div class=\"excerpt\">DAGOREPORT \u2013 RIUNIONE INTERLOCUTORIA MA CON QUALCHE PICCOLA APERTURA TRA IL DIRETTORE\u2026<\/div>\n<p><\/a><\/article>\n<article><a href=\"https:\/\/www.dagospia.com\/politica\/dagoreport-grazie-trump-mondo-verso-de-americanizzazione-oggi-si-485332\"><\/p>\n<div class=\"img-wrapper\"><img decoding=\"async\" src=\"https:\/\/static.dagospia.com\/img\/patch\/09-2026\/trump-modi-xi-jinping-putin-2301524_600_q50.webp\" alt=\"trump modi xi jinping putin\" loading=\"lazy\"><\/div>\n<div class=\"excerpt\">DAGOREPORT \u2013 GRAZIE A TRUMP, IL DOLLARO RISCHIA DI DIVENTARE CARTA STRACCIA \u2013\u00a0IL PIATTO FORTE AL\u2026<\/div>\n<p><\/a><\/article>\n<article><a href=\"https:\/\/www.dagospia.com\/politica\/elly-ascolta-gli-amici-i-big-pd-scesi-in-campo-cosi-pesantemente-per-485354\"><\/p>\n<div class=\"img-wrapper\"><img decoding=\"async\" src=\"https:\/\/static.dagospia.com\/img\/patch\/08-2026\/giuseppe-conte-elly-schlein-franceschini-bonaccini-nardella-2301098_600_q50.webp\" alt=\"giuseppe conte elly schlein franceschini bonaccini nardella\" loading=\"lazy\"><\/div>\n<div class=\"excerpt\">DAGOREPORT &#8211; ELLY, ASCOLTA GLI AMICI! I CAPOCCIONI E LE MEZZECALZE DEL PD, CHE SONO SCESI COS\u00cc\u2026<\/div>\n<p><\/a><\/article>\n<article><a href=\"https:\/\/www.dagospia.com\/politica\/l-ingaggio-fedorov-fa-incazzare-zelensky-mette-in-allarme-agenzie-485343\"><\/p>\n<div class=\"img-wrapper\"><img decoding=\"async\" src=\"https:\/\/static.dagospia.com\/img\/patch\/08-2026\/fedorov-musk-thiel-zelensky-crosetto-2301168_600_q50.webp\" alt=\"fedorov musk thiel zelensky crosetto\" loading=\"lazy\"><\/div>\n<div class=\"excerpt\">DAGOREPORT &#8211; A QUALCUNO NON PIACE &#8216;STO FEDOROV &#8211;\u00a0PIU&#8217; CHE A INDIGNARE I NEURONI ALLA VODKA DI\u2026<\/div>\n<p><\/a><\/article>\n<article><a href=\"https:\/\/www.dagospia.com\/politica\/flash-c-e-grande-perplessita-i-draghi-boys-per-presenza-andrea-485336\"><\/p>\n<div class=\"img-wrapper\"><img decoding=\"async\" src=\"https:\/\/static.dagospia.com\/img\/patch\/08-2026\/xavier-niel-draghi-pignataro-2301175_600_q50.webp\" alt=\"xavier niel draghi pignataro\" loading=\"lazy\"><\/div>\n<div class=\"excerpt\">FLASH! \u2013 I \u201cDRAGHI BOYS\u201d DEL POTERE ECONOMICO ITALIANO AVREBBERO ESPRESSO QUALCHE PERPLESSITA&#8217;\u2026<\/div>\n<p><\/a><\/article>\n<article><a href=\"https:\/\/www.dagospia.com\/politica\/quale-episodio-giulia-presutti-era-habitue-cefalu-bistro-dove-piu-e-485248\"><\/p>\n<div class=\"img-wrapper\"><img decoding=\"async\" src=\"https:\/\/static.dagospia.com\/img\/patch\/08-2026\/ranucci-presutti-cianfoni-floridia-2300757_600_q50.webp\" alt=\"ranucci presutti cianfoni floridia\" loading=\"lazy\"><\/div>\n<div class=\"excerpt\">DAGOREPORT &#8211;\u00a0MA QUALE &#8220;EPISODIO&#8221;! GIULIA PRESUTTI ERA UN HABITU\u00c8 DEL \u201cCEFAL\u00d9 BISTR\u00d2\u201d DOVE PI\u00d9 VOLTE\u2026<\/div>\n<p><\/a><\/article>\n<article><a href=\"https:\/\/www.dagospia.com\/cafonal\/cafonalino-roma-proiezione-documentario-marco-bellocchio-marco-travaglio-485081\"><\/p>\n<div class=\"img-wrapper\"><img decoding=\"async\" src=\"https:\/\/static.dagospia.com\/img\/patch\/08-2026\/2026bellocchio-anteprima-film-di-marco-bellocchio-2300339_600_q50.webp\" alt=\"2026bellocchio anteprima film di marco bellocchio\" loading=\"lazy\"><\/div>\n<div class=\"excerpt\">CAFONALINO! AL CINEMA QUATTRO FONTANE DI ROMA LA PROIEZIONE SPECIALE DEL DOCUMENTARIO \u201cMARCO\u2026<\/div>\n<p><\/a><\/article>\n<article><a href=\"https:\/\/www.dagospia.com\/cafonal\/cafonal-show-ranucci-cerveteri-freni-ho-fatto-scoop-nazionali-484807\"><\/p>\n<div class=\"img-wrapper\"><img decoding=\"async\" src=\"https:\/\/static.dagospia.com\/img\/patch\/08-2026\/2026ranucci-sigfrido-ranucci-2299409_600_q50.webp\" alt=\"2026ranucci sigfrido ranucci\" loading=\"lazy\"><\/div>\n<div class=\"excerpt\">SIGFRIDO, IL MASANIELLO DE NOANTRI \u2013 RANUCCI HA PERSO OGNI FRENO E, ALLA PRESENTAZIONE DEL SUO\u2026<\/div>\n<p><\/a><\/article>\n<article><a href=\"https:\/\/www.dagospia.com\/cafonal\/funeralino-l-ultimo-saluto-mitico-produttore-cinematografico-fulvio-484127\"><\/p>\n<div class=\"img-wrapper\"><img decoding=\"async\" src=\"https:\/\/static.dagospia.com\/img\/patch\/08-2026\/2026lucisano-2297424_600_q50.webp\" alt=\"2026lucisano\" loading=\"lazy\"><\/div>\n<div class=\"excerpt\">FUNERALINO \u2013 NELLA CALLARA ROMANA D\u2019AGOSTO, L\u2019ULTIMO SALUTO AL MITICO PRODUTTORE CINEMATOGRAFICO\u2026<\/div>\n<p><\/a><\/article>\n<article><a href=\"https:\/\/www.dagospia.com\/cafonal\/cafonalino-pizza-riformista-matteo-renzi-raduna-i-suoi-prima-delle-480816\"><\/p>\n<div class=\"img-wrapper\"><img decoding=\"async\" src=\"https:\/\/static.dagospia.com\/img\/patch\/07-2026\/2026kraken-matteo-renzi-2286047_600_q50.webp\" alt=\"2026kraken matteo renzi \" loading=\"lazy\"><\/div>\n<div class=\"excerpt\">CAFONALINO DELLA PIZZA RIFORMISTA \u2013 RENZI RADUNA I SUOI PRIMA DELLE VACANZE ESTIVE AL SATYRUS DI\u2026<\/div>\n<p><\/a><\/article>\n<article><a href=\"https:\/\/www.dagospia.com\/cafonal\/cafonalino-moreno-party-roma-manuela-moreno-festeggia-i-60-anni-480777\"><\/p>\n<div class=\"img-wrapper\"><img decoding=\"async\" src=\"https:\/\/static.dagospia.com\/img\/patch\/07-2026\/manuela-moreno-festa-60-anni-2285871_600_q50.webp\" alt=\"manuela moreno festa 60 anni \" loading=\"lazy\"><\/div>\n<div class=\"excerpt\">CAFONALINO! NO MORENO, NO PARTY \u2013 A ROMA, AL LOVE BAR DI PONTE MILVIO, MANUELA MORENO, CONDUTTRICE\u2026<\/div>\n<p><\/a><\/article>\n<article><a href=\"https:\/\/www.dagospia.com\/cafonal\/cafonalino-firenze-tevere-direttori-redattori-forchettoni-scrocconi-480745\"><\/p>\n<div class=\"img-wrapper\"><img decoding=\"async\" src=\"https:\/\/static.dagospia.com\/img\/patch\/07-2026\/2026agno-marco-agnoletti-2285763_600_q50.webp\" alt=\"2026agno marco agnoletti \" loading=\"lazy\"><\/div>\n<div class=\"excerpt\">CAFONALINO DEGLI AGNOLETTI IN BRODO &#8211; DIRETTORI, REDATTORI, FORCHETTONI E SCROCCONI SFIDANO\u2026<\/div>\n<p><\/a><\/article>\n<p>[analyse_source url=&#8221;https:\/\/www.dagospia.com\/politica\/exclave-in-testa-sanchez-premier-spagnolo-e-sempre-piu-casini-per-485825&#8243;]<\/p>\n","protected":false},"excerpt":{"rendered":"<p>[analyse_image type=&#8221;featured&#8221; src=&#8221;https:\/\/static.dagospia.com\/img\/patch\/07-2026\/pedro-sanchez-ceuta-migranti-2291483_600_q50.webp&#8221;] 4 set 2026 13:42 UNA EXCLAVE IN TESTA A SANCHEZ! &#8211; IL PREMIER SPAGNOLO \u00c8 SEMPRE PI\u00d9 NEI CASINI PER L&#8217;INVASIONE DI MIGRANTI A CEUTA: LUI\u00a0SOSTIENE DI NON ESSERE STATO AVVISATO DAI SERVIZI MA &#8220;EL MUNDO&#8221; RIVELA L\u2019ESISTENZA DI DUE RAPPORTI REDATTI PRIMA DELL\u2019ASSALTO &#8211; IL PRIMO RISALE AL 27 LUGLIO: C&#8217;ERA [&hellip;]<\/p>\n","protected":false},"author":1,"featured_media":0,"comment_status":"open","ping_status":"","sticky":false,"template":"","format":"standard","meta":{"footnotes":""},"categories":[87],"tags":[226,149],"class_list":["post-2128958","post","type-post","status-publish","format-standard","hentry","category-italy","tag-crawlmanager","tag-dagospia-com"],"_links":{"self":[{"href":"https:\/\/analyse.optim.biz\/index.php?rest_route=\/wp\/v2\/posts\/2128958","targetHints":{"allow":["GET"]}}],"collection":[{"href":"https:\/\/analyse.optim.biz\/index.php?rest_route=\/wp\/v2\/posts"}],"about":[{"href":"https:\/\/analyse.optim.biz\/index.php?rest_route=\/wp\/v2\/types\/post"}],"author":[{"embeddable":true,"href":"https:\/\/analyse.optim.biz\/index.php?rest_route=\/wp\/v2\/users\/1"}],"replies":[{"embeddable":true,"href":"https:\/\/analyse.optim.biz\/index.php?rest_route=%2Fwp%2Fv2%2Fcomments&post=2128958"}],"version-history":[{"count":0,"href":"https:\/\/analyse.optim.biz\/index.php?rest_route=\/wp\/v2\/posts\/2128958\/revisions"}],"wp:attachment":[{"href":"https:\/\/analyse.optim.biz\/index.php?rest_route=%2Fwp%2Fv2%2Fmedia&parent=2128958"}],"wp:term":[{"taxonomy":"category","embeddable":true,"href":"https:\/\/analyse.optim.biz\/index.php?rest_route=%2Fwp%2Fv2%2Fcategories&post=2128958"},{"taxonomy":"post_tag","embeddable":true,"href":"https:\/\/analyse.optim.biz\/index.php?rest_route=%2Fwp%2Fv2%2Ftags&post=2128958"}],"curies":[{"name":"wp","href":"https:\/\/api.w.org\/{rel}","templated":true}]}}