{"id":2128955,"date":"2026-09-04T10:57:00","date_gmt":"2026-09-04T07:57:00","guid":{"rendered":"https:\/\/analyse.optim.biz\/?p=2128955"},"modified":"2026-09-04T10:57:00","modified_gmt":"2026-09-04T07:57:00","slug":"lesercito-di-vannacci-due-militari-in-servizio-uno-nellaeronautica-e","status":"publish","type":"post","link":"https:\/\/analyse.optim.biz\/?p=2128955","title":{"rendered":"L\u2019&#8217;esercito&#8217; di vannacci &#8211; due militari in servizio, uno nell&#8217;aeronautica e&#8230;"},"content":{"rendered":"<p>[analyse_image type=&#8221;featured&#8221; src=&#8221;https:\/\/static.dagospia.com\/img\/patch\/09-2026\/militari-roberto-vannacci-2302454_600_q50.webp&#8221;]<\/p>\n<article>\n<div class=\"img-wrapper\"><img decoding=\"async\" src=\"https:\/\/static.dagospia.com\/img\/patch\/09-2026\/militari-roberto-vannacci-2302454_600_q50.webp\" alt=\"militari roberto vannacci \"><time class=\"data-ora\">4 set 2026 12:57<\/time><\/div>\n<p>L\u2019\u201dESERCITO\u201d DI VANNACCI &#8211; L&#8217;INCHIESTA DELLA PROCURA MILITARE DI ROMA SU FUTURO NAZIONALE RIGUARDA\u00a0<span>DUE MILITARI IN SERVIZIO, UNO NELL&#8217;AERONAUTICA E L\u2019ALTRO NELL\u2019ARMA DEI CARABINIERI. <\/span>SONO ACCUSATI<span>\u00a0DI FARE PROPAGANDA POLITICA AL PARTITO DI VANNACCI<\/span>\u00a0&#8211; IL LORO RUOLO NELLE FILE DI FN POTREBBE ANDARE CONTRO IL \u201cDOVERE DI FEDELTA\u2019\u201d RICHIESTO A CHI INDOSSA LA DIVISA &#8211; L\u2019ESPOSTO PRESENTATO DA UN SINDACATO\u00a0 DELLE FORZE ARMATE &#8211;\u00a0 L\u2019EX PARA\u2019, DEFINITO \u201cCAVALLO DI TROIA DI MOSCA\u201d DAL \u201cFINANCIAL TIMES\u201d, SE NE INFISCHIA: <span>\u201cFASCISTA, XENOFOBO E FENOMENO DA BARACCONE? ME NE FREGO\u201d<\/span> &#8211; VIDEO<\/p>\n<div class=\"share-section\">\n                Condividi  questo articolo<\/p>\n<div class=\"socials\"><a href=\"http:\/\/www.facebook.com\/sharer.php?u=http:\/\/www.dagospia.com\/politica\/l-esercito-vannacci-militari-in-servizio-nell-aeronautica-e-485806\" target=\"_blank\"><img decoding=\"async\" src=\"https:\/\/static.dagospia.com\/img\/icons\/facebook.svg\" alt=\"Condividi su Facebook\"><\/a><a href=\"http:\/\/www.twitter.com\/share?url=http:\/\/www.dagospia.com\/politica\/l-esercito-vannacci-militari-in-servizio-nell-aeronautica-e-485806&amp;text=L%E2%80%99&apos;ESERCITO&apos;%20DI%20VANNACCI%20-%20%20DUE%20MILITARI%20IN%20SERVIZIO,%20UNO%20NELL&apos;AERONAUTICA%20E...\" target=\"_blank\"><img decoding=\"async\" src=\"https:\/\/static.dagospia.com\/img\/icons\/x-icon.png\" alt=\"Condividi su X\"><\/a><a href=\"\/\/www.dagospia.com\/politica\/l-esercito-vannacci-militari-in-servizio-nell-aeronautica-e-485806\" target=\"_blank\"><img decoding=\"async\" src=\"https:\/\/static.dagospia.com\/img\/icons\/whatsapp.svg\" alt=\"Condividi su Whatsapp\"><\/a><a href=\"mailto:?body=http:\/\/www.dagospia.com\/politica\/l-esercito-vannacci-militari-in-servizio-nell-aeronautica-e-485806\" target=\"_blank\"><img decoding=\"async\" src=\"https:\/\/static.dagospia.com\/img\/icons\/mail.svg\" alt=\"Invia in email\"><\/a><\/div>\n<\/div>\n<div class=\"content\">\n<div>\n<blockquote class=\"twitter-tweet\" data-media-max-width=\"560\">\n<p class=\"disable\" dir=\"ltr\" lang=\"it\">Xenofobo, omofobo, sessista, misogino, fascista, negazionista, razzista, ignorante, falsificatore, populista, traditore, pagliaccio, buffone, troglodita, fenomeno da baraccone ed ora, cavallo di Troia di Mosca.<\/p>\n<p class=\"disable\">Bene, vuol dire che siamo sulla giusta strada.<\/p>\n<p class=\"disable\">Ci vediamo all&#8217;alba. <a href=\"https:\/\/t.co\/JTe66UkEre\">pic.twitter.com\/JTe66UkEre<\/a><\/p>\n<p>\u2014 Roberto Vannacci (@RoVannacci) <a href=\"https:\/\/x.com\/RoVannacci\/status\/2095763148368207978?ref_src=twsrc%5Etfw\">September 4, 2026<\/a><\/p><\/blockquote>\n<\/div>\n<p class=\"disable\"><strong>1. APERTA INDAGINE SUI MILITARI NEL PARTITO DI VANNACCI\u00a0<\/strong><\/p>\n<p class=\"disable\"><strong>Estratto dall&#8217;articolo di Andrea Gagliardi e e Ivan Cimmarusti per <a href=\"http:\/\/www.ilsole24ore.com\" target=\"_blank\">&#8220;il Sole 24 ore&#8221;<\/a><\/strong><\/p>\n<p class=\"disable\">\u00a0<\/p>\n<p><a href=\"https:\/\/www.dagospia.com\/media-gallery\/dago-fotogallery-522233\/2296585\" class=\"float-right img-wrapper\"><img decoding=\"async\" id=\"2296585\" loading=\"lazy\" src=\"https:\/\/static.dagospia.com\/img\/foto\/08-2026\/carabinieri-2296585_800_q50.webp\"><span class=\"img-title\">Carabinieri <\/span><\/a><\/p>\n<p class=\"disable\">Due militari in servizio, uno nell\u2019Aeronautica e l\u2019altro nell\u2019Arma dei carabinieri. E un nodo da chiarire: se il loro ruolo nella struttura politica di Futuro nazionale abbia violato il \u00abdovere di fedelt\u00e0\u00bb previsto dall\u2019articolo 1348 del Codice dell\u2019ordinamento militare.<\/p>\n<p class=\"disable\">\u00a0<\/p>\n<p class=\"disable\">\u00c8 il cuore del procedimento avviato dal procuratore militare Marco De Paolis dopo l\u2019esposto depositato il 2 settembre da Luca Marco Comellini, del Sindacato dei militari, e dall\u2019avvocato Massimiliano Stampelli.\u00a0<\/p>\n<p class=\"disable\">\u00a0<\/p>\n<p class=\"disable\">Non \u00e8 in discussione, davanti alla magistratura militare, se il movimento di Vannacci costituisca una riproposizione del disciolto partito fascista: su questo esiste gi\u00e0 un distinto esposto alla Procura ordinaria di Roma.<\/p>\n<p class=\"disable\">\u00a0<\/p>\n<p><a href=\"https:\/\/www.dagospia.com\/media-gallery\/dago-fotogallery-522233\/1908031\" class=\"float-left img-wrapper\"><img decoding=\"async\" id=\"1908031\" loading=\"lazy\" src=\"https:\/\/static.dagospia.com\/img\/foto\/10-2023\/aeronautica-militare-1908031_800_q50.webp\"><span class=\"img-title\">Aeronautica militare<\/span><\/a><\/p>\n<p class=\"disable\">Gli accertamenti riguardano invece il ruolo assunto da personale in divisa nell\u2019organizzazione politica che fa capo al generale. Al momento, spiega la procura militare \u00abnon \u00e8 stata disposta alcuna formale iscrizione nel registro delle notizie di reato, n\u00e9 risulta avviata un\u2019indagine penale nei confronti di Vannacci\u00bb.\u00a0 Parole raccolte dal generale in un lungo post sui social che punge: \u00abMa ancora credete ai giornali e a quattro politicanti e scribacchini livorosi?\u00bb.<\/p>\n<p class=\"disable\">\u00a0<\/p>\n<p><a href=\"https:\/\/www.dagospia.com\/media-gallery\/dago-fotogallery-522233\/2301030\" class=\"float-right img-wrapper\"><img decoding=\"async\" id=\"2301030\" loading=\"lazy\" src=\"https:\/\/static.dagospia.com\/img\/foto\/08-2026\/action-roberto-vannacci-incontra-giorgia-meloni-in-giorgialand-video-ia-vannacci-2301030_800_q50.webp\"><span class=\"img-title\">Action Roberto Vannacci incontra Giorgia Meloni in Giorgialand video IA Vannaccius <\/span><\/a><\/p>\n<p class=\"disable\">Per Giorgio Carta, difensore di Vannacci, quanto denunciato avrebbe rilievo esclusivamente disciplinare. Ma nell\u2019esposto c\u2019\u00e8 un ulteriore passaggio: i due militari apparterrebbero a sindacati di categoria.\u00a0<\/p>\n<p class=\"disable\">\u00a0<\/p>\n<p class=\"disable\">Da qui la richiesta ai magistrati di verificare se quella funzione sia stata utilizzata nell\u2019ambito dell\u2019iniziativa politica di Vannacci. Su questo presupposto i denuncianti prospettano anche una possibile ipotesi di truffa militare. Diverso, e pi\u00f9 ampio, il fronte aperto davanti alla Procura ordinaria di Roma guidata da Francesco Lo Voi.<\/p>\n<p class=\"disable\">\u00a0<\/p>\n<p class=\"disable\">Qui la verifica riguarda direttamente Futuro nazionale: occorre accertare se il movimento possa rappresentare un tentativo, \u00absotto altra forma\u00bb, di ricostituire il disciolto partito fascista. Il procedimento \u2013 destinato a essere aperto d\u2019ufficio \u2013 avr\u00e0 al centro il programma politico di Vannacci e le informazioni emerse in questi giorni sulla stampa internazionale. Quello di Vannacci, pi\u00f9 che un caso giudiziario, resta un caso politico.[&#8230;]<\/p>\n<p class=\"disable\">\u00a0<\/p>\n<p class=\"disable\">Il timore di palazzo Chigi \u00e8 che l\u2019ex par\u00e0 sia inaffidabile e incontrollabile in politica estera, a differenza di Salvini, che, malgrado le posizioni scettiche sul sostegno militare all\u2019Ucraina, ha sempre fatto votare i decreti che autorizzano gli aiuti.<\/p>\n<p class=\"disable\">\u00a0<\/p>\n<p><a href=\"https:\/\/www.dagospia.com\/media-gallery\/dago-fotogallery-522233\/2297901\" class=\"float-left img-wrapper\"><img decoding=\"async\" id=\"2297901\" loading=\"lazy\" src=\"https:\/\/static.dagospia.com\/img\/foto\/08-2026\/roberto-vannacci-2297901_800_q50.webp\"><span class=\"img-title\">roberto vannacci<\/span><\/a><\/p>\n<p class=\"disable\">Del resto il Copasir ormai riceve ogni mese dal governo un report sull\u2019impatto della disinformazione nel nostro Paese, ad opera di attori stranieri, a partire dalla Russia. E non sono casuali i timori di Tajani sulle possibili interferenze russe sul voto (anche se fonti della Lega sottolineano che occorre vigilare contro qualsiasi interferenza straniera, \u00abda qualunque parte arrivi, da Putin a Zelensky passando per Soros\u00bb).<\/p>\n<p class=\"disable\">\u00a0<\/p>\n<p><a href=\"https:\/\/www.dagospia.com\/media-gallery\/dago-fotogallery-522233\/2302452\" class=\"float-right img-wrapper\"><img decoding=\"async\" id=\"2302452\" loading=\"lazy\" src=\"https:\/\/static.dagospia.com\/img\/foto\/09-2026\/video-intelligenza-artificiale-roberto-vannacci-2302452_800_q50.webp\"><span class=\"img-title\">Video intelligenza artificiale Roberto Vannacci <\/span><\/a><\/p>\n<p class=\"disable\">Nel suo manifesto, ricorda il Ft, Futuro nazionale sostiene \u00abl\u2019importanza di riaprire i canali con la Russia\u00bb per ridurre i costi energetici italiani e afferma che Roma dovrebbe rivalutare tutti gli impegni derivanti dai trattati internazionali, compresa l\u2019ipotesi di un\u2019uscita dalla Nato. [&#8230;]<\/p>\n<p class=\"disable\">\u00a0<\/p>\n<p class=\"disable\"><strong>2. FN: VANNACCI, FASCISTA, IGNORANTE E ORA CAVALLO DI TROIA MOSCA? ME NE FREGO\u00a0<\/strong>\u00a0<\/p>\n<p class=\"disable\"><strong>(Agenzia Nova)<\/strong> &#8211; &#8220;Xenofobo, omofobo, sessista, misogino, fascista, negazionista, razzista, ignorante, falsificatore, populista, traditore, pagliaccio, buffone, troglodita, fenomeno da baraccone e ora, cavallo di Troia di Mosca. Bene, vuol dire che siamo sulla giusta strada. Ci vediamo all&#8217;alba&#8221;.\u00a0<\/p>\n<p class=\"disable\">\u00a0<\/p>\n<p class=\"disable\">Lo scrive su X il leader di Futuro nazionale, Roberto Vannacci, postando un video realizzato con l&#8217;Intelligenza artificiale in cui viene rappresentato sotto tiro di diverse pistole. Colonna sonora del video e&#8217; &#8220;All&#8217;alba vincero'&#8221;. Al termine Vannacci dice: &#8220;Me ne frego&#8221;.\u00a0<\/p>\n<p class=\"disable\">\u00a0<\/p>\n<p class=\"disable\"><strong>3. \u201cLA DIVISA USATA PER FARE PROPAGANDA\u201d INDAGINI SUI MILITARI NEL PARTITO DI VANNACCI\u00a0<\/strong><\/p>\n<p class=\"disable\"><strong>Estratto dall\u2019articolo di Giuseppe Legato per <a href=\"http:\/\/www.lastampa.it\" target=\"_blank\">\u201cLa Stampa\u201d\u00a0<\/a><\/strong><\/p>\n<p class=\"disable\">\u00a0<\/p>\n<p class=\"disable\">Divise e gradi usati per fare propaganda politica al partito di Vannacci? \u00c8 il cuore dell&#8217;esposto presentato l&#8217;altroieri da un sindacato di forze armate oggetto, da alcune ore, di approfondimenti da parte della procura militare.<\/p>\n<p class=\"disable\">\u00a0<\/p>\n<p><a href=\"https:\/\/www.dagospia.com\/media-gallery\/dago-fotogallery-522233\/2296761\" class=\"float-left img-wrapper\"><img decoding=\"async\" id=\"2296761\" loading=\"lazy\" src=\"https:\/\/static.dagospia.com\/img\/foto\/08-2026\/roberto-vannacci-col-cetriolo-in-mano-2-2296761_800_q50.webp\"><span class=\"img-title\">roberto vannacci col cetriolo in mano 2<\/span><\/a><\/p>\n<p class=\"disable\">Dopo l&#8217;esposto (diverso dal primo) depositato alla procura ordinaria di Roma nuove ombre si addensano su Futuro Nazionale, il partito fondato nel febbraio scorso dall&#8217;ex generale che sta riempiendo la pancia di iscritti dal serbatoio delle forze armate. [&#8230;]<\/p>\n<p class=\"disable\">\u00a0<\/p>\n<p class=\"disable\">Il procuratore Marco De Paolis ha annunciato con una nota di aver avviato \u00abaccertamenti preliminari\u00bb in relazione ad un esposto presentato dal sindacato dei Militari depositato l&#8217;altro ieri e che fa seguito a quello di giurisdizione penale.\u00a0<\/p>\n<p class=\"disable\">\u00a0<\/p>\n<p class=\"disable\">L&#8217;attivit\u00e0 della procura con le stellette \u00ab\u00e8 in ordine alla posizione di appartenenti alle Forze Armate \u2013 spiega il procuratore in una nota \u2013 all&#8217;interno della struttura organizzativa Futuro Nazionale\u00bb.<\/p>\n<p class=\"disable\">\u00a0<\/p>\n<p class=\"disable\">La denuncia firmata dal presidente dell&#8217;associazione sindacale(non iscritta all&#8217;albo, per la cronaca) Luca Marco Comellini, chiede ai magistrati di valutare se \u2013 anche attraverso la loro attivit\u00e0 di sindacalisti \u2013 facciano attivit\u00e0 politica nel partito di Futuro nazionale infrangendo il dovere di \u00abneutralit\u00e0\u00bb al quale sono tenuti in quanto militari.\u00a0<\/p>\n<p class=\"disable\">\u00a0<\/p>\n<p><a href=\"https:\/\/www.dagospia.com\/media-gallery\/dago-fotogallery-522233\/2293995\" class=\"float-right img-wrapper\"><img decoding=\"async\" id=\"2293995\" loading=\"lazy\" src=\"https:\/\/static.dagospia.com\/img\/foto\/08-2026\/roberto-vannacci-alla-versiliana-4-2293995_800_q50.webp\"><span class=\"img-title\">roberto vannacci alla versiliana 4<\/span><\/a><\/p>\n<p class=\"disable\">La richiesta \u00e8 di estendere queste valutazioni di indagine anche ad eventuali altri soggetti. Non solo: la procura militare sta valutando se vi sia effettivamente stato \u00abl&#8217;uso (asserito, ndr) della qualifica militare, del grado e dell&#8217;uniforme \u2013 si legge nell&#8217;esposto \u2013 per finalit\u00e0 di propaganda politica in contesti pubblici e digitali\u00bb.\u00a0<\/p>\n<p class=\"disable\">\u00a0<\/p>\n<p class=\"disable\">Ancora si chiede ai magistrati di accendere un faro sulla \u00abpartecipazione alla promozione di contenuti ideologici radicali, riconducibili al documento programmatico del movimento le cui previsioni includono strategie di impiego delle Forze Armate e politiche incompatibili con il giuramento di fedelt\u00e0 alla Repubblica Italiana e ai valori fondamentali della Costituzione\u00bb.\u00a0<\/p>\n<p class=\"disable\">\u00a0<\/p>\n<p><a href=\"https:\/\/www.dagospia.com\/media-gallery\/dago-fotogallery-522233\/2289264\" class=\"float-left img-wrapper\"><img decoding=\"async\" id=\"2289264\" loading=\"lazy\" src=\"https:\/\/static.dagospia.com\/img\/foto\/07-2026\/roberto-vannacci-2289264_800_q50.webp\"><span class=\"img-title\">Roberto Vannacci <\/span><\/a><\/p>\n<p class=\"disable\">Secondo il sindacato quel programma conterrebbe \u00aborientamenti ideologici e proposte operative \u2013 tra cui politiche di remigrazione e strategie di impiego delle Forze Armate \u2013 che appaiono strutturalmente incompatibili con i valori democratici, con il principio di uguaglianza e con il giuramento di fedelt\u00e0 alla Repubblica prestato da ogni militare all&#8217;atto dell&#8217;arruolamento\u00bb. [&#8230;]<\/p>\n<p class=\"disable\">\u00a0<\/p>\n<p class=\"disable\">Sia come sia, il legale Giorgio Carta, difensore di Roberto Vannacci, ha fatto sapere che nei fatti descritti non sarebbe \u00abravvisabile alcuna fattispecie di reato, n\u00e9 comune n\u00e9 militare.<\/p>\n<p><a href=\"https:\/\/www.dagospia.com\/media-gallery\/dago-fotogallery-522233\/2286845\" class=\"float-right img-wrapper\"><img decoding=\"async\" id=\"2286845\" loading=\"lazy\" src=\"https:\/\/static.dagospia.com\/img\/foto\/07-2026\/roberto-vannacci-con-il-simbolo-di-ordine-nuovo-al-collo-2286845_800_q50.webp\"><span class=\"img-title\">roberto vannacci con il simbolo di ordine nuovo al collo <\/span><\/a><a href=\"https:\/\/www.dagospia.com\/media-gallery\/dago-fotogallery-522233\/2283955\" class=\"float-right img-wrapper\"><img decoding=\"async\" id=\"2283955\" loading=\"lazy\" src=\"https:\/\/static.dagospia.com\/img\/foto\/07-2026\/roberto-vannacci-a-in-onda-2283955_800_q50.webp\"><span class=\"img-title\"> roberto vannacci a in onda<\/span><\/a><a href=\"https:\/\/www.dagospia.com\/media-gallery\/dago-fotogallery-522233\/2289163\" class=\"float-right img-wrapper\"><img decoding=\"async\" id=\"2289163\" loading=\"lazy\" src=\"https:\/\/static.dagospia.com\/img\/foto\/07-2026\/roberto-vannacci-video-ia-2289163_800_q50.webp\"><span class=\"img-title\">Roberto Vannacci video IA<\/span><\/a><\/p>\n<\/div>\n<div class=\"share-section\">\n                Condividi  questo articolo<\/p>\n<div class=\"socials\"><a href=\"https:\/\/www.dagospia.com\/politica\/l-esercito-vannacci-militari-in-servizio-nell-aeronautica-e-485806\"><img decoding=\"async\" src=\"https:\/\/static.dagospia.com\/img\/icons\/facebook.svg\" alt=\"Condividi su Facebook\"><\/a><a href=\"https:\/\/www.dagospia.com\/politica\/l-esercito-vannacci-militari-in-servizio-nell-aeronautica-e-485806\"><img decoding=\"async\" src=\"https:\/\/static.dagospia.com\/img\/icons\/x-icon.png\" alt=\"Condividi su X\"><\/a><a href=\"https:\/\/www.dagospia.com\/politica\/l-esercito-vannacci-militari-in-servizio-nell-aeronautica-e-485806\"><img decoding=\"async\" src=\"https:\/\/static.dagospia.com\/img\/icons\/whatsapp.svg\" alt=\"Condividi su Whatsapp\"><\/a><a href=\"https:\/\/www.dagospia.com\/politica\/l-esercito-vannacci-militari-in-servizio-nell-aeronautica-e-485806\"><img decoding=\"async\" src=\"https:\/\/static.dagospia.com\/img\/icons\/mail.svg\" alt=\"Invia in email\"><\/a><\/div>\n<\/div>\n<\/article>\n<div class=\"content\">\n<div>\n<blockquote class=\"twitter-tweet\" data-media-max-width=\"560\">\n<p class=\"disable\" dir=\"ltr\" lang=\"it\">Xenofobo, omofobo, sessista, misogino, fascista, negazionista, razzista, ignorante, falsificatore, populista, traditore, pagliaccio, buffone, troglodita, fenomeno da baraccone ed ora, cavallo di Troia di Mosca.<\/p>\n<p class=\"disable\">Bene, vuol dire che siamo sulla giusta strada.<\/p>\n<p class=\"disable\">Ci vediamo all&#8217;alba. <a href=\"https:\/\/t.co\/JTe66UkEre\">pic.twitter.com\/JTe66UkEre<\/a><\/p>\n<p>\u2014 Roberto Vannacci (@RoVannacci) <a href=\"https:\/\/x.com\/RoVannacci\/status\/2095763148368207978?ref_src=twsrc%5Etfw\">September 4, 2026<\/a><\/p><\/blockquote>\n<\/div>\n<p class=\"disable\"><strong>1. APERTA INDAGINE SUI MILITARI NEL PARTITO DI VANNACCI\u00a0<\/strong><\/p>\n<p class=\"disable\"><strong>Estratto dall&#8217;articolo di Andrea Gagliardi e e Ivan Cimmarusti per <a href=\"http:\/\/www.ilsole24ore.com\" target=\"_blank\">&#8220;il Sole 24 ore&#8221;<\/a><\/strong><\/p>\n<p class=\"disable\">\u00a0<\/p>\n<p><a href=\"https:\/\/www.dagospia.com\/media-gallery\/dago-fotogallery-522233\/2296585\" class=\"float-right img-wrapper\"><img decoding=\"async\" id=\"2296585\" loading=\"lazy\" src=\"https:\/\/static.dagospia.com\/img\/foto\/08-2026\/carabinieri-2296585_800_q50.webp\"><span class=\"img-title\">Carabinieri <\/span><\/a><\/p>\n<p class=\"disable\">Due militari in servizio, uno nell\u2019Aeronautica e l\u2019altro nell\u2019Arma dei carabinieri. E un nodo da chiarire: se il loro ruolo nella struttura politica di Futuro nazionale abbia violato il \u00abdovere di fedelt\u00e0\u00bb previsto dall\u2019articolo 1348 del Codice dell\u2019ordinamento militare.<\/p>\n<p class=\"disable\">\u00a0<\/p>\n<p class=\"disable\">\u00c8 il cuore del procedimento avviato dal procuratore militare Marco De Paolis dopo l\u2019esposto depositato il 2 settembre da Luca Marco Comellini, del Sindacato dei militari, e dall\u2019avvocato Massimiliano Stampelli.\u00a0<\/p>\n<p class=\"disable\">\u00a0<\/p>\n<p class=\"disable\">Non \u00e8 in discussione, davanti alla magistratura militare, se il movimento di Vannacci costituisca una riproposizione del disciolto partito fascista: su questo esiste gi\u00e0 un distinto esposto alla Procura ordinaria di Roma.<\/p>\n<p class=\"disable\">\u00a0<\/p>\n<p><a href=\"https:\/\/www.dagospia.com\/media-gallery\/dago-fotogallery-522233\/1908031\" class=\"float-left img-wrapper\"><img decoding=\"async\" id=\"1908031\" loading=\"lazy\" src=\"https:\/\/static.dagospia.com\/img\/foto\/10-2023\/aeronautica-militare-1908031_800_q50.webp\"><span class=\"img-title\">Aeronautica militare<\/span><\/a><\/p>\n<p class=\"disable\">Gli accertamenti riguardano invece il ruolo assunto da personale in divisa nell\u2019organizzazione politica che fa capo al generale. Al momento, spiega la procura militare \u00abnon \u00e8 stata disposta alcuna formale iscrizione nel registro delle notizie di reato, n\u00e9 risulta avviata un\u2019indagine penale nei confronti di Vannacci\u00bb.\u00a0 Parole raccolte dal generale in un lungo post sui social che punge: \u00abMa ancora credete ai giornali e a quattro politicanti e scribacchini livorosi?\u00bb.<\/p>\n<p class=\"disable\">\u00a0<\/p>\n<p><a href=\"https:\/\/www.dagospia.com\/media-gallery\/dago-fotogallery-522233\/2301030\" class=\"float-right img-wrapper\"><img decoding=\"async\" id=\"2301030\" loading=\"lazy\" src=\"https:\/\/static.dagospia.com\/img\/foto\/08-2026\/action-roberto-vannacci-incontra-giorgia-meloni-in-giorgialand-video-ia-vannacci-2301030_800_q50.webp\"><span class=\"img-title\">Action Roberto Vannacci incontra Giorgia Meloni in Giorgialand video IA Vannaccius <\/span><\/a><\/p>\n<p class=\"disable\">Per Giorgio Carta, difensore di Vannacci, quanto denunciato avrebbe rilievo esclusivamente disciplinare. Ma nell\u2019esposto c\u2019\u00e8 un ulteriore passaggio: i due militari apparterrebbero a sindacati di categoria.\u00a0<\/p>\n<p class=\"disable\">\u00a0<\/p>\n<p class=\"disable\">Da qui la richiesta ai magistrati di verificare se quella funzione sia stata utilizzata nell\u2019ambito dell\u2019iniziativa politica di Vannacci. Su questo presupposto i denuncianti prospettano anche una possibile ipotesi di truffa militare. Diverso, e pi\u00f9 ampio, il fronte aperto davanti alla Procura ordinaria di Roma guidata da Francesco Lo Voi.<\/p>\n<p class=\"disable\">\u00a0<\/p>\n<p class=\"disable\">Qui la verifica riguarda direttamente Futuro nazionale: occorre accertare se il movimento possa rappresentare un tentativo, \u00absotto altra forma\u00bb, di ricostituire il disciolto partito fascista. Il procedimento \u2013 destinato a essere aperto d\u2019ufficio \u2013 avr\u00e0 al centro il programma politico di Vannacci e le informazioni emerse in questi giorni sulla stampa internazionale. Quello di Vannacci, pi\u00f9 che un caso giudiziario, resta un caso politico.[&#8230;]<\/p>\n<p class=\"disable\">\u00a0<\/p>\n<p class=\"disable\">Il timore di palazzo Chigi \u00e8 che l\u2019ex par\u00e0 sia inaffidabile e incontrollabile in politica estera, a differenza di Salvini, che, malgrado le posizioni scettiche sul sostegno militare all\u2019Ucraina, ha sempre fatto votare i decreti che autorizzano gli aiuti.<\/p>\n<p class=\"disable\">\u00a0<\/p>\n<p><a href=\"https:\/\/www.dagospia.com\/media-gallery\/dago-fotogallery-522233\/2297901\" class=\"float-left img-wrapper\"><img decoding=\"async\" id=\"2297901\" loading=\"lazy\" src=\"https:\/\/static.dagospia.com\/img\/foto\/08-2026\/roberto-vannacci-2297901_800_q50.webp\"><span class=\"img-title\">roberto vannacci<\/span><\/a><\/p>\n<p class=\"disable\">Del resto il Copasir ormai riceve ogni mese dal governo un report sull\u2019impatto della disinformazione nel nostro Paese, ad opera di attori stranieri, a partire dalla Russia. E non sono casuali i timori di Tajani sulle possibili interferenze russe sul voto (anche se fonti della Lega sottolineano che occorre vigilare contro qualsiasi interferenza straniera, \u00abda qualunque parte arrivi, da Putin a Zelensky passando per Soros\u00bb).<\/p>\n<p class=\"disable\">\u00a0<\/p>\n<p><a href=\"https:\/\/www.dagospia.com\/media-gallery\/dago-fotogallery-522233\/2302452\" class=\"float-right img-wrapper\"><img decoding=\"async\" id=\"2302452\" loading=\"lazy\" src=\"https:\/\/static.dagospia.com\/img\/foto\/09-2026\/video-intelligenza-artificiale-roberto-vannacci-2302452_800_q50.webp\"><span class=\"img-title\">Video intelligenza artificiale Roberto Vannacci <\/span><\/a><\/p>\n<p class=\"disable\">Nel suo manifesto, ricorda il Ft, Futuro nazionale sostiene \u00abl\u2019importanza di riaprire i canali con la Russia\u00bb per ridurre i costi energetici italiani e afferma che Roma dovrebbe rivalutare tutti gli impegni derivanti dai trattati internazionali, compresa l\u2019ipotesi di un\u2019uscita dalla Nato. [&#8230;]<\/p>\n<p class=\"disable\">\u00a0<\/p>\n<p class=\"disable\"><strong>2. FN: VANNACCI, FASCISTA, IGNORANTE E ORA CAVALLO DI TROIA MOSCA? ME NE FREGO\u00a0<\/strong>\u00a0<\/p>\n<p class=\"disable\"><strong>(Agenzia Nova)<\/strong> &#8211; &#8220;Xenofobo, omofobo, sessista, misogino, fascista, negazionista, razzista, ignorante, falsificatore, populista, traditore, pagliaccio, buffone, troglodita, fenomeno da baraccone e ora, cavallo di Troia di Mosca. Bene, vuol dire che siamo sulla giusta strada. Ci vediamo all&#8217;alba&#8221;.\u00a0<\/p>\n<p class=\"disable\">\u00a0<\/p>\n<p class=\"disable\">Lo scrive su X il leader di Futuro nazionale, Roberto Vannacci, postando un video realizzato con l&#8217;Intelligenza artificiale in cui viene rappresentato sotto tiro di diverse pistole. Colonna sonora del video e&#8217; &#8220;All&#8217;alba vincero'&#8221;. Al termine Vannacci dice: &#8220;Me ne frego&#8221;.\u00a0<\/p>\n<p class=\"disable\">\u00a0<\/p>\n<p class=\"disable\"><strong>3. \u201cLA DIVISA USATA PER FARE PROPAGANDA\u201d INDAGINI SUI MILITARI NEL PARTITO DI VANNACCI\u00a0<\/strong><\/p>\n<p class=\"disable\"><strong>Estratto dall\u2019articolo di Giuseppe Legato per <a href=\"http:\/\/www.lastampa.it\" target=\"_blank\">\u201cLa Stampa\u201d\u00a0<\/a><\/strong><\/p>\n<p class=\"disable\">\u00a0<\/p>\n<p class=\"disable\">Divise e gradi usati per fare propaganda politica al partito di Vannacci? \u00c8 il cuore dell&#8217;esposto presentato l&#8217;altroieri da un sindacato di forze armate oggetto, da alcune ore, di approfondimenti da parte della procura militare.<\/p>\n<p class=\"disable\">\u00a0<\/p>\n<p><a href=\"https:\/\/www.dagospia.com\/media-gallery\/dago-fotogallery-522233\/2296761\" class=\"float-left img-wrapper\"><img decoding=\"async\" id=\"2296761\" loading=\"lazy\" src=\"https:\/\/static.dagospia.com\/img\/foto\/08-2026\/roberto-vannacci-col-cetriolo-in-mano-2-2296761_800_q50.webp\"><span class=\"img-title\">roberto vannacci col cetriolo in mano 2<\/span><\/a><\/p>\n<p class=\"disable\">Dopo l&#8217;esposto (diverso dal primo) depositato alla procura ordinaria di Roma nuove ombre si addensano su Futuro Nazionale, il partito fondato nel febbraio scorso dall&#8217;ex generale che sta riempiendo la pancia di iscritti dal serbatoio delle forze armate. [&#8230;]<\/p>\n<p class=\"disable\">\u00a0<\/p>\n<p class=\"disable\">Il procuratore Marco De Paolis ha annunciato con una nota di aver avviato \u00abaccertamenti preliminari\u00bb in relazione ad un esposto presentato dal sindacato dei Militari depositato l&#8217;altro ieri e che fa seguito a quello di giurisdizione penale.\u00a0<\/p>\n<p class=\"disable\">\u00a0<\/p>\n<p class=\"disable\">L&#8217;attivit\u00e0 della procura con le stellette \u00ab\u00e8 in ordine alla posizione di appartenenti alle Forze Armate \u2013 spiega il procuratore in una nota \u2013 all&#8217;interno della struttura organizzativa Futuro Nazionale\u00bb.<\/p>\n<p class=\"disable\">\u00a0<\/p>\n<p class=\"disable\">La denuncia firmata dal presidente dell&#8217;associazione sindacale(non iscritta all&#8217;albo, per la cronaca) Luca Marco Comellini, chiede ai magistrati di valutare se \u2013 anche attraverso la loro attivit\u00e0 di sindacalisti \u2013 facciano attivit\u00e0 politica nel partito di Futuro nazionale infrangendo il dovere di \u00abneutralit\u00e0\u00bb al quale sono tenuti in quanto militari.\u00a0<\/p>\n<p class=\"disable\">\u00a0<\/p>\n<p><a href=\"https:\/\/www.dagospia.com\/media-gallery\/dago-fotogallery-522233\/2293995\" class=\"float-right img-wrapper\"><img decoding=\"async\" id=\"2293995\" loading=\"lazy\" src=\"https:\/\/static.dagospia.com\/img\/foto\/08-2026\/roberto-vannacci-alla-versiliana-4-2293995_800_q50.webp\"><span class=\"img-title\">roberto vannacci alla versiliana 4<\/span><\/a><\/p>\n<p class=\"disable\">La richiesta \u00e8 di estendere queste valutazioni di indagine anche ad eventuali altri soggetti. Non solo: la procura militare sta valutando se vi sia effettivamente stato \u00abl&#8217;uso (asserito, ndr) della qualifica militare, del grado e dell&#8217;uniforme \u2013 si legge nell&#8217;esposto \u2013 per finalit\u00e0 di propaganda politica in contesti pubblici e digitali\u00bb.\u00a0<\/p>\n<p class=\"disable\">\u00a0<\/p>\n<p class=\"disable\">Ancora si chiede ai magistrati di accendere un faro sulla \u00abpartecipazione alla promozione di contenuti ideologici radicali, riconducibili al documento programmatico del movimento le cui previsioni includono strategie di impiego delle Forze Armate e politiche incompatibili con il giuramento di fedelt\u00e0 alla Repubblica Italiana e ai valori fondamentali della Costituzione\u00bb.\u00a0<\/p>\n<p class=\"disable\">\u00a0<\/p>\n<p><a href=\"https:\/\/www.dagospia.com\/media-gallery\/dago-fotogallery-522233\/2289264\" class=\"float-left img-wrapper\"><img decoding=\"async\" id=\"2289264\" loading=\"lazy\" src=\"https:\/\/static.dagospia.com\/img\/foto\/07-2026\/roberto-vannacci-2289264_800_q50.webp\"><span class=\"img-title\">Roberto Vannacci <\/span><\/a><\/p>\n<p class=\"disable\">Secondo il sindacato quel programma conterrebbe \u00aborientamenti ideologici e proposte operative \u2013 tra cui politiche di remigrazione e strategie di impiego delle Forze Armate \u2013 che appaiono strutturalmente incompatibili con i valori democratici, con il principio di uguaglianza e con il giuramento di fedelt\u00e0 alla Repubblica prestato da ogni militare all&#8217;atto dell&#8217;arruolamento\u00bb. [&#8230;]<\/p>\n<p class=\"disable\">\u00a0<\/p>\n<p class=\"disable\">Sia come sia, il legale Giorgio Carta, difensore di Roberto Vannacci, ha fatto sapere che nei fatti descritti non sarebbe \u00abravvisabile alcuna fattispecie di reato, n\u00e9 comune n\u00e9 militare.<\/p>\n<p><a href=\"https:\/\/www.dagospia.com\/media-gallery\/dago-fotogallery-522233\/2286845\" class=\"float-right img-wrapper\"><img decoding=\"async\" id=\"2286845\" loading=\"lazy\" src=\"https:\/\/static.dagospia.com\/img\/foto\/07-2026\/roberto-vannacci-con-il-simbolo-di-ordine-nuovo-al-collo-2286845_800_q50.webp\"><span class=\"img-title\">roberto vannacci con il simbolo di ordine nuovo al collo <\/span><\/a><a href=\"https:\/\/www.dagospia.com\/media-gallery\/dago-fotogallery-522233\/2283955\" class=\"float-right img-wrapper\"><img decoding=\"async\" id=\"2283955\" loading=\"lazy\" src=\"https:\/\/static.dagospia.com\/img\/foto\/07-2026\/roberto-vannacci-a-in-onda-2283955_800_q50.webp\"><span class=\"img-title\"> roberto vannacci a in onda<\/span><\/a><a href=\"https:\/\/www.dagospia.com\/media-gallery\/dago-fotogallery-522233\/2289163\" class=\"float-right img-wrapper\"><img decoding=\"async\" id=\"2289163\" loading=\"lazy\" src=\"https:\/\/static.dagospia.com\/img\/foto\/07-2026\/roberto-vannacci-video-ia-2289163_800_q50.webp\"><span class=\"img-title\">Roberto Vannacci video IA<\/span><\/a><\/p>\n<\/div>\n<article><a href=\"https:\/\/www.dagospia.com\/cronache\/la-camorra-indaga-legge-ringrazia-ad-indirizzare-indagini-lavitola-485901\"><\/p>\n<div class=\"img-wrapper\"><img decoding=\"async\" src=\"https:\/\/static.dagospia.com\/img\/patch\/09-2026\/attentato-sigfrido-ranucci-bomba-valter-lavitola-clesio-gomes-tavares-pellegrino-2302877_600_q50.webp\" alt=\"attentato sigfrido ranucci bomba valter lavitola clesio gomes tavares pellegrino d\u2019avino davino antonio passariello saverio mutone \" loading=\"lazy\"><time class=\"data-ora\">4 set 19:43<\/time><\/div>\n<div class=\"excerpt\">\n<p>DAGOREPORT-\u00a0<span>PECCATO CHE SIANO SCOMPARSI I POLIZIOTTESCHI DEGLI ANNI \u201970, TIPO: \u201cLA CAMORRA SFIDA, NAPOLI RISPONDE\u2019\u2019.<\/span> DAVANTI AI COLPI DI SCENA DEL GASTRO-CRIMINAL-SHOW, STARRING LAVITOLA E RANUCCI, AVREBBERO SCODELLATO UN BEL FILMONE, INTITOLATO: <span>\u201cLA CAMORRA INDAGA, LA LEGGE RINGRAZIA\u201d \u2013<\/span> QUANDO RANUCCI INDIRIZZA LE INDAGINI SULLA PISTA DELLA CAMORRA, IL CLAN CAVA, STORICA ORGANIZZAZIONE IRPINA DI QUINDICI, NON HA PRESO PER NIENTE BENE DI FINIRE SOTTO PRESSIONE PER IL LAVORO INVESTIGATIVO DEI CARABINIERI \u2013 <span>INDAGANO E SCOPRONO CHE ANTONIO PASSARIELLO, L\u2019UNICO LORO AFFILIATO DEL QUARTETTO BOMBAROLO (GLI ALTRI TRE NON ERANO ORGANICI AL CLAN),<\/span> NON SI ERA PREOCCUPATO DI INFORMARE IL VERTICE DEL CLAN, N\u00c9 DI RICEVERE IL VIA LIBERA PER COMPIERE L\u2019ATTENTATO &#8211; I CAMORRISTI DECIDONO ALLORA DI INDIRIZZARE GLI INQUIRENTI SULLA PISTA GIUSTA, INVIANDO UNA MAIL AL PM: <span>\u201cSE CE LO AVREBBE DETTO NON GLIELO AVREMMO MAI PERMESSO PERCH\u00c9 RANUCCI A NOI NON CI HA FATTO NIENTE E QUESTO SONO GUAI CHE NON VOGLIAMO<\/span>, ALLORA PRIMA CHE SI MISCHIANO LE CARTE, LE COSE STANNO COSI\u2026\u201d. E GI\u00d9 UN NUMERO DI TELEFONO INTESTATO A UN\u2019ALTRA PERSONA MA UTILIZZATO DA PASSARIELLO, CHE GLI INVESTIGATORI NON AVEVANO ANCORA SCOPERTO. <span>DA L\u00cc, INTERCETTANDO INTERCETTANDO, SI \u00c8 FINITI A TAVARES E LAVITOLA\u2026<\/span> &#8211; VIDEO<\/p>\n<\/div>\n<p><\/a><\/article>\n<article><a href=\"https:\/\/www.dagospia.com\/politica\/flash-e-non-e-lui-ministro-per-pubblica-amministrazione-paolo-zangrillo-485844\"><\/p>\n<div class=\"img-wrapper\"><img decoding=\"async\" src=\"https:\/\/static.dagospia.com\/img\/patch\/09-2026\/paolo-zangrillo-in-un-volo-di-linea-ita-airways-da-lamezia-a-milano-3-2302703_600_q50.webp\" alt=\"paolo zangrillo in un volo di linea ita airways da lamezia a milano - 3\" loading=\"lazy\"><time class=\"data-ora\">4 set 13:08<\/time><\/div>\n<div class=\"excerpt\">\n<p>FLASH \u2013 \u00c8 LUI O NON \u00c8 LUI? MA CERTO CHE \u00c8 LUI! IL MINISTRO PER LA PUBBLICA AMMINISTRAZIONE (IN QUOTA MARINA) <span>PAOLO ZANGRILLO, CHE SCALPITA PER FARE LE SCARPE A TAJANI, \u00c8 STATO AVVISTATO POCO FA IN UN VOLO DI LINEA DA LAMEZIA TERME A MILANO LINATE<\/span>, IN MEZZO A IGNARI PASSEGGERI. CHE COSA LO ASPETTA ALL\u2019OMBRA DELLA MADUNINA? RIFERIR\u00c0 A \u201cMADRINA\u201d BERLUSCONI L\u2019ESITO DEL SUO TETE-A-TETE CON ROBERTO OCCHIUTO, ALTRO COCCO DELLA REAL CASATA DI ARCORE?<\/p>\n<\/div>\n<p><\/a><\/article>\n<article><a href=\"https:\/\/www.dagospia.com\/politica\/dagoreport-giorgia-meloni-e-in-modalita-cattivissima-me-fronte-guai-485762\"><\/p>\n<div class=\"img-wrapper\"><img decoding=\"async\" src=\"https:\/\/static.dagospia.com\/img\/patch\/09-2026\/giorgia-meloni-sigfrido-ranucci-giampaolo-rossi-giovambattista-fazzolari-patrizi-2302272_600_q50.webp\" alt=\"giorgia meloni sigfrido ranucci giampaolo rossi giovambattista fazzolari patrizia scurti antonio tajani matteo salvini \" loading=\"lazy\"><time class=\"data-ora\">3 set 20:07<\/time><\/div>\n<div class=\"excerpt\">\n<p>DAGOREPORT \u2013 <span>GIORGIA MELONI \u00c8 IN MODALIT\u00c0 \u201cCATTIVISSIMA ME\u201d<\/span>: DOPO QUATTRO ANNI DI LUNA DI MIELE, PER LA DUCETTA \u00c8 ARRIVATA LA TEMPESTA PERFETTA: LO STOP AL PREMIERATO,\u00a0LA BATOSTA AL REFERENDUM, LE RAFFICHE DI \u201cVAFFA\u201d DI TRUMP, L&#8217;ESPLOSIONE DEL FENOMENO VANNACCI, IL CROLLO DELLA LEGA, FORZA ITALIA ALLA BERLUSCONINA, IL CAOS INTORNO ALLA NUOVA LEGGE ELETTORALE, L&#8217;AUTOGOL SULLA SOSTITUZIONE DI RANUCCI &#8211; <span>PIU&#8217; IRRIDUCIBILE DELLA MALASORTE, ANZICHE&#8217; ASCOLTARE I CO-FONDATORI DI FDI, LA RUSSA E CROSETTO, L&#8217;UNDERDOG PREFERISCE\u00a0CIRCONDARSI DALL&#8217;AFFETTO DEL SUO CIRCOLETTO DELLA GARBATELLA<\/span>\u00a0&#8211; DOMANI DA BARI, DOVE FESTEGGIA IL RECORD DI DURATA DEL SUO GOVERNO, L&#8217;UNDERDOG LANCER\u00c0 IL SUO GRIDO DI RISCOSSA ELETTORALE &#8211; <span>SA CHE L&#8217;ARMATA BRANCA-MELONI NON PUO&#8217; REGGERE FINO A OTTOBRE 2027, OCCORRE ANTICIPARE IL VOTO AD APRILE, LASCIANDO LE COMUNALI A GIUGNO <\/span>&#8211; MA MATTARELLA VUOLE L\u2019ELECTION-DAY A CUI SI OPPONE LA MELONI, TERRORIZZATA DALL\u2019EFFETTO TRAINO DI UN FILOTTO DEL CENTROSINISTRA: CHE DECIDERA&#8217; IL COLLE? AH, SAPERLO&#8230;<\/p>\n<\/div>\n<p><\/a><\/article>\n<article><a href=\"https:\/\/www.dagospia.com\/politica\/dagoreport-roberto-vannacci-marcia-cernobbio-gli-imprenditori-italiani-485729\"><\/p>\n<div class=\"img-wrapper\"><img decoding=\"async\" src=\"https:\/\/static.dagospia.com\/img\/patch\/09-2026\/crosetto-calenda-vannacci-monti-de-bortoli-forum-ambrosetti-cernobbio-2302201_600_q50.webp\" alt=\"crosetto calenda vannacci monti de bortoli forum ambrosetti cernobbio\" loading=\"lazy\"><time class=\"data-ora\">3 set 20:02<\/time><\/div>\n<div class=\"excerpt\">\n<p><span>DAGOREPORT <\/span>&#8211; MENTRE LA PROCURA MILITARE DI ROMA AVVIA UN\u2019INDAGINE SUGLI UFFICIALI CHE HANNO ADERITO ALLA &#8220;SPORCA DOZZINA&#8221; DI ROBERTO VANNACCI, <span>IL RE-DUX DI FUTURO NAZIONALE MARCIA SU CERNOBBIO: SABATO \u00c8 ATTESO IN POMPA MAGNA AL FORUM AMBROSETTI PER DIBATTERE CON L\u2019EX PREMIER MARIO MONTI<\/span> &#8211; DALL&#8217;IDEOLOGO DEL POPULISMO GRILLINO, GIAN ROBERTO CASALEGGIO AL LEADER SOVRANISTA OLANDESE, IL RAZZISTA GEERT WILDERS, LE PRESENZE PROVOCATORIE E ACCHIAPPA-TITOLI NON SONO UNA NOVITA&#8217; A VILLA D&#8217;ESTE &#8211;<span> SDEGNATI PER LA PRESENZA E &#8220;TRATTAMENTO PREFERENZIALE&#8221; DEDICATO ALL\u2019EX PAR\u00c0(CULO) DELLA FOLGORE, CARLO CALENDA E GUIDO CROSETTO NON METTERANNO PIEDE A CERNOBBIO<\/span> \u2013 ANCHE FERRUCCIO DE BORTOLI RIFIUTA DI DUETTARE CON L\u2019EX GENERALE NOSTALGICO DEL MANGANELLO E DELL\u2019OLIO DI RICINO &#8211; NON SOLO: E&#8217; L\u2019EX DIRETTORE DEL \u201cCORRIERE\u201d IL PRIMO CHE SPARA LA NOTIZIA:<span> \u201cPURTROPPO A CERNOBBIO CI SAR\u00c0 VANNACCI&#8221;<\/span> (IL CAUTO DIRETTORE FONTANA \u00c8 STATO BEN ATTENTO A NON PUBBLICARLA SUBITO SUL CARTACEO)&#8230;<\/p>\n<\/div>\n<p><\/a><\/article>\n<article><a href=\"https:\/\/www.dagospia.com\/media-tv\/dagoreport-riunione-interlocutoria-qualche-piccola-apertura-caso-report-485651\"><\/p>\n<div class=\"img-wrapper\"><img decoding=\"async\" src=\"https:\/\/static.dagospia.com\/img\/patch\/09-2026\/rai-via-teulada-paolo-corsini-giulia-innocenzi-presutti-daniele-piervincenzi-dan-2301944_600_q50.webp\" alt=\"rai via teulada paolo corsini giulia innocenzi presutti daniele piervincenzi danilo procaccianti report sigfrido ranucci \" loading=\"lazy\"><time class=\"data-ora\">2 set 20:05<\/time><\/div>\n<div class=\"excerpt\">\n<p>DAGOREPORT \u2013 <span>RIUNIONE INTERLOCUTORIA MA CON QUALCHE PICCOLA APERTURA <\/span>TRA IL DIRETTORE DELL&#8217;APPROFONDIMENTO RAI, PAOLO CORSINI, E I MEMBRI DELLA SQUADRA DI \u201cREPORT\u201d: I GIORNALISTI <span>HANNO RIBADITO IL \u201cNO\u201d ALLA CONDUZIONE DI GIULIA PRESUTTI E DANIELE<\/span><span>PIERVINCENZI, MA SU QUEST\u2019ULTIMO LA POSIZIONE SAREBBE PI\u00d9 MORBIDA: <\/span>POTREBBE AVERE UN VIA LIBERA MAGARI COME CONDUTTORE DEL \u201cREPORT LAB\u201d, CON LA CONDUZIONE VERA E PROPRIA DA AFFIDARE A DUE \u201cSTORICI\u201d (CHE DIVENTEREBBERO TRE NEL CASO DI UN REINTEGRO DI RANUCCI DA PARTE DEL TRIBUNALE).\u00a0 SULLA PRESUTTI IL MURO RESTA GRANITICO \u2013 <span>PALAZZO CHIGI, INVECE, SAREBBE IRREMOVIBILE SUI DUE NOMI<\/span> \u2013 EPISODIO PITTORESCO NEL MEZZO DELLA RIUNIONE: UN GIORNALISTA DI UNA PRESTIGIOSA TESTATA DELLA RAI SAREBBE STATO <span>BECCATO A ORIGLIARE DA UN BAGNO VICINO ALLA SALA\u2026<\/span><\/p>\n<\/div>\n<p><\/a><\/article>\n<article><a href=\"https:\/\/www.dagospia.com\/politica\/dagoreport-grazie-trump-mondo-verso-de-americanizzazione-oggi-si-485332\"><\/p>\n<div class=\"img-wrapper\"><img decoding=\"async\" src=\"https:\/\/static.dagospia.com\/img\/patch\/09-2026\/trump-modi-xi-jinping-putin-2301524_600_q50.webp\" alt=\"trump modi xi jinping putin\" loading=\"lazy\"><time class=\"data-ora\">1 set 19:59<\/time><\/div>\n<div class=\"excerpt\">\n<p>DAGOREPORT \u2013<span> GRAZIE A TRUMP, IL DOLLARO RISCHIA DI DIVENTARE CARTA STRACCIA \u2013<\/span>\u00a0IL PIATTO FORTE AL SUMMIT IN KIRGHIZISTAN DI XI JINPING, VLADIMIR PUTIN E NARENDRA MODI, HA FATTO STRA-INCAZZARE IL CALIGOLA DELLA CASA BIANCA: SUL TAVOLO,\u00a0<span>IL PROGETTO DEI &#8221;BRICS&#8221; (BRASILE, RUSSIA, INDIA, CINA, SUDAFRICA) DI DAR VITA A UNA \u201cMONETA UNICA&#8221;, PER FAR FUORI IL DOLLARO NEGLI SCAMBI INTERNAZIONALI<\/span>\u00a0&#8211; CON UN DEBITO PUBBLICO MONSTRE DI 40MILA MILIARDI, LA DE-DOLLARIZZAZIONE SAREBBE LA FINE DELL&#8217;IMPERO AMERICANO: IL VERDONE&#8221; VIENE UTILIZZATO IN OLTRE L&#8217;80% DELLE TRANSAZIONI COMMERCIALI E IN PI\u00d9 DELLA MET\u00c0 DEI PAGAMENTI INTERNAZIONALI DELLE MATERIE PRIME, COME IL PETROLIO\u00a0&#8211; <span>LA DECISIONE E&#8217; NELLE MANI DELLA CINA: RINUNCERA&#8217; ALLO MONETA NAZIONALE, LO YUAN, PER DIVENTARE LA LOCOMOTIVA DEI &#8221;BRICS&#8221;?<\/span>\u00a0&#8211;\u00a0SUL MAGGIORE IMPEGNO A FAVORE DELL\u2019IRAN, PESANO I DUBBI\u00a0DI MODI (GLI USA SONO IL PRIMO PARTNER COMMERCIALE DELL\u2019INDIA)\u00a0&#8211; PROSSIMO ROUND: IL VERTICE DI XI JIN PING DEL 24 SETTEMBRE CON IL &#8220;DERAGLIATO MENTALE&#8221; DELLA CASA BIANCA&#8230;<\/p>\n<\/div>\n<p><\/a><\/article>\n<article><a href=\"https:\/\/www.dagospia.com\/media-tv\/acrobazie-spaccanti-il-55enne-raoul-bova-beatrice-arnera-beccati-chi-485632\"><\/p>\n<div class=\"img-wrapper\"><img decoding=\"async\" src=\"https:\/\/static.dagospia.com\/img\/patch\/09-2026\/raoul-bova-beatrice-arnera-chi-2301906_600_q50.webp\" alt=\"raoul bova beatrice arnera chi\" loading=\"lazy\"><\/div>\n<div class=\"excerpt\">ACROBAZIE \u201cSPACCANTI\u201d \u2013 IL 55ENNE RAOUL BOVA E BEATRICE ARNERA SONO STATI BECCATI DA \u201cCHI\u201d A\u2026<\/div>\n<p><\/a><\/article>\n<article><a href=\"https:\/\/www.dagospia.com\/sport\/pennellone-frou-frou-mole-juve-acquistato-l-attaccante-nick-woltemade-485601\"><\/p>\n<div class=\"img-wrapper\"><img decoding=\"async\" src=\"https:\/\/static.dagospia.com\/img\/patch\/09-2026\/nick-woltemade-2301780_600_q50.webp\" alt loading=\"lazy\"><\/div>\n<div class=\"excerpt\">UN PENNELLONE &#8220;FROU FROU&#8221; SOTTO LA MOLE? \u2013 LA JUVE HA ACQUISTATO IN PRESTITO DAL NEWCASTLE\u2026<\/div>\n<p><\/a><\/article>\n<article><a href=\"https:\/\/www.dagospia.com\/media-tv\/linguine-scoglio-video-pomiciata-elodie-franceska-scodellato-oggi-485860\"><\/p>\n<div class=\"img-wrapper\"><img decoding=\"async\" src=\"https:\/\/static.dagospia.com\/img\/patch\/09-2026\/elodie-franceska-nuredini-2302758_600_q50.webp\" alt=\"elodie franceska nuredini\" loading=\"lazy\"><\/div>\n<div class=\"excerpt\">CHIAMATE LA BUONCOSTUME! LA PAZZA ESTATE DI ELODIE E FRANCESKA FINISCE CON UNA RICCA E SAPORITA\u2026<\/div>\n<p><\/a><\/article>\n<article><a href=\"https:\/\/www.dagospia.com\/media-tv\/pillole-gossip-kimi-antonelli-ragazza-485853\"><\/p>\n<div class=\"img-wrapper\"><img decoding=\"async\" src=\"https:\/\/static.dagospia.com\/img\/patch\/09-2026\/pillole-avanti-gossip-2302732_600_q50.webp\" alt=\"pillole avanti gossip\" loading=\"lazy\"><\/div>\n<div class=\"excerpt\">PILLOLE DI GOSSIP! CHI \u00c8 LA RAGAZZA FOTOGRAFATA ACCANTO A KIMI ANTONELLI A PORTOFINO? &#8211; PROSEGUE LA\u2026<\/div>\n<p><\/a><\/article>\n<article><a href=\"https:\/\/www.dagospia.com\/sport\/vroom-si-sbanda-in-curva-la-riconoscete-sognava-condurre-tg-e-finita-in-485816\"><\/p>\n<div class=\"img-wrapper\"><img decoding=\"async\" src=\"https:\/\/static.dagospia.com\/img\/patch\/09-2026\/mara-sangiorgio-2302494_600_q50.webp\" alt=\"mara sangiorgio\" loading=\"lazy\"><\/div>\n<div class=\"excerpt\">VROOM, SI SBANDA IN CURVA: LA RICONOSCETE? SOGNAVA DI CONDURRE IL TG, E\u2019 FINITA IN MEZZO ALLE\u2026<\/div>\n<p><\/a><\/article>\n<article><a href=\"https:\/\/www.dagospia.com\/cronache\/la-camorra-indaga-legge-ringrazia-ad-indirizzare-indagini-lavitola-485901\"><\/p>\n<div class=\"img-wrapper\"><img decoding=\"async\" src=\"https:\/\/static.dagospia.com\/img\/patch\/09-2026\/attentato-sigfrido-ranucci-bomba-valter-lavitola-clesio-gomes-tavares-pellegrino-2302877_600_q50.webp\" alt=\"attentato sigfrido ranucci bomba valter lavitola clesio gomes tavares pellegrino d\u2019avino davino antonio passariello saverio mutone \" loading=\"lazy\"><\/div>\n<div class=\"excerpt\">DAGOREPORT-\u00a0PECCATO CHE SIANO SCOMPARSI I POLIZIOTTESCHI DEGLI ANNI \u201970, TIPO: \u201cLA CAMORRA SFIDA,\u2026<\/div>\n<p><\/a><\/article>\n<article><a href=\"https:\/\/www.dagospia.com\/politica\/flash-e-non-e-lui-ministro-per-pubblica-amministrazione-paolo-zangrillo-485844\"><\/p>\n<div class=\"img-wrapper\"><img decoding=\"async\" src=\"https:\/\/static.dagospia.com\/img\/patch\/09-2026\/paolo-zangrillo-in-un-volo-di-linea-ita-airways-da-lamezia-a-milano-3-2302703_600_q50.webp\" alt=\"paolo zangrillo in un volo di linea ita airways da lamezia a milano - 3\" loading=\"lazy\"><\/div>\n<div class=\"excerpt\">FLASH \u2013 \u00c8 LUI O NON \u00c8 LUI? MA CERTO CHE \u00c8 LUI! IL MINISTRO PER LA PUBBLICA AMMINISTRAZIONE (IN\u2026<\/div>\n<p><\/a><\/article>\n<article><a href=\"https:\/\/www.dagospia.com\/politica\/dagoreport-giorgia-meloni-e-in-modalita-cattivissima-me-fronte-guai-485762\"><\/p>\n<div class=\"img-wrapper\"><img decoding=\"async\" src=\"https:\/\/static.dagospia.com\/img\/patch\/09-2026\/giorgia-meloni-sigfrido-ranucci-giampaolo-rossi-giovambattista-fazzolari-patrizi-2302272_600_q50.webp\" alt=\"giorgia meloni sigfrido ranucci giampaolo rossi giovambattista fazzolari patrizia scurti antonio tajani matteo salvini \" loading=\"lazy\"><\/div>\n<div class=\"excerpt\">DAGOREPORT \u2013 GIORGIA MELONI \u00c8 IN MODALIT\u00c0 \u201cCATTIVISSIMA ME\u201d: DOPO QUATTRO ANNI DI LUNA DI MIELE,\u2026<\/div>\n<p><\/a><\/article>\n<article><a href=\"https:\/\/www.dagospia.com\/politica\/dagoreport-roberto-vannacci-marcia-cernobbio-gli-imprenditori-italiani-485729\"><\/p>\n<div class=\"img-wrapper\"><img decoding=\"async\" src=\"https:\/\/static.dagospia.com\/img\/patch\/09-2026\/crosetto-calenda-vannacci-monti-de-bortoli-forum-ambrosetti-cernobbio-2302201_600_q50.webp\" alt=\"crosetto calenda vannacci monti de bortoli forum ambrosetti cernobbio\" loading=\"lazy\"><\/div>\n<div class=\"excerpt\">DAGOREPORT &#8211; MENTRE LA PROCURA MILITARE DI ROMA AVVIA UN\u2019INDAGINE SUGLI UFFICIALI CHE HANNO ADERITO\u2026<\/div>\n<p><\/a><\/article>\n<article><a href=\"https:\/\/www.dagospia.com\/media-tv\/dagoreport-riunione-interlocutoria-qualche-piccola-apertura-caso-report-485651\"><\/p>\n<div class=\"img-wrapper\"><img decoding=\"async\" src=\"https:\/\/static.dagospia.com\/img\/patch\/09-2026\/rai-via-teulada-paolo-corsini-giulia-innocenzi-presutti-daniele-piervincenzi-dan-2301944_600_q50.webp\" alt=\"rai via teulada paolo corsini giulia innocenzi presutti daniele piervincenzi danilo procaccianti report sigfrido ranucci \" loading=\"lazy\"><\/div>\n<div class=\"excerpt\">DAGOREPORT \u2013 RIUNIONE INTERLOCUTORIA MA CON QUALCHE PICCOLA APERTURA TRA IL DIRETTORE\u2026<\/div>\n<p><\/a><\/article>\n<article><a href=\"https:\/\/www.dagospia.com\/politica\/dagoreport-grazie-trump-mondo-verso-de-americanizzazione-oggi-si-485332\"><\/p>\n<div class=\"img-wrapper\"><img decoding=\"async\" src=\"https:\/\/static.dagospia.com\/img\/patch\/09-2026\/trump-modi-xi-jinping-putin-2301524_600_q50.webp\" alt=\"trump modi xi jinping putin\" loading=\"lazy\"><\/div>\n<div class=\"excerpt\">DAGOREPORT \u2013 GRAZIE A TRUMP, IL DOLLARO RISCHIA DI DIVENTARE CARTA STRACCIA \u2013\u00a0IL PIATTO FORTE AL\u2026<\/div>\n<p><\/a><\/article>\n<article><a href=\"https:\/\/www.dagospia.com\/politica\/elly-ascolta-gli-amici-i-big-pd-scesi-in-campo-cosi-pesantemente-per-485354\"><\/p>\n<div class=\"img-wrapper\"><img decoding=\"async\" src=\"https:\/\/static.dagospia.com\/img\/patch\/08-2026\/giuseppe-conte-elly-schlein-franceschini-bonaccini-nardella-2301098_600_q50.webp\" alt=\"giuseppe conte elly schlein franceschini bonaccini nardella\" loading=\"lazy\"><\/div>\n<div class=\"excerpt\">DAGOREPORT &#8211; ELLY, ASCOLTA GLI AMICI! I CAPOCCIONI E LE MEZZECALZE DEL PD, CHE SONO SCESI COS\u00cc\u2026<\/div>\n<p><\/a><\/article>\n<article><a href=\"https:\/\/www.dagospia.com\/politica\/l-ingaggio-fedorov-fa-incazzare-zelensky-mette-in-allarme-agenzie-485343\"><\/p>\n<div class=\"img-wrapper\"><img decoding=\"async\" src=\"https:\/\/static.dagospia.com\/img\/patch\/08-2026\/fedorov-musk-thiel-zelensky-crosetto-2301168_600_q50.webp\" alt=\"fedorov musk thiel zelensky crosetto\" loading=\"lazy\"><\/div>\n<div class=\"excerpt\">DAGOREPORT &#8211; A QUALCUNO NON PIACE &#8216;STO FEDOROV &#8211;\u00a0PIU&#8217; CHE A INDIGNARE I NEURONI ALLA VODKA DI\u2026<\/div>\n<p><\/a><\/article>\n<article><a href=\"https:\/\/www.dagospia.com\/politica\/flash-c-e-grande-perplessita-i-draghi-boys-per-presenza-andrea-485336\"><\/p>\n<div class=\"img-wrapper\"><img decoding=\"async\" src=\"https:\/\/static.dagospia.com\/img\/patch\/08-2026\/xavier-niel-draghi-pignataro-2301175_600_q50.webp\" alt=\"xavier niel draghi pignataro\" loading=\"lazy\"><\/div>\n<div class=\"excerpt\">FLASH! \u2013 I \u201cDRAGHI BOYS\u201d DEL POTERE ECONOMICO ITALIANO AVREBBERO ESPRESSO QUALCHE PERPLESSITA&#8217;\u2026<\/div>\n<p><\/a><\/article>\n<article><a href=\"https:\/\/www.dagospia.com\/politica\/quale-episodio-giulia-presutti-era-habitue-cefalu-bistro-dove-piu-e-485248\"><\/p>\n<div class=\"img-wrapper\"><img decoding=\"async\" src=\"https:\/\/static.dagospia.com\/img\/patch\/08-2026\/ranucci-presutti-cianfoni-floridia-2300757_600_q50.webp\" alt=\"ranucci presutti cianfoni floridia\" loading=\"lazy\"><\/div>\n<div class=\"excerpt\">DAGOREPORT &#8211;\u00a0MA QUALE &#8220;EPISODIO&#8221;! GIULIA PRESUTTI ERA UN HABITU\u00c8 DEL \u201cCEFAL\u00d9 BISTR\u00d2\u201d DOVE PI\u00d9 VOLTE\u2026<\/div>\n<p><\/a><\/article>\n<article><a href=\"https:\/\/www.dagospia.com\/cafonal\/cafonalino-roma-proiezione-documentario-marco-bellocchio-marco-travaglio-485081\"><\/p>\n<div class=\"img-wrapper\"><img decoding=\"async\" src=\"https:\/\/static.dagospia.com\/img\/patch\/08-2026\/2026bellocchio-anteprima-film-di-marco-bellocchio-2300339_600_q50.webp\" alt=\"2026bellocchio anteprima film di marco bellocchio\" loading=\"lazy\"><\/div>\n<div class=\"excerpt\">CAFONALINO! AL CINEMA QUATTRO FONTANE DI ROMA LA PROIEZIONE SPECIALE DEL DOCUMENTARIO \u201cMARCO\u2026<\/div>\n<p><\/a><\/article>\n<article><a href=\"https:\/\/www.dagospia.com\/cafonal\/cafonal-show-ranucci-cerveteri-freni-ho-fatto-scoop-nazionali-484807\"><\/p>\n<div class=\"img-wrapper\"><img decoding=\"async\" src=\"https:\/\/static.dagospia.com\/img\/patch\/08-2026\/2026ranucci-sigfrido-ranucci-2299409_600_q50.webp\" alt=\"2026ranucci sigfrido ranucci\" loading=\"lazy\"><\/div>\n<div class=\"excerpt\">SIGFRIDO, IL MASANIELLO DE NOANTRI \u2013 RANUCCI HA PERSO OGNI FRENO E, ALLA PRESENTAZIONE DEL SUO\u2026<\/div>\n<p><\/a><\/article>\n<article><a href=\"https:\/\/www.dagospia.com\/cafonal\/funeralino-l-ultimo-saluto-mitico-produttore-cinematografico-fulvio-484127\"><\/p>\n<div class=\"img-wrapper\"><img decoding=\"async\" src=\"https:\/\/static.dagospia.com\/img\/patch\/08-2026\/2026lucisano-2297424_600_q50.webp\" alt=\"2026lucisano\" loading=\"lazy\"><\/div>\n<div class=\"excerpt\">FUNERALINO \u2013 NELLA CALLARA ROMANA D\u2019AGOSTO, L\u2019ULTIMO SALUTO AL MITICO PRODUTTORE CINEMATOGRAFICO\u2026<\/div>\n<p><\/a><\/article>\n<article><a href=\"https:\/\/www.dagospia.com\/cafonal\/cafonalino-pizza-riformista-matteo-renzi-raduna-i-suoi-prima-delle-480816\"><\/p>\n<div class=\"img-wrapper\"><img decoding=\"async\" src=\"https:\/\/static.dagospia.com\/img\/patch\/07-2026\/2026kraken-matteo-renzi-2286047_600_q50.webp\" alt=\"2026kraken matteo renzi \" loading=\"lazy\"><\/div>\n<div class=\"excerpt\">CAFONALINO DELLA PIZZA RIFORMISTA \u2013 RENZI RADUNA I SUOI PRIMA DELLE VACANZE ESTIVE AL SATYRUS DI\u2026<\/div>\n<p><\/a><\/article>\n<article><a href=\"https:\/\/www.dagospia.com\/cafonal\/cafonalino-moreno-party-roma-manuela-moreno-festeggia-i-60-anni-480777\"><\/p>\n<div class=\"img-wrapper\"><img decoding=\"async\" src=\"https:\/\/static.dagospia.com\/img\/patch\/07-2026\/manuela-moreno-festa-60-anni-2285871_600_q50.webp\" alt=\"manuela moreno festa 60 anni \" loading=\"lazy\"><\/div>\n<div class=\"excerpt\">CAFONALINO! NO MORENO, NO PARTY \u2013 A ROMA, AL LOVE BAR DI PONTE MILVIO, MANUELA MORENO, CONDUTTRICE\u2026<\/div>\n<p><\/a><\/article>\n<article><a href=\"https:\/\/www.dagospia.com\/cafonal\/cafonalino-firenze-tevere-direttori-redattori-forchettoni-scrocconi-480745\"><\/p>\n<div class=\"img-wrapper\"><img decoding=\"async\" src=\"https:\/\/static.dagospia.com\/img\/patch\/07-2026\/2026agno-marco-agnoletti-2285763_600_q50.webp\" alt=\"2026agno marco agnoletti \" loading=\"lazy\"><\/div>\n<div class=\"excerpt\">CAFONALINO DEGLI AGNOLETTI IN BRODO &#8211; DIRETTORI, REDATTORI, FORCHETTONI E SCROCCONI SFIDANO\u2026<\/div>\n<p><\/a><\/article>\n<p>[analyse_source url=&#8221;https:\/\/www.dagospia.com\/politica\/l-esercito-vannacci-militari-in-servizio-nell-aeronautica-e-485806&#8243;]<\/p>\n","protected":false},"excerpt":{"rendered":"<p>[analyse_image type=&#8221;featured&#8221; src=&#8221;https:\/\/static.dagospia.com\/img\/patch\/09-2026\/militari-roberto-vannacci-2302454_600_q50.webp&#8221;] 4 set 2026 12:57 L\u2019\u201dESERCITO\u201d DI VANNACCI &#8211; L&#8217;INCHIESTA DELLA PROCURA MILITARE DI ROMA SU FUTURO NAZIONALE RIGUARDA\u00a0DUE MILITARI IN SERVIZIO, UNO NELL&#8217;AERONAUTICA E L\u2019ALTRO NELL\u2019ARMA DEI CARABINIERI. SONO ACCUSATI\u00a0DI FARE PROPAGANDA POLITICA AL PARTITO DI VANNACCI\u00a0&#8211; IL LORO RUOLO NELLE FILE DI FN POTREBBE ANDARE CONTRO IL \u201cDOVERE DI FEDELTA\u2019\u201d RICHIESTO [&hellip;]<\/p>\n","protected":false},"author":1,"featured_media":0,"comment_status":"open","ping_status":"","sticky":false,"template":"","format":"standard","meta":{"footnotes":""},"categories":[87],"tags":[226,149],"class_list":["post-2128955","post","type-post","status-publish","format-standard","hentry","category-italy","tag-crawlmanager","tag-dagospia-com"],"_links":{"self":[{"href":"https:\/\/analyse.optim.biz\/index.php?rest_route=\/wp\/v2\/posts\/2128955","targetHints":{"allow":["GET"]}}],"collection":[{"href":"https:\/\/analyse.optim.biz\/index.php?rest_route=\/wp\/v2\/posts"}],"about":[{"href":"https:\/\/analyse.optim.biz\/index.php?rest_route=\/wp\/v2\/types\/post"}],"author":[{"embeddable":true,"href":"https:\/\/analyse.optim.biz\/index.php?rest_route=\/wp\/v2\/users\/1"}],"replies":[{"embeddable":true,"href":"https:\/\/analyse.optim.biz\/index.php?rest_route=%2Fwp%2Fv2%2Fcomments&post=2128955"}],"version-history":[{"count":0,"href":"https:\/\/analyse.optim.biz\/index.php?rest_route=\/wp\/v2\/posts\/2128955\/revisions"}],"wp:attachment":[{"href":"https:\/\/analyse.optim.biz\/index.php?rest_route=%2Fwp%2Fv2%2Fmedia&parent=2128955"}],"wp:term":[{"taxonomy":"category","embeddable":true,"href":"https:\/\/analyse.optim.biz\/index.php?rest_route=%2Fwp%2Fv2%2Fcategories&post=2128955"},{"taxonomy":"post_tag","embeddable":true,"href":"https:\/\/analyse.optim.biz\/index.php?rest_route=%2Fwp%2Fv2%2Ftags&post=2128955"}],"curies":[{"name":"wp","href":"https:\/\/api.w.org\/{rel}","templated":true}]}}