{"id":2128949,"date":"2026-09-04T09:58:10","date_gmt":"2026-09-04T06:58:10","guid":{"rendered":"https:\/\/analyse.optim.biz\/?p=2128949"},"modified":"2026-09-04T09:58:10","modified_gmt":"2026-09-04T06:58:10","slug":"volkswagen-annuncia-laccordo-con-i-sindacati-per-il-taglio-di-altri-50mila-posti-di-lavoro","status":"publish","type":"post","link":"https:\/\/analyse.optim.biz\/?p=2128949","title":{"rendered":"Volkswagen annuncia l\u2019accordo con i sindacati per il taglio di altri 50mila posti di lavoro&#8230;"},"content":{"rendered":"<p>[analyse_image type=&#8221;featured&#8221; src=&#8221;https:\/\/static.dagospia.com\/img\/patch\/09-2026\/volkswagen-giorgia-meloni-friedrich-merz-2302458_600_q50.webp&#8221;]<\/p>\n<article>\n<div class=\"img-wrapper\"><img decoding=\"async\" src=\"https:\/\/static.dagospia.com\/img\/patch\/09-2026\/volkswagen-giorgia-meloni-friedrich-merz-2302458_600_q50.webp\" alt=\"volkswagen giorgia meloni friedrich merz \"><time class=\"data-ora\">4 set 2026 11:58<\/time><\/div>\n<p>L\u2019INDUSTRIA TEDESCA STA MORENDO, E TRASCINER\u00c0 CON S\u00c9 QUELLA ITALIANA \u2013 <span>VOLKSWAGEN ANNUNCIA L\u2019ACCORDO CON I SINDACATI PER IL TAGLIO DI ALTRI 50MILA POSTI DI LAVORO:<\/span> IN TOTALE I DIPENDENTI LICENZIATI SARANNO 100MILA IN DIECI ANNI, LA PI\u00d9 GRANDE RISTRUTTURAZIONE MAI INTRAPRESE NELL\u2019INDUSTRIA AUTOMOBILISTICA MONDIALE \u2013 DUCATI POTREBBE ESSERE VENDUTA TUTTA O IN PARTE, E IL MARCHIO SPAGNOLO SEAT RITIRATO &#8211;<span> I TEDESCHI SE LA SONO CERCATA: <\/span>HANNO COCCOLATO PER ANNI LA CINA, SPOSTANDO LA PRODUZIONE PER RISPARMIARE E TRASFORMANDO PECHINO NEL LORO MERCATO PRINCIPALE. QUANDO I CINESI, GRAZIE A GOLOSI SUSSIDI STATALI E BASSO COSTO DEL LAVORO, SI SONO FATTI I LORO COLOSSI, IN GRADO DI VENDERE AUTO A MENO DELLA MET\u00c0 DEL PREZZO DI QUELLE TEDESCHE, IL MODELLO EUROPEO \u00c8 SALTATO.<span> SO&#8217; CAZZI ANCHE PER NOI: L&#8217;INDUSTRIA ITALIANA SI REGGE SU QUELLA CRUCCA. SE SCHIOPPA BERLINO, FINIAMO MALISSIMO ANCHE NOI&#8230;<\/span><\/p>\n<p>\u00a0<\/p>\n<div class=\"share-section\">\n                Condividi  questo articolo<\/p>\n<div class=\"socials\"><a href=\"http:\/\/www.facebook.com\/sharer.php?u=http:\/\/www.dagospia.com\/business\/volkswagen-annuncia-l-accordo-i-sindacati-per-taglio-50mila-posti-lavoro-485804\" target=\"_blank\"><img decoding=\"async\" src=\"https:\/\/static.dagospia.com\/img\/icons\/facebook.svg\" alt=\"Condividi su Facebook\"><\/a><a href=\"http:\/\/www.twitter.com\/share?url=http:\/\/www.dagospia.com\/business\/volkswagen-annuncia-l-accordo-i-sindacati-per-taglio-50mila-posti-lavoro-485804&amp;text=VOLKSWAGEN%20ANNUNCIA%20L%E2%80%99ACCORDO%20CON%20I%20SINDACATI%20PER%20IL%20TAGLIO%20DI%20ALTRI%2050MILA%20POSTI%20DI%20LAVORO...\" target=\"_blank\"><img decoding=\"async\" src=\"https:\/\/static.dagospia.com\/img\/icons\/x-icon.png\" alt=\"Condividi su X\"><\/a><a href=\"\/\/www.dagospia.com\/business\/volkswagen-annuncia-l-accordo-i-sindacati-per-taglio-50mila-posti-lavoro-485804\" target=\"_blank\"><img decoding=\"async\" src=\"https:\/\/static.dagospia.com\/img\/icons\/whatsapp.svg\" alt=\"Condividi su Whatsapp\"><\/a><a href=\"mailto:?body=http:\/\/www.dagospia.com\/business\/volkswagen-annuncia-l-accordo-i-sindacati-per-taglio-50mila-posti-lavoro-485804\" target=\"_blank\"><img decoding=\"async\" src=\"https:\/\/static.dagospia.com\/img\/icons\/mail.svg\" alt=\"Invia in email\"><\/a><\/div>\n<\/div>\n<div class=\"content\">\n<p class=\"disable\"><strong>VOLKSWAGEN 100.000 LICENZIAMENTI IN 10 ANNI<\/strong><\/p>\n<p><a href=\"https:\/\/www.dagospia.com\/media-gallery\/dago-fotogallery-522231\/2284798\" class=\"float-right img-wrapper\"><img decoding=\"async\" id=\"2284798\" loading=\"lazy\" src=\"https:\/\/static.dagospia.com\/img\/foto\/07-2026\/crisi-volkswagen-2284798_800_q50.webp\"><span class=\"img-title\">crisi volkswagen<\/span><\/a><\/p>\n<p class=\"disable\">(AGI\/AFP) &#8211; Volkswagen ha annunciato che la dirigenza e i sindacati hanno raggiunto un accordo per il taglio di ulteriori 50.000 posti di lavoro in tutto il mondo entro la fine del decennio. Questo portera&#8217; il numero totale di posti di lavoro eliminati a 100.000, nella piu&#8217; grande ristrutturazione mai intrapresa nell&#8217;industria automobilistica globale.<\/p>\n<p class=\"disable\">\u00a0<\/p>\n<p class=\"disable\">&#8220;E&#8217; essenziale adattare sistematicamente i livelli di personale alle realta&#8217; economiche&#8221;, ha dichiarato Volkswagen in un comunicato. L&#8217;azienda ha approvato il piano per &#8220;ridurre di circa 50.000 posti di lavoro&#8221; in aggiunta ai 50.000 gia&#8217; concordati.<\/p>\n<p class=\"disable\">\u00a0<\/p>\n<p class=\"disable\">La piu&#8217; grande casa automobilistica europea e&#8217; stata colpita dai dazi statunitensi, dalla domanda altalenante di veicoli elettrici e, soprattutto, dalla forte concorrenza in Cina e dalla Cina.<\/p>\n<p class=\"disable\">\u00a0<\/p>\n<p><a href=\"https:\/\/www.dagospia.com\/media-gallery\/dago-fotogallery-522231\/2284794\" class=\"float-left img-wrapper\"><img decoding=\"async\" id=\"2284794\" loading=\"lazy\" src=\"https:\/\/static.dagospia.com\/img\/foto\/07-2026\/oliver-blume-ad-volkswagen-2284794_800_q50.webp\"><span class=\"img-title\">Oliver Blume &#8211; ad volkswagen<\/span><\/a><\/p>\n<p class=\"disable\">L&#8217;azienda, che oltre a Volkswagen comprende marchi come Audi e Porsche, ridurra&#8217; la sua forza lavoro globale del 15%. Volkswagen ha dichiarato che sia la direzione che i sindacati hanno concordato sul fatto che il futuro di quattro stabilimenti tedeschi &#8211; ad Hannover, Emden, Zwickau e Neckarsulm &#8211; non sia garantito oltre il 2030. La chiusura di questi stabilimenti rappresenterebbe la prima volta che Volkswagen chiude impianti su larga scala nel suo paese d&#8217;origine.<\/p>\n<p class=\"disable\">\u00a0<\/p>\n<p><a href=\"https:\/\/www.dagospia.com\/media-gallery\/dago-fotogallery-522231\/2294245\" class=\"float-right img-wrapper\"><img decoding=\"async\" id=\"2294245\" loading=\"lazy\" src=\"https:\/\/static.dagospia.com\/img\/foto\/08-2026\/giorgia-meloni-friedrich-merz-2294245_800_q50.webp\"><span class=\"img-title\">Giorgia Meloni Friedrich Merz<\/span><\/a><\/p>\n<p class=\"disable\">L&#8217;approvazione dei piani da parte del consiglio di sorveglianza di Volkswagen, composto da rappresentanti sia dei lavoratori che degli azionisti, pone fine, almeno per ora, a delicate trattative tra le due parti. &#8220;Il consiglio di sorveglianza ha approvato all&#8217;unanimita&#8217; il piano per il futuro presentato dal consiglio di amministrazione&#8221;, ha dichiarato l&#8217;amministratore delegato Oliver Blume. &#8220;E&#8217; un segnale forte per il futuro del Gruppo Volkswagen&#8221;.<\/p>\n<p class=\"disable\">\u00a0<\/p>\n<p class=\"disable\"><strong>AUTO: MEDIA, VOLKSWAGEN VALUTA STOP A SEAT ENTRO LA FINE DEL 2029<\/strong><\/p>\n<p class=\"disable\">(LaPresse) &#8211; Volkswagen potrebbe ritirare dal mercato il marchio spagnolo Seat entro la fine del 2029, concentrando la propria strategia sulla consorella Cupra. Lo riferisce Wirtschaftswoche, citando una decisione del consiglio di amministrazione del gruppo che dovrebbe essere esaminata venerd\u00ec dal consiglio di sorveglianza.<\/p>\n<p class=\"disable\">\u00a0<\/p>\n<p><a href=\"https:\/\/www.dagospia.com\/media-gallery\/dago-fotogallery-522231\/2278030\" class=\"float-left img-wrapper\"><img decoding=\"async\" id=\"2278030\" loading=\"lazy\" src=\"https:\/\/static.dagospia.com\/img\/foto\/06-2026\/volkswagen3-2278030_800_q50.webp\"><span class=\"img-title\">volkswagen3<\/span><\/a><\/p>\n<p class=\"disable\">Secondo il rapporto, Seat non figurerebbe pi\u00f9 nei piani del gruppo per il 2030. Volkswagen punta a ridurre i costi e semplificare i processi, concentrando le risorse sulla crescita di Cupra, che ha ormai superato Seat nelle vendite. Nel primo semestre del 2026 Cupra ha consegnato 170.100 vetture, contro le 129.600 di Seat. Nei documenti citati da Wirtschaftswoche si legge che mantenere Seat nella sua forma attuale &#8220;richiederebbe risorse aggiuntive&#8221;, mentre il gruppo intende concentrare lo sviluppo strategico all&#8217;interno della famiglia di marchi Cupra.<\/p>\n<p class=\"disable\">\u00a0<\/p>\n<p class=\"disable\">Il possibile addio a Seat si inserisce nel pi\u00f9 ampio piano di riorganizzazione di Volkswagen. Il consiglio di sorveglianza dovrebbe discutere venerd\u00ec anche del futuro di quattro stabilimenti tedeschi e di un possibile ulteriore taglio di decine di migliaia di posti di lavoro nel mondo. Tra gli impianti sotto osservazione figurano quelli di Zwickau, Emden e Hannover e lo stabilimento Audi di Neckarsulm. I rappresentanti dei lavoratori e il governo del Land della Bassa Sassonia hanno gi\u00e0 annunciato la loro opposizione a possibili ridimensionamenti.<\/p>\n<p class=\"disable\">\u00a0<\/p>\n<p class=\"disable\"><strong>VOLKSWAGEN RISCHIA IL RATING SPAZZATURA<\/strong><\/p>\n<p><a href=\"https:\/\/www.dagospia.com\/media-gallery\/dago-fotogallery-522231\/2278029\" class=\"float-right img-wrapper\"><img decoding=\"async\" id=\"2278029\" loading=\"lazy\" src=\"https:\/\/static.dagospia.com\/img\/foto\/06-2026\/volkswagen2-2278029_800_q50.webp\"><span class=\"img-title\">volkswagen2<\/span><\/a><\/p>\n<p class=\"disable\"><strong>Andrea Boeris per <a href=\"http:\/\/www.milanofinanza.it\" target=\"_blank\">\u201cMF\u201d<\/a><\/strong><\/p>\n<p class=\"disable\">\u00a0<\/p>\n<p class=\"disable\">La battaglia sul futuro di Volkswagen si sposta anche sul debito. Union Investment, uno dei maggiori gestori patrimoniali tedeschi, avverte che il rating del gruppo potrebbe scivolare fino al livello \u00abjunk\u00bb se non riuscir\u00e0 a ridurre drasticamente i costi e recuperare redditivit\u00e0. Un allarme che aumenta la pressione sul consiglio di sorveglianza chiamato oggi a confrontarsi sul maxi-piano di ristrutturazione del ceo Oliver Blume.<\/p>\n<p class=\"disable\">\u00a0<\/p>\n<p class=\"disable\">Union Investment possiede appena lo 0,1% di Volkswagen, ma detiene circa 1 miliardo di euro di obbligazioni del gruppo. In una lettera al presidente Hans Dieter P\u00f6tsch, visionata dal Financial Times, il gestore avverte che senza un miglioramento finanziario i bond potrebbero scivolare nel segmento high yield, aumentando i costi di finanziamento e riducendo le risorse per gli investimenti.<\/p>\n<p><a href=\"https:\/\/www.dagospia.com\/media-gallery\/dago-fotogallery-522231\/2224433\" class=\"float-left img-wrapper\"><img decoding=\"async\" id=\"2224433\" loading=\"lazy\" src=\"https:\/\/static.dagospia.com\/img\/foto\/01-2026\/friedrich-merz-giorgia-meloni-foto-lapresse-2224433_800_q50.webp\"><span class=\"img-title\">friedrich merz giorgia meloni foto lapresse<\/span><\/a><\/p>\n<p class=\"disable\">\u00a0<\/p>\n<p class=\"disable\">S&amp;P e Moody\u2019s collocano oggi Vw tre gradini sopra il livello non-investment grade, Fitch quattro. L\u2019intervento arriva nel pieno dello scontro sul piano di Blume, che potrebbe comportare fino a 100 mila tagli occupazionali in Germania e la chiusura di quattro stabilimenti. Contrari i rappresentanti dei lavoratori e la Bassa Sassonia, titolare del 20% dei diritti di voto.<\/p>\n<p class=\"disable\">\u00a0<\/p>\n<p class=\"disable\">Union Investment chiede invece al consiglio di non ostacolare il management.<\/p>\n<p class=\"disable\">Il confronto decisivo andr\u00e0 in scena oggi, anche se un accordo sembra lontano. Senza compromesso Volkswagen potrebbe valutare un\u2019assemblea straordinaria, anche se la Bassa Sassonia dispone di fatto anche l\u00ec di un potere di veto sulle decisioni pi\u00f9 importanti.<\/p>\n<p><a href=\"https:\/\/www.dagospia.com\/media-gallery\/dago-fotogallery-522231\/2278429\" class=\"float-right img-wrapper\"><img decoding=\"async\" id=\"2278429\" loading=\"lazy\" src=\"https:\/\/static.dagospia.com\/img\/foto\/06-2026\/maggiolino-volkswagen-2278429_800_q50.webp\"><span class=\"img-title\">Maggiolino Volkswagen<\/span><\/a><a href=\"https:\/\/www.dagospia.com\/media-gallery\/dago-fotogallery-522231\/2224474\" class=\"float-right img-wrapper\"><img decoding=\"async\" id=\"2224474\" loading=\"lazy\" src=\"https:\/\/static.dagospia.com\/img\/foto\/01-2026\/merz-meloni-2224474_800_q50.webp\"><span class=\"img-title\">merz meloni<\/span><\/a><a href=\"https:\/\/www.dagospia.com\/media-gallery\/dago-fotogallery-522231\/2278031\" class=\"float-right img-wrapper\"><img decoding=\"async\" id=\"2278031\" loading=\"lazy\" src=\"https:\/\/static.dagospia.com\/img\/foto\/06-2026\/volkswagen4-2278031_800_q50.webp\"><span class=\"img-title\">volkswagen4<\/span><\/a><a href=\"https:\/\/www.dagospia.com\/media-gallery\/dago-fotogallery-522231\/2073878\" class=\"float-right img-wrapper\"><img decoding=\"async\" id=\"2073878\" loading=\"lazy\" src=\"https:\/\/static.dagospia.com\/img\/foto\/12-2024\/golf-volkswagen-2073878_800_q50.webp\"><span class=\"img-title\">GOLF VOLKSWAGEN<\/span><\/a><a href=\"https:\/\/www.dagospia.com\/media-gallery\/dago-fotogallery-522231\/2073870\" class=\"float-left img-wrapper\"><img decoding=\"async\" id=\"2073870\" loading=\"lazy\" src=\"https:\/\/static.dagospia.com\/img\/foto\/12-2024\/stabilimento-volkswagen-a-puebla-in-messico-2073870_800_q50.webp\"><span class=\"img-title\">STABILIMENTO VOLKSWAGEN A PUEBLA IN MESSICO<\/span><\/a><a href=\"https:\/\/www.dagospia.com\/media-gallery\/dago-fotogallery-522231\/2247299\" class=\"float-right img-wrapper\"><img decoding=\"async\" id=\"2247299\" loading=\"lazy\" src=\"https:\/\/static.dagospia.com\/img\/foto\/03-2026\/auto-elettriche-volkswagen-2247299_800_q50.webp\"><span class=\"img-title\">auto elettriche volkswagen<\/span><\/a><\/p>\n<\/div>\n<div class=\"share-section\">\n                Condividi  questo articolo<\/p>\n<div class=\"socials\"><a href=\"https:\/\/www.dagospia.com\/business\/volkswagen-annuncia-l-accordo-i-sindacati-per-taglio-50mila-posti-lavoro-485804\"><img decoding=\"async\" src=\"https:\/\/static.dagospia.com\/img\/icons\/facebook.svg\" alt=\"Condividi su Facebook\"><\/a><a href=\"https:\/\/www.dagospia.com\/business\/volkswagen-annuncia-l-accordo-i-sindacati-per-taglio-50mila-posti-lavoro-485804\"><img decoding=\"async\" src=\"https:\/\/static.dagospia.com\/img\/icons\/x-icon.png\" alt=\"Condividi su X\"><\/a><a href=\"https:\/\/www.dagospia.com\/business\/volkswagen-annuncia-l-accordo-i-sindacati-per-taglio-50mila-posti-lavoro-485804\"><img decoding=\"async\" src=\"https:\/\/static.dagospia.com\/img\/icons\/whatsapp.svg\" alt=\"Condividi su Whatsapp\"><\/a><a href=\"https:\/\/www.dagospia.com\/business\/volkswagen-annuncia-l-accordo-i-sindacati-per-taglio-50mila-posti-lavoro-485804\"><img decoding=\"async\" src=\"https:\/\/static.dagospia.com\/img\/icons\/mail.svg\" alt=\"Invia in email\"><\/a><\/div>\n<\/div>\n<\/article>\n<div class=\"content\">\n<p class=\"disable\"><strong>VOLKSWAGEN 100.000 LICENZIAMENTI IN 10 ANNI<\/strong><\/p>\n<p><a href=\"https:\/\/www.dagospia.com\/media-gallery\/dago-fotogallery-522231\/2284798\" class=\"float-right img-wrapper\"><img decoding=\"async\" id=\"2284798\" loading=\"lazy\" src=\"https:\/\/static.dagospia.com\/img\/foto\/07-2026\/crisi-volkswagen-2284798_800_q50.webp\"><span class=\"img-title\">crisi volkswagen<\/span><\/a><\/p>\n<p class=\"disable\">(AGI\/AFP) &#8211; Volkswagen ha annunciato che la dirigenza e i sindacati hanno raggiunto un accordo per il taglio di ulteriori 50.000 posti di lavoro in tutto il mondo entro la fine del decennio. Questo portera&#8217; il numero totale di posti di lavoro eliminati a 100.000, nella piu&#8217; grande ristrutturazione mai intrapresa nell&#8217;industria automobilistica globale.<\/p>\n<p class=\"disable\">\u00a0<\/p>\n<p class=\"disable\">&#8220;E&#8217; essenziale adattare sistematicamente i livelli di personale alle realta&#8217; economiche&#8221;, ha dichiarato Volkswagen in un comunicato. L&#8217;azienda ha approvato il piano per &#8220;ridurre di circa 50.000 posti di lavoro&#8221; in aggiunta ai 50.000 gia&#8217; concordati.<\/p>\n<p class=\"disable\">\u00a0<\/p>\n<p class=\"disable\">La piu&#8217; grande casa automobilistica europea e&#8217; stata colpita dai dazi statunitensi, dalla domanda altalenante di veicoli elettrici e, soprattutto, dalla forte concorrenza in Cina e dalla Cina.<\/p>\n<p class=\"disable\">\u00a0<\/p>\n<p><a href=\"https:\/\/www.dagospia.com\/media-gallery\/dago-fotogallery-522231\/2284794\" class=\"float-left img-wrapper\"><img decoding=\"async\" id=\"2284794\" loading=\"lazy\" src=\"https:\/\/static.dagospia.com\/img\/foto\/07-2026\/oliver-blume-ad-volkswagen-2284794_800_q50.webp\"><span class=\"img-title\">Oliver Blume &#8211; ad volkswagen<\/span><\/a><\/p>\n<p class=\"disable\">L&#8217;azienda, che oltre a Volkswagen comprende marchi come Audi e Porsche, ridurra&#8217; la sua forza lavoro globale del 15%. Volkswagen ha dichiarato che sia la direzione che i sindacati hanno concordato sul fatto che il futuro di quattro stabilimenti tedeschi &#8211; ad Hannover, Emden, Zwickau e Neckarsulm &#8211; non sia garantito oltre il 2030. La chiusura di questi stabilimenti rappresenterebbe la prima volta che Volkswagen chiude impianti su larga scala nel suo paese d&#8217;origine.<\/p>\n<p class=\"disable\">\u00a0<\/p>\n<p><a href=\"https:\/\/www.dagospia.com\/media-gallery\/dago-fotogallery-522231\/2294245\" class=\"float-right img-wrapper\"><img decoding=\"async\" id=\"2294245\" loading=\"lazy\" src=\"https:\/\/static.dagospia.com\/img\/foto\/08-2026\/giorgia-meloni-friedrich-merz-2294245_800_q50.webp\"><span class=\"img-title\">Giorgia Meloni Friedrich Merz<\/span><\/a><\/p>\n<p class=\"disable\">L&#8217;approvazione dei piani da parte del consiglio di sorveglianza di Volkswagen, composto da rappresentanti sia dei lavoratori che degli azionisti, pone fine, almeno per ora, a delicate trattative tra le due parti. &#8220;Il consiglio di sorveglianza ha approvato all&#8217;unanimita&#8217; il piano per il futuro presentato dal consiglio di amministrazione&#8221;, ha dichiarato l&#8217;amministratore delegato Oliver Blume. &#8220;E&#8217; un segnale forte per il futuro del Gruppo Volkswagen&#8221;.<\/p>\n<p class=\"disable\">\u00a0<\/p>\n<p class=\"disable\"><strong>AUTO: MEDIA, VOLKSWAGEN VALUTA STOP A SEAT ENTRO LA FINE DEL 2029<\/strong><\/p>\n<p class=\"disable\">(LaPresse) &#8211; Volkswagen potrebbe ritirare dal mercato il marchio spagnolo Seat entro la fine del 2029, concentrando la propria strategia sulla consorella Cupra. Lo riferisce Wirtschaftswoche, citando una decisione del consiglio di amministrazione del gruppo che dovrebbe essere esaminata venerd\u00ec dal consiglio di sorveglianza.<\/p>\n<p class=\"disable\">\u00a0<\/p>\n<p><a href=\"https:\/\/www.dagospia.com\/media-gallery\/dago-fotogallery-522231\/2278030\" class=\"float-left img-wrapper\"><img decoding=\"async\" id=\"2278030\" loading=\"lazy\" src=\"https:\/\/static.dagospia.com\/img\/foto\/06-2026\/volkswagen3-2278030_800_q50.webp\"><span class=\"img-title\">volkswagen3<\/span><\/a><\/p>\n<p class=\"disable\">Secondo il rapporto, Seat non figurerebbe pi\u00f9 nei piani del gruppo per il 2030. Volkswagen punta a ridurre i costi e semplificare i processi, concentrando le risorse sulla crescita di Cupra, che ha ormai superato Seat nelle vendite. Nel primo semestre del 2026 Cupra ha consegnato 170.100 vetture, contro le 129.600 di Seat. Nei documenti citati da Wirtschaftswoche si legge che mantenere Seat nella sua forma attuale &#8220;richiederebbe risorse aggiuntive&#8221;, mentre il gruppo intende concentrare lo sviluppo strategico all&#8217;interno della famiglia di marchi Cupra.<\/p>\n<p class=\"disable\">\u00a0<\/p>\n<p class=\"disable\">Il possibile addio a Seat si inserisce nel pi\u00f9 ampio piano di riorganizzazione di Volkswagen. Il consiglio di sorveglianza dovrebbe discutere venerd\u00ec anche del futuro di quattro stabilimenti tedeschi e di un possibile ulteriore taglio di decine di migliaia di posti di lavoro nel mondo. Tra gli impianti sotto osservazione figurano quelli di Zwickau, Emden e Hannover e lo stabilimento Audi di Neckarsulm. I rappresentanti dei lavoratori e il governo del Land della Bassa Sassonia hanno gi\u00e0 annunciato la loro opposizione a possibili ridimensionamenti.<\/p>\n<p class=\"disable\">\u00a0<\/p>\n<p class=\"disable\"><strong>VOLKSWAGEN RISCHIA IL RATING SPAZZATURA<\/strong><\/p>\n<p><a href=\"https:\/\/www.dagospia.com\/media-gallery\/dago-fotogallery-522231\/2278029\" class=\"float-right img-wrapper\"><img decoding=\"async\" id=\"2278029\" loading=\"lazy\" src=\"https:\/\/static.dagospia.com\/img\/foto\/06-2026\/volkswagen2-2278029_800_q50.webp\"><span class=\"img-title\">volkswagen2<\/span><\/a><\/p>\n<p class=\"disable\"><strong>Andrea Boeris per <a href=\"http:\/\/www.milanofinanza.it\" target=\"_blank\">\u201cMF\u201d<\/a><\/strong><\/p>\n<p class=\"disable\">\u00a0<\/p>\n<p class=\"disable\">La battaglia sul futuro di Volkswagen si sposta anche sul debito. Union Investment, uno dei maggiori gestori patrimoniali tedeschi, avverte che il rating del gruppo potrebbe scivolare fino al livello \u00abjunk\u00bb se non riuscir\u00e0 a ridurre drasticamente i costi e recuperare redditivit\u00e0. Un allarme che aumenta la pressione sul consiglio di sorveglianza chiamato oggi a confrontarsi sul maxi-piano di ristrutturazione del ceo Oliver Blume.<\/p>\n<p class=\"disable\">\u00a0<\/p>\n<p class=\"disable\">Union Investment possiede appena lo 0,1% di Volkswagen, ma detiene circa 1 miliardo di euro di obbligazioni del gruppo. In una lettera al presidente Hans Dieter P\u00f6tsch, visionata dal Financial Times, il gestore avverte che senza un miglioramento finanziario i bond potrebbero scivolare nel segmento high yield, aumentando i costi di finanziamento e riducendo le risorse per gli investimenti.<\/p>\n<p><a href=\"https:\/\/www.dagospia.com\/media-gallery\/dago-fotogallery-522231\/2224433\" class=\"float-left img-wrapper\"><img decoding=\"async\" id=\"2224433\" loading=\"lazy\" src=\"https:\/\/static.dagospia.com\/img\/foto\/01-2026\/friedrich-merz-giorgia-meloni-foto-lapresse-2224433_800_q50.webp\"><span class=\"img-title\">friedrich merz giorgia meloni foto lapresse<\/span><\/a><\/p>\n<p class=\"disable\">\u00a0<\/p>\n<p class=\"disable\">S&amp;P e Moody\u2019s collocano oggi Vw tre gradini sopra il livello non-investment grade, Fitch quattro. L\u2019intervento arriva nel pieno dello scontro sul piano di Blume, che potrebbe comportare fino a 100 mila tagli occupazionali in Germania e la chiusura di quattro stabilimenti. Contrari i rappresentanti dei lavoratori e la Bassa Sassonia, titolare del 20% dei diritti di voto.<\/p>\n<p class=\"disable\">\u00a0<\/p>\n<p class=\"disable\">Union Investment chiede invece al consiglio di non ostacolare il management.<\/p>\n<p class=\"disable\">Il confronto decisivo andr\u00e0 in scena oggi, anche se un accordo sembra lontano. Senza compromesso Volkswagen potrebbe valutare un\u2019assemblea straordinaria, anche se la Bassa Sassonia dispone di fatto anche l\u00ec di un potere di veto sulle decisioni pi\u00f9 importanti.<\/p>\n<p><a href=\"https:\/\/www.dagospia.com\/media-gallery\/dago-fotogallery-522231\/2278429\" class=\"float-right img-wrapper\"><img decoding=\"async\" id=\"2278429\" loading=\"lazy\" src=\"https:\/\/static.dagospia.com\/img\/foto\/06-2026\/maggiolino-volkswagen-2278429_800_q50.webp\"><span class=\"img-title\">Maggiolino Volkswagen<\/span><\/a><a href=\"https:\/\/www.dagospia.com\/media-gallery\/dago-fotogallery-522231\/2224474\" class=\"float-right img-wrapper\"><img decoding=\"async\" id=\"2224474\" loading=\"lazy\" src=\"https:\/\/static.dagospia.com\/img\/foto\/01-2026\/merz-meloni-2224474_800_q50.webp\"><span class=\"img-title\">merz meloni<\/span><\/a><a href=\"https:\/\/www.dagospia.com\/media-gallery\/dago-fotogallery-522231\/2278031\" class=\"float-right img-wrapper\"><img decoding=\"async\" id=\"2278031\" loading=\"lazy\" src=\"https:\/\/static.dagospia.com\/img\/foto\/06-2026\/volkswagen4-2278031_800_q50.webp\"><span class=\"img-title\">volkswagen4<\/span><\/a><a href=\"https:\/\/www.dagospia.com\/media-gallery\/dago-fotogallery-522231\/2073878\" class=\"float-right img-wrapper\"><img decoding=\"async\" id=\"2073878\" loading=\"lazy\" src=\"https:\/\/static.dagospia.com\/img\/foto\/12-2024\/golf-volkswagen-2073878_800_q50.webp\"><span class=\"img-title\">GOLF VOLKSWAGEN<\/span><\/a><a href=\"https:\/\/www.dagospia.com\/media-gallery\/dago-fotogallery-522231\/2073870\" class=\"float-left img-wrapper\"><img decoding=\"async\" id=\"2073870\" loading=\"lazy\" src=\"https:\/\/static.dagospia.com\/img\/foto\/12-2024\/stabilimento-volkswagen-a-puebla-in-messico-2073870_800_q50.webp\"><span class=\"img-title\">STABILIMENTO VOLKSWAGEN A PUEBLA IN MESSICO<\/span><\/a><a href=\"https:\/\/www.dagospia.com\/media-gallery\/dago-fotogallery-522231\/2247299\" class=\"float-right img-wrapper\"><img decoding=\"async\" id=\"2247299\" loading=\"lazy\" src=\"https:\/\/static.dagospia.com\/img\/foto\/03-2026\/auto-elettriche-volkswagen-2247299_800_q50.webp\"><span class=\"img-title\">auto elettriche volkswagen<\/span><\/a><\/p>\n<\/div>\n<article><a href=\"https:\/\/www.dagospia.com\/cronache\/la-camorra-indaga-legge-ringrazia-ad-indirizzare-indagini-lavitola-485901\"><\/p>\n<div class=\"img-wrapper\"><img decoding=\"async\" src=\"https:\/\/static.dagospia.com\/img\/patch\/09-2026\/attentato-sigfrido-ranucci-bomba-valter-lavitola-clesio-gomes-tavares-pellegrino-2302877_600_q50.webp\" alt=\"attentato sigfrido ranucci bomba valter lavitola clesio gomes tavares pellegrino d\u2019avino davino antonio passariello saverio mutone \" loading=\"lazy\"><time class=\"data-ora\">4 set 19:43<\/time><\/div>\n<div class=\"excerpt\">\n<p>DAGOREPORT-\u00a0<span>PECCATO CHE SIANO SCOMPARSI I POLIZIOTTESCHI DEGLI ANNI \u201970, TIPO: \u201cLA CAMORRA SFIDA, NAPOLI RISPONDE\u2019\u2019.<\/span> DAVANTI AI COLPI DI SCENA DEL GASTRO-CRIMINAL-SHOW, STARRING LAVITOLA E RANUCCI, AVREBBERO SCODELLATO UN BEL FILMONE, INTITOLATO: <span>\u201cLA CAMORRA INDAGA, LA LEGGE RINGRAZIA\u201d \u2013<\/span> QUANDO RANUCCI INDIRIZZA LE INDAGINI SULLA PISTA DELLA CAMORRA, IL CLAN CAVA, STORICA ORGANIZZAZIONE IRPINA DI QUINDICI, NON HA PRESO PER NIENTE BENE DI FINIRE SOTTO PRESSIONE PER IL LAVORO INVESTIGATIVO DEI CARABINIERI \u2013 <span>INDAGANO E SCOPRONO CHE ANTONIO PASSARIELLO, L\u2019UNICO LORO AFFILIATO DEL QUARTETTO BOMBAROLO (GLI ALTRI TRE NON ERANO ORGANICI AL CLAN),<\/span> NON SI ERA PREOCCUPATO DI INFORMARE IL VERTICE DEL CLAN, N\u00c9 DI RICEVERE IL VIA LIBERA PER COMPIERE L\u2019ATTENTATO &#8211; I CAMORRISTI DECIDONO ALLORA DI INDIRIZZARE GLI INQUIRENTI SULLA PISTA GIUSTA, INVIANDO UNA MAIL AL PM: <span>\u201cSE CE LO AVREBBE DETTO NON GLIELO AVREMMO MAI PERMESSO PERCH\u00c9 RANUCCI A NOI NON CI HA FATTO NIENTE E QUESTO SONO GUAI CHE NON VOGLIAMO<\/span>, ALLORA PRIMA CHE SI MISCHIANO LE CARTE, LE COSE STANNO COSI\u2026\u201d. E GI\u00d9 UN NUMERO DI TELEFONO INTESTATO A UN\u2019ALTRA PERSONA MA UTILIZZATO DA PASSARIELLO, CHE GLI INVESTIGATORI NON AVEVANO ANCORA SCOPERTO. <span>DA L\u00cc, INTERCETTANDO INTERCETTANDO, SI \u00c8 FINITI A TAVARES E LAVITOLA\u2026<\/span> &#8211; VIDEO<\/p>\n<\/div>\n<p><\/a><\/article>\n<article><a href=\"https:\/\/www.dagospia.com\/politica\/flash-e-non-e-lui-ministro-per-pubblica-amministrazione-paolo-zangrillo-485844\"><\/p>\n<div class=\"img-wrapper\"><img decoding=\"async\" src=\"https:\/\/static.dagospia.com\/img\/patch\/09-2026\/paolo-zangrillo-in-un-volo-di-linea-ita-airways-da-lamezia-a-milano-3-2302703_600_q50.webp\" alt=\"paolo zangrillo in un volo di linea ita airways da lamezia a milano - 3\" loading=\"lazy\"><time class=\"data-ora\">4 set 13:08<\/time><\/div>\n<div class=\"excerpt\">\n<p>FLASH \u2013 \u00c8 LUI O NON \u00c8 LUI? MA CERTO CHE \u00c8 LUI! IL MINISTRO PER LA PUBBLICA AMMINISTRAZIONE (IN QUOTA MARINA) <span>PAOLO ZANGRILLO, CHE SCALPITA PER FARE LE SCARPE A TAJANI, \u00c8 STATO AVVISTATO POCO FA IN UN VOLO DI LINEA DA LAMEZIA TERME A MILANO LINATE<\/span>, IN MEZZO A IGNARI PASSEGGERI. CHE COSA LO ASPETTA ALL\u2019OMBRA DELLA MADUNINA? RIFERIR\u00c0 A \u201cMADRINA\u201d BERLUSCONI L\u2019ESITO DEL SUO TETE-A-TETE CON ROBERTO OCCHIUTO, ALTRO COCCO DELLA REAL CASATA DI ARCORE?<\/p>\n<\/div>\n<p><\/a><\/article>\n<article><a href=\"https:\/\/www.dagospia.com\/politica\/dagoreport-giorgia-meloni-e-in-modalita-cattivissima-me-fronte-guai-485762\"><\/p>\n<div class=\"img-wrapper\"><img decoding=\"async\" src=\"https:\/\/static.dagospia.com\/img\/patch\/09-2026\/giorgia-meloni-sigfrido-ranucci-giampaolo-rossi-giovambattista-fazzolari-patrizi-2302272_600_q50.webp\" alt=\"giorgia meloni sigfrido ranucci giampaolo rossi giovambattista fazzolari patrizia scurti antonio tajani matteo salvini \" loading=\"lazy\"><time class=\"data-ora\">3 set 20:07<\/time><\/div>\n<div class=\"excerpt\">\n<p>DAGOREPORT \u2013 <span>GIORGIA MELONI \u00c8 IN MODALIT\u00c0 \u201cCATTIVISSIMA ME\u201d<\/span>: DOPO QUATTRO ANNI DI LUNA DI MIELE, PER LA DUCETTA \u00c8 ARRIVATA LA TEMPESTA PERFETTA: LO STOP AL PREMIERATO,\u00a0LA BATOSTA AL REFERENDUM, LE RAFFICHE DI \u201cVAFFA\u201d DI TRUMP, L&#8217;ESPLOSIONE DEL FENOMENO VANNACCI, IL CROLLO DELLA LEGA, FORZA ITALIA ALLA BERLUSCONINA, IL CAOS INTORNO ALLA NUOVA LEGGE ELETTORALE, L&#8217;AUTOGOL SULLA SOSTITUZIONE DI RANUCCI &#8211; <span>PIU&#8217; IRRIDUCIBILE DELLA MALASORTE, ANZICHE&#8217; ASCOLTARE I CO-FONDATORI DI FDI, LA RUSSA E CROSETTO, L&#8217;UNDERDOG PREFERISCE\u00a0CIRCONDARSI DALL&#8217;AFFETTO DEL SUO CIRCOLETTO DELLA GARBATELLA<\/span>\u00a0&#8211; DOMANI DA BARI, DOVE FESTEGGIA IL RECORD DI DURATA DEL SUO GOVERNO, L&#8217;UNDERDOG LANCER\u00c0 IL SUO GRIDO DI RISCOSSA ELETTORALE &#8211; <span>SA CHE L&#8217;ARMATA BRANCA-MELONI NON PUO&#8217; REGGERE FINO A OTTOBRE 2027, OCCORRE ANTICIPARE IL VOTO AD APRILE, LASCIANDO LE COMUNALI A GIUGNO <\/span>&#8211; MA MATTARELLA VUOLE L\u2019ELECTION-DAY A CUI SI OPPONE LA MELONI, TERRORIZZATA DALL\u2019EFFETTO TRAINO DI UN FILOTTO DEL CENTROSINISTRA: CHE DECIDERA&#8217; IL COLLE? AH, SAPERLO&#8230;<\/p>\n<\/div>\n<p><\/a><\/article>\n<article><a href=\"https:\/\/www.dagospia.com\/politica\/dagoreport-roberto-vannacci-marcia-cernobbio-gli-imprenditori-italiani-485729\"><\/p>\n<div class=\"img-wrapper\"><img decoding=\"async\" src=\"https:\/\/static.dagospia.com\/img\/patch\/09-2026\/crosetto-calenda-vannacci-monti-de-bortoli-forum-ambrosetti-cernobbio-2302201_600_q50.webp\" alt=\"crosetto calenda vannacci monti de bortoli forum ambrosetti cernobbio\" loading=\"lazy\"><time class=\"data-ora\">3 set 20:02<\/time><\/div>\n<div class=\"excerpt\">\n<p><span>DAGOREPORT <\/span>&#8211; MENTRE LA PROCURA MILITARE DI ROMA AVVIA UN\u2019INDAGINE SUGLI UFFICIALI CHE HANNO ADERITO ALLA &#8220;SPORCA DOZZINA&#8221; DI ROBERTO VANNACCI, <span>IL RE-DUX DI FUTURO NAZIONALE MARCIA SU CERNOBBIO: SABATO \u00c8 ATTESO IN POMPA MAGNA AL FORUM AMBROSETTI PER DIBATTERE CON L\u2019EX PREMIER MARIO MONTI<\/span> &#8211; DALL&#8217;IDEOLOGO DEL POPULISMO GRILLINO, GIAN ROBERTO CASALEGGIO AL LEADER SOVRANISTA OLANDESE, IL RAZZISTA GEERT WILDERS, LE PRESENZE PROVOCATORIE E ACCHIAPPA-TITOLI NON SONO UNA NOVITA&#8217; A VILLA D&#8217;ESTE &#8211;<span> SDEGNATI PER LA PRESENZA E &#8220;TRATTAMENTO PREFERENZIALE&#8221; DEDICATO ALL\u2019EX PAR\u00c0(CULO) DELLA FOLGORE, CARLO CALENDA E GUIDO CROSETTO NON METTERANNO PIEDE A CERNOBBIO<\/span> \u2013 ANCHE FERRUCCIO DE BORTOLI RIFIUTA DI DUETTARE CON L\u2019EX GENERALE NOSTALGICO DEL MANGANELLO E DELL\u2019OLIO DI RICINO &#8211; NON SOLO: E&#8217; L\u2019EX DIRETTORE DEL \u201cCORRIERE\u201d IL PRIMO CHE SPARA LA NOTIZIA:<span> \u201cPURTROPPO A CERNOBBIO CI SAR\u00c0 VANNACCI&#8221;<\/span> (IL CAUTO DIRETTORE FONTANA \u00c8 STATO BEN ATTENTO A NON PUBBLICARLA SUBITO SUL CARTACEO)&#8230;<\/p>\n<\/div>\n<p><\/a><\/article>\n<article><a href=\"https:\/\/www.dagospia.com\/media-tv\/dagoreport-riunione-interlocutoria-qualche-piccola-apertura-caso-report-485651\"><\/p>\n<div class=\"img-wrapper\"><img decoding=\"async\" src=\"https:\/\/static.dagospia.com\/img\/patch\/09-2026\/rai-via-teulada-paolo-corsini-giulia-innocenzi-presutti-daniele-piervincenzi-dan-2301944_600_q50.webp\" alt=\"rai via teulada paolo corsini giulia innocenzi presutti daniele piervincenzi danilo procaccianti report sigfrido ranucci \" loading=\"lazy\"><time class=\"data-ora\">2 set 20:05<\/time><\/div>\n<div class=\"excerpt\">\n<p>DAGOREPORT \u2013 <span>RIUNIONE INTERLOCUTORIA MA CON QUALCHE PICCOLA APERTURA <\/span>TRA IL DIRETTORE DELL&#8217;APPROFONDIMENTO RAI, PAOLO CORSINI, E I MEMBRI DELLA SQUADRA DI \u201cREPORT\u201d: I GIORNALISTI <span>HANNO RIBADITO IL \u201cNO\u201d ALLA CONDUZIONE DI GIULIA PRESUTTI E DANIELE<\/span><span>PIERVINCENZI, MA SU QUEST\u2019ULTIMO LA POSIZIONE SAREBBE PI\u00d9 MORBIDA: <\/span>POTREBBE AVERE UN VIA LIBERA MAGARI COME CONDUTTORE DEL \u201cREPORT LAB\u201d, CON LA CONDUZIONE VERA E PROPRIA DA AFFIDARE A DUE \u201cSTORICI\u201d (CHE DIVENTEREBBERO TRE NEL CASO DI UN REINTEGRO DI RANUCCI DA PARTE DEL TRIBUNALE).\u00a0 SULLA PRESUTTI IL MURO RESTA GRANITICO \u2013 <span>PALAZZO CHIGI, INVECE, SAREBBE IRREMOVIBILE SUI DUE NOMI<\/span> \u2013 EPISODIO PITTORESCO NEL MEZZO DELLA RIUNIONE: UN GIORNALISTA DI UNA PRESTIGIOSA TESTATA DELLA RAI SAREBBE STATO <span>BECCATO A ORIGLIARE DA UN BAGNO VICINO ALLA SALA\u2026<\/span><\/p>\n<\/div>\n<p><\/a><\/article>\n<article><a href=\"https:\/\/www.dagospia.com\/politica\/dagoreport-grazie-trump-mondo-verso-de-americanizzazione-oggi-si-485332\"><\/p>\n<div class=\"img-wrapper\"><img decoding=\"async\" src=\"https:\/\/static.dagospia.com\/img\/patch\/09-2026\/trump-modi-xi-jinping-putin-2301524_600_q50.webp\" alt=\"trump modi xi jinping putin\" loading=\"lazy\"><time class=\"data-ora\">1 set 19:59<\/time><\/div>\n<div class=\"excerpt\">\n<p>DAGOREPORT \u2013<span> GRAZIE A TRUMP, IL DOLLARO RISCHIA DI DIVENTARE CARTA STRACCIA \u2013<\/span>\u00a0IL PIATTO FORTE AL SUMMIT IN KIRGHIZISTAN DI XI JINPING, VLADIMIR PUTIN E NARENDRA MODI, HA FATTO STRA-INCAZZARE IL CALIGOLA DELLA CASA BIANCA: SUL TAVOLO,\u00a0<span>IL PROGETTO DEI &#8221;BRICS&#8221; (BRASILE, RUSSIA, INDIA, CINA, SUDAFRICA) DI DAR VITA A UNA \u201cMONETA UNICA&#8221;, PER FAR FUORI IL DOLLARO NEGLI SCAMBI INTERNAZIONALI<\/span>\u00a0&#8211; CON UN DEBITO PUBBLICO MONSTRE DI 40MILA MILIARDI, LA DE-DOLLARIZZAZIONE SAREBBE LA FINE DELL&#8217;IMPERO AMERICANO: IL VERDONE&#8221; VIENE UTILIZZATO IN OLTRE L&#8217;80% DELLE TRANSAZIONI COMMERCIALI E IN PI\u00d9 DELLA MET\u00c0 DEI PAGAMENTI INTERNAZIONALI DELLE MATERIE PRIME, COME IL PETROLIO\u00a0&#8211; <span>LA DECISIONE E&#8217; NELLE MANI DELLA CINA: RINUNCERA&#8217; ALLO MONETA NAZIONALE, LO YUAN, PER DIVENTARE LA LOCOMOTIVA DEI &#8221;BRICS&#8221;?<\/span>\u00a0&#8211;\u00a0SUL MAGGIORE IMPEGNO A FAVORE DELL\u2019IRAN, PESANO I DUBBI\u00a0DI MODI (GLI USA SONO IL PRIMO PARTNER COMMERCIALE DELL\u2019INDIA)\u00a0&#8211; PROSSIMO ROUND: IL VERTICE DI XI JIN PING DEL 24 SETTEMBRE CON IL &#8220;DERAGLIATO MENTALE&#8221; DELLA CASA BIANCA&#8230;<\/p>\n<\/div>\n<p><\/a><\/article>\n<article><a href=\"https:\/\/www.dagospia.com\/media-tv\/acrobazie-spaccanti-il-55enne-raoul-bova-beatrice-arnera-beccati-chi-485632\"><\/p>\n<div class=\"img-wrapper\"><img decoding=\"async\" src=\"https:\/\/static.dagospia.com\/img\/patch\/09-2026\/raoul-bova-beatrice-arnera-chi-2301906_600_q50.webp\" alt=\"raoul bova beatrice arnera chi\" loading=\"lazy\"><\/div>\n<div class=\"excerpt\">ACROBAZIE \u201cSPACCANTI\u201d \u2013 IL 55ENNE RAOUL BOVA E BEATRICE ARNERA SONO STATI BECCATI DA \u201cCHI\u201d A\u2026<\/div>\n<p><\/a><\/article>\n<article><a href=\"https:\/\/www.dagospia.com\/sport\/pennellone-frou-frou-mole-juve-acquistato-l-attaccante-nick-woltemade-485601\"><\/p>\n<div class=\"img-wrapper\"><img decoding=\"async\" src=\"https:\/\/static.dagospia.com\/img\/patch\/09-2026\/nick-woltemade-2301780_600_q50.webp\" alt loading=\"lazy\"><\/div>\n<div class=\"excerpt\">UN PENNELLONE &#8220;FROU FROU&#8221; SOTTO LA MOLE? \u2013 LA JUVE HA ACQUISTATO IN PRESTITO DAL NEWCASTLE\u2026<\/div>\n<p><\/a><\/article>\n<article><a href=\"https:\/\/www.dagospia.com\/media-tv\/linguine-scoglio-video-pomiciata-elodie-franceska-scodellato-oggi-485860\"><\/p>\n<div class=\"img-wrapper\"><img decoding=\"async\" src=\"https:\/\/static.dagospia.com\/img\/patch\/09-2026\/elodie-franceska-nuredini-2302758_600_q50.webp\" alt=\"elodie franceska nuredini\" loading=\"lazy\"><\/div>\n<div class=\"excerpt\">CHIAMATE LA BUONCOSTUME! LA PAZZA ESTATE DI ELODIE E FRANCESKA FINISCE CON UNA RICCA E SAPORITA\u2026<\/div>\n<p><\/a><\/article>\n<article><a href=\"https:\/\/www.dagospia.com\/media-tv\/pillole-gossip-kimi-antonelli-ragazza-485853\"><\/p>\n<div class=\"img-wrapper\"><img decoding=\"async\" src=\"https:\/\/static.dagospia.com\/img\/patch\/09-2026\/pillole-avanti-gossip-2302732_600_q50.webp\" alt=\"pillole avanti gossip\" loading=\"lazy\"><\/div>\n<div class=\"excerpt\">PILLOLE DI GOSSIP! CHI \u00c8 LA RAGAZZA FOTOGRAFATA ACCANTO A KIMI ANTONELLI A PORTOFINO? &#8211; PROSEGUE LA\u2026<\/div>\n<p><\/a><\/article>\n<article><a href=\"https:\/\/www.dagospia.com\/sport\/vroom-si-sbanda-in-curva-la-riconoscete-sognava-condurre-tg-e-finita-in-485816\"><\/p>\n<div class=\"img-wrapper\"><img decoding=\"async\" src=\"https:\/\/static.dagospia.com\/img\/patch\/09-2026\/mara-sangiorgio-2302494_600_q50.webp\" alt=\"mara sangiorgio\" loading=\"lazy\"><\/div>\n<div class=\"excerpt\">VROOM, SI SBANDA IN CURVA: LA RICONOSCETE? SOGNAVA DI CONDURRE IL TG, E\u2019 FINITA IN MEZZO ALLE\u2026<\/div>\n<p><\/a><\/article>\n<article><a href=\"https:\/\/www.dagospia.com\/cronache\/la-camorra-indaga-legge-ringrazia-ad-indirizzare-indagini-lavitola-485901\"><\/p>\n<div class=\"img-wrapper\"><img decoding=\"async\" src=\"https:\/\/static.dagospia.com\/img\/patch\/09-2026\/attentato-sigfrido-ranucci-bomba-valter-lavitola-clesio-gomes-tavares-pellegrino-2302877_600_q50.webp\" alt=\"attentato sigfrido ranucci bomba valter lavitola clesio gomes tavares pellegrino d\u2019avino davino antonio passariello saverio mutone \" loading=\"lazy\"><\/div>\n<div class=\"excerpt\">DAGOREPORT-\u00a0PECCATO CHE SIANO SCOMPARSI I POLIZIOTTESCHI DEGLI ANNI \u201970, TIPO: \u201cLA CAMORRA SFIDA,\u2026<\/div>\n<p><\/a><\/article>\n<article><a href=\"https:\/\/www.dagospia.com\/politica\/flash-e-non-e-lui-ministro-per-pubblica-amministrazione-paolo-zangrillo-485844\"><\/p>\n<div class=\"img-wrapper\"><img decoding=\"async\" src=\"https:\/\/static.dagospia.com\/img\/patch\/09-2026\/paolo-zangrillo-in-un-volo-di-linea-ita-airways-da-lamezia-a-milano-3-2302703_600_q50.webp\" alt=\"paolo zangrillo in un volo di linea ita airways da lamezia a milano - 3\" loading=\"lazy\"><\/div>\n<div class=\"excerpt\">FLASH \u2013 \u00c8 LUI O NON \u00c8 LUI? MA CERTO CHE \u00c8 LUI! IL MINISTRO PER LA PUBBLICA AMMINISTRAZIONE (IN\u2026<\/div>\n<p><\/a><\/article>\n<article><a href=\"https:\/\/www.dagospia.com\/politica\/dagoreport-giorgia-meloni-e-in-modalita-cattivissima-me-fronte-guai-485762\"><\/p>\n<div class=\"img-wrapper\"><img decoding=\"async\" src=\"https:\/\/static.dagospia.com\/img\/patch\/09-2026\/giorgia-meloni-sigfrido-ranucci-giampaolo-rossi-giovambattista-fazzolari-patrizi-2302272_600_q50.webp\" alt=\"giorgia meloni sigfrido ranucci giampaolo rossi giovambattista fazzolari patrizia scurti antonio tajani matteo salvini \" loading=\"lazy\"><\/div>\n<div class=\"excerpt\">DAGOREPORT \u2013 GIORGIA MELONI \u00c8 IN MODALIT\u00c0 \u201cCATTIVISSIMA ME\u201d: DOPO QUATTRO ANNI DI LUNA DI MIELE,\u2026<\/div>\n<p><\/a><\/article>\n<article><a href=\"https:\/\/www.dagospia.com\/politica\/dagoreport-roberto-vannacci-marcia-cernobbio-gli-imprenditori-italiani-485729\"><\/p>\n<div class=\"img-wrapper\"><img decoding=\"async\" src=\"https:\/\/static.dagospia.com\/img\/patch\/09-2026\/crosetto-calenda-vannacci-monti-de-bortoli-forum-ambrosetti-cernobbio-2302201_600_q50.webp\" alt=\"crosetto calenda vannacci monti de bortoli forum ambrosetti cernobbio\" loading=\"lazy\"><\/div>\n<div class=\"excerpt\">DAGOREPORT &#8211; MENTRE LA PROCURA MILITARE DI ROMA AVVIA UN\u2019INDAGINE SUGLI UFFICIALI CHE HANNO ADERITO\u2026<\/div>\n<p><\/a><\/article>\n<article><a href=\"https:\/\/www.dagospia.com\/media-tv\/dagoreport-riunione-interlocutoria-qualche-piccola-apertura-caso-report-485651\"><\/p>\n<div class=\"img-wrapper\"><img decoding=\"async\" src=\"https:\/\/static.dagospia.com\/img\/patch\/09-2026\/rai-via-teulada-paolo-corsini-giulia-innocenzi-presutti-daniele-piervincenzi-dan-2301944_600_q50.webp\" alt=\"rai via teulada paolo corsini giulia innocenzi presutti daniele piervincenzi danilo procaccianti report sigfrido ranucci \" loading=\"lazy\"><\/div>\n<div class=\"excerpt\">DAGOREPORT \u2013 RIUNIONE INTERLOCUTORIA MA CON QUALCHE PICCOLA APERTURA TRA IL DIRETTORE\u2026<\/div>\n<p><\/a><\/article>\n<article><a href=\"https:\/\/www.dagospia.com\/politica\/dagoreport-grazie-trump-mondo-verso-de-americanizzazione-oggi-si-485332\"><\/p>\n<div class=\"img-wrapper\"><img decoding=\"async\" src=\"https:\/\/static.dagospia.com\/img\/patch\/09-2026\/trump-modi-xi-jinping-putin-2301524_600_q50.webp\" alt=\"trump modi xi jinping putin\" loading=\"lazy\"><\/div>\n<div class=\"excerpt\">DAGOREPORT \u2013 GRAZIE A TRUMP, IL DOLLARO RISCHIA DI DIVENTARE CARTA STRACCIA \u2013\u00a0IL PIATTO FORTE AL\u2026<\/div>\n<p><\/a><\/article>\n<article><a href=\"https:\/\/www.dagospia.com\/politica\/elly-ascolta-gli-amici-i-big-pd-scesi-in-campo-cosi-pesantemente-per-485354\"><\/p>\n<div class=\"img-wrapper\"><img decoding=\"async\" src=\"https:\/\/static.dagospia.com\/img\/patch\/08-2026\/giuseppe-conte-elly-schlein-franceschini-bonaccini-nardella-2301098_600_q50.webp\" alt=\"giuseppe conte elly schlein franceschini bonaccini nardella\" loading=\"lazy\"><\/div>\n<div class=\"excerpt\">DAGOREPORT &#8211; ELLY, ASCOLTA GLI AMICI! I CAPOCCIONI E LE MEZZECALZE DEL PD, CHE SONO SCESI COS\u00cc\u2026<\/div>\n<p><\/a><\/article>\n<article><a href=\"https:\/\/www.dagospia.com\/politica\/l-ingaggio-fedorov-fa-incazzare-zelensky-mette-in-allarme-agenzie-485343\"><\/p>\n<div class=\"img-wrapper\"><img decoding=\"async\" src=\"https:\/\/static.dagospia.com\/img\/patch\/08-2026\/fedorov-musk-thiel-zelensky-crosetto-2301168_600_q50.webp\" alt=\"fedorov musk thiel zelensky crosetto\" loading=\"lazy\"><\/div>\n<div class=\"excerpt\">DAGOREPORT &#8211; A QUALCUNO NON PIACE &#8216;STO FEDOROV &#8211;\u00a0PIU&#8217; CHE A INDIGNARE I NEURONI ALLA VODKA DI\u2026<\/div>\n<p><\/a><\/article>\n<article><a href=\"https:\/\/www.dagospia.com\/politica\/flash-c-e-grande-perplessita-i-draghi-boys-per-presenza-andrea-485336\"><\/p>\n<div class=\"img-wrapper\"><img decoding=\"async\" src=\"https:\/\/static.dagospia.com\/img\/patch\/08-2026\/xavier-niel-draghi-pignataro-2301175_600_q50.webp\" alt=\"xavier niel draghi pignataro\" loading=\"lazy\"><\/div>\n<div class=\"excerpt\">FLASH! \u2013 I \u201cDRAGHI BOYS\u201d DEL POTERE ECONOMICO ITALIANO AVREBBERO ESPRESSO QUALCHE PERPLESSITA&#8217;\u2026<\/div>\n<p><\/a><\/article>\n<article><a href=\"https:\/\/www.dagospia.com\/politica\/quale-episodio-giulia-presutti-era-habitue-cefalu-bistro-dove-piu-e-485248\"><\/p>\n<div class=\"img-wrapper\"><img decoding=\"async\" src=\"https:\/\/static.dagospia.com\/img\/patch\/08-2026\/ranucci-presutti-cianfoni-floridia-2300757_600_q50.webp\" alt=\"ranucci presutti cianfoni floridia\" loading=\"lazy\"><\/div>\n<div class=\"excerpt\">DAGOREPORT &#8211;\u00a0MA QUALE &#8220;EPISODIO&#8221;! GIULIA PRESUTTI ERA UN HABITU\u00c8 DEL \u201cCEFAL\u00d9 BISTR\u00d2\u201d DOVE PI\u00d9 VOLTE\u2026<\/div>\n<p><\/a><\/article>\n<article><a href=\"https:\/\/www.dagospia.com\/cafonal\/cafonalino-roma-proiezione-documentario-marco-bellocchio-marco-travaglio-485081\"><\/p>\n<div class=\"img-wrapper\"><img decoding=\"async\" src=\"https:\/\/static.dagospia.com\/img\/patch\/08-2026\/2026bellocchio-anteprima-film-di-marco-bellocchio-2300339_600_q50.webp\" alt=\"2026bellocchio anteprima film di marco bellocchio\" loading=\"lazy\"><\/div>\n<div class=\"excerpt\">CAFONALINO! AL CINEMA QUATTRO FONTANE DI ROMA LA PROIEZIONE SPECIALE DEL DOCUMENTARIO \u201cMARCO\u2026<\/div>\n<p><\/a><\/article>\n<article><a href=\"https:\/\/www.dagospia.com\/cafonal\/cafonal-show-ranucci-cerveteri-freni-ho-fatto-scoop-nazionali-484807\"><\/p>\n<div class=\"img-wrapper\"><img decoding=\"async\" src=\"https:\/\/static.dagospia.com\/img\/patch\/08-2026\/2026ranucci-sigfrido-ranucci-2299409_600_q50.webp\" alt=\"2026ranucci sigfrido ranucci\" loading=\"lazy\"><\/div>\n<div class=\"excerpt\">SIGFRIDO, IL MASANIELLO DE NOANTRI \u2013 RANUCCI HA PERSO OGNI FRENO E, ALLA PRESENTAZIONE DEL SUO\u2026<\/div>\n<p><\/a><\/article>\n<article><a href=\"https:\/\/www.dagospia.com\/cafonal\/funeralino-l-ultimo-saluto-mitico-produttore-cinematografico-fulvio-484127\"><\/p>\n<div class=\"img-wrapper\"><img decoding=\"async\" src=\"https:\/\/static.dagospia.com\/img\/patch\/08-2026\/2026lucisano-2297424_600_q50.webp\" alt=\"2026lucisano\" loading=\"lazy\"><\/div>\n<div class=\"excerpt\">FUNERALINO \u2013 NELLA CALLARA ROMANA D\u2019AGOSTO, L\u2019ULTIMO SALUTO AL MITICO PRODUTTORE CINEMATOGRAFICO\u2026<\/div>\n<p><\/a><\/article>\n<article><a href=\"https:\/\/www.dagospia.com\/cafonal\/cafonalino-pizza-riformista-matteo-renzi-raduna-i-suoi-prima-delle-480816\"><\/p>\n<div class=\"img-wrapper\"><img decoding=\"async\" src=\"https:\/\/static.dagospia.com\/img\/patch\/07-2026\/2026kraken-matteo-renzi-2286047_600_q50.webp\" alt=\"2026kraken matteo renzi \" loading=\"lazy\"><\/div>\n<div class=\"excerpt\">CAFONALINO DELLA PIZZA RIFORMISTA \u2013 RENZI RADUNA I SUOI PRIMA DELLE VACANZE ESTIVE AL SATYRUS DI\u2026<\/div>\n<p><\/a><\/article>\n<article><a href=\"https:\/\/www.dagospia.com\/cafonal\/cafonalino-moreno-party-roma-manuela-moreno-festeggia-i-60-anni-480777\"><\/p>\n<div class=\"img-wrapper\"><img decoding=\"async\" src=\"https:\/\/static.dagospia.com\/img\/patch\/07-2026\/manuela-moreno-festa-60-anni-2285871_600_q50.webp\" alt=\"manuela moreno festa 60 anni \" loading=\"lazy\"><\/div>\n<div class=\"excerpt\">CAFONALINO! NO MORENO, NO PARTY \u2013 A ROMA, AL LOVE BAR DI PONTE MILVIO, MANUELA MORENO, CONDUTTRICE\u2026<\/div>\n<p><\/a><\/article>\n<article><a href=\"https:\/\/www.dagospia.com\/cafonal\/cafonalino-firenze-tevere-direttori-redattori-forchettoni-scrocconi-480745\"><\/p>\n<div class=\"img-wrapper\"><img decoding=\"async\" src=\"https:\/\/static.dagospia.com\/img\/patch\/07-2026\/2026agno-marco-agnoletti-2285763_600_q50.webp\" alt=\"2026agno marco agnoletti \" loading=\"lazy\"><\/div>\n<div class=\"excerpt\">CAFONALINO DEGLI AGNOLETTI IN BRODO &#8211; DIRETTORI, REDATTORI, FORCHETTONI E SCROCCONI SFIDANO\u2026<\/div>\n<p><\/a><\/article>\n<p>[analyse_source url=&#8221;https:\/\/www.dagospia.com\/business\/volkswagen-annuncia-l-accordo-i-sindacati-per-taglio-50mila-posti-lavoro-485804&#8243;]<\/p>\n","protected":false},"excerpt":{"rendered":"<p>[analyse_image type=&#8221;featured&#8221; src=&#8221;https:\/\/static.dagospia.com\/img\/patch\/09-2026\/volkswagen-giorgia-meloni-friedrich-merz-2302458_600_q50.webp&#8221;] 4 set 2026 11:58 L\u2019INDUSTRIA TEDESCA STA MORENDO, E TRASCINER\u00c0 CON S\u00c9 QUELLA ITALIANA \u2013 VOLKSWAGEN ANNUNCIA L\u2019ACCORDO CON I SINDACATI PER IL TAGLIO DI ALTRI 50MILA POSTI DI LAVORO: IN TOTALE I DIPENDENTI LICENZIATI SARANNO 100MILA IN DIECI ANNI, LA PI\u00d9 GRANDE RISTRUTTURAZIONE MAI INTRAPRESE NELL\u2019INDUSTRIA AUTOMOBILISTICA MONDIALE \u2013 DUCATI POTREBBE [&hellip;]<\/p>\n","protected":false},"author":1,"featured_media":0,"comment_status":"open","ping_status":"","sticky":false,"template":"","format":"standard","meta":{"footnotes":""},"categories":[87],"tags":[226,149],"class_list":["post-2128949","post","type-post","status-publish","format-standard","hentry","category-italy","tag-crawlmanager","tag-dagospia-com"],"_links":{"self":[{"href":"https:\/\/analyse.optim.biz\/index.php?rest_route=\/wp\/v2\/posts\/2128949","targetHints":{"allow":["GET"]}}],"collection":[{"href":"https:\/\/analyse.optim.biz\/index.php?rest_route=\/wp\/v2\/posts"}],"about":[{"href":"https:\/\/analyse.optim.biz\/index.php?rest_route=\/wp\/v2\/types\/post"}],"author":[{"embeddable":true,"href":"https:\/\/analyse.optim.biz\/index.php?rest_route=\/wp\/v2\/users\/1"}],"replies":[{"embeddable":true,"href":"https:\/\/analyse.optim.biz\/index.php?rest_route=%2Fwp%2Fv2%2Fcomments&post=2128949"}],"version-history":[{"count":0,"href":"https:\/\/analyse.optim.biz\/index.php?rest_route=\/wp\/v2\/posts\/2128949\/revisions"}],"wp:attachment":[{"href":"https:\/\/analyse.optim.biz\/index.php?rest_route=%2Fwp%2Fv2%2Fmedia&parent=2128949"}],"wp:term":[{"taxonomy":"category","embeddable":true,"href":"https:\/\/analyse.optim.biz\/index.php?rest_route=%2Fwp%2Fv2%2Fcategories&post=2128949"},{"taxonomy":"post_tag","embeddable":true,"href":"https:\/\/analyse.optim.biz\/index.php?rest_route=%2Fwp%2Fv2%2Ftags&post=2128949"}],"curies":[{"name":"wp","href":"https:\/\/api.w.org\/{rel}","templated":true}]}}