{"id":2128945,"date":"2026-09-04T07:45:52","date_gmt":"2026-09-04T04:45:52","guid":{"rendered":"https:\/\/analyse.optim.biz\/?p=2128945"},"modified":"2026-09-04T07:45:52","modified_gmt":"2026-09-04T04:45:52","slug":"la-guerra-non-porta-benefici-ne-ai-vincitori-ne-ai-soccombenti-il-sergio-mattarella-a-cernobbio","status":"publish","type":"post","link":"https:\/\/analyse.optim.biz\/?p=2128945","title":{"rendered":"\u201cla guerra non porta benefici n\u00c9 ai vincitori n\u00c9 ai soccombenti\u201d \u2013 il sergio mattarella a cernobbio"},"content":{"rendered":"<p>[analyse_image type=&#8221;featured&#8221; src=&#8221;https:\/\/static.dagospia.com\/img\/patch\/09-2026\/sergio-mattarella-guerra-2302396_600_q50.webp&#8221;]<\/p>\n<article>\n<div class=\"img-wrapper\"><img decoding=\"async\" src=\"https:\/\/static.dagospia.com\/img\/patch\/09-2026\/sergio-mattarella-guerra-2302396_600_q50.webp\" alt=\"sergio mattarella guerra\"><time class=\"data-ora\">4 set 2026 09:45<\/time><\/div>\n<p>\u201cLA GUERRA NON PORTA BENEFICI N\u00c9 AI VINCITORI N\u00c9 AI SOCCOMBENTI\u201d \u2013 <span>SERGIO MATTARELLA A CERNOBBIO MEJO DEL PAPA: <\/span>\u201cSI AFFACCIA UNA PRETESA PREDATORIA DELLE RISORSE ESISTENTI CON UNA PREOCCUPANTE <span>TENDENZA A RIPRISTINARE POLITICHE DI POTENZA, CON LA MINACCIA, QUANDO NON L&#8217;USO, DELLA FORZA, A SOSTEGNO DI PROPRIE PRETESE NELLA SOLUZIONE DELLE CONTROVERSIE INTERNAZIONALI&#8221; <\/span>\u2013 \u201cL&#8217;EUROPA DEVE SAPER GIOCARE ASSUMENDO INIZIATIVE PIUTTOSTO CHE ATTESTARSI SU MODULI DI MERA DIFESA. I NECESSARI E URGENTI CAMBIAMENTI NEL FUNZIONAMENTO DELLE SUE ISTITUZIONI SONO INDISPENSABILI\u201d<\/p>\n<div class=\"share-section\">\n                Condividi  questo articolo<\/p>\n<div class=\"socials\"><a href=\"http:\/\/www.facebook.com\/sharer.php?u=http:\/\/www.dagospia.com\/politica\/la-guerra-non-porta-benefici-ne-vincitori-ne-soccombenti-sergio-485798\" target=\"_blank\"><img decoding=\"async\" src=\"https:\/\/static.dagospia.com\/img\/icons\/facebook.svg\" alt=\"Condividi su Facebook\"><\/a><a href=\"http:\/\/www.twitter.com\/share?url=http:\/\/www.dagospia.com\/politica\/la-guerra-non-porta-benefici-ne-vincitori-ne-soccombenti-sergio-485798&amp;text=%E2%80%9CLA%20GUERRA%20NON%20PORTA%20BENEFICI%20N%C3%89%20AI%20VINCITORI%20N%C3%89%20AI%20SOCCOMBENTI%E2%80%9D%20%E2%80%93%20IL%20SERGIO%20MATTARELLA%20A%20CERNOBBIO%20\" target=\"_blank\"><img decoding=\"async\" src=\"https:\/\/static.dagospia.com\/img\/icons\/x-icon.png\" alt=\"Condividi su X\"><\/a><a href=\"\/\/www.dagospia.com\/politica\/la-guerra-non-porta-benefici-ne-vincitori-ne-soccombenti-sergio-485798\" target=\"_blank\"><img decoding=\"async\" src=\"https:\/\/static.dagospia.com\/img\/icons\/whatsapp.svg\" alt=\"Condividi su Whatsapp\"><\/a><a href=\"mailto:?body=http:\/\/www.dagospia.com\/politica\/la-guerra-non-porta-benefici-ne-vincitori-ne-soccombenti-sergio-485798\" target=\"_blank\"><img decoding=\"async\" src=\"https:\/\/static.dagospia.com\/img\/icons\/mail.svg\" alt=\"Invia in email\"><\/a><\/div>\n<\/div>\n<div class=\"content\">\n<p class=\"disable\"><strong>MATTARELLA, SI RIAFFACCIA USO FORZA PER PROPRIE PRETESE INTERNAZIONALI<\/strong><\/p>\n<p><a href=\"https:\/\/www.dagospia.com\/media-gallery\/dago-fotogallery-522225\/2302397\" class=\"float-right img-wrapper\"><img decoding=\"async\" id=\"2302397\" loading=\"lazy\" src=\"https:\/\/static.dagospia.com\/img\/foto\/09-2026\/videomessaggio-di-sergio-mattarella-al-forum-ambrosetti-di-cernobbio-2302397_800_q50.webp\"><span class=\"img-title\">videomessaggio di sergio mattarella al forum ambrosetti di cernobbio<\/span><\/a><\/p>\n<p class=\"disable\">(ANSA) &#8211; &#8220;Per un verso, si amplia repentinamente il novero delle sfide globali la cui soluzione richiede maggiore cooperazione tra gli Stati &#8211; dal cambiamento climatico, alle crisi sanitarie pandemiche, dalla disponibilit\u00e0 di risorse energetiche, alimentari e idriche, all&#8217;impatto dell&#8217;Intelligenza Artificiale.<\/p>\n<p class=\"disable\">\u00a0<\/p>\n<p class=\"disable\">Per l&#8217;altro, si affaccia nuovamente una pretesa predatoria delle risorse esistenti &#8211; materiali e immateriali &#8211; con una preoccupante tendenza a ripristinare politiche di potenza, con la minaccia, quando non l&#8217;uso, della forza, a sostegno di proprie pretese nella soluzione delle controversie internazionali&#8221;. Lo sottolinea il presidente della Repubblica, Sergio Mattarella, nel tradizionale messaggio di saluto al Forum Ambrosetti.<\/p>\n<p class=\"disable\">\u00a0<\/p>\n<p><a href=\"https:\/\/www.dagospia.com\/media-gallery\/dago-fotogallery-522225\/2285126\" class=\"float-left img-wrapper\"><img decoding=\"async\" id=\"2285126\" loading=\"lazy\" src=\"https:\/\/static.dagospia.com\/img\/foto\/07-2026\/sergio-mattarella-saluta-volodymyr-zelensky-parata-14-luglio-2026-parigi-2285126_800_q50.webp\"><span class=\"img-title\">sergio mattarella saluta volodymyr zelensky parata 14 luglio 2026 parigi <\/span><\/a><\/p>\n<p class=\"disable\"><strong>MATTARELLA: DA CONFLITTI NO BENEFICI, N\u00c9 A PRESUNTI VINCITORI N\u00c9 A SOCCOMBENTI<\/strong><\/p>\n<p class=\"disable\">(LaPresse) &#8211; &#8220;\u00c8 il caso di ricordare costi umani, politici, economici, sociali del disordine, della contrapposizione, della guerra. Basterebbe un&#8217;analisi di questi per concludere che politiche di potenza e conflitti sono manifestazioni di visione del futuro piuttosto che di autentica progettualit\u00e0, e che non portano alcun autentico beneficio n\u00e9 ai presunti vincitori n\u00e9 ai soccombenti.<\/p>\n<p class=\"disable\">\u00a0<\/p>\n<p class=\"disable\">Salvaguardare un ordine internazionale rispettoso della dignit\u00e0 delle persone e dei popoli sollecita un rapido esame delle necessarie condizioni di riforma e adattamento alla realt\u00e0 contemporanea, radicalmente diversa dalle condizioni degli anni del secondo dopoguerra, per renderlo pi\u00f9 adeguato ed efficace.<\/p>\n<p class=\"disable\">\u00a0<\/p>\n<p><a href=\"https:\/\/www.dagospia.com\/media-gallery\/dago-fotogallery-522225\/2290403\" class=\"float-right img-wrapper\"><img decoding=\"async\" id=\"2290403\" loading=\"lazy\" src=\"https:\/\/static.dagospia.com\/img\/foto\/07-2026\/benjamin-netanyahu-e-donald-trump-alla-casa-bianca-2290403_800_q50.webp\"><span class=\"img-title\">benjamin netanyahu e donald trump alla casa bianca<\/span><\/a><\/p>\n<p class=\"disable\">Un&#8217;esigenza evolutiva e riformatrice che, se riguarda la comunit\u00e0 globale, per numerosi aspetti riguarda il processo di integrazione europea&#8221;. Cos\u00ec il presidente della Repubblica, Sergio Mattarella, nel messaggio inviato in occasione del Forum di The European House &#8211; Ambrosetti, iniziato oggi a Cernobbio (Como).<\/p>\n<p class=\"disable\">\u00a0<\/p>\n<p class=\"disable\"><strong>UE: MATTARELLA, ASSUMA INIZIATIVE PER ORDINAMENTO INTERNAZIONALE EQUO<\/strong><\/p>\n<p class=\"disable\">(LaPresse) &#8211; &#8220;Il contributo&#8221; dell&#8217;Ue &#8220;a un ordinamento internazionale equo e condiviso \u00e8 prezioso e, su questo terreno, l&#8217;Europa deve saper giocare assumendo iniziative piuttosto che attestarsi su moduli di mera difesa. I necessari e urgenti cambiamenti nel funzionamento delle sue istituzioni, nella composizione, nella tempestivit\u00e0 delle decisioni, nelle priorit\u00e0, sono indispensabili per affermare le volont\u00e0 espresse dalla sovranit\u00e0 dei popoli che in essa si riuniscono.<\/p>\n<p class=\"disable\">\u00a0<\/p>\n<p><a href=\"https:\/\/www.dagospia.com\/media-gallery\/dago-fotogallery-522225\/2293777\" class=\"float-left img-wrapper\"><img decoding=\"async\" id=\"2293777\" loading=\"lazy\" src=\"https:\/\/static.dagospia.com\/img\/foto\/08-2026\/sergio-mattarella-in-vacanza-2293777_800_q50.webp\"><span class=\"img-title\">SERGIO MATTARELLA IN VACANZA<\/span><\/a><\/p>\n<p class=\"disable\">Le societ\u00e0 civili dei vari Paesi, il sistema delle imprese, sanno di avere una responsabilit\u00e0 speciale e un ruolo nel consentire all&#8217;Unione di essere rilevante, di avere una propria identit\u00e0, per continuare a rappresentare un modello virtuoso cui ispirare le relazioni internazionali&#8221;. Cos\u00ec il presidente della Repubblica, Sergio Mattarella, nel messaggio inviato in occasione del Forum di The European House &#8211; Ambrosetti, iniziato oggi a Cernobbio (Como).<\/p>\n<p class=\"disable\">\u00a0<\/p>\n<p class=\"disable\"><strong>UE: MATTARELLA, &#8216;SUCCESSI INDISCUTIBILI, INVIDIATI E OSTEGGIATI &#8216;<\/strong><\/p>\n<p class=\"disable\">(Adnkronos) &#8211; &#8220;L&#8217;Unione europea costituisce tuttora la manifestazione pi\u00f9 eclatante al mondo di condivisione di sovranit\u00e0, sorretta da valori comuni, capace di assicurare pace, diritti, prosperit\u00e0 diffusi a un gruppo di Stati, adusi per secoli a combattersi l&#8217;un l&#8217;altro. I suoi successi sono indiscutibili -e per questo, talvolta, invidiati e osteggiati- al pari della sua attrattivit\u00e0, tuttora intensa e vitale&#8221;.<\/p>\n<p class=\"disable\">\u00a0<\/p>\n<p><a href=\"https:\/\/www.dagospia.com\/media-gallery\/dago-fotogallery-522225\/2248523\" class=\"float-right img-wrapper\"><img decoding=\"async\" id=\"2248523\" loading=\"lazy\" src=\"https:\/\/static.dagospia.com\/img\/foto\/03-2026\/il-video-del-bombardamento-al-deposito-di-munizioni-di-isfahan-pubblicato-da-don-2248523_800_q50.webp\"><span class=\"img-title\">IL VIDEO DEL BOMBARDAMENTO AL DEPOSITO DI MUNIZIONI DI ISFAHAN PUBBLICATO DA DONALD TRUMP <\/span><\/a><\/p>\n<p class=\"disable\">Lo afferma il presidente della Repubblica, Sergio Mattarella, nel messaggio inviato al 52\/mo Forum organizzato da The European House-Ambrosetti. &#8220;La sua vocazione a proiettare verso l&#8217;esterno partenariati basati sul reciproco beneficio, iniziando da quello economico e commerciale, con diversi interlocutori, attraversa una stagione espansiva -ricorda il Capo dello Stato- ed \u00e8 ben testimoniata dal numero di Accordi di libero scambio recentemente siglati con Stati e associazioni di Stati di ogni continente&#8221;.<\/p>\n<p class=\"disable\">\u00a0<\/p>\n<p class=\"disable\">&#8220;Di questo modello di rapporti internazionali cooperativi, alternativo alla logica del pi\u00f9 forte o del profitto di rapina come unico parametro, dobbiamo andare orgogliosi: come in tutte le aree strategiche dove l&#8217;Unione interviene, \u00e8 infatti la persona a essere messa al centro. Questa scelta di fondo ha fatto s\u00ec che l&#8217;Ue abbia saputo costruire un progetto continentale ambizioso e avanzato, attento alle dimensioni dell&#8217;inclusione sociale, della tutela dell&#8217;ambiente, coniugate con la crescita economica&#8221;.<\/p>\n<p class=\"disable\">\u00a0<\/p>\n<p><a href=\"https:\/\/www.dagospia.com\/media-gallery\/dago-fotogallery-522225\/2285604\" class=\"float-right img-wrapper\"><img decoding=\"async\" id=\"2285604\" loading=\"lazy\" src=\"https:\/\/static.dagospia.com\/img\/foto\/07-2026\/sergio-mattarella-33-2285604_800_q50.webp\"><span class=\"img-title\">Sergio Mattarella 33<\/span><\/a><\/p>\n<p class=\"disable\">&#8220;L&#8217;Unione europea, lungi dal pensare di rinunciare ai suoi valori, appare pi\u00f9 che mai -sottolinea il Presidente della Repubblica- un&#8217;impellente necessit\u00e0 per affermare standard di vivibilit\u00e0 per i popoli dell&#8217;intero pianeta. Il suo contributo a un ordinamento internazionale equo e condiviso \u00e8 prezioso e, su questo terreno, l&#8217;Europa deve saper giocare assumendo iniziative piuttosto che attestarsi su moduli di mera difesa&#8221;.<\/p>\n<p class=\"disable\">\u00a0<\/p>\n<p class=\"disable\">&#8220;I necessari e urgenti cambiamenti nel funzionamento delle sue istituzioni, nella composizione, nella tempestivit\u00e0 delle decisioni, nelle priorit\u00e0, sono indispensabili per affermare le volont\u00e0 espresse dalla sovranit\u00e0 dei popoli che in essa si riuniscono. Le societ\u00e0 civili dei vari Paesi, il sistema delle imprese, sanno -conclude Mattarella &#8211; di avere una responsabilit\u00e0 speciale e un ruolo nel consentire all&#8217;Unione di essere rilevante, di avere una propria identit\u00e0, per continuare a rappresentare un modello virtuoso cui ispirare le relazioni internazionali&#8221;.<\/p>\n<p><a href=\"https:\/\/www.dagospia.com\/media-gallery\/dago-fotogallery-522225\/2285125\" class=\"float-left img-wrapper\"><img decoding=\"async\" id=\"2285125\" loading=\"lazy\" src=\"https:\/\/static.dagospia.com\/img\/foto\/07-2026\/sergio-mattarella-in-prima-fila-alla-parata-del-14-luglio-2026-a-parigi-2285125_800_q50.webp\"><span class=\"img-title\">sergio mattarella in prima fila alla parata del 14 luglio 2026 a parigi <\/span><\/a><\/p>\n<p class=\"disable\">\u00a0<\/p>\n<p class=\"disable\"><strong>MATTARELLA: &#8216;AUMENTANO SFIDE GLOBALI, MA SI RISPONDE CON POLITICHE POTENZA&#8217;<\/strong><\/p>\n<p class=\"disable\"><strong>(Adnkronos)<\/strong> &#8211; &#8220;Il frangente storico che viviamo appare complesso e caratterizzato da una fase di transizione che, mentre dichiara non pi\u00f9 attuale l&#8217;esistente equilibrio, non sembra impegnata a costruirne uno nuovo, limitandosi -spesso con uno sguardo rivolto a stagioni passate che non ci sono pi\u00f9- a mettere in discussione i valori sui quali le societ\u00e0 nazionali hanno costruito il loro presente.<\/p>\n<p class=\"disable\">\u00a0<\/p>\n<p class=\"disable\">Per un verso, si amplia repentinamente il novero delle sfide globali la cui soluzione richiede maggiore cooperazione tra gli Stati -dal cambiamento climatico, alle crisi sanitarie pandemiche, dalla disponibilit\u00e0 di risorse energetiche, alimentari e idriche, all&#8217;impatto dell&#8217;Intelligenza Artificiale.<\/p>\n<p class=\"disable\">\u00a0<\/p>\n<p><a href=\"https:\/\/www.dagospia.com\/media-gallery\/dago-fotogallery-522225\/2301495\" class=\"float-right img-wrapper\"><img decoding=\"async\" id=\"2301495\" loading=\"lazy\" src=\"https:\/\/static.dagospia.com\/img\/foto\/09-2026\/la-guerra-di-trump-all-iran-vignetta-by-giannelli-2301495_800_q50.webp\"><span class=\"img-title\">LA GUERRA DI TRUMP ALL IRAN &#8211; VIGNETTA BY GIANNELLI <\/span><\/a><\/p>\n<p class=\"disable\">Per l&#8217;altro, si affaccia nuovamente una pretesa predatoria delle risorse esistenti -materiali e immateriali- con una preoccupante tendenza a ripristinare politiche di potenza, con la minaccia, quando non l&#8217;uso, della forza, a sostegno di proprie pretese nella soluzione delle controversie internazionali&#8221;. Lo afferma il presidente della Repubblica, Sergio Mattarella, nel messaggio inviato al 52\/mo Forum organizzato da The European House-Ambrosetti.<\/p>\n<p class=\"disable\">\u00a0<\/p>\n<p class=\"disable\">\u00a0&#8220;Il concetto di sicurezza di alcuni -aggiunge il Capo dello Stato- avverrebbe cos\u00ec a spese di quella di altri, con una visione coercitiva dell&#8217;interdipendenza, che riporta a epoche coloniali, facendo retrocedere la storia della civilt\u00e0 umana. Crescenti pressioni sull&#8217;ordine multilaterale -realizzato nel secolo scorso sulla spinta degli orrori della Seconda guerra mondiale- a vantaggio di logiche di corto respiro, archiviano i grandi benefici che questo ha recato in termini di pacificazione, indipendenza, emancipazione economica e sociale di vaste porzioni del mondo&#8221;.<\/p>\n<p class=\"disable\">\u00a0<\/p>\n<p><a href=\"https:\/\/www.dagospia.com\/media-gallery\/dago-fotogallery-522225\/2286882\" class=\"float-right img-wrapper\"><img decoding=\"async\" id=\"2286882\" loading=\"lazy\" src=\"https:\/\/static.dagospia.com\/img\/foto\/07-2026\/attacco-missilistico-russo-a-kiev-in-ucraina-foto-lapresse-2-2286882_800_q50.webp\"><span class=\"img-title\">attacco missilistico russo a kiev in ucraina foto lapresse 2<\/span><\/a><\/p>\n<p class=\"disable\">&#8220;Il Forum Ambrosetti -ricorda ancora il Presidente della Repubblica- ha saputo monitorare, nel corso del tempo, questi passaggi. Se guardiamo alle prospettive del futuro prossimo e ai segnali che destano maggiore preoccupazione in termini di instabilit\u00e0 o contrapposizione, \u00e8 opinione largamente diffusa che proprio nel momento in cui la stabilit\u00e0 e l&#8217;efficacia di tale ordine si rendono pi\u00f9 necessarie, esso oggi appaia minacciato e messo alla prova nelle sue regole e nelle sue prassi.<\/p>\n<p class=\"disable\">\u00a0<\/p>\n<p class=\"disable\">Eppure, \u00e8 appena il caso di ricordare i costi umani, politici, economici, sociali del disordine, della contrapposizione, della guerra. Basterebbe un&#8217;analisi di questi per concludere che politiche di potenza e conflitti sono manifestazioni di visione del futuro piuttosto che di autentica progettualit\u00e0, e che non portano alcun autentico beneficio n\u00e9 ai presunti vincitori n\u00e9 ai soccombenti&#8221;. &#8220;Salvaguardare un ordine internazionale rispettoso della dignit\u00e0 delle persone e dei popoli -conclude Mattarella- sollecita un rapido esame delle necessarie condizioni di riforma e adattamento alla realt\u00e0 contemporanea, radicalmente diversa dalle condizioni degli anni del secondo dopoguerra, per renderlo pi\u00f9 adeguato ed efficace&#8221;.<\/p>\n<p class=\"disable\">\u00a0<\/p>\n<p class=\"disable\"><strong>MATTARELLA, FASE ATTUALE CON SGUARDO RIVOLTO STAGIONI PASSATE<\/strong><\/p>\n<p><a href=\"https:\/\/www.dagospia.com\/media-gallery\/dago-fotogallery-522225\/2283526\" class=\"float-left img-wrapper\"><img decoding=\"async\" id=\"2283526\" loading=\"lazy\" src=\"https:\/\/static.dagospia.com\/img\/foto\/07-2026\/il-presidente-della-repubblica-sergio-mattarella-2283526_800_q50.webp\"><span class=\"img-title\">Il presidente della Repubblica Sergio Mattarella<\/span><\/a><\/p>\n<p class=\"disable\">(AGI) &#8211; &#8220;Il frangente storico che viviamo appare complesso e caratterizzato da una fase di transizione che, mentre dichiara non piu&#8217; attuale l&#8217;esistente equilibrio, non sembra impegnata a costruirne uno nuovo, limitandosi &#8211; spesso con uno sguardo rivolto a stagioni passate che non ci sono piu&#8217; &#8211; a mettere in discussione i valori sui quali le societa&#8217; nazionali hanno costruito il loro presente&#8221;. A scriverlo Sergio Mattarella, presidente della Repubblica, nel suo messaggio per l&#8217;inaugurazione del Forum Teha di Cernobbio.<\/p>\n<p class=\"disable\">\u00a0<\/p>\n<p class=\"disable\"><strong>UE: MATTARELLA, IMPELLENTE NECESSIT\u00c0 PER AFFERMARE STANDARD VIVIBILIT\u00c0 CE<\/strong><\/p>\n<p class=\"disable\">(LaPresse) &#8211; &#8220;L&#8217;Unione Europea, lungi dal pensare di rinunciare ai suoi valori, appare pi\u00f9 che mai un&#8217;impellente necessit\u00e0 per affermare standard di vivibilit\u00e0 per i popoli dell&#8217;intero pianeta&#8221;. Cos\u00ec il presidente della Repubblica, Sergio Mattarella, nel messaggio inviato in occasione del Forum di The European House &#8211; Ambrosetti, iniziato oggi a Cernobbio (Como).&#8221;Le societ\u00e0 civili dei vari Paesi, il sistema delle imprese, sanno di avere una responsabilit\u00e0 speciale e un ruolo nel consentire all\u2019Unione di essere rilevante, di avere una propria identit\u00e0, per continuare a rappresentare un modello virtuoso cui ispirare le relazioni internazionali&#8221;, aggiunge Mattarella.<\/p>\n<p><a href=\"https:\/\/www.dagospia.com\/media-gallery\/dago-fotogallery-522225\/2286880\" class=\"float-right img-wrapper\"><img decoding=\"async\" id=\"2286880\" loading=\"lazy\" src=\"https:\/\/static.dagospia.com\/img\/foto\/07-2026\/attacco-missilistico-russo-a-kiev-in-ucraina-foto-lapresse-5-2286880_800_q50.webp\"><span class=\"img-title\">attacco missilistico russo a kiev in ucraina foto lapresse 5<\/span><\/a><\/p>\n<\/div>\n<div class=\"share-section\">\n                Condividi  questo articolo<\/p>\n<div class=\"socials\"><a href=\"https:\/\/www.dagospia.com\/politica\/la-guerra-non-porta-benefici-ne-vincitori-ne-soccombenti-sergio-485798\"><img decoding=\"async\" src=\"https:\/\/static.dagospia.com\/img\/icons\/facebook.svg\" alt=\"Condividi su Facebook\"><\/a><a href=\"https:\/\/www.dagospia.com\/politica\/la-guerra-non-porta-benefici-ne-vincitori-ne-soccombenti-sergio-485798\"><img decoding=\"async\" src=\"https:\/\/static.dagospia.com\/img\/icons\/x-icon.png\" alt=\"Condividi su X\"><\/a><a href=\"https:\/\/www.dagospia.com\/politica\/la-guerra-non-porta-benefici-ne-vincitori-ne-soccombenti-sergio-485798\"><img decoding=\"async\" src=\"https:\/\/static.dagospia.com\/img\/icons\/whatsapp.svg\" alt=\"Condividi su Whatsapp\"><\/a><a href=\"https:\/\/www.dagospia.com\/politica\/la-guerra-non-porta-benefici-ne-vincitori-ne-soccombenti-sergio-485798\"><img decoding=\"async\" src=\"https:\/\/static.dagospia.com\/img\/icons\/mail.svg\" alt=\"Invia in email\"><\/a><\/div>\n<\/div>\n<\/article>\n<div class=\"content\">\n<p class=\"disable\"><strong>MATTARELLA, SI RIAFFACCIA USO FORZA PER PROPRIE PRETESE INTERNAZIONALI<\/strong><\/p>\n<p><a href=\"https:\/\/www.dagospia.com\/media-gallery\/dago-fotogallery-522225\/2302397\" class=\"float-right img-wrapper\"><img decoding=\"async\" id=\"2302397\" loading=\"lazy\" src=\"https:\/\/static.dagospia.com\/img\/foto\/09-2026\/videomessaggio-di-sergio-mattarella-al-forum-ambrosetti-di-cernobbio-2302397_800_q50.webp\"><span class=\"img-title\">videomessaggio di sergio mattarella al forum ambrosetti di cernobbio<\/span><\/a><\/p>\n<p class=\"disable\">(ANSA) &#8211; &#8220;Per un verso, si amplia repentinamente il novero delle sfide globali la cui soluzione richiede maggiore cooperazione tra gli Stati &#8211; dal cambiamento climatico, alle crisi sanitarie pandemiche, dalla disponibilit\u00e0 di risorse energetiche, alimentari e idriche, all&#8217;impatto dell&#8217;Intelligenza Artificiale.<\/p>\n<p class=\"disable\">\u00a0<\/p>\n<p class=\"disable\">Per l&#8217;altro, si affaccia nuovamente una pretesa predatoria delle risorse esistenti &#8211; materiali e immateriali &#8211; con una preoccupante tendenza a ripristinare politiche di potenza, con la minaccia, quando non l&#8217;uso, della forza, a sostegno di proprie pretese nella soluzione delle controversie internazionali&#8221;. Lo sottolinea il presidente della Repubblica, Sergio Mattarella, nel tradizionale messaggio di saluto al Forum Ambrosetti.<\/p>\n<p class=\"disable\">\u00a0<\/p>\n<p><a href=\"https:\/\/www.dagospia.com\/media-gallery\/dago-fotogallery-522225\/2285126\" class=\"float-left img-wrapper\"><img decoding=\"async\" id=\"2285126\" loading=\"lazy\" src=\"https:\/\/static.dagospia.com\/img\/foto\/07-2026\/sergio-mattarella-saluta-volodymyr-zelensky-parata-14-luglio-2026-parigi-2285126_800_q50.webp\"><span class=\"img-title\">sergio mattarella saluta volodymyr zelensky parata 14 luglio 2026 parigi <\/span><\/a><\/p>\n<p class=\"disable\"><strong>MATTARELLA: DA CONFLITTI NO BENEFICI, N\u00c9 A PRESUNTI VINCITORI N\u00c9 A SOCCOMBENTI<\/strong><\/p>\n<p class=\"disable\">(LaPresse) &#8211; &#8220;\u00c8 il caso di ricordare costi umani, politici, economici, sociali del disordine, della contrapposizione, della guerra. Basterebbe un&#8217;analisi di questi per concludere che politiche di potenza e conflitti sono manifestazioni di visione del futuro piuttosto che di autentica progettualit\u00e0, e che non portano alcun autentico beneficio n\u00e9 ai presunti vincitori n\u00e9 ai soccombenti.<\/p>\n<p class=\"disable\">\u00a0<\/p>\n<p class=\"disable\">Salvaguardare un ordine internazionale rispettoso della dignit\u00e0 delle persone e dei popoli sollecita un rapido esame delle necessarie condizioni di riforma e adattamento alla realt\u00e0 contemporanea, radicalmente diversa dalle condizioni degli anni del secondo dopoguerra, per renderlo pi\u00f9 adeguato ed efficace.<\/p>\n<p class=\"disable\">\u00a0<\/p>\n<p><a href=\"https:\/\/www.dagospia.com\/media-gallery\/dago-fotogallery-522225\/2290403\" class=\"float-right img-wrapper\"><img decoding=\"async\" id=\"2290403\" loading=\"lazy\" src=\"https:\/\/static.dagospia.com\/img\/foto\/07-2026\/benjamin-netanyahu-e-donald-trump-alla-casa-bianca-2290403_800_q50.webp\"><span class=\"img-title\">benjamin netanyahu e donald trump alla casa bianca<\/span><\/a><\/p>\n<p class=\"disable\">Un&#8217;esigenza evolutiva e riformatrice che, se riguarda la comunit\u00e0 globale, per numerosi aspetti riguarda il processo di integrazione europea&#8221;. Cos\u00ec il presidente della Repubblica, Sergio Mattarella, nel messaggio inviato in occasione del Forum di The European House &#8211; Ambrosetti, iniziato oggi a Cernobbio (Como).<\/p>\n<p class=\"disable\">\u00a0<\/p>\n<p class=\"disable\"><strong>UE: MATTARELLA, ASSUMA INIZIATIVE PER ORDINAMENTO INTERNAZIONALE EQUO<\/strong><\/p>\n<p class=\"disable\">(LaPresse) &#8211; &#8220;Il contributo&#8221; dell&#8217;Ue &#8220;a un ordinamento internazionale equo e condiviso \u00e8 prezioso e, su questo terreno, l&#8217;Europa deve saper giocare assumendo iniziative piuttosto che attestarsi su moduli di mera difesa. I necessari e urgenti cambiamenti nel funzionamento delle sue istituzioni, nella composizione, nella tempestivit\u00e0 delle decisioni, nelle priorit\u00e0, sono indispensabili per affermare le volont\u00e0 espresse dalla sovranit\u00e0 dei popoli che in essa si riuniscono.<\/p>\n<p class=\"disable\">\u00a0<\/p>\n<p><a href=\"https:\/\/www.dagospia.com\/media-gallery\/dago-fotogallery-522225\/2293777\" class=\"float-left img-wrapper\"><img decoding=\"async\" id=\"2293777\" loading=\"lazy\" src=\"https:\/\/static.dagospia.com\/img\/foto\/08-2026\/sergio-mattarella-in-vacanza-2293777_800_q50.webp\"><span class=\"img-title\">SERGIO MATTARELLA IN VACANZA<\/span><\/a><\/p>\n<p class=\"disable\">Le societ\u00e0 civili dei vari Paesi, il sistema delle imprese, sanno di avere una responsabilit\u00e0 speciale e un ruolo nel consentire all&#8217;Unione di essere rilevante, di avere una propria identit\u00e0, per continuare a rappresentare un modello virtuoso cui ispirare le relazioni internazionali&#8221;. Cos\u00ec il presidente della Repubblica, Sergio Mattarella, nel messaggio inviato in occasione del Forum di The European House &#8211; Ambrosetti, iniziato oggi a Cernobbio (Como).<\/p>\n<p class=\"disable\">\u00a0<\/p>\n<p class=\"disable\"><strong>UE: MATTARELLA, &#8216;SUCCESSI INDISCUTIBILI, INVIDIATI E OSTEGGIATI &#8216;<\/strong><\/p>\n<p class=\"disable\">(Adnkronos) &#8211; &#8220;L&#8217;Unione europea costituisce tuttora la manifestazione pi\u00f9 eclatante al mondo di condivisione di sovranit\u00e0, sorretta da valori comuni, capace di assicurare pace, diritti, prosperit\u00e0 diffusi a un gruppo di Stati, adusi per secoli a combattersi l&#8217;un l&#8217;altro. I suoi successi sono indiscutibili -e per questo, talvolta, invidiati e osteggiati- al pari della sua attrattivit\u00e0, tuttora intensa e vitale&#8221;.<\/p>\n<p class=\"disable\">\u00a0<\/p>\n<p><a href=\"https:\/\/www.dagospia.com\/media-gallery\/dago-fotogallery-522225\/2248523\" class=\"float-right img-wrapper\"><img decoding=\"async\" id=\"2248523\" loading=\"lazy\" src=\"https:\/\/static.dagospia.com\/img\/foto\/03-2026\/il-video-del-bombardamento-al-deposito-di-munizioni-di-isfahan-pubblicato-da-don-2248523_800_q50.webp\"><span class=\"img-title\">IL VIDEO DEL BOMBARDAMENTO AL DEPOSITO DI MUNIZIONI DI ISFAHAN PUBBLICATO DA DONALD TRUMP <\/span><\/a><\/p>\n<p class=\"disable\">Lo afferma il presidente della Repubblica, Sergio Mattarella, nel messaggio inviato al 52\/mo Forum organizzato da The European House-Ambrosetti. &#8220;La sua vocazione a proiettare verso l&#8217;esterno partenariati basati sul reciproco beneficio, iniziando da quello economico e commerciale, con diversi interlocutori, attraversa una stagione espansiva -ricorda il Capo dello Stato- ed \u00e8 ben testimoniata dal numero di Accordi di libero scambio recentemente siglati con Stati e associazioni di Stati di ogni continente&#8221;.<\/p>\n<p class=\"disable\">\u00a0<\/p>\n<p class=\"disable\">&#8220;Di questo modello di rapporti internazionali cooperativi, alternativo alla logica del pi\u00f9 forte o del profitto di rapina come unico parametro, dobbiamo andare orgogliosi: come in tutte le aree strategiche dove l&#8217;Unione interviene, \u00e8 infatti la persona a essere messa al centro. Questa scelta di fondo ha fatto s\u00ec che l&#8217;Ue abbia saputo costruire un progetto continentale ambizioso e avanzato, attento alle dimensioni dell&#8217;inclusione sociale, della tutela dell&#8217;ambiente, coniugate con la crescita economica&#8221;.<\/p>\n<p class=\"disable\">\u00a0<\/p>\n<p><a href=\"https:\/\/www.dagospia.com\/media-gallery\/dago-fotogallery-522225\/2285604\" class=\"float-right img-wrapper\"><img decoding=\"async\" id=\"2285604\" loading=\"lazy\" src=\"https:\/\/static.dagospia.com\/img\/foto\/07-2026\/sergio-mattarella-33-2285604_800_q50.webp\"><span class=\"img-title\">Sergio Mattarella 33<\/span><\/a><\/p>\n<p class=\"disable\">&#8220;L&#8217;Unione europea, lungi dal pensare di rinunciare ai suoi valori, appare pi\u00f9 che mai -sottolinea il Presidente della Repubblica- un&#8217;impellente necessit\u00e0 per affermare standard di vivibilit\u00e0 per i popoli dell&#8217;intero pianeta. Il suo contributo a un ordinamento internazionale equo e condiviso \u00e8 prezioso e, su questo terreno, l&#8217;Europa deve saper giocare assumendo iniziative piuttosto che attestarsi su moduli di mera difesa&#8221;.<\/p>\n<p class=\"disable\">\u00a0<\/p>\n<p class=\"disable\">&#8220;I necessari e urgenti cambiamenti nel funzionamento delle sue istituzioni, nella composizione, nella tempestivit\u00e0 delle decisioni, nelle priorit\u00e0, sono indispensabili per affermare le volont\u00e0 espresse dalla sovranit\u00e0 dei popoli che in essa si riuniscono. Le societ\u00e0 civili dei vari Paesi, il sistema delle imprese, sanno -conclude Mattarella &#8211; di avere una responsabilit\u00e0 speciale e un ruolo nel consentire all&#8217;Unione di essere rilevante, di avere una propria identit\u00e0, per continuare a rappresentare un modello virtuoso cui ispirare le relazioni internazionali&#8221;.<\/p>\n<p><a href=\"https:\/\/www.dagospia.com\/media-gallery\/dago-fotogallery-522225\/2285125\" class=\"float-left img-wrapper\"><img decoding=\"async\" id=\"2285125\" loading=\"lazy\" src=\"https:\/\/static.dagospia.com\/img\/foto\/07-2026\/sergio-mattarella-in-prima-fila-alla-parata-del-14-luglio-2026-a-parigi-2285125_800_q50.webp\"><span class=\"img-title\">sergio mattarella in prima fila alla parata del 14 luglio 2026 a parigi <\/span><\/a><\/p>\n<p class=\"disable\">\u00a0<\/p>\n<p class=\"disable\"><strong>MATTARELLA: &#8216;AUMENTANO SFIDE GLOBALI, MA SI RISPONDE CON POLITICHE POTENZA&#8217;<\/strong><\/p>\n<p class=\"disable\"><strong>(Adnkronos)<\/strong> &#8211; &#8220;Il frangente storico che viviamo appare complesso e caratterizzato da una fase di transizione che, mentre dichiara non pi\u00f9 attuale l&#8217;esistente equilibrio, non sembra impegnata a costruirne uno nuovo, limitandosi -spesso con uno sguardo rivolto a stagioni passate che non ci sono pi\u00f9- a mettere in discussione i valori sui quali le societ\u00e0 nazionali hanno costruito il loro presente.<\/p>\n<p class=\"disable\">\u00a0<\/p>\n<p class=\"disable\">Per un verso, si amplia repentinamente il novero delle sfide globali la cui soluzione richiede maggiore cooperazione tra gli Stati -dal cambiamento climatico, alle crisi sanitarie pandemiche, dalla disponibilit\u00e0 di risorse energetiche, alimentari e idriche, all&#8217;impatto dell&#8217;Intelligenza Artificiale.<\/p>\n<p class=\"disable\">\u00a0<\/p>\n<p><a href=\"https:\/\/www.dagospia.com\/media-gallery\/dago-fotogallery-522225\/2301495\" class=\"float-right img-wrapper\"><img decoding=\"async\" id=\"2301495\" loading=\"lazy\" src=\"https:\/\/static.dagospia.com\/img\/foto\/09-2026\/la-guerra-di-trump-all-iran-vignetta-by-giannelli-2301495_800_q50.webp\"><span class=\"img-title\">LA GUERRA DI TRUMP ALL IRAN &#8211; VIGNETTA BY GIANNELLI <\/span><\/a><\/p>\n<p class=\"disable\">Per l&#8217;altro, si affaccia nuovamente una pretesa predatoria delle risorse esistenti -materiali e immateriali- con una preoccupante tendenza a ripristinare politiche di potenza, con la minaccia, quando non l&#8217;uso, della forza, a sostegno di proprie pretese nella soluzione delle controversie internazionali&#8221;. Lo afferma il presidente della Repubblica, Sergio Mattarella, nel messaggio inviato al 52\/mo Forum organizzato da The European House-Ambrosetti.<\/p>\n<p class=\"disable\">\u00a0<\/p>\n<p class=\"disable\">\u00a0&#8220;Il concetto di sicurezza di alcuni -aggiunge il Capo dello Stato- avverrebbe cos\u00ec a spese di quella di altri, con una visione coercitiva dell&#8217;interdipendenza, che riporta a epoche coloniali, facendo retrocedere la storia della civilt\u00e0 umana. Crescenti pressioni sull&#8217;ordine multilaterale -realizzato nel secolo scorso sulla spinta degli orrori della Seconda guerra mondiale- a vantaggio di logiche di corto respiro, archiviano i grandi benefici che questo ha recato in termini di pacificazione, indipendenza, emancipazione economica e sociale di vaste porzioni del mondo&#8221;.<\/p>\n<p class=\"disable\">\u00a0<\/p>\n<p><a href=\"https:\/\/www.dagospia.com\/media-gallery\/dago-fotogallery-522225\/2286882\" class=\"float-right img-wrapper\"><img decoding=\"async\" id=\"2286882\" loading=\"lazy\" src=\"https:\/\/static.dagospia.com\/img\/foto\/07-2026\/attacco-missilistico-russo-a-kiev-in-ucraina-foto-lapresse-2-2286882_800_q50.webp\"><span class=\"img-title\">attacco missilistico russo a kiev in ucraina foto lapresse 2<\/span><\/a><\/p>\n<p class=\"disable\">&#8220;Il Forum Ambrosetti -ricorda ancora il Presidente della Repubblica- ha saputo monitorare, nel corso del tempo, questi passaggi. Se guardiamo alle prospettive del futuro prossimo e ai segnali che destano maggiore preoccupazione in termini di instabilit\u00e0 o contrapposizione, \u00e8 opinione largamente diffusa che proprio nel momento in cui la stabilit\u00e0 e l&#8217;efficacia di tale ordine si rendono pi\u00f9 necessarie, esso oggi appaia minacciato e messo alla prova nelle sue regole e nelle sue prassi.<\/p>\n<p class=\"disable\">\u00a0<\/p>\n<p class=\"disable\">Eppure, \u00e8 appena il caso di ricordare i costi umani, politici, economici, sociali del disordine, della contrapposizione, della guerra. Basterebbe un&#8217;analisi di questi per concludere che politiche di potenza e conflitti sono manifestazioni di visione del futuro piuttosto che di autentica progettualit\u00e0, e che non portano alcun autentico beneficio n\u00e9 ai presunti vincitori n\u00e9 ai soccombenti&#8221;. &#8220;Salvaguardare un ordine internazionale rispettoso della dignit\u00e0 delle persone e dei popoli -conclude Mattarella- sollecita un rapido esame delle necessarie condizioni di riforma e adattamento alla realt\u00e0 contemporanea, radicalmente diversa dalle condizioni degli anni del secondo dopoguerra, per renderlo pi\u00f9 adeguato ed efficace&#8221;.<\/p>\n<p class=\"disable\">\u00a0<\/p>\n<p class=\"disable\"><strong>MATTARELLA, FASE ATTUALE CON SGUARDO RIVOLTO STAGIONI PASSATE<\/strong><\/p>\n<p><a href=\"https:\/\/www.dagospia.com\/media-gallery\/dago-fotogallery-522225\/2283526\" class=\"float-left img-wrapper\"><img decoding=\"async\" id=\"2283526\" loading=\"lazy\" src=\"https:\/\/static.dagospia.com\/img\/foto\/07-2026\/il-presidente-della-repubblica-sergio-mattarella-2283526_800_q50.webp\"><span class=\"img-title\">Il presidente della Repubblica Sergio Mattarella<\/span><\/a><\/p>\n<p class=\"disable\">(AGI) &#8211; &#8220;Il frangente storico che viviamo appare complesso e caratterizzato da una fase di transizione che, mentre dichiara non piu&#8217; attuale l&#8217;esistente equilibrio, non sembra impegnata a costruirne uno nuovo, limitandosi &#8211; spesso con uno sguardo rivolto a stagioni passate che non ci sono piu&#8217; &#8211; a mettere in discussione i valori sui quali le societa&#8217; nazionali hanno costruito il loro presente&#8221;. A scriverlo Sergio Mattarella, presidente della Repubblica, nel suo messaggio per l&#8217;inaugurazione del Forum Teha di Cernobbio.<\/p>\n<p class=\"disable\">\u00a0<\/p>\n<p class=\"disable\"><strong>UE: MATTARELLA, IMPELLENTE NECESSIT\u00c0 PER AFFERMARE STANDARD VIVIBILIT\u00c0 CE<\/strong><\/p>\n<p class=\"disable\">(LaPresse) &#8211; &#8220;L&#8217;Unione Europea, lungi dal pensare di rinunciare ai suoi valori, appare pi\u00f9 che mai un&#8217;impellente necessit\u00e0 per affermare standard di vivibilit\u00e0 per i popoli dell&#8217;intero pianeta&#8221;. Cos\u00ec il presidente della Repubblica, Sergio Mattarella, nel messaggio inviato in occasione del Forum di The European House &#8211; Ambrosetti, iniziato oggi a Cernobbio (Como).&#8221;Le societ\u00e0 civili dei vari Paesi, il sistema delle imprese, sanno di avere una responsabilit\u00e0 speciale e un ruolo nel consentire all\u2019Unione di essere rilevante, di avere una propria identit\u00e0, per continuare a rappresentare un modello virtuoso cui ispirare le relazioni internazionali&#8221;, aggiunge Mattarella.<\/p>\n<p><a href=\"https:\/\/www.dagospia.com\/media-gallery\/dago-fotogallery-522225\/2286880\" class=\"float-right img-wrapper\"><img decoding=\"async\" id=\"2286880\" loading=\"lazy\" src=\"https:\/\/static.dagospia.com\/img\/foto\/07-2026\/attacco-missilistico-russo-a-kiev-in-ucraina-foto-lapresse-5-2286880_800_q50.webp\"><span class=\"img-title\">attacco missilistico russo a kiev in ucraina foto lapresse 5<\/span><\/a><\/p>\n<\/div>\n<article><a href=\"https:\/\/www.dagospia.com\/cronache\/la-camorra-indaga-legge-ringrazia-ad-indirizzare-indagini-lavitola-485901\"><\/p>\n<div class=\"img-wrapper\"><img decoding=\"async\" src=\"https:\/\/static.dagospia.com\/img\/patch\/09-2026\/attentato-sigfrido-ranucci-bomba-valter-lavitola-clesio-gomes-tavares-pellegrino-2302877_600_q50.webp\" alt=\"attentato sigfrido ranucci bomba valter lavitola clesio gomes tavares pellegrino d\u2019avino davino antonio passariello saverio mutone \" loading=\"lazy\"><time class=\"data-ora\">4 set 19:43<\/time><\/div>\n<div class=\"excerpt\">\n<p>DAGOREPORT-\u00a0<span>PECCATO CHE SIANO SCOMPARSI I POLIZIOTTESCHI DEGLI ANNI \u201970, TIPO: \u201cLA CAMORRA SFIDA, NAPOLI RISPONDE\u2019\u2019.<\/span> DAVANTI AI COLPI DI SCENA DEL GASTRO-CRIMINAL-SHOW, STARRING LAVITOLA E RANUCCI, AVREBBERO SCODELLATO UN BEL FILMONE, INTITOLATO: <span>\u201cLA CAMORRA INDAGA, LA LEGGE RINGRAZIA\u201d \u2013<\/span> QUANDO RANUCCI INDIRIZZA LE INDAGINI SULLA PISTA DELLA CAMORRA, IL CLAN CAVA, STORICA ORGANIZZAZIONE IRPINA DI QUINDICI, NON HA PRESO PER NIENTE BENE DI FINIRE SOTTO PRESSIONE PER IL LAVORO INVESTIGATIVO DEI CARABINIERI \u2013 <span>INDAGANO E SCOPRONO CHE ANTONIO PASSARIELLO, L\u2019UNICO LORO AFFILIATO DEL QUARTETTO BOMBAROLO (GLI ALTRI TRE NON ERANO ORGANICI AL CLAN),<\/span> NON SI ERA PREOCCUPATO DI INFORMARE IL VERTICE DEL CLAN, N\u00c9 DI RICEVERE IL VIA LIBERA PER COMPIERE L\u2019ATTENTATO &#8211; I CAMORRISTI DECIDONO ALLORA DI INDIRIZZARE GLI INQUIRENTI SULLA PISTA GIUSTA, INVIANDO UNA MAIL AL PM: <span>\u201cSE CE LO AVREBBE DETTO NON GLIELO AVREMMO MAI PERMESSO PERCH\u00c9 RANUCCI A NOI NON CI HA FATTO NIENTE E QUESTO SONO GUAI CHE NON VOGLIAMO<\/span>, ALLORA PRIMA CHE SI MISCHIANO LE CARTE, LE COSE STANNO COSI\u2026\u201d. E GI\u00d9 UN NUMERO DI TELEFONO INTESTATO A UN\u2019ALTRA PERSONA MA UTILIZZATO DA PASSARIELLO, CHE GLI INVESTIGATORI NON AVEVANO ANCORA SCOPERTO. <span>DA L\u00cc, INTERCETTANDO INTERCETTANDO, SI \u00c8 FINITI A TAVARES E LAVITOLA\u2026<\/span> &#8211; VIDEO<\/p>\n<\/div>\n<p><\/a><\/article>\n<article><a href=\"https:\/\/www.dagospia.com\/politica\/flash-e-non-e-lui-ministro-per-pubblica-amministrazione-paolo-zangrillo-485844\"><\/p>\n<div class=\"img-wrapper\"><img decoding=\"async\" src=\"https:\/\/static.dagospia.com\/img\/patch\/09-2026\/paolo-zangrillo-in-un-volo-di-linea-ita-airways-da-lamezia-a-milano-3-2302703_600_q50.webp\" alt=\"paolo zangrillo in un volo di linea ita airways da lamezia a milano - 3\" loading=\"lazy\"><time class=\"data-ora\">4 set 13:08<\/time><\/div>\n<div class=\"excerpt\">\n<p>FLASH \u2013 \u00c8 LUI O NON \u00c8 LUI? MA CERTO CHE \u00c8 LUI! IL MINISTRO PER LA PUBBLICA AMMINISTRAZIONE (IN QUOTA MARINA) <span>PAOLO ZANGRILLO, CHE SCALPITA PER FARE LE SCARPE A TAJANI, \u00c8 STATO AVVISTATO POCO FA IN UN VOLO DI LINEA DA LAMEZIA TERME A MILANO LINATE<\/span>, IN MEZZO A IGNARI PASSEGGERI. CHE COSA LO ASPETTA ALL\u2019OMBRA DELLA MADUNINA? RIFERIR\u00c0 A \u201cMADRINA\u201d BERLUSCONI L\u2019ESITO DEL SUO TETE-A-TETE CON ROBERTO OCCHIUTO, ALTRO COCCO DELLA REAL CASATA DI ARCORE?<\/p>\n<\/div>\n<p><\/a><\/article>\n<article><a href=\"https:\/\/www.dagospia.com\/politica\/dagoreport-giorgia-meloni-e-in-modalita-cattivissima-me-fronte-guai-485762\"><\/p>\n<div class=\"img-wrapper\"><img decoding=\"async\" src=\"https:\/\/static.dagospia.com\/img\/patch\/09-2026\/giorgia-meloni-sigfrido-ranucci-giampaolo-rossi-giovambattista-fazzolari-patrizi-2302272_600_q50.webp\" alt=\"giorgia meloni sigfrido ranucci giampaolo rossi giovambattista fazzolari patrizia scurti antonio tajani matteo salvini \" loading=\"lazy\"><time class=\"data-ora\">3 set 20:07<\/time><\/div>\n<div class=\"excerpt\">\n<p>DAGOREPORT \u2013 <span>GIORGIA MELONI \u00c8 IN MODALIT\u00c0 \u201cCATTIVISSIMA ME\u201d<\/span>: DOPO QUATTRO ANNI DI LUNA DI MIELE, PER LA DUCETTA \u00c8 ARRIVATA LA TEMPESTA PERFETTA: LO STOP AL PREMIERATO,\u00a0LA BATOSTA AL REFERENDUM, LE RAFFICHE DI \u201cVAFFA\u201d DI TRUMP, L&#8217;ESPLOSIONE DEL FENOMENO VANNACCI, IL CROLLO DELLA LEGA, FORZA ITALIA ALLA BERLUSCONINA, IL CAOS INTORNO ALLA NUOVA LEGGE ELETTORALE, L&#8217;AUTOGOL SULLA SOSTITUZIONE DI RANUCCI &#8211; <span>PIU&#8217; IRRIDUCIBILE DELLA MALASORTE, ANZICHE&#8217; ASCOLTARE I CO-FONDATORI DI FDI, LA RUSSA E CROSETTO, L&#8217;UNDERDOG PREFERISCE\u00a0CIRCONDARSI DALL&#8217;AFFETTO DEL SUO CIRCOLETTO DELLA GARBATELLA<\/span>\u00a0&#8211; DOMANI DA BARI, DOVE FESTEGGIA IL RECORD DI DURATA DEL SUO GOVERNO, L&#8217;UNDERDOG LANCER\u00c0 IL SUO GRIDO DI RISCOSSA ELETTORALE &#8211; <span>SA CHE L&#8217;ARMATA BRANCA-MELONI NON PUO&#8217; REGGERE FINO A OTTOBRE 2027, OCCORRE ANTICIPARE IL VOTO AD APRILE, LASCIANDO LE COMUNALI A GIUGNO <\/span>&#8211; MA MATTARELLA VUOLE L\u2019ELECTION-DAY A CUI SI OPPONE LA MELONI, TERRORIZZATA DALL\u2019EFFETTO TRAINO DI UN FILOTTO DEL CENTROSINISTRA: CHE DECIDERA&#8217; IL COLLE? AH, SAPERLO&#8230;<\/p>\n<\/div>\n<p><\/a><\/article>\n<article><a href=\"https:\/\/www.dagospia.com\/politica\/dagoreport-roberto-vannacci-marcia-cernobbio-gli-imprenditori-italiani-485729\"><\/p>\n<div class=\"img-wrapper\"><img decoding=\"async\" src=\"https:\/\/static.dagospia.com\/img\/patch\/09-2026\/crosetto-calenda-vannacci-monti-de-bortoli-forum-ambrosetti-cernobbio-2302201_600_q50.webp\" alt=\"crosetto calenda vannacci monti de bortoli forum ambrosetti cernobbio\" loading=\"lazy\"><time class=\"data-ora\">3 set 20:02<\/time><\/div>\n<div class=\"excerpt\">\n<p><span>DAGOREPORT <\/span>&#8211; MENTRE LA PROCURA MILITARE DI ROMA AVVIA UN\u2019INDAGINE SUGLI UFFICIALI CHE HANNO ADERITO ALLA &#8220;SPORCA DOZZINA&#8221; DI ROBERTO VANNACCI, <span>IL RE-DUX DI FUTURO NAZIONALE MARCIA SU CERNOBBIO: SABATO \u00c8 ATTESO IN POMPA MAGNA AL FORUM AMBROSETTI PER DIBATTERE CON L\u2019EX PREMIER MARIO MONTI<\/span> &#8211; DALL&#8217;IDEOLOGO DEL POPULISMO GRILLINO, GIAN ROBERTO CASALEGGIO AL LEADER SOVRANISTA OLANDESE, IL RAZZISTA GEERT WILDERS, LE PRESENZE PROVOCATORIE E ACCHIAPPA-TITOLI NON SONO UNA NOVITA&#8217; A VILLA D&#8217;ESTE &#8211;<span> SDEGNATI PER LA PRESENZA E &#8220;TRATTAMENTO PREFERENZIALE&#8221; DEDICATO ALL\u2019EX PAR\u00c0(CULO) DELLA FOLGORE, CARLO CALENDA E GUIDO CROSETTO NON METTERANNO PIEDE A CERNOBBIO<\/span> \u2013 ANCHE FERRUCCIO DE BORTOLI RIFIUTA DI DUETTARE CON L\u2019EX GENERALE NOSTALGICO DEL MANGANELLO E DELL\u2019OLIO DI RICINO &#8211; NON SOLO: E&#8217; L\u2019EX DIRETTORE DEL \u201cCORRIERE\u201d IL PRIMO CHE SPARA LA NOTIZIA:<span> \u201cPURTROPPO A CERNOBBIO CI SAR\u00c0 VANNACCI&#8221;<\/span> (IL CAUTO DIRETTORE FONTANA \u00c8 STATO BEN ATTENTO A NON PUBBLICARLA SUBITO SUL CARTACEO)&#8230;<\/p>\n<\/div>\n<p><\/a><\/article>\n<article><a href=\"https:\/\/www.dagospia.com\/media-tv\/dagoreport-riunione-interlocutoria-qualche-piccola-apertura-caso-report-485651\"><\/p>\n<div class=\"img-wrapper\"><img decoding=\"async\" src=\"https:\/\/static.dagospia.com\/img\/patch\/09-2026\/rai-via-teulada-paolo-corsini-giulia-innocenzi-presutti-daniele-piervincenzi-dan-2301944_600_q50.webp\" alt=\"rai via teulada paolo corsini giulia innocenzi presutti daniele piervincenzi danilo procaccianti report sigfrido ranucci \" loading=\"lazy\"><time class=\"data-ora\">2 set 20:05<\/time><\/div>\n<div class=\"excerpt\">\n<p>DAGOREPORT \u2013 <span>RIUNIONE INTERLOCUTORIA MA CON QUALCHE PICCOLA APERTURA <\/span>TRA IL DIRETTORE DELL&#8217;APPROFONDIMENTO RAI, PAOLO CORSINI, E I MEMBRI DELLA SQUADRA DI \u201cREPORT\u201d: I GIORNALISTI <span>HANNO RIBADITO IL \u201cNO\u201d ALLA CONDUZIONE DI GIULIA PRESUTTI E DANIELE<\/span><span>PIERVINCENZI, MA SU QUEST\u2019ULTIMO LA POSIZIONE SAREBBE PI\u00d9 MORBIDA: <\/span>POTREBBE AVERE UN VIA LIBERA MAGARI COME CONDUTTORE DEL \u201cREPORT LAB\u201d, CON LA CONDUZIONE VERA E PROPRIA DA AFFIDARE A DUE \u201cSTORICI\u201d (CHE DIVENTEREBBERO TRE NEL CASO DI UN REINTEGRO DI RANUCCI DA PARTE DEL TRIBUNALE).\u00a0 SULLA PRESUTTI IL MURO RESTA GRANITICO \u2013 <span>PALAZZO CHIGI, INVECE, SAREBBE IRREMOVIBILE SUI DUE NOMI<\/span> \u2013 EPISODIO PITTORESCO NEL MEZZO DELLA RIUNIONE: UN GIORNALISTA DI UNA PRESTIGIOSA TESTATA DELLA RAI SAREBBE STATO <span>BECCATO A ORIGLIARE DA UN BAGNO VICINO ALLA SALA\u2026<\/span><\/p>\n<\/div>\n<p><\/a><\/article>\n<article><a href=\"https:\/\/www.dagospia.com\/politica\/dagoreport-grazie-trump-mondo-verso-de-americanizzazione-oggi-si-485332\"><\/p>\n<div class=\"img-wrapper\"><img decoding=\"async\" src=\"https:\/\/static.dagospia.com\/img\/patch\/09-2026\/trump-modi-xi-jinping-putin-2301524_600_q50.webp\" alt=\"trump modi xi jinping putin\" loading=\"lazy\"><time class=\"data-ora\">1 set 19:59<\/time><\/div>\n<div class=\"excerpt\">\n<p>DAGOREPORT \u2013<span> GRAZIE A TRUMP, IL DOLLARO RISCHIA DI DIVENTARE CARTA STRACCIA \u2013<\/span>\u00a0IL PIATTO FORTE AL SUMMIT IN KIRGHIZISTAN DI XI JINPING, VLADIMIR PUTIN E NARENDRA MODI, HA FATTO STRA-INCAZZARE IL CALIGOLA DELLA CASA BIANCA: SUL TAVOLO,\u00a0<span>IL PROGETTO DEI &#8221;BRICS&#8221; (BRASILE, RUSSIA, INDIA, CINA, SUDAFRICA) DI DAR VITA A UNA \u201cMONETA UNICA&#8221;, PER FAR FUORI IL DOLLARO NEGLI SCAMBI INTERNAZIONALI<\/span>\u00a0&#8211; CON UN DEBITO PUBBLICO MONSTRE DI 40MILA MILIARDI, LA DE-DOLLARIZZAZIONE SAREBBE LA FINE DELL&#8217;IMPERO AMERICANO: IL VERDONE&#8221; VIENE UTILIZZATO IN OLTRE L&#8217;80% DELLE TRANSAZIONI COMMERCIALI E IN PI\u00d9 DELLA MET\u00c0 DEI PAGAMENTI INTERNAZIONALI DELLE MATERIE PRIME, COME IL PETROLIO\u00a0&#8211; <span>LA DECISIONE E&#8217; NELLE MANI DELLA CINA: RINUNCERA&#8217; ALLO MONETA NAZIONALE, LO YUAN, PER DIVENTARE LA LOCOMOTIVA DEI &#8221;BRICS&#8221;?<\/span>\u00a0&#8211;\u00a0SUL MAGGIORE IMPEGNO A FAVORE DELL\u2019IRAN, PESANO I DUBBI\u00a0DI MODI (GLI USA SONO IL PRIMO PARTNER COMMERCIALE DELL\u2019INDIA)\u00a0&#8211; PROSSIMO ROUND: IL VERTICE DI XI JIN PING DEL 24 SETTEMBRE CON IL &#8220;DERAGLIATO MENTALE&#8221; DELLA CASA BIANCA&#8230;<\/p>\n<\/div>\n<p><\/a><\/article>\n<article><a href=\"https:\/\/www.dagospia.com\/media-tv\/acrobazie-spaccanti-il-55enne-raoul-bova-beatrice-arnera-beccati-chi-485632\"><\/p>\n<div class=\"img-wrapper\"><img decoding=\"async\" src=\"https:\/\/static.dagospia.com\/img\/patch\/09-2026\/raoul-bova-beatrice-arnera-chi-2301906_600_q50.webp\" alt=\"raoul bova beatrice arnera chi\" loading=\"lazy\"><\/div>\n<div class=\"excerpt\">ACROBAZIE \u201cSPACCANTI\u201d \u2013 IL 55ENNE RAOUL BOVA E BEATRICE ARNERA SONO STATI BECCATI DA \u201cCHI\u201d A\u2026<\/div>\n<p><\/a><\/article>\n<article><a href=\"https:\/\/www.dagospia.com\/sport\/pennellone-frou-frou-mole-juve-acquistato-l-attaccante-nick-woltemade-485601\"><\/p>\n<div class=\"img-wrapper\"><img decoding=\"async\" src=\"https:\/\/static.dagospia.com\/img\/patch\/09-2026\/nick-woltemade-2301780_600_q50.webp\" alt loading=\"lazy\"><\/div>\n<div class=\"excerpt\">UN PENNELLONE &#8220;FROU FROU&#8221; SOTTO LA MOLE? \u2013 LA JUVE HA ACQUISTATO IN PRESTITO DAL NEWCASTLE\u2026<\/div>\n<p><\/a><\/article>\n<article><a href=\"https:\/\/www.dagospia.com\/media-tv\/linguine-scoglio-video-pomiciata-elodie-franceska-scodellato-oggi-485860\"><\/p>\n<div class=\"img-wrapper\"><img decoding=\"async\" src=\"https:\/\/static.dagospia.com\/img\/patch\/09-2026\/elodie-franceska-nuredini-2302758_600_q50.webp\" alt=\"elodie franceska nuredini\" loading=\"lazy\"><\/div>\n<div class=\"excerpt\">CHIAMATE LA BUONCOSTUME! LA PAZZA ESTATE DI ELODIE E FRANCESKA FINISCE CON UNA RICCA E SAPORITA\u2026<\/div>\n<p><\/a><\/article>\n<article><a href=\"https:\/\/www.dagospia.com\/media-tv\/pillole-gossip-kimi-antonelli-ragazza-485853\"><\/p>\n<div class=\"img-wrapper\"><img decoding=\"async\" src=\"https:\/\/static.dagospia.com\/img\/patch\/09-2026\/pillole-avanti-gossip-2302732_600_q50.webp\" alt=\"pillole avanti gossip\" loading=\"lazy\"><\/div>\n<div class=\"excerpt\">PILLOLE DI GOSSIP! CHI \u00c8 LA RAGAZZA FOTOGRAFATA ACCANTO A KIMI ANTONELLI A PORTOFINO? &#8211; PROSEGUE LA\u2026<\/div>\n<p><\/a><\/article>\n<article><a href=\"https:\/\/www.dagospia.com\/sport\/vroom-si-sbanda-in-curva-la-riconoscete-sognava-condurre-tg-e-finita-in-485816\"><\/p>\n<div class=\"img-wrapper\"><img decoding=\"async\" src=\"https:\/\/static.dagospia.com\/img\/patch\/09-2026\/mara-sangiorgio-2302494_600_q50.webp\" alt=\"mara sangiorgio\" loading=\"lazy\"><\/div>\n<div class=\"excerpt\">VROOM, SI SBANDA IN CURVA: LA RICONOSCETE? SOGNAVA DI CONDURRE IL TG, E\u2019 FINITA IN MEZZO ALLE\u2026<\/div>\n<p><\/a><\/article>\n<article><a href=\"https:\/\/www.dagospia.com\/cronache\/la-camorra-indaga-legge-ringrazia-ad-indirizzare-indagini-lavitola-485901\"><\/p>\n<div class=\"img-wrapper\"><img decoding=\"async\" src=\"https:\/\/static.dagospia.com\/img\/patch\/09-2026\/attentato-sigfrido-ranucci-bomba-valter-lavitola-clesio-gomes-tavares-pellegrino-2302877_600_q50.webp\" alt=\"attentato sigfrido ranucci bomba valter lavitola clesio gomes tavares pellegrino d\u2019avino davino antonio passariello saverio mutone \" loading=\"lazy\"><\/div>\n<div class=\"excerpt\">DAGOREPORT-\u00a0PECCATO CHE SIANO SCOMPARSI I POLIZIOTTESCHI DEGLI ANNI \u201970, TIPO: \u201cLA CAMORRA SFIDA,\u2026<\/div>\n<p><\/a><\/article>\n<article><a href=\"https:\/\/www.dagospia.com\/politica\/flash-e-non-e-lui-ministro-per-pubblica-amministrazione-paolo-zangrillo-485844\"><\/p>\n<div class=\"img-wrapper\"><img decoding=\"async\" src=\"https:\/\/static.dagospia.com\/img\/patch\/09-2026\/paolo-zangrillo-in-un-volo-di-linea-ita-airways-da-lamezia-a-milano-3-2302703_600_q50.webp\" alt=\"paolo zangrillo in un volo di linea ita airways da lamezia a milano - 3\" loading=\"lazy\"><\/div>\n<div class=\"excerpt\">FLASH \u2013 \u00c8 LUI O NON \u00c8 LUI? MA CERTO CHE \u00c8 LUI! IL MINISTRO PER LA PUBBLICA AMMINISTRAZIONE (IN\u2026<\/div>\n<p><\/a><\/article>\n<article><a href=\"https:\/\/www.dagospia.com\/politica\/dagoreport-giorgia-meloni-e-in-modalita-cattivissima-me-fronte-guai-485762\"><\/p>\n<div class=\"img-wrapper\"><img decoding=\"async\" src=\"https:\/\/static.dagospia.com\/img\/patch\/09-2026\/giorgia-meloni-sigfrido-ranucci-giampaolo-rossi-giovambattista-fazzolari-patrizi-2302272_600_q50.webp\" alt=\"giorgia meloni sigfrido ranucci giampaolo rossi giovambattista fazzolari patrizia scurti antonio tajani matteo salvini \" loading=\"lazy\"><\/div>\n<div class=\"excerpt\">DAGOREPORT \u2013 GIORGIA MELONI \u00c8 IN MODALIT\u00c0 \u201cCATTIVISSIMA ME\u201d: DOPO QUATTRO ANNI DI LUNA DI MIELE,\u2026<\/div>\n<p><\/a><\/article>\n<article><a href=\"https:\/\/www.dagospia.com\/politica\/dagoreport-roberto-vannacci-marcia-cernobbio-gli-imprenditori-italiani-485729\"><\/p>\n<div class=\"img-wrapper\"><img decoding=\"async\" src=\"https:\/\/static.dagospia.com\/img\/patch\/09-2026\/crosetto-calenda-vannacci-monti-de-bortoli-forum-ambrosetti-cernobbio-2302201_600_q50.webp\" alt=\"crosetto calenda vannacci monti de bortoli forum ambrosetti cernobbio\" loading=\"lazy\"><\/div>\n<div class=\"excerpt\">DAGOREPORT &#8211; MENTRE LA PROCURA MILITARE DI ROMA AVVIA UN\u2019INDAGINE SUGLI UFFICIALI CHE HANNO ADERITO\u2026<\/div>\n<p><\/a><\/article>\n<article><a href=\"https:\/\/www.dagospia.com\/media-tv\/dagoreport-riunione-interlocutoria-qualche-piccola-apertura-caso-report-485651\"><\/p>\n<div class=\"img-wrapper\"><img decoding=\"async\" src=\"https:\/\/static.dagospia.com\/img\/patch\/09-2026\/rai-via-teulada-paolo-corsini-giulia-innocenzi-presutti-daniele-piervincenzi-dan-2301944_600_q50.webp\" alt=\"rai via teulada paolo corsini giulia innocenzi presutti daniele piervincenzi danilo procaccianti report sigfrido ranucci \" loading=\"lazy\"><\/div>\n<div class=\"excerpt\">DAGOREPORT \u2013 RIUNIONE INTERLOCUTORIA MA CON QUALCHE PICCOLA APERTURA TRA IL DIRETTORE\u2026<\/div>\n<p><\/a><\/article>\n<article><a href=\"https:\/\/www.dagospia.com\/politica\/dagoreport-grazie-trump-mondo-verso-de-americanizzazione-oggi-si-485332\"><\/p>\n<div class=\"img-wrapper\"><img decoding=\"async\" src=\"https:\/\/static.dagospia.com\/img\/patch\/09-2026\/trump-modi-xi-jinping-putin-2301524_600_q50.webp\" alt=\"trump modi xi jinping putin\" loading=\"lazy\"><\/div>\n<div class=\"excerpt\">DAGOREPORT \u2013 GRAZIE A TRUMP, IL DOLLARO RISCHIA DI DIVENTARE CARTA STRACCIA \u2013\u00a0IL PIATTO FORTE AL\u2026<\/div>\n<p><\/a><\/article>\n<article><a href=\"https:\/\/www.dagospia.com\/politica\/elly-ascolta-gli-amici-i-big-pd-scesi-in-campo-cosi-pesantemente-per-485354\"><\/p>\n<div class=\"img-wrapper\"><img decoding=\"async\" src=\"https:\/\/static.dagospia.com\/img\/patch\/08-2026\/giuseppe-conte-elly-schlein-franceschini-bonaccini-nardella-2301098_600_q50.webp\" alt=\"giuseppe conte elly schlein franceschini bonaccini nardella\" loading=\"lazy\"><\/div>\n<div class=\"excerpt\">DAGOREPORT &#8211; ELLY, ASCOLTA GLI AMICI! I CAPOCCIONI E LE MEZZECALZE DEL PD, CHE SONO SCESI COS\u00cc\u2026<\/div>\n<p><\/a><\/article>\n<article><a href=\"https:\/\/www.dagospia.com\/politica\/l-ingaggio-fedorov-fa-incazzare-zelensky-mette-in-allarme-agenzie-485343\"><\/p>\n<div class=\"img-wrapper\"><img decoding=\"async\" src=\"https:\/\/static.dagospia.com\/img\/patch\/08-2026\/fedorov-musk-thiel-zelensky-crosetto-2301168_600_q50.webp\" alt=\"fedorov musk thiel zelensky crosetto\" loading=\"lazy\"><\/div>\n<div class=\"excerpt\">DAGOREPORT &#8211; A QUALCUNO NON PIACE &#8216;STO FEDOROV &#8211;\u00a0PIU&#8217; CHE A INDIGNARE I NEURONI ALLA VODKA DI\u2026<\/div>\n<p><\/a><\/article>\n<article><a href=\"https:\/\/www.dagospia.com\/politica\/flash-c-e-grande-perplessita-i-draghi-boys-per-presenza-andrea-485336\"><\/p>\n<div class=\"img-wrapper\"><img decoding=\"async\" src=\"https:\/\/static.dagospia.com\/img\/patch\/08-2026\/xavier-niel-draghi-pignataro-2301175_600_q50.webp\" alt=\"xavier niel draghi pignataro\" loading=\"lazy\"><\/div>\n<div class=\"excerpt\">FLASH! \u2013 I \u201cDRAGHI BOYS\u201d DEL POTERE ECONOMICO ITALIANO AVREBBERO ESPRESSO QUALCHE PERPLESSITA&#8217;\u2026<\/div>\n<p><\/a><\/article>\n<article><a href=\"https:\/\/www.dagospia.com\/politica\/quale-episodio-giulia-presutti-era-habitue-cefalu-bistro-dove-piu-e-485248\"><\/p>\n<div class=\"img-wrapper\"><img decoding=\"async\" src=\"https:\/\/static.dagospia.com\/img\/patch\/08-2026\/ranucci-presutti-cianfoni-floridia-2300757_600_q50.webp\" alt=\"ranucci presutti cianfoni floridia\" loading=\"lazy\"><\/div>\n<div class=\"excerpt\">DAGOREPORT &#8211;\u00a0MA QUALE &#8220;EPISODIO&#8221;! GIULIA PRESUTTI ERA UN HABITU\u00c8 DEL \u201cCEFAL\u00d9 BISTR\u00d2\u201d DOVE PI\u00d9 VOLTE\u2026<\/div>\n<p><\/a><\/article>\n<article><a href=\"https:\/\/www.dagospia.com\/cafonal\/cafonalino-roma-proiezione-documentario-marco-bellocchio-marco-travaglio-485081\"><\/p>\n<div class=\"img-wrapper\"><img decoding=\"async\" src=\"https:\/\/static.dagospia.com\/img\/patch\/08-2026\/2026bellocchio-anteprima-film-di-marco-bellocchio-2300339_600_q50.webp\" alt=\"2026bellocchio anteprima film di marco bellocchio\" loading=\"lazy\"><\/div>\n<div class=\"excerpt\">CAFONALINO! AL CINEMA QUATTRO FONTANE DI ROMA LA PROIEZIONE SPECIALE DEL DOCUMENTARIO \u201cMARCO\u2026<\/div>\n<p><\/a><\/article>\n<article><a href=\"https:\/\/www.dagospia.com\/cafonal\/cafonal-show-ranucci-cerveteri-freni-ho-fatto-scoop-nazionali-484807\"><\/p>\n<div class=\"img-wrapper\"><img decoding=\"async\" src=\"https:\/\/static.dagospia.com\/img\/patch\/08-2026\/2026ranucci-sigfrido-ranucci-2299409_600_q50.webp\" alt=\"2026ranucci sigfrido ranucci\" loading=\"lazy\"><\/div>\n<div class=\"excerpt\">SIGFRIDO, IL MASANIELLO DE NOANTRI \u2013 RANUCCI HA PERSO OGNI FRENO E, ALLA PRESENTAZIONE DEL SUO\u2026<\/div>\n<p><\/a><\/article>\n<article><a href=\"https:\/\/www.dagospia.com\/cafonal\/funeralino-l-ultimo-saluto-mitico-produttore-cinematografico-fulvio-484127\"><\/p>\n<div class=\"img-wrapper\"><img decoding=\"async\" src=\"https:\/\/static.dagospia.com\/img\/patch\/08-2026\/2026lucisano-2297424_600_q50.webp\" alt=\"2026lucisano\" loading=\"lazy\"><\/div>\n<div class=\"excerpt\">FUNERALINO \u2013 NELLA CALLARA ROMANA D\u2019AGOSTO, L\u2019ULTIMO SALUTO AL MITICO PRODUTTORE CINEMATOGRAFICO\u2026<\/div>\n<p><\/a><\/article>\n<article><a href=\"https:\/\/www.dagospia.com\/cafonal\/cafonalino-pizza-riformista-matteo-renzi-raduna-i-suoi-prima-delle-480816\"><\/p>\n<div class=\"img-wrapper\"><img decoding=\"async\" src=\"https:\/\/static.dagospia.com\/img\/patch\/07-2026\/2026kraken-matteo-renzi-2286047_600_q50.webp\" alt=\"2026kraken matteo renzi \" loading=\"lazy\"><\/div>\n<div class=\"excerpt\">CAFONALINO DELLA PIZZA RIFORMISTA \u2013 RENZI RADUNA I SUOI PRIMA DELLE VACANZE ESTIVE AL SATYRUS DI\u2026<\/div>\n<p><\/a><\/article>\n<article><a href=\"https:\/\/www.dagospia.com\/cafonal\/cafonalino-moreno-party-roma-manuela-moreno-festeggia-i-60-anni-480777\"><\/p>\n<div class=\"img-wrapper\"><img decoding=\"async\" src=\"https:\/\/static.dagospia.com\/img\/patch\/07-2026\/manuela-moreno-festa-60-anni-2285871_600_q50.webp\" alt=\"manuela moreno festa 60 anni \" loading=\"lazy\"><\/div>\n<div class=\"excerpt\">CAFONALINO! NO MORENO, NO PARTY \u2013 A ROMA, AL LOVE BAR DI PONTE MILVIO, MANUELA MORENO, CONDUTTRICE\u2026<\/div>\n<p><\/a><\/article>\n<article><a href=\"https:\/\/www.dagospia.com\/cafonal\/cafonalino-firenze-tevere-direttori-redattori-forchettoni-scrocconi-480745\"><\/p>\n<div class=\"img-wrapper\"><img decoding=\"async\" src=\"https:\/\/static.dagospia.com\/img\/patch\/07-2026\/2026agno-marco-agnoletti-2285763_600_q50.webp\" alt=\"2026agno marco agnoletti \" loading=\"lazy\"><\/div>\n<div class=\"excerpt\">CAFONALINO DEGLI AGNOLETTI IN BRODO &#8211; DIRETTORI, REDATTORI, FORCHETTONI E SCROCCONI SFIDANO\u2026<\/div>\n<p><\/a><\/article>\n<p>[analyse_source url=&#8221;https:\/\/www.dagospia.com\/politica\/la-guerra-non-porta-benefici-ne-vincitori-ne-soccombenti-sergio-485798&#8243;]<\/p>\n","protected":false},"excerpt":{"rendered":"<p>[analyse_image type=&#8221;featured&#8221; src=&#8221;https:\/\/static.dagospia.com\/img\/patch\/09-2026\/sergio-mattarella-guerra-2302396_600_q50.webp&#8221;] 4 set 2026 09:45 \u201cLA GUERRA NON PORTA BENEFICI N\u00c9 AI VINCITORI N\u00c9 AI SOCCOMBENTI\u201d \u2013 SERGIO MATTARELLA A CERNOBBIO MEJO DEL PAPA: \u201cSI AFFACCIA UNA PRETESA PREDATORIA DELLE RISORSE ESISTENTI CON UNA PREOCCUPANTE TENDENZA A RIPRISTINARE POLITICHE DI POTENZA, CON LA MINACCIA, QUANDO NON L&#8217;USO, DELLA FORZA, A SOSTEGNO DI PROPRIE [&hellip;]<\/p>\n","protected":false},"author":1,"featured_media":0,"comment_status":"open","ping_status":"","sticky":false,"template":"","format":"standard","meta":{"footnotes":""},"categories":[87],"tags":[226,149],"class_list":["post-2128945","post","type-post","status-publish","format-standard","hentry","category-italy","tag-crawlmanager","tag-dagospia-com"],"_links":{"self":[{"href":"https:\/\/analyse.optim.biz\/index.php?rest_route=\/wp\/v2\/posts\/2128945","targetHints":{"allow":["GET"]}}],"collection":[{"href":"https:\/\/analyse.optim.biz\/index.php?rest_route=\/wp\/v2\/posts"}],"about":[{"href":"https:\/\/analyse.optim.biz\/index.php?rest_route=\/wp\/v2\/types\/post"}],"author":[{"embeddable":true,"href":"https:\/\/analyse.optim.biz\/index.php?rest_route=\/wp\/v2\/users\/1"}],"replies":[{"embeddable":true,"href":"https:\/\/analyse.optim.biz\/index.php?rest_route=%2Fwp%2Fv2%2Fcomments&post=2128945"}],"version-history":[{"count":0,"href":"https:\/\/analyse.optim.biz\/index.php?rest_route=\/wp\/v2\/posts\/2128945\/revisions"}],"wp:attachment":[{"href":"https:\/\/analyse.optim.biz\/index.php?rest_route=%2Fwp%2Fv2%2Fmedia&parent=2128945"}],"wp:term":[{"taxonomy":"category","embeddable":true,"href":"https:\/\/analyse.optim.biz\/index.php?rest_route=%2Fwp%2Fv2%2Fcategories&post=2128945"},{"taxonomy":"post_tag","embeddable":true,"href":"https:\/\/analyse.optim.biz\/index.php?rest_route=%2Fwp%2Fv2%2Ftags&post=2128945"}],"curies":[{"name":"wp","href":"https:\/\/api.w.org\/{rel}","templated":true}]}}