{"id":2128944,"date":"2026-09-04T13:03:00","date_gmt":"2026-09-04T10:03:00","guid":{"rendered":"https:\/\/analyse.optim.biz\/?p=2128944"},"modified":"2026-09-04T13:03:00","modified_gmt":"2026-09-04T10:03:00","slug":"videomi-fa-venire-i-brividi-a-villa-necchi-alla-notte-delle-coppedi-sky-sport-fabio-capello","status":"publish","type":"post","link":"https:\/\/analyse.optim.biz\/?p=2128944","title":{"rendered":"Video!\u2019mi fa venire i brividi\u2019 \u2013 a villa necchi, alla \u2018notte delle coppe\u2019di sky sport, fabio capello"},"content":{"rendered":"<p>[analyse_image type=&#8221;featured&#8221; src=&#8221;&#8221;]<\/p>\n<article>\n<div class=\"img-wrapper\"><img decoding=\"async\" src=\"https:\/\/static.dagospia.com\/img\/patch\/09-2026\/2026coppe-duilio-masolin-varetto-2302753_600_q50.webp\" alt=\"2026coppe duilio masolin varetto \"><time class=\"data-ora\">4 set 2026 15:03<\/time><\/div>\n<p>VIDEO!\u00a0 <span>\u201cMI FA VENIRE I BRIVIDI, SCUSATE\u201d \u2013 A VILLA NECCHI, ALLA \u201cNOTTE DELLE COPPE\u201d DI &#8220;SKY SPORT&#8221;, FABIO CAPELLO VEDE LA PRIMA COPPA CAMPIONI DEL MILAN DI FRANCO BARESI E SI EMOZIONA.<\/span> POI SI SBILANCIA: \u201cIL REAL MADRID E\u2019 LA MIA FAVORITA PER LA CHAMPIONS, L\u2019INTER PUO\u2019 ARRIVARE FINO IN FONDO\u201d (VIDEO) \u2013 INSIEME A \u201cDON FABIO\u201d ANCHE DEL PIERO, COSTACURTA, BERGOMI, DI CANIO &#8211; L&#8217;8 SETTEMBRE RIPARTE LA CHAMPIONS LEAGUE, CON 185 DELLE 203 PARTITE IN ESCLUSIVA SU &#8220;SKY SPORT&#8221;. CON EUROPA E CONFERENCE LEAGUE. IN TUTTO SARANNO PI\u00d9 DI 500 LE PARTITE LIVE \u2013 LE PAROLE DI ANDREA DUILIO, CEO &#8220;SKY ITALIA&#8221; \u2013 DA MAROTTA AL PRESIDENTE DELLA LEGA A SIMONELLI, ECCO CHI C\u2019ERA \u2013 VIDEO<\/p>\n<\/article>\n<div class=\"share-section\">\n                Condividi  questo articolo<\/p>\n<div class=\"socials\"><a href=\"http:\/\/www.facebook.com\/sharer.php?u=http:\/\/www.dagospia.com\/video-mi-fa-venire-i-brividi-villa-necchi-notte-delle-coppe-di-sky-485826\" target=\"_blank\"><img decoding=\"async\" src=\"https:\/\/static.dagospia.com\/img\/icons\/facebook.svg\" alt=\"Condividi su Facebook\"><\/a><a href=\"http:\/\/www.twitter.com\/share?url=http:\/\/www.dagospia.com\/video-mi-fa-venire-i-brividi-villa-necchi-notte-delle-coppe-di-sky-485826&amp;text=VIDEO!%E2%80%99MI%20FA%20VENIRE%20I%20BRIVIDI%E2%80%99%20%E2%80%93%20A%20VILLA%20NECCHI,%20ALLA%20%E2%80%98NOTTE%20DELLE%20COPPE%E2%80%99DI%20SKY%20SPORT,%20FABIO%20CAPELLO\" target=\"_blank\"><img decoding=\"async\" src=\"https:\/\/static.dagospia.com\/img\/icons\/x-icon.png\" alt=\"Condividi su X\"><\/a><a href=\"\/\/www.dagospia.com\/video-mi-fa-venire-i-brividi-villa-necchi-notte-delle-coppe-di-sky-485826\" target=\"_blank\"><img decoding=\"async\" src=\"https:\/\/static.dagospia.com\/img\/icons\/whatsapp.svg\" alt=\"Condividi su Whatsapp\"><\/a><a href=\"mailto:?body=http:\/\/www.dagospia.com\/video-mi-fa-venire-i-brividi-villa-necchi-notte-delle-coppe-di-sky-485826\" target=\"_blank\"><img decoding=\"async\" src=\"https:\/\/static.dagospia.com\/img\/icons\/mail.svg\" alt=\"Invia in email\"><\/a><\/div>\n<\/div>\n<div class=\"content\">\n<p class=\"disable\"><strong>I VIDEO DELLA &#8220;NOTTE DELLO SPORT&#8221; DI SKY<\/strong><\/p>\n<p class=\"disable\"><a href=\"https:\/\/sport.sky.it\/calcio\/champions-league\/video\/2026\/09\/03\/su-sky-stanno-per-tornare-le-notti-europee-1121660\">https:\/\/sport.sky.it\/calcio\/champions-league\/video\/2026\/09\/03\/su-sky-stanno-per-tornare-le-notti-europee-1121660<\/a><\/p>\n<p class=\"disable\">\u00a0<\/p>\n<p class=\"disable\"><a href=\"https:\/\/sport.sky.it\/calcio\/champions-league\/video\/2026\/09\/03\/capello-champions-league-intervista-video-1121846\">https:\/\/sport.sky.it\/calcio\/champions-league\/video\/2026\/09\/03\/capello-champions-league-intervista-video-1121846<\/a><\/p>\n<p class=\"disable\">\u00a0<\/p>\n<p class=\"disable\">\u00a0<\/p>\n<p class=\"disable\"><strong>Da <a href=\"http:\/\/lastampa\" target=\"_blank\">\u201cLa Stampa\u201d<\/a><\/strong><\/p>\n<p><a href=\"https:\/\/www.dagospia.com\/media-gallery\/dago-fotogallery-522253\/2302606\" class=\"float-right img-wrapper\"><img decoding=\"async\" id=\"2302606\" loading=\"lazy\" src=\"https:\/\/static.dagospia.com\/img\/foto\/09-2026\/masolin-capello-e-del-piero-2302606_800_q50.webp\"><span class=\"img-title\">masolin, capello e del piero<\/span><\/a><\/p>\n<p class=\"disable\">\u00a0Sky Sport si prepara al grande spettacolo delle Coppe Europee. L&#8217;8 settembre riparte la Champions League, con 185 delle 203 partite in esclusiva. Poi &#8211; in esclusiva &#8211; Europa League e Conference League. In tutto saranno pi\u00f9 di 500 le partite live. Al centro della programmazione il nuovo Sky Calcio Show condotto da Federica Masolin. A chiudere ci sar\u00e0 Mario Giunta con After Party &#8211; La notte dei campioni. In prima linea il dream team di opinionisti, tra cui Fabio Capello, Alessandro Del Piero, Zvonimir Boban, Beppe Bergomi e Alessandro Costacurta.<\/p>\n<p class=\"disable\">\u00a0<\/p>\n<p class=\"disable\"><strong>DAGONEWS<\/strong><\/p>\n<p class=\"disable\">\u00a0<\/p>\n<p><a href=\"https:\/\/www.dagospia.com\/media-gallery\/dago-fotogallery-522253\/2302605\" class=\"float-left img-wrapper\"><img decoding=\"async\" id=\"2302605\" loading=\"lazy\" src=\"https:\/\/static.dagospia.com\/img\/foto\/09-2026\/costacurta-cenni-condo-e-borghi-2302605_800_q50.webp\"><span class=\"img-title\">costacurta, cenni, condo e borghi<\/span><\/a><\/p>\n<p class=\"disable\">Per una sera Villa Necchi Campiglio si \u00e8 trasformata nella casa del grande calcio europeo, ospitando \u201cLa Notte delle Coppe\u201d, l\u2019evento di Sky Sport dedicato alla nuova stagione delle competizioni UEFA.<\/p>\n<p class=\"disable\">\u00a0<\/p>\n<p class=\"disable\">Un\u2019atmosfera elegante e raffinata ha accompagnato l\u2019arrivo dei protagonisti della Casa dello Sport e di numerosi ospiti provenienti dal mondo dello sport, del cinema e dello spettacolo.<\/p>\n<p class=\"disable\">\u00a0<\/p>\n<p class=\"disable\">A dare il via alla serata \u00e8 stata l\u2019esibizione di un quartetto d\u2019archi, che ha eseguito gli inni delle principali competizioni europee, regalando un momento di grande suggestione.\u00a0\u00a0\u00a0\u00a0\u00a0\u00a0\u00a0\u00a0\u00a0\u00a0<\/p>\n<p class=\"disable\">\u00a0<\/p>\n<p class=\"disable\">La musica ha poi lasciato spazio a Federica Masolin, che ha ricordato il ritorno delle Coppe europee su Sky, con 185 partite su 203 a stagione in esclusiva di UEFA Champions League, oltre a tutta la UEFA Europa League e la UEFA Conference League in esclusiva, fino al 2031.<\/p>\n<p class=\"disable\">\u00a0<\/p>\n<p><a href=\"https:\/\/www.dagospia.com\/media-gallery\/dago-fotogallery-522253\/2302621\" class=\"float-right img-wrapper\"><img decoding=\"async\" id=\"2302621\" loading=\"lazy\" src=\"https:\/\/static.dagospia.com\/img\/foto\/09-2026\/martina-colombari-2302621_800_q50.webp\"><span class=\"img-title\">martina colombari<\/span><\/a><\/p>\n<p class=\"disable\">Sul palco presenti alcuni dei volti che accompagneranno gli appassionati nel racconto delle competizioni europee: Alessandro Del Piero, Fabio Capello, Billy Costacurta, Paolo Di Canio, Beppe Bergomi e Luca Marchegiani. A raggiungerli per la foto di inizio stagione, la squadra Sky Sport al completo: Alessandro Florenzi, Riccardo Montolivo, Walter Zenga, Massimo Gobbi, Faouzi Ghoulam, Michele Padovano, Giancarlo Marocchi, Nando Orsi, Lorenzo Minotti, Aldo Serena e Gianluca Zambrotta.<\/p>\n<p class=\"disable\">\u00a0<\/p>\n<p class=\"disable\">A prendere la parola, anche Andrea Duilio, CEO Sky Italia: \u201cQui abbiamo rappresentate le tre coppe europee vinte dalle squadre italiane: l\u2019Europa League vinta dall\u2019Atalanta nel 2024, la Conference League vinta dalla Roma nel 2022 e la Champions League, allora Coppa dei Campioni, vinta dal Milan nel 1989 e sollevata da Franco Baresi.\u00a0 Sono notti indimenticabili, che tutti ricordiamo e che fanno parte della storia di ciascuno di noi. L\u2019auspicio \u00e8 che queste emozioni possano continuare e siamo molto felici di poterle raccontare per i prossimi cinque anni, fino al 2031.<\/p>\n<p class=\"disable\">\u00a0<\/p>\n<p class=\"disable\">Quest\u2019anno sar\u00e0 speciale perch\u00e9 tutte le sette squadre italiane saranno divise in tre serate ricche di partite, con Atalanta, Milan e Juventus che arricchiranno il gioved\u00ec, in esclusiva su Sky\u201d.<\/p>\n<p><a href=\"https:\/\/www.dagospia.com\/media-gallery\/dago-fotogallery-522253\/2302623\" class=\"float-left img-wrapper\"><img decoding=\"async\" id=\"2302623\" loading=\"lazy\" src=\"https:\/\/static.dagospia.com\/img\/foto\/09-2026\/talent-e-management-sky-2302623_800_q50.webp\"><span class=\"img-title\">talent e management sky<\/span><\/a><\/p>\n<p class=\"disable\">\u00a0<\/p>\n<p class=\"disable\">E anche Giuseppe De Bellis, EVP Sport, News and Entertainment di Sky Italia: \u201cLe coppe europee sono uno dei contenuti pi\u00f9 importanti, un pilastro ormai da anni dell\u2019offerta di Sky, insieme a tutte le nostre Produzioni Originali. Quando si parla di Champions League, Europa League e Conference League si parla anche di intrattenimento, del pi\u00f9 grande spettacolo al mondo.<\/p>\n<p class=\"disable\">\u00a0<\/p>\n<p class=\"disable\">L\u2019anno scorso le Coppe Europee hanno totalizzato 50 milioni di spettatori nell\u2019arco di tutte le tre competizioni. Anche quest\u2019anno speriamo che il nostro pubblico ci segua e possa assaporare la grande qualit\u00e0 di Sky Sport e, soprattutto, la qualit\u00e0 dei campioni che regalano a noi e a tutti gli italiani le loro gesta. Nel nostro modo di raccontare ci sono molta innovazione e tecnologia. La centralit\u00e0 del racconto \u00e8 il nostro punto forte e la tecnologia non \u00e8 soltanto innovazione fine a s\u00e9 stessa, ma uno strumento di linguaggio e di racconto che arricchisce il contenuto\u201d.<\/p>\n<p class=\"disable\">\u00a0<\/p>\n<p><a href=\"https:\/\/www.dagospia.com\/media-gallery\/dago-fotogallery-522253\/2302617\" class=\"float-right img-wrapper\"><img decoding=\"async\" id=\"2302617\" loading=\"lazy\" src=\"https:\/\/static.dagospia.com\/img\/foto\/09-2026\/licia-virdis-2302617_800_q50.webp\"><span class=\"img-title\">licia virdis<\/span><\/a><\/p>\n<p class=\"disable\">Inoltre, Federico Ferri, Direttore Responsabile Sky Sport, ha sottolineato: \u201cQuest\u2019anno racconteremo il percorso di sette squadre italiane nelle tre coppe europee.<\/p>\n<p class=\"disable\">\u00a0<\/p>\n<p class=\"disable\">Cercheremo di fare al meglio il nostro lavoro non soltanto durante le partite, ma anche e soprattutto con tutto quello che facciamo prima e dopo, e per tutti i giorni che precedono e seguono ogni gara.<\/p>\n<p class=\"disable\">\u00a0<\/p>\n<p class=\"disable\">La prima novit\u00e0 riguarda il nostro studio, che si amplia: sar\u00e0 in onda marted\u00ec, mercoled\u00ec e anche gioved\u00ec, con un super appuntamento che rappresenter\u00e0 il cuore delle serate di Champions League, dalle 20 alle 24. Dopo questo appuntamento ci sar\u00e0 \u2018La Notte dei Campioni\u2019, dedicato alle stelle della Champions League, alle grandi storie, giocate e gesta dei campioni. Sky Sport \u00e8 una TV di flusso: non si limita a raccontare il solo evento, ma \u00e8 continuamente accesa con le news, gli approfondimenti e le storie che abbiamo da raccontare\u201d.<\/p>\n<p class=\"disable\">\u00a0<\/p>\n<p class=\"disable\">Numerose anche le personalit\u00e0 presenti nel corso della serata, tra cui Giuseppe Marotta, Jerry Cardinale, Daniele Massaro e Giovanni Carnevali. Tra gli ospiti, anche importanti esponenti delle istituzioni calcistiche, come Ezio Simonelli, presidente della Lega Serie A, Paolo Bedin, presidente della Lega Serie B e Matteo Marani, presidente della Lega Serie C.<\/p>\n<p class=\"disable\">Una notte per celebrare il calcio internazionale, i suoi protagonisti e l\u2019emozione delle grandi sfide che stanno per iniziare, in vista della nuova stagione delle coppe europee su Sky Sport.<\/p>\n<p class=\"disable\">\u00a0<\/p>\n<p class=\"disable\"><strong>CAPELLO<\/strong><\/p>\n<p><a href=\"https:\/\/www.dagospia.com\/media-gallery\/dago-fotogallery-522253\/2302616\" class=\"float-left img-wrapper\"><img decoding=\"async\" id=\"2302616\" loading=\"lazy\" src=\"https:\/\/static.dagospia.com\/img\/foto\/09-2026\/bergomi-e-florenzi-2302616_800_q50.webp\"><span class=\"img-title\">bergomi e florenzi<\/span><\/a><\/p>\n<p class=\"disable\"><strong>Estratti da <a href=\"http:\/\/fanpage\" target=\"_blank\">fanpage.it<\/a><\/strong><\/p>\n<p class=\"disable\">Fabio Capello si \u00e8 trovato davanti a uno dei simboli pi\u00f9 importanti della storia del Milan e non ha nascosto l&#8217;emozione. Durante &#8220;La Notte delle Coppe&#8221;, l&#8217;evento organizzato da Sky Sport a Villa Necchi Campiglio per celebrare la nuova stagione delle tre competizioni europee, l&#8217;ex allenatore rossonero ha osservato da vicino la Coppa dei Campioni vinta dal Milan di Franco Baresi nel 1989: il trofeo originale, che racchiude la storia e le emozioni di quel momento, ma soprattutto il ricordo di un grande campione scomparso lo scorso 31 luglio.<\/p>\n<p class=\"disable\">\u00a0<\/p>\n<p class=\"disable\">\u00a0<\/p>\n<p><a href=\"https:\/\/www.dagospia.com\/media-gallery\/dago-fotogallery-522253\/2302613\" class=\"float-right img-wrapper\"><img decoding=\"async\" id=\"2302613\" loading=\"lazy\" src=\"https:\/\/static.dagospia.com\/img\/foto\/09-2026\/cardinale-e-carnevali-2302613_800_q50.webp\"><span class=\"img-title\">cardinale e carnevali<\/span><\/a><\/p>\n<p class=\"disable\">L&#8217;ex allenatore, uno dei talent di Sky presenti alla serata, non ha trattenuto l&#8217;emozione: &#8220;\u00c8 la prima Coppa che ha alzato delle tante Franco Baresi, questa dell&#8217;89. Ed \u00e8 molto emozionante averla qui. \u00c8 un&#8217;emozione sapere dove \u00e8 iniziato il grande Milan, il Milan degli Invincibili, il Milan che \u00e8 diventato la squadra nella quale tutti sognavano di giocare&#8221;. Era il gruppo allenato da Arrigo Sacchi che nella finale di Barcellona super\u00f2 la Steaua Bucarest per 4-0 salendo sul tetto d&#8217;Europa. L&#8217;emozione alla fine ha preso il sopravvento e Capello ha interrotto per un attimo il suo racconto: &#8220;Questa Coppa che \u00e8 stata alzata da Franco Baresi mi fa venire i brividi, scusate&#8221;.<\/p>\n<p><a href=\"https:\/\/www.dagospia.com\/media-gallery\/dago-fotogallery-522253\/2302614\" class=\"float-right img-wrapper\"><img decoding=\"async\" id=\"2302614\" loading=\"lazy\" src=\"https:\/\/static.dagospia.com\/img\/foto\/09-2026\/costacurta-e-colombari-2302614_800_q50.webp\"><span class=\"img-title\">costacurta e colombari<\/span><\/a><\/p>\n<p class=\"disable\">\u00a0<\/p>\n<p><a href=\"https:\/\/www.dagospia.com\/media-gallery\/dago-fotogallery-522253\/2302618\" class=\"float-right img-wrapper\"><img decoding=\"async\" id=\"2302618\" loading=\"lazy\" src=\"https:\/\/static.dagospia.com\/img\/foto\/09-2026\/talent-calcio-e-management-sky-2302618_800_q50.webp\"><span class=\"img-title\">talent calcio e management sky<\/span><\/a><a href=\"https:\/\/www.dagospia.com\/media-gallery\/dago-fotogallery-522253\/2302622\" class=\"float-right img-wrapper\"><img decoding=\"async\" id=\"2302622\" loading=\"lazy\" src=\"https:\/\/static.dagospia.com\/img\/foto\/09-2026\/michele-padovano-2302622_800_q50.webp\"><span class=\"img-title\">michele padovano<\/span><\/a><\/p>\n<p class=\"disable\">(&#8230;)<\/p>\n<p class=\"disable\">\u00a0<\/p>\n<p><a href=\"https:\/\/www.dagospia.com\/media-gallery\/dago-fotogallery-522253\/2302619\" class=\"float-right img-wrapper\"><img decoding=\"async\" id=\"2302619\" loading=\"lazy\" src=\"https:\/\/static.dagospia.com\/img\/foto\/09-2026\/sarah-varetto-2302619_800_q50.webp\"><span class=\"img-title\">sarah varetto <\/span><\/a><a href=\"https:\/\/www.dagospia.com\/media-gallery\/dago-fotogallery-522253\/2302612\" class=\"float-right img-wrapper\"><img decoding=\"async\" id=\"2302612\" loading=\"lazy\" src=\"https:\/\/static.dagospia.com\/img\/foto\/09-2026\/riccardo-montolivo-2302612_800_q50.webp\"><span class=\"img-title\">riccardo montolivo<\/span><\/a><a href=\"https:\/\/www.dagospia.com\/media-gallery\/dago-fotogallery-522253\/2302620\" class=\"float-right img-wrapper\"><img decoding=\"async\" id=\"2302620\" loading=\"lazy\" src=\"https:\/\/static.dagospia.com\/img\/foto\/09-2026\/sarah-varetto-2302620_800_q50.webp\"><span class=\"img-title\">sarah varetto <\/span><\/a><a href=\"https:\/\/www.dagospia.com\/media-gallery\/dago-fotogallery-522253\/2302624\" class=\"float-right img-wrapper\"><img decoding=\"async\" id=\"2302624\" loading=\"lazy\" src=\"https:\/\/static.dagospia.com\/img\/foto\/09-2026\/sarah-varetto-2302624_800_q50.webp\"><span class=\"img-title\"> sarah varetto <\/span><\/a><a href=\"https:\/\/www.dagospia.com\/media-gallery\/dago-fotogallery-522253\/2302604\" class=\"float-right img-wrapper\"><img decoding=\"async\" id=\"2302604\" loading=\"lazy\" src=\"https:\/\/static.dagospia.com\/img\/foto\/09-2026\/sarah-varetto-2-2302604_800_q50.webp\"><span class=\"img-title\">sarah varetto (2)<\/span><\/a><a href=\"https:\/\/www.dagospia.com\/media-gallery\/dago-fotogallery-522253\/2302600\" class=\"float-right img-wrapper\"><img decoding=\"async\" id=\"2302600\" loading=\"lazy\" src=\"https:\/\/static.dagospia.com\/img\/foto\/09-2026\/talent-calcio-sky-sport-2302600_800_q50.webp\"><span class=\"img-title\">talent calcio sky sport<\/span><\/a><a href=\"https:\/\/www.dagospia.com\/media-gallery\/dago-fotogallery-522253\/2302599\" class=\"float-right img-wrapper\"><img decoding=\"async\" id=\"2302599\" loading=\"lazy\" src=\"https:\/\/static.dagospia.com\/img\/foto\/09-2026\/federico-ferri-2302599_800_q50.webp\"><span class=\"img-title\">federico ferri <\/span><\/a><a href=\"https:\/\/www.dagospia.com\/media-gallery\/dago-fotogallery-522253\/2302589\" class=\"float-right img-wrapper\"><img decoding=\"async\" id=\"2302589\" loading=\"lazy\" src=\"https:\/\/static.dagospia.com\/img\/foto\/09-2026\/federica-masolin-2302589_800_q50.webp\"><span class=\"img-title\">federica masolin<\/span><\/a><a href=\"https:\/\/www.dagospia.com\/media-gallery\/dago-fotogallery-522253\/2302597\" class=\"float-right img-wrapper\"><img decoding=\"async\" id=\"2302597\" loading=\"lazy\" src=\"https:\/\/static.dagospia.com\/img\/foto\/09-2026\/federico-ferri-2302597_800_q50.webp\"><span class=\"img-title\">federico ferri<\/span><\/a><a href=\"https:\/\/www.dagospia.com\/media-gallery\/dago-fotogallery-522253\/2302590\" class=\"float-right img-wrapper\"><img decoding=\"async\" id=\"2302590\" loading=\"lazy\" src=\"https:\/\/static.dagospia.com\/img\/foto\/09-2026\/giovanni-carnevali-2302590_800_q50.webp\"><span class=\"img-title\">giovanni carnevali<\/span><\/a><a href=\"https:\/\/www.dagospia.com\/media-gallery\/dago-fotogallery-522253\/2302587\" class=\"float-right img-wrapper\"><img decoding=\"async\" id=\"2302587\" loading=\"lazy\" src=\"https:\/\/static.dagospia.com\/img\/foto\/09-2026\/masolin-e-duilio-2302587_800_q50.webp\"><span class=\"img-title\">masolin e duilio<\/span><\/a><a href=\"https:\/\/www.dagospia.com\/media-gallery\/dago-fotogallery-522253\/2302591\" class=\"float-right img-wrapper\"><img decoding=\"async\" id=\"2302591\" loading=\"lazy\" src=\"https:\/\/static.dagospia.com\/img\/foto\/09-2026\/cavelli-cardinale-e-massaro-2302591_800_q50.webp\"><span class=\"img-title\">cavelli, cardinale e massaro<\/span><\/a><a href=\"https:\/\/www.dagospia.com\/media-gallery\/dago-fotogallery-522253\/2302586\" class=\"float-right img-wrapper\"><img decoding=\"async\" id=\"2302586\" loading=\"lazy\" src=\"https:\/\/static.dagospia.com\/img\/foto\/09-2026\/alessandro-del-piero-2302586_800_q50.webp\"><span class=\"img-title\">alessandro del piero<\/span><\/a><a href=\"https:\/\/www.dagospia.com\/media-gallery\/dago-fotogallery-522253\/2302588\" class=\"float-right img-wrapper\"><img decoding=\"async\" id=\"2302588\" loading=\"lazy\" src=\"https:\/\/static.dagospia.com\/img\/foto\/09-2026\/lisa-offside-2302588_800_q50.webp\"><span class=\"img-title\">lisa offside<\/span><\/a><a href=\"https:\/\/www.dagospia.com\/media-gallery\/dago-fotogallery-522253\/2302594\" class=\"float-right img-wrapper\"><img decoding=\"async\" id=\"2302594\" loading=\"lazy\" src=\"https:\/\/static.dagospia.com\/img\/foto\/09-2026\/costacurta-e-di-canio-2302594_800_q50.webp\"><span class=\"img-title\">costacurta e di canio<\/span><\/a><a href=\"https:\/\/www.dagospia.com\/media-gallery\/dago-fotogallery-522253\/2302583\" class=\"float-right img-wrapper\"><img decoding=\"async\" id=\"2302583\" loading=\"lazy\" src=\"https:\/\/static.dagospia.com\/img\/foto\/09-2026\/walter-zenga-2302583_800_q50.webp\"><span class=\"img-title\">walter zenga<\/span><\/a><a href=\"https:\/\/www.dagospia.com\/media-gallery\/dago-fotogallery-522253\/2302581\" class=\"float-right img-wrapper\"><img decoding=\"async\" id=\"2302581\" loading=\"lazy\" src=\"https:\/\/static.dagospia.com\/img\/foto\/09-2026\/ferri-e-cardinale-2302581_800_q50.webp\"><span class=\"img-title\">ferri e cardinale<\/span><\/a><a href=\"https:\/\/www.dagospia.com\/media-gallery\/dago-fotogallery-522253\/2302579\" class=\"float-right img-wrapper\"><img decoding=\"async\" id=\"2302579\" loading=\"lazy\" src=\"https:\/\/static.dagospia.com\/img\/foto\/09-2026\/faouzi-ghoulam-2302579_800_q50.webp\"><span class=\"img-title\">faouzi ghoulam<\/span><\/a><a href=\"https:\/\/www.dagospia.com\/media-gallery\/dago-fotogallery-522253\/2302580\" class=\"float-right img-wrapper\"><img decoding=\"async\" id=\"2302580\" loading=\"lazy\" src=\"https:\/\/static.dagospia.com\/img\/foto\/09-2026\/alessandro-costacurta-2302580_800_q50.webp\"><span class=\"img-title\">alessandro costacurta<\/span><\/a><a href=\"https:\/\/www.dagospia.com\/media-gallery\/dago-fotogallery-522253\/2302585\" class=\"float-right img-wrapper\"><img decoding=\"async\" id=\"2302585\" loading=\"lazy\" src=\"https:\/\/static.dagospia.com\/img\/foto\/09-2026\/sarah-varetto-copia-2302585_800_q50.webp\"><span class=\"img-title\">sarah varetto copia<\/span><\/a><a href=\"https:\/\/www.dagospia.com\/media-gallery\/dago-fotogallery-522253\/2302584\" class=\"float-right img-wrapper\"><img decoding=\"async\" id=\"2302584\" loading=\"lazy\" src=\"https:\/\/static.dagospia.com\/img\/foto\/09-2026\/sarah-varetto-2302584_800_q50.webp\"><span class=\"img-title\">sarah varetto<\/span><\/a><a href=\"https:\/\/www.dagospia.com\/media-gallery\/dago-fotogallery-522253\/2302592\" class=\"float-right img-wrapper\"><img decoding=\"async\" id=\"2302592\" loading=\"lazy\" src=\"https:\/\/static.dagospia.com\/img\/foto\/09-2026\/giuseppe-marotta-2302592_800_q50.webp\"><span class=\"img-title\">giuseppe marotta<\/span><\/a><a href=\"https:\/\/www.dagospia.com\/media-gallery\/dago-fotogallery-522253\/2302593\" class=\"float-right img-wrapper\"><img decoding=\"async\" id=\"2302593\" loading=\"lazy\" src=\"https:\/\/static.dagospia.com\/img\/foto\/09-2026\/luca-marchegiani-2302593_800_q50.webp\"><span class=\"img-title\">luca marchegiani<\/span><\/a><a href=\"https:\/\/www.dagospia.com\/media-gallery\/dago-fotogallery-522253\/2302595\" class=\"float-right img-wrapper\"><img decoding=\"async\" id=\"2302595\" loading=\"lazy\" src=\"https:\/\/static.dagospia.com\/img\/foto\/09-2026\/coppa-ac-milan-88-89-2302595_800_q50.webp\"><span class=\"img-title\">coppa ac milan 88 89<\/span><\/a><a href=\"https:\/\/www.dagospia.com\/media-gallery\/dago-fotogallery-522253\/2302582\" class=\"float-right img-wrapper\"><img decoding=\"async\" id=\"2302582\" loading=\"lazy\" src=\"https:\/\/static.dagospia.com\/img\/foto\/09-2026\/sarah-varetto-2302582_800_q50.webp\"><span class=\"img-title\"> sarah varetto <\/span><\/a><a href=\"https:\/\/www.dagospia.com\/media-gallery\/dago-fotogallery-522253\/2302596\" class=\"float-right img-wrapper\"><img decoding=\"async\" id=\"2302596\" loading=\"lazy\" src=\"https:\/\/static.dagospia.com\/img\/foto\/09-2026\/varetto-e-duilio-2302596_800_q50.webp\"><span class=\"img-title\">varetto e duilio<\/span><\/a><a href=\"https:\/\/www.dagospia.com\/media-gallery\/dago-fotogallery-522253\/2302578\" class=\"float-right img-wrapper\"><img decoding=\"async\" id=\"2302578\" loading=\"lazy\" src=\"https:\/\/static.dagospia.com\/img\/foto\/09-2026\/paolo-di-canio-2302578_800_q50.webp\"><span class=\"img-title\">paolo di canio<\/span><\/a><a href=\"https:\/\/www.dagospia.com\/media-gallery\/dago-fotogallery-522253\/2302602\" class=\"float-right img-wrapper\"><img decoding=\"async\" id=\"2302602\" loading=\"lazy\" src=\"https:\/\/static.dagospia.com\/img\/foto\/09-2026\/fabio-capello-2302602_800_q50.webp\"><span class=\"img-title\">fabio capello<\/span><\/a><a href=\"https:\/\/www.dagospia.com\/media-gallery\/dago-fotogallery-522253\/2302598\" class=\"float-right img-wrapper\"><img decoding=\"async\" id=\"2302598\" loading=\"lazy\" src=\"https:\/\/static.dagospia.com\/img\/foto\/09-2026\/del-piero-e-de-bellis-2302598_800_q50.webp\"><span class=\"img-title\">del piero e de bellis<\/span><\/a><a href=\"https:\/\/www.dagospia.com\/media-gallery\/dago-fotogallery-522253\/2302603\" class=\"float-right img-wrapper\"><img decoding=\"async\" id=\"2302603\" loading=\"lazy\" src=\"https:\/\/static.dagospia.com\/img\/foto\/09-2026\/alessandro-florenzi-2302603_800_q50.webp\"><span class=\"img-title\">alessandro florenzi<\/span><\/a><a href=\"https:\/\/www.dagospia.com\/media-gallery\/dago-fotogallery-522253\/2302601\" class=\"float-right img-wrapper\"><img decoding=\"async\" id=\"2302601\" loading=\"lazy\" src=\"https:\/\/static.dagospia.com\/img\/foto\/09-2026\/sfere-uefa-2302601_800_q50.webp\"><span class=\"img-title\">sfere uefa<\/span><\/a><a href=\"https:\/\/www.dagospia.com\/media-gallery\/dago-fotogallery-522253\/2302607\" class=\"float-right img-wrapper\"><img decoding=\"async\" id=\"2302607\" loading=\"lazy\" src=\"https:\/\/static.dagospia.com\/img\/foto\/09-2026\/andrea-duilio-2302607_800_q50.webp\"><span class=\"img-title\">andrea duilio<\/span><\/a><a href=\"https:\/\/www.dagospia.com\/media-gallery\/dago-fotogallery-522253\/2302608\" class=\"float-right img-wrapper\"><img decoding=\"async\" id=\"2302608\" loading=\"lazy\" src=\"https:\/\/static.dagospia.com\/img\/foto\/09-2026\/performance-violini-2302608_800_q50.webp\"><span class=\"img-title\">performance violini<\/span><\/a><a href=\"https:\/\/www.dagospia.com\/media-gallery\/dago-fotogallery-522253\/2302610\" class=\"float-right img-wrapper\"><img decoding=\"async\" id=\"2302610\" loading=\"lazy\" src=\"https:\/\/static.dagospia.com\/img\/foto\/09-2026\/coppe-uefa-2302610_800_q50.webp\"><span class=\"img-title\">coppe uefa<\/span><\/a><a href=\"https:\/\/www.dagospia.com\/media-gallery\/dago-fotogallery-522253\/2302609\" class=\"float-right img-wrapper\"><img decoding=\"async\" id=\"2302609\" loading=\"lazy\" src=\"https:\/\/static.dagospia.com\/img\/foto\/09-2026\/giorgia-cenni-2302609_800_q50.webp\"><span class=\"img-title\">giorgia cenni<\/span><\/a><a href=\"https:\/\/www.dagospia.com\/media-gallery\/dago-fotogallery-522253\/2302611\" class=\"float-right img-wrapper\"><img decoding=\"async\" id=\"2302611\" loading=\"lazy\" src=\"https:\/\/static.dagospia.com\/img\/foto\/09-2026\/beppe-bergomi-2302611_800_q50.webp\"><span class=\"img-title\">beppe bergomi<\/span><\/a><a href=\"https:\/\/www.dagospia.com\/media-gallery\/dago-fotogallery-522253\/2302615\" class=\"float-right img-wrapper\"><img decoding=\"async\" id=\"2302615\" loading=\"lazy\" src=\"https:\/\/static.dagospia.com\/img\/foto\/09-2026\/giuseppe-de-bellis-2302615_800_q50.webp\"><span class=\"img-title\">giuseppe de bellis<\/span><\/a><\/p>\n<p class=\"disable\">\u00a0<\/p>\n<\/div>\n<div class=\"share-section\">\n                Condividi  questo articolo<\/p>\n<div class=\"socials\"><a href=\"https:\/\/www.dagospia.com\/video-mi-fa-venire-i-brividi-villa-necchi-notte-delle-coppe-di-sky-485826\"><img decoding=\"async\" src=\"https:\/\/static.dagospia.com\/img\/icons\/facebook.svg\" alt=\"Condividi su Facebook\"><\/a><a href=\"https:\/\/www.dagospia.com\/video-mi-fa-venire-i-brividi-villa-necchi-notte-delle-coppe-di-sky-485826\"><img decoding=\"async\" src=\"https:\/\/static.dagospia.com\/img\/icons\/x-icon.png\" alt=\"Condividi su X\"><\/a><a href=\"https:\/\/www.dagospia.com\/video-mi-fa-venire-i-brividi-villa-necchi-notte-delle-coppe-di-sky-485826\"><img decoding=\"async\" src=\"https:\/\/static.dagospia.com\/img\/icons\/whatsapp.svg\" alt=\"Condividi su Whatsapp\"><\/a><a href=\"https:\/\/www.dagospia.com\/video-mi-fa-venire-i-brividi-villa-necchi-notte-delle-coppe-di-sky-485826\"><img decoding=\"async\" src=\"https:\/\/static.dagospia.com\/img\/icons\/mail.svg\" alt=\"Invia in email\"><\/a><\/div>\n<\/div>\n<div class=\"content\">\n<p class=\"disable\"><strong>I VIDEO DELLA &#8220;NOTTE DELLO SPORT&#8221; DI SKY<\/strong><\/p>\n<p class=\"disable\"><a href=\"https:\/\/sport.sky.it\/calcio\/champions-league\/video\/2026\/09\/03\/su-sky-stanno-per-tornare-le-notti-europee-1121660\">https:\/\/sport.sky.it\/calcio\/champions-league\/video\/2026\/09\/03\/su-sky-stanno-per-tornare-le-notti-europee-1121660<\/a><\/p>\n<p class=\"disable\">\u00a0<\/p>\n<p class=\"disable\"><a href=\"https:\/\/sport.sky.it\/calcio\/champions-league\/video\/2026\/09\/03\/capello-champions-league-intervista-video-1121846\">https:\/\/sport.sky.it\/calcio\/champions-league\/video\/2026\/09\/03\/capello-champions-league-intervista-video-1121846<\/a><\/p>\n<p class=\"disable\">\u00a0<\/p>\n<p class=\"disable\">\u00a0<\/p>\n<p class=\"disable\"><strong>Da <a href=\"http:\/\/lastampa\" target=\"_blank\">\u201cLa Stampa\u201d<\/a><\/strong><\/p>\n<p><a href=\"https:\/\/www.dagospia.com\/media-gallery\/dago-fotogallery-522253\/2302606\" class=\"float-right img-wrapper\"><img decoding=\"async\" id=\"2302606\" loading=\"lazy\" src=\"https:\/\/static.dagospia.com\/img\/foto\/09-2026\/masolin-capello-e-del-piero-2302606_800_q50.webp\"><span class=\"img-title\">masolin, capello e del piero<\/span><\/a><\/p>\n<p class=\"disable\">\u00a0Sky Sport si prepara al grande spettacolo delle Coppe Europee. L&#8217;8 settembre riparte la Champions League, con 185 delle 203 partite in esclusiva. Poi &#8211; in esclusiva &#8211; Europa League e Conference League. In tutto saranno pi\u00f9 di 500 le partite live. Al centro della programmazione il nuovo Sky Calcio Show condotto da Federica Masolin. A chiudere ci sar\u00e0 Mario Giunta con After Party &#8211; La notte dei campioni. In prima linea il dream team di opinionisti, tra cui Fabio Capello, Alessandro Del Piero, Zvonimir Boban, Beppe Bergomi e Alessandro Costacurta.<\/p>\n<p class=\"disable\">\u00a0<\/p>\n<p class=\"disable\"><strong>DAGONEWS<\/strong><\/p>\n<p class=\"disable\">\u00a0<\/p>\n<p><a href=\"https:\/\/www.dagospia.com\/media-gallery\/dago-fotogallery-522253\/2302605\" class=\"float-left img-wrapper\"><img decoding=\"async\" id=\"2302605\" loading=\"lazy\" src=\"https:\/\/static.dagospia.com\/img\/foto\/09-2026\/costacurta-cenni-condo-e-borghi-2302605_800_q50.webp\"><span class=\"img-title\">costacurta, cenni, condo e borghi<\/span><\/a><\/p>\n<p class=\"disable\">Per una sera Villa Necchi Campiglio si \u00e8 trasformata nella casa del grande calcio europeo, ospitando \u201cLa Notte delle Coppe\u201d, l\u2019evento di Sky Sport dedicato alla nuova stagione delle competizioni UEFA.<\/p>\n<p class=\"disable\">\u00a0<\/p>\n<p class=\"disable\">Un\u2019atmosfera elegante e raffinata ha accompagnato l\u2019arrivo dei protagonisti della Casa dello Sport e di numerosi ospiti provenienti dal mondo dello sport, del cinema e dello spettacolo.<\/p>\n<p class=\"disable\">\u00a0<\/p>\n<p class=\"disable\">A dare il via alla serata \u00e8 stata l\u2019esibizione di un quartetto d\u2019archi, che ha eseguito gli inni delle principali competizioni europee, regalando un momento di grande suggestione.\u00a0\u00a0\u00a0\u00a0\u00a0\u00a0\u00a0\u00a0\u00a0\u00a0<\/p>\n<p class=\"disable\">\u00a0<\/p>\n<p class=\"disable\">La musica ha poi lasciato spazio a Federica Masolin, che ha ricordato il ritorno delle Coppe europee su Sky, con 185 partite su 203 a stagione in esclusiva di UEFA Champions League, oltre a tutta la UEFA Europa League e la UEFA Conference League in esclusiva, fino al 2031.<\/p>\n<p class=\"disable\">\u00a0<\/p>\n<p><a href=\"https:\/\/www.dagospia.com\/media-gallery\/dago-fotogallery-522253\/2302621\" class=\"float-right img-wrapper\"><img decoding=\"async\" id=\"2302621\" loading=\"lazy\" src=\"https:\/\/static.dagospia.com\/img\/foto\/09-2026\/martina-colombari-2302621_800_q50.webp\"><span class=\"img-title\">martina colombari<\/span><\/a><\/p>\n<p class=\"disable\">Sul palco presenti alcuni dei volti che accompagneranno gli appassionati nel racconto delle competizioni europee: Alessandro Del Piero, Fabio Capello, Billy Costacurta, Paolo Di Canio, Beppe Bergomi e Luca Marchegiani. A raggiungerli per la foto di inizio stagione, la squadra Sky Sport al completo: Alessandro Florenzi, Riccardo Montolivo, Walter Zenga, Massimo Gobbi, Faouzi Ghoulam, Michele Padovano, Giancarlo Marocchi, Nando Orsi, Lorenzo Minotti, Aldo Serena e Gianluca Zambrotta.<\/p>\n<p class=\"disable\">\u00a0<\/p>\n<p class=\"disable\">A prendere la parola, anche Andrea Duilio, CEO Sky Italia: \u201cQui abbiamo rappresentate le tre coppe europee vinte dalle squadre italiane: l\u2019Europa League vinta dall\u2019Atalanta nel 2024, la Conference League vinta dalla Roma nel 2022 e la Champions League, allora Coppa dei Campioni, vinta dal Milan nel 1989 e sollevata da Franco Baresi.\u00a0 Sono notti indimenticabili, che tutti ricordiamo e che fanno parte della storia di ciascuno di noi. L\u2019auspicio \u00e8 che queste emozioni possano continuare e siamo molto felici di poterle raccontare per i prossimi cinque anni, fino al 2031.<\/p>\n<p class=\"disable\">\u00a0<\/p>\n<p class=\"disable\">Quest\u2019anno sar\u00e0 speciale perch\u00e9 tutte le sette squadre italiane saranno divise in tre serate ricche di partite, con Atalanta, Milan e Juventus che arricchiranno il gioved\u00ec, in esclusiva su Sky\u201d.<\/p>\n<p><a href=\"https:\/\/www.dagospia.com\/media-gallery\/dago-fotogallery-522253\/2302623\" class=\"float-left img-wrapper\"><img decoding=\"async\" id=\"2302623\" loading=\"lazy\" src=\"https:\/\/static.dagospia.com\/img\/foto\/09-2026\/talent-e-management-sky-2302623_800_q50.webp\"><span class=\"img-title\">talent e management sky<\/span><\/a><\/p>\n<p class=\"disable\">\u00a0<\/p>\n<p class=\"disable\">E anche Giuseppe De Bellis, EVP Sport, News and Entertainment di Sky Italia: \u201cLe coppe europee sono uno dei contenuti pi\u00f9 importanti, un pilastro ormai da anni dell\u2019offerta di Sky, insieme a tutte le nostre Produzioni Originali. Quando si parla di Champions League, Europa League e Conference League si parla anche di intrattenimento, del pi\u00f9 grande spettacolo al mondo.<\/p>\n<p class=\"disable\">\u00a0<\/p>\n<p class=\"disable\">L\u2019anno scorso le Coppe Europee hanno totalizzato 50 milioni di spettatori nell\u2019arco di tutte le tre competizioni. Anche quest\u2019anno speriamo che il nostro pubblico ci segua e possa assaporare la grande qualit\u00e0 di Sky Sport e, soprattutto, la qualit\u00e0 dei campioni che regalano a noi e a tutti gli italiani le loro gesta. Nel nostro modo di raccontare ci sono molta innovazione e tecnologia. La centralit\u00e0 del racconto \u00e8 il nostro punto forte e la tecnologia non \u00e8 soltanto innovazione fine a s\u00e9 stessa, ma uno strumento di linguaggio e di racconto che arricchisce il contenuto\u201d.<\/p>\n<p class=\"disable\">\u00a0<\/p>\n<p><a href=\"https:\/\/www.dagospia.com\/media-gallery\/dago-fotogallery-522253\/2302617\" class=\"float-right img-wrapper\"><img decoding=\"async\" id=\"2302617\" loading=\"lazy\" src=\"https:\/\/static.dagospia.com\/img\/foto\/09-2026\/licia-virdis-2302617_800_q50.webp\"><span class=\"img-title\">licia virdis<\/span><\/a><\/p>\n<p class=\"disable\">Inoltre, Federico Ferri, Direttore Responsabile Sky Sport, ha sottolineato: \u201cQuest\u2019anno racconteremo il percorso di sette squadre italiane nelle tre coppe europee.<\/p>\n<p class=\"disable\">\u00a0<\/p>\n<p class=\"disable\">Cercheremo di fare al meglio il nostro lavoro non soltanto durante le partite, ma anche e soprattutto con tutto quello che facciamo prima e dopo, e per tutti i giorni che precedono e seguono ogni gara.<\/p>\n<p class=\"disable\">\u00a0<\/p>\n<p class=\"disable\">La prima novit\u00e0 riguarda il nostro studio, che si amplia: sar\u00e0 in onda marted\u00ec, mercoled\u00ec e anche gioved\u00ec, con un super appuntamento che rappresenter\u00e0 il cuore delle serate di Champions League, dalle 20 alle 24. Dopo questo appuntamento ci sar\u00e0 \u2018La Notte dei Campioni\u2019, dedicato alle stelle della Champions League, alle grandi storie, giocate e gesta dei campioni. Sky Sport \u00e8 una TV di flusso: non si limita a raccontare il solo evento, ma \u00e8 continuamente accesa con le news, gli approfondimenti e le storie che abbiamo da raccontare\u201d.<\/p>\n<p class=\"disable\">\u00a0<\/p>\n<p class=\"disable\">Numerose anche le personalit\u00e0 presenti nel corso della serata, tra cui Giuseppe Marotta, Jerry Cardinale, Daniele Massaro e Giovanni Carnevali. Tra gli ospiti, anche importanti esponenti delle istituzioni calcistiche, come Ezio Simonelli, presidente della Lega Serie A, Paolo Bedin, presidente della Lega Serie B e Matteo Marani, presidente della Lega Serie C.<\/p>\n<p class=\"disable\">Una notte per celebrare il calcio internazionale, i suoi protagonisti e l\u2019emozione delle grandi sfide che stanno per iniziare, in vista della nuova stagione delle coppe europee su Sky Sport.<\/p>\n<p class=\"disable\">\u00a0<\/p>\n<p class=\"disable\"><strong>CAPELLO<\/strong><\/p>\n<p><a href=\"https:\/\/www.dagospia.com\/media-gallery\/dago-fotogallery-522253\/2302616\" class=\"float-left img-wrapper\"><img decoding=\"async\" id=\"2302616\" loading=\"lazy\" src=\"https:\/\/static.dagospia.com\/img\/foto\/09-2026\/bergomi-e-florenzi-2302616_800_q50.webp\"><span class=\"img-title\">bergomi e florenzi<\/span><\/a><\/p>\n<p class=\"disable\"><strong>Estratti da <a href=\"http:\/\/fanpage\" target=\"_blank\">fanpage.it<\/a><\/strong><\/p>\n<p class=\"disable\">Fabio Capello si \u00e8 trovato davanti a uno dei simboli pi\u00f9 importanti della storia del Milan e non ha nascosto l&#8217;emozione. Durante &#8220;La Notte delle Coppe&#8221;, l&#8217;evento organizzato da Sky Sport a Villa Necchi Campiglio per celebrare la nuova stagione delle tre competizioni europee, l&#8217;ex allenatore rossonero ha osservato da vicino la Coppa dei Campioni vinta dal Milan di Franco Baresi nel 1989: il trofeo originale, che racchiude la storia e le emozioni di quel momento, ma soprattutto il ricordo di un grande campione scomparso lo scorso 31 luglio.<\/p>\n<p class=\"disable\">\u00a0<\/p>\n<p class=\"disable\">\u00a0<\/p>\n<p><a href=\"https:\/\/www.dagospia.com\/media-gallery\/dago-fotogallery-522253\/2302613\" class=\"float-right img-wrapper\"><img decoding=\"async\" id=\"2302613\" loading=\"lazy\" src=\"https:\/\/static.dagospia.com\/img\/foto\/09-2026\/cardinale-e-carnevali-2302613_800_q50.webp\"><span class=\"img-title\">cardinale e carnevali<\/span><\/a><\/p>\n<p class=\"disable\">L&#8217;ex allenatore, uno dei talent di Sky presenti alla serata, non ha trattenuto l&#8217;emozione: &#8220;\u00c8 la prima Coppa che ha alzato delle tante Franco Baresi, questa dell&#8217;89. Ed \u00e8 molto emozionante averla qui. \u00c8 un&#8217;emozione sapere dove \u00e8 iniziato il grande Milan, il Milan degli Invincibili, il Milan che \u00e8 diventato la squadra nella quale tutti sognavano di giocare&#8221;. Era il gruppo allenato da Arrigo Sacchi che nella finale di Barcellona super\u00f2 la Steaua Bucarest per 4-0 salendo sul tetto d&#8217;Europa. L&#8217;emozione alla fine ha preso il sopravvento e Capello ha interrotto per un attimo il suo racconto: &#8220;Questa Coppa che \u00e8 stata alzata da Franco Baresi mi fa venire i brividi, scusate&#8221;.<\/p>\n<p><a href=\"https:\/\/www.dagospia.com\/media-gallery\/dago-fotogallery-522253\/2302614\" class=\"float-right img-wrapper\"><img decoding=\"async\" id=\"2302614\" loading=\"lazy\" src=\"https:\/\/static.dagospia.com\/img\/foto\/09-2026\/costacurta-e-colombari-2302614_800_q50.webp\"><span class=\"img-title\">costacurta e colombari<\/span><\/a><\/p>\n<p class=\"disable\">\u00a0<\/p>\n<p><a href=\"https:\/\/www.dagospia.com\/media-gallery\/dago-fotogallery-522253\/2302618\" class=\"float-right img-wrapper\"><img decoding=\"async\" id=\"2302618\" loading=\"lazy\" src=\"https:\/\/static.dagospia.com\/img\/foto\/09-2026\/talent-calcio-e-management-sky-2302618_800_q50.webp\"><span class=\"img-title\">talent calcio e management sky<\/span><\/a><a href=\"https:\/\/www.dagospia.com\/media-gallery\/dago-fotogallery-522253\/2302622\" class=\"float-right img-wrapper\"><img decoding=\"async\" id=\"2302622\" loading=\"lazy\" src=\"https:\/\/static.dagospia.com\/img\/foto\/09-2026\/michele-padovano-2302622_800_q50.webp\"><span class=\"img-title\">michele padovano<\/span><\/a><\/p>\n<p class=\"disable\">(&#8230;)<\/p>\n<p class=\"disable\">\u00a0<\/p>\n<p><a href=\"https:\/\/www.dagospia.com\/media-gallery\/dago-fotogallery-522253\/2302619\" class=\"float-right img-wrapper\"><img decoding=\"async\" id=\"2302619\" loading=\"lazy\" src=\"https:\/\/static.dagospia.com\/img\/foto\/09-2026\/sarah-varetto-2302619_800_q50.webp\"><span class=\"img-title\">sarah varetto <\/span><\/a><a href=\"https:\/\/www.dagospia.com\/media-gallery\/dago-fotogallery-522253\/2302612\" class=\"float-right img-wrapper\"><img decoding=\"async\" id=\"2302612\" loading=\"lazy\" src=\"https:\/\/static.dagospia.com\/img\/foto\/09-2026\/riccardo-montolivo-2302612_800_q50.webp\"><span class=\"img-title\">riccardo montolivo<\/span><\/a><a href=\"https:\/\/www.dagospia.com\/media-gallery\/dago-fotogallery-522253\/2302620\" class=\"float-right img-wrapper\"><img decoding=\"async\" id=\"2302620\" loading=\"lazy\" src=\"https:\/\/static.dagospia.com\/img\/foto\/09-2026\/sarah-varetto-2302620_800_q50.webp\"><span class=\"img-title\">sarah varetto <\/span><\/a><a href=\"https:\/\/www.dagospia.com\/media-gallery\/dago-fotogallery-522253\/2302624\" class=\"float-right img-wrapper\"><img decoding=\"async\" id=\"2302624\" loading=\"lazy\" src=\"https:\/\/static.dagospia.com\/img\/foto\/09-2026\/sarah-varetto-2302624_800_q50.webp\"><span class=\"img-title\"> sarah varetto <\/span><\/a><a href=\"https:\/\/www.dagospia.com\/media-gallery\/dago-fotogallery-522253\/2302604\" class=\"float-right img-wrapper\"><img decoding=\"async\" id=\"2302604\" loading=\"lazy\" src=\"https:\/\/static.dagospia.com\/img\/foto\/09-2026\/sarah-varetto-2-2302604_800_q50.webp\"><span class=\"img-title\">sarah varetto (2)<\/span><\/a><a href=\"https:\/\/www.dagospia.com\/media-gallery\/dago-fotogallery-522253\/2302600\" class=\"float-right img-wrapper\"><img decoding=\"async\" id=\"2302600\" loading=\"lazy\" src=\"https:\/\/static.dagospia.com\/img\/foto\/09-2026\/talent-calcio-sky-sport-2302600_800_q50.webp\"><span class=\"img-title\">talent calcio sky sport<\/span><\/a><a href=\"https:\/\/www.dagospia.com\/media-gallery\/dago-fotogallery-522253\/2302599\" class=\"float-right img-wrapper\"><img decoding=\"async\" id=\"2302599\" loading=\"lazy\" src=\"https:\/\/static.dagospia.com\/img\/foto\/09-2026\/federico-ferri-2302599_800_q50.webp\"><span class=\"img-title\">federico ferri <\/span><\/a><a href=\"https:\/\/www.dagospia.com\/media-gallery\/dago-fotogallery-522253\/2302589\" class=\"float-right img-wrapper\"><img decoding=\"async\" id=\"2302589\" loading=\"lazy\" src=\"https:\/\/static.dagospia.com\/img\/foto\/09-2026\/federica-masolin-2302589_800_q50.webp\"><span class=\"img-title\">federica masolin<\/span><\/a><a href=\"https:\/\/www.dagospia.com\/media-gallery\/dago-fotogallery-522253\/2302597\" class=\"float-right img-wrapper\"><img decoding=\"async\" id=\"2302597\" loading=\"lazy\" src=\"https:\/\/static.dagospia.com\/img\/foto\/09-2026\/federico-ferri-2302597_800_q50.webp\"><span class=\"img-title\">federico ferri<\/span><\/a><a href=\"https:\/\/www.dagospia.com\/media-gallery\/dago-fotogallery-522253\/2302590\" class=\"float-right img-wrapper\"><img decoding=\"async\" id=\"2302590\" loading=\"lazy\" src=\"https:\/\/static.dagospia.com\/img\/foto\/09-2026\/giovanni-carnevali-2302590_800_q50.webp\"><span class=\"img-title\">giovanni carnevali<\/span><\/a><a href=\"https:\/\/www.dagospia.com\/media-gallery\/dago-fotogallery-522253\/2302587\" class=\"float-right img-wrapper\"><img decoding=\"async\" id=\"2302587\" loading=\"lazy\" src=\"https:\/\/static.dagospia.com\/img\/foto\/09-2026\/masolin-e-duilio-2302587_800_q50.webp\"><span class=\"img-title\">masolin e duilio<\/span><\/a><a href=\"https:\/\/www.dagospia.com\/media-gallery\/dago-fotogallery-522253\/2302591\" class=\"float-right img-wrapper\"><img decoding=\"async\" id=\"2302591\" loading=\"lazy\" src=\"https:\/\/static.dagospia.com\/img\/foto\/09-2026\/cavelli-cardinale-e-massaro-2302591_800_q50.webp\"><span class=\"img-title\">cavelli, cardinale e massaro<\/span><\/a><a href=\"https:\/\/www.dagospia.com\/media-gallery\/dago-fotogallery-522253\/2302586\" class=\"float-right img-wrapper\"><img decoding=\"async\" id=\"2302586\" loading=\"lazy\" src=\"https:\/\/static.dagospia.com\/img\/foto\/09-2026\/alessandro-del-piero-2302586_800_q50.webp\"><span class=\"img-title\">alessandro del piero<\/span><\/a><a href=\"https:\/\/www.dagospia.com\/media-gallery\/dago-fotogallery-522253\/2302588\" class=\"float-right img-wrapper\"><img decoding=\"async\" id=\"2302588\" loading=\"lazy\" src=\"https:\/\/static.dagospia.com\/img\/foto\/09-2026\/lisa-offside-2302588_800_q50.webp\"><span class=\"img-title\">lisa offside<\/span><\/a><a href=\"https:\/\/www.dagospia.com\/media-gallery\/dago-fotogallery-522253\/2302594\" class=\"float-right img-wrapper\"><img decoding=\"async\" id=\"2302594\" loading=\"lazy\" src=\"https:\/\/static.dagospia.com\/img\/foto\/09-2026\/costacurta-e-di-canio-2302594_800_q50.webp\"><span class=\"img-title\">costacurta e di canio<\/span><\/a><a href=\"https:\/\/www.dagospia.com\/media-gallery\/dago-fotogallery-522253\/2302583\" class=\"float-right img-wrapper\"><img decoding=\"async\" id=\"2302583\" loading=\"lazy\" src=\"https:\/\/static.dagospia.com\/img\/foto\/09-2026\/walter-zenga-2302583_800_q50.webp\"><span class=\"img-title\">walter zenga<\/span><\/a><a href=\"https:\/\/www.dagospia.com\/media-gallery\/dago-fotogallery-522253\/2302581\" class=\"float-right img-wrapper\"><img decoding=\"async\" id=\"2302581\" loading=\"lazy\" src=\"https:\/\/static.dagospia.com\/img\/foto\/09-2026\/ferri-e-cardinale-2302581_800_q50.webp\"><span class=\"img-title\">ferri e cardinale<\/span><\/a><a href=\"https:\/\/www.dagospia.com\/media-gallery\/dago-fotogallery-522253\/2302579\" class=\"float-right img-wrapper\"><img decoding=\"async\" id=\"2302579\" loading=\"lazy\" src=\"https:\/\/static.dagospia.com\/img\/foto\/09-2026\/faouzi-ghoulam-2302579_800_q50.webp\"><span class=\"img-title\">faouzi ghoulam<\/span><\/a><a href=\"https:\/\/www.dagospia.com\/media-gallery\/dago-fotogallery-522253\/2302580\" class=\"float-right img-wrapper\"><img decoding=\"async\" id=\"2302580\" loading=\"lazy\" src=\"https:\/\/static.dagospia.com\/img\/foto\/09-2026\/alessandro-costacurta-2302580_800_q50.webp\"><span class=\"img-title\">alessandro costacurta<\/span><\/a><a href=\"https:\/\/www.dagospia.com\/media-gallery\/dago-fotogallery-522253\/2302585\" class=\"float-right img-wrapper\"><img decoding=\"async\" id=\"2302585\" loading=\"lazy\" src=\"https:\/\/static.dagospia.com\/img\/foto\/09-2026\/sarah-varetto-copia-2302585_800_q50.webp\"><span class=\"img-title\">sarah varetto copia<\/span><\/a><a href=\"https:\/\/www.dagospia.com\/media-gallery\/dago-fotogallery-522253\/2302584\" class=\"float-right img-wrapper\"><img decoding=\"async\" id=\"2302584\" loading=\"lazy\" src=\"https:\/\/static.dagospia.com\/img\/foto\/09-2026\/sarah-varetto-2302584_800_q50.webp\"><span class=\"img-title\">sarah varetto<\/span><\/a><a href=\"https:\/\/www.dagospia.com\/media-gallery\/dago-fotogallery-522253\/2302592\" class=\"float-right img-wrapper\"><img decoding=\"async\" id=\"2302592\" loading=\"lazy\" src=\"https:\/\/static.dagospia.com\/img\/foto\/09-2026\/giuseppe-marotta-2302592_800_q50.webp\"><span class=\"img-title\">giuseppe marotta<\/span><\/a><a href=\"https:\/\/www.dagospia.com\/media-gallery\/dago-fotogallery-522253\/2302593\" class=\"float-right img-wrapper\"><img decoding=\"async\" id=\"2302593\" loading=\"lazy\" src=\"https:\/\/static.dagospia.com\/img\/foto\/09-2026\/luca-marchegiani-2302593_800_q50.webp\"><span class=\"img-title\">luca marchegiani<\/span><\/a><a href=\"https:\/\/www.dagospia.com\/media-gallery\/dago-fotogallery-522253\/2302595\" class=\"float-right img-wrapper\"><img decoding=\"async\" id=\"2302595\" loading=\"lazy\" src=\"https:\/\/static.dagospia.com\/img\/foto\/09-2026\/coppa-ac-milan-88-89-2302595_800_q50.webp\"><span class=\"img-title\">coppa ac milan 88 89<\/span><\/a><a href=\"https:\/\/www.dagospia.com\/media-gallery\/dago-fotogallery-522253\/2302582\" class=\"float-right img-wrapper\"><img decoding=\"async\" id=\"2302582\" loading=\"lazy\" src=\"https:\/\/static.dagospia.com\/img\/foto\/09-2026\/sarah-varetto-2302582_800_q50.webp\"><span class=\"img-title\"> sarah varetto <\/span><\/a><a href=\"https:\/\/www.dagospia.com\/media-gallery\/dago-fotogallery-522253\/2302596\" class=\"float-right img-wrapper\"><img decoding=\"async\" id=\"2302596\" loading=\"lazy\" src=\"https:\/\/static.dagospia.com\/img\/foto\/09-2026\/varetto-e-duilio-2302596_800_q50.webp\"><span class=\"img-title\">varetto e duilio<\/span><\/a><a href=\"https:\/\/www.dagospia.com\/media-gallery\/dago-fotogallery-522253\/2302578\" class=\"float-right img-wrapper\"><img decoding=\"async\" id=\"2302578\" loading=\"lazy\" src=\"https:\/\/static.dagospia.com\/img\/foto\/09-2026\/paolo-di-canio-2302578_800_q50.webp\"><span class=\"img-title\">paolo di canio<\/span><\/a><a href=\"https:\/\/www.dagospia.com\/media-gallery\/dago-fotogallery-522253\/2302602\" class=\"float-right img-wrapper\"><img decoding=\"async\" id=\"2302602\" loading=\"lazy\" src=\"https:\/\/static.dagospia.com\/img\/foto\/09-2026\/fabio-capello-2302602_800_q50.webp\"><span class=\"img-title\">fabio capello<\/span><\/a><a href=\"https:\/\/www.dagospia.com\/media-gallery\/dago-fotogallery-522253\/2302598\" class=\"float-right img-wrapper\"><img decoding=\"async\" id=\"2302598\" loading=\"lazy\" src=\"https:\/\/static.dagospia.com\/img\/foto\/09-2026\/del-piero-e-de-bellis-2302598_800_q50.webp\"><span class=\"img-title\">del piero e de bellis<\/span><\/a><a href=\"https:\/\/www.dagospia.com\/media-gallery\/dago-fotogallery-522253\/2302603\" class=\"float-right img-wrapper\"><img decoding=\"async\" id=\"2302603\" loading=\"lazy\" src=\"https:\/\/static.dagospia.com\/img\/foto\/09-2026\/alessandro-florenzi-2302603_800_q50.webp\"><span class=\"img-title\">alessandro florenzi<\/span><\/a><a href=\"https:\/\/www.dagospia.com\/media-gallery\/dago-fotogallery-522253\/2302601\" class=\"float-right img-wrapper\"><img decoding=\"async\" id=\"2302601\" loading=\"lazy\" src=\"https:\/\/static.dagospia.com\/img\/foto\/09-2026\/sfere-uefa-2302601_800_q50.webp\"><span class=\"img-title\">sfere uefa<\/span><\/a><a href=\"https:\/\/www.dagospia.com\/media-gallery\/dago-fotogallery-522253\/2302607\" class=\"float-right img-wrapper\"><img decoding=\"async\" id=\"2302607\" loading=\"lazy\" src=\"https:\/\/static.dagospia.com\/img\/foto\/09-2026\/andrea-duilio-2302607_800_q50.webp\"><span class=\"img-title\">andrea duilio<\/span><\/a><a href=\"https:\/\/www.dagospia.com\/media-gallery\/dago-fotogallery-522253\/2302608\" class=\"float-right img-wrapper\"><img decoding=\"async\" id=\"2302608\" loading=\"lazy\" src=\"https:\/\/static.dagospia.com\/img\/foto\/09-2026\/performance-violini-2302608_800_q50.webp\"><span class=\"img-title\">performance violini<\/span><\/a><a href=\"https:\/\/www.dagospia.com\/media-gallery\/dago-fotogallery-522253\/2302610\" class=\"float-right img-wrapper\"><img decoding=\"async\" id=\"2302610\" loading=\"lazy\" src=\"https:\/\/static.dagospia.com\/img\/foto\/09-2026\/coppe-uefa-2302610_800_q50.webp\"><span class=\"img-title\">coppe uefa<\/span><\/a><a href=\"https:\/\/www.dagospia.com\/media-gallery\/dago-fotogallery-522253\/2302609\" class=\"float-right img-wrapper\"><img decoding=\"async\" id=\"2302609\" loading=\"lazy\" src=\"https:\/\/static.dagospia.com\/img\/foto\/09-2026\/giorgia-cenni-2302609_800_q50.webp\"><span class=\"img-title\">giorgia cenni<\/span><\/a><a href=\"https:\/\/www.dagospia.com\/media-gallery\/dago-fotogallery-522253\/2302611\" class=\"float-right img-wrapper\"><img decoding=\"async\" id=\"2302611\" loading=\"lazy\" src=\"https:\/\/static.dagospia.com\/img\/foto\/09-2026\/beppe-bergomi-2302611_800_q50.webp\"><span class=\"img-title\">beppe bergomi<\/span><\/a><a href=\"https:\/\/www.dagospia.com\/media-gallery\/dago-fotogallery-522253\/2302615\" class=\"float-right img-wrapper\"><img decoding=\"async\" id=\"2302615\" loading=\"lazy\" src=\"https:\/\/static.dagospia.com\/img\/foto\/09-2026\/giuseppe-de-bellis-2302615_800_q50.webp\"><span class=\"img-title\">giuseppe de bellis<\/span><\/a><\/p>\n<p class=\"disable\">\u00a0<\/p>\n<\/div>\n<article><a href=\"https:\/\/www.dagospia.com\/cronache\/la-camorra-indaga-legge-ringrazia-ad-indirizzare-indagini-lavitola-485901\"><\/p>\n<div class=\"img-wrapper\"><img decoding=\"async\" src=\"https:\/\/static.dagospia.com\/img\/patch\/09-2026\/attentato-sigfrido-ranucci-bomba-valter-lavitola-clesio-gomes-tavares-pellegrino-2302877_600_q50.webp\" alt=\"attentato sigfrido ranucci bomba valter lavitola clesio gomes tavares pellegrino d\u2019avino davino antonio passariello saverio mutone \" loading=\"lazy\"><time class=\"data-ora\">4 set 19:43<\/time><\/div>\n<div class=\"excerpt\">\n<p>DAGOREPORT-\u00a0<span>PECCATO CHE SIANO SCOMPARSI I POLIZIOTTESCHI DEGLI ANNI \u201970, TIPO: \u201cLA CAMORRA SFIDA, NAPOLI RISPONDE\u2019\u2019.<\/span> DAVANTI AI COLPI DI SCENA DEL GASTRO-CRIMINAL-SHOW, STARRING LAVITOLA E RANUCCI, AVREBBERO SCODELLATO UN BEL FILMONE, INTITOLATO: <span>\u201cLA CAMORRA INDAGA, LA LEGGE RINGRAZIA\u201d \u2013<\/span> QUANDO RANUCCI INDIRIZZA LE INDAGINI SULLA PISTA DELLA CAMORRA, IL CLAN CAVA, STORICA ORGANIZZAZIONE IRPINA DI QUINDICI, NON HA PRESO PER NIENTE BENE DI FINIRE SOTTO PRESSIONE PER IL LAVORO INVESTIGATIVO DEI CARABINIERI \u2013 <span>INDAGANO E SCOPRONO CHE ANTONIO PASSARIELLO, L\u2019UNICO LORO AFFILIATO DEL QUARTETTO BOMBAROLO (GLI ALTRI TRE NON ERANO ORGANICI AL CLAN),<\/span> NON SI ERA PREOCCUPATO DI INFORMARE IL VERTICE DEL CLAN, N\u00c9 DI RICEVERE IL VIA LIBERA PER COMPIERE L\u2019ATTENTATO &#8211; I CAMORRISTI DECIDONO ALLORA DI INDIRIZZARE GLI INQUIRENTI SULLA PISTA GIUSTA, INVIANDO UNA MAIL AL PM: <span>\u201cSE CE LO AVREBBE DETTO NON GLIELO AVREMMO MAI PERMESSO PERCH\u00c9 RANUCCI A NOI NON CI HA FATTO NIENTE E QUESTO SONO GUAI CHE NON VOGLIAMO<\/span>, ALLORA PRIMA CHE SI MISCHIANO LE CARTE, LE COSE STANNO COSI\u2026\u201d. E GI\u00d9 UN NUMERO DI TELEFONO INTESTATO A UN\u2019ALTRA PERSONA MA UTILIZZATO DA PASSARIELLO, CHE GLI INVESTIGATORI NON AVEVANO ANCORA SCOPERTO. <span>DA L\u00cc, INTERCETTANDO INTERCETTANDO, SI \u00c8 FINITI A TAVARES E LAVITOLA\u2026<\/span> &#8211; VIDEO<\/p>\n<\/div>\n<p><\/a><\/article>\n<article><a href=\"https:\/\/www.dagospia.com\/politica\/flash-e-non-e-lui-ministro-per-pubblica-amministrazione-paolo-zangrillo-485844\"><\/p>\n<div class=\"img-wrapper\"><img decoding=\"async\" src=\"https:\/\/static.dagospia.com\/img\/patch\/09-2026\/paolo-zangrillo-in-un-volo-di-linea-ita-airways-da-lamezia-a-milano-3-2302703_600_q50.webp\" alt=\"paolo zangrillo in un volo di linea ita airways da lamezia a milano - 3\" loading=\"lazy\"><time class=\"data-ora\">4 set 13:08<\/time><\/div>\n<div class=\"excerpt\">\n<p>FLASH \u2013 \u00c8 LUI O NON \u00c8 LUI? MA CERTO CHE \u00c8 LUI! IL MINISTRO PER LA PUBBLICA AMMINISTRAZIONE (IN QUOTA MARINA) <span>PAOLO ZANGRILLO, CHE SCALPITA PER FARE LE SCARPE A TAJANI, \u00c8 STATO AVVISTATO POCO FA IN UN VOLO DI LINEA DA LAMEZIA TERME A MILANO LINATE<\/span>, IN MEZZO A IGNARI PASSEGGERI. CHE COSA LO ASPETTA ALL\u2019OMBRA DELLA MADUNINA? RIFERIR\u00c0 A \u201cMADRINA\u201d BERLUSCONI L\u2019ESITO DEL SUO TETE-A-TETE CON ROBERTO OCCHIUTO, ALTRO COCCO DELLA REAL CASATA DI ARCORE?<\/p>\n<\/div>\n<p><\/a><\/article>\n<article><a href=\"https:\/\/www.dagospia.com\/politica\/dagoreport-giorgia-meloni-e-in-modalita-cattivissima-me-fronte-guai-485762\"><\/p>\n<div class=\"img-wrapper\"><img decoding=\"async\" src=\"https:\/\/static.dagospia.com\/img\/patch\/09-2026\/giorgia-meloni-sigfrido-ranucci-giampaolo-rossi-giovambattista-fazzolari-patrizi-2302272_600_q50.webp\" alt=\"giorgia meloni sigfrido ranucci giampaolo rossi giovambattista fazzolari patrizia scurti antonio tajani matteo salvini \" loading=\"lazy\"><time class=\"data-ora\">3 set 20:07<\/time><\/div>\n<div class=\"excerpt\">\n<p>DAGOREPORT \u2013 <span>GIORGIA MELONI \u00c8 IN MODALIT\u00c0 \u201cCATTIVISSIMA ME\u201d<\/span>: DOPO QUATTRO ANNI DI LUNA DI MIELE, PER LA DUCETTA \u00c8 ARRIVATA LA TEMPESTA PERFETTA: LO STOP AL PREMIERATO,\u00a0LA BATOSTA AL REFERENDUM, LE RAFFICHE DI \u201cVAFFA\u201d DI TRUMP, L&#8217;ESPLOSIONE DEL FENOMENO VANNACCI, IL CROLLO DELLA LEGA, FORZA ITALIA ALLA BERLUSCONINA, IL CAOS INTORNO ALLA NUOVA LEGGE ELETTORALE, L&#8217;AUTOGOL SULLA SOSTITUZIONE DI RANUCCI &#8211; <span>PIU&#8217; IRRIDUCIBILE DELLA MALASORTE, ANZICHE&#8217; ASCOLTARE I CO-FONDATORI DI FDI, LA RUSSA E CROSETTO, L&#8217;UNDERDOG PREFERISCE\u00a0CIRCONDARSI DALL&#8217;AFFETTO DEL SUO CIRCOLETTO DELLA GARBATELLA<\/span>\u00a0&#8211; DOMANI DA BARI, DOVE FESTEGGIA IL RECORD DI DURATA DEL SUO GOVERNO, L&#8217;UNDERDOG LANCER\u00c0 IL SUO GRIDO DI RISCOSSA ELETTORALE &#8211; <span>SA CHE L&#8217;ARMATA BRANCA-MELONI NON PUO&#8217; REGGERE FINO A OTTOBRE 2027, OCCORRE ANTICIPARE IL VOTO AD APRILE, LASCIANDO LE COMUNALI A GIUGNO <\/span>&#8211; MA MATTARELLA VUOLE L\u2019ELECTION-DAY A CUI SI OPPONE LA MELONI, TERRORIZZATA DALL\u2019EFFETTO TRAINO DI UN FILOTTO DEL CENTROSINISTRA: CHE DECIDERA&#8217; IL COLLE? AH, SAPERLO&#8230;<\/p>\n<\/div>\n<p><\/a><\/article>\n<article><a href=\"https:\/\/www.dagospia.com\/politica\/dagoreport-roberto-vannacci-marcia-cernobbio-gli-imprenditori-italiani-485729\"><\/p>\n<div class=\"img-wrapper\"><img decoding=\"async\" src=\"https:\/\/static.dagospia.com\/img\/patch\/09-2026\/crosetto-calenda-vannacci-monti-de-bortoli-forum-ambrosetti-cernobbio-2302201_600_q50.webp\" alt=\"crosetto calenda vannacci monti de bortoli forum ambrosetti cernobbio\" loading=\"lazy\"><time class=\"data-ora\">3 set 20:02<\/time><\/div>\n<div class=\"excerpt\">\n<p><span>DAGOREPORT <\/span>&#8211; MENTRE LA PROCURA MILITARE DI ROMA AVVIA UN\u2019INDAGINE SUGLI UFFICIALI CHE HANNO ADERITO ALLA &#8220;SPORCA DOZZINA&#8221; DI ROBERTO VANNACCI, <span>IL RE-DUX DI FUTURO NAZIONALE MARCIA SU CERNOBBIO: SABATO \u00c8 ATTESO IN POMPA MAGNA AL FORUM AMBROSETTI PER DIBATTERE CON L\u2019EX PREMIER MARIO MONTI<\/span> &#8211; DALL&#8217;IDEOLOGO DEL POPULISMO GRILLINO, GIAN ROBERTO CASALEGGIO AL LEADER SOVRANISTA OLANDESE, IL RAZZISTA GEERT WILDERS, LE PRESENZE PROVOCATORIE E ACCHIAPPA-TITOLI NON SONO UNA NOVITA&#8217; A VILLA D&#8217;ESTE &#8211;<span> SDEGNATI PER LA PRESENZA E &#8220;TRATTAMENTO PREFERENZIALE&#8221; DEDICATO ALL\u2019EX PAR\u00c0(CULO) DELLA FOLGORE, CARLO CALENDA E GUIDO CROSETTO NON METTERANNO PIEDE A CERNOBBIO<\/span> \u2013 ANCHE FERRUCCIO DE BORTOLI RIFIUTA DI DUETTARE CON L\u2019EX GENERALE NOSTALGICO DEL MANGANELLO E DELL\u2019OLIO DI RICINO &#8211; NON SOLO: E&#8217; L\u2019EX DIRETTORE DEL \u201cCORRIERE\u201d IL PRIMO CHE SPARA LA NOTIZIA:<span> \u201cPURTROPPO A CERNOBBIO CI SAR\u00c0 VANNACCI&#8221;<\/span> (IL CAUTO DIRETTORE FONTANA \u00c8 STATO BEN ATTENTO A NON PUBBLICARLA SUBITO SUL CARTACEO)&#8230;<\/p>\n<\/div>\n<p><\/a><\/article>\n<article><a href=\"https:\/\/www.dagospia.com\/media-tv\/dagoreport-riunione-interlocutoria-qualche-piccola-apertura-caso-report-485651\"><\/p>\n<div class=\"img-wrapper\"><img decoding=\"async\" src=\"https:\/\/static.dagospia.com\/img\/patch\/09-2026\/rai-via-teulada-paolo-corsini-giulia-innocenzi-presutti-daniele-piervincenzi-dan-2301944_600_q50.webp\" alt=\"rai via teulada paolo corsini giulia innocenzi presutti daniele piervincenzi danilo procaccianti report sigfrido ranucci \" loading=\"lazy\"><time class=\"data-ora\">2 set 20:05<\/time><\/div>\n<div class=\"excerpt\">\n<p>DAGOREPORT \u2013 <span>RIUNIONE INTERLOCUTORIA MA CON QUALCHE PICCOLA APERTURA <\/span>TRA IL DIRETTORE DELL&#8217;APPROFONDIMENTO RAI, PAOLO CORSINI, E I MEMBRI DELLA SQUADRA DI \u201cREPORT\u201d: I GIORNALISTI <span>HANNO RIBADITO IL \u201cNO\u201d ALLA CONDUZIONE DI GIULIA PRESUTTI E DANIELE<\/span><span>PIERVINCENZI, MA SU QUEST\u2019ULTIMO LA POSIZIONE SAREBBE PI\u00d9 MORBIDA: <\/span>POTREBBE AVERE UN VIA LIBERA MAGARI COME CONDUTTORE DEL \u201cREPORT LAB\u201d, CON LA CONDUZIONE VERA E PROPRIA DA AFFIDARE A DUE \u201cSTORICI\u201d (CHE DIVENTEREBBERO TRE NEL CASO DI UN REINTEGRO DI RANUCCI DA PARTE DEL TRIBUNALE).\u00a0 SULLA PRESUTTI IL MURO RESTA GRANITICO \u2013 <span>PALAZZO CHIGI, INVECE, SAREBBE IRREMOVIBILE SUI DUE NOMI<\/span> \u2013 EPISODIO PITTORESCO NEL MEZZO DELLA RIUNIONE: UN GIORNALISTA DI UNA PRESTIGIOSA TESTATA DELLA RAI SAREBBE STATO <span>BECCATO A ORIGLIARE DA UN BAGNO VICINO ALLA SALA\u2026<\/span><\/p>\n<\/div>\n<p><\/a><\/article>\n<article><a href=\"https:\/\/www.dagospia.com\/politica\/dagoreport-grazie-trump-mondo-verso-de-americanizzazione-oggi-si-485332\"><\/p>\n<div class=\"img-wrapper\"><img decoding=\"async\" src=\"https:\/\/static.dagospia.com\/img\/patch\/09-2026\/trump-modi-xi-jinping-putin-2301524_600_q50.webp\" alt=\"trump modi xi jinping putin\" loading=\"lazy\"><time class=\"data-ora\">1 set 19:59<\/time><\/div>\n<div class=\"excerpt\">\n<p>DAGOREPORT \u2013<span> GRAZIE A TRUMP, IL DOLLARO RISCHIA DI DIVENTARE CARTA STRACCIA \u2013<\/span>\u00a0IL PIATTO FORTE AL SUMMIT IN KIRGHIZISTAN DI XI JINPING, VLADIMIR PUTIN E NARENDRA MODI, HA FATTO STRA-INCAZZARE IL CALIGOLA DELLA CASA BIANCA: SUL TAVOLO,\u00a0<span>IL PROGETTO DEI &#8221;BRICS&#8221; (BRASILE, RUSSIA, INDIA, CINA, SUDAFRICA) DI DAR VITA A UNA \u201cMONETA UNICA&#8221;, PER FAR FUORI IL DOLLARO NEGLI SCAMBI INTERNAZIONALI<\/span>\u00a0&#8211; CON UN DEBITO PUBBLICO MONSTRE DI 40MILA MILIARDI, LA DE-DOLLARIZZAZIONE SAREBBE LA FINE DELL&#8217;IMPERO AMERICANO: IL VERDONE&#8221; VIENE UTILIZZATO IN OLTRE L&#8217;80% DELLE TRANSAZIONI COMMERCIALI E IN PI\u00d9 DELLA MET\u00c0 DEI PAGAMENTI INTERNAZIONALI DELLE MATERIE PRIME, COME IL PETROLIO\u00a0&#8211; <span>LA DECISIONE E&#8217; NELLE MANI DELLA CINA: RINUNCERA&#8217; ALLO MONETA NAZIONALE, LO YUAN, PER DIVENTARE LA LOCOMOTIVA DEI &#8221;BRICS&#8221;?<\/span>\u00a0&#8211;\u00a0SUL MAGGIORE IMPEGNO A FAVORE DELL\u2019IRAN, PESANO I DUBBI\u00a0DI MODI (GLI USA SONO IL PRIMO PARTNER COMMERCIALE DELL\u2019INDIA)\u00a0&#8211; PROSSIMO ROUND: IL VERTICE DI XI JIN PING DEL 24 SETTEMBRE CON IL &#8220;DERAGLIATO MENTALE&#8221; DELLA CASA BIANCA&#8230;<\/p>\n<\/div>\n<p><\/a><\/article>\n<article><a href=\"https:\/\/www.dagospia.com\/media-tv\/acrobazie-spaccanti-il-55enne-raoul-bova-beatrice-arnera-beccati-chi-485632\"><\/p>\n<div class=\"img-wrapper\"><img decoding=\"async\" src=\"https:\/\/static.dagospia.com\/img\/patch\/09-2026\/raoul-bova-beatrice-arnera-chi-2301906_600_q50.webp\" alt=\"raoul bova beatrice arnera chi\" loading=\"lazy\"><\/div>\n<div class=\"excerpt\">ACROBAZIE \u201cSPACCANTI\u201d \u2013 IL 55ENNE RAOUL BOVA E BEATRICE ARNERA SONO STATI BECCATI DA \u201cCHI\u201d A\u2026<\/div>\n<p><\/a><\/article>\n<article><a href=\"https:\/\/www.dagospia.com\/sport\/pennellone-frou-frou-mole-juve-acquistato-l-attaccante-nick-woltemade-485601\"><\/p>\n<div class=\"img-wrapper\"><img decoding=\"async\" src=\"https:\/\/static.dagospia.com\/img\/patch\/09-2026\/nick-woltemade-2301780_600_q50.webp\" alt loading=\"lazy\"><\/div>\n<div class=\"excerpt\">UN PENNELLONE &#8220;FROU FROU&#8221; SOTTO LA MOLE? \u2013 LA JUVE HA ACQUISTATO IN PRESTITO DAL NEWCASTLE\u2026<\/div>\n<p><\/a><\/article>\n<article><a href=\"https:\/\/www.dagospia.com\/media-tv\/linguine-scoglio-video-pomiciata-elodie-franceska-scodellato-oggi-485860\"><\/p>\n<div class=\"img-wrapper\"><img decoding=\"async\" src=\"https:\/\/static.dagospia.com\/img\/patch\/09-2026\/elodie-franceska-nuredini-2302758_600_q50.webp\" alt=\"elodie franceska nuredini\" loading=\"lazy\"><\/div>\n<div class=\"excerpt\">CHIAMATE LA BUONCOSTUME! LA PAZZA ESTATE DI ELODIE E FRANCESKA FINISCE CON UNA RICCA E SAPORITA\u2026<\/div>\n<p><\/a><\/article>\n<article><a href=\"https:\/\/www.dagospia.com\/media-tv\/pillole-gossip-kimi-antonelli-ragazza-485853\"><\/p>\n<div class=\"img-wrapper\"><img decoding=\"async\" src=\"https:\/\/static.dagospia.com\/img\/patch\/09-2026\/pillole-avanti-gossip-2302732_600_q50.webp\" alt=\"pillole avanti gossip\" loading=\"lazy\"><\/div>\n<div class=\"excerpt\">PILLOLE DI GOSSIP! CHI \u00c8 LA RAGAZZA FOTOGRAFATA ACCANTO A KIMI ANTONELLI A PORTOFINO? &#8211; PROSEGUE LA\u2026<\/div>\n<p><\/a><\/article>\n<article><a href=\"https:\/\/www.dagospia.com\/sport\/vroom-si-sbanda-in-curva-la-riconoscete-sognava-condurre-tg-e-finita-in-485816\"><\/p>\n<div class=\"img-wrapper\"><img decoding=\"async\" src=\"https:\/\/static.dagospia.com\/img\/patch\/09-2026\/mara-sangiorgio-2302494_600_q50.webp\" alt=\"mara sangiorgio\" loading=\"lazy\"><\/div>\n<div class=\"excerpt\">VROOM, SI SBANDA IN CURVA: LA RICONOSCETE? SOGNAVA DI CONDURRE IL TG, E\u2019 FINITA IN MEZZO ALLE\u2026<\/div>\n<p><\/a><\/article>\n<article><a href=\"https:\/\/www.dagospia.com\/cronache\/la-camorra-indaga-legge-ringrazia-ad-indirizzare-indagini-lavitola-485901\"><\/p>\n<div class=\"img-wrapper\"><img decoding=\"async\" src=\"https:\/\/static.dagospia.com\/img\/patch\/09-2026\/attentato-sigfrido-ranucci-bomba-valter-lavitola-clesio-gomes-tavares-pellegrino-2302877_600_q50.webp\" alt=\"attentato sigfrido ranucci bomba valter lavitola clesio gomes tavares pellegrino d\u2019avino davino antonio passariello saverio mutone \" loading=\"lazy\"><\/div>\n<div class=\"excerpt\">DAGOREPORT-\u00a0PECCATO CHE SIANO SCOMPARSI I POLIZIOTTESCHI DEGLI ANNI \u201970, TIPO: \u201cLA CAMORRA SFIDA,\u2026<\/div>\n<p><\/a><\/article>\n<article><a href=\"https:\/\/www.dagospia.com\/politica\/flash-e-non-e-lui-ministro-per-pubblica-amministrazione-paolo-zangrillo-485844\"><\/p>\n<div class=\"img-wrapper\"><img decoding=\"async\" src=\"https:\/\/static.dagospia.com\/img\/patch\/09-2026\/paolo-zangrillo-in-un-volo-di-linea-ita-airways-da-lamezia-a-milano-3-2302703_600_q50.webp\" alt=\"paolo zangrillo in un volo di linea ita airways da lamezia a milano - 3\" loading=\"lazy\"><\/div>\n<div class=\"excerpt\">FLASH \u2013 \u00c8 LUI O NON \u00c8 LUI? MA CERTO CHE \u00c8 LUI! IL MINISTRO PER LA PUBBLICA AMMINISTRAZIONE (IN\u2026<\/div>\n<p><\/a><\/article>\n<article><a href=\"https:\/\/www.dagospia.com\/politica\/dagoreport-giorgia-meloni-e-in-modalita-cattivissima-me-fronte-guai-485762\"><\/p>\n<div class=\"img-wrapper\"><img decoding=\"async\" src=\"https:\/\/static.dagospia.com\/img\/patch\/09-2026\/giorgia-meloni-sigfrido-ranucci-giampaolo-rossi-giovambattista-fazzolari-patrizi-2302272_600_q50.webp\" alt=\"giorgia meloni sigfrido ranucci giampaolo rossi giovambattista fazzolari patrizia scurti antonio tajani matteo salvini \" loading=\"lazy\"><\/div>\n<div class=\"excerpt\">DAGOREPORT \u2013 GIORGIA MELONI \u00c8 IN MODALIT\u00c0 \u201cCATTIVISSIMA ME\u201d: DOPO QUATTRO ANNI DI LUNA DI MIELE,\u2026<\/div>\n<p><\/a><\/article>\n<article><a href=\"https:\/\/www.dagospia.com\/politica\/dagoreport-roberto-vannacci-marcia-cernobbio-gli-imprenditori-italiani-485729\"><\/p>\n<div class=\"img-wrapper\"><img decoding=\"async\" src=\"https:\/\/static.dagospia.com\/img\/patch\/09-2026\/crosetto-calenda-vannacci-monti-de-bortoli-forum-ambrosetti-cernobbio-2302201_600_q50.webp\" alt=\"crosetto calenda vannacci monti de bortoli forum ambrosetti cernobbio\" loading=\"lazy\"><\/div>\n<div class=\"excerpt\">DAGOREPORT &#8211; MENTRE LA PROCURA MILITARE DI ROMA AVVIA UN\u2019INDAGINE SUGLI UFFICIALI CHE HANNO ADERITO\u2026<\/div>\n<p><\/a><\/article>\n<article><a href=\"https:\/\/www.dagospia.com\/media-tv\/dagoreport-riunione-interlocutoria-qualche-piccola-apertura-caso-report-485651\"><\/p>\n<div class=\"img-wrapper\"><img decoding=\"async\" src=\"https:\/\/static.dagospia.com\/img\/patch\/09-2026\/rai-via-teulada-paolo-corsini-giulia-innocenzi-presutti-daniele-piervincenzi-dan-2301944_600_q50.webp\" alt=\"rai via teulada paolo corsini giulia innocenzi presutti daniele piervincenzi danilo procaccianti report sigfrido ranucci \" loading=\"lazy\"><\/div>\n<div class=\"excerpt\">DAGOREPORT \u2013 RIUNIONE INTERLOCUTORIA MA CON QUALCHE PICCOLA APERTURA TRA IL DIRETTORE\u2026<\/div>\n<p><\/a><\/article>\n<article><a href=\"https:\/\/www.dagospia.com\/politica\/dagoreport-grazie-trump-mondo-verso-de-americanizzazione-oggi-si-485332\"><\/p>\n<div class=\"img-wrapper\"><img decoding=\"async\" src=\"https:\/\/static.dagospia.com\/img\/patch\/09-2026\/trump-modi-xi-jinping-putin-2301524_600_q50.webp\" alt=\"trump modi xi jinping putin\" loading=\"lazy\"><\/div>\n<div class=\"excerpt\">DAGOREPORT \u2013 GRAZIE A TRUMP, IL DOLLARO RISCHIA DI DIVENTARE CARTA STRACCIA \u2013\u00a0IL PIATTO FORTE AL\u2026<\/div>\n<p><\/a><\/article>\n<article><a href=\"https:\/\/www.dagospia.com\/politica\/elly-ascolta-gli-amici-i-big-pd-scesi-in-campo-cosi-pesantemente-per-485354\"><\/p>\n<div class=\"img-wrapper\"><img decoding=\"async\" src=\"https:\/\/static.dagospia.com\/img\/patch\/08-2026\/giuseppe-conte-elly-schlein-franceschini-bonaccini-nardella-2301098_600_q50.webp\" alt=\"giuseppe conte elly schlein franceschini bonaccini nardella\" loading=\"lazy\"><\/div>\n<div class=\"excerpt\">DAGOREPORT &#8211; ELLY, ASCOLTA GLI AMICI! I CAPOCCIONI E LE MEZZECALZE DEL PD, CHE SONO SCESI COS\u00cc\u2026<\/div>\n<p><\/a><\/article>\n<article><a href=\"https:\/\/www.dagospia.com\/politica\/l-ingaggio-fedorov-fa-incazzare-zelensky-mette-in-allarme-agenzie-485343\"><\/p>\n<div class=\"img-wrapper\"><img decoding=\"async\" src=\"https:\/\/static.dagospia.com\/img\/patch\/08-2026\/fedorov-musk-thiel-zelensky-crosetto-2301168_600_q50.webp\" alt=\"fedorov musk thiel zelensky crosetto\" loading=\"lazy\"><\/div>\n<div class=\"excerpt\">DAGOREPORT &#8211; A QUALCUNO NON PIACE &#8216;STO FEDOROV &#8211;\u00a0PIU&#8217; CHE A INDIGNARE I NEURONI ALLA VODKA DI\u2026<\/div>\n<p><\/a><\/article>\n<article><a href=\"https:\/\/www.dagospia.com\/politica\/flash-c-e-grande-perplessita-i-draghi-boys-per-presenza-andrea-485336\"><\/p>\n<div class=\"img-wrapper\"><img decoding=\"async\" src=\"https:\/\/static.dagospia.com\/img\/patch\/08-2026\/xavier-niel-draghi-pignataro-2301175_600_q50.webp\" alt=\"xavier niel draghi pignataro\" loading=\"lazy\"><\/div>\n<div class=\"excerpt\">FLASH! \u2013 I \u201cDRAGHI BOYS\u201d DEL POTERE ECONOMICO ITALIANO AVREBBERO ESPRESSO QUALCHE PERPLESSITA&#8217;\u2026<\/div>\n<p><\/a><\/article>\n<article><a href=\"https:\/\/www.dagospia.com\/politica\/quale-episodio-giulia-presutti-era-habitue-cefalu-bistro-dove-piu-e-485248\"><\/p>\n<div class=\"img-wrapper\"><img decoding=\"async\" src=\"https:\/\/static.dagospia.com\/img\/patch\/08-2026\/ranucci-presutti-cianfoni-floridia-2300757_600_q50.webp\" alt=\"ranucci presutti cianfoni floridia\" loading=\"lazy\"><\/div>\n<div class=\"excerpt\">DAGOREPORT &#8211;\u00a0MA QUALE &#8220;EPISODIO&#8221;! GIULIA PRESUTTI ERA UN HABITU\u00c8 DEL \u201cCEFAL\u00d9 BISTR\u00d2\u201d DOVE PI\u00d9 VOLTE\u2026<\/div>\n<p><\/a><\/article>\n<article><a href=\"https:\/\/www.dagospia.com\/cafonal\/cafonalino-roma-proiezione-documentario-marco-bellocchio-marco-travaglio-485081\"><\/p>\n<div class=\"img-wrapper\"><img decoding=\"async\" src=\"https:\/\/static.dagospia.com\/img\/patch\/08-2026\/2026bellocchio-anteprima-film-di-marco-bellocchio-2300339_600_q50.webp\" alt=\"2026bellocchio anteprima film di marco bellocchio\" loading=\"lazy\"><\/div>\n<div class=\"excerpt\">CAFONALINO! AL CINEMA QUATTRO FONTANE DI ROMA LA PROIEZIONE SPECIALE DEL DOCUMENTARIO \u201cMARCO\u2026<\/div>\n<p><\/a><\/article>\n<article><a href=\"https:\/\/www.dagospia.com\/cafonal\/cafonal-show-ranucci-cerveteri-freni-ho-fatto-scoop-nazionali-484807\"><\/p>\n<div class=\"img-wrapper\"><img decoding=\"async\" src=\"https:\/\/static.dagospia.com\/img\/patch\/08-2026\/2026ranucci-sigfrido-ranucci-2299409_600_q50.webp\" alt=\"2026ranucci sigfrido ranucci\" loading=\"lazy\"><\/div>\n<div class=\"excerpt\">SIGFRIDO, IL MASANIELLO DE NOANTRI \u2013 RANUCCI HA PERSO OGNI FRENO E, ALLA PRESENTAZIONE DEL SUO\u2026<\/div>\n<p><\/a><\/article>\n<article><a href=\"https:\/\/www.dagospia.com\/cafonal\/funeralino-l-ultimo-saluto-mitico-produttore-cinematografico-fulvio-484127\"><\/p>\n<div class=\"img-wrapper\"><img decoding=\"async\" src=\"https:\/\/static.dagospia.com\/img\/patch\/08-2026\/2026lucisano-2297424_600_q50.webp\" alt=\"2026lucisano\" loading=\"lazy\"><\/div>\n<div class=\"excerpt\">FUNERALINO \u2013 NELLA CALLARA ROMANA D\u2019AGOSTO, L\u2019ULTIMO SALUTO AL MITICO PRODUTTORE CINEMATOGRAFICO\u2026<\/div>\n<p><\/a><\/article>\n<article><a href=\"https:\/\/www.dagospia.com\/cafonal\/cafonalino-pizza-riformista-matteo-renzi-raduna-i-suoi-prima-delle-480816\"><\/p>\n<div class=\"img-wrapper\"><img decoding=\"async\" src=\"https:\/\/static.dagospia.com\/img\/patch\/07-2026\/2026kraken-matteo-renzi-2286047_600_q50.webp\" alt=\"2026kraken matteo renzi \" loading=\"lazy\"><\/div>\n<div class=\"excerpt\">CAFONALINO DELLA PIZZA RIFORMISTA \u2013 RENZI RADUNA I SUOI PRIMA DELLE VACANZE ESTIVE AL SATYRUS DI\u2026<\/div>\n<p><\/a><\/article>\n<article><a href=\"https:\/\/www.dagospia.com\/cafonal\/cafonalino-moreno-party-roma-manuela-moreno-festeggia-i-60-anni-480777\"><\/p>\n<div class=\"img-wrapper\"><img decoding=\"async\" src=\"https:\/\/static.dagospia.com\/img\/patch\/07-2026\/manuela-moreno-festa-60-anni-2285871_600_q50.webp\" alt=\"manuela moreno festa 60 anni \" loading=\"lazy\"><\/div>\n<div class=\"excerpt\">CAFONALINO! NO MORENO, NO PARTY \u2013 A ROMA, AL LOVE BAR DI PONTE MILVIO, MANUELA MORENO, CONDUTTRICE\u2026<\/div>\n<p><\/a><\/article>\n<article><a href=\"https:\/\/www.dagospia.com\/cafonal\/cafonalino-firenze-tevere-direttori-redattori-forchettoni-scrocconi-480745\"><\/p>\n<div class=\"img-wrapper\"><img decoding=\"async\" src=\"https:\/\/static.dagospia.com\/img\/patch\/07-2026\/2026agno-marco-agnoletti-2285763_600_q50.webp\" alt=\"2026agno marco agnoletti \" loading=\"lazy\"><\/div>\n<div class=\"excerpt\">CAFONALINO DEGLI AGNOLETTI IN BRODO &#8211; DIRETTORI, REDATTORI, FORCHETTONI E SCROCCONI SFIDANO\u2026<\/div>\n<p><\/a><\/article>\n<p>[analyse_source url=&#8221;https:\/\/www.dagospia.com\/video-mi-fa-venire-i-brividi-villa-necchi-notte-delle-coppe-di-sky-485826&#8243;]<\/p>\n","protected":false},"excerpt":{"rendered":"<p>[analyse_image type=&#8221;featured&#8221; src=&#8221;&#8221;] 4 set 2026 15:03 VIDEO!\u00a0 \u201cMI FA VENIRE I BRIVIDI, SCUSATE\u201d \u2013 A VILLA NECCHI, ALLA \u201cNOTTE DELLE COPPE\u201d DI &#8220;SKY SPORT&#8221;, FABIO CAPELLO VEDE LA PRIMA COPPA CAMPIONI DEL MILAN DI FRANCO BARESI E SI EMOZIONA. POI SI SBILANCIA: \u201cIL REAL MADRID E\u2019 LA MIA FAVORITA PER LA CHAMPIONS, L\u2019INTER PUO\u2019 [&hellip;]<\/p>\n","protected":false},"author":1,"featured_media":0,"comment_status":"open","ping_status":"","sticky":false,"template":"","format":"standard","meta":{"footnotes":""},"categories":[87],"tags":[226,149],"class_list":["post-2128944","post","type-post","status-publish","format-standard","hentry","category-italy","tag-crawlmanager","tag-dagospia-com"],"_links":{"self":[{"href":"https:\/\/analyse.optim.biz\/index.php?rest_route=\/wp\/v2\/posts\/2128944","targetHints":{"allow":["GET"]}}],"collection":[{"href":"https:\/\/analyse.optim.biz\/index.php?rest_route=\/wp\/v2\/posts"}],"about":[{"href":"https:\/\/analyse.optim.biz\/index.php?rest_route=\/wp\/v2\/types\/post"}],"author":[{"embeddable":true,"href":"https:\/\/analyse.optim.biz\/index.php?rest_route=\/wp\/v2\/users\/1"}],"replies":[{"embeddable":true,"href":"https:\/\/analyse.optim.biz\/index.php?rest_route=%2Fwp%2Fv2%2Fcomments&post=2128944"}],"version-history":[{"count":0,"href":"https:\/\/analyse.optim.biz\/index.php?rest_route=\/wp\/v2\/posts\/2128944\/revisions"}],"wp:attachment":[{"href":"https:\/\/analyse.optim.biz\/index.php?rest_route=%2Fwp%2Fv2%2Fmedia&parent=2128944"}],"wp:term":[{"taxonomy":"category","embeddable":true,"href":"https:\/\/analyse.optim.biz\/index.php?rest_route=%2Fwp%2Fv2%2Fcategories&post=2128944"},{"taxonomy":"post_tag","embeddable":true,"href":"https:\/\/analyse.optim.biz\/index.php?rest_route=%2Fwp%2Fv2%2Ftags&post=2128944"}],"curies":[{"name":"wp","href":"https:\/\/api.w.org\/{rel}","templated":true}]}}