{"id":2128597,"date":"2026-09-04T17:30:23","date_gmt":"2026-09-04T14:30:23","guid":{"rendered":"https:\/\/analyse.optim.biz\/?p=2128597"},"modified":"2026-09-04T17:30:23","modified_gmt":"2026-09-04T14:30:23","slug":"comisarul-ue-pentru-extindere-si-a-anulat-vizita-in-serbia-dupa-ce-criminalul-de-razboi-ratko-mladic-a","status":"publish","type":"post","link":"https:\/\/analyse.optim.biz\/?p=2128597","title":{"rendered":"Comisarul UE pentru extindere \u015fi-a anulat vizita \u00een Serbia, dup\u0103 ce criminalul de r\u0103zboi Ratko Mladic a&#8230;"},"content":{"rendered":"<p>[analyse_image type=&#8221;featured&#8221; src=&#8221;https:\/\/s.iw.ro\/gateway\/g\/ZmlsZVNvdXJjZT1odHRwJTNBJTJGJTJG\/c3RvcmFnZTA4dHJhbnNjb2Rlci5yY3Mt\/cmRzLnJvJTJGc3RvcmFnZSUyRjIwMjYl\/MkYwOSUyRjA0JTJGMjk0NzM1NV8yOTQ3\/MzU1X21hcnRhLWtvcy1wcm9maW1lZGlh\/LmpwZyZ3PTEyMDAmaD02MzAmemM9MSZo\/YXNoPWFhZjA1NGQyNTM4Y2I0M2M1ZjFlYWM3Nzk0OWUyMjAx.thumb.jpg&#8221;]<\/p>\n<div class=\"entry data-app-meta data-app-meta-article\" data-embed-base-url-canonical=\"https:\/\/www.digi24.ro\/embed\/stiri\/externe\/ue\/comisarul-ue-pentru-extindere-si-a-anulat-vizita-in-serbia-dupa-ce-criminalul-de-razboi-ratko-mladic-a-fost-omagiat-la-belgrad-3935451\">\n<p data-index=\"1\"><strong>Comisarul european Marta Kos, responsabil\u0103 cu extinderea, \u015fi-a anulat vineri o vizit\u0103 \u00een Serbia din cauza <a href=\"https:\/\/www.digi24.ro\/stiri\/externe\/trupul-lui-ratko-mladic-ajunge-joi-in-serbia-condamnat-pentru-genocid-si-crime-de-razboi-fostul-general-va-fi-inmormantat-la-belgrad-3933959\" target=\"_blank\" rel=\"noopener\" data-skip-linkfix=\"1\">\u201eglorific\u0103rii\u201d criminalului de r\u0103zboi<\/a> Ratko Mladic, ale c\u0103rui r\u0103m\u0103\u015fi\u0163e p\u0103m\u00e2nte\u015fti au fost \u00eent\u00e2mpinate cu onoruri militare la Belgrad, relateaz\u0103 AFP.<\/strong><\/p>\n<p data-index=\"2\">\u201eRatko Mladic a fost condamnat pentru genocid, crime \u00eempotriva umanit\u0103\u0163ii \u015fi crime de r\u0103zboi\u201d, a reamintit Marta Kos pe re\u0163eaua social\u0103 X. \u201e<a href=\"https:\/\/www.digi24.ro\/stiri\/externe\/ratko-mladic-supranumit-macelarul-din-balcani-va-avea-parte-de-funeralii-de-stat-in-serbia-3925529\" target=\"_blank\" rel=\"noopener\" data-skip-linkfix=\"1\">Glorificarea prilejuit\u0103 de decesul s\u0103u<\/a> este incompatibil\u0103 cu <a href=\"https:\/\/www.digi24.ro\/stiri\/externe\/ue\/funeralii-nationale-pentru-ratko-mladic-avertisment-dur-de-la-bruxelles-privind-valorile-ue-si-aderarea-serbiei-la-blocul-comunitar-3929241\" target=\"_blank\" rel=\"noopener\" data-skip-linkfix=\"1\">valorile pe care s-a construit UE<\/a>\u201d, iar acestea \u201enu sunt negociabile\u201d, a subliniat ea.<\/p>\n<p data-index=\"3\">Aceste valori, de care depinde aderarea la UE, includ \u201econfruntarea cu trecutul, reconcilierea sincer\u0103 \u015fi respectul fa\u0163\u0103 de victime\u201d, a subliniat comisarul european.<\/p>\n<p data-index=\"4\">Marta Kos, care gestioneaz\u0103, \u00een numele Bruxelles-ului, rela\u0163iile cu \u0163\u0103rile candidate la Uniunea European\u0103 \u015fi a fost nominalizat\u0103 de Slovenia, \u0163ar\u0103 care a f\u0103cut parte din fosta Iugoslavie, urma s\u0103 se deplaseze \u201e\u00een misiune\u201d \u00een Serbia pe 9 septembrie.<\/p>\n<p data-index=\"5\">Serbia a depus o cerere de aderare la UE \u00een 2009 \u015fi i s-a acordat statutul de \u0163ar\u0103 candidat\u0103 la aderare \u00een martie 2012, \u00eens\u0103 discu\u0163iile stagneaz\u0103 din cauza reformelor considerate insuficiente \u00een ceea ce prive\u015fte statul de drept, precum \u015fi a tensiunilor persistente cu Kosovo.<\/p>\n<h2 id=\"highlight-3935451-1\">\u201eM\u0103celarul din Balcani\u201d, r\u0103spunz\u0103tor pentru rolul s\u0103u \u00een cel mai grav masacru din Europa de dup\u0103 cel de-Al Doilea R\u0103zboi Mondial<\/h2>\n<p data-index=\"6\">Ratko Mladic, fost general al armatei s\u00e2rbilor din Bosnia, a fost supranumit \u201eM\u0103celarul din Balcani\u201d pentru rolul s\u0103u \u00een masacrul de la Srebrenica din 1995, cel mai grav masacru din Europa de dup\u0103 cel de-Al Doilea R\u0103zboi Mondial. El a fost condamnat \u00een 2017 la \u00eenchisoare pe via\u0163\u0103 de c\u0103tre Tribunalul Penal Interna\u0163ional pentru fosta Iugoslavie (TPII), pentru genocid, crime de r\u0103zboi \u015fi crime \u00eempotriva umanit\u0103\u0163ii comise \u00een timpul r\u0103zboiului din Bosnia, verdict confirmat \u00een apel \u00een 2021.<\/p>\n<p data-index=\"7\">Acest conflict a provocat aproape 100.000 de mor\u0163i \u00eentre 1992 \u015fi 1995, noteaz\u0103 AFP, citat\u0103 de News.ro.<\/p>\n<p data-index=\"8\"><a href=\"https:\/\/www.digi24.ro\/stiri\/externe\/fostul-lider-militar-al-sarbilor-bosniaci-ratko-mladic-a-murit-in-detentie-3924295\" target=\"_blank\" rel=\"noopener\" data-skip-linkfix=\"1\">Ratko Mladic a decedat<\/a> s\u0103pt\u0103m\u00e2na trecut\u0103 la Haga, \u00een \u0162\u0103rile de Jos, unde \u00ee\u015fi isp\u0103\u015fea pedeapsa, la c\u00e2teva zile dup\u0103 ce o solicitare a guvernului s\u00e2rb de a-l transfera la un spital militar din Belgrad pentru a fi \u00eengrijit a fost respins\u0103 pentru ultima oar\u0103.<\/p>\n<p> Editor : <a href=\"https:\/\/www.digi24.ro\/autor\/liviu-cojan\"> Liviu Cojan <\/a><\/p>\n<\/div>\n<p>[analyse_source url=&#8221;https:\/\/www.digi24.ro\/stiri\/externe\/ue\/comisarul-ue-pentru-extindere-si-a-anulat-vizita-in-serbia-dupa-ce-criminalul-de-razboi-ratko-mladic-a-fost-omagiat-la-belgrad-3935451&#8243;]<\/p>\n","protected":false},"excerpt":{"rendered":"<p>[analyse_image type=&#8221;featured&#8221; src=&#8221;https:\/\/s.iw.ro\/gateway\/g\/ZmlsZVNvdXJjZT1odHRwJTNBJTJGJTJG\/c3RvcmFnZTA4dHJhbnNjb2Rlci5yY3Mt\/cmRzLnJvJTJGc3RvcmFnZSUyRjIwMjYl\/MkYwOSUyRjA0JTJGMjk0NzM1NV8yOTQ3\/MzU1X21hcnRhLWtvcy1wcm9maW1lZGlh\/LmpwZyZ3PTEyMDAmaD02MzAmemM9MSZo\/YXNoPWFhZjA1NGQyNTM4Y2I0M2M1ZjFlYWM3Nzk0OWUyMjAx.thumb.jpg&#8221;] Comisarul european Marta Kos, responsabil\u0103 cu extinderea, \u015fi-a anulat vineri o vizit\u0103 \u00een Serbia din cauza \u201eglorific\u0103rii\u201d criminalului de r\u0103zboi Ratko Mladic, ale c\u0103rui r\u0103m\u0103\u015fi\u0163e p\u0103m\u00e2nte\u015fti au fost \u00eent\u00e2mpinate cu onoruri militare la Belgrad, relateaz\u0103 AFP. \u201eRatko Mladic a fost condamnat pentru genocid, crime \u00eempotriva umanit\u0103\u0163ii \u015fi crime de r\u0103zboi\u201d, a reamintit [&hellip;]<\/p>\n","protected":false},"author":1,"featured_media":0,"comment_status":"open","ping_status":"","sticky":false,"template":"","format":"standard","meta":{"footnotes":""},"categories":[89],"tags":[226,11],"class_list":["post-2128597","post","type-post","status-publish","format-standard","hentry","category-romania","tag-crawlmanager","tag-digi24"],"_links":{"self":[{"href":"https:\/\/analyse.optim.biz\/index.php?rest_route=\/wp\/v2\/posts\/2128597","targetHints":{"allow":["GET"]}}],"collection":[{"href":"https:\/\/analyse.optim.biz\/index.php?rest_route=\/wp\/v2\/posts"}],"about":[{"href":"https:\/\/analyse.optim.biz\/index.php?rest_route=\/wp\/v2\/types\/post"}],"author":[{"embeddable":true,"href":"https:\/\/analyse.optim.biz\/index.php?rest_route=\/wp\/v2\/users\/1"}],"replies":[{"embeddable":true,"href":"https:\/\/analyse.optim.biz\/index.php?rest_route=%2Fwp%2Fv2%2Fcomments&post=2128597"}],"version-history":[{"count":0,"href":"https:\/\/analyse.optim.biz\/index.php?rest_route=\/wp\/v2\/posts\/2128597\/revisions"}],"wp:attachment":[{"href":"https:\/\/analyse.optim.biz\/index.php?rest_route=%2Fwp%2Fv2%2Fmedia&parent=2128597"}],"wp:term":[{"taxonomy":"category","embeddable":true,"href":"https:\/\/analyse.optim.biz\/index.php?rest_route=%2Fwp%2Fv2%2Fcategories&post=2128597"},{"taxonomy":"post_tag","embeddable":true,"href":"https:\/\/analyse.optim.biz\/index.php?rest_route=%2Fwp%2Fv2%2Ftags&post=2128597"}],"curies":[{"name":"wp","href":"https:\/\/api.w.org\/{rel}","templated":true}]}}