{"id":2128593,"date":"2026-09-04T17:30:06","date_gmt":"2026-09-04T14:30:06","guid":{"rendered":"https:\/\/analyse.optim.biz\/?p=2128593"},"modified":"2026-09-04T17:30:06","modified_gmt":"2026-09-04T14:30:06","slug":"ascensiunea-si-caderea-fulgeratoare-a-lui-jordan-bardella-cum-a-pierdut-sansa-de-a-ocupa-fotoliul-de-la","status":"publish","type":"post","link":"https:\/\/analyse.optim.biz\/?p=2128593","title":{"rendered":"Ascensiunea \u0219i c\u0103derea fulger\u0103toare a lui Jordan Bardella: Cum a pierdut \u0219ansa de a ocupa fotoliul de la&#8230;"},"content":{"rendered":"<p>[analyse_image type=&#8221;featured&#8221; src=&#8221;https:\/\/s.iw.ro\/gateway\/g\/ZmlsZVNvdXJjZT1odHRwJTNBJTJGJTJG\/c3RvcmFnZTA4dHJhbnNjb2Rlci5yY3Mt\/cmRzLnJvJTJGc3RvcmFnZSUyRjIwMjYl\/MkYwOSUyRjA0JTJGMjk0NzM1OF8yOTQ3\/MzU4X3Byb2ZpbWVkaWEtMTExNTA2MzA5\/Mi5qcGcmdz0xMjAwJmg9NjMwJnpjPTEm\/aGFzaD0yODRmOTcxMmNkNjhmODg3YTIyNWViZTkxN2Y2Y2VhNQ==.thumb.jpg&#8221;]<\/p>\n<div class=\"entry data-app-meta data-app-meta-article\" data-embed-base-url-canonical=\"https:\/\/www.digi24.ro\/embed\/stiri\/externe\/ascensiunea-si-caderea-fulgeratoare-a-lui-jordan-bardella-cum-a-pierdut-sansa-de-a-ocupa-fotoliul-de-la-elysee-in-fata-marinei-le-pen-3935439\">\n<p data-index=\"1\"><strong>Jordan Bardella, \u201eb\u0103iatul minune\u201d al politicii franceze, a adoptat o atitudine demn\u0103 de un om de stat atunci c\u00e2nd a \u021binut, s\u0103pt\u0103m\u00e2na aceasta, un discurs adresat poporului francez cu privire la reluarea activit\u0103\u021bii. Pre\u0219edintele partidului populist \u201eAdunarea Na\u021bional\u0103\u201d (Rassemblement National, RN) \u0219i recentul favorit la pre\u0219edin\u021bie st\u0103tea \u00eentr-un birou plin de c\u0103r\u021bi, cu steagul tricolor l\u00e2ng\u0103 el. Nu exista nicio fereastr\u0103 cu vedere spre gr\u0103dina Palatului \u00c9lys\u00e9e, dar tonul era solemn \u00een timp ce Bardella se adresa \u201edragilor mei compatrio\u021bi\u201d, scrie <a href=\"https:\/\/www.thetimes.com\/world\/europe\/article\/jordan-bardella-marine-le-pen-national-rally-9p2s6br6c\" target=\"_blank\" rel=\"noopener\" data-skip-linkfix=\"1\">The Times<\/a> \u00eentr-un articol care analizeaz\u0103 c\u0103derea t\u00e2n\u0103rului politician dup\u0103 ce Marine Le Pen a anun\u021bat c\u0103 va candida la pre\u0219edin\u021bia Fran\u021bei, pozi\u021bie la care Bardella aspira.<\/strong><\/p>\n<p data-index=\"2\">\u201eVreau s\u0103 v\u0103 urez tuturor bun\u0103 revenire (rentr\u00e9e, \u00een original, \u00een limba francez\u0103, n.r.)\u201d, a spus el, referindu-se la marea revenire la munc\u0103 a Fran\u021bei dup\u0103 vacan\u021ba de var\u0103. Referindu-se la alegerile preziden\u021biale din prim\u0103vara viitoare, el a afirmat c\u0103 lunile urm\u0103toare vor fi decisive. \u201eContez pe mobilizarea voastr\u0103, la fel cum voi pute\u021bi conta \u00eentotdeauna pe a mea.\u201d<\/p>\n<p data-index=\"3\">\u00cen videoclipul s\u0103u de trei minute, \u00een care schi\u021beaz\u0103 planurile pentru o Fran\u021b\u0103 re\u00eennoit\u0103, Bardella, membru al Parlamentului European, a men\u021bionat-o doar o singur\u0103 dat\u0103 pe Marine Le Pen, \u0219efa sa \u0219i candidata partidului la pre\u0219edin\u021bie \u00een aprilie. \u00cen spatele s\u0103u se afla o fotografie a populistei veterane, dar poza era ascuns\u0103 de steag.<\/p>\n<p data-index=\"4\">Micul tablou ilustra dezam\u0103girea pe care protejatul lui Le Pen a trebuit s\u0103 o \u00eenghit\u0103 dup\u0103 surpriza din 7 iulie, c\u00e2nd judec\u0103torii au men\u021binut condamnarea ei pentru deturnarea a 4 milioane de euro din fondurile UE, dar i-au atenuat interdic\u021bia electoral\u0103. Acest lucru i-a permis s\u0103 preia din nou conducerea partidului, pe care o abandonase aproape complet \u00een favoarea adjunctului s\u0103u.<\/p>\n<p data-index=\"5\">Re\u00eenvierea lui Le Pen \u0219i revenirea sa la statutul de favorit\u0103 \u00eendep\u0103rtat\u0103 la pre\u0219edin\u021bie l-au aruncat pe t\u00e2n\u0103rul de 30 de ani, cu o \u021binut\u0103 extraordinar\u0103, \u00eenapoi \u00een rolul s\u0103u de secund. De-a lungul anului, \u00een ciuda experien\u021bei sale reduse, Bardella a urcat rapid \u00een topul celor mai populari politicieni din Fran\u021ba \u2014 devans\u00e2nd-o chiar pe Le Pen \u2014 \u0219i a \u00eendep\u0103rtat partidul condus de familie de mo\u0219tenirea sa antisistem.<\/p>\n<p data-index=\"6\">Dup\u0103 ascensiunea sa fulminant\u0103, surse din interiorul partidului au afirmat c\u0103 b\u0103rbatul numit de Le Pen, elocvent \u0219i \u00eembr\u0103cat impecabil, ajunsese s\u0103 cread\u0103 c\u0103 era destinat s\u0103 conduc\u0103<em> monarhia republican\u0103 a Fran\u021bei<\/em>. Afi\u0219ele sale de campanie, sloganul \u0219i produsele promo\u021bionale erau gata.<\/p>\n<p data-index=\"7\">Cele dou\u0103 c\u0103r\u021bi ale sale cu programul electoral erau best-selleruri; mul\u021bimile scandau \u201eJordan pr\u00e9sident\u201d la apari\u021biile sale demne de o vedet\u0103 rock. Fusese s\u0103rb\u0103torit ca un om de stat \u00een Polonia, unde avusese inclusiv o \u00eent\u00e2lnire cu pre\u0219edintele \u021b\u0103rii. \u201eSe vedea lu\u00e2nd cu asalt por\u021bile ca o versiune \u0219i mai t\u00e2n\u0103r\u0103 a lui Emmanuel Macron\u201d, a spus un veteran al partidului. Pre\u0219edintele care \u00ee\u0219i \u00eencheia mandatul a intrat \u00een istorie c\u00e2nd a c\u00e2\u0219tigat alegerile \u00een 2017, la v\u00e2rsta de 39 de ani.<\/p>\n<p data-index=\"8\">Revenit la rolul s\u0103u de prim-ministru desemnat al lui Le Pen, Bardella nu \u0219i-a ascuns consternarea. De\u0219i a promis loialitate, a stat cu privirea \u00eencruntat\u0103 al\u0103turi de Le Pen, apoi a devenit aproape t\u0103cut pe conturile sale de Instagram \u0219i TikTok, de obicei foarte active, pe durata verii. S-a pl\u00e2ns c\u0103 mass-media \u201em\u0103 face s\u0103 m\u0103 simt de parc\u0103 a\u0219 participa la propria mea \u00eenmorm\u00e2ntare politic\u0103\u201d.<\/p>\n<p data-index=\"9\">\u201eAr fi bine s\u0103 nu se supere prea mult timp\u201d, a declarat un membru al anturajului lui Le Pen pentru postul de radio RTL, \u00een timp ce Bardella a r\u0103mas vizibil doar prin post\u0103ri \u00een care \u00ee\u0219i etala idila cu prin\u021besa Maria Carolina de Bourbon-Cele Dou\u0103 Sicilii, mo\u0219tenitoarea \u00een v\u00e2rst\u0103 de 23 de ani a unei dinastii europene disp\u0103rute.<\/p>\n<p data-index=\"10\">Rela\u021bia, foarte \u00eendep\u0103rtat\u0103 de baza din clasa muncitoare a RN \u0219i de originile lui Bardella dintr-o familie de imigran\u021bi italieni, i-a iritat \u0219i mai mult pe vechii membri ai partidului. Un deputat a prev\u0103zut \u00een \u201eLe Monde\u201d o \u201enoapte a cu\u021bitelor lungi\u201d \u00een care \u201ecei care l-au ales pe Bardella vor ajunge \u00eengropa\u021bi \u00een beton\u201d.<\/p>\n<p data-index=\"11\">Epurarea a avut loc, a\u0219a cum era de a\u0219teptat, pe m\u0103sur\u0103 ce Le Pen, \u00een v\u00e2rst\u0103 de 58 de ani, \u0219i-a reafirmat autoritatea \u00een perspectiva celei de-a patra candidaturi la pre\u0219edin\u021bie. Ea este liderul deta\u0219at \u00een sondajele de opinie \u0219i \u00eel devanseaz\u0103 pe Bardella \u00een ceea ce prive\u0219te popularitatea personal\u0103. S\u0103pt\u0103m\u00e2na trecut\u0103, lidera partidului i-a demis pe doi apropia\u021bi ai lui Bardella: Fran\u00e7ois Durvye, tehnocratul care a modelat orientarea acestuia c\u0103tre doctrine favorabile mediului de afaceri \u0219i liberale din punct de vedere economic, \u0219i Pierre-Romain Thionnet, un aliat al lui Bardella care conduce aripa de tineret a RN.<\/p>\n<p data-index=\"12\">Durvye, un fost finan\u021bist care a respins linia tradi\u021bional\u0103 a partidului, favorabil\u0103 clasei muncitoare \u0219i caracterizat\u0103 prin cheltuieli mari, l-ar fi \u00eendemnat pe Bardella s\u0103 se revolte \u0219i s\u0103 preia candidatura \u00eenainte de verdictul judec\u0103toresc din iulie privind-o pe Le Pen. \u201eDurvye \u00eel vedea pe Bardella ca fiind candidatul RN, \u0219i nu pe Marine Le Pen\u201d, a declarat Jean-Yves Camus, un specialist academic cu experien\u021b\u0103 \u00een domeniul extremei drepte.<\/p>\n<p data-index=\"13\">\u00cen ciuda eforturilor lor de a men\u021bine unitatea, \u00eenceputul campaniei electorale de s\u0103pt\u0103m\u00e2na trecut\u0103 a scos la iveal\u0103 tensiunile dintre \u201emarinisti\u201d \u0219i tinerii modernizatori care sus\u021bin demersul lui Bardella de a se alinia blocului conservator mainstream.<\/p>\n<p data-index=\"14\">Revenind la principiile de baz\u0103 ale RN, Le Pen a re\u00eenviat o promisiune veche de zeci de ani, cu care Bardella nu e de acord, aceea de a interzice femeilor s\u0103 poarte v\u0103luri musulmane. Ea a profitat, de asemenea, de o apari\u021bie \u00een fa\u021ba Medef, principala asocia\u021bie a angajatorilor, pentru a respinge ideile de reform\u0103 ale lui Bardella \u0219i a-\u0219i re\u00eennoi angajamentul de a reduce v\u00e2rsta de pensionare p\u00e2n\u0103 la 60 de ani pentru unii. Bardella, \u00eentre timp, se afla vineri departe de centrul ac\u021biunii, la Birmingham, unde a \u021binut un discurs la conferin\u021ba partidului britanic Reform. Alian\u021ba sa cu Nigel Farage a reprezentat o ruptur\u0103 fa\u021b\u0103 de ostilitatea manifestat\u0103 de Le Pen fa\u021b\u0103 de liderul partidului Reform, cu care Le Pen s-a ciocnit adesea \u00een Parlamentul European.<\/p>\n<p data-index=\"15\">Neav\u00e2nd o baz\u0103 de putere proprie, Bardella recunoa\u0219te c\u0103 nu are nimic de c\u00e2\u0219tigat din ruperea rela\u021biei cu mentorul care l-a catapultat de la statutul de consilier local f\u0103r\u0103 studii universitare la func\u021bia de v\u00e2rf \u00een partid. Jean-Philippe Tanguy, un deputat apropiat de Le Pen, este unul dintre pu\u021binii care vorbesc public despre necesitatea ca Bardella s\u0103 r\u0103m\u00e2n\u0103 \u00een linie. \u201eNu e un copil. \u0218tie c\u0103 are toat\u0103 via\u021ba \u00eenainte\u201d, a spus el.<\/p>\n<p data-index=\"16\">Tanguy \u0219i al\u021bi membri de rang \u00eenalt din aparatul partidului RN vorbesc despre avantajul \u201etichetului preziden\u021bial\u201d \u00een stil american, o formul\u0103 cu doi candida\u021bi neobi\u0219nuit\u0103 \u00een sistemul francez. Aceasta le permite s\u0103 atrag\u0103 at\u00e2t vechea baz\u0103 provincial\u0103, care se simte exclus\u0103 de la prosperitate, c\u00e2t \u0219i tinerii or\u0103\u0219eni \u0219i conservatorii din clasa de mijloc atra\u0219i de Bardella.<\/p>\n<p data-index=\"17\">Locotenentul f\u0103r\u0103 experien\u021b\u0103, care \u00eempline\u0219te 31 de ani s\u0103pt\u0103m\u00e2na viitoare, r\u0103m\u00e2ne \u00een vizorul adversarilor lui Le Pen ca un poten\u021bial punct slab al campaniei sale. Rapha\u00ebl Llorca, director al centrului de politici al Funda\u021biei Jean-Jaur\u00e8s (de centru-st\u00e2nga), a eviden\u021biat defectele care \u00eel fac pe Bardella vulnerabil \u00eentr-un studiu bazat pe grupuri de discu\u021bie cu sus\u021bin\u0103torii partidului RN.<\/p>\n<p data-index=\"18\">T\u00e2n\u0103rul pre\u0219edinte de partid, cu vorbele u\u0219oare, este o figur\u0103 necunoscut\u0103, v\u0103zut\u0103 chiar \u0219i de sus\u021bin\u0103torii s\u0103i ca \u201eo suprafa\u021b\u0103 goal\u0103, at\u00e2t de neinscrip\u021bionat\u0103 \u00eenc\u00e2t oricine poate inscrip\u021biona pe ea con\u021binutul pe care \u00eel dore\u0219te\u201d, a spus Llorca.<\/p>\n<blockquote>\n<p data-index=\"19\">Sub presiune, aura lui Bardella s-ar putea stinge cu u\u0219urin\u021b\u0103, a ad\u0103ugat el. \u201eTinere\u021bea lui\u2026 se va transforma \u00een lips\u0103 de experien\u021b\u0103. Virginitatea sa politic\u0103, care era promisiunea sa, se va transforma \u00een amatorism. St\u0103p\u00e2nirea de sine, care era punctul s\u0103u forte, se va transforma \u00een r\u0103ceal\u0103 \u0219i calcul. Popularitatea sa, odat\u0103 considerat\u0103 de la sine \u00een\u021beleas\u0103, se va transforma \u00eentr-o bul\u0103.\u201d<\/p>\n<\/blockquote>\n<p> Editor : <a href=\"https:\/\/www.digi24.ro\/autor\/bogdan-enache\"> B.E. <\/a><\/p>\n<\/div>\n<p>[analyse_source url=&#8221;https:\/\/www.digi24.ro\/stiri\/externe\/ascensiunea-si-caderea-fulgeratoare-a-lui-jordan-bardella-cum-a-pierdut-sansa-de-a-ocupa-fotoliul-de-la-elysee-in-fata-marinei-le-pen-3935439&#8243;]<\/p>\n","protected":false},"excerpt":{"rendered":"<p>[analyse_image type=&#8221;featured&#8221; src=&#8221;https:\/\/s.iw.ro\/gateway\/g\/ZmlsZVNvdXJjZT1odHRwJTNBJTJGJTJG\/c3RvcmFnZTA4dHJhbnNjb2Rlci5yY3Mt\/cmRzLnJvJTJGc3RvcmFnZSUyRjIwMjYl\/MkYwOSUyRjA0JTJGMjk0NzM1OF8yOTQ3\/MzU4X3Byb2ZpbWVkaWEtMTExNTA2MzA5\/Mi5qcGcmdz0xMjAwJmg9NjMwJnpjPTEm\/aGFzaD0yODRmOTcxMmNkNjhmODg3YTIyNWViZTkxN2Y2Y2VhNQ==.thumb.jpg&#8221;] Jordan Bardella, \u201eb\u0103iatul minune\u201d al politicii franceze, a adoptat o atitudine demn\u0103 de un om de stat atunci c\u00e2nd a \u021binut, s\u0103pt\u0103m\u00e2na aceasta, un discurs adresat poporului francez cu privire la reluarea activit\u0103\u021bii. Pre\u0219edintele partidului populist \u201eAdunarea Na\u021bional\u0103\u201d (Rassemblement National, RN) \u0219i recentul favorit la pre\u0219edin\u021bie st\u0103tea \u00eentr-un birou plin de c\u0103r\u021bi, [&hellip;]<\/p>\n","protected":false},"author":1,"featured_media":0,"comment_status":"open","ping_status":"","sticky":false,"template":"","format":"standard","meta":{"footnotes":""},"categories":[89],"tags":[226,11],"class_list":["post-2128593","post","type-post","status-publish","format-standard","hentry","category-romania","tag-crawlmanager","tag-digi24"],"_links":{"self":[{"href":"https:\/\/analyse.optim.biz\/index.php?rest_route=\/wp\/v2\/posts\/2128593","targetHints":{"allow":["GET"]}}],"collection":[{"href":"https:\/\/analyse.optim.biz\/index.php?rest_route=\/wp\/v2\/posts"}],"about":[{"href":"https:\/\/analyse.optim.biz\/index.php?rest_route=\/wp\/v2\/types\/post"}],"author":[{"embeddable":true,"href":"https:\/\/analyse.optim.biz\/index.php?rest_route=\/wp\/v2\/users\/1"}],"replies":[{"embeddable":true,"href":"https:\/\/analyse.optim.biz\/index.php?rest_route=%2Fwp%2Fv2%2Fcomments&post=2128593"}],"version-history":[{"count":0,"href":"https:\/\/analyse.optim.biz\/index.php?rest_route=\/wp\/v2\/posts\/2128593\/revisions"}],"wp:attachment":[{"href":"https:\/\/analyse.optim.biz\/index.php?rest_route=%2Fwp%2Fv2%2Fmedia&parent=2128593"}],"wp:term":[{"taxonomy":"category","embeddable":true,"href":"https:\/\/analyse.optim.biz\/index.php?rest_route=%2Fwp%2Fv2%2Fcategories&post=2128593"},{"taxonomy":"post_tag","embeddable":true,"href":"https:\/\/analyse.optim.biz\/index.php?rest_route=%2Fwp%2Fv2%2Ftags&post=2128593"}],"curies":[{"name":"wp","href":"https:\/\/api.w.org\/{rel}","templated":true}]}}