{"id":2128591,"date":"2026-09-04T16:57:15","date_gmt":"2026-09-04T13:57:15","guid":{"rendered":"https:\/\/analyse.optim.biz\/?p=2128591"},"modified":"2026-09-04T16:57:15","modified_gmt":"2026-09-04T13:57:15","slug":"comediantul-turc-deniz-goktas-risca-ani-grei-de-inchisoare-pentru-insulte-la-adresa-lui-recep-tayyip","status":"publish","type":"post","link":"https:\/\/analyse.optim.biz\/?p=2128591","title":{"rendered":"Comediantul turc Deniz Gokta\u0219 risc\u0103 ani grei de \u00eenchisoare pentru \u201einsulte\u201d la adresa lui Recep Tayyip&#8230;"},"content":{"rendered":"<p>[analyse_image type=&#8221;featured&#8221; src=&#8221;https:\/\/s.iw.ro\/gateway\/g\/ZmlsZVNvdXJjZT1odHRwJTNBJTJGJTJG\/c3RvcmFnZTA4dHJhbnNjb2Rlci5yY3Mt\/cmRzLnJvJTJGc3RvcmFnZSUyRjIwMjYl\/MkYwOSUyRjA0JTJGMjk0NzMzOF8yOTQ3\/MzM4X0Rlbml6LUdva3Rhcy5qcGcmdz0x\/MjAwJmg9NjMwJnpjPTEmaGFzaD02MDdm\/MGI0MmZjNTg1NDQyN2QwYjdmZTc1MGY1MGZmMA==.thumb.jpg&#8221;]<\/p>\n<div class=\"entry data-app-meta data-app-meta-article\" data-embed-base-url-canonical=\"https:\/\/www.digi24.ro\/embed\/stiri\/externe\/mapamond\/comediantul-turc-deniz-goktas-risca-ani-grei-de-inchisoare-pentru-insulte-la-adresa-lui-recep-tayyip-erdogan-3935423\">\n<p data-index=\"1\"><strong>Un tribunal din Istanbul a acceptat darea \u00een judecat\u0103 a comediantului Deniz Gokta\u015f pentru \u201einsulte\u201d aduse pre\u015fedintelui Recep Tayyip Erdogan, Gokta\u015f risc\u00e2nd o pedeaps\u0103 de nou\u0103 ani \u015fi opt luni de \u00eenchisoare, a anun\u0163at vineri agen\u0163ia Anadolu, citat\u0103 de dpa.<\/strong><\/p>\n<p data-index=\"2\">Biroul procurorului public din Istanbul l-a acuzat pe Gokta\u015f c\u0103 \u00eentr-un show difuzat pe 24 iunie pe canalul s\u0103u de YouTube a incitat publicul la ur\u0103, \u201ea dep\u0103\u015fit limitele caracterului critic \u015fi a afectat onoarea \u015fi demnitatea pre\u015fedintelui\u201d \u00een ochii publicului.<\/p>\n<p data-index=\"3\">\u201eNiciodat\u0103 nu mi-a pl\u0103cut de Recep Tayyip Erdogan, nici m\u0103car pentru un minut \u00een via\u0163a mea\u201d, a spus Deniz Gokta\u015f (32 de ani) \u00een show-ul s\u0103u, potrivit Agerpres.<\/p>\n<p data-index=\"4\">Comediantul, <a href=\"https:\/\/www.digi24.ro\/stiri\/externe\/un-comediant-a-fost-arestat-pe-aeroportul-din-istanbul-pentru-ca-a-denigrat-coranul-in-glume-virale-3845329\" target=\"_blank\" rel=\"noopener\" data-skip-linkfix=\"1\">care se afl\u0103 \u00een arest preventiv din data de 3 iulie<\/a>, este acuzat de asemenea c\u0103 a f\u0103cut glume despre femeile turce care \u00eenoat\u0103 \u00een mare purt\u00e2nd costume de baie acceptate de religia musulman\u0103.<\/p>\n<p data-index=\"5\">Tribunalul a decis ca Deniz Gokta\u015f, care a respins toate acuza\u0163iile, s\u0103 r\u0103m\u00e2n\u0103 \u00een deten\u0163ie \u015fi a stabilit data primei audieri pentru 28 septembrie.<\/p>\n<p data-index=\"6\">Canalul special de YouTube al lui Gokta\u015f are 14 milioane de vizualiz\u0103ri. Show-ul s\u0103u, ce include glume despre religie \u015fi teme politice \u015fi sociale, a atras critici vehemente din partea unor personalit\u0103\u0163i proguvernamentale.<\/p>\n<p data-index=\"7\">Numeroase organiza\u0163ii pentru drepturile omului i-au luat ap\u0103rarea comediantului turc, afirm\u00e2nd c\u0103 procesul contra sa \u00een justi\u0163ie este o \u00eenc\u0103lcare brutal\u0103 a libert\u0103\u0163ii de exprimare.<\/p>\n<p> Editor : <a href=\"https:\/\/www.digi24.ro\/autor\/bogdan-enache\"> B.E. <\/a><\/p>\n<\/div>\n<p>[analyse_source url=&#8221;https:\/\/www.digi24.ro\/stiri\/externe\/mapamond\/comediantul-turc-deniz-goktas-risca-ani-grei-de-inchisoare-pentru-insulte-la-adresa-lui-recep-tayyip-erdogan-3935423&#8243;]<\/p>\n","protected":false},"excerpt":{"rendered":"<p>[analyse_image type=&#8221;featured&#8221; src=&#8221;https:\/\/s.iw.ro\/gateway\/g\/ZmlsZVNvdXJjZT1odHRwJTNBJTJGJTJG\/c3RvcmFnZTA4dHJhbnNjb2Rlci5yY3Mt\/cmRzLnJvJTJGc3RvcmFnZSUyRjIwMjYl\/MkYwOSUyRjA0JTJGMjk0NzMzOF8yOTQ3\/MzM4X0Rlbml6LUdva3Rhcy5qcGcmdz0x\/MjAwJmg9NjMwJnpjPTEmaGFzaD02MDdm\/MGI0MmZjNTg1NDQyN2QwYjdmZTc1MGY1MGZmMA==.thumb.jpg&#8221;] Un tribunal din Istanbul a acceptat darea \u00een judecat\u0103 a comediantului Deniz Gokta\u015f pentru \u201einsulte\u201d aduse pre\u015fedintelui Recep Tayyip Erdogan, Gokta\u015f risc\u00e2nd o pedeaps\u0103 de nou\u0103 ani \u015fi opt luni de \u00eenchisoare, a anun\u0163at vineri agen\u0163ia Anadolu, citat\u0103 de dpa. Biroul procurorului public din Istanbul l-a acuzat pe Gokta\u015f c\u0103 \u00eentr-un show [&hellip;]<\/p>\n","protected":false},"author":1,"featured_media":0,"comment_status":"open","ping_status":"","sticky":false,"template":"","format":"standard","meta":{"footnotes":""},"categories":[89],"tags":[226,11],"class_list":["post-2128591","post","type-post","status-publish","format-standard","hentry","category-romania","tag-crawlmanager","tag-digi24"],"_links":{"self":[{"href":"https:\/\/analyse.optim.biz\/index.php?rest_route=\/wp\/v2\/posts\/2128591","targetHints":{"allow":["GET"]}}],"collection":[{"href":"https:\/\/analyse.optim.biz\/index.php?rest_route=\/wp\/v2\/posts"}],"about":[{"href":"https:\/\/analyse.optim.biz\/index.php?rest_route=\/wp\/v2\/types\/post"}],"author":[{"embeddable":true,"href":"https:\/\/analyse.optim.biz\/index.php?rest_route=\/wp\/v2\/users\/1"}],"replies":[{"embeddable":true,"href":"https:\/\/analyse.optim.biz\/index.php?rest_route=%2Fwp%2Fv2%2Fcomments&post=2128591"}],"version-history":[{"count":0,"href":"https:\/\/analyse.optim.biz\/index.php?rest_route=\/wp\/v2\/posts\/2128591\/revisions"}],"wp:attachment":[{"href":"https:\/\/analyse.optim.biz\/index.php?rest_route=%2Fwp%2Fv2%2Fmedia&parent=2128591"}],"wp:term":[{"taxonomy":"category","embeddable":true,"href":"https:\/\/analyse.optim.biz\/index.php?rest_route=%2Fwp%2Fv2%2Fcategories&post=2128591"},{"taxonomy":"post_tag","embeddable":true,"href":"https:\/\/analyse.optim.biz\/index.php?rest_route=%2Fwp%2Fv2%2Ftags&post=2128591"}],"curies":[{"name":"wp","href":"https:\/\/api.w.org\/{rel}","templated":true}]}}