{"id":2128585,"date":"2026-09-04T16:29:26","date_gmt":"2026-09-04T13:29:26","guid":{"rendered":"https:\/\/analyse.optim.biz\/?p=2128585"},"modified":"2026-09-04T16:29:26","modified_gmt":"2026-09-04T13:29:26","slug":"premierul-r-moldova-a-povestit-ce-a-patit-in-studentie-cand-a-vrut-sa-vanda-tigari-in-olanda-dupa-doua","status":"publish","type":"post","link":"https:\/\/analyse.optim.biz\/?p=2128585","title":{"rendered":"Premierul R. Moldova a povestit ce a p\u0103\u021bit \u00een studen\u0163ie c\u00e2nd a vrut s\u0103 v\u00e2nd\u0103 \u0163ig\u0103ri \u00een Olanda: \u201eDup\u0103 dou\u0103&#8230;"},"content":{"rendered":"<p>[analyse_image type=&#8221;featured&#8221; src=&#8221;https:\/\/s.iw.ro\/gateway\/g\/ZmlsZVNvdXJjZT1odHRwJTNBJTJGJTJG\/c3RvcmFnZTA4dHJhbnNjb2Rlci5yY3Mt\/cmRzLnJvJTJGc3RvcmFnZSUyRjIwMjYl\/MkYwOSUyRjA0JTJGMjk0NzMxNF8yOTQ3\/MzE0X3Zhc2lsZS10b2Zhbi1wcm9maW1l\/ZGlhLmpwZyZ3PTEyMDAmaD02MzAmemM9\/MSZoYXNoPWM1ZWY0NmM1ZTQxYzE4MzAxZDVkYmQ1NzdiNjBjMzc4.thumb.jpg&#8221;]<\/p>\n<div class=\"entry data-app-meta data-app-meta-article\" data-embed-base-url-canonical=\"https:\/\/www.digi24.ro\/embed\/stiri\/externe\/moldova\/premierul-r-moldova-a-povestit-ce-a-patit-in-studentie-cand-a-vrut-sa-vanda-tigari-in-olanda-dupa-doua-zile-au-venit-la-mine-acasa-3935387\">\n<p data-index=\"1\"><strong>Premierul Vasile Tofan a povestit vineri, \u00een timp ce participa la un eveniment al serviciului vamal al \u0163\u0103rii, cum, \u00een perioada c\u00e2nd era student \u00een Olanda, a \u00eencercat s\u0103 v\u00e2nd\u0103 \u0163ig\u0103ri pentru a c\u00e2\u015ftiga ni\u015fte bani \u00een plus, preciz\u00e2nd c\u0103 a fost o experien\u0163\u0103 din care a avut de \u00eenv\u0103\u0163at.<\/strong><\/p>\n<p data-index=\"2\">\u201eEram student s\u0103rac \u00een Olanda, dar foarte s\u0103rac. \u015ei ca fiecare student s\u0103rac, \u00eencerci s\u0103 g\u0103se\u015fti s\u0103 faci ni\u015fte bani. (\u2026) M-am uitat care e pre\u0163ul \u0163ig\u0103rilor la Rotterdam, pre\u0163ul \u0163ig\u0103rilor \u00een Moldova. Am cump\u0103rat dou\u0103 cartu\u015fe, le-am pus pe un site de anun\u0163uri \u00een Olanda. Dou\u0103 zile mai t\u00e2rziu, am fost contactat de biroul vamal. Au venit la mine acas\u0103, m-au \u00eentrebat ce-i cu anun\u0163ul meu, m-au \u00eentrebat dac\u0103 am un depozit undeva, m-au rugat s\u0103 vad\u0103 subsolul casei. Era o camer\u0103 de c\u0103min, nici nu avea subsol. Au stat de vorb\u0103 cu mine 10 minute. Au \u00een\u0163eles c\u0103 nu sunt eu contrabandist, dar sunt student am\u0103r\u00e2t care a \u00eencercat \u015fi el s\u0103 c\u00e2\u015ftige 10 euro \u015fi m-au l\u0103sat s\u0103 plec\u201d, a povestit premierul Vasile Tofan, potrivit NewsMaker, citat\u0103 de News.ro.<\/p>\n<p data-index=\"3\">El a povestit acest lucru la ceremonia dedicat\u0103 celor 35 de ani de la fondarea Serviciului Vamal al R. Moldova.<\/p>\n<p data-index=\"4\">Tofan a spus c\u0103 aceast\u0103 experien\u0163\u0103 a fost una din care a avut de \u00eenv\u0103\u0163at \u015fi \u00een acest context a explicat ce a\u015ftept\u0103ri are de la serviciile de control ale statului. \u201eExperien\u0163a asta a r\u0103mas cu mine, pentru c\u0103 mi-am spus: uite, totu\u015fi, c\u00e2t de exigent, dar \u015fi respectuos poate s\u0103 fie un serviciu public. Nu au insistat s\u0103-mi dea o amend\u0103. Au \u00een\u0163eles c\u0103, m\u0103 rog, e un student care a c\u0103lcat pu\u0163in pe al\u0103turi. (\u2026) Pentru mine e un \u00eenv\u0103\u0163\u0103m\u00e2nt important, pentru c\u0103 eu cred c\u0103 asta-i scopul unui serviciu public, mai ales al unui serviciu de control: acolo unde este risc mare, unde este abuz \u2013 s\u0103 intervii. Acolo unde sunt mici gre\u015feli \u2013 s\u0103 fii mai tolerant. \u015ei cred c\u0103 e provocarea asta inclusiv pentru noi, s\u0103 ne focus\u0103m nu at\u00e2t de mult, maniacal focusat, pe procedur\u0103, dar s\u0103 ne focus\u0103m \u00een primul r\u00e2nd pe riscuri. Resursele mici pe care le avem noi s\u0103 le canaliz\u0103m acolo unde riscurile sunt mai mari \u015fi unde abuzurile sunt mai mari\u201d, a explicat premierul.<\/p>\n<p data-index=\"5\">Ulterior, Tofan a povestit despre un alt caz legat de vam\u0103, care a avut loc \u00een 2022. \u201e\u0162ine\u0163i minte perioada asta c\u00e2nd erau TIR-uri interminabile la frontier\u0103? (\u2026) Erau b\u0103t\u0103i \u00eentre \u015foferi, erau oameni adu\u015fi la disperare dup\u0103 5-6 zile stat acolo, nedormit, nesp\u0103lat, nem\u00e2ncat. (\u2026) Lucram pentru un vinificator atunci \u015fi aveam c\u00e2teva TIR-uri blocate \u015fi ne ardeau contractele acolo, cu marele retail rom\u00e2nesc. Am avut tenta\u0163ia s\u0103 sun pe cineva \u015fi chiar am ob\u0163inut telefonul domnului Talmazan de atunci (Igor Talmazan, fost \u015fef al serviciului vamal al R. Moldova &#8211; n.r.). Nu-l cuno\u015fteam. \u015eti\u0163i, \u015fi m-am g\u00e2ndit s\u0103 sun, s\u0103 nu sun. Am principiul acesta, totu\u015fi, s\u0103 nu intervin, s\u0103 nu sun. N-am sunat. Din fericire, situa\u0163ia s-a rezolvat. (\u2026) Rug\u0103mintea mea e s\u0103 ajungem la un sistem care s\u0103 nu necesite sunat\u201d, le-a spus Tofan func\u0163ionarilor de la vam\u0103.<\/p>\n<p> Editor : <a href=\"https:\/\/www.digi24.ro\/autor\/liviu-cojan\"> Liviu Cojan <\/a><\/p>\n<\/div>\n<p>[analyse_source url=&#8221;https:\/\/www.digi24.ro\/stiri\/externe\/moldova\/premierul-r-moldova-a-povestit-ce-a-patit-in-studentie-cand-a-vrut-sa-vanda-tigari-in-olanda-dupa-doua-zile-au-venit-la-mine-acasa-3935387&#8243;]<\/p>\n","protected":false},"excerpt":{"rendered":"<p>[analyse_image type=&#8221;featured&#8221; src=&#8221;https:\/\/s.iw.ro\/gateway\/g\/ZmlsZVNvdXJjZT1odHRwJTNBJTJGJTJG\/c3RvcmFnZTA4dHJhbnNjb2Rlci5yY3Mt\/cmRzLnJvJTJGc3RvcmFnZSUyRjIwMjYl\/MkYwOSUyRjA0JTJGMjk0NzMxNF8yOTQ3\/MzE0X3Zhc2lsZS10b2Zhbi1wcm9maW1l\/ZGlhLmpwZyZ3PTEyMDAmaD02MzAmemM9\/MSZoYXNoPWM1ZWY0NmM1ZTQxYzE4MzAxZDVkYmQ1NzdiNjBjMzc4.thumb.jpg&#8221;] Premierul Vasile Tofan a povestit vineri, \u00een timp ce participa la un eveniment al serviciului vamal al \u0163\u0103rii, cum, \u00een perioada c\u00e2nd era student \u00een Olanda, a \u00eencercat s\u0103 v\u00e2nd\u0103 \u0163ig\u0103ri pentru a c\u00e2\u015ftiga ni\u015fte bani \u00een plus, preciz\u00e2nd c\u0103 a fost o experien\u0163\u0103 din care a avut de \u00eenv\u0103\u0163at. \u201eEram student [&hellip;]<\/p>\n","protected":false},"author":1,"featured_media":0,"comment_status":"open","ping_status":"","sticky":false,"template":"","format":"standard","meta":{"footnotes":""},"categories":[89],"tags":[226,11],"class_list":["post-2128585","post","type-post","status-publish","format-standard","hentry","category-romania","tag-crawlmanager","tag-digi24"],"_links":{"self":[{"href":"https:\/\/analyse.optim.biz\/index.php?rest_route=\/wp\/v2\/posts\/2128585","targetHints":{"allow":["GET"]}}],"collection":[{"href":"https:\/\/analyse.optim.biz\/index.php?rest_route=\/wp\/v2\/posts"}],"about":[{"href":"https:\/\/analyse.optim.biz\/index.php?rest_route=\/wp\/v2\/types\/post"}],"author":[{"embeddable":true,"href":"https:\/\/analyse.optim.biz\/index.php?rest_route=\/wp\/v2\/users\/1"}],"replies":[{"embeddable":true,"href":"https:\/\/analyse.optim.biz\/index.php?rest_route=%2Fwp%2Fv2%2Fcomments&post=2128585"}],"version-history":[{"count":0,"href":"https:\/\/analyse.optim.biz\/index.php?rest_route=\/wp\/v2\/posts\/2128585\/revisions"}],"wp:attachment":[{"href":"https:\/\/analyse.optim.biz\/index.php?rest_route=%2Fwp%2Fv2%2Fmedia&parent=2128585"}],"wp:term":[{"taxonomy":"category","embeddable":true,"href":"https:\/\/analyse.optim.biz\/index.php?rest_route=%2Fwp%2Fv2%2Fcategories&post=2128585"},{"taxonomy":"post_tag","embeddable":true,"href":"https:\/\/analyse.optim.biz\/index.php?rest_route=%2Fwp%2Fv2%2Ftags&post=2128585"}],"curies":[{"name":"wp","href":"https:\/\/api.w.org\/{rel}","templated":true}]}}