{"id":2128583,"date":"2026-09-04T16:27:40","date_gmt":"2026-09-04T13:27:40","guid":{"rendered":"https:\/\/analyse.optim.biz\/?p=2128583"},"modified":"2026-09-04T16:27:40","modified_gmt":"2026-09-04T13:27:40","slug":"fragment-de-drona-cu-incarcatura-exploziva-gasit-langa-sulina-mapn-obiectul-a-fost-neutralizat-la-fata","status":"publish","type":"post","link":"https:\/\/analyse.optim.biz\/?p=2128583","title":{"rendered":"Fragment de dron\u0103 cu \u00eenc\u0103rc\u0103tur\u0103 exploziv\u0103, g\u0103sit l\u00e2ng\u0103 Sulina. MApN: \u201eObiectul a fost neutralizat la fa\u0163a&#8230;"},"content":{"rendered":"<p>[analyse_image type=&#8221;featured&#8221; src=&#8221;https:\/\/s.iw.ro\/gateway\/g\/ZmlsZVNvdXJjZT1odHRwJTNBJTJGJTJG\/c3RvcmFnZTA4dHJhbnNjb2Rlci5yY3Mt\/cmRzLnJvJTJGc3RvcmFnZSUyRjIwMjYl\/MkYwOCUyRjE0JTJGMjkwODA0MV8yOTA4\/MDQxX0Ryb25hLWthbWlrYXplXy1Gb3Rv\/LVByb2ZpbWVkaWEtSW1hZ2VzLTE1MzZ4\/MTEyOS0xLmpwZWcmdz0xMjAwJmg9NjMw\/JnpjPTEmaGFzaD1iOTc5MDRmN2RiZjQxNDZjMTA0Y2U0NDU1OTJiYWIxNQ==.thumb.jpg&#8221;]<\/p>\n<div class=\"entry data-app-meta data-app-meta-article\" data-embed-base-url-canonical=\"https:\/\/www.digi24.ro\/embed\/stiri\/actualitate\/fragment-de-drona-cu-incarcatura-exploziva-gasit-langa-sulina-mapn-obiectul-a-fost-neutralizat-la-fata-locului-3935383\">\n<p data-index=\"1\"><strong>Un fragment de dron\u0103 aerian\u0103 cu \u00eenc\u0103rc\u0103tur\u0103 exploziv\u0103 a fost g\u0103sit, vineri, la 5 mile marine est de intrarea pe bra\u0163ul Sulina, fiind neutralizat de o echip\u0103 EOD din cadrul For\u0163elor Navale Rom\u00e2ne, a transmis Ministerul Ap\u0103r\u0103rii.<\/strong><\/p>\n<p data-index=\"2\"><span>\u201eVineri, 4 septembrie, o echip\u0103 EOD din cadrul For\u0163elor Navale Rom\u00e2ne s-a deplasat, la bordul unei nave a G\u0103rzii de Coast\u0103, la aproximativ 5 mile marine est de intrarea pe bra\u0163ul Sulina, pentru verificarea unui obiect plutitor suspect. \u00cen urma verific\u0103rilor, echipa EOD a confirmat prezen\u0163a unui fragment de dron\u0103 aerian\u0103 care prezenta \u00eenc\u0103rc\u0103tur\u0103 exploziv\u0103. Obiectul a fost neutralizat la fa\u0163a locului, \u00een condi\u0163ii de siguran\u0163\u0103, la ora 18.17\u201d, a anun\u0163at MApN.<\/span><\/p>\n<p class=\"gdpr-placeholder gdpr-social-media gdpr-iframe-fix\" data-index=\"4\"> Setarile tale privind cookie-urile nu permit afisarea continutul din aceasta sectiune. Poti actualiza setarile modulelor coookie direct din browser sau de <a class=\"ot-sdk-show-settings\" data-skip-linkfix=\"1\">aici<\/a> \u2013 e nevoie sa accepti cookie-urile social media<\/p>\n<p data-index=\"5\"><span>Conform sursei citate, o interven\u0163ie similar\u0103 a avut loc \u00een cursul dup\u0103-amiezii de joi, c\u00e2nd o alt\u0103 echip\u0103 EOD din cadrul For\u0163elor Navale Rom\u00e2ne a neutralizat un fragment de dron\u0103 aerian\u0103 care prezenta \u00eenc\u0103rc\u0103tur\u0103 exploziv\u0103 \u015fi plutea \u00een zona Platformei Centrale.<\/span><\/p>\n<p data-index=\"6\"><span>Ambele situa\u0163ii au fost semnalate de nave comerciale prin intermediul Centrului Regional de Coordonare Maritim\u0103.<\/span><\/p>\n<p data-index=\"7\"><span>\u201eFor\u0163ele Navale Rom\u00e2ne men\u0163in permanent capacitatea de interven\u0163ie pentru identificarea \u015fi neutralizarea obiectelor care pot pune \u00een pericol naviga\u0163ia \u015fi activit\u0103\u0163ile maritime\u201d, a ad\u0103ugat MApN.<\/span><\/p>\n<p data-index=\"8\">Tot ast\u0103zi, 4 septembrie, <a href=\"https:\/\/www.digi24.ro\/stiri\/actualitate\/social\/un-fragment-de-drona-a-ajuns-pe-plaja-modern-adus-de-valuri-ce-spun-autoritatile-3934977\" target=\"_blank\" rel=\"noopener\" data-skip-linkfix=\"1\">u<\/a><span><a href=\"https:\/\/www.digi24.ro\/stiri\/actualitate\/social\/un-fragment-de-drona-a-ajuns-pe-plaja-modern-adus-de-valuri-ce-spun-autoritatile-3934977\" target=\"_blank\" rel=\"noopener\" data-skip-linkfix=\"1\">n fragment de dron\u0103 a fost g\u0103sit pe plaja Modern<\/a> din Constan\u021ba, dup\u0103 ce a fost adus la mal de valuri. Autorit\u0103\u021bile au verificat obiectul \u0219i au stabilit c\u0103 acesta nu avea \u00eenc\u0103rc\u0103tur\u0103 exploziv\u0103.<\/span><\/p>\n<p data-index=\"9\"><strong>Cite\u0219te \u0219i:<\/strong><\/p>\n<p data-index=\"10\"><a href=\"https:\/\/www.digi24.ro\/stiri\/actualitate\/generalul-virgil-balaceanu-trebuie-sa-cream-arhitectura-de-combatere-a-dronelor-ce-solutii-are-romania-pana-in-2030-3935001\" target=\"_blank\" rel=\"noopener\" data-skip-linkfix=\"1\"><strong>Generalul Virgil B\u0103l\u0103ceanu: \u201eTrebuie s\u0103 cre\u0103m arhitectura de combatere a dronelor\u201d. Ce solu\u021bii are Rom\u00e2nia p\u00e2n\u0103 \u00een 2030<\/strong><\/a><\/p>\n<p data-index=\"11\"><a href=\"https:\/\/www.digi24.ro\/stiri\/externe\/ambasadorul-gavin-buchan-oamenii-inteleg-acum-ca-securitatea-marii-negre-este-securitatea-flancului-estic-al-nato-3934701\" target=\"_blank\" rel=\"noopener\" data-skip-linkfix=\"1\"><strong>Ambasadorul Gavin Buchan: \u201eOamenii \u00een\u021beleg acum c\u0103 securitatea M\u0103rii Negre este securitatea flancului estic al NATO\u201d<\/strong><\/a><\/p>\n<p> Editor : <a href=\"https:\/\/www.digi24.ro\/autor\/ana-gherghita\"> A.M.G. <\/a><\/p>\n<\/div>\n<p>[analyse_source url=&#8221;https:\/\/www.digi24.ro\/stiri\/actualitate\/fragment-de-drona-cu-incarcatura-exploziva-gasit-langa-sulina-mapn-obiectul-a-fost-neutralizat-la-fata-locului-3935383&#8243;]<\/p>\n","protected":false},"excerpt":{"rendered":"<p>[analyse_image type=&#8221;featured&#8221; src=&#8221;https:\/\/s.iw.ro\/gateway\/g\/ZmlsZVNvdXJjZT1odHRwJTNBJTJGJTJG\/c3RvcmFnZTA4dHJhbnNjb2Rlci5yY3Mt\/cmRzLnJvJTJGc3RvcmFnZSUyRjIwMjYl\/MkYwOCUyRjE0JTJGMjkwODA0MV8yOTA4\/MDQxX0Ryb25hLWthbWlrYXplXy1Gb3Rv\/LVByb2ZpbWVkaWEtSW1hZ2VzLTE1MzZ4\/MTEyOS0xLmpwZWcmdz0xMjAwJmg9NjMw\/JnpjPTEmaGFzaD1iOTc5MDRmN2RiZjQxNDZjMTA0Y2U0NDU1OTJiYWIxNQ==.thumb.jpg&#8221;] Un fragment de dron\u0103 aerian\u0103 cu \u00eenc\u0103rc\u0103tur\u0103 exploziv\u0103 a fost g\u0103sit, vineri, la 5 mile marine est de intrarea pe bra\u0163ul Sulina, fiind neutralizat de o echip\u0103 EOD din cadrul For\u0163elor Navale Rom\u00e2ne, a transmis Ministerul Ap\u0103r\u0103rii. \u201eVineri, 4 septembrie, o echip\u0103 EOD din cadrul For\u0163elor Navale Rom\u00e2ne s-a deplasat, la bordul [&hellip;]<\/p>\n","protected":false},"author":1,"featured_media":0,"comment_status":"open","ping_status":"","sticky":false,"template":"","format":"standard","meta":{"footnotes":""},"categories":[89],"tags":[226,11],"class_list":["post-2128583","post","type-post","status-publish","format-standard","hentry","category-romania","tag-crawlmanager","tag-digi24"],"_links":{"self":[{"href":"https:\/\/analyse.optim.biz\/index.php?rest_route=\/wp\/v2\/posts\/2128583","targetHints":{"allow":["GET"]}}],"collection":[{"href":"https:\/\/analyse.optim.biz\/index.php?rest_route=\/wp\/v2\/posts"}],"about":[{"href":"https:\/\/analyse.optim.biz\/index.php?rest_route=\/wp\/v2\/types\/post"}],"author":[{"embeddable":true,"href":"https:\/\/analyse.optim.biz\/index.php?rest_route=\/wp\/v2\/users\/1"}],"replies":[{"embeddable":true,"href":"https:\/\/analyse.optim.biz\/index.php?rest_route=%2Fwp%2Fv2%2Fcomments&post=2128583"}],"version-history":[{"count":0,"href":"https:\/\/analyse.optim.biz\/index.php?rest_route=\/wp\/v2\/posts\/2128583\/revisions"}],"wp:attachment":[{"href":"https:\/\/analyse.optim.biz\/index.php?rest_route=%2Fwp%2Fv2%2Fmedia&parent=2128583"}],"wp:term":[{"taxonomy":"category","embeddable":true,"href":"https:\/\/analyse.optim.biz\/index.php?rest_route=%2Fwp%2Fv2%2Fcategories&post=2128583"},{"taxonomy":"post_tag","embeddable":true,"href":"https:\/\/analyse.optim.biz\/index.php?rest_route=%2Fwp%2Fv2%2Ftags&post=2128583"}],"curies":[{"name":"wp","href":"https:\/\/api.w.org\/{rel}","templated":true}]}}