{"id":2128417,"date":"2026-09-03T11:39:25","date_gmt":"2026-09-03T08:39:25","guid":{"rendered":"https:\/\/analyse.optim.biz\/?p=2128417"},"modified":"2026-09-03T11:39:25","modified_gmt":"2026-09-03T08:39:25","slug":"claudia-muntean-revine-in-conducerea-unei-scoli-din-timisoara","status":"publish","type":"post","link":"https:\/\/analyse.optim.biz\/?p=2128417","title":{"rendered":"Claudia Muntean revine \u00een conducerea unei \u0219coli din Timi\u0219oara"},"content":{"rendered":"<p>[analyse_image type=&#8221;featured&#8221; src=&#8221;https:\/\/www.banatulazi.ro\/wp-content\/uploads\/2026\/09\/revenire_3_sept.jpg&#8221;]<\/p>\n<div class=\"td_block_wrap tdb_single_content tdi_64 td-pb-border-top td_block_template_1 td-post-content tagdiv-type\" data-td-block-uid=\"tdi_64\">\n<div class=\"tdb-block-inner td-fix-index\">\n<p><strong>Claudia Muntean revine \u00een conducerea unei unit\u0103\u021bi de \u00eenv\u0103\u021b\u0103m\u00e2nt din Timi\u0219oara, dup\u0103 o perioad\u0103 de \u0219ase ani. Fosta directoare a Liceului Pedagogic \u201eCarmen Sylva\u201d este, \u00eencep\u00e2nd din aceast\u0103 toamn\u0103, noua directoare a \u0218colii Gimnaziale nr. 19 din Timi\u0219oara.<\/strong><\/p>\n<p>Revenirea a fost una emo\u021bionant\u0103 pentru aceasta. La \u00eent\u00e2lnirea cu noul colectiv, profesorii au \u00eent\u00e2mpinat-o cu flori, \u00eembr\u0103\u021bi\u0219\u0103ri \u0219i mesaje de bun venit.<\/p>\n<p>\u201eE greu de exprimat \u00een cuvinte tot ce am sim\u021bit ast\u0103zi, la \u00eentoarcerea mea \u00eentr-un loc at\u00e2t de drag mie\u201d, a transmis Claudia Muntean, \u00eentr-un mesaj publicat dup\u0103 prima \u00eent\u00e2lnire cu colegii.<\/p>\n<p>Aceasta a povestit c\u0103 momentul a fost unul special, mai ales datorit\u0103 reac\u021biei colectivului. Unii dintre colegi au a\u0219teptat-o cu lacrimi \u00een ochi, iar \u00eent\u00e2lnirea a fost marcat\u0103 de \u00eembr\u0103\u021bi\u0219\u0103ri \u0219i ur\u0103ri de bun venit.<\/p>\n<p>Claudia Muntean spune c\u0103 au trecut \u0219ase ani dificili p\u00e2n\u0103 la revenirea sa \u00een mijlocul colectivului \u0218colii Gimnaziale nr. 19. Acum, aceasta face parte din noua echip\u0103 managerial\u0103 a unit\u0103\u021bii de \u00eenv\u0103\u021b\u0103m\u00e2nt.<\/p>\n<p>Al\u0103turi de ea, echipa de conducere \u00eei include pe profesorii Ondina V\u0103r\u0219\u0103ndan \u0219i Cristian-Ilie B\u0103leanu. Cei trei vor coordona activitatea \u0219colii \u00een noul an \u0219colar.<\/p>\n<p>\u201eNoua echip\u0103 managerial\u0103 v\u0103 este al\u0103turi \u0219i cu siguran\u021b\u0103 \u00eempreun\u0103 vom reu\u0219i!\u201d, a transmis Claudia Muntean.<\/p>\n<p>Revenirea sa la conducerea unei \u0219coli din Timi\u0219oara vine dup\u0103 perioada \u00een care aceasta s-a aflat \u00een centrul unui litigiu cu Inspectoratul \u0218colar Jude\u021bean Timi\u0219, men\u021bionat de publica\u021bia Ziarul Timi\u0219oara.<\/p>\n<\/div>\n<\/div>\n<p>[analyse_source url=&#8221;https:\/\/www.banatulazi.ro\/claudia-muntean-revine-in-conducerea-unei-scoli-din-timisoara\/&#8221;]<\/p>\n","protected":false},"excerpt":{"rendered":"<p>[analyse_image type=&#8221;featured&#8221; src=&#8221;https:\/\/www.banatulazi.ro\/wp-content\/uploads\/2026\/09\/revenire_3_sept.jpg&#8221;] Claudia Muntean revine \u00een conducerea unei unit\u0103\u021bi de \u00eenv\u0103\u021b\u0103m\u00e2nt din Timi\u0219oara, dup\u0103 o perioad\u0103 de \u0219ase ani. Fosta directoare a Liceului Pedagogic \u201eCarmen Sylva\u201d este, \u00eencep\u00e2nd din aceast\u0103 toamn\u0103, noua directoare a \u0218colii Gimnaziale nr. 19 din Timi\u0219oara. Revenirea a fost una emo\u021bionant\u0103 pentru aceasta. La \u00eent\u00e2lnirea cu noul colectiv, profesorii au [&hellip;]<\/p>\n","protected":false},"author":1,"featured_media":0,"comment_status":"open","ping_status":"","sticky":false,"template":"","format":"standard","meta":{"footnotes":""},"categories":[89],"tags":[185,226],"class_list":["post-2128417","post","type-post","status-publish","format-standard","hentry","category-romania","tag-banatulazi-ro","tag-crawlmanager"],"_links":{"self":[{"href":"https:\/\/analyse.optim.biz\/index.php?rest_route=\/wp\/v2\/posts\/2128417","targetHints":{"allow":["GET"]}}],"collection":[{"href":"https:\/\/analyse.optim.biz\/index.php?rest_route=\/wp\/v2\/posts"}],"about":[{"href":"https:\/\/analyse.optim.biz\/index.php?rest_route=\/wp\/v2\/types\/post"}],"author":[{"embeddable":true,"href":"https:\/\/analyse.optim.biz\/index.php?rest_route=\/wp\/v2\/users\/1"}],"replies":[{"embeddable":true,"href":"https:\/\/analyse.optim.biz\/index.php?rest_route=%2Fwp%2Fv2%2Fcomments&post=2128417"}],"version-history":[{"count":0,"href":"https:\/\/analyse.optim.biz\/index.php?rest_route=\/wp\/v2\/posts\/2128417\/revisions"}],"wp:attachment":[{"href":"https:\/\/analyse.optim.biz\/index.php?rest_route=%2Fwp%2Fv2%2Fmedia&parent=2128417"}],"wp:term":[{"taxonomy":"category","embeddable":true,"href":"https:\/\/analyse.optim.biz\/index.php?rest_route=%2Fwp%2Fv2%2Fcategories&post=2128417"},{"taxonomy":"post_tag","embeddable":true,"href":"https:\/\/analyse.optim.biz\/index.php?rest_route=%2Fwp%2Fv2%2Ftags&post=2128417"}],"curies":[{"name":"wp","href":"https:\/\/api.w.org\/{rel}","templated":true}]}}