{"id":2128338,"date":"2026-09-04T00:00:00","date_gmt":"2026-09-03T21:00:00","guid":{"rendered":"https:\/\/analyse.optim.biz\/?p=2128338"},"modified":"2026-09-04T00:00:00","modified_gmt":"2026-09-03T21:00:00","slug":"kosovo-35-de-fosti-politisti-sarbi-inculpati-pentru-un-presupus-masacru-comis-in-1998","status":"publish","type":"post","link":"https:\/\/analyse.optim.biz\/?p=2128338","title":{"rendered":"Kosovo: 35 de fo\u0219ti poli\u021bi\u0219ti s\u00e2rbi, inculpa\u021bi pentru un presupus masacru comis \u00een 1998"},"content":{"rendered":"<p>[analyse_image type=&#8221;featured&#8221; src=&#8221;https:\/\/agerpres.ro\/data\/202609\/20260904212840_590517.jpg&#8221;]<\/p>\n<div class=\"mx-auto pt-3\">\n<p><strong>Procurorii din Kosovo au dat \u00een judecat\u0103 vineri 35 de fo\u0219ti poli\u021bi\u0219ti s\u00e2rbi pentru un presupus masacru \u00eempotriva a zeci de rude ale unui lider al gherilelor albaneze \u00een 1998, \u00een timpul r\u0103zboiului din fosta provincie s\u00e2rb\u0103 care \u0219i-a declarat unilateral independen\u021ba zece ani mai t\u00e2rziu, transmite AFP.<\/strong><\/p>\n<p>\u00cen jur de 60 de persoane, \u00een principal membri ai familiei lui Adem Jashari, au fost ucise al\u0103turi de acesta \u00een timp ce for\u021bele s\u00e2rbe au lansat un atac contra comandantului fondator al &#8221;Armatei de Eliberare din Kosovo&#8221; (UCK) \u00een martie 1998.<\/p>\n<p>Masacrul a survenit dup\u0103 un asediu desf\u0103\u0219urat de unit\u0103\u021bi speciale ale poli\u021biei \u0219i armatei s\u00e2rbe \u00eempotriva propriet\u0103\u021bii familiale a lui Jashari din satul Prekaz, \u00een nord-vestul Kosovo.<\/p>\n<p>Printre persoanele ucise se aflau 20 de membri ai familiei lui Adem Jashari, precum \u0219i vecini ai acestuia.<\/p>\n<p>Procurorul special Blerim Isufaj a declarat c\u0103 este vorba despre &#8221;prima punere sub acuzare \u00een leg\u0103tur\u0103 cu uciderea de civili la proprietatea Jashari din Prekaz&#8221;. El a precizat c\u0103 tribunalului \u00eei revine s\u0103 evalueze actul de acuzare \u0219i probele pe care le con\u021bine.<\/p>\n<p>Atacul respectiv fusese condus de Milorad Ulemek, alias &#8221;Legija&#8221;, fost \u0219ef al unei unit\u0103\u021bi de comando a poli\u021biei s\u00e2rbe.<\/p>\n<p>\u00cen prezent, Ulemek execut\u0103 dou\u0103 pedepse cu \u00eenchisoarea de 40 de ani pentru c\u0103 ar fi orchestrat asasinarea premierului reformator s\u00e2rb Zoran Djindjic \u00een 2003 \u0219i a fostului pre\u0219edinte Ivan Stambolic \u00een anul 2000.<\/p>\n<p>Regiunea Kosovo \u0219i-a declarat unilateral independen\u021ba fa\u021b\u0103 de Belgrad \u00een februarie 2008, la aproape un deceniu dup\u0103 ce NATO a bombardat for\u021bele s\u00e2rbe pentru a opri uciderea \u0219i expulzarea etnicilor albanezi din regiune. Independen\u021ba Kosovo este recunoscut\u0103 de peste 100 de state din \u00eentreaga lume, printre care 22 dintre cele 27 de membre ale Uniunii Europene (excep\u021biile sunt Spania, Rom\u00e2nia, Grecia, Slovacia \u0219i Cipru). AGERPRES\/(AS &#8211; redactor: Tudor Martalogu, editor online: Gabriela Badea)<\/p>\n<p><strong>* Sursa foto:<\/strong> BIRN \/\u00a0<a href=\"https:\/\/balkaninsight.com\/2026\/09\/04\/kosovo-charges-serbian-security-officers-over-jashari-compound-massacre\/btj\/\" target=\"_blank\">balkaninsight.com<\/a><\/p>\n<\/div>\n<div class=\"mx-auto pt-3\">\n                                Afisari: 1\n                            <\/div>\n<p>[analyse_source url=&#8221;https:\/\/agerpres.ro\/politic-extern\/2026\/09\/04\/kosovo-35-de-fosti-politisti-sarbi-inculpati-pentru-un-presupus-masacru-comis-in-1998&#8211;1590908&#8243;]<\/p>\n","protected":false},"excerpt":{"rendered":"<p>[analyse_image type=&#8221;featured&#8221; src=&#8221;https:\/\/agerpres.ro\/data\/202609\/20260904212840_590517.jpg&#8221;] Procurorii din Kosovo au dat \u00een judecat\u0103 vineri 35 de fo\u0219ti poli\u021bi\u0219ti s\u00e2rbi pentru un presupus masacru \u00eempotriva a zeci de rude ale unui lider al gherilelor albaneze \u00een 1998, \u00een timpul r\u0103zboiului din fosta provincie s\u00e2rb\u0103 care \u0219i-a declarat unilateral independen\u021ba zece ani mai t\u00e2rziu, transmite AFP. \u00cen jur de 60 [&hellip;]<\/p>\n","protected":false},"author":1,"featured_media":0,"comment_status":"open","ping_status":"","sticky":false,"template":"","format":"standard","meta":{"footnotes":""},"categories":[2],"tags":[37,226],"class_list":["post-2128338","post","type-post","status-publish","format-standard","hentry","category-politics","tag-agerpres-ro","tag-crawlmanager"],"_links":{"self":[{"href":"https:\/\/analyse.optim.biz\/index.php?rest_route=\/wp\/v2\/posts\/2128338","targetHints":{"allow":["GET"]}}],"collection":[{"href":"https:\/\/analyse.optim.biz\/index.php?rest_route=\/wp\/v2\/posts"}],"about":[{"href":"https:\/\/analyse.optim.biz\/index.php?rest_route=\/wp\/v2\/types\/post"}],"author":[{"embeddable":true,"href":"https:\/\/analyse.optim.biz\/index.php?rest_route=\/wp\/v2\/users\/1"}],"replies":[{"embeddable":true,"href":"https:\/\/analyse.optim.biz\/index.php?rest_route=%2Fwp%2Fv2%2Fcomments&post=2128338"}],"version-history":[{"count":0,"href":"https:\/\/analyse.optim.biz\/index.php?rest_route=\/wp\/v2\/posts\/2128338\/revisions"}],"wp:attachment":[{"href":"https:\/\/analyse.optim.biz\/index.php?rest_route=%2Fwp%2Fv2%2Fmedia&parent=2128338"}],"wp:term":[{"taxonomy":"category","embeddable":true,"href":"https:\/\/analyse.optim.biz\/index.php?rest_route=%2Fwp%2Fv2%2Fcategories&post=2128338"},{"taxonomy":"post_tag","embeddable":true,"href":"https:\/\/analyse.optim.biz\/index.php?rest_route=%2Fwp%2Fv2%2Ftags&post=2128338"}],"curies":[{"name":"wp","href":"https:\/\/api.w.org\/{rel}","templated":true}]}}