{"id":2128308,"date":"2026-09-04T00:00:00","date_gmt":"2026-09-03T21:00:00","guid":{"rendered":"https:\/\/analyse.optim.biz\/?p=2128308"},"modified":"2026-09-04T00:00:00","modified_gmt":"2026-09-03T21:00:00","slug":"olt-fermierii-ar-putea-avea-probleme-cu-depozitarea-recoltelor-de-floarea-soarelui-dupa-productiile-mari-de-cereale","status":"publish","type":"post","link":"https:\/\/analyse.optim.biz\/?p=2128308","title":{"rendered":"Olt: Fermierii ar putea avea probleme cu depozitarea recoltelor de floarea soarelui, dup\u0103 produc\u021biile mari de cereale"},"content":{"rendered":"<p>[analyse_image type=&#8221;featured&#8221; src=&#8221;https:\/\/agerpres.ro\/data\/202609\/20260904192854_167603.jpg&#8221;]<\/p>\n<div class=\"mx-auto pt-3\">\n<p><strong>Fermierii din jude\u021bul Olt ar putea avea probleme \u00een urm\u0103toarele dou\u0103 s\u0103pt\u0103m\u00e2ni cu depozitarea recoltelor de floarea soarelui, dup\u0103 ce bazele de depozitare au fost umplute cu gr\u00e2u \u0219i rapi\u021b\u0103, potrivit directorului Direc\u021biei Agricole Jude\u021bene (DAJ), Ion Dr\u0103goi.<\/strong><\/p>\n<p>&#8221;Problema cu depozitarea este c\u0103 a ajuns la capacitate, a\u0219a spun fermierii cu care am discutat, c\u0103 va fi o problem\u0103 cu depozitarea pentru c\u0103 silozurile sunt cam pline cu gr\u00e2u \u0219i rapi\u021b\u0103. Pentru c\u0103 fermierii le-au dus la baze, s-au \u00een\u021beles cu ei c\u00e2t e pre\u021bul \u0219i mai departe de la baze, trebuia s\u0103 vin\u0103 al\u021bi agen\u021bi economici s\u0103 preia (gr\u00e2u \u0219i rapi\u021b\u0103 &#8211; n.r.) \u0219i Dun\u0103rea e secat\u0103 \u0219i barjele sunt pe mal, la Constan\u021ba s-a aglomerat \u0219i acolo&#8221;, <strong>a declarat, pentru AGERPRES, Ion Dr\u0103goi<\/strong>.<\/p>\n<p>Reprezentantul DAJ Olt a men\u021bionat c\u0103 randamentele ob\u021binute de fermierii din jude\u021bul Olt anul acesta arat\u0103 c\u0103 &#8221;\u00een jude\u021b nu a fost secet\u0103&#8221;.<\/p>\n<p>P\u00e2n\u0103 \u00een prezent, produc\u021bia medie la hectar este de 2.728 de kilograme de semin\u021be de floarea soarelui, \u00eens\u0103 va cre\u0219te pe m\u0103sur\u0103 ce vor cre\u0219te suprafe\u021bele recoltate, estim\u00e2nd c\u0103 se va ajunge la o medie de 2.800-3.000 de kilograme pe hectar.<\/p>\n<p>&#8221;La floarea soarelui abia a \u00eenceput recoltarea, s-a recoltat pe 1.500-2.000 de hectare dar acum se lucreaz\u0103 masiv, \u00eentr-o s\u0103pt\u0103m\u00e2n\u0103, dou\u0103 se va \u00eencheia \u0219i vorbim de o suprafa\u021b\u0103 total\u0103 cultivat\u0103 cu 65.000 de hectare cu floarea soarelui. (&#8230;) Deci anul \u0103sta nu se poate vorbi de fenomenul secet\u0103, a plouat cantit\u0103\u021bi \u00eensemnate. \u0218i faptul \u0103sta se reflect\u0103 \u0219i \u00een produc\u021biile mult superioare anilor preceden\u021bi&#8221;, a ad\u0103ugat Dr\u0103goi.<\/p>\n<p>Pre\u021bul ob\u021binut de fermieri pentru un kilogram de floarea soarelui este \u00eentre 2,4 \u0219i 2,1 lei pe kilogram, ceea ce le va permite fermierilor s\u0103-\u0219i acopere costurile \u0219i chiar s\u0103 ob\u021bin\u0103 profit.<\/p>\n<p>&#8221;Pentru c\u0103 a fost produc\u021bie, chiar \u0219i la pre\u021burile acestea, fermierii \u00ee\u0219i vor acoperi costurile \u0219i vor r\u0103m\u00e2ne cu un profit ce \u0219i ce acolo, mai bun la rapi\u021b\u0103 \u0219i floarea-soarelui \u0219i mai pu\u021bin la gr\u00e2u. Dar la anul se pare c\u0103 vor fi \u0219i mai mari costurile&#8221;, a mai spus directorul DAJ Olt. AGERPRES\/(A &#8211; redactor: Cristina Matei, editor: George Onea, editor online: Gabriela Badea)\u00a0<\/p>\n<\/div>\n<div class=\"mx-auto pt-3\">\n                                Afisari: 262\n                            <\/div>\n<p>[analyse_source url=&#8221;https:\/\/agerpres.ro\/social\/2026\/09\/04\/olt-fermierii-ar-putea-avea-probleme-cu-depozitarea-recoltelor-de-floarea-soarelui-dupa-productiile&#8212;1590886&#8243;]<\/p>\n","protected":false},"excerpt":{"rendered":"<p>[analyse_image type=&#8221;featured&#8221; src=&#8221;https:\/\/agerpres.ro\/data\/202609\/20260904192854_167603.jpg&#8221;] Fermierii din jude\u021bul Olt ar putea avea probleme \u00een urm\u0103toarele dou\u0103 s\u0103pt\u0103m\u00e2ni cu depozitarea recoltelor de floarea soarelui, dup\u0103 ce bazele de depozitare au fost umplute cu gr\u00e2u \u0219i rapi\u021b\u0103, potrivit directorului Direc\u021biei Agricole Jude\u021bene (DAJ), Ion Dr\u0103goi. &#8221;Problema cu depozitarea este c\u0103 a ajuns la capacitate, a\u0219a spun fermierii cu care [&hellip;]<\/p>\n","protected":false},"author":1,"featured_media":0,"comment_status":"open","ping_status":"","sticky":false,"template":"","format":"standard","meta":{"footnotes":""},"categories":[2],"tags":[37,226],"class_list":["post-2128308","post","type-post","status-publish","format-standard","hentry","category-politics","tag-agerpres-ro","tag-crawlmanager"],"_links":{"self":[{"href":"https:\/\/analyse.optim.biz\/index.php?rest_route=\/wp\/v2\/posts\/2128308","targetHints":{"allow":["GET"]}}],"collection":[{"href":"https:\/\/analyse.optim.biz\/index.php?rest_route=\/wp\/v2\/posts"}],"about":[{"href":"https:\/\/analyse.optim.biz\/index.php?rest_route=\/wp\/v2\/types\/post"}],"author":[{"embeddable":true,"href":"https:\/\/analyse.optim.biz\/index.php?rest_route=\/wp\/v2\/users\/1"}],"replies":[{"embeddable":true,"href":"https:\/\/analyse.optim.biz\/index.php?rest_route=%2Fwp%2Fv2%2Fcomments&post=2128308"}],"version-history":[{"count":0,"href":"https:\/\/analyse.optim.biz\/index.php?rest_route=\/wp\/v2\/posts\/2128308\/revisions"}],"wp:attachment":[{"href":"https:\/\/analyse.optim.biz\/index.php?rest_route=%2Fwp%2Fv2%2Fmedia&parent=2128308"}],"wp:term":[{"taxonomy":"category","embeddable":true,"href":"https:\/\/analyse.optim.biz\/index.php?rest_route=%2Fwp%2Fv2%2Fcategories&post=2128308"},{"taxonomy":"post_tag","embeddable":true,"href":"https:\/\/analyse.optim.biz\/index.php?rest_route=%2Fwp%2Fv2%2Ftags&post=2128308"}],"curies":[{"name":"wp","href":"https:\/\/api.w.org\/{rel}","templated":true}]}}