{"id":2128274,"date":"2026-09-03T09:39:00","date_gmt":"2026-09-03T06:39:00","guid":{"rendered":"https:\/\/analyse.optim.biz\/?p=2128274"},"modified":"2026-09-03T09:39:00","modified_gmt":"2026-09-03T06:39:00","slug":"nicusor-dan-dupa-discutia-cu-presedintele-consiliului-european-romania-isi-doreste-un-buget-ue","status":"publish","type":"post","link":"https:\/\/analyse.optim.biz\/?p=2128274","title":{"rendered":"Nicu\u015for Dan, dup\u0103 discu\u0163ia cu pre\u015fedintele Consiliului European: &#8220;Rom\u00e2nia \u00ee\u015fi dore\u015fte un buget UE"},"content":{"rendered":"<p>[analyse_image type=&#8221;featured&#8221; src=&#8221;https:\/\/img.observatornews.ro\/?u=https%3A%2F%2Fobservatornews.ro%2Fuploads%2Fmodules%2Fnews%2F0%2F2026%2F9%2F3%2F665085%2Fid288876-inquam-photos-george-calin-61cd3f6b.jpg&amp;w=1200&amp;h=630&amp;c=1&#8243;]<\/p>\n<div class=\"articleBody\" data-key=\"articleBody\">\u015eeful statului a spus c\u0103 principalul subiect al dialogului cu pre\u015fedintele Consiliului European a fost negocierea viitorului buget al UE.<br \/>\n&#8220;Rom\u00e2nia \u015fi-a definit mare parte din pozi\u0163ie \u00een acel punct de vedere al acelor Prieteni ai Coeziunii&#8221;, a afirmat Nicu\u015for Dan.<br \/>\nAstfel, el a precizat c\u0103 \u0163ara noastr\u0103 pledeaz\u0103 pentru un buget &#8220;ambi\u0163ios&#8221;.<br \/>\n&#8220;Ne intereseaz\u0103 pilonul cu privire la competitivitate, \u0163intim reducerea decalajului \u00eentre \u0163\u0103rile europene&#8221;, a men\u0163ionat pre\u015fedintele, ad\u0103ug\u00e2nd c\u0103 Rom\u00e2nia \u00ee\u015fi dore\u015fte &#8220;o anumit\u0103 flexibilitate&#8221; \u00een ceea ce prive\u015fte birocra\u0163ia.<br \/>\nTotodat\u0103, Nicu\u015for Dan, a spus c\u0103 discu\u0163iile privind bugetul multianual al UE \u00ee\u015fi propun s\u0103 r\u0103spund\u0103 la \u00eentrebarea &#8220;cum putem \u00een interiorul celor 27 de state s\u0103 avem un compromis pe partea de cheltuieli \u015fi pe partea de venituri&#8221;.<\/p>\n<p>Cei doi au vorbit \u015fi despre \u00eenc\u0103lc\u0103rile spa\u0163iului aerian rom\u00e2n<\/p>\n<p>Recentele \u00eenc\u0103lc\u0103ri ale spa\u0163iului aerian rom\u00e2n, precum \u015fi incidentele \u00een care au fost implicate drone marine sunt &#8220;profund \u00eengrijor\u0103toare&#8221;, a declarat, joi, la Palatul Cotroceni, pre\u015fedintele Consiliului European, Antonio Costa.<br \/>\nDeclara\u0163ia a fost f\u0103cut\u0103 \u00een cadrul unei conferin\u0163e de pres\u0103 comune cu pre\u015fedintele Nicu\u015for Dan, \u00een contextul discu\u0163iilor privind securitatea Rom\u00e2niei.<br \/>\n&#8220;A\u015f vrea s\u0103 \u00eemi exprim aprecierea fa\u0163\u0103 de angajamentul puternic al Rom\u00e2niei de a ap\u0103ra securitatea european\u0103. Este clar pentru to\u0163i europenii c\u0103 securitatea noastr\u0103 comun\u0103 este str\u00e2ns legat\u0103 de securitatea grani\u0163ei de Est, inclusiv la Marea Neagr\u0103. Recentele \u00eenc\u0103lc\u0103ri ale spa\u0163iului aerian rom\u00e2n, dar \u015fi incidentele care au inclus drone marine sunt profund \u00eengrijor\u0103toare. Vom continua s\u0103 fim al\u0103turi de Rom\u00e2nia, \u00een mod ferm, deoarece \u00een\u0163elegem c\u0103 securitatea Rom\u00e2niei este securitatea Europei \u00een ansamblul s\u0103u. Unitatea noastr\u0103 \u00een sprijinirea Ucrainei nu va fi rupt\u0103 de \u00eencerc\u0103rile Rusiei de a ne intimida sau de a ne dezbina. Laud sprijinul statornic al Rom\u00e2niei pentru Ucraina. Trebuie s\u0103 fim uni\u0163i \u00een demersurile pentru o pace just\u0103 \u015fi durabil\u0103&#8221;, a afirmat Costa.<br \/>\nPre\u015fedintele Consiliului European \u015fi-a exprimat recuno\u015ftin\u0163a pentru &#8220;puternicul sprijin acordat de Rom\u00e2nia Moldovei \u00een parcursul s\u0103u c\u0103tre integrarea \u00een UE&#8221; \u015fi a ad\u0103ugat c\u0103 &#8220;fiecare extindere a f\u0103cut Europa mai puternic\u0103 politic \u015fi economic&#8221;. Antonio Costa a spus c\u0103 se a\u015fteapt\u0103 ca Rom\u00e2nia s\u0103 continue s\u0103 contribuie la solidaritatea european\u0103.<br \/>\n&#8220;Unitatea noastr\u0103 este cea mai mare putere pe care o avem, mai ales \u00een contextul situa\u0163iei politice actuale pline de provoc\u0103ri&#8221;, a ar\u0103tat pre\u015fedintele Consiliului European.\u00a0\n<\/p><\/div>\n<p>[analyse_source url=&#8221;https:\/\/observatornews.ro\/politic\/nicusor-dan-dupa-discutia-cu-presedintele-consiliului-european-romania-isi-doreste-un-buget-ue-ambitios-665085.html&#8221;]<\/p>\n","protected":false},"excerpt":{"rendered":"<p>[analyse_image type=&#8221;featured&#8221; src=&#8221;https:\/\/img.observatornews.ro\/?u=https%3A%2F%2Fobservatornews.ro%2Fuploads%2Fmodules%2Fnews%2F0%2F2026%2F9%2F3%2F665085%2Fid288876-inquam-photos-george-calin-61cd3f6b.jpg&amp;w=1200&amp;h=630&amp;c=1&#8243;] \u015eeful statului a spus c\u0103 principalul subiect al dialogului cu pre\u015fedintele Consiliului European a fost negocierea viitorului buget al UE. &#8220;Rom\u00e2nia \u015fi-a definit mare parte din pozi\u0163ie \u00een acel punct de vedere al acelor Prieteni ai Coeziunii&#8221;, a afirmat Nicu\u015for Dan. Astfel, el a precizat c\u0103 \u0163ara noastr\u0103 pledeaz\u0103 pentru un buget [&hellip;]<\/p>\n","protected":false},"author":1,"featured_media":0,"comment_status":"open","ping_status":"","sticky":false,"template":"","format":"standard","meta":{"footnotes":""},"categories":[2],"tags":[226,30],"class_list":["post-2128274","post","type-post","status-publish","format-standard","hentry","category-politics","tag-crawlmanager","tag-observatornews-ro"],"_links":{"self":[{"href":"https:\/\/analyse.optim.biz\/index.php?rest_route=\/wp\/v2\/posts\/2128274","targetHints":{"allow":["GET"]}}],"collection":[{"href":"https:\/\/analyse.optim.biz\/index.php?rest_route=\/wp\/v2\/posts"}],"about":[{"href":"https:\/\/analyse.optim.biz\/index.php?rest_route=\/wp\/v2\/types\/post"}],"author":[{"embeddable":true,"href":"https:\/\/analyse.optim.biz\/index.php?rest_route=\/wp\/v2\/users\/1"}],"replies":[{"embeddable":true,"href":"https:\/\/analyse.optim.biz\/index.php?rest_route=%2Fwp%2Fv2%2Fcomments&post=2128274"}],"version-history":[{"count":0,"href":"https:\/\/analyse.optim.biz\/index.php?rest_route=\/wp\/v2\/posts\/2128274\/revisions"}],"wp:attachment":[{"href":"https:\/\/analyse.optim.biz\/index.php?rest_route=%2Fwp%2Fv2%2Fmedia&parent=2128274"}],"wp:term":[{"taxonomy":"category","embeddable":true,"href":"https:\/\/analyse.optim.biz\/index.php?rest_route=%2Fwp%2Fv2%2Fcategories&post=2128274"},{"taxonomy":"post_tag","embeddable":true,"href":"https:\/\/analyse.optim.biz\/index.php?rest_route=%2Fwp%2Fv2%2Ftags&post=2128274"}],"curies":[{"name":"wp","href":"https:\/\/api.w.org\/{rel}","templated":true}]}}