{"id":2128253,"date":"2026-09-04T01:00:25","date_gmt":"2026-09-03T22:00:25","guid":{"rendered":"https:\/\/analyse.optim.biz\/?p=2128253"},"modified":"2026-09-04T01:00:25","modified_gmt":"2026-09-03T22:00:25","slug":"de-la-erou-de-razboi-la-dictator-filmul-transformarii-lui-antonescu-din-disident-in-conducator-si","status":"publish","type":"post","link":"https:\/\/analyse.optim.biz\/?p=2128253","title":{"rendered":"De la erou de r\u0103zboi la dictator. Filmul transform\u0103rii lui Antonescu din disident \u00een \u201eConduc\u0103tor\u201d \u0219i&#8230;"},"content":{"rendered":"<p>[analyse_image type=&#8221;featured&#8221; src=&#8221;https:\/\/cdn.adh.reperio.news\/image-1\/184aca76-0c3d-4312-889b-b7db55a34ee4\/index.png?p=f%3Djpeg%26w%3D1200%26h%3D630%26r%3Dcover&#8221;]<\/p>\n<article class=\"svelte-x63bga\">\n<nav>\n<ul class=\"breadcrump svelte-1pk9a69\">\n<li class=\"svelte-1pk9a69\"><a href=\"https:\/\/adevarul.ro\/\" title=\"Adev\u0103rul\" class=\"svelte-1pk9a69\">Home<\/a><\/li>\n<li class=\"svelte-1pk9a69\"><a href=\"https:\/\/adevarul.ro\/stil-de-viata\" class=\"svelte-1pk9a69\">Stil de via\u021b\u0103<\/a><\/li>\n<li class=\"svelte-1pk9a69\"><a href=\"https:\/\/adevarul.ro\/stil-de-viata\/magazin\" class=\"svelte-1pk9a69\">Magazin<\/a><\/li>\n<li class=\"svelte-1pk9a69\"><a href=\"https:\/\/adevarul.ro\/stil-de-viata\/magazin\/de-la-erou-de-razboi-la-dictator-filmul-2553469.html\" class=\"svelte-1pk9a69\">De la erou de r\u0103zboi la dictator. Filmul transform\u0103rii lui Antonescu din disident \u00een \u201eConduc\u0103tor\u201d \u0219i motivul du\u0219m\u0103niei dintre mare\u0219al \u0219i Carol al II-lea<\/a><\/li>\n<\/ul>\n<\/nav>\n<p><main class=\"svelte-x63bga\"><\/p>\n<p>Pe data de 4 septembrie a anului 1940, Carol al II lea, \u00eel punea \u00een fruntea Guvernului pe du\u0219manul s\u0103u de moarte, generalul Ion Antonescu. Erou de r\u0103zboi, acesta s-a transformat \u00een mai pu\u021bin de 24 de ore \u00een dictator. Alegerea lui Antonescu a fost impus\u0103 \u0219i din exterior.<\/p>\n<div class=\"container-image  svelte-1xbw4f3\"><source type=\"image\/webp\" srcset=\"https:\/\/cdn.adh.reperio.news\/image-1\/184aca76-0c3d-4312-889b-b7db55a34ee4\/index.png?p=a%3D1%26co%3D1.05%26w%3D1400%26h%3D750%26r%3Dcontain%26f%3Dwebp 1400w\" media=\"(min-width: 1400px)\" \/><\/p>\n<div class=\"caption svelte-1xbw4f3\"><span class=\"captionText svelte-1xbw4f3\">Generalul Ion Antonescu <span class=\"source svelte-1xbw4f3\">Foto: Wikipedia<\/span><\/span><\/div>\n<\/div>\n<p>Pe data de 4 septembrie 1940, regele Rom\u00e2niei, Carol al II-lea, demitea guvernul condus de Ion Gigurtu \u0219i \u00eel numea pe generalul Ion Antonescu ca prim-ministru. Pe 5 septembrie, acela\u0219i Antonescu era \u00eenvestit cu \u201edepline puteri pentru conducerea statului\u201d. Pe 6 septembrie, la 48 de ore de la numirea sa \u00een fruntea Guvernului, generalul Antonescu l-a constr\u00e2ns pe regele Carol al II-lea s\u0103 abdice \u00een favoarea fiului s\u0103u, Mihai, prelu\u00e2nd ulterior controlul dictatorial asupra statului sub titlul de \u201eConduc\u0103tor\u201d. <\/p>\n<p>Practic, o dictatur\u0103 \u00eenlocuia pe alta, iar un general erou de r\u0103zboi se transforma aproape peste noapte din om providen\u021bial \u00een dictator. Cum a ajuns generalul Ion Antonescu la putere \u00een toamna lui 1940? Mai ales \u00een contextul \u00een care Carol al II-lea dorea s\u0103-l vad\u0103 mort? Cine l-a sus\u021binut \u0219i de ce? R\u0103spunsurile pot fi g\u0103site \u00een situa\u021bia geopolitic\u0103 a perioadei, dar \u0219i \u00een situa\u021bia disperat\u0103 \u00een care se g\u0103sea Rom\u00e2nia la acel moment.<\/p>\n<h2>Ion Antonescu \u0219i Carol al II-lea \u2013 o du\u0219m\u0103nie f\u0103\u021bi\u0219\u0103<\/h2>\n<p>\u00cen Rom\u00e2nia anilor &#8217;30, generalul Ion Antonescu se bucura de reputa\u021bia unui adev\u0103rat erou de r\u0103zboi \u0219i a unui militar de carier\u0103 extrem de capabil. N\u0103scut \u00een 1882, la Pite\u0219ti, \u00eentr-o familie de militari de carier\u0103, t\u00e2n\u0103rul Ion Antonescu a urmat cele mai \u00eenalte \u0219coli militare, respect\u00e2nd tradi\u021bia str\u0103mo\u0219ilor s\u0103i. A avut rezultate impresionante \u00een timpul studiilor, iar \u00een anul 1913, \u00een timpul Primului R\u0103zboi Balcanic, Antonescu era numit c\u0103pitan-\u0219ef al Biroului de Opera\u021bii la Statul Major al Diviziei 1 Cavalerie. \u00cen aceea\u0219i perioad\u0103, prime\u0219te \u201eVirtutea Militar\u0103\u201d.<\/p>\n<p>Momentele de glorie ale lui <a href=\"https:\/\/adevarul.ro\/stiri-interne\/evenimente\/ion-antonescu-cea-mai-controversata-personalitate-2234800.html\">Ion Antonescu<\/a> s-au consumat \u00een timpul Primului R\u0103zboi Mondial. Fiind un t\u00e2n\u0103r ofi\u021ber foarte capabil, este numit \u0219ef al Biroului Opera\u021bii al Corpului 4 Armat\u0103, iar mai apoi al Grupului de Armate comandat de generalul Prezan \u0219i, \u00een cele din urm\u0103, \u0219ef al Biroului de Opera\u021bii la Marele Cartier General \u00een 1918. Se spune c\u0103 Antonescu a conceput planurile pentru b\u0103t\u0103lia de la M\u0103r\u0103\u0219e\u0219ti, decisiv\u0103 pentru soarta Rom\u00e2niei. Pentru contribu\u021bia sa din Primul R\u0103zboi Mondial, fiind inclusiv r\u0103nit \u00een timpul luptelor, Antonescu a fost decorat cu \u201eOrdinul Mihai Viteazul\u201d.<\/p>\n<p>A avut parte, \u00een perioada interbelic\u0103, de o carier\u0103 militar\u0103 fulminant\u0103. R\u00e2nd pe r\u00e2nd, este numit comandant al \u0218colii Speciale de Cavalerie de la T\u00e2rgovi\u0219te, apoi ata\u0219at militar la Paris \u0219i Londra. \u00cen 1937, Ion Antonescu era deja general de divizie.<\/p>\n<p>Cu toate acestea, a avut o rela\u021bie defectuoas\u0103 cu regele Carol al II-lea, cel care visa la un soi de \u201eabsolutism luminat\u201d \u00een Rom\u00e2nia anilor &#8217;30. Totul a pornit de la un plan de reorganizare \u0219i modernizare total\u0103 a armatei rom\u00e2ne. Iar acel plan deranjase camarila \u0219i \u00eentreg sistemul de pile \u0219i nepotisme sus\u021binut de aceasta.<\/p>\n<p>Mai precis, \u00een 1933, Carol al II-lea propune un program de redresare a armatei, despre care Antonescu preciza c\u0103 se afl\u0103 \u00een stare grav\u0103, cu armament \u00eenvechit, cu cadre neinstruite suficient \u0219i lips\u0103 de echipament. Carol al II-lea \u00eel ascult\u0103 \u0219i, aparent, este de acord cu planul s\u0103u. Dar, ulterior, a \u00eenceput s\u0103 deranjeze cercurile de interes de la Palat.<\/p>\n<p><i>\u201eOperativitatea cu care a trecut Ion Antonescu la \u00eenl\u0103turarea conservatorismului din armat\u0103, intransigen\u021ba, \u00eenc\u0103p\u0103\u021b\u00e2narea am putea spune cu care s-a b\u0103tut pentru schimbarea imaginii institu\u021biei ost\u0103\u0219e\u0219ti, au pus \u00een mi\u0219care ma\u0219in\u0103ria urzelilor. Pornite din partea b\u0103tr\u00e2nului general de corp de armat\u0103 adjutant Paul Angelescu, ministru al Armamentului, implicat, de altfel, ca \u0219i ministrul de atunci al ap\u0103r\u0103rii na\u021bionale, N. Uic\u0103, \u00een afaceri oneroase cu banul public, pe seama achizi\u021bion\u0103rii de armament \u0219i tehnic\u0103 de lupt\u0103 pentru dotarea armatei, intrigile au ajuns p\u00e2n\u0103 la Palatul Regal. Carol al II-lea, care nici el nu era str\u0103in de afacerea Skoda \u0219i alte comenzi de furnituri militare ob\u021binute cu mare u\u0219urin\u021b\u0103 de unele societ\u0103\u021bi la care el era ac\u021bionar, sau ai c\u0103ror patroni \u0219i administratori se \u00eenv\u00e2rteau \u00een jurul budoarelor de la Palat<\/i>\u201d, preciza comandor (r) Prof. univ. dr. Jipa Rotaru \u00een \u201eCarol al II-lea \u0219i Antonescu\u201d, pentru Revista Art-Emis Academy.<\/p>\n<p>\u00cen scurt timp, Antonescu \u0219i-a dat demisia, tocmai pentru a nu fi dat afar\u0103. Acuza calomnii \u0219i intrigi din partea camarilei regale.<\/p>\n<p><i>\u201eNeput\u00e2nd fi dobor\u00e2t prin nepriceperea, prin neactivitatea \u0219i prin faptele mele, s-a recurs la eterna \u0219i clasica mi\u0219elie: s-a recurs la calomnie \u0219i la intrig\u0103&#8230; Intriga \u0219i ac\u021biunea de surpare care \u00ee\u0219i urma cursul f\u0103r\u0103 ru\u0219ine \u0219i f\u0103r\u0103 piedici au culminat prin insinuarea de \u201ecomplot&#8221; \u00eempotriva Regelui\u201d<\/i>, preciza Antonescu \u00een jurnalul s\u0103u.<\/p>\n<p>Se pare c\u0103 generalii Paul Angelescu \u0219i Uic\u0103 au fost cei care au avansat ideea c\u0103 Antonescu preg\u0103tea un complot \u00eempotriva lui Carol al II-lea. Ulterior, regele Carol al II-lea \u00eel va acuza pe Antonescu de colaborare cu legionarii \u0219i \u00eei va impune domiciliu obligatoriu.<\/p>\n<p>Rela\u021bia dintre cei doi se deterioreaz\u0103 \u0219i mai mult dup\u0103 ce Antonescu p\u0103r\u0103se\u0219te domiciliul obligatoriu \u0219i se \u00eent\u00e2lne\u0219te cu regele pentru a-i repro\u0219a cedarea f\u0103r\u0103 lupt\u0103 a Basarabiei \u0219i Bucovinei de Nord, pe 27-28 iunie. Lezat, Carol al II-lea a ordonat arestarea \u0219i internarea lui Ion Antonescu la M\u0103n\u0103stirea Bistri\u021ba din Oltenia. Antonescu \u00ee\u0219i d\u0103 demisia din armat\u0103 pe 12 iulie 1940.<\/p>\n<p><a class=\"related-inline svelte-78g0vl\" data-gtrack=\"{&quot;event&quot;:&quot;utm_click&quot;,&quot;data&quot;:{&quot;event_category&quot;:&quot;article_related&quot;}}\" href=\"https:\/\/adevarul.ro\/stil-de-viata\/cultura\/orasul-macelului-pogromul-din-bucuresti-2504907.html\" title=\"Alt articol de interes pentru tine\"><span class=\"inline-title svelte-78g0vl\">\u201eOra\u0219ul m\u0103celului\u201c. Pogromul din Bucure\u0219ti, ultimul act al Statului Na\u021bional-Legionar: \u201eCum s\u0103 identifici \u00een abatorul \u0103sta infernal un chip familiar?\u201c<\/span><\/a><\/p>\n<h2>\u00cent\u00e2lnirea de la \u201eBerbec\u201d \u0219i apari\u021bia \u201eomului providen\u021bial\u201d<\/h2>\n<p>Dup\u0103 data de 1 iulie 1940, Antonescu ajunsese un paria. Demisionar dup\u0103 12 iulie, acesta p\u0103rea compromis \u0219i chiar \u00een pericol de a fi eliminat, a\u0219a cum mai f\u0103cuse Carol al II-lea \u0219i cu alte personaje, anterior. De exemplu, Corneliu Zelea Codreanu. Norocul lui Antonescu, dac\u0103 se poate spune a\u0219a ceva, era dezastrul politic prin care trecea Rom\u00e2nia. Practic, \u00een doar trei luni, Rom\u00e2nia Mare \u00eencetase s\u0103 mai existe. Ru\u0219ii au luat Basarabia \u0219i Bucovina de Nord, ungurii \u2013 Transilvania de Nord-Vest, iar bulgarii \u2013 Cadrilaterul. \u0218i toate acestea \u00een timp ce oamenii lui Carol al II-lea se gudurau f\u0103r\u0103 rost pe l\u00e2ng\u0103 liderii Axei. O atitudine josnic\u0103, mai ales prin cedarea f\u0103r\u0103 lupt\u0103 a provinciilor rom\u00e2ne\u0219ti, care a \u0219ocat opinia public\u0103 \u0219i a strecurat un sentiment profund de ru\u0219ine \u00een r\u00e2ndul militarilor.<\/p>\n<p>\u00cen acest context, era clar c\u0103 regele Carol al II-lea \u0219i camarilla sa, plus \u00eentreaga re\u021bea de cuno\u0219tin\u021be, pile \u0219i rela\u021bii a camarilei, trebuiau s\u0103 plece. Era nevoie de un om providen\u021bial. Antonescu p\u0103rea s\u0103 \u00eendeplineasc\u0103 criteriile: erou de r\u0103zboi, militar cu o carier\u0103 fulminant\u0103, adversar al regelui Carol al II-lea. De altfel, Dictatul de la Viena i-a f\u0103cut pe oamenii politici rom\u00e2ni s\u0103 ac\u021bioneze.<\/p>\n<p>Cel care l-a scos din p\u0103l\u0103rie pe Antonescu a fost chiar Iuliu Maniu, frunta\u0219ul \u021b\u0103r\u0103ni\u0219tilor. Pe 2 septembrie 1940, la restaurantul \u201eBerbec\u201d, Iuliu Maniu se \u00eent\u00e2lne\u0219te cu Ion Antonescu. Iuliu Maniu avea oarecare rezerve \u00een privin\u021ba lui Antonescu, dar considera c\u0103, la acel moment, nu exista om mai potrivit.<\/p>\n<p><i>\u201eEste un om prea ambi\u021bios \u0219i nestatornic \u00een idei, a zis Maniu, pentru a pune baz\u0103 pe cuv\u00e2ntul lui; de un singur lucru sunt sigur de el, de ura lui fa\u021b\u0103 de Carol, care l-a umilit \u0219i l-a atins \u00een m\u00e2ndria lui, trebuie s\u0103 ne folosim \u00eens\u0103 de oricine ca s\u0103 sc\u0103p\u0103m \u021bara de nelegiuitul de Carol\u201d<\/i>, preciza Ion Hudi\u021b\u0103, membru marcant al PN\u021a, relat\u00e2nd \u00een memoriile sale p\u0103rerea lui Maniu despre Antonescu.<\/p>\n<p>Carol al II-lea nici nu se g\u00e2ndea la abdicare. Dar a ajuns \u00een situa\u021bia grozav de incomod\u0103 de a-l pune \u0219ef al Guvernului tocmai pe cel care-l mazilise de ani buni. Pe du\u0219manul s\u0103u de moarte, Ion Antonescu. Culmea, a fost convins s\u0103-l numeasc\u0103 pe Antonescu de Valeriu Pop, un om apropiat al camarilei. Regele se \u00eemb\u0103ta cu ap\u0103 rece \u0219i credea c\u0103 generalul \u00eei va fi loial \u0219i c\u0103, \u00een felul acesta, vor da uit\u0103rii toate neajunsurile. S-a \u00een\u0219elat amarnic.<\/p>\n<h2>\u0218i nem\u021bii l-au vrut pe Antonescu\u2026<\/h2>\n<p>Odat\u0103 cu numirea lui Antonescu ca \u0219ef al Guvernului, Carol al II-lea \u0219i-a t\u0103iat craca de sub picioare. Ba i-a dat \u0219i puteri discre\u021bionare. Antonescu era sus\u021binut \u0219i de nem\u021bi. Hitler \u00ee\u0219i dorea ca, la un moment dat, s\u0103 declan\u0219eze invazia URSS \u0219i avea nevoie de Rom\u00e2nia, sau, mai precis, de pozi\u021bia \u0219i resursele sale. A\u0219a c\u0103 Antonescu era v\u0103zut ca acel militar cu m\u00e2n\u0103 forte, care ar fi \u00eendreptat Rom\u00e2nia de partea Axei.<\/p>\n<p><a class=\"related-inline svelte-78g0vl\" data-gtrack=\"{&quot;event&quot;:&quot;utm_click&quot;,&quot;data&quot;:{&quot;event_category&quot;:&quot;article_related&quot;}}\" href=\"https:\/\/adevarul.ro\/istoria-zilei\/4-aprilie-ziua-primului-bombardament-al-aviatiei-2519088.html\" title=\"Alt articol de interes pentru tine\"><span class=\"inline-title svelte-78g0vl\">4 aprilie, ziua primului bombardament al avia\u021biei anglo-americane asupra Bucure\u0219tiului. \u00cen 1949 ap\u0103rea NATO<\/span><\/a><\/p>\n<p><i>\u201eGeneralul era cunoscut ca un militar de \u00eenalt\u0103 competen\u021b\u0103, incoruptibil \u0219i adversar \u00eenver\u0219unat al regelui Carol \u0219i al camarilei sale. Toate aceste calit\u0103\u021bi \u00eel recomandau \u0219i aten\u021biei Berlinului, interesat, \u00een acel moment mai mult dec\u00e2t oric\u00e2nd, ca \u00een Rom\u00e2nia s\u0103 conduc\u0103 un om de m\u00e2n\u0103 forte\u201d,<\/i> preciza Florin Constantiniu \u00een \u201eO istorie sincer\u0103 a poporului rom\u00e2n\u201d.<\/p>\n<p>\u00cen plus, cel care a garantat nem\u021bilor pentru Antonescu (cunoscut pentru misiunile sale din Anglia \u0219i Fran\u021ba) a fost mare\u0219alul Constantin Prezan. Cu sprijin din partea oamenilor politici rom\u00e2ni, a G\u0103rzii de Fier, dar \u0219i a Germaniei Naziste, Antonescu a trecut la ac\u021biune. L-a somat pe suveran s\u0103 abdice. Carol al II-lea a ordonat asasinarea lui Antonescu.<\/p>\n<p><i>\u201eP\u00e2n\u0103 \u00een ultima clip\u0103, regele s-a ag\u0103\u021bat cu disperare de tron, \u00eencerc\u00e2nd \u00eenl\u0103turarea \u0219i chiar asasinarea lui Antonescu, abia desemnat prim-ministru, dar care se ar\u0103tase ne\u00eenduplecat \u00een privin\u021ba abdic\u0103rii. \u00cencurajat de c\u00e2\u021biva generali, du\u0219mani de moarte ai \u201ec\u00e2inelui ro\u0219u\u201d (cum era poreclit Antonescu, din cauza severit\u0103\u021bii \u0219i a p\u0103rului s\u0103u ro\u0219cat), regele a f\u0103cut apel la generalul D. Coroam\u0103, comandantul diviziei de gard\u0103 regal\u0103, pentru a-i da consemnul de eliminare a premierului incomod: \u201eArmata care a l\u0103sat s\u0103 fie cotropit teritoriul nostru f\u0103r\u0103 a trage un foc va refuza s\u0103 trag\u0103 asupra generalului Antonescu. Chiar eu voi refuza s\u0103 dau ordin \u00een acest sens\u201d,<\/i> a replicat generalul. Soarta lui Carol era acum pecetluit\u0103\u201d, ad\u0103uga Florin Constantiniu.<\/p>\n<p>\u00cen plus, avertiza\u021bi de planurile lui<a href=\"https:\/\/adevarul.ro\/stil-de-viata\/magazin\/carol-al-ii-lea-si-iubirile-patimase-care-i-au-2305028.html\"> Carol al II-lea,<\/a> nem\u021bii intervin \u0219i trimit mesaje diplomatice. Carol al II-lea a abdicat \u00een favoarea fiului s\u0103u, Mihai I. \u0218ef al statului r\u0103m\u0103sese \u00eens\u0103 Antonescu.<\/p>\n<p>De altfel, cu o zi \u00eenainte de a abdica, pe 5 septembrie 1940, Carol al II-lea semna decretul-lege prin care Antonescu suspenda Constitu\u021bia din 1938 \u0219i dizolva Parlamentul. Prin aceste m\u0103suri, Antonescu a preluat deplinele puteri \u00een stat, desfiin\u021b\u00e2nd separarea puterilor \u0219i pun\u00e2nd bazele regimului s\u0103u dictatorial.<\/p>\n<p>Pe 14 septembrie 1940, Rom\u00e2nia a fost proclamat\u0103 \u201eStat Na\u021bional-Legionar\u201d, iar Antonescu a devenit oficial \u201eConduc\u0103torul Statului\u201d. Din erou de r\u0103zboi \u0219i om providen\u021bial, Antonescu devenise un dictator.<\/p>\n<p><\/main><\/p>\n<footer class=\"svelte-x63bga\">\n<div class=\"related-wrap related-footer svelte-78g0vl\"><span class=\"related-label svelte-78g0vl\">Cite\u0219te \u0219i<\/span><a class=\"related svelte-78g0vl\" data-gtrack=\"{&quot;event&quot;:&quot;utm_click&quot;,&quot;data&quot;:{&quot;event_category&quot;:&quot;article_related&quot;}}\" href=\"https:\/\/adevarul.ro\/stil-de-viata\/magazin\/ce-a-insemnat-23-august-1944-pentru-istoria-2551392.html\" title=\"Alt articol de interes pentru tine\"><img decoding=\"async\" class=\"thumb svelte-78g0vl\" src=\"https:\/\/cdn.adh.reperio.news\/image-f\/f210c09e-5035-49cd-8b1a-53c8ab786475\/index.jpeg?p=f%3Dwebp%26w%3D120%26h%3D80%26r%3Dcover%26a%3D0\" alt loading=\"lazy\" width=\"80\" height=\"54\"><span class=\"title svelte-78g0vl\">Ce a \u00eensemnat 23 august 1944 pentru istoria Rom\u00e2niei \u0219i a Europei. Cum \u0219i-au \u00eensu\u0219it comuni\u0219tii acest moment crucial al istoriei na\u021bionale<\/span><\/a><\/div>\n<div class=\"meta svelte-x63bga\">\n<div class=\"authors svelte-x63bga\"><span class=\"names svelte-x63bga\"><a href=\"https:\/\/adevarul.ro\/author\/1248\" rel=\"author\" class=\"svelte-x63bga\">Cosmin P\u0103tra\u015fcu Zamfirache<\/a><\/span><\/p>\n<div class=\"_hydratable\" data-props=\"%7B%22showLive%22%3Atrue%7D\" data-context=\"%7B%22parentBlockColumnCount%22%3A%7B%22value%22%3A0%2C%22type%22%3A%22store%2Freadable%22%7D%2C%22parentBlockBackgroundColor%22%3A%7B%22type%22%3A%22store%2Freadable%22%7D%7D\" data-component=\"ShareButton\">\n<div class=\"shareButtons svelte-itwbrr\">\n<div class=\"liveSessions metaFont svelte-1maxmbf\"><span class=\"value svelte-1maxmbf\">1<\/span> live <\/div>\n<\/div>\n<\/div>\n<\/div>\n<div class=\"tags svelte-1l3vwp1\"><span class=\"tags-label metaFont svelte-1l3vwp1\">Cite\u0219te mai multe despre<\/span><\/p>\n<div class=\"tags-list svelte-1l3vwp1\"><a href=\"https:\/\/adevarul.ro\/tag\/iuliu%20maniu\" title=\"Ultimele \u0219tiri despre iuliu maniu\" class=\"tag-pill svelte-1l3vwp1\">iuliu maniu<\/a><a href=\"https:\/\/adevarul.ro\/tag\/ion%20antonescu\" title=\"Ultimele \u0219tiri despre ion antonescu\" class=\"tag-pill svelte-1l3vwp1\">ion antonescu<\/a><a href=\"https:\/\/adevarul.ro\/tag\/carol%20al%20ii%20lea\" title=\"Ultimele \u0219tiri despre carol al ii lea\" class=\"tag-pill svelte-1l3vwp1\">carol al ii lea<\/a><\/div>\n<\/div>\n<\/div>\n<p><a class=\"moreFromCategory svelte-x63bga\" href=\"https:\/\/adevarul.ro\/stil-de-viata\/magazin\" title=\"Magazin\">Mai multe din <strong class=\"svelte-x63bga\">Magazin<\/strong> \u203a<\/a><\/footer>\n<\/article>\n<p>[analyse_source url=&#8221;https:\/\/adevarul.ro\/stil-de-viata\/magazin\/de-la-erou-de-razboi-la-dictator-filmul-2553469.html&#8221;]<\/p>\n","protected":false},"excerpt":{"rendered":"<p>[analyse_image type=&#8221;featured&#8221; src=&#8221;https:\/\/cdn.adh.reperio.news\/image-1\/184aca76-0c3d-4312-889b-b7db55a34ee4\/index.png?p=f%3Djpeg%26w%3D1200%26h%3D630%26r%3Dcover&#8221;] Home Stil de via\u021b\u0103 Magazin De la erou de r\u0103zboi la dictator. Filmul transform\u0103rii lui Antonescu din disident \u00een \u201eConduc\u0103tor\u201d \u0219i motivul du\u0219m\u0103niei dintre mare\u0219al \u0219i Carol al II-lea Pe data de 4 septembrie a anului 1940, Carol al II lea, \u00eel punea \u00een fruntea Guvernului pe du\u0219manul s\u0103u de moarte, generalul [&hellip;]<\/p>\n","protected":false},"author":1,"featured_media":0,"comment_status":"open","ping_status":"","sticky":false,"template":"","format":"standard","meta":{"footnotes":""},"categories":[89],"tags":[19,226],"class_list":["post-2128253","post","type-post","status-publish","format-standard","hentry","category-romania","tag-adevarul","tag-crawlmanager"],"_links":{"self":[{"href":"https:\/\/analyse.optim.biz\/index.php?rest_route=\/wp\/v2\/posts\/2128253","targetHints":{"allow":["GET"]}}],"collection":[{"href":"https:\/\/analyse.optim.biz\/index.php?rest_route=\/wp\/v2\/posts"}],"about":[{"href":"https:\/\/analyse.optim.biz\/index.php?rest_route=\/wp\/v2\/types\/post"}],"author":[{"embeddable":true,"href":"https:\/\/analyse.optim.biz\/index.php?rest_route=\/wp\/v2\/users\/1"}],"replies":[{"embeddable":true,"href":"https:\/\/analyse.optim.biz\/index.php?rest_route=%2Fwp%2Fv2%2Fcomments&post=2128253"}],"version-history":[{"count":0,"href":"https:\/\/analyse.optim.biz\/index.php?rest_route=\/wp\/v2\/posts\/2128253\/revisions"}],"wp:attachment":[{"href":"https:\/\/analyse.optim.biz\/index.php?rest_route=%2Fwp%2Fv2%2Fmedia&parent=2128253"}],"wp:term":[{"taxonomy":"category","embeddable":true,"href":"https:\/\/analyse.optim.biz\/index.php?rest_route=%2Fwp%2Fv2%2Fcategories&post=2128253"},{"taxonomy":"post_tag","embeddable":true,"href":"https:\/\/analyse.optim.biz\/index.php?rest_route=%2Fwp%2Fv2%2Ftags&post=2128253"}],"curies":[{"name":"wp","href":"https:\/\/api.w.org\/{rel}","templated":true}]}}