{"id":2128142,"date":"2026-09-03T09:25:17","date_gmt":"2026-09-03T06:25:17","guid":{"rendered":"https:\/\/analyse.optim.biz\/?p=2128142"},"modified":"2026-09-03T09:25:17","modified_gmt":"2026-09-03T06:25:17","slug":"sorin-grindeanu-acuza-usr-de-tradare-in-parlamentul-european-o-haita-de-bezmetici","status":"publish","type":"post","link":"https:\/\/analyse.optim.biz\/?p=2128142","title":{"rendered":"Sorin Grindeanu acuz\u0103 USR de tr\u0103dare \u00een Parlamentul European: O hait\u0103 de bezmetici"},"content":{"rendered":"<p>[analyse_image type=&#8221;featured&#8221; src=&#8221;https:\/\/60m.ro\/wp-content\/uploads\/2026\/09\/sorin-grindeanu_7QehN.webp&#8221;]<\/p>\n<div class=\"articleBody\" data-key=\"articleBody\">\nSorin Grindeanu, liderul PSD, scrie pe Facebook c\u0103\u00a0USR\u00a0prefer\u0103 s\u0103 tr\u0103deze Rom\u00e2nia dec\u00e2t s\u0103 accepte debarcarea lui Dominic Fritz de la Prim\u0103ria Timi\u0219oara, chiar dac\u0103 edilul a fost condamnat definitic de \u00ceCCJ pentru conflict de interese.<\/p>\n<p>Sorin Grindeanu: Useri\u0219tii nu au nicio limit\u0103<\/p>\n<p>&#8220;Pentru a face scut \u00een jurul unui condamnat, USR \u00ee\u0219i tr\u0103deaz\u0103 \u021bara! A trecut o linie a iresponsabilit\u0103\u021bii politice pe care niciun partid rom\u00e2nesc nu ar trebui s\u0103 o \u00eencalce.<\/p>\n<p>Grupul Renew, din care face parte USR, a \u00eencercat s\u0103 impun\u0103 \u00een Comisia LIBE din Parlamentul European o rezolu\u021bie care s\u0103 pun\u0103 sub semnul \u00eentreb\u0103rii respectarea statului de drept \u00een Rom\u00e2nia. O rezolu\u021bie care ar fi putut ajunge \u00een plenul Parlamentului European, dac\u0103 vocea ra\u021biunii nu ar fi primat p\u00e2n\u0103 la final.<\/p>\n<p>Social-democra\u021bii europeni au fost de la \u00eenceput al\u0103turi de noi, iar rezolu\u021bia a fost un e\u0219ec. Inclusiv PPE \u0219i-a schimbat decizia, chiar \u00een ultimul moment. R\u00e2nd pe r\u00e2nd, minciunile useri\u0219tilor \u0219i ale altor tr\u0103d\u0103tori de dreapta au fost contracarate cu argumente.<\/p>\n<p>C\u00e2nd investi\u021biile str\u0103ine au sc\u0103zut deja cu 80% sub mandatul lui Bolojan, ce semnal ar fi dat o astfel de rezolu\u021bie despre \u021bara noastr\u0103?!<\/p>\n<p>Useri\u0219tii \u00eens\u0103 nu au nicio limit\u0103. Au vrut s\u0103 foloseasc\u0103 \u021bara ca arm\u0103 \u00een propriul r\u0103zboi politic. C\u00e2nd ajungi s\u0103 pui sub semnul \u00eentreb\u0103rii statul de drept din Rom\u00e2nia, afectezi credibilitatea noastr\u0103 \u00een fa\u021ba partenerilor externi.<\/p>\n<p>Fritz nu este Rom\u00e2nia! Este doar un politician condamnat printr-o decizie definitiv\u0103 a instan\u021bei.<\/p>\n<p>USR: O hait\u0103 de bezmetici<\/p>\n<p>USR nu este Rom\u00e2nia! Sunt doar o hait\u0103 de bezmetici tr\u0103d\u0103tori care sacrific\u0103 interesele Rom\u00e2niei \u0219i banii europeni pentru a-\u0219i conserva scaunele.<\/p>\n<p>S\u0103 \u00ee\u021bi folose\u0219ti imaginea \u021b\u0103rii ca moned\u0103 de schimb pentru a face presiune intern\u0103 este dovada suprem\u0103 a lipsei de coloan\u0103 vertebral\u0103, pe care rom\u00e2nii o vor putea sanc\u021biona la vot!<\/p>\n<p>P\u00e2n\u0103 atunci, r\u0103m\u00e2ne cum am spus: PSD se va bate cu ace\u0219ti tr\u0103d\u0103tori peste tot! Pentru c\u0103 fiecare zi cu ei la putere \u00eenseamn\u0103 \u00eenc\u0103 o zi care \u00eengreuneaz\u0103 traiul rom\u00e2nilor, \u00eenc\u0103 o zi \u00een care economia este pulverizat\u0103 \u0219i justi\u021bia atacat\u0103!&#8221;, scrie Sorin Grindeanu pe Facebook.<\/p>\n<\/div>\n<p>[analyse_source url=&#8221;https:\/\/60m.ro\/sorin-grindeanu-acuza-usr-de-tradare-in-parlamentul-european-o-haita-de-bezmetici\/&#8221;]<\/p>\n","protected":false},"excerpt":{"rendered":"<p>[analyse_image type=&#8221;featured&#8221; src=&#8221;https:\/\/60m.ro\/wp-content\/uploads\/2026\/09\/sorin-grindeanu_7QehN.webp&#8221;] Sorin Grindeanu, liderul PSD, scrie pe Facebook c\u0103\u00a0USR\u00a0prefer\u0103 s\u0103 tr\u0103deze Rom\u00e2nia dec\u00e2t s\u0103 accepte debarcarea lui Dominic Fritz de la Prim\u0103ria Timi\u0219oara, chiar dac\u0103 edilul a fost condamnat definitic de \u00ceCCJ pentru conflict de interese. Sorin Grindeanu: Useri\u0219tii nu au nicio limit\u0103 &#8220;Pentru a face scut \u00een jurul unui condamnat, USR \u00ee\u0219i [&hellip;]<\/p>\n","protected":false},"author":1,"featured_media":0,"comment_status":"open","ping_status":"","sticky":false,"template":"","format":"standard","meta":{"footnotes":""},"categories":[89],"tags":[100,226],"class_list":["post-2128142","post","type-post","status-publish","format-standard","hentry","category-romania","tag-60m-ro","tag-crawlmanager"],"_links":{"self":[{"href":"https:\/\/analyse.optim.biz\/index.php?rest_route=\/wp\/v2\/posts\/2128142","targetHints":{"allow":["GET"]}}],"collection":[{"href":"https:\/\/analyse.optim.biz\/index.php?rest_route=\/wp\/v2\/posts"}],"about":[{"href":"https:\/\/analyse.optim.biz\/index.php?rest_route=\/wp\/v2\/types\/post"}],"author":[{"embeddable":true,"href":"https:\/\/analyse.optim.biz\/index.php?rest_route=\/wp\/v2\/users\/1"}],"replies":[{"embeddable":true,"href":"https:\/\/analyse.optim.biz\/index.php?rest_route=%2Fwp%2Fv2%2Fcomments&post=2128142"}],"version-history":[{"count":0,"href":"https:\/\/analyse.optim.biz\/index.php?rest_route=\/wp\/v2\/posts\/2128142\/revisions"}],"wp:attachment":[{"href":"https:\/\/analyse.optim.biz\/index.php?rest_route=%2Fwp%2Fv2%2Fmedia&parent=2128142"}],"wp:term":[{"taxonomy":"category","embeddable":true,"href":"https:\/\/analyse.optim.biz\/index.php?rest_route=%2Fwp%2Fv2%2Fcategories&post=2128142"},{"taxonomy":"post_tag","embeddable":true,"href":"https:\/\/analyse.optim.biz\/index.php?rest_route=%2Fwp%2Fv2%2Ftags&post=2128142"}],"curies":[{"name":"wp","href":"https:\/\/api.w.org\/{rel}","templated":true}]}}