{"id":212812,"date":"2014-02-11T13:52:59","date_gmt":"2014-02-11T10:52:59","guid":{"rendered":"https:\/\/analyse.optim.biz\/?p=212812"},"modified":"2014-02-11T13:52:59","modified_gmt":"2014-02-11T10:52:59","slug":"parlamentul-ar-putea-vota-lunea-viitoare-schimbarile-din-guvern","status":"publish","type":"post","link":"https:\/\/analyse.optim.biz\/?p=212812","title":{"rendered":"Parlamentul ar putea vota, lunea viitoare, schimb\u0103rile din Guvern"},"content":{"rendered":"<div class=\"entry data-app-meta data-app-meta-article\" data-embed-base-url-canonical=\"https:\/\/www.digi24.ro\/embed\/stiri\/actualitate\/politica\/parlamentul-ar-putea-vota-lunea-viitoare-schimbarile-din-guvern-198581\">\n<p data-index=\"1\">Pre\u015fedintele PNL, Crin Antonescu, a sus\u0163inut, luni, c\u0103 liberalii <a href=\"https:\/\/www.digi24.ro\/Stiri\/Digi24\/Actualitate\/Politica\/Crin+Antonescu+PNL+nu+cedeaza+Internele+Ponta+da+semne+de+obosea\" target=\"_blank\" data-skip-linkfix=\"1\" rel=\"noopener\"><strong>nu doresc s\u0103 cedeze<\/strong><\/a>PSD Ministerul de Interne, chiar dac\u0103 social-democra\u0163ii au dat de \u00een\u0163eles c\u0103 \u015fi-ar dori acest lucru.<\/p>\n<p data-index=\"2\">Liderul PNL a precizat c\u0103 propunerea ca prim-vicepre\u015fedintele PNL, Klaus Iohannis, s\u0103 preia func\u0163ia de vicepremier \u015fi ministru de Interne nu presupune, din punctul de vedere al liberalilor, renun\u0163area din partea lui Gabriel Oprea la func\u0163ia de vicepremier. \u00a0<\/p>\n<p data-index=\"3\">Prim-vicepre\u015fedintele PNL, Klaus Iohannis, a declarat, mar\u0163i, c\u0103 USL \u201ese poate rupe\u201d dac\u0103 negocierile privind preluarea unui post de vicepremier \u015fi a portofoliului de la Interne \u201emerg prost\u201d \u015fi nu se va mai realiza remanierea, informeaz\u0103 Mediafax.\u00a0<\/p>\n<p data-index=\"4\">\u201eDac\u0103 negocierile vor merge bine \u015fi ne \u00een\u0163elegem, o s\u0103 trecem \u015fi peste acel semnal dat de USD. Voi merge la minister \u015fi o s\u0103 \u00eendeplinesc condi\u0163iile cerute de lege. \u00cen momentul acesta, calea este clar\u0103, dar are dou\u0103 solu\u0163ii care depind \u00een mic\u0103 m\u0103sur\u0103 de op\u0163iunea mea privat\u0103. Depind de cum merg negocierile \u00een USL\u201d, a spus Klaus Iohannis. \u00a0<\/p>\n<\/div>\n<p> Source URL: https:\/\/www.digi24.ro\/stiri\/actualitate\/politica\/parlamentul-ar-putea-vota-lunea-viitoare-schimbarile-din-guvern-198581<\/p>\n","protected":false},"excerpt":{"rendered":"<p>Pre\u015fedintele PNL, Crin Antonescu, a sus\u0163inut, luni, c\u0103 liberalii nu doresc s\u0103 cedezePSD Ministerul de Interne, chiar dac\u0103 social-democra\u0163ii au dat de \u00een\u0163eles c\u0103 \u015fi-ar dori acest lucru. Liderul PNL a precizat c\u0103 propunerea ca prim-vicepre\u015fedintele PNL, Klaus Iohannis, s\u0103 preia func\u0163ia de vicepremier \u015fi ministru de Interne nu presupune, din punctul de vedere al [&hellip;]<\/p>\n","protected":false},"author":1,"featured_media":212813,"comment_status":"open","ping_status":"","sticky":false,"template":"","format":"standard","meta":{"footnotes":""},"categories":[2],"tags":[11],"class_list":["post-212812","post","type-post","status-publish","format-standard","has-post-thumbnail","hentry","category-politics","tag-digi24"],"_links":{"self":[{"href":"https:\/\/analyse.optim.biz\/index.php?rest_route=\/wp\/v2\/posts\/212812","targetHints":{"allow":["GET"]}}],"collection":[{"href":"https:\/\/analyse.optim.biz\/index.php?rest_route=\/wp\/v2\/posts"}],"about":[{"href":"https:\/\/analyse.optim.biz\/index.php?rest_route=\/wp\/v2\/types\/post"}],"author":[{"embeddable":true,"href":"https:\/\/analyse.optim.biz\/index.php?rest_route=\/wp\/v2\/users\/1"}],"replies":[{"embeddable":true,"href":"https:\/\/analyse.optim.biz\/index.php?rest_route=%2Fwp%2Fv2%2Fcomments&post=212812"}],"version-history":[{"count":0,"href":"https:\/\/analyse.optim.biz\/index.php?rest_route=\/wp\/v2\/posts\/212812\/revisions"}],"wp:featuredmedia":[{"embeddable":true,"href":"https:\/\/analyse.optim.biz\/index.php?rest_route=\/wp\/v2\/media\/212813"}],"wp:attachment":[{"href":"https:\/\/analyse.optim.biz\/index.php?rest_route=%2Fwp%2Fv2%2Fmedia&parent=212812"}],"wp:term":[{"taxonomy":"category","embeddable":true,"href":"https:\/\/analyse.optim.biz\/index.php?rest_route=%2Fwp%2Fv2%2Fcategories&post=212812"},{"taxonomy":"post_tag","embeddable":true,"href":"https:\/\/analyse.optim.biz\/index.php?rest_route=%2Fwp%2Fv2%2Ftags&post=212812"}],"curies":[{"name":"wp","href":"https:\/\/api.w.org\/{rel}","templated":true}]}}