{"id":2128082,"date":"2026-09-04T14:23:45","date_gmt":"2026-09-04T11:23:45","guid":{"rendered":"https:\/\/analyse.optim.biz\/?p=2128082"},"modified":"2026-09-04T14:23:45","modified_gmt":"2026-09-04T11:23:45","slug":"tanar-retinut-dupa-ce-ar-fi-agresat-sexual-o-femeie-in-zona-unei-statii-de-metrou-din-bucuresti-apelul","status":"publish","type":"post","link":"https:\/\/analyse.optim.biz\/?p=2128082","title":{"rendered":"T\u00e2n\u0103r re\u021binut dup\u0103 ce ar fi agresat sexual o femeie \u00een zona unei sta\u021bii de metrou din Bucure\u0219ti. Apelul&#8230;"},"content":{"rendered":"<p>[analyse_image type=&#8221;featured&#8221; src=&#8221;https:\/\/s.iw.ro\/gateway\/g\/ZmlsZVNvdXJjZT1odHRwJTNBJTJGJTJG\/c3RvcmFnZTA4dHJhbnNjb2Rlci5yY3Mt\/cmRzLnJvJTJGc3RvcmFnZSUyRjIwMjYl\/MkYwOSUyRjAzJTJGMjk0NjIzNF8yOTQ2\/MjM0X3BvbGl0aWEtYm13LTgtOC1pbnF1\/YW0tb2N0YXYtZ2FuZWEucG5nJnc9MTIw\/MCZoPTYzMCZ6Yz0xJmhhc2g9OGY5Nzg4\/MWVkZDgyNzkxODY5ZjU3N2Q4NjYzZjJiOGQ=.thumb.jpg&#8221;]<\/p>\n<div class=\"entry data-app-meta data-app-meta-article\" data-embed-base-url-canonical=\"https:\/\/www.digi24.ro\/embed\/stiri\/actualitate\/tanar-retinut-dupa-ce-ar-fi-agresat-sexual-o-femeie-in-zona-unei-statii-de-metrou-din-bucuresti-apelul-politiei-capitalei-3935183\">\n<p data-index=\"1\"><strong>Un t\u00e2n\u0103r de 19 ani, b\u0103nuit c\u0103 a comis mai multe infrac\u0163iuni de agresiune sexul\u0103 asupra unor femei, \u00een zona unei sta\u0163ii de metrou din Capital\u0103, a fost re\u0163inut de poli\u0163i\u015fti, urm\u00e2nd ca acesta s\u0103 fie prezentat magistra\u0163ilor cu propunere legal\u0103.\u00a0<\/strong><\/p>\n<p data-index=\"2\"><span>Poli\u0163ia Capitalei informeaz\u0103 c\u0103 vineri poli\u0163i\u015ftii Direc\u0163iei Generale de Poli\u0163ie a Municipiului Bucure\u015fti &#8211; Serviciul de Investiga\u0163ii Criminale Sector 4 au re\u0163inut un t\u00e2n\u0103r, \u00een v\u00e2rst\u0103 de 19 ani, b\u0103nuit de s\u0103v\u00e2r\u015firea mai multor infrac\u0163iuni de agresiune sexual\u0103.\u00a0<\/span><\/p>\n<p data-index=\"3\"><span>\u201e\u00cen fapt, la data de 1 septembrie 2026, poli\u0163i\u015ftii Serviciului de Investiga\u0163ii Criminale &#8211; Sector 4 au fost sesiza\u0163i de c\u0103tre o femeie cu privire la faptul c\u0103, \u00een timp ce se deplasa c\u0103tre ie\u015firea din sta\u0163ia de metrou Tineretului, ar fi fost victima unei agresiuni sexuale. Av\u00e2nd \u00een vedere cele sesizate, poli\u0163i\u015ftii au efectuat de \u00eendat\u0103 activit\u0103\u0163i specifice \u00een vederea identific\u0103rii persoanei b\u0103nuite \u015fi stabilirii cu exactitate a situa\u0163iei de fapt\u201d, precizeaz\u0103 sursa citat\u0103.<\/span><\/p>\n<p data-index=\"4\"><span>Potrivit aceleia\u015fi surse, din datele \u015fi probele administrate a reie\u015fit c\u0103, la data de 1 septembrie 2026, \u00een jurul orei 7:55, \u00een timp ce se afla \u00een dreptul sc\u0103rilor rulante care fac leg\u0103tura \u00eentre zona subteran\u0103 a sta\u0163iei de metrou Tineretului \u015fi trotuarul suprateran, un t\u00e2n\u0103r i-ar fi ridicat rochia femeii \u015fi ar fi atins-o pe picioare, f\u0103r\u0103 consim\u0163\u0103m\u00e2ntul ei.<\/span><\/p>\n<p data-index=\"5\"><span>Totodat\u0103, \u00een urma cercet\u0103rilor, poli\u0163i\u015ftii au stabilit c\u0103 t\u00e2n\u0103rul ar fi abordat \u015fi atins \u00een zone intime mai multe femei, fiind vorba astfel de mai multe posibile victime ale unor fapte similare, acestea nefiind identificate p\u00e2n\u0103 la acest moment.<\/span><\/p>\n<p data-index=\"6\"><span>\u201e\u00cen acest context, Poli\u0163ia Capitalei adreseaz\u0103 un apel c\u0103tre toate persoanele care ar fi putut fi victime ale unor astfel de fapte s\u0103 sesizeze Poli\u0163ia, pentru ca aspectele semnalate s\u0103 poat\u0103 fi verificate \u015fi documentate \u00een cadrul cercet\u0103rilor aflate \u00een desf\u0103\u015furare\u201d, afirm\u0103 poli\u0163i\u015ftii.<\/span><\/p>\n<p data-index=\"7\"><span>\u00cen urma activit\u0103\u0163ilor investigative desf\u0103\u015furate, poli\u0163i\u015ftii au identificat persoana b\u0103nuit\u0103, un t\u00e2n\u0103r \u00een v\u00e2rst\u0103 de 19 ani, care, \u00een baza unui mandat, a fost adus la audieri, vineri, la poli\u0163ie pentru continuarea cercet\u0103rilor, fiind ulterior re\u0163inut pentru 24 de ore \u015fi urm\u00e2nd s\u0103 fie prezentat magistra\u0163ilor cu propunere legal\u0103.<\/span><\/p>\n<p data-index=\"8\"><span>Cercet\u0103rile sunt continuate de c\u0103tre poli\u0163i\u015ftii Serviciului de Investiga\u0163ii Criminale &#8211; Sector 4, sub supravegherea Parchetului de pe l\u00e2ng\u0103 Judec\u0103toria Sectorului 4, pentru s\u0103v\u00e2r\u015firea infrac\u0163iunilor de agresiune sexual\u0103.<\/span><\/p>\n<p data-index=\"9\"><strong>Cite\u0219te \u0219i:<\/strong><\/p>\n<p data-index=\"10\"><a href=\"https:\/\/www.digi24.ro\/stiri\/actualitate\/un-barbat-cu-comportament-necoerent-a-urcat-in-masina-unei-femei-aflata-in-mers-cum-a-motivat-gestul-in-fata-politistilor-3934253\" target=\"_blank\" rel=\"noopener\" data-skip-linkfix=\"1\"><strong>Un b\u0103rbat cu \u201ecomportament necoerent\u201d s-a urcat \u00een ma\u015fina unei femei, aflat\u0103 \u00een mers. Cum a motivat gestul \u00een fa\u021ba poli\u021bi\u0219tilor<\/strong><\/a><\/p>\n<p data-index=\"11\"><a href=\"https:\/\/www.digi24.ro\/stiri\/trotinetele-electrice-inchiriate-nu-mai-pot-fi-folosite-in-parcurile-din-bucuresti-ce-amenzi-risca-cei-care-incalca-interdictia-3934971\" target=\"_blank\" rel=\"noopener\" data-skip-linkfix=\"1\"><strong>Trotinetele electrice \u00eenchiriate nu mai pot fi folosite \u00een parcurile din Bucure\u0219ti. Ce amenzi risc\u0103 cei care \u00eencalc\u0103 interdic\u021bia<\/strong><\/a><\/p>\n<p> Editor : <a href=\"https:\/\/www.digi24.ro\/autor\/ana-gherghita\"> A.M.G. <\/a><\/p>\n<\/div>\n<p>[analyse_source url=&#8221;https:\/\/www.digi24.ro\/stiri\/actualitate\/tanar-retinut-dupa-ce-ar-fi-agresat-sexual-o-femeie-in-zona-unei-statii-de-metrou-din-bucuresti-apelul-politiei-capitalei-3935183&#8243;]<\/p>\n","protected":false},"excerpt":{"rendered":"<p>[analyse_image type=&#8221;featured&#8221; src=&#8221;https:\/\/s.iw.ro\/gateway\/g\/ZmlsZVNvdXJjZT1odHRwJTNBJTJGJTJG\/c3RvcmFnZTA4dHJhbnNjb2Rlci5yY3Mt\/cmRzLnJvJTJGc3RvcmFnZSUyRjIwMjYl\/MkYwOSUyRjAzJTJGMjk0NjIzNF8yOTQ2\/MjM0X3BvbGl0aWEtYm13LTgtOC1pbnF1\/YW0tb2N0YXYtZ2FuZWEucG5nJnc9MTIw\/MCZoPTYzMCZ6Yz0xJmhhc2g9OGY5Nzg4\/MWVkZDgyNzkxODY5ZjU3N2Q4NjYzZjJiOGQ=.thumb.jpg&#8221;] Un t\u00e2n\u0103r de 19 ani, b\u0103nuit c\u0103 a comis mai multe infrac\u0163iuni de agresiune sexul\u0103 asupra unor femei, \u00een zona unei sta\u0163ii de metrou din Capital\u0103, a fost re\u0163inut de poli\u0163i\u015fti, urm\u00e2nd ca acesta s\u0103 fie prezentat magistra\u0163ilor cu propunere legal\u0103.\u00a0 Poli\u0163ia Capitalei informeaz\u0103 c\u0103 vineri poli\u0163i\u015ftii Direc\u0163iei Generale de Poli\u0163ie a [&hellip;]<\/p>\n","protected":false},"author":1,"featured_media":0,"comment_status":"open","ping_status":"","sticky":false,"template":"","format":"standard","meta":{"footnotes":""},"categories":[89],"tags":[226,11],"class_list":["post-2128082","post","type-post","status-publish","format-standard","hentry","category-romania","tag-crawlmanager","tag-digi24"],"_links":{"self":[{"href":"https:\/\/analyse.optim.biz\/index.php?rest_route=\/wp\/v2\/posts\/2128082","targetHints":{"allow":["GET"]}}],"collection":[{"href":"https:\/\/analyse.optim.biz\/index.php?rest_route=\/wp\/v2\/posts"}],"about":[{"href":"https:\/\/analyse.optim.biz\/index.php?rest_route=\/wp\/v2\/types\/post"}],"author":[{"embeddable":true,"href":"https:\/\/analyse.optim.biz\/index.php?rest_route=\/wp\/v2\/users\/1"}],"replies":[{"embeddable":true,"href":"https:\/\/analyse.optim.biz\/index.php?rest_route=%2Fwp%2Fv2%2Fcomments&post=2128082"}],"version-history":[{"count":0,"href":"https:\/\/analyse.optim.biz\/index.php?rest_route=\/wp\/v2\/posts\/2128082\/revisions"}],"wp:attachment":[{"href":"https:\/\/analyse.optim.biz\/index.php?rest_route=%2Fwp%2Fv2%2Fmedia&parent=2128082"}],"wp:term":[{"taxonomy":"category","embeddable":true,"href":"https:\/\/analyse.optim.biz\/index.php?rest_route=%2Fwp%2Fv2%2Fcategories&post=2128082"},{"taxonomy":"post_tag","embeddable":true,"href":"https:\/\/analyse.optim.biz\/index.php?rest_route=%2Fwp%2Fv2%2Ftags&post=2128082"}],"curies":[{"name":"wp","href":"https:\/\/api.w.org\/{rel}","templated":true}]}}