{"id":2128033,"date":"2026-09-04T11:23:53","date_gmt":"2026-09-04T08:23:53","guid":{"rendered":"https:\/\/analyse.optim.biz\/?p=2128033"},"modified":"2026-09-04T11:23:53","modified_gmt":"2026-09-04T08:23:53","slug":"romania-a-avut-cea-mai-mare-scadere-a-vanzarilor-cu-amanuntul-din-ue-in-iulie-carburantii-au-inregistrat","status":"publish","type":"post","link":"https:\/\/analyse.optim.biz\/?p=2128033","title":{"rendered":"Rom\u00e2nia a avut cea mai mare sc\u0103dere a v\u00e2nz\u0103rilor cu am\u0103nuntul din UE \u00een iulie. Carburan\u021bii au \u00eenregistrat&#8230;"},"content":{"rendered":"<p>[analyse_image type=&#8221;featured&#8221; src=&#8221;https:\/\/s.iw.ro\/gateway\/g\/ZmlsZVNvdXJjZT1odHRwJTNBJTJGJTJG\/c3RvcmFnZTA4dHJhbnNjb2Rlci5yY3Mt\/cmRzLnJvJTJGc3RvcmFnZSUyRjIwMjQl\/MkYwMiUyRjA2JTJGMTg5NzAyM18xODk3\/MDIzX2Nvcy1jdW1wYXJhdHVyaS1zdXBl\/cm1hcmtldC1wcm9maW1lZGlhLmpwZyZ3\/PTEyMDAmaD02MzAmemM9MSZoYXNoPTcy\/NGIxZGMxMDdiZjU1MjhjN2EwMjE0ZGM2NzFmOWU3.thumb.jpg&#8221;]<\/p>\n<div class=\"entry data-app-meta data-app-meta-article\" data-embed-base-url-canonical=\"https:\/\/www.digi24.ro\/embed\/stiri\/economie\/romania-a-avut-cea-mai-mare-scadere-a-vanzarilor-cu-amanuntul-din-ue-in-iulie-carburantii-au-inregistrat-cea-mai-mare-scadere-3934937\">\n<p data-index=\"1\"><strong>Rom\u00e2nia a \u00eenregistrat \u00een iulie 2026 cea mai puternic\u0103 sc\u0103dere anual\u0103 a v\u00e2nz\u0103rilor cu am\u0103nuntul din Uniunea European\u0103, de 5,7%, \u00een timp ce media blocului comunitar a indicat o cre\u0219tere de 1%. Fa\u021b\u0103 de luna iunie, \u00eens\u0103, v\u00e2nz\u0103rile din Rom\u00e2nia au avansat cu 0,8%, potrivit datelor publicate vineri de Eurostat.<\/strong><\/p>\n<p data-index=\"2\">Conform oficiului european, v\u00e2nz\u0103rile cu am\u0103nuntul au crescut cu 0,6% \u00een zona euro \u0219i cu 1% \u00een Uniunea European\u0103. Sc\u0103deri \u00een ritm anual au fost \u00eenregistrate \u00een Rom\u00e2nia, de 5,7%, Germania, de 2,5%, Italia, de 1%, \u0219i Spania, de 0,7%.<\/p>\n<p data-index=\"3\">De la o lun\u0103 la alta, v\u00e2nz\u0103rile cu am\u0103nuntul au sc\u0103zut cu 0,6% \u00een zona euro \u0219i cu 0,4% \u00een Uniunea European\u0103 \u00een iulie 2026, comparativ cu iunie 2026.<\/p>\n<p data-index=\"4\">Cu toate acestea, \u021b\u0103rile membre cu cele mai importante cre\u0219teri ale v\u00e2nz\u0103rilor cu am\u0103nuntul au fost Letonia, cu 2,5%, Cipru, cu 2%, Luxemburg, cu 1,8%, Slovenia, cu 1,7%, Croa\u021bia, cu 1,4%, Ungaria, cu 1%, Malta \u0219i Belgia, ambele cu 0,9%, \u0219i Rom\u00e2nia, cu 0,8%.<\/p>\n<h2 id=\"highlight-3934937-1\">V\u00e2nz\u0103rile de carburan\u021bi au sc\u0103zut cu 7%<\/h2>\n<p data-index=\"5\">Conform datelor publicate anterior de INS, volumul cifrei de afaceri din comer\u021bul cu am\u0103nuntul, cu excep\u021bia comer\u021bului cu autovehicule \u0219i motociclete, serie brut\u0103, a \u00eenregistrat \u00een iulie 2026, comparativ cu iulie 2025, o sc\u0103dere pe ansamblu de 6,2%.<\/p>\n<p data-index=\"6\">Evolu\u021bia a fost determinat\u0103 de sc\u0103derile \u00eenregistrate la comer\u021bul cu am\u0103nuntul al carburan\u021bilor pentru autovehicule \u00een magazine specializate, de 7%, la v\u00e2nz\u0103rile de produse nealimentare, de 6,4%, \u0219i la v\u00e2nz\u0103rile de produse alimentare, b\u0103uturi \u0219i tutun, de 5,4%.<\/p>\n<p data-index=\"7\">Volumul cifrei de afaceri din comer\u021bul cu am\u0103nuntul, serie ajustat\u0103 \u00een func\u021bie de num\u0103rul zilelor lucr\u0103toare \u0219i de sezonalitate, a sc\u0103zut cu 6,1% \u00een iulie 2026, comparativ cu aceea\u0219i lun\u0103 din 2025.<\/p>\n<p data-index=\"8\">Sc\u0103deri au fost \u00eenregistrate la v\u00e2nz\u0103rile de produse nealimentare, de 6,7%, la v\u00e2nz\u0103rile de produse alimentare, b\u0103uturi \u0219i tutun, de 5,8%, \u0219i la comer\u021bul cu am\u0103nuntul al carburan\u021bilor pentru autovehicule \u00een magazine specializate, de 4,4%.<\/p>\n<h2 id=\"highlight-3934937-2\">Cifra de afaceri a crescut fa\u021b\u0103 de luna precedent\u0103<\/h2>\n<p data-index=\"9\">Volumul cifrei de afaceri din comer\u021bul cu am\u0103nuntul, serie brut\u0103, a crescut \u00een iulie 2026, comparativ cu luna precedent\u0103, cu 7%, datorit\u0103 cre\u0219terilor \u00eenregistrate la comer\u021bul cu am\u0103nuntul al carburan\u021bilor pentru autovehicule \u00een magazine specializate, de 12,7%, la v\u00e2nz\u0103rile de produse alimentare, b\u0103uturi \u0219i tutun, de 7,6%, \u0219i la v\u00e2nz\u0103rile de produse nealimentare, de 4,1%.<\/p>\n<p data-index=\"10\">\u00cen seria ajustat\u0103 \u00een func\u021bie de num\u0103rul zilelor lucr\u0103toare \u0219i de sezonalitate, volumul cifrei de afaceri din comer\u021bul cu am\u0103nuntul a crescut cu 0,8% \u00een iulie 2026, comparativ cu luna precedent\u0103.<\/p>\n<p data-index=\"11\">Avansul a fost sus\u021binut de cre\u0219terea cu 2,2% a comer\u021bului cu am\u0103nuntul al carburan\u021bilor pentru autovehicule \u00een magazine specializate \u0219i de majorarea cu 0,9% a v\u00e2nz\u0103rilor de produse alimentare, b\u0103uturi \u0219i tutun. V\u00e2nz\u0103rile de produse nealimentare au sc\u0103zut cu 0,1%.<\/p>\n<p> Editor : <a href=\"https:\/\/www.digi24.ro\/autor\/andreea-dobra\"> A.D. <\/a><\/p>\n<\/div>\n<p>[analyse_source url=&#8221;https:\/\/www.digi24.ro\/stiri\/economie\/romania-a-avut-cea-mai-mare-scadere-a-vanzarilor-cu-amanuntul-din-ue-in-iulie-carburantii-au-inregistrat-cea-mai-mare-scadere-3934937&#8243;]<\/p>\n","protected":false},"excerpt":{"rendered":"<p>[analyse_image type=&#8221;featured&#8221; src=&#8221;https:\/\/s.iw.ro\/gateway\/g\/ZmlsZVNvdXJjZT1odHRwJTNBJTJGJTJG\/c3RvcmFnZTA4dHJhbnNjb2Rlci5yY3Mt\/cmRzLnJvJTJGc3RvcmFnZSUyRjIwMjQl\/MkYwMiUyRjA2JTJGMTg5NzAyM18xODk3\/MDIzX2Nvcy1jdW1wYXJhdHVyaS1zdXBl\/cm1hcmtldC1wcm9maW1lZGlhLmpwZyZ3\/PTEyMDAmaD02MzAmemM9MSZoYXNoPTcy\/NGIxZGMxMDdiZjU1MjhjN2EwMjE0ZGM2NzFmOWU3.thumb.jpg&#8221;] Rom\u00e2nia a \u00eenregistrat \u00een iulie 2026 cea mai puternic\u0103 sc\u0103dere anual\u0103 a v\u00e2nz\u0103rilor cu am\u0103nuntul din Uniunea European\u0103, de 5,7%, \u00een timp ce media blocului comunitar a indicat o cre\u0219tere de 1%. Fa\u021b\u0103 de luna iunie, \u00eens\u0103, v\u00e2nz\u0103rile din Rom\u00e2nia au avansat cu 0,8%, potrivit datelor publicate vineri de Eurostat. Conform oficiului [&hellip;]<\/p>\n","protected":false},"author":1,"featured_media":0,"comment_status":"open","ping_status":"","sticky":false,"template":"","format":"standard","meta":{"footnotes":""},"categories":[89],"tags":[226,11],"class_list":["post-2128033","post","type-post","status-publish","format-standard","hentry","category-romania","tag-crawlmanager","tag-digi24"],"_links":{"self":[{"href":"https:\/\/analyse.optim.biz\/index.php?rest_route=\/wp\/v2\/posts\/2128033","targetHints":{"allow":["GET"]}}],"collection":[{"href":"https:\/\/analyse.optim.biz\/index.php?rest_route=\/wp\/v2\/posts"}],"about":[{"href":"https:\/\/analyse.optim.biz\/index.php?rest_route=\/wp\/v2\/types\/post"}],"author":[{"embeddable":true,"href":"https:\/\/analyse.optim.biz\/index.php?rest_route=\/wp\/v2\/users\/1"}],"replies":[{"embeddable":true,"href":"https:\/\/analyse.optim.biz\/index.php?rest_route=%2Fwp%2Fv2%2Fcomments&post=2128033"}],"version-history":[{"count":0,"href":"https:\/\/analyse.optim.biz\/index.php?rest_route=\/wp\/v2\/posts\/2128033\/revisions"}],"wp:attachment":[{"href":"https:\/\/analyse.optim.biz\/index.php?rest_route=%2Fwp%2Fv2%2Fmedia&parent=2128033"}],"wp:term":[{"taxonomy":"category","embeddable":true,"href":"https:\/\/analyse.optim.biz\/index.php?rest_route=%2Fwp%2Fv2%2Fcategories&post=2128033"},{"taxonomy":"post_tag","embeddable":true,"href":"https:\/\/analyse.optim.biz\/index.php?rest_route=%2Fwp%2Fv2%2Ftags&post=2128033"}],"curies":[{"name":"wp","href":"https:\/\/api.w.org\/{rel}","templated":true}]}}