{"id":2128008,"date":"2026-09-04T10:42:31","date_gmt":"2026-09-04T07:42:31","guid":{"rendered":"https:\/\/analyse.optim.biz\/?p=2128008"},"modified":"2026-09-04T10:42:31","modified_gmt":"2026-09-04T07:42:31","slug":"ambasadorul-gavin-buchan-oamenii-inteleg-acum-ca-securitatea-marii-negre-este-securitatea-flancului","status":"publish","type":"post","link":"https:\/\/analyse.optim.biz\/?p=2128008","title":{"rendered":"Ambasadorul Gavin Buchan: \u201eOamenii \u00een\u021beleg acum c\u0103 securitatea M\u0103rii Negre este securitatea flancului&#8230;"},"content":{"rendered":"<p>[analyse_image type=&#8221;featured&#8221; src=&#8221;https:\/\/s.iw.ro\/gateway\/g\/ZmlsZVNvdXJjZT1odHRwJTNBJTJGJTJG\/c3RvcmFnZTA4dHJhbnNjb2Rlci5yY3Mt\/cmRzLnJvJTJGc3RvcmFnZSUyRjIwMjYl\/MkYwOSUyRjA0JTJGMjk0Njc3NV8yOTQ2\/Nzc1X0dhdmluLUJ1Y2hhbi0xLmpwZyZ3\/PTEyMDAmaD02MzAmemM9MSZoYXNoPTM5\/YzVkZmU1ZTliYWUzNzFjZWJlZGRmM2RkYzk1NmQ2.thumb.jpg&#8221;]<\/p>\n<div class=\"entry data-app-meta data-app-meta-article\" data-embed-base-url-canonical=\"https:\/\/www.digi24.ro\/embed\/stiri\/externe\/ambasadorul-gavin-buchan-oamenii-inteleg-acum-ca-securitatea-marii-negre-este-securitatea-flancului-estic-al-nato-3934701\">\n<p data-index=\"1\"><strong>Canada este tot mai apropiat\u0103 de Europa, pentru c\u0103 valorile comune se recunosc u\u015for \u00een lumea care se transform\u0103. Securitatea continentului european este de interes pentru canadieni, iar Marea Neagr\u0103, cel mai fierbinte punct de pe flancul estic, este zona care \u00eei \u0163ine aten\u0163i. Ambasadorul Gavin Buchan \u015fi-a \u00eencheiat misiunea diplomatic\u0103 \u00een Rom\u00e2nia, dar nu \u00eenainte s\u0103 dea, la emisiunea Pa\u0219aport Diplomatic, mai multe detalii despre ce urmeaz\u0103 \u00een rela\u0163ia Rom\u00e2nia-Canada.<\/strong><\/p>\n<p data-index=\"2\"><strong>Cristina Cileacu: Gavin Buchan, Ambasadorul Canadei \u00een Rom\u00e2nia, Moldova \u0219i Bulgaria, bine a\u0163i venit la Pa\u0219aport Diplomatic.<\/strong><\/p>\n<p data-index=\"3\"><strong>Gavin Buchan:<\/strong> Este o pl\u0103cere s\u0103 fiu aici.<\/p>\n<h2 id=\"highlight-3934701-1\">Rom\u00e2nia, o putere de mijloc<\/h2>\n<p data-index=\"4\"><strong>Cristina Cileacu: Dle ambasador, misiunea dumneavoastr\u0103 \u00een Rom\u00e2nia \u0219i \u00een celelalte dou\u0103 \u021b\u0103ri pe care le-am men\u021bionat este \u00eencheiat\u0103. Acesta este ultimul interviu pe care \u00eel \u00eenregistr\u0103m \u00een aceast\u0103 calitate. Dar vreau s\u0103 \u00eencep discu\u021bia noastr\u0103 nu mai \u00eent\u00e2i cu misiunea voastr\u0103, ci cu discursul prim-ministrului dvs avut anul acesta la conferin\u021ba de la Davos. El a spus ceva care a revolu\u021bionat modul \u00een care privim ordinea mondial\u0103 actual\u0103. El a spus c\u0103 puterile mijlocii ar trebui s\u0103-\u0219i uneasc\u0103 for\u021bele \u0219i s\u0103 nu negocieze pe r\u00e2nd cu o putere mai mare. S\u0103 ne uit\u0103m acum la Rom\u00e2nia ca la o putere mijlocie?<\/strong><\/p>\n<p data-index=\"5\"><strong>Gavin Buchan:<\/strong> Rom\u00e2nia este absolut o putere de mijloc \u0219i este una care are acelea\u0219i idei precum Canada. \u00cemp\u0103rt\u0103\u0219im multe din acelea\u0219i valori. Ambele \u0163\u0103ri suntem promotori puternici ai democra\u021biei. Ambele \u0163\u0103ri ne opunem cu fermitate invaziei ruse\u0219ti \u00een Ucraina. Este mult\u0103, foarte mult\u0103 importan\u021b\u0103 comun\u0103 acordat\u0103 libert\u0103\u021bii de exprimare, democra\u021biei ca sistem. Da, suntem \u021b\u0103ri care, \u00eentr-o ordine mondial\u0103 care, a\u0219a cum a spus premierul Carney, se confrunt\u0103 cu o ruptur\u0103. Ne-am rupt de vechea ordine mondial\u0103 \u0219i trebuie s\u0103 cre\u0103m una nou\u0103 pe m\u0103sur\u0103 ce avans\u0103m. Da, suntem genul de \u021b\u0103ri care colaboreaz\u0103 foarte natural \u00eempreun\u0103. Canada consider\u0103 c\u0103 \u021b\u0103rile Uniunii Europene sunt colaboratorii s\u0103i naturali \u015fi lucreaz\u0103 la ceea ce numim ini\u021biative plurilaterale, \u00een care nu avem de-a face cu \u00eentregul sistem interna\u021bional, ci doar cu \u021b\u0103ri asem\u0103n\u0103toare. \u0218i Rom\u00e2nia este un partener excelent pentru astfel de lucruri.<\/p>\n<h2 id=\"highlight-3934701-2\">\u00cent\u00e2lnirea care poate \u00eent\u0103ri o rela\u0163ie<\/h2>\n<p data-index=\"6\"><strong>Cristina Cileacu: Vorbind despre prim-ministrul Carney \u0219i parteneriatul cu Rom\u00e2nia, a fost o \u00eent\u00e2lnire la summitul NATO de la Ankara din acest an, \u00eentre pre\u0219edintele rom\u00e2n \u0219i premierul canadian. Ce va urma dup\u0103 aceast\u0103 \u00eent\u00e2lnire?<\/strong><\/p>\n<p data-index=\"7\"><strong>Gavin Buchan:<\/strong> \u00cent\u00e2lnirea a fost una foarte bun\u0103. Este prima bilateral\u0103 la nivel de \u0219ef de stat \u015fi \u0219ef de guvern pe care am avut-o de ceva vreme. Dar a fost foarte constructiv\u0103, mult\u0103 concentrare pe colaborare \u00een domenii precum energia, ap\u0103rarea \u0219i securitatea, afacerile multilaterale \u0219i c\u00e2teva specificit\u0103\u021bi concrete care rezult\u0103 din asta. Participarea Rom\u00e2niei la Banca de Securitate \u0219i Rezilien\u021b\u0103 a Ap\u0103r\u0103rii, pe care Canada a promovat-o \u0219i unde Rom\u00e2nia va fi unul dintre primii membri. De fapt, ve\u021bi g\u0103zdui un birou regional aici, la Bucure\u0219ti. \u0218i, de asemenea, au schimbat o invita\u021bie reciproc\u0103 de a vizita \u0219i, ca ambasador, speri \u00eentotdeauna c\u0103 aceasta va avea ca rezultat o vizit\u0103 a prim-ministrului \u00een \u021bara voastr\u0103. A\u0219a c\u0103, cu pu\u021bin noroc, nu pot controla acea parte a acesteia \u0219i nici succesorul meu, dar ar fi minunat s\u0103 vedem dac\u0103 va fi.<\/p>\n<h2 id=\"highlight-3934701-3\">Ce urmeaz\u0103 la Cernavod\u0103<\/h2>\n<p data-index=\"8\"><strong>Cristina Cileacu: Canada este prezent\u0103 \u00een Rom\u00e2nia printr-un proiect celebru, bine\u00een\u021beles, vorbesc despre Cernavod\u0103. A\u021bi men\u021bionat investi\u021biile \u00een energie. Aceast\u0103 investi\u021bie este aproape complet\u0103. Ce va urma c\u00e2nd vine vorba de ceea ce face Canada \u00een Rom\u00e2nia?<\/strong><\/p>\n<p data-index=\"9\"><strong>Gavin Buchan:<\/strong> C\u00e2nd vine vorba de nucleare, \u00een special, abia \u00eencepem. Cernavod\u0103 1 func\u021bioneaz\u0103 de 30 de ani. Atunci, de obicei, se face o repara\u021bie la jum\u0103tatea ciclului de via\u021b\u0103. Deci acest proces a \u00eenceput. Am avut o ceremonie de deschidere cu pre\u0219edintele Dan, vara trecut\u0103. \u0218i ve\u021bi vedea c\u0103 va fi nefolosit\u0103 timp de c\u00e2\u021biva ani \u0219i apoi va reveni pentru \u00eenc\u0103 trei decenii de func\u0163ionare. Dar apoi avem construc\u021bia a dou\u0103 reactoare noi la Cernavod\u0103, Cernavod\u0103 3 \u0219i 4, \u0219i suntem aproape de etapa ini\u021bial\u0103 a acelui proiect. \u00cenc\u0103 a\u0219tept\u0103m ceea ce se nume\u015fte decizia final\u0103 de investi\u021bii, din partea guvernului rom\u00e2n. \u0218i asta va duce la o dublare a capacit\u0103\u021bii nucleare aici, \u00een Rom\u00e2nia, mai mult dec\u00e2t o dublare. \u0218i asta va garanta o putere de \u00eenc\u0103rcare de baz\u0103 curat\u0103, accesibil\u0103, fiabil\u0103, 24 din 7, 12 luni pe an pentru Rom\u00e2nia, pentru urm\u0103toarele dou\u0103 genera\u021bii. Pentru c\u0103 un reactor nuclear este o investi\u021bie genera\u021bional\u0103. Func\u021bioneaz\u0103 timp de 70 de ani, a\u0219a c\u0103 copiii care se nasc atunci c\u00e2nd se construie\u0219te unul, ajung la pensie p\u00e2n\u0103 c\u00e2nd se \u00eenchide.<\/p>\n<h2 id=\"highlight-3934701-4\">Criza politic\u0103 \u015fi investi\u0163iile str\u0103ine<\/h2>\n<p data-index=\"10\"><strong>Cristina Cileacu: Vorbind despre faptul c\u0103 aceast\u0103 investi\u021bie este \u00eenc\u0103 am\u00e2nat\u0103 de autorit\u0103\u021bile rom\u00e2ne, film\u0103m acest interviu \u00een timpul unei crize politice depline din Rom\u00e2nia \u0219i vreau s\u0103 v\u0103 \u00eentreb c\u00e2t de mult afecteaz\u0103 o criz\u0103 ca cea actual\u0103 acest tip de decizii, din experien\u021ba dumneavoastr\u0103.<\/strong><\/p>\n<p data-index=\"11\"><strong>Gavin Buchan:<\/strong> C\u00e2nd vorbim despre decizii majore ca aceasta \u00een care exist\u0103 un consens social c\u0103 Rom\u00e2nia a avut un succes uria\u0219 \u00een domeniul energiei nucleare, reactoarele de la Cernavod\u0103 sunt dou\u0103 dintre cele mai performante reactoare din lume dup\u0103 factorul de capacitate, \u0219i a\u0163i construit o \u00eentreag\u0103 industrie \u00een jurul ei, este \u00eenr\u0103d\u0103cinat\u0103 aici \u0219i are sprijin transpartid. Deci, c\u00e2nd vede\u021bi o criz\u0103 politic\u0103 care poate dura c\u00e2teva luni sau, \u0219ti\u021bi, zi de zi, lun\u0103 de lun\u0103. Este deja cel mai longeviv guvern interimar din istoria Rom\u00e2niei. Presupun c\u0103 este un record. Dar c\u00e2nd ai o criz\u0103 care dureaz\u0103 c\u00e2teva luni, c\u00e2nd vorbe\u0219ti despre o rela\u021bie de 70 de ani, \u00een care este un sprijin larg popular pentru povestea de succes pe care a avut-o energia nuclear\u0103, este doar o clip\u0103. Nu o afecteaza la acest nivel.<\/p>\n<h2 id=\"highlight-3934701-5\">Dincolo de investi\u0163iile \u00een energie<\/h2>\n<p data-index=\"12\"><strong>Cristina Cileacu: Canada prive\u0219te din ce \u00een ce mai mult spre Europa acum. Este Rom\u00e2nia pe lista Canadei, s\u0103 zicem, c\u00e2nd vine vorba de alte tipuri de investi\u021bii?<\/strong><\/p>\n<p data-index=\"13\"><strong>Gavin Buchan:<\/strong> Absolut. Dac\u0103 te ui\u021bi la IT, este deja o prezen\u021b\u0103 IT canadian\u0103 semnificativ\u0103 \u00een \u021bar\u0103. Ave\u021bi mult interes minier canadian \u00een \u021bar\u0103, dar, evident, este o istorie complicat\u0103 a mineritului \u00een Rom\u00e2nia. Dar suntem o \u021bar\u0103 cu cantit\u0103\u021bi uria\u0219e de capital de investi\u021bii disponibile, dar trebuie s\u0103 fie \u015fi o \u021bar\u0103 care dore\u0219te acest lucru \u0219i are procesele de aprobare a reglement\u0103rilor \u00een vigoare, ca s\u0103 facem lucrurile corect. Pentru c\u0103 \u00eentotdeauna vrem, dac\u0103 vrem s\u0103 intr\u0103m \u00een minerit, vrem s\u0103 fie f\u0103cut corect. Vrem s\u0103 fie cu toat\u0103 responsabilitatea social\u0103 corporativ\u0103 \u0219i protec\u021bia mediului \u00een vigoare. Dar avem asta, avem domeniul aerospa\u021bial, avem ap\u0103rare. \u00cen ceea ce prive\u0219te ap\u0103rarea, ave\u021bi companii care fac toate comunica\u021biile pentru vehiculele voastre blindate. Avem lucruri grozave pe care s\u0103 construim \u0219i, cu lucruri precum Banca de Securitate \u0219i Rezilien\u021b\u0103 a Ap\u0103r\u0103rii, asta va crea noi oportunit\u0103\u021bi uria\u0219e. \u0218i Canada este singurul participant non-european la SAFE, programul de ac\u021biune de securitate pentru Europa. Acest lucru deschide zone uria\u0219e de oportunit\u0103\u021bi pentru companiile rom\u00e2ne\u0219ti \u0219i canadiene pentru coproduc\u021bie.<\/p>\n<h2 id=\"highlight-3934701-6\">SAFE reduce dependen\u0163a de SUA<\/h2>\n<p data-index=\"14\"><strong>Cristina Cileacu: Vorbim despre SAFE, este acesta un pas spre mai mult\u0103 cooperare cu Rom\u00e2nia, sau este un pas, s\u0103 zicem, nu \u00eempotriva Statelor Unite, ci s\u0103 zicem pentru a reduce dependen\u021ba pe care o au multe dintre \u021b\u0103rile aliate de Statele Unite?<\/strong><\/p>\n<p data-index=\"15\"><strong>Gavin Buchan:<\/strong> Am avut o dezbatere \u00eendelungat\u0103 \u00een ultimii c\u00e2\u0163iva ani la NATO cu privire la c\u00e2t de mult trebuie s\u0103 investim. Pentru c\u0103 este un acord c\u0103, odat\u0103 cu invadarea Ucrainei, lumea nu mai este unde era cu 10 ani sau 15 ani \u00een urm\u0103. Trebuie s\u0103 \u00eembun\u0103t\u0103\u021bim nivelul investi\u021biilor na\u021bionale \u00een domeniul ap\u0103r\u0103rii. Cu un anumit impuls din partea americanilor, avem un acord larg \u00een NATO c\u0103 vom merge pentru \u021binta de 5%. \u0218i asta \u00eenseamn\u0103 un grad imens de investi\u021bii noi peste tot \u0219i vrei s\u0103 te ui\u021bi la parteneri \u0219i vrei s\u0103 ai o diversitate de parteneri \u0219i vrei s\u0103 ai \u021b\u0103ri asem\u0103n\u0103toare, \u00een care s\u0103 fii \u00eencorporat \u00een lan\u021burile de aprovizionare \u00eempreun\u0103 \u0219i s\u0103 se ajute reciproc s\u0103 ob\u021bin\u0103 economii de scar\u0103. \u0218i Rom\u00e2nia \u0219i Canada sunt complementare \u00een acest sens. Ave\u021bi o tradi\u021bie de lucru \u00een industria grea de ap\u0103rare aici, care func\u021bioneaz\u0103 destul de bine cu multe dintre punctele forte canadiene \u00een lucruri precum domeniul aerospa\u021bial sau radare. Este mult poten\u021bial acolo ca s\u0103 lucr\u0103m \u00eempreun\u0103.<\/p>\n<h2 id=\"highlight-3934701-7\">Canada, implicat\u0103 \u00een protec\u0163ia M\u0103rii Negre<\/h2>\n<p data-index=\"16\"><strong>Cristina Cileacu: De asemenea, am avut scafandri canadieni \u00een Marea Neagr\u0103 pentru a ajuta la m\u0103surile anti-mine pe care Rom\u00e2nia, Bulgaria \u0219i Turcia le iau. Va fi mai mult\u0103 prezen\u021b\u0103 canadian\u0103 \u00een Rom\u00e2nia, dac\u0103 vorbim de armat\u0103 de data aceasta?<\/strong><\/p>\n<p data-index=\"17\"><strong>Gavin Buchan:<\/strong> Ne a\u0219tept\u0103m ca scafandrii s\u0103 se \u00eentoarc\u0103, pentru c\u0103 fac parte din angajamentul nostru, o recunoa\u0219tere a faptului c\u0103 Marea Neagr\u0103 este o parte important\u0103 a dinamicii de securitate. Rom\u00e2nia este pe frontul de est. \u00cemp\u0103rt\u0103\u0219i\u021bi una dintre cele mai lungi, dac\u0103 nu cea mai lung\u0103 grani\u021b\u0103 cu Ucraina. Ave\u0163i o expunere la atacuri cu drone \u00een fiecare zi, aproape. \u0218i este foarte important ca \u021b\u0103rile NATO s\u0103 demonstreze solidaritate pentru flancul estic. Principala investi\u021bie canadian\u0103, s-ar putea s\u0103 \u0219ti\u021bi, este grupul de lupt\u0103 din Letonia. Acum am crescut prezen\u0163a, acum este o brigad\u0103. \u0218i pentru Canada, ca \u021bar\u0103 din nord, este destul de natural. Acesta este angajamentul principal pe care l-am luat. Dar acele grupuri de lupt\u0103 \u0219i brig\u0103zi, cum este \u015fi cel condus de francezi aici, acestea sunt cele care dau realitate angajamentului articolului 5 al NATO. Ai putea, dac\u0103 ai fi o putere extern\u0103 agresiv\u0103, ei bine, am putea la fel de bine s\u0103 o numim: Rusia, s\u0103 te ui\u0163i la o \u021bar\u0103 ca Letonia \u0219i s\u0103 spui, bine, am putea prelua mai mult sau mai pu\u021bin controlul \u00eenainte ca NATO s\u0103 poat\u0103 lua o decizie cu privire la rezisten\u021ba lor. Dar \u0219ti\u021bi c\u0103 avem un num\u0103r cu dou\u0103 cifre de \u021b\u0103ri NATO care particip\u0103 la grupul de lupt\u0103 din Letonia. Dac\u0103 Rusia ar invada acolo, ar avea imediat o duzin\u0103 de \u021b\u0103ri NATO \u00een prima linie care lupt\u0103. Nu trebuie luat\u0103 nicio decizie \u0219i asta d\u0103 articolului 5 \u0219i grupurilor de lupt\u0103 din\u021bi adev\u0103ra\u021bi. Grupul de lupt\u0103 condus de francezi aici face parte din asta \u0219i noi ne facem partea. O facem doar \u00eentr-un sector diferit al flancului estic.<\/p>\n<h2 id=\"highlight-3934701-8\">De ce conteaz\u0103 Marea Neagr\u0103<\/h2>\n<p data-index=\"18\"><strong>Cristina Cileacu: Dar revenind la Marea Neagr\u0103, pentru c\u0103 suntem la Marea Neagr\u0103, dar, de asemenea, insist\u0103m foarte mult s\u0103 prezent\u0103m tuturor faptul c\u0103 este foarte important\u0103 pentru securitatea tuturor. \u00cen opinia dumneavoastr\u0103, o \u021bar\u0103 preum Canada \u00een\u021belege acest fapt, c\u0103 Marea Neagr\u0103 este de fapt foarte important\u0103 atunci c\u00e2nd vorbim de \u00eentregul flancul estic al NATO?<\/strong><\/p>\n<p data-index=\"19\"><strong>Gavin Buchan:<\/strong> Absolut! Rom\u00e2nia a sus\u021binut acest lucru foarte coerent la sediul NATO de la Bruxelles \u0219i \u00een alte p\u0103r\u021bi, iar oamenii \u00een\u021beleg acum c\u0103 securitatea M\u0103rii Negre este securitatea flancului estic al NATO. Dac\u0103 te ui\u021bi la atacurile cu drone care au avut loc \u00een ultimele trei s\u0103pt\u0103m\u00e2ni, aproape 200 de nave, asta demonstreaz\u0103, dac\u0103 cineva nu se uita, exact c\u00e2t de activ este acest teatru. \u0218i este important s\u0103 o p\u0103str\u0103m deschis\u0103 ca o arter\u0103 a comer\u021bului, este important s\u0103 o men\u021binem deschis\u0103 ca o arter\u0103 pentru fluxurile de energie. Este important ca infrastructura construit\u0103 pentru Neptun Deep s\u0103 fie protejat\u0103 \u00eempotriva amenin\u021b\u0103rilor care exist\u0103 acolo. Ave\u021bi o parte a lumii care este un poten\u021bial punct de aprindere, \u00een care sunt lovituri active \u0219i contraatacuri \u00eentre Rusia \u0219i Ucraina \u0219i nu este nicio \u00eendoial\u0103 \u00een mintea nim\u0103nui, cred, c\u0103 \u00een acest moment Marea Neagr\u0103 face parte din frontiera estic\u0103 a NATO \u0219i este o linie de contact cu cea mai mare amenin\u021bare unic\u0103 la adresa alian\u021bei NATO.<\/p>\n<h2 id=\"highlight-3934701-9\">Diploma\u0163ie, la grani\u0163a cu r\u0103zboiul<\/h2>\n<p data-index=\"20\"><strong>Cristina Cileacu: Ve\u021bi fi \u00eenlocuit, desigur, de un nou ambasador c\u00e2nd pleca\u021bi din Rom\u00e2nia, a\u021bi spune succesorului dvs. c\u0103 Rom\u00e2nia este acum mai bine ap\u0103rat\u0103 pentru c\u0103 toat\u0103 lumea se implic\u0103 sau Rom\u00e2nia este mai sigur\u0103 pentru c\u0103 ea \u00eens\u0103\u0219i acord\u0103 mai mult\u0103 aten\u021bie propriei sale securit\u0103\u021bi?<\/strong><\/p>\n<p data-index=\"21\"><strong>Gavin Buchan:<\/strong> Am\u00e2ndou\u0103. Cu to\u021bii trebuie s\u0103 ne asum\u0103m responsabilitatea pentru propria noastr\u0103 securitate, nu? Canada trebuie s\u0103 apere Arctica, pentru c\u0103 este curtea noastr\u0103. Nimeni nu mai este acolo, \u00een afar\u0103 de ru\u0219i.<\/p>\n<p data-index=\"22\"><strong>Cristina Cileacu: Cu excep\u021bia ru\u0219ilor, da.<\/strong><\/p>\n<p data-index=\"23\"><strong>Gavin Buchan:<\/strong> Toat\u0103 lumea trebuie s\u0103 aib\u0103 grij\u0103 de ea \u0219i este important ca \u021b\u0103rile s\u0103-\u0219i asume responsabilitatea pentru propria ap\u0103rare, iar Rom\u00e2nia a f\u0103cut asta cu investi\u021biile pe care le-a f\u0103cut \u00een ap\u0103rare. Dar, \u00een acela\u0219i timp, tot ce am spus despre prezen\u021ba canadian\u0103 \u00een Letonia cu brigada multina\u021bional\u0103 de acolo, \u00een calitate de lider al brig\u0103zii multina\u021bionale, ave\u021bi un argument pentru ca prezen\u021ba NATO aici s\u0103 fi f\u0103cut Rom\u00e2nia mai sigur\u0103 dec\u00e2t a fost vreodat\u0103, pentru c\u0103 nu mai este lumea veche, \u00een care Rom\u00e2nia era prins\u0103 \u00eentre imperii uria\u0219e \u0219i oricare dintre ele ar putea s\u0103 te manipuleze. Acum Rom\u00e2nia are o alian\u021b\u0103 mai larg\u0103, are acele \u021b\u0103ri reprezentate aici \u0219i nimeni nu poate lupta doar cu Rom\u00e2nia. Dac\u0103 se lupt\u0103 cu Rom\u00e2nia, se lupt\u0103 cu \u00eentreaga Alian\u021b\u0103.<\/p>\n<h2 id=\"highlight-3934701-10\">C\u00e2t de european\u0103 este Canada<\/h2>\n<p data-index=\"24\"><strong>Cristina Cileacu: Vorbind despre Uniunea European\u0103, \u00een \u021b\u0103rile europene, Canada \u0219i prim-ministrul dvs., dac\u0103 tot am \u00eenceput cu el acest interviu, este foarte preocupat de Uniunea European\u0103. Am fost \u00eentrebat\u0103, trebuie s\u0103 v\u0103 \u00eentreb \u0219i pe dvs, are Canada de fapt o inten\u021bie serioas\u0103 de a deveni mai european\u0103? Nu v\u0103 \u00eentreb dac\u0103 v\u0103 al\u0103tura\u021bi Uniunii Europene.<\/strong><\/p>\n<p data-index=\"25\"><strong>Gavin Buchan:<\/strong> Vreau s\u0103 spun c\u0103 sunt anumite impedimente geografice \u0219i de integrare semnificative pentru a deveni membru cu drepturi depline al Uniunii Europene, a\u0219a c\u0103, cred c\u0103 profesioni\u0219tii se uit\u0103 la asta \u0219i spun c\u0103 nu este realist, dar ceea ce pot spune este c\u0103 la fiecare nivel \u0219i \u00een fiecare sfer\u0103 Canada este interesat\u0103 de o colaborare mai str\u00e2ns\u0103 cu Uniunea European\u0103. Avem Acordul economic \u0219i comercial cuprinz\u0103tor \u00eentre Canada \u0219i UE, care este unul dintre cele mai moderne \u0219i complete de pe planet\u0103. Avem un parteneriat de securitate \u0219i ap\u0103rare \u0219i prezen\u021ba noastr\u0103 \u00een ini\u021biativa SAFE. Am convenit, la un nivel cultural mai frivol, anul acesta s\u0103 ne al\u0103tur\u0103m Eurovision, astfel, ve\u021bi putea vedea c\u00e2nt\u0103re\u021bi canadieni concur\u00e2nd la concursul muzical Eurovision. La toate aceste niveluri, Canada vede Europa ca fiind partenerul natural \u00een lume. Ne-am stabilit obiectivul de a dubla comer\u021bul nostru \u00een afara Statelor Unite \u00een urm\u0103torii 10 ani. Europa va fi absolut esen\u021bial\u0103 \u00een acest sens. Europa \u00eenseamn\u0103 \u021b\u0103ri \u00een care putem investi \u0219i de unde putem primi investi\u021bii, \u0163\u0103ri \u00een care resursele noastre \u0219i nevoile industriei europene sunt echivalente naturale. Sunt at\u00e2t de multe lucruri pe care le putem face \u0219i sunt at\u00e2t de multe pe care le vom face. Da, este posibil s\u0103 nu putem adera la UE, \u00een ciuda grani\u021bei noastre terestre cu Danemarca pe insula Hans.<\/p>\n<p data-index=\"26\"><strong>Cristina Cileacu: Care este acolo \u0219i r\u0103m\u00e2ne.<\/strong><\/p>\n<p data-index=\"27\"><strong>Gavin Buchan:<\/strong> \u0218ti\u021bi povestea asta, nu? Cea mai civilizat\u0103 disput\u0103 teritorial\u0103 din lume? Practic, c\u00e2nd era disputat\u0103 (n.r. Insula Hans), marinele noastre vizitau pe r\u00e2nd zona, iar danezii ridicau un steag danez \u0219i l\u0103sau o sticl\u0103 de schnapps, iar canadienii veneau, scoteau steagul danez, ridicau un steag canadian \u0219i l\u0103sau o sticl\u0103 de whisky \u0219i scoteau sticla de Schnapps. Acest lucru a continuat ani de zile \u0219i, \u00een cele din urm\u0103, am ajuns la o solu\u021bie fericit\u0103 negociat\u0103, care ne ofer\u0103 o frontier\u0103 terestr\u0103 cu Uniunea European\u0103.<\/p>\n<h2 id=\"highlight-3934701-11\">O misiune f\u0103r\u0103 regrete<\/h2>\n<p data-index=\"28\"><strong>Cristina Cileacu: Dle. ambasador, de obicei c\u00e2nd avem ultimul interviu \u00een aceast\u0103 calitate, se spun cuvinte frumoase, dar trebuie s\u0103 v\u0103 \u00eentreb ce nu v-a pl\u0103cut \u00een timpul misiunii dvs., aici \u00een Rom\u00e2nia?<\/strong><\/p>\n<p data-index=\"29\"><strong>Gavin Buchan:<\/strong> Dar una dintre &#8220;c\u0103r\u0163ile de salvare&#8221; pentru to\u021bi diploma\u021bii din Rom\u00e2nia este traficul. Pentru c\u0103 po\u021bi spune asta, este ceva neutru din punct de vedere cultural \u0219i fiecare rom\u00e2n este de acord cu tine. Dar au fost mult mai multe aici care mi-au pl\u0103cut. S\u0103lb\u0103ticia atrage un canadian, prietenia oamenilor, c\u0103ldura poporului, capacitatea de a merge de la malul m\u0103rii la mun\u021bi, p\u00e2n\u0103 \u00een Delt\u0103.<\/p>\n<p data-index=\"30\"><strong>Cristina Cileacu: Dureaz\u0103 ceva timp, a\u0219a cum a\u0163i spus, dar da, ajungi acolo. S\u0103 sper\u0103m c\u0103 \u0219i rom\u00e2nii v\u0103d lucruril \u00een acela\u0219i mod. Dle ambasador, v\u0103 mul\u021bumesc foarte mult pentru acest interviu \u0219i pentru misiunea dumneavoastr\u0103 \u00een Rom\u00e2nia, bine\u00een\u021beles.<\/strong><\/p>\n<p data-index=\"31\"><strong>Gavin Buchan:<\/strong> A fost o pl\u0103cere pentru mine \u0219i v\u0103 mul\u021bumesc.<\/p>\n<p data-index=\"32\"><strong>Cristina Cileacu: Dup\u0103 cum am \u00eentrebat, ce ve\u021bi face cu limba rom\u00e2n\u0103 acas\u0103, \u00een Canada?<\/strong><\/p>\n<p data-index=\"33\"><strong>Gavin Buchan:<\/strong> Voi surprinde oamenii. C\u00e2nd se a\u0219teapt\u0103 cel mai pu\u021bin, voi vorbi ceva \u00een limba rom\u00e2n\u0103.<\/p>\n<p data-index=\"34\"><strong>Cristina Cileacu: Mul\u021bumesc foarte mult.<\/strong><\/p>\n<p data-index=\"35\"><strong>Gavin Buchan:<\/strong> A fost o pl\u0103cere.<\/p>\n<\/div>\n<p>[analyse_source url=&#8221;https:\/\/www.digi24.ro\/stiri\/externe\/ambasadorul-gavin-buchan-oamenii-inteleg-acum-ca-securitatea-marii-negre-este-securitatea-flancului-estic-al-nato-3934701&#8243;]<\/p>\n","protected":false},"excerpt":{"rendered":"<p>[analyse_image type=&#8221;featured&#8221; src=&#8221;https:\/\/s.iw.ro\/gateway\/g\/ZmlsZVNvdXJjZT1odHRwJTNBJTJGJTJG\/c3RvcmFnZTA4dHJhbnNjb2Rlci5yY3Mt\/cmRzLnJvJTJGc3RvcmFnZSUyRjIwMjYl\/MkYwOSUyRjA0JTJGMjk0Njc3NV8yOTQ2\/Nzc1X0dhdmluLUJ1Y2hhbi0xLmpwZyZ3\/PTEyMDAmaD02MzAmemM9MSZoYXNoPTM5\/YzVkZmU1ZTliYWUzNzFjZWJlZGRmM2RkYzk1NmQ2.thumb.jpg&#8221;] Canada este tot mai apropiat\u0103 de Europa, pentru c\u0103 valorile comune se recunosc u\u015for \u00een lumea care se transform\u0103. Securitatea continentului european este de interes pentru canadieni, iar Marea Neagr\u0103, cel mai fierbinte punct de pe flancul estic, este zona care \u00eei \u0163ine aten\u0163i. Ambasadorul Gavin Buchan \u015fi-a \u00eencheiat misiunea diplomatic\u0103 \u00een [&hellip;]<\/p>\n","protected":false},"author":1,"featured_media":0,"comment_status":"open","ping_status":"","sticky":false,"template":"","format":"standard","meta":{"footnotes":""},"categories":[89],"tags":[226,11],"class_list":["post-2128008","post","type-post","status-publish","format-standard","hentry","category-romania","tag-crawlmanager","tag-digi24"],"_links":{"self":[{"href":"https:\/\/analyse.optim.biz\/index.php?rest_route=\/wp\/v2\/posts\/2128008","targetHints":{"allow":["GET"]}}],"collection":[{"href":"https:\/\/analyse.optim.biz\/index.php?rest_route=\/wp\/v2\/posts"}],"about":[{"href":"https:\/\/analyse.optim.biz\/index.php?rest_route=\/wp\/v2\/types\/post"}],"author":[{"embeddable":true,"href":"https:\/\/analyse.optim.biz\/index.php?rest_route=\/wp\/v2\/users\/1"}],"replies":[{"embeddable":true,"href":"https:\/\/analyse.optim.biz\/index.php?rest_route=%2Fwp%2Fv2%2Fcomments&post=2128008"}],"version-history":[{"count":0,"href":"https:\/\/analyse.optim.biz\/index.php?rest_route=\/wp\/v2\/posts\/2128008\/revisions"}],"wp:attachment":[{"href":"https:\/\/analyse.optim.biz\/index.php?rest_route=%2Fwp%2Fv2%2Fmedia&parent=2128008"}],"wp:term":[{"taxonomy":"category","embeddable":true,"href":"https:\/\/analyse.optim.biz\/index.php?rest_route=%2Fwp%2Fv2%2Fcategories&post=2128008"},{"taxonomy":"post_tag","embeddable":true,"href":"https:\/\/analyse.optim.biz\/index.php?rest_route=%2Fwp%2Fv2%2Ftags&post=2128008"}],"curies":[{"name":"wp","href":"https:\/\/api.w.org\/{rel}","templated":true}]}}