{"id":2127999,"date":"2026-09-04T10:22:17","date_gmt":"2026-09-04T07:22:17","guid":{"rendered":"https:\/\/analyse.optim.biz\/?p=2127999"},"modified":"2026-09-04T10:22:17","modified_gmt":"2026-09-04T07:22:17","slug":"grindeanu-spune-ca-este-pregatit-sa-faca-o-majoritate-pentru-guvernare-psd-ramane-maturul-din-incapere","status":"publish","type":"post","link":"https:\/\/analyse.optim.biz\/?p=2127999","title":{"rendered":"Grindeanu spune c\u0103 este preg\u0103tit s\u0103 fac\u0103 o majoritate pentru guvernare. \u201ePSD r\u0103m\u00e2ne maturul din \u00eenc\u0103pere\u201d"},"content":{"rendered":"<p>[analyse_image type=&#8221;featured&#8221; src=&#8221;https:\/\/s.iw.ro\/gateway\/g\/ZmlsZVNvdXJjZT1odHRwJTNBJTJGJTJG\/c3RvcmFnZTA4dHJhbnNjb2Rlci5yY3Mt\/cmRzLnJvJTJGc3RvcmFnZSUyRjIwMjYl\/MkYwNyUyRjIyJTJGMjg2Mzg0M18yODYz\/ODQzX01DWm9ZWE5vUFRreU5EY3dOV1Js\/WkRsa1pXUm1ZamMxWkRFNU5qazJNRFZt\/TnpNd1lUSTBfdGh1bWJfLmpwZyZ3PTEy\/MDAmaD02MzAmemM9MSZoYXNoPTJmZjll\/YzI5ZTI5MDM5MzI1YTlkNzAzNWFjY2MzZmVh.thumb.jpg&#8221;]<\/p>\n<div class=\"entry data-app-meta data-app-meta-article\" data-embed-base-url-canonical=\"https:\/\/www.digi24.ro\/embed\/stiri\/actualitate\/politica\/grindeanu-spune-ca-este-pregatit-sa-faca-o-majoritate-pentru-guvernare-psd-ramane-maturul-din-incapere-3934825\">\n<p data-index=\"1\"><strong>Pre\u0219edintele PSD, Sorin Grindeanu, a declarat vineri c\u0103 PSD este preg\u0103tit s\u0103 formeze o majoritate \u0219i s\u0103 intre la guvernare, dup\u0103 \u201epatru luni de interimat, calcule politice \u0219i discu\u021bii\u201d. Liderul social-democrat mai afirm\u0103 c\u0103 puterea de cump\u0103rare a rom\u00e2nilor este \u00een sc\u0103dere \u0219i c\u0103 prelungirea crizei politice \u201e\u00eenseamn\u0103 mai mult\u0103 presiune pe oameni\u201d.<\/strong><\/p>\n<p data-index=\"2\">\u201eRom\u00e2nia are nevoie de un Guvern cu puteri depline. O arat\u0103 inclusiv datele publicate ast\u0103zi de INS: v\u00e2nz\u0103rile au sc\u0103zut cu aproape 6% \u00een primele \u0219apte luni ale anului. Comparativ cu 2024, rom\u00e2nii au cump\u0103rat tot mai pu\u021bin, au t\u0103iat \u0219i din lista de alimente! Se uit\u0103 de dou\u0103 ori \u00eenainte s\u0103 pun\u0103 ceva \u00een co\u0219. Iar familiile renun\u021b\u0103 la tot mai multe lucruri pe care, p\u00e2n\u0103 ieri, \u0219i le permiteau.<\/p>\n<p data-index=\"3\">Despre aceast\u0103 criz\u0103 economico-social\u0103 ar trebui s\u0103 discut\u0103m ast\u0103zi. Nu despre c\u00e2te voturi \u00eei lipsesc unuia sau altuia, ci despre c\u00e2t timp mai poate pierde Rom\u00e2nia.<\/p>\n<p data-index=\"4\">Au trecut deja patru luni de interimat, calcule politice \u0219i discu\u021bii \u00een care fiecare partid explic\u0103 de ce solu\u021bia celuilalt nu poate func\u021biona.<\/p>\n<p data-index=\"5\">Economia nu a\u0219teapt\u0103 ca partidele s\u0103-\u0219i termine calculele. Fiecare zi, f\u0103r\u0103 un Guvern cu puteri depline, \u00eenseamn\u0103 mai mult\u0103 presiune pe oameni, pe firme \u0219i pe o economie care are nevoie urgent\u0103 de direc\u021bie \u0219i de solu\u021bii, nu doar t\u0103ieri\u201d, a scris Sorin Grindeanu vineri, \u00eentr-un mesaj pe Facebook.<\/p>\n<p data-index=\"6\">\u00a0<\/p>\n<p data-index=\"7\">Liderul social-democrat mai arat\u0103 c\u0103 \u201ePSD este preg\u0103tit s\u0103 construiasc\u0103 o majoritate\u201d \u0219i c\u0103 \u0219i-a prezentat priorit\u0103\u021bile de guvernare, iar \u00een perioada urm\u0103toare va discuta cu partenerii sociali.<\/p>\n<p data-index=\"8\">\u201ePSD a demonstrat c\u0103 \u0219tie s\u0103 guverneze. De aceea, PSD nu st\u0103 pe margine \u0219i r\u0103m\u00e2ne maturul din \u00eenc\u0103pere.<\/p>\n<p data-index=\"9\">\u00cen timp ce PNL \u0219i USR \u00eencearc\u0103 s\u0103 demonstreze c\u0103 PSD nu are cele 233 de voturi, Rom\u00e2nia are o problem\u0103 mult mai mare: lipsa unei perspective clare care macin\u0103 toat\u0103 societatea.<\/p>\n<p data-index=\"10\">PSD \u0219i-a asumat o solu\u021bie, <a href=\"https:\/\/www.digi24.ro\/stiri\/actualitate\/politica\/document-acordul-celor-10-prioritati-nationale-de-care-psd-conditioneaza-guvernarea-3928733\" target=\"_blank\" rel=\"noopener\" data-skip-linkfix=\"1\">\u0219i-a prezentat priorit\u0103\u021bile<\/a> \u0219i este preg\u0103tit s\u0103 construiasc\u0103 majoritatea necesar\u0103 pentru a guverna.<\/p>\n<p data-index=\"11\">P\u00e2n\u0103 la un dialog politic matur cu celelalte partide politice, ne vom concentra pe consultarea partenerilor sociali pentru coagularea celor mai eficiente m\u0103suri pentru ie\u0219irea din criz\u0103\u201d, a mai afirmat Sorin Grindeanu.<\/p>\n<p data-index=\"12\"><strong>Cite\u0219te \u0219i: <a href=\"https:\/\/www.digi24.ro\/stiri\/actualitate\/politica\/siegfried-muresan-pnl-vrea-continuarea-reformelor-si-reducerea-deficitului-nu-vrem-sa-revenim-la-un-guvern-amatoricesc-3934643\" target=\"_blank\" rel=\"noopener\" data-skip-linkfix=\"1\">Priorit\u0103\u021bile lui Siegfried Mure\u0219an, propunerea PNL pentru func\u021bia de prim-ministru. \u201eNu vrem s\u0103 revenim la un guvern amatoricesc\u201d<\/a><\/strong><\/p>\n<p> Editor : <a href=\"https:\/\/www.digi24.ro\/autor\/bogdan-pacurar\"> B.P. <\/a><\/p>\n<\/div>\n<p>[analyse_source url=&#8221;https:\/\/www.digi24.ro\/stiri\/actualitate\/politica\/grindeanu-spune-ca-este-pregatit-sa-faca-o-majoritate-pentru-guvernare-psd-ramane-maturul-din-incapere-3934825&#8243;]<\/p>\n","protected":false},"excerpt":{"rendered":"<p>[analyse_image type=&#8221;featured&#8221; src=&#8221;https:\/\/s.iw.ro\/gateway\/g\/ZmlsZVNvdXJjZT1odHRwJTNBJTJGJTJG\/c3RvcmFnZTA4dHJhbnNjb2Rlci5yY3Mt\/cmRzLnJvJTJGc3RvcmFnZSUyRjIwMjYl\/MkYwNyUyRjIyJTJGMjg2Mzg0M18yODYz\/ODQzX01DWm9ZWE5vUFRreU5EY3dOV1Js\/WkRsa1pXUm1ZamMxWkRFNU5qazJNRFZt\/TnpNd1lUSTBfdGh1bWJfLmpwZyZ3PTEy\/MDAmaD02MzAmemM9MSZoYXNoPTJmZjll\/YzI5ZTI5MDM5MzI1YTlkNzAzNWFjY2MzZmVh.thumb.jpg&#8221;] Pre\u0219edintele PSD, Sorin Grindeanu, a declarat vineri c\u0103 PSD este preg\u0103tit s\u0103 formeze o majoritate \u0219i s\u0103 intre la guvernare, dup\u0103 \u201epatru luni de interimat, calcule politice \u0219i discu\u021bii\u201d. Liderul social-democrat mai afirm\u0103 c\u0103 puterea de cump\u0103rare a rom\u00e2nilor este \u00een sc\u0103dere \u0219i c\u0103 prelungirea crizei politice \u201e\u00eenseamn\u0103 mai mult\u0103 presiune pe [&hellip;]<\/p>\n","protected":false},"author":1,"featured_media":0,"comment_status":"open","ping_status":"","sticky":false,"template":"","format":"standard","meta":{"footnotes":""},"categories":[89],"tags":[226,11],"class_list":["post-2127999","post","type-post","status-publish","format-standard","hentry","category-romania","tag-crawlmanager","tag-digi24"],"_links":{"self":[{"href":"https:\/\/analyse.optim.biz\/index.php?rest_route=\/wp\/v2\/posts\/2127999","targetHints":{"allow":["GET"]}}],"collection":[{"href":"https:\/\/analyse.optim.biz\/index.php?rest_route=\/wp\/v2\/posts"}],"about":[{"href":"https:\/\/analyse.optim.biz\/index.php?rest_route=\/wp\/v2\/types\/post"}],"author":[{"embeddable":true,"href":"https:\/\/analyse.optim.biz\/index.php?rest_route=\/wp\/v2\/users\/1"}],"replies":[{"embeddable":true,"href":"https:\/\/analyse.optim.biz\/index.php?rest_route=%2Fwp%2Fv2%2Fcomments&post=2127999"}],"version-history":[{"count":0,"href":"https:\/\/analyse.optim.biz\/index.php?rest_route=\/wp\/v2\/posts\/2127999\/revisions"}],"wp:attachment":[{"href":"https:\/\/analyse.optim.biz\/index.php?rest_route=%2Fwp%2Fv2%2Fmedia&parent=2127999"}],"wp:term":[{"taxonomy":"category","embeddable":true,"href":"https:\/\/analyse.optim.biz\/index.php?rest_route=%2Fwp%2Fv2%2Fcategories&post=2127999"},{"taxonomy":"post_tag","embeddable":true,"href":"https:\/\/analyse.optim.biz\/index.php?rest_route=%2Fwp%2Fv2%2Ftags&post=2127999"}],"curies":[{"name":"wp","href":"https:\/\/api.w.org\/{rel}","templated":true}]}}