{"id":2127996,"date":"2026-09-04T09:58:47","date_gmt":"2026-09-04T06:58:47","guid":{"rendered":"https:\/\/analyse.optim.biz\/?p=2127996"},"modified":"2026-09-04T09:58:47","modified_gmt":"2026-09-04T06:58:47","slug":"trimisii-lui-trump-vor-merge-in-rusia-si-ucraina-in-weekend-va-fi-prima-data-cand-cei-doi-vor-vizita","status":"publish","type":"post","link":"https:\/\/analyse.optim.biz\/?p=2127996","title":{"rendered":"Trimi\u0219ii lui Trump vor merge \u00een Rusia \u0219i Ucraina \u00een weekend. Va fi prima dat\u0103 c\u00e2nd cei doi vor vizita&#8230;"},"content":{"rendered":"<p>[analyse_image type=&#8221;featured&#8221; src=&#8221;https:\/\/s.iw.ro\/gateway\/g\/ZmlsZVNvdXJjZT1odHRwJTNBJTJGJTJG\/c3RvcmFnZTA4dHJhbnNjb2Rlci5yY3Mt\/cmRzLnJvJTJGc3RvcmFnZSUyRjIwMjYl\/MkYwOSUyRjA0JTJGMjk0NjgwNV8yOTQ2\/ODA1X0phcmVkLUt1c2huZXItc2ktU3Rl\/dmUtV2l0a29mZl8tRm90by1Qcm9maW1l\/ZGlhLmpwZyZ3PTEyMDAmaD02MzAmemM9\/MSZoYXNoPWNhY2E2NzYwYWU5Yjg4MTU2OTQ2YmMyZjJhYTEwMjhi.thumb.jpg&#8221;]<\/p>\n<div class=\"entry data-app-meta data-app-meta-article\" data-embed-base-url-canonical=\"https:\/\/www.digi24.ro\/embed\/stiri\/externe\/trimisii-lui-trump-vor-merge-in-rusia-si-ucraina-in-weekend-va-fi-prima-data-cand-cei-doi-vor-vizita-kievul-3934829\">\n<p data-index=\"1\"><strong>Emisarii lui Donald Trump, Steve Witkoff \u0219i Jared Kushner, inten\u021bioneaz\u0103 s\u0103 viziteze at\u00e2t Moscova, c\u00e2t \u0219i Kievul \u00een urm\u0103toarele zile, a anun\u021bat agen\u021bia de \u0219tiri de stat rus\u0103 Tass. Agen\u021bia a citat surse proprii, precizeaz\u0103 <a href=\"https:\/\/tvpworld.com\/95215099\/us-witkoff-kushner-to-visit-russia-ukraine-on-september-5-6\" target=\"_blank\" rel=\"noopener\" data-skip-linkfix=\"1\">TVPWorld<\/a>.<\/strong><\/p>\n<p data-index=\"2\">Dac\u0103 informa\u021bia se confirm\u0103, va fi prima dat\u0103 c\u00e2nd cei doi emisari vor vizita capitala Ucrainei, \u00een ciuda numeroaselor c\u0103l\u0103torii efectuate la Moscova.<\/p>\n<p data-index=\"3\">\u00centr-o postare pe platforma X, pre\u0219edintele ucrainean Volodimir Zelenski, pare s\u0103 confirme informa\u021bia Tass, dar nu a men\u021bionat niciun nume.<\/p>\n<p data-index=\"4\">\u201eTocmai am avut o \u00eent\u00e2lnire cu echipa implicat\u0103 \u00een negocierile cu emisarii pre\u0219edintelui SUA. Suntem \u00een contact cu ace\u0219tia practic 24 de ore din 24, 7 zile din 7 \u0219i ne preg\u0103tim acum pentru \u00eent\u00e2lniri. Au fost stabilite date provizorii\u201d, a scris pre\u0219edintele ucrainean.<\/p>\n<p data-index=\"5\">\u201eNe a\u0219tept\u0103m ca emisarii pre\u0219edintelui SUA s\u0103 soseasc\u0103 aici, la Kiev. Ace\u0219tia au confirmat c\u0103 vor avea o \u00eent\u00e2lnire la Moscova \u0219i o alta la Kiev. Ne a\u0219tept\u0103m ca cea din urm\u0103 s\u0103 aib\u0103 loc \u00een zilele urm\u0103toare. Acest lucru este foarte important. Este important ca America s\u0103 r\u0103m\u00e2n\u0103 implicat\u0103 activ. Suntem preg\u0103ti\u021bi s\u0103 ne \u00eent\u00e2lnim cu ei \u00een Ucraina \u2013 \u00eentr-un cadru adecvat \u0219i substan\u021bial\u201d, a ad\u0103ugat Zelenski.<\/p>\n<p> Editor : <a href=\"https:\/\/www.digi24.ro\/autor\/marina-constantinoiu\"> M.C <\/a><\/p>\n<\/div>\n<p>[analyse_source url=&#8221;https:\/\/www.digi24.ro\/stiri\/externe\/trimisii-lui-trump-vor-merge-in-rusia-si-ucraina-in-weekend-va-fi-prima-data-cand-cei-doi-vor-vizita-kievul-3934829&#8243;]<\/p>\n","protected":false},"excerpt":{"rendered":"<p>[analyse_image type=&#8221;featured&#8221; src=&#8221;https:\/\/s.iw.ro\/gateway\/g\/ZmlsZVNvdXJjZT1odHRwJTNBJTJGJTJG\/c3RvcmFnZTA4dHJhbnNjb2Rlci5yY3Mt\/cmRzLnJvJTJGc3RvcmFnZSUyRjIwMjYl\/MkYwOSUyRjA0JTJGMjk0NjgwNV8yOTQ2\/ODA1X0phcmVkLUt1c2huZXItc2ktU3Rl\/dmUtV2l0a29mZl8tRm90by1Qcm9maW1l\/ZGlhLmpwZyZ3PTEyMDAmaD02MzAmemM9\/MSZoYXNoPWNhY2E2NzYwYWU5Yjg4MTU2OTQ2YmMyZjJhYTEwMjhi.thumb.jpg&#8221;] Emisarii lui Donald Trump, Steve Witkoff \u0219i Jared Kushner, inten\u021bioneaz\u0103 s\u0103 viziteze at\u00e2t Moscova, c\u00e2t \u0219i Kievul \u00een urm\u0103toarele zile, a anun\u021bat agen\u021bia de \u0219tiri de stat rus\u0103 Tass. Agen\u021bia a citat surse proprii, precizeaz\u0103 TVPWorld. Dac\u0103 informa\u021bia se confirm\u0103, va fi prima dat\u0103 c\u00e2nd cei doi emisari vor vizita capitala Ucrainei, [&hellip;]<\/p>\n","protected":false},"author":1,"featured_media":0,"comment_status":"open","ping_status":"","sticky":false,"template":"","format":"standard","meta":{"footnotes":""},"categories":[89],"tags":[226,11],"class_list":["post-2127996","post","type-post","status-publish","format-standard","hentry","category-romania","tag-crawlmanager","tag-digi24"],"_links":{"self":[{"href":"https:\/\/analyse.optim.biz\/index.php?rest_route=\/wp\/v2\/posts\/2127996","targetHints":{"allow":["GET"]}}],"collection":[{"href":"https:\/\/analyse.optim.biz\/index.php?rest_route=\/wp\/v2\/posts"}],"about":[{"href":"https:\/\/analyse.optim.biz\/index.php?rest_route=\/wp\/v2\/types\/post"}],"author":[{"embeddable":true,"href":"https:\/\/analyse.optim.biz\/index.php?rest_route=\/wp\/v2\/users\/1"}],"replies":[{"embeddable":true,"href":"https:\/\/analyse.optim.biz\/index.php?rest_route=%2Fwp%2Fv2%2Fcomments&post=2127996"}],"version-history":[{"count":0,"href":"https:\/\/analyse.optim.biz\/index.php?rest_route=\/wp\/v2\/posts\/2127996\/revisions"}],"wp:attachment":[{"href":"https:\/\/analyse.optim.biz\/index.php?rest_route=%2Fwp%2Fv2%2Fmedia&parent=2127996"}],"wp:term":[{"taxonomy":"category","embeddable":true,"href":"https:\/\/analyse.optim.biz\/index.php?rest_route=%2Fwp%2Fv2%2Fcategories&post=2127996"},{"taxonomy":"post_tag","embeddable":true,"href":"https:\/\/analyse.optim.biz\/index.php?rest_route=%2Fwp%2Fv2%2Ftags&post=2127996"}],"curies":[{"name":"wp","href":"https:\/\/api.w.org\/{rel}","templated":true}]}}