{"id":2127993,"date":"2026-09-04T09:56:59","date_gmt":"2026-09-04T06:56:59","guid":{"rendered":"https:\/\/analyse.optim.biz\/?p=2127993"},"modified":"2026-09-04T09:56:59","modified_gmt":"2026-09-04T06:56:59","slug":"un-nor-de-praf-saharian-ajunge-in-europa-avertisment-pentru-populatia-vulnerabila-din-portugalia","status":"publish","type":"post","link":"https:\/\/analyse.optim.biz\/?p=2127993","title":{"rendered":"Un nor de praf saharian ajunge \u00een Europa. Avertisment pentru popula\u021bia vulnerabil\u0103 din Portugalia"},"content":{"rendered":"<p>[analyse_image type=&#8221;featured&#8221; src=&#8221;https:\/\/s.iw.ro\/gateway\/g\/ZmlsZVNvdXJjZT1odHRwJTNBJTJGJTJG\/c3RvcmFnZTA4dHJhbnNjb2Rlci5yY3Mt\/cmRzLnJvJTJGc3RvcmFnZSUyRjIwMjYl\/MkYwOSUyRjA0JTJGMjk0Njc5OV8yOTQ2\/Nzk5X3ByYWYtc2FoYXJpYW4tcG9ydHVn\/YWxpYS5qcGVnJnc9MTIwMCZoPTYzMCZ6\/Yz0xJmhhc2g9M2EyMDA4NmFmOTE2MWY3YjI4Y2E2ZmRkYzA0Y2JiOGU=.thumb.jpg&#8221;]<\/p>\n<div class=\"entry data-app-meta data-app-meta-article\" data-embed-base-url-canonical=\"https:\/\/www.digi24.ro\/embed\/stiri\/externe\/ue\/un-nor-de-praf-saharian-ajunge-in-europa-avertisment-pentru-populatia-vulnerabila-din-portugalia-3934827\">\n<p data-index=\"1\"><strong>Calitatea aerului se va deteriora \u00een urm\u0103toarele zile \u00een mare parte din Portugalia continental\u0103 din cauza prafului provenit din nordul Africii, \u00een special \u00een regiunile centrale \u0219i sudice. Autorit\u0103\u021bile sanitare le recomand\u0103 persoanelor vulnerabile s\u0103 ia m\u0103suri suplimentare de precau\u021bie, relateaz\u0103 <a href=\"https:\/\/www.euronews.com\/health\/2026\/09\/04\/north-african-dust-hits-portugal-and-health-body-urges-vulnerable-people-to-stay-at-home\" target=\"_blank\" rel=\"noopener\" data-skip-linkfix=\"1\">Euronews<\/a>.<\/strong><\/p>\n<p data-index=\"2\">Direc\u021bia General\u0103 de S\u0103n\u0103tate din Portugalia (DGS) a emis o avertizare privind deteriorarea calit\u0103\u021bii aerului \u00een urm\u0103toarele zile, din cauza unei mase de aer provenite din de\u0219erturile Africii de Nord, care transport\u0103 particule de praf \u00een suspensie. Autoritatea sanitar\u0103 portughez\u0103 le recomand\u0103 persoanelor vulnerabile s\u0103 r\u0103m\u00e2n\u0103 \u00een locuin\u021be ori de c\u00e2te ori este posibil.<\/p>\n<p data-index=\"3\">\u00centr-un comunicat publicat pe site-ul s\u0103u, DGS precizeaz\u0103 c\u0103 praful provenit din nordul Africii va afecta cea mai mare parte a Portugaliei continentale, \u00een special regiunile Centru \u0219i Sud. Institutul Portughez al M\u0103rii \u0219i Atmosferei (IPMA) indic\u0103, de asemenea, prezen\u021ba prafului \u00een suspensie vineri \u0219i s\u00e2mb\u0103t\u0103.<\/p>\n<p data-index=\"4\">Din cauza acestuia, \u201eeste de a\u0219teptat o situa\u021bie de calitate slab\u0103 a aerului pe teritoriul continental, cu o cre\u0219tere a concentra\u021biilor de particule inhalabile de origine natural\u0103 \u00een aer\u201d, precizeaz\u0103 DGS.<\/p>\n<p data-index=\"5\">Potrivit autorit\u0103\u021bii sanitare, particulele inhalabile PM10 afecteaz\u0103 s\u0103n\u0103tatea, \u00een special \u00een cazul grupurilor mai sensibile, precum copiii \u0219i persoanele v\u00e2rstnice, ale c\u0103ror nevoi medicale ar trebui urm\u0103rite cu mai mult\u0103 aten\u021bie at\u00e2t timp c\u00e2t persist\u0103 aceste condi\u021bii.<\/p>\n<p class=\"gdpr-placeholder gdpr-social-media gdpr-iframe-fix\" data-index=\"7\"> Setarile tale privind cookie-urile nu permit afisarea continutul din aceasta sectiune. Poti actualiza setarile modulelor coookie direct din browser sau de <a class=\"ot-sdk-show-settings\" data-skip-linkfix=\"1\">aici<\/a> \u2013 e nevoie sa accepti cookie-urile social media<\/p>\n<p data-index=\"8\">Prin urmare, pe durata fenomenului, Direc\u021bia General\u0103 de S\u0103n\u0103tate recomand\u0103 popula\u021biei \u201es\u0103 evite efortul prelungit, s\u0103 limiteze activitatea fizic\u0103 \u00een aer liber \u0219i s\u0103 evite expunerea la factori de risc, precum fumul de tutun \u0219i contactul cu produse iritante\u201d.<\/p>\n<p data-index=\"9\">DGS recomand\u0103 \u00een mod special copiilor, persoanelor v\u00e2rstnice, celor cu afec\u021biuni respiratorii cronice, \u00een special astm, precum \u0219i persoanelor cu boli cardiovasculare s\u0103 r\u0103m\u00e2n\u0103, pe c\u00e2t posibil, \u00een interior \u0219i, de preferin\u021b\u0103, s\u0103 \u021bin\u0103 ferestrele \u00eenchise, \u201edin cauza vulnerabilit\u0103\u021bii lor crescute la efectele acestui fenomen\u201d.<\/p>\n<p data-index=\"10\">Autoritatea subliniaz\u0103, de asemenea, c\u0103 \u201epacien\u021bii cu boli cronice trebuie s\u0103 \u00ee\u0219i continue tratamentele medicale \u00een curs\u201d. \u00cen cazul agrav\u0103rii simptomelor, pacien\u021bii sunt sf\u0103tui\u021bi s\u0103 contacteze linia de asisten\u021b\u0103 Sa\u00fade 24 sau s\u0103 se prezinte la o unitate medical\u0103.<\/p>\n<h2 id=\"highlight-3934827-1\">Risc maxim de incendii de vegeta\u021bie \u00een interiorul \u021b\u0103rii<\/h2>\n<p data-index=\"11\">Pe l\u00e2ng\u0103 praful saharian, 11 municipalit\u0103\u021bi din districtele Bragan\u00e7a, Guarda, Castelo Branco \u0219i Coimbra se afl\u0103 vineri la nivel maxim de risc de incendii rurale, \u00eentr-o zi \u00een care temperaturile se men\u021bin ridicate, potrivit IPMA.<\/p>\n<p data-index=\"12\">Din cauza vremii c\u0103lduroase, IPMA a emis cod galben pentru districtele Bragan\u00e7a, Viseu, \u00c9vora, Guarda, Faro, Vila Real, Set\u00fabal, Santar\u00e9m, Lisabona, Leiria, Beja, Castelo Branco, Coimbra \u0219i Portalegre, avertizarea fiind valabil\u0103 p\u00e2n\u0103 s\u00e2mb\u0103t\u0103, la ora 19:00.<\/p>\n<p data-index=\"13\">De\u0219i v\u00e2rful episodului de c\u0103ldur\u0103 a fost atins joi, temperaturile sunt a\u0219teptate s\u0103 se men\u021bin\u0103 peste 20\u00b0C, \u00een pofida unei u\u0219oare sc\u0103deri vineri, \u00een special \u00een zonele de coast\u0103 \u0219i \u00een regiunile situate la sud de fluviul Tajo.<\/p>\n<p data-index=\"14\">Pentru vineri, IPMA prognozeaz\u0103 \u00een Portugalia continental\u0103 perioade cu cer noros, posibilitatea apari\u021biei averselor \u0219i furtunilor \u00een zonele interioare din nord \u0219i centru \u00eencep\u00e2nd de dup\u0103-amiaz\u0103, precum \u0219i v\u00e2nt \u00een general slab. Prognoza indic\u0103, totodat\u0103, o u\u0219oar\u0103 cre\u0219tere a temperaturilor minime.<\/p>\n<p> Editor : <a href=\"https:\/\/www.digi24.ro\/autor\/maria-isopescu\"> M.I. <\/a><\/p>\n<\/div>\n<p>[analyse_source url=&#8221;https:\/\/www.digi24.ro\/stiri\/externe\/ue\/un-nor-de-praf-saharian-ajunge-in-europa-avertisment-pentru-populatia-vulnerabila-din-portugalia-3934827&#8243;]<\/p>\n","protected":false},"excerpt":{"rendered":"<p>[analyse_image type=&#8221;featured&#8221; src=&#8221;https:\/\/s.iw.ro\/gateway\/g\/ZmlsZVNvdXJjZT1odHRwJTNBJTJGJTJG\/c3RvcmFnZTA4dHJhbnNjb2Rlci5yY3Mt\/cmRzLnJvJTJGc3RvcmFnZSUyRjIwMjYl\/MkYwOSUyRjA0JTJGMjk0Njc5OV8yOTQ2\/Nzk5X3ByYWYtc2FoYXJpYW4tcG9ydHVn\/YWxpYS5qcGVnJnc9MTIwMCZoPTYzMCZ6\/Yz0xJmhhc2g9M2EyMDA4NmFmOTE2MWY3YjI4Y2E2ZmRkYzA0Y2JiOGU=.thumb.jpg&#8221;] Calitatea aerului se va deteriora \u00een urm\u0103toarele zile \u00een mare parte din Portugalia continental\u0103 din cauza prafului provenit din nordul Africii, \u00een special \u00een regiunile centrale \u0219i sudice. Autorit\u0103\u021bile sanitare le recomand\u0103 persoanelor vulnerabile s\u0103 ia m\u0103suri suplimentare de precau\u021bie, relateaz\u0103 Euronews. Direc\u021bia General\u0103 de S\u0103n\u0103tate din Portugalia (DGS) a emis o [&hellip;]<\/p>\n","protected":false},"author":1,"featured_media":0,"comment_status":"open","ping_status":"","sticky":false,"template":"","format":"standard","meta":{"footnotes":""},"categories":[89],"tags":[226,11],"class_list":["post-2127993","post","type-post","status-publish","format-standard","hentry","category-romania","tag-crawlmanager","tag-digi24"],"_links":{"self":[{"href":"https:\/\/analyse.optim.biz\/index.php?rest_route=\/wp\/v2\/posts\/2127993","targetHints":{"allow":["GET"]}}],"collection":[{"href":"https:\/\/analyse.optim.biz\/index.php?rest_route=\/wp\/v2\/posts"}],"about":[{"href":"https:\/\/analyse.optim.biz\/index.php?rest_route=\/wp\/v2\/types\/post"}],"author":[{"embeddable":true,"href":"https:\/\/analyse.optim.biz\/index.php?rest_route=\/wp\/v2\/users\/1"}],"replies":[{"embeddable":true,"href":"https:\/\/analyse.optim.biz\/index.php?rest_route=%2Fwp%2Fv2%2Fcomments&post=2127993"}],"version-history":[{"count":0,"href":"https:\/\/analyse.optim.biz\/index.php?rest_route=\/wp\/v2\/posts\/2127993\/revisions"}],"wp:attachment":[{"href":"https:\/\/analyse.optim.biz\/index.php?rest_route=%2Fwp%2Fv2%2Fmedia&parent=2127993"}],"wp:term":[{"taxonomy":"category","embeddable":true,"href":"https:\/\/analyse.optim.biz\/index.php?rest_route=%2Fwp%2Fv2%2Fcategories&post=2127993"},{"taxonomy":"post_tag","embeddable":true,"href":"https:\/\/analyse.optim.biz\/index.php?rest_route=%2Fwp%2Fv2%2Ftags&post=2127993"}],"curies":[{"name":"wp","href":"https:\/\/api.w.org\/{rel}","templated":true}]}}