{"id":2127985,"date":"2026-09-04T09:29:09","date_gmt":"2026-09-04T06:29:09","guid":{"rendered":"https:\/\/analyse.optim.biz\/?p=2127985"},"modified":"2026-09-04T09:29:09","modified_gmt":"2026-09-04T06:29:09","slug":"zelenski-anunta-o-ancheta-dupa-conflictul-cu-focuri-de-arma-intre-cele-mai-puternice-servicii-secrete-din","status":"publish","type":"post","link":"https:\/\/analyse.optim.biz\/?p=2127985","title":{"rendered":"Zelenski anun\u0163\u0103 o anchet\u0103 dup\u0103 conflictul cu focuri de arm\u0103 \u00eentre cele mai puternice servicii secrete din&#8230;"},"content":{"rendered":"<p>[analyse_image type=&#8221;featured&#8221; src=&#8221;https:\/\/s.iw.ro\/gateway\/g\/ZmlsZVNvdXJjZT1odHRwJTNBJTJGJTJG\/c3RvcmFnZTA4dHJhbnNjb2Rlci5yY3Mt\/cmRzLnJvJTJGc3RvcmFnZSUyRjIwMjYl\/MkYwNyUyRjI3JTJGMjg2ODM1NV8yODY4\/MzU1X3Byb2ZpbWVkaWEtMDk2NjAyNzQz\/Mi5qcGcmdz0xMjAwJmg9NjMwJnpjPTEm\/aGFzaD0wZDlmMzdiOWI5ZjY3Yjg1NjMxYjNkYmI4YjgzY2Q0Ng==.thumb.jpg&#8221;]<\/p>\n<div class=\"entry data-app-meta data-app-meta-article\" data-embed-base-url-canonical=\"https:\/\/www.digi24.ro\/embed\/stiri\/externe\/zelenski-anunta-o-ancheta-dupa-conflictul-cu-focuri-de-arma-intre-cele-mai-puternice-servicii-secrete-din-ucraina-3934795\">\n<p data-index=\"1\"><strong>Pre\u015fedintele ucrainean Volodimir Zelenski a declarat joi c\u0103 o anchet\u0103 urmeaz\u0103 s\u0103 stabileasc\u0103 motivul conflictului \u00eentre serviciul de securitate din Ucraina &#8211; SBU, respectiv GUR, direc\u0163ia de informa\u0163ii din Ministerul Ap\u0103r\u0103rii de la Kiev.<\/strong><\/p>\n<p data-index=\"2\">Disputa a izbucnit dup\u0103 dispari\u0163ia timp de nou\u0103 zile a unui activist na\u0163ionalist rus care lupta al\u0103turi de for\u0163ele ucrainene \u00een r\u0103zboiul de ap\u0103rare \u00eempotriva Rusiei. El a afirmat c\u0103 a fost re\u0163inut de SBU \u015fi obligat s\u0103 semneze o declara\u0163ie \u00een care recuno\u015ftea c\u0103 a colaborat cu serviciile de informa\u0163ii ruse, m\u0103rturisire pe care a retractat-o ulterior.<\/p>\n<p data-index=\"3\">Miercuri, \u00een centrul Kievului a avut loc o ciocnire \u00een strad\u0103 dup\u0103 o perchezi\u0163ie a locuin\u0163ei activistului. Agen\u0163i ai SBU <a href=\"https:\/\/www.digi24.ro\/stiri\/externe\/schimb-de-focuri-intre-serviciile-secrete-gur-si-sbu-pe-strazile-din-kiev-de-la-ce-ar-fi-pornit-confruntarea-3931821\" target=\"_blank\" rel=\"noopener\" data-skip-linkfix=\"1\">au deschis focul<\/a> asupra membrilor unei unit\u0103\u0163i din GUR, r\u0103nind trei dintre ei, iar serviciul a sus\u0163inut c\u0103 a ac\u0163ionat pentru a \u00eempiedica o tentativ\u0103 de asasinat a unor activi\u015fti ru\u015fi \u00eempotriva Kremlinului, orchestrat\u0103 de Moscova.<\/p>\n<p data-index=\"4\">\u201eEste important s\u0103 se afle adev\u0103rul. \u015ei s\u0103 nu se mai produc\u0103 astfel de situa\u0163ii\u201d, a spus Zelenski \u00een mesajul s\u0103u video de noapte.<\/p>\n<p data-index=\"5\">El a ad\u0103ugat c\u0103 va avea loc o evaluare a conducerilor SBU \u015fi GUR \u201epe baza rezultatelor unei anchete interne\u201d \u015fi a apreciat c\u0103 \u201eeste complet corect ca ambele p\u0103r\u0163i s\u0103 fie trase la r\u0103spundere\u201d, deoarece ambele \u201eau ac\u0163ionat exact \u00een modul \u00een care nu trebuia\u201d.<\/p>\n<p data-index=\"6\">Doi militari din serviciile respective au fost anun\u0163a\u0163i c\u0103 sunt suspec\u0163i \u00een leg\u0103tur\u0103 cu incidentul.<\/p>\n<p data-index=\"7\">Pre\u015fedintele l-a demis deja pe \u015feful departamentului din SBU r\u0103spunz\u0103tor de protec\u0163ia secretelor de stat, Oleh Hramov.<\/p>\n<p data-index=\"8\"><strong>Cite\u0219te \u0219i: <a href=\"https:\/\/www.digi24.ro\/stiri\/externe\/zelenski-reactie-furioasa-dupa-schimbul-de-focuri-intre-serviciile-secrete-ale-kievului-absolut-rusinos-3933577\" target=\"_blank\" rel=\"noopener\" data-skip-linkfix=\"1\">Zelenski, reac\u021bie furioas\u0103 dup\u0103 schimbul de focuri \u00eentre serviciile secrete ale Kievului: \u201eAbsolut ru\u0219inos\u201d<\/a><\/strong><\/p>\n<p> Editor : <a href=\"https:\/\/www.digi24.ro\/autor\/bogdan-pacurar\"> B.P. <\/a><\/p>\n<\/div>\n<p>[analyse_source url=&#8221;https:\/\/www.digi24.ro\/stiri\/externe\/zelenski-anunta-o-ancheta-dupa-conflictul-cu-focuri-de-arma-intre-cele-mai-puternice-servicii-secrete-din-ucraina-3934795&#8243;]<\/p>\n","protected":false},"excerpt":{"rendered":"<p>[analyse_image type=&#8221;featured&#8221; src=&#8221;https:\/\/s.iw.ro\/gateway\/g\/ZmlsZVNvdXJjZT1odHRwJTNBJTJGJTJG\/c3RvcmFnZTA4dHJhbnNjb2Rlci5yY3Mt\/cmRzLnJvJTJGc3RvcmFnZSUyRjIwMjYl\/MkYwNyUyRjI3JTJGMjg2ODM1NV8yODY4\/MzU1X3Byb2ZpbWVkaWEtMDk2NjAyNzQz\/Mi5qcGcmdz0xMjAwJmg9NjMwJnpjPTEm\/aGFzaD0wZDlmMzdiOWI5ZjY3Yjg1NjMxYjNkYmI4YjgzY2Q0Ng==.thumb.jpg&#8221;] Pre\u015fedintele ucrainean Volodimir Zelenski a declarat joi c\u0103 o anchet\u0103 urmeaz\u0103 s\u0103 stabileasc\u0103 motivul conflictului \u00eentre serviciul de securitate din Ucraina &#8211; SBU, respectiv GUR, direc\u0163ia de informa\u0163ii din Ministerul Ap\u0103r\u0103rii de la Kiev. Disputa a izbucnit dup\u0103 dispari\u0163ia timp de nou\u0103 zile a unui activist na\u0163ionalist rus care lupta al\u0103turi de [&hellip;]<\/p>\n","protected":false},"author":1,"featured_media":0,"comment_status":"open","ping_status":"","sticky":false,"template":"","format":"standard","meta":{"footnotes":""},"categories":[89],"tags":[226,11],"class_list":["post-2127985","post","type-post","status-publish","format-standard","hentry","category-romania","tag-crawlmanager","tag-digi24"],"_links":{"self":[{"href":"https:\/\/analyse.optim.biz\/index.php?rest_route=\/wp\/v2\/posts\/2127985","targetHints":{"allow":["GET"]}}],"collection":[{"href":"https:\/\/analyse.optim.biz\/index.php?rest_route=\/wp\/v2\/posts"}],"about":[{"href":"https:\/\/analyse.optim.biz\/index.php?rest_route=\/wp\/v2\/types\/post"}],"author":[{"embeddable":true,"href":"https:\/\/analyse.optim.biz\/index.php?rest_route=\/wp\/v2\/users\/1"}],"replies":[{"embeddable":true,"href":"https:\/\/analyse.optim.biz\/index.php?rest_route=%2Fwp%2Fv2%2Fcomments&post=2127985"}],"version-history":[{"count":0,"href":"https:\/\/analyse.optim.biz\/index.php?rest_route=\/wp\/v2\/posts\/2127985\/revisions"}],"wp:attachment":[{"href":"https:\/\/analyse.optim.biz\/index.php?rest_route=%2Fwp%2Fv2%2Fmedia&parent=2127985"}],"wp:term":[{"taxonomy":"category","embeddable":true,"href":"https:\/\/analyse.optim.biz\/index.php?rest_route=%2Fwp%2Fv2%2Fcategories&post=2127985"},{"taxonomy":"post_tag","embeddable":true,"href":"https:\/\/analyse.optim.biz\/index.php?rest_route=%2Fwp%2Fv2%2Ftags&post=2127985"}],"curies":[{"name":"wp","href":"https:\/\/api.w.org\/{rel}","templated":true}]}}