{"id":2127981,"date":"2026-09-04T08:52:04","date_gmt":"2026-09-04T05:52:04","guid":{"rendered":"https:\/\/analyse.optim.biz\/?p=2127981"},"modified":"2026-09-04T08:52:04","modified_gmt":"2026-09-04T05:52:04","slug":"alocatiile-si-indemnizatiile-vor-intra-in-conturi-pe-8-septembrie-cand-primesc-banii-cei-care-au-ales","status":"publish","type":"post","link":"https:\/\/analyse.optim.biz\/?p=2127981","title":{"rendered":"Aloca\u021biile \u0219i indemniza\u021biile vor intra \u00een conturi pe 8 septembrie. C\u00e2nd primesc banii cei care au ales&#8230;"},"content":{"rendered":"<p>[analyse_image type=&#8221;featured&#8221; src=&#8221;https:\/\/s.iw.ro\/gateway\/g\/ZmlsZVNvdXJjZT1odHRwJTNBJTJGJTJG\/c3RvcmFnZTA4dHJhbnNjb2Rlci5yY3Mt\/cmRzLnJvJTJGc3RvcmFnZSUyRjIwMjUl\/MkYwNCUyRjIzJTJGMjI0MjcwOF8yMjQy\/NzA4X0Fsb2NhdGlpLXNpLWluZGVtbml6\/YXRpaS1pbi1sdW5hLW1haS0yMDI1Xy1G\/b3RvLVNodXR0ZXJzdG9jay5qcGcmdz0x\/MjAwJmg9NjMwJnpjPTEmaGFzaD0wMjVk\/YTFmZWZkNTYzMmUxMTQ5NzgwMTc5NDdiMDkzYg==.thumb.jpg&#8221;]<\/p>\n<div class=\"entry data-app-meta data-app-meta-article\" data-embed-base-url-canonical=\"https:\/\/www.digi24.ro\/embed\/stiri\/economie\/alocatiile-si-indemnizatiile-vor-intra-in-conturi-pe-8-septembrie-cand-primesc-banii-cei-care-au-ales-plata-prin-posta-3934685\">\n<p data-index=\"1\"><strong>Agen\u021bia Na\u021bional\u0103 pentru Pl\u0103\u021bi \u0219i Inspec\u021bie Social\u0103 va \u00eencepe pe 8 septembrie plata beneficiilor de asisten\u021b\u0103 social\u0103 aferente lunii august. Primele sume virate vor fi aloca\u021biile de stat pentru copii, indemniza\u021biile pentru cre\u0219terea copilului \u0219i stimulentele de inser\u021bie, iar calendarul celorlalte pl\u0103\u021bi se va \u00eentinde p\u00e2n\u0103 pe 21 septembrie.<\/strong><\/p>\n<p data-index=\"2\">\u00cen 8 septembrie, aloca\u021bia de stat pentru copii, indemniza\u021bia pentru cre\u0219terea copilului \u0219i stimulentul de inser\u021bie vor fi virate \u00een conturile bancare ale beneficiarilor. Persoanele care au ales plata prin mandat po\u0219tal vor \u00eencepe s\u0103 primeasc\u0103 banii din 10 septembrie.<\/p>\n<p data-index=\"3\">Drepturile acordate persoanelor cu dizabilit\u0103\u021bi vor fi achitate \u00een conturile bancare \u00een 14 septembrie. Distribuirea prin mandat po\u0219tal va \u00eencepe patru zile mai t\u00e2rziu, \u00een 18 septembrie.<\/p>\n<p data-index=\"4\">\u00cen 21 septembrie vor fi efectuate, at\u00e2t \u00een conturile bancare, c\u00e2t \u0219i prin mandat po\u0219tal, pl\u0103\u021bile pentru aloca\u021bia de plasament, aloca\u021bia lunar\u0103 de hran\u0103 acordat\u0103 persoanelor cu HIV\/SIDA \u0219i indemniza\u021bia lunar\u0103 de hran\u0103 destinat\u0103 bolnavilor de TBC.<\/p>\n<p data-index=\"5\">Tot \u00een 21 septembrie vor fi pl\u0103tite drepturile aferente venitului minim de incluziune, care cuprinde ajutorul pentru familia cu copii \u0219i ajutorul de incluziune. Sumele vor fi acordate prin ambele modalit\u0103\u021bi de plat\u0103.<\/p>\n<p data-index=\"6\">ANPIS efectueaz\u0103 lunar aceste pl\u0103\u021bi prin cele 41 de agen\u021bii jude\u021bene \u0219i prin agen\u021bia pentru municipiul Bucure\u0219ti. Aproape \u0219apte milioane de copii, familii \u0219i persoane vulnerabile beneficiaz\u0103 de formele de sprijin administrate de institu\u021bie.<\/p>\n<p> Editor : <a href=\"https:\/\/www.digi24.ro\/autor\/andreea-dobra\"> A.D. <\/a><\/p>\n<\/div>\n<p>[analyse_source url=&#8221;https:\/\/www.digi24.ro\/stiri\/economie\/alocatiile-si-indemnizatiile-vor-intra-in-conturi-pe-8-septembrie-cand-primesc-banii-cei-care-au-ales-plata-prin-posta-3934685&#8243;]<\/p>\n","protected":false},"excerpt":{"rendered":"<p>[analyse_image type=&#8221;featured&#8221; src=&#8221;https:\/\/s.iw.ro\/gateway\/g\/ZmlsZVNvdXJjZT1odHRwJTNBJTJGJTJG\/c3RvcmFnZTA4dHJhbnNjb2Rlci5yY3Mt\/cmRzLnJvJTJGc3RvcmFnZSUyRjIwMjUl\/MkYwNCUyRjIzJTJGMjI0MjcwOF8yMjQy\/NzA4X0Fsb2NhdGlpLXNpLWluZGVtbml6\/YXRpaS1pbi1sdW5hLW1haS0yMDI1Xy1G\/b3RvLVNodXR0ZXJzdG9jay5qcGcmdz0x\/MjAwJmg9NjMwJnpjPTEmaGFzaD0wMjVk\/YTFmZWZkNTYzMmUxMTQ5NzgwMTc5NDdiMDkzYg==.thumb.jpg&#8221;] Agen\u021bia Na\u021bional\u0103 pentru Pl\u0103\u021bi \u0219i Inspec\u021bie Social\u0103 va \u00eencepe pe 8 septembrie plata beneficiilor de asisten\u021b\u0103 social\u0103 aferente lunii august. Primele sume virate vor fi aloca\u021biile de stat pentru copii, indemniza\u021biile pentru cre\u0219terea copilului \u0219i stimulentele de inser\u021bie, iar calendarul celorlalte pl\u0103\u021bi se va \u00eentinde p\u00e2n\u0103 pe 21 septembrie. \u00cen 8 septembrie, [&hellip;]<\/p>\n","protected":false},"author":1,"featured_media":0,"comment_status":"open","ping_status":"","sticky":false,"template":"","format":"standard","meta":{"footnotes":""},"categories":[89],"tags":[226,11],"class_list":["post-2127981","post","type-post","status-publish","format-standard","hentry","category-romania","tag-crawlmanager","tag-digi24"],"_links":{"self":[{"href":"https:\/\/analyse.optim.biz\/index.php?rest_route=\/wp\/v2\/posts\/2127981","targetHints":{"allow":["GET"]}}],"collection":[{"href":"https:\/\/analyse.optim.biz\/index.php?rest_route=\/wp\/v2\/posts"}],"about":[{"href":"https:\/\/analyse.optim.biz\/index.php?rest_route=\/wp\/v2\/types\/post"}],"author":[{"embeddable":true,"href":"https:\/\/analyse.optim.biz\/index.php?rest_route=\/wp\/v2\/users\/1"}],"replies":[{"embeddable":true,"href":"https:\/\/analyse.optim.biz\/index.php?rest_route=%2Fwp%2Fv2%2Fcomments&post=2127981"}],"version-history":[{"count":0,"href":"https:\/\/analyse.optim.biz\/index.php?rest_route=\/wp\/v2\/posts\/2127981\/revisions"}],"wp:attachment":[{"href":"https:\/\/analyse.optim.biz\/index.php?rest_route=%2Fwp%2Fv2%2Fmedia&parent=2127981"}],"wp:term":[{"taxonomy":"category","embeddable":true,"href":"https:\/\/analyse.optim.biz\/index.php?rest_route=%2Fwp%2Fv2%2Fcategories&post=2127981"},{"taxonomy":"post_tag","embeddable":true,"href":"https:\/\/analyse.optim.biz\/index.php?rest_route=%2Fwp%2Fv2%2Ftags&post=2127981"}],"curies":[{"name":"wp","href":"https:\/\/api.w.org\/{rel}","templated":true}]}}