{"id":212798,"date":"2014-02-11T16:14:59","date_gmt":"2014-02-11T13:14:59","guid":{"rendered":"https:\/\/analyse.optim.biz\/?p=212798"},"modified":"2014-02-11T16:14:59","modified_gmt":"2014-02-11T13:14:59","slug":"intalnire-usl-la-vila-lac-1-crin-antonescu-sunt-optimist","status":"publish","type":"post","link":"https:\/\/analyse.optim.biz\/?p=212798","title":{"rendered":"\u00cent\u00e2lnire USL la Vila Lac 1. Crin Antonescu: Sunt optimist"},"content":{"rendered":"<div class=\"entry data-app-meta data-app-meta-article\" data-embed-base-url-canonical=\"https:\/\/www.digi24.ro\/embed\/stiri\/actualitate\/politica\/intalnire-usl-la-vila-lac-1-crin-antonescu-sunt-optimist-198726\">\n<p data-index=\"1\"><strong>Actualizare 17.02.<\/strong> \u00cent\u00e2lnirea de la Vila Lac s-a \u00eencheiat. Victor Ponta va face declara\u021bii de pres\u0103 la sediul USL.<\/p>\n<p data-index=\"2\">________________<\/p>\n<p data-index=\"3\">Din partea PSD, la reuniune au venit pre\u015fedintele executiv al PSD, Liviu Dragnea, secretarul general al PSD, Andrei Dolineaschi, \u015fi vicepre\u015fedintele PSD Marian Opri\u015fan.<\/p>\n<p data-index=\"4\">\u00cenaintea reuniunii USL, pre\u0219edintele PNL Crin Antonescu a declarat c\u0103 reprezentan\u0163ii PNL nu au alte solicit\u0103ri dec\u00e2t cele anun\u0163ate p\u00e2n\u0103 acum, preciz\u00e2nd c\u0103, din punctul s\u0103u de vedere, se va putea ajunge la un consens \u0219i c\u0103 exist\u0103 posibilitatea convoc\u0103rii plenului Parlamentului miercuri sau luni, potrivit Mediafax.<\/p>\n<p data-index=\"5\">\u00centrebat dac\u0103 exist\u0103 chestiuni asupra c\u0103rora nu s-ar putea ajunge la un acord ast\u0103zi, Crin Antonescu a r\u0103spuns: \u201eNu. \u0218ti\u021bi c\u0103 dorin\u021ba mea de a fi \u00eemp\u0103ciuitor este aproape proverbial\u0103 \u0219i ca atare sunt optimist \u00een aceast\u0103 privin\u021b\u0103. Dar chiar nu v\u0103d.\u201d<\/p>\n<p data-index=\"6\">El a mai spus c\u0103, din punctul s\u0103u de vedere, nu este o discu\u021bie complicat\u0103. \u201eDar nu particip singur la aceste discu\u021bii, poate apar ni\u0219te subiecte\u201d, a ad\u0103ugat Crin Antonescu.\u00a0<\/p>\n<\/div>\n<p> Source URL: https:\/\/www.digi24.ro\/stiri\/actualitate\/politica\/intalnire-usl-la-vila-lac-1-crin-antonescu-sunt-optimist-198726<\/p>\n","protected":false},"excerpt":{"rendered":"<p>Actualizare 17.02. \u00cent\u00e2lnirea de la Vila Lac s-a \u00eencheiat. Victor Ponta va face declara\u021bii de pres\u0103 la sediul USL. ________________ Din partea PSD, la reuniune au venit pre\u015fedintele executiv al PSD, Liviu Dragnea, secretarul general al PSD, Andrei Dolineaschi, \u015fi vicepre\u015fedintele PSD Marian Opri\u015fan. \u00cenaintea reuniunii USL, pre\u0219edintele PNL Crin Antonescu a declarat c\u0103 reprezentan\u0163ii [&hellip;]<\/p>\n","protected":false},"author":1,"featured_media":212799,"comment_status":"open","ping_status":"","sticky":false,"template":"","format":"standard","meta":{"footnotes":""},"categories":[2],"tags":[11],"class_list":["post-212798","post","type-post","status-publish","format-standard","has-post-thumbnail","hentry","category-politics","tag-digi24"],"_links":{"self":[{"href":"https:\/\/analyse.optim.biz\/index.php?rest_route=\/wp\/v2\/posts\/212798","targetHints":{"allow":["GET"]}}],"collection":[{"href":"https:\/\/analyse.optim.biz\/index.php?rest_route=\/wp\/v2\/posts"}],"about":[{"href":"https:\/\/analyse.optim.biz\/index.php?rest_route=\/wp\/v2\/types\/post"}],"author":[{"embeddable":true,"href":"https:\/\/analyse.optim.biz\/index.php?rest_route=\/wp\/v2\/users\/1"}],"replies":[{"embeddable":true,"href":"https:\/\/analyse.optim.biz\/index.php?rest_route=%2Fwp%2Fv2%2Fcomments&post=212798"}],"version-history":[{"count":0,"href":"https:\/\/analyse.optim.biz\/index.php?rest_route=\/wp\/v2\/posts\/212798\/revisions"}],"wp:featuredmedia":[{"embeddable":true,"href":"https:\/\/analyse.optim.biz\/index.php?rest_route=\/wp\/v2\/media\/212799"}],"wp:attachment":[{"href":"https:\/\/analyse.optim.biz\/index.php?rest_route=%2Fwp%2Fv2%2Fmedia&parent=212798"}],"wp:term":[{"taxonomy":"category","embeddable":true,"href":"https:\/\/analyse.optim.biz\/index.php?rest_route=%2Fwp%2Fv2%2Fcategories&post=212798"},{"taxonomy":"post_tag","embeddable":true,"href":"https:\/\/analyse.optim.biz\/index.php?rest_route=%2Fwp%2Fv2%2Ftags&post=212798"}],"curies":[{"name":"wp","href":"https:\/\/api.w.org\/{rel}","templated":true}]}}