{"id":2127900,"date":"2026-09-04T09:36:00","date_gmt":"2026-09-04T06:36:00","guid":{"rendered":"https:\/\/analyse.optim.biz\/?p=2127900"},"modified":"2026-09-04T09:36:00","modified_gmt":"2026-09-04T06:36:00","slug":"una-bruttissima-storia-da-firenze-federico-vella-manager-36enne-ha-ucciso-la-sua-ex-fidanzata","status":"publish","type":"post","link":"https:\/\/analyse.optim.biz\/?p=2127900","title":{"rendered":"Una bruttissima storia da firenze &#8211; federico vella, manager 36enne, ha ucciso la sua ex fidanzata&#8230;"},"content":{"rendered":"<p>[analyse_image type=&#8221;featured&#8221; src=&#8221;https:\/\/static.dagospia.com\/img\/patch\/09-2026\/lorena-isceri-federico-vella-2302451_600_q50.webp&#8221;]<\/p>\n<article>\n<div class=\"img-wrapper\"><img decoding=\"async\" src=\"https:\/\/static.dagospia.com\/img\/patch\/09-2026\/lorena-isceri-federico-vella-2302451_600_q50.webp\" alt><time class=\"data-ora\">4 set 2026 11:36<\/time><\/div>\n<p>UNA BRUTTISSIMA STORIA DA FIRENZE &#8211;\u00a0<span>FEDERICO VELLA, MANAGER 36ENNE, HA UCCISO LA SUA EX FIDANZATA,\u00a0LORENA ISCERI, 46 ANNI, GETTANDOLA DA UN CAVALCAVIA DELL&#8217;AUTOSTRADA A1, DAL QUALE, POI, SI \u00c8 LANCIATO ANCHE LUI &#8211;\u00a0<\/span>IL KILLER AVEVA PIANIFICATO L&#8217;AGGUATO: SI ERA NASCOSTO NEL GARAGE DELLA DONNA E QUANDO LEI E&#8217; TORNATA A CASA, L&#8217;HA AGGREDITA, LEGATA E CHIUSA NEL BAGAGLIAIO DELL&#8217;AUTO. LE HA LASCIATO IL CELLULARE. E, MENTRE LUI GUIDAVA, <span>LORENA HA CHIAMATO IL 112 (LA TELEFONATA E&#8217; DURATA UNA VENTINA DI MINUTI) FORNENDO LE INDICAZIONI PER RINTRACCIARE L&#8217;AUTO. <\/span>GLI AGENTI NON SONO ARRIVATI IN TEMPO. DALLE BODYCAM DEI POLIZIOTTI SI VEDE FEDERICO VELLA CHE DICE:<span> &#8220;MI HA TRADITO, MI HA TRATTATO MALE&#8221;<\/span> E POI LUI CHE SI GETTA NEL VUOTO&#8230;<\/p>\n<div class=\"share-section\">\n                Condividi  questo articolo<\/p>\n<div class=\"socials\"><a href=\"http:\/\/www.facebook.com\/sharer.php?u=http:\/\/www.dagospia.com\/cronache\/bruttissima-storia-firenze-federico-vella-manager-36enne-ucciso-sua-ex-485801\" target=\"_blank\"><img decoding=\"async\" src=\"https:\/\/static.dagospia.com\/img\/icons\/facebook.svg\" alt=\"Condividi su Facebook\"><\/a><a href=\"http:\/\/www.twitter.com\/share?url=http:\/\/www.dagospia.com\/cronache\/bruttissima-storia-firenze-federico-vella-manager-36enne-ucciso-sua-ex-485801&amp;text=UNA%20BRUTTISSIMA%20STORIA%20DA%20FIRENZE%20-%20FEDERICO%20VELLA,%20MANAGER%2036ENNE,%20HA%20UCCISO%20LA%20SUA%20EX%20FIDANZATA...\" target=\"_blank\"><img decoding=\"async\" src=\"https:\/\/static.dagospia.com\/img\/icons\/x-icon.png\" alt=\"Condividi su X\"><\/a><a href=\"\/\/www.dagospia.com\/cronache\/bruttissima-storia-firenze-federico-vella-manager-36enne-ucciso-sua-ex-485801\" target=\"_blank\"><img decoding=\"async\" src=\"https:\/\/static.dagospia.com\/img\/icons\/whatsapp.svg\" alt=\"Condividi su Whatsapp\"><\/a><a href=\"mailto:?body=http:\/\/www.dagospia.com\/cronache\/bruttissima-storia-firenze-federico-vella-manager-36enne-ucciso-sua-ex-485801\" target=\"_blank\"><img decoding=\"async\" src=\"https:\/\/static.dagospia.com\/img\/icons\/mail.svg\" alt=\"Invia in email\"><\/a><\/div>\n<\/div>\n<div class=\"content\">\n<p class=\"disable\"><strong>1. IL RAPIMENTO, LA FUGA, L\u2019ORRORE LORENA GETTATA VIVA DAL CAVALCAVIA<\/strong><\/p>\n<p class=\"disable\"><strong>Estratto dell&#8217;articolo di Simone Innocenti per il <a href=\"http:\/\/www.corriere.it\" target=\"_blank\">\u201cCorriere della Sera\u201d<\/a><\/strong><\/p>\n<p class=\"imgRight\"><a href=\"https:\/\/www.dagospia.com\/media-gallery\/dago-fotogallery-522228\/2302450\" class=\"float-right img-wrapper\"><img decoding=\"async\" id=\"2302450\" loading=\"lazy\" src=\"https:\/\/static.dagospia.com\/img\/foto\/09-2026\/federico-vella-lorena-isceri-2302450_800_q50.webp\"><span class=\"img-title\">federico vella lorena isceri<\/span><\/a><\/p>\n<p class=\"disable\">\u00a0<\/p>\n<p class=\"disable\">Nessuna denuncia e nessuna querela. Quello che \u00e8 accaduto ieri \u2014 nel Fiorentino \u2014 ha il sapore della tragedia che nasce da una violenza pianificata. \u00c8 quello che almeno \u2014 stando alle prime battute dell\u2019indagine \u2014 hanno appurato gli investigatori della squadra mobile fiorentina diretta da Domenico Balsamo e coordinata dal pm di turno Antonio Natale che stanno facendo luce sull\u2019ennesimo caso di omicidio-suicidio.<\/p>\n<p class=\"disable\">\u00a0<\/p>\n<p class=\"disable\">La vittima \u00e8 Lorena Isceri, originaria di Lecce, 46 anni, che lavora in una ditta di marketing per una societ\u00e0 di veterinari. Il suo assassino \u00e8 l\u2019ex fidanzato: Federico Vella, fiorentino di 36 anni, manager in una ditta di autonoleggi che, dopo averla uccisa, si ammazza.<\/p>\n<p><a href=\"https:\/\/www.dagospia.com\/media-gallery\/dago-fotogallery-522228\/2302449\" class=\"float-left img-wrapper\"><img decoding=\"async\" id=\"2302449\" loading=\"lazy\" src=\"https:\/\/static.dagospia.com\/img\/foto\/09-2026\/lorena-isceri-2302449_800_q50.webp\"><span class=\"img-title\">lorena isceri<\/span><\/a><\/p>\n<p class=\"disable\">\u00a0<\/p>\n<p class=\"disable\">Sono da poco passate le 14.30 di un gioved\u00ec che sembra un giorno qualsiasi ma non su questo cavalcavia, il solito dove anni fa morirono tre operai sul lavoro. Un cavalcavia che si trova sull\u2019autostrada A1 Panoramica, poi rimasta chiusa per ore tra il bivio con l\u2019A1 Direttissima e Roncobilaccio.<\/p>\n<p class=\"disable\">\u00a0<\/p>\n<p class=\"disable\">Che cosa succede lo ricostruisce la polizia. La coppia ha avuto delle discussioni, lei lo ha lasciato e lui non la prende bene. Ma nulla lascia pensare a quello che succede ieri verso l\u2019ora di pranzo quando l\u2019uomo si nasconde nel garage dove la donna parcheggia solitamente la macchina.<\/p>\n<p class=\"disable\">\u00a0<\/p>\n<p class=\"disable\">Siamo a Rifredi, una zona popolare di Firenze. Non appena Lorena parcheggia il suo Suv, dal nulla compare Federico. L\u2019avrebbe aggredita e probabilmente stordita. Poi lega le gambe della donna con delle fascette da elettricista. E le immobilizza anche le mani, lasciandole per\u00f2 davanti al corpo. La getta nel bagagliaio del Suv assieme al suo zainetto, che contiene il cellulare.<\/p>\n<p class=\"disable\">\u00a0<\/p>\n<p><a href=\"https:\/\/www.dagospia.com\/media-gallery\/dago-fotogallery-522228\/2302448\" class=\"float-right img-wrapper\"><img decoding=\"async\" id=\"2302448\" loading=\"lazy\" src=\"https:\/\/static.dagospia.com\/img\/foto\/09-2026\/federico-vella-lorena-isceri-1-2302448_800_q50.webp\"><span class=\"img-title\">federico vella lorena isceri 1<\/span><\/a><\/p>\n<p class=\"disable\">Probabilmente la donna \u2014 dopo lo choc iniziale \u2014 si riprende e prova a liberarsi, ma non riesce. Cerca qualsiasi cosa la possa aiutare e trova proprio lo zainetto: dentro c\u2019\u00e8 il cellulare. Lo prende, lo sblocca e chiama. Prima chiama sua madre ma la linea forse cade.<\/p>\n<p class=\"disable\">\u00a0<\/p>\n<p class=\"disable\">Poi chiama un amico, e accade lo stesso. Infine riesce a dare l\u2019allarme al 112: la sala della Questura di Firenze capisce che la situazione \u00e8 gravissima, si fa dare le prime informazioni, chi \u00e8 lei, chi \u00e8 il suo aggressore, su che mezzo viaggiano, la targa, se lui ha delle armi, come sta. La telefonata dura una ventina di minuti, la linea cade.<\/p>\n<p class=\"disable\">\u00a0<\/p>\n<p class=\"disable\">Ma la polizia geolocalizza il cellulare che in quel momento sta viaggiando sull\u2019A1. Un rapido incrocio con le telecamere di sicurezza \u2014 che hanno visualizzato targa e modello \u2014 permette alla polizia stradale di avere la certezza che quel mezzo \u00e8 sull\u2019autostrada. La cercano ovunque.<\/p>\n<p class=\"disable\">\u00a0<\/p>\n<p><a href=\"https:\/\/www.dagospia.com\/media-gallery\/dago-fotogallery-522228\/2302447\" class=\"float-left img-wrapper\"><img decoding=\"async\" id=\"2302447\" loading=\"lazy\" src=\"https:\/\/static.dagospia.com\/img\/foto\/09-2026\/lorena-isceri-1-2302447_800_q50.webp\"><span class=\"img-title\">lorena isceri 1<\/span><\/a><\/p>\n<p class=\"disable\">Sono attimi concitati. Una pattuglia si accorge che il Suv \u00e8 fermo sul cavalcavia. Poco prima Federico Vella ha aperto il bagagliaio della macchina. \u00abChe cosa stai facendo?\u00bb, dice a Lorena che ha il cellulare in mano: la frase viene registrata dalla centrale operativa. A quel punto, ancora viva, la scaraventa gi\u00f9 dal cavalcavia, da un\u2019altezza di oltre 40 metri.<\/p>\n<p class=\"disable\">\u00a0<\/p>\n<p class=\"disable\">Poi arriva la pattuglia: i due poliziotti attivano la bodycam, che registra Federico Vella. \u00abCosa hai fatto?\u00bb, chiedono. \u00abMi ha tradito, mi ha trattato male, mi ha aggredito\u00bb, sembra che abbia detto l\u2019uomo che poi si lancia nel vuoto.<\/p>\n<p class=\"disable\">\u00a0<\/p>\n<p class=\"disable\">A quel punto la polizia stradale non pu\u00f2 far altro che dare l\u2019allarme. Pochi minuti dopo sul posto arriva il 118 ma i medici non possono fare altro che constatare il decesso della donna e del suo assassino. La squadra mobile fa scattare i primi accertamenti: non risulta alcun precedente di polizia e non c\u2019\u00e8 alcuna denuncia della donna nei confronti dell\u2019ex fidanzato. [&#8230;]<\/p>\n<p class=\"disable\">\u00a0<\/p>\n<p class=\"disable\"><strong>2. IL TERRORE NELLE TRE TELEFONATE RINCHIUSA NEL BAGAGLIAIO \u00abAIUTO, MI VUOLE UCCIDERE\u00bb<\/strong><\/p>\n<p class=\"disable\"><strong>Estratto dell&#8217;articolo di Simone Innocenti per il <a href=\"http:\/\/www.corriere.it\" target=\"_blank\">\u201cCorriere della Sera\u201d<\/a><\/strong><\/p>\n<p class=\"disable\">\u00a0<\/p>\n<p><a href=\"https:\/\/www.dagospia.com\/media-gallery\/dago-fotogallery-522228\/2302446\" class=\"float-right img-wrapper\"><img decoding=\"async\" id=\"2302446\" loading=\"lazy\" src=\"https:\/\/static.dagospia.com\/img\/foto\/09-2026\/federico-vella-1-2302446_800_q50.webp\"><span class=\"img-title\">federico vella 1<\/span><\/a><\/p>\n<p class=\"disable\">La paura e la disperazione sono contenute in tre telefonate. La prima Lorena Isceri \u00e8 riuscita a farla dal bagagliaio del suo Suv, quello dove l\u2019aveva infilata a forza Federico Vella, l\u2019uomo che sosteneva di amarla.<\/p>\n<p class=\"disable\">\u00a0<\/p>\n<p class=\"disable\">\u00c8 una richiesta di aiuto alla madre, ma di l\u00ec a poco sarebbe caduta la linea. Stessa scena anche con un suo amico. Poi, finalmente, una speranza: lei chiama il 112 e la centrale operativa della questura di Firenze la tiene al telefono per una ventina di minuti. La donna chiede aiuto: \u00abFederico mi ha rapita, vuole uccidermi\u00bb.<\/p>\n<p class=\"disable\">\u00a0<\/p>\n<p class=\"disable\">Lorena spiega di essere stata picchiata e poi gettata nel bagagliaio dall\u2019uomo che sui social aveva scritto alla fine di un lungo post comparso in un video il 12 agosto scorso:<\/p>\n<p class=\"disable\">\u00a0<\/p>\n<p class=\"disable\">\u00abOggi il mio cuore si \u00e8 spezzato per l\u2019ultima volta. Non posso dire di essere stato perfetto ma di averti amato con tutto me stesso s\u00ec. Il dolore mi distrugge e non ho pi\u00f9 spazio per metterne altro\u2026 ti supplico\u2026 non buttiamo al vento tutto questo. Una sola ultima possibilit\u00e0\u2026 ti amo e non ho paura di dirlo a tutti\u00bb.<\/p>\n<p><a href=\"https:\/\/www.dagospia.com\/media-gallery\/dago-fotogallery-522228\/2302445\" class=\"float-left img-wrapper\"><img decoding=\"async\" id=\"2302445\" loading=\"lazy\" src=\"https:\/\/static.dagospia.com\/img\/foto\/09-2026\/federico-vella-3-2302445_800_q50.webp\"><span class=\"img-title\">federico vella 3<\/span><\/a><\/p>\n<p class=\"disable\">\u00a0<\/p>\n<p class=\"disable\">Un post con una galleria di foto di loro due e una didascalia che accompagnava queste immagini che recita cos\u00ec: \u00abCerti incastri sono cos\u00ec perfetti che anche se li separi la forma dell\u2019altro ti rimane addosso per sempre. A te, che sei la donna che ho amato con tutto me stesso e ho perso per la mia stupidit\u00e0. Sar\u00f2 tuo anche se non posso pi\u00f9 esserlo\u00bb. [&#8230;]<\/p>\n<p class=\"disable\">\u00a0<\/p>\n<p class=\"disable\">Almeno fino a ieri quando \u2014 sempre sul profilo Instagram di Vella \u2014 \u00e8 apparsa una storia. E non si capisce se queste sue parole siano comparse prima o dopo che tutto questo odio e tutta questa violenza si trasformassero in omicidio. \u00abIl silenzio non \u00e8 una punizione. Non \u00e8 abbandono\u00bb e \u00abTi voglio abbastanza bene da non parlarti quando potrei ferirti\u00bb: questo il testo delle parole sulle quali \u00e8 stata impressa la scritta \u00abAddio a tutti\u00bb. [&#8230;]<\/p>\n<p><a href=\"https:\/\/www.dagospia.com\/media-gallery\/dago-fotogallery-522228\/2302443\" class=\"float-right img-wrapper\"><img decoding=\"async\" id=\"2302443\" loading=\"lazy\" src=\"https:\/\/static.dagospia.com\/img\/foto\/09-2026\/lorena-isceri-federico-vella-2302443_800_q50.webp\"><span class=\"img-title\">lorena isceri federico vella<\/span><\/a><a href=\"https:\/\/www.dagospia.com\/media-gallery\/dago-fotogallery-522228\/2302444\" class=\"float-right img-wrapper\"><img decoding=\"async\" id=\"2302444\" loading=\"lazy\" src=\"https:\/\/static.dagospia.com\/img\/foto\/09-2026\/federico-vella-2-2302444_800_q50.webp\"><span class=\"img-title\">federico vella 2<\/span><\/a><\/p>\n<\/div>\n<div class=\"share-section\">\n                Condividi  questo articolo<\/p>\n<div class=\"socials\"><a href=\"https:\/\/www.dagospia.com\/cronache\/bruttissima-storia-firenze-federico-vella-manager-36enne-ucciso-sua-ex-485801\"><img decoding=\"async\" src=\"https:\/\/static.dagospia.com\/img\/icons\/facebook.svg\" alt=\"Condividi su Facebook\"><\/a><a href=\"https:\/\/www.dagospia.com\/cronache\/bruttissima-storia-firenze-federico-vella-manager-36enne-ucciso-sua-ex-485801\"><img decoding=\"async\" src=\"https:\/\/static.dagospia.com\/img\/icons\/x-icon.png\" alt=\"Condividi su X\"><\/a><a href=\"https:\/\/www.dagospia.com\/cronache\/bruttissima-storia-firenze-federico-vella-manager-36enne-ucciso-sua-ex-485801\"><img decoding=\"async\" src=\"https:\/\/static.dagospia.com\/img\/icons\/whatsapp.svg\" alt=\"Condividi su Whatsapp\"><\/a><a href=\"https:\/\/www.dagospia.com\/cronache\/bruttissima-storia-firenze-federico-vella-manager-36enne-ucciso-sua-ex-485801\"><img decoding=\"async\" src=\"https:\/\/static.dagospia.com\/img\/icons\/mail.svg\" alt=\"Invia in email\"><\/a><\/div>\n<\/div>\n<\/article>\n<div class=\"content\">\n<p class=\"disable\"><strong>1. IL RAPIMENTO, LA FUGA, L\u2019ORRORE LORENA GETTATA VIVA DAL CAVALCAVIA<\/strong><\/p>\n<p class=\"disable\"><strong>Estratto dell&#8217;articolo di Simone Innocenti per il <a href=\"http:\/\/www.corriere.it\" target=\"_blank\">\u201cCorriere della Sera\u201d<\/a><\/strong><\/p>\n<p class=\"imgRight\"><a href=\"https:\/\/www.dagospia.com\/media-gallery\/dago-fotogallery-522228\/2302450\" class=\"float-right img-wrapper\"><img decoding=\"async\" id=\"2302450\" loading=\"lazy\" src=\"https:\/\/static.dagospia.com\/img\/foto\/09-2026\/federico-vella-lorena-isceri-2302450_800_q50.webp\"><span class=\"img-title\">federico vella lorena isceri<\/span><\/a><\/p>\n<p class=\"disable\">\u00a0<\/p>\n<p class=\"disable\">Nessuna denuncia e nessuna querela. Quello che \u00e8 accaduto ieri \u2014 nel Fiorentino \u2014 ha il sapore della tragedia che nasce da una violenza pianificata. \u00c8 quello che almeno \u2014 stando alle prime battute dell\u2019indagine \u2014 hanno appurato gli investigatori della squadra mobile fiorentina diretta da Domenico Balsamo e coordinata dal pm di turno Antonio Natale che stanno facendo luce sull\u2019ennesimo caso di omicidio-suicidio.<\/p>\n<p class=\"disable\">\u00a0<\/p>\n<p class=\"disable\">La vittima \u00e8 Lorena Isceri, originaria di Lecce, 46 anni, che lavora in una ditta di marketing per una societ\u00e0 di veterinari. Il suo assassino \u00e8 l\u2019ex fidanzato: Federico Vella, fiorentino di 36 anni, manager in una ditta di autonoleggi che, dopo averla uccisa, si ammazza.<\/p>\n<p><a href=\"https:\/\/www.dagospia.com\/media-gallery\/dago-fotogallery-522228\/2302449\" class=\"float-left img-wrapper\"><img decoding=\"async\" id=\"2302449\" loading=\"lazy\" src=\"https:\/\/static.dagospia.com\/img\/foto\/09-2026\/lorena-isceri-2302449_800_q50.webp\"><span class=\"img-title\">lorena isceri<\/span><\/a><\/p>\n<p class=\"disable\">\u00a0<\/p>\n<p class=\"disable\">Sono da poco passate le 14.30 di un gioved\u00ec che sembra un giorno qualsiasi ma non su questo cavalcavia, il solito dove anni fa morirono tre operai sul lavoro. Un cavalcavia che si trova sull\u2019autostrada A1 Panoramica, poi rimasta chiusa per ore tra il bivio con l\u2019A1 Direttissima e Roncobilaccio.<\/p>\n<p class=\"disable\">\u00a0<\/p>\n<p class=\"disable\">Che cosa succede lo ricostruisce la polizia. La coppia ha avuto delle discussioni, lei lo ha lasciato e lui non la prende bene. Ma nulla lascia pensare a quello che succede ieri verso l\u2019ora di pranzo quando l\u2019uomo si nasconde nel garage dove la donna parcheggia solitamente la macchina.<\/p>\n<p class=\"disable\">\u00a0<\/p>\n<p class=\"disable\">Siamo a Rifredi, una zona popolare di Firenze. Non appena Lorena parcheggia il suo Suv, dal nulla compare Federico. L\u2019avrebbe aggredita e probabilmente stordita. Poi lega le gambe della donna con delle fascette da elettricista. E le immobilizza anche le mani, lasciandole per\u00f2 davanti al corpo. La getta nel bagagliaio del Suv assieme al suo zainetto, che contiene il cellulare.<\/p>\n<p class=\"disable\">\u00a0<\/p>\n<p><a href=\"https:\/\/www.dagospia.com\/media-gallery\/dago-fotogallery-522228\/2302448\" class=\"float-right img-wrapper\"><img decoding=\"async\" id=\"2302448\" loading=\"lazy\" src=\"https:\/\/static.dagospia.com\/img\/foto\/09-2026\/federico-vella-lorena-isceri-1-2302448_800_q50.webp\"><span class=\"img-title\">federico vella lorena isceri 1<\/span><\/a><\/p>\n<p class=\"disable\">Probabilmente la donna \u2014 dopo lo choc iniziale \u2014 si riprende e prova a liberarsi, ma non riesce. Cerca qualsiasi cosa la possa aiutare e trova proprio lo zainetto: dentro c\u2019\u00e8 il cellulare. Lo prende, lo sblocca e chiama. Prima chiama sua madre ma la linea forse cade.<\/p>\n<p class=\"disable\">\u00a0<\/p>\n<p class=\"disable\">Poi chiama un amico, e accade lo stesso. Infine riesce a dare l\u2019allarme al 112: la sala della Questura di Firenze capisce che la situazione \u00e8 gravissima, si fa dare le prime informazioni, chi \u00e8 lei, chi \u00e8 il suo aggressore, su che mezzo viaggiano, la targa, se lui ha delle armi, come sta. La telefonata dura una ventina di minuti, la linea cade.<\/p>\n<p class=\"disable\">\u00a0<\/p>\n<p class=\"disable\">Ma la polizia geolocalizza il cellulare che in quel momento sta viaggiando sull\u2019A1. Un rapido incrocio con le telecamere di sicurezza \u2014 che hanno visualizzato targa e modello \u2014 permette alla polizia stradale di avere la certezza che quel mezzo \u00e8 sull\u2019autostrada. La cercano ovunque.<\/p>\n<p class=\"disable\">\u00a0<\/p>\n<p><a href=\"https:\/\/www.dagospia.com\/media-gallery\/dago-fotogallery-522228\/2302447\" class=\"float-left img-wrapper\"><img decoding=\"async\" id=\"2302447\" loading=\"lazy\" src=\"https:\/\/static.dagospia.com\/img\/foto\/09-2026\/lorena-isceri-1-2302447_800_q50.webp\"><span class=\"img-title\">lorena isceri 1<\/span><\/a><\/p>\n<p class=\"disable\">Sono attimi concitati. Una pattuglia si accorge che il Suv \u00e8 fermo sul cavalcavia. Poco prima Federico Vella ha aperto il bagagliaio della macchina. \u00abChe cosa stai facendo?\u00bb, dice a Lorena che ha il cellulare in mano: la frase viene registrata dalla centrale operativa. A quel punto, ancora viva, la scaraventa gi\u00f9 dal cavalcavia, da un\u2019altezza di oltre 40 metri.<\/p>\n<p class=\"disable\">\u00a0<\/p>\n<p class=\"disable\">Poi arriva la pattuglia: i due poliziotti attivano la bodycam, che registra Federico Vella. \u00abCosa hai fatto?\u00bb, chiedono. \u00abMi ha tradito, mi ha trattato male, mi ha aggredito\u00bb, sembra che abbia detto l\u2019uomo che poi si lancia nel vuoto.<\/p>\n<p class=\"disable\">\u00a0<\/p>\n<p class=\"disable\">A quel punto la polizia stradale non pu\u00f2 far altro che dare l\u2019allarme. Pochi minuti dopo sul posto arriva il 118 ma i medici non possono fare altro che constatare il decesso della donna e del suo assassino. La squadra mobile fa scattare i primi accertamenti: non risulta alcun precedente di polizia e non c\u2019\u00e8 alcuna denuncia della donna nei confronti dell\u2019ex fidanzato. [&#8230;]<\/p>\n<p class=\"disable\">\u00a0<\/p>\n<p class=\"disable\"><strong>2. IL TERRORE NELLE TRE TELEFONATE RINCHIUSA NEL BAGAGLIAIO \u00abAIUTO, MI VUOLE UCCIDERE\u00bb<\/strong><\/p>\n<p class=\"disable\"><strong>Estratto dell&#8217;articolo di Simone Innocenti per il <a href=\"http:\/\/www.corriere.it\" target=\"_blank\">\u201cCorriere della Sera\u201d<\/a><\/strong><\/p>\n<p class=\"disable\">\u00a0<\/p>\n<p><a href=\"https:\/\/www.dagospia.com\/media-gallery\/dago-fotogallery-522228\/2302446\" class=\"float-right img-wrapper\"><img decoding=\"async\" id=\"2302446\" loading=\"lazy\" src=\"https:\/\/static.dagospia.com\/img\/foto\/09-2026\/federico-vella-1-2302446_800_q50.webp\"><span class=\"img-title\">federico vella 1<\/span><\/a><\/p>\n<p class=\"disable\">La paura e la disperazione sono contenute in tre telefonate. La prima Lorena Isceri \u00e8 riuscita a farla dal bagagliaio del suo Suv, quello dove l\u2019aveva infilata a forza Federico Vella, l\u2019uomo che sosteneva di amarla.<\/p>\n<p class=\"disable\">\u00a0<\/p>\n<p class=\"disable\">\u00c8 una richiesta di aiuto alla madre, ma di l\u00ec a poco sarebbe caduta la linea. Stessa scena anche con un suo amico. Poi, finalmente, una speranza: lei chiama il 112 e la centrale operativa della questura di Firenze la tiene al telefono per una ventina di minuti. La donna chiede aiuto: \u00abFederico mi ha rapita, vuole uccidermi\u00bb.<\/p>\n<p class=\"disable\">\u00a0<\/p>\n<p class=\"disable\">Lorena spiega di essere stata picchiata e poi gettata nel bagagliaio dall\u2019uomo che sui social aveva scritto alla fine di un lungo post comparso in un video il 12 agosto scorso:<\/p>\n<p class=\"disable\">\u00a0<\/p>\n<p class=\"disable\">\u00abOggi il mio cuore si \u00e8 spezzato per l\u2019ultima volta. Non posso dire di essere stato perfetto ma di averti amato con tutto me stesso s\u00ec. Il dolore mi distrugge e non ho pi\u00f9 spazio per metterne altro\u2026 ti supplico\u2026 non buttiamo al vento tutto questo. Una sola ultima possibilit\u00e0\u2026 ti amo e non ho paura di dirlo a tutti\u00bb.<\/p>\n<p><a href=\"https:\/\/www.dagospia.com\/media-gallery\/dago-fotogallery-522228\/2302445\" class=\"float-left img-wrapper\"><img decoding=\"async\" id=\"2302445\" loading=\"lazy\" src=\"https:\/\/static.dagospia.com\/img\/foto\/09-2026\/federico-vella-3-2302445_800_q50.webp\"><span class=\"img-title\">federico vella 3<\/span><\/a><\/p>\n<p class=\"disable\">\u00a0<\/p>\n<p class=\"disable\">Un post con una galleria di foto di loro due e una didascalia che accompagnava queste immagini che recita cos\u00ec: \u00abCerti incastri sono cos\u00ec perfetti che anche se li separi la forma dell\u2019altro ti rimane addosso per sempre. A te, che sei la donna che ho amato con tutto me stesso e ho perso per la mia stupidit\u00e0. Sar\u00f2 tuo anche se non posso pi\u00f9 esserlo\u00bb. [&#8230;]<\/p>\n<p class=\"disable\">\u00a0<\/p>\n<p class=\"disable\">Almeno fino a ieri quando \u2014 sempre sul profilo Instagram di Vella \u2014 \u00e8 apparsa una storia. E non si capisce se queste sue parole siano comparse prima o dopo che tutto questo odio e tutta questa violenza si trasformassero in omicidio. \u00abIl silenzio non \u00e8 una punizione. Non \u00e8 abbandono\u00bb e \u00abTi voglio abbastanza bene da non parlarti quando potrei ferirti\u00bb: questo il testo delle parole sulle quali \u00e8 stata impressa la scritta \u00abAddio a tutti\u00bb. [&#8230;]<\/p>\n<p><a href=\"https:\/\/www.dagospia.com\/media-gallery\/dago-fotogallery-522228\/2302443\" class=\"float-right img-wrapper\"><img decoding=\"async\" id=\"2302443\" loading=\"lazy\" src=\"https:\/\/static.dagospia.com\/img\/foto\/09-2026\/lorena-isceri-federico-vella-2302443_800_q50.webp\"><span class=\"img-title\">lorena isceri federico vella<\/span><\/a><a href=\"https:\/\/www.dagospia.com\/media-gallery\/dago-fotogallery-522228\/2302444\" class=\"float-right img-wrapper\"><img decoding=\"async\" id=\"2302444\" loading=\"lazy\" src=\"https:\/\/static.dagospia.com\/img\/foto\/09-2026\/federico-vella-2-2302444_800_q50.webp\"><span class=\"img-title\">federico vella 2<\/span><\/a><\/p>\n<\/div>\n<article><a href=\"https:\/\/www.dagospia.com\/politica\/flash-e-non-e-lui-ministro-per-pubblica-amministrazione-paolo-zangrillo-485844\"><\/p>\n<div class=\"img-wrapper\"><img decoding=\"async\" src=\"https:\/\/static.dagospia.com\/img\/patch\/09-2026\/paolo-zangrillo-in-un-volo-di-linea-ita-airways-da-lamezia-a-milano-3-2302703_600_q50.webp\" alt=\"paolo zangrillo in un volo di linea ita airways da lamezia a milano - 3\" loading=\"lazy\"><time class=\"data-ora\">4 set 13:08<\/time><\/div>\n<div class=\"excerpt\">\n<p>FLASH \u2013 \u00c8 LUI O NON \u00c8 LUI? MA CERTO CHE \u00c8 LUI! IL MINISTRO PER LA PUBBLICA AMMINISTRAZIONE (IN QUOTA MARINA) <span>PAOLO ZANGRILLO, CHE SCALPITA PER FARE LE SCARPE A TAJANI, \u00c8 STATO AVVISTATO POCO FA IN UN VOLO DI LINEA DA LAMEZIA TERME A MILANO LINATE<\/span>, IN MEZZO A IGNARI PASSEGGERI. CHE COSA LO ASPETTA ALL\u2019OMBRA DELLA MADUNINA? RIFERIR\u00c0 A \u201cMADRINA\u201d BERLUSCONI L\u2019ESITO DEL SUO TETE-A-TETE CON ROBERTO OCCHIUTO, ALTRO COCCO DELLA REAL CASATA DI ARCORE?<\/p>\n<\/div>\n<p><\/a><\/article>\n<article><a href=\"https:\/\/www.dagospia.com\/politica\/dagoreport-giorgia-meloni-e-in-modalita-cattivissima-me-fronte-guai-485762\"><\/p>\n<div class=\"img-wrapper\"><img decoding=\"async\" src=\"https:\/\/static.dagospia.com\/img\/patch\/09-2026\/giorgia-meloni-sigfrido-ranucci-giampaolo-rossi-giovambattista-fazzolari-patrizi-2302272_600_q50.webp\" alt=\"giorgia meloni sigfrido ranucci giampaolo rossi giovambattista fazzolari patrizia scurti antonio tajani matteo salvini \" loading=\"lazy\"><time class=\"data-ora\">3 set 20:07<\/time><\/div>\n<div class=\"excerpt\">\n<p>DAGOREPORT \u2013 <span>GIORGIA MELONI \u00c8 IN MODALIT\u00c0 \u201cCATTIVISSIMA ME\u201d<\/span>: DOPO QUATTRO ANNI DI LUNA DI MIELE, PER LA DUCETTA \u00c8 ARRIVATA LA TEMPESTA PERFETTA: LO STOP AL PREMIERATO,\u00a0LA BATOSTA AL REFERENDUM, LE RAFFICHE DI \u201cVAFFA\u201d DI TRUMP, L&#8217;ESPLOSIONE DEL FENOMENO VANNACCI, IL CROLLO DELLA LEGA, FORZA ITALIA ALLA BERLUSCONINA, IL CAOS INTORNO ALLA NUOVA LEGGE ELETTORALE, L&#8217;AUTOGOL SULLA SOSTITUZIONE DI RANUCCI &#8211; <span>PIU&#8217; IRRIDUCIBILE DELLA MALASORTE, ANZICHE&#8217; ASCOLTARE I CO-FONDATORI DI FDI, LA RUSSA E CROSETTO, L&#8217;UNDERDOG PREFERISCE\u00a0CIRCONDARSI DALL&#8217;AFFETTO DEL SUO CIRCOLETTO DELLA GARBATELLA<\/span>\u00a0&#8211; DOMANI DA BARI, DOVE FESTEGGIA IL RECORD DI DURATA DEL SUO GOVERNO, L&#8217;UNDERDOG LANCER\u00c0 IL SUO GRIDO DI RISCOSSA ELETTORALE &#8211; <span>SA CHE L&#8217;ARMATA BRANCA-MELONI NON PUO&#8217; REGGERE FINO A OTTOBRE 2027, OCCORRE ANTICIPARE IL VOTO AD APRILE, LASCIANDO LE COMUNALI A GIUGNO <\/span>&#8211; MA MATTARELLA VUOLE L\u2019ELECTION-DAY A CUI SI OPPONE LA MELONI, TERRORIZZATA DALL\u2019EFFETTO TRAINO DI UN FILOTTO DEL CENTROSINISTRA: CHE DECIDERA&#8217; IL COLLE? AH, SAPERLO&#8230;<\/p>\n<\/div>\n<p><\/a><\/article>\n<article><a href=\"https:\/\/www.dagospia.com\/politica\/dagoreport-roberto-vannacci-marcia-cernobbio-gli-imprenditori-italiani-485729\"><\/p>\n<div class=\"img-wrapper\"><img decoding=\"async\" src=\"https:\/\/static.dagospia.com\/img\/patch\/09-2026\/crosetto-calenda-vannacci-monti-de-bortoli-forum-ambrosetti-cernobbio-2302201_600_q50.webp\" alt=\"crosetto calenda vannacci monti de bortoli forum ambrosetti cernobbio\" loading=\"lazy\"><time class=\"data-ora\">3 set 20:02<\/time><\/div>\n<div class=\"excerpt\">\n<p><span>DAGOREPORT <\/span>&#8211; MENTRE LA PROCURA MILITARE DI ROMA AVVIA UN\u2019INDAGINE SUGLI UFFICIALI CHE HANNO ADERITO ALLA &#8220;SPORCA DOZZINA&#8221; DI ROBERTO VANNACCI, <span>IL RE-DUX DI FUTURO NAZIONALE MARCIA SU CERNOBBIO: SABATO \u00c8 ATTESO IN POMPA MAGNA AL FORUM AMBROSETTI PER DIBATTERE CON L\u2019EX PREMIER MARIO MONTI<\/span> &#8211; DALL&#8217;IDEOLOGO DEL POPULISMO GRILLINO, GIAN ROBERTO CASALEGGIO AL LEADER SOVRANISTA OLANDESE, IL RAZZISTA GEERT WILDERS, LE PRESENZE PROVOCATORIE E ACCHIAPPA-TITOLI NON SONO UNA NOVITA&#8217; A VILLA D&#8217;ESTE &#8211;<span> SDEGNATI PER LA PRESENZA E &#8220;TRATTAMENTO PREFERENZIALE&#8221; DEDICATO ALL\u2019EX PAR\u00c0(CULO) DELLA FOLGORE, CARLO CALENDA E GUIDO CROSETTO NON METTERANNO PIEDE A CERNOBBIO<\/span> \u2013 ANCHE FERRUCCIO DE BORTOLI RIFIUTA DI DUETTARE CON L\u2019EX GENERALE NOSTALGICO DEL MANGANELLO E DELL\u2019OLIO DI RICINO &#8211; NON SOLO: E&#8217; L\u2019EX DIRETTORE DEL \u201cCORRIERE\u201d IL PRIMO CHE SPARA LA NOTIZIA:<span> \u201cPURTROPPO A CERNOBBIO CI SAR\u00c0 VANNACCI&#8221;<\/span> (IL CAUTO DIRETTORE FONTANA \u00c8 STATO BEN ATTENTO A NON PUBBLICARLA SUBITO SUL CARTACEO)&#8230;<\/p>\n<\/div>\n<p><\/a><\/article>\n<article><a href=\"https:\/\/www.dagospia.com\/media-tv\/dagoreport-riunione-interlocutoria-qualche-piccola-apertura-caso-report-485651\"><\/p>\n<div class=\"img-wrapper\"><img decoding=\"async\" src=\"https:\/\/static.dagospia.com\/img\/patch\/09-2026\/rai-via-teulada-paolo-corsini-giulia-innocenzi-presutti-daniele-piervincenzi-dan-2301944_600_q50.webp\" alt=\"rai via teulada paolo corsini giulia innocenzi presutti daniele piervincenzi danilo procaccianti report sigfrido ranucci \" loading=\"lazy\"><time class=\"data-ora\">2 set 20:05<\/time><\/div>\n<div class=\"excerpt\">\n<p>DAGOREPORT \u2013 <span>RIUNIONE INTERLOCUTORIA MA CON QUALCHE PICCOLA APERTURA <\/span>TRA IL DIRETTORE DELL&#8217;APPROFONDIMENTO RAI, PAOLO CORSINI, E I MEMBRI DELLA SQUADRA DI \u201cREPORT\u201d: I GIORNALISTI <span>HANNO RIBADITO IL \u201cNO\u201d ALLA CONDUZIONE DI GIULIA PRESUTTI E DANIELE<\/span><span>PIERVINCENZI, MA SU QUEST\u2019ULTIMO LA POSIZIONE SAREBBE PI\u00d9 MORBIDA: <\/span>POTREBBE AVERE UN VIA LIBERA MAGARI COME CONDUTTORE DEL \u201cREPORT LAB\u201d, CON LA CONDUZIONE VERA E PROPRIA DA AFFIDARE A DUE \u201cSTORICI\u201d (CHE DIVENTEREBBERO TRE NEL CASO DI UN REINTEGRO DI RANUCCI DA PARTE DEL TRIBUNALE).\u00a0 SULLA PRESUTTI IL MURO RESTA GRANITICO \u2013 <span>PALAZZO CHIGI, INVECE, SAREBBE IRREMOVIBILE SUI DUE NOMI<\/span> \u2013 EPISODIO PITTORESCO NEL MEZZO DELLA RIUNIONE: UN GIORNALISTA DI UNA PRESTIGIOSA TESTATA DELLA RAI SAREBBE STATO <span>BECCATO A ORIGLIARE DA UN BAGNO VICINO ALLA SALA\u2026<\/span><\/p>\n<\/div>\n<p><\/a><\/article>\n<article><a href=\"https:\/\/www.dagospia.com\/politica\/dagoreport-grazie-trump-mondo-verso-de-americanizzazione-oggi-si-485332\"><\/p>\n<div class=\"img-wrapper\"><img decoding=\"async\" src=\"https:\/\/static.dagospia.com\/img\/patch\/09-2026\/trump-modi-xi-jinping-putin-2301524_600_q50.webp\" alt=\"trump modi xi jinping putin\" loading=\"lazy\"><time class=\"data-ora\">1 set 19:59<\/time><\/div>\n<div class=\"excerpt\">\n<p>DAGOREPORT \u2013<span> GRAZIE A TRUMP, IL DOLLARO RISCHIA DI DIVENTARE CARTA STRACCIA \u2013<\/span>\u00a0IL PIATTO FORTE AL SUMMIT IN KIRGHIZISTAN DI XI JINPING, VLADIMIR PUTIN E NARENDRA MODI, HA FATTO STRA-INCAZZARE IL CALIGOLA DELLA CASA BIANCA: SUL TAVOLO,\u00a0<span>IL PROGETTO DEI &#8221;BRICS&#8221; (BRASILE, RUSSIA, INDIA, CINA, SUDAFRICA) DI DAR VITA A UNA \u201cMONETA UNICA&#8221;, PER FAR FUORI IL DOLLARO NEGLI SCAMBI INTERNAZIONALI<\/span>\u00a0&#8211; CON UN DEBITO PUBBLICO MONSTRE DI 40MILA MILIARDI, LA DE-DOLLARIZZAZIONE SAREBBE LA FINE DELL&#8217;IMPERO AMERICANO: IL VERDONE&#8221; VIENE UTILIZZATO IN OLTRE L&#8217;80% DELLE TRANSAZIONI COMMERCIALI E IN PI\u00d9 DELLA MET\u00c0 DEI PAGAMENTI INTERNAZIONALI DELLE MATERIE PRIME, COME IL PETROLIO\u00a0&#8211; <span>LA DECISIONE E&#8217; NELLE MANI DELLA CINA: RINUNCERA&#8217; ALLO MONETA NAZIONALE, LO YUAN, PER DIVENTARE LA LOCOMOTIVA DEI &#8221;BRICS&#8221;?<\/span>\u00a0&#8211;\u00a0SUL MAGGIORE IMPEGNO A FAVORE DELL\u2019IRAN, PESANO I DUBBI\u00a0DI MODI (GLI USA SONO IL PRIMO PARTNER COMMERCIALE DELL\u2019INDIA)\u00a0&#8211; PROSSIMO ROUND: IL VERTICE DI XI JIN PING DEL 24 SETTEMBRE CON IL &#8220;DERAGLIATO MENTALE&#8221; DELLA CASA BIANCA&#8230;<\/p>\n<\/div>\n<p><\/a><\/article>\n<article><a href=\"https:\/\/www.dagospia.com\/politica\/elly-ascolta-gli-amici-i-big-pd-scesi-in-campo-cosi-pesantemente-per-485354\"><\/p>\n<div class=\"img-wrapper\"><img decoding=\"async\" src=\"https:\/\/static.dagospia.com\/img\/patch\/08-2026\/giuseppe-conte-elly-schlein-franceschini-bonaccini-nardella-2301098_600_q50.webp\" alt=\"giuseppe conte elly schlein franceschini bonaccini nardella\" loading=\"lazy\"><time class=\"data-ora\">31 ago 20:17<\/time><\/div>\n<div class=\"excerpt\">\n<p>DAGOREPORT &#8211; <span>ELLY, ASCOLTA GLI AMICI!<\/span> I CAPOCCIONI E LE MEZZECALZE DEL PD, CHE SONO SCESI COS\u00cc PESANTEMENTE IN CAMPO PER SCONGIURARE LA JATTURA DELLE PRIMARIE, NON CE L&#8217;HANNO CON TE, LO FANNO SOLO PER IL TUO BENE &#8211; CERTO, TEMONO (A RAGIONE) ANCHE PER LA LORO SOPRAVVIVENZA PARLAMENTARE: <span>SE ELLY, COME PROBABILE, PERDESSE AI GAZEBO IL DUELLO CON CONTE, TRASCINEREBBE IL PARTITO NEL BARATRO <\/span>&#8211; \u00c8 PER QUESTO CHE DA QUALCHE SETTIMANA SONO PARTITI GLI AVVERTIMENTI VIA STAMPA, ANCHE DI ESPONENTI PD NON OSTILI ALLA SCHLEIN COME DARIO NARDELLA, DI FARE UN PASSO INDIETRO \u2013 <span>LA TRAGEDIA \u00c8 CHE L\u2019AMBIZIOSA DUCETTA DEL NAZARENO, NONOSTANTE I SONDAGGI HORROR, SI VEDE GI\u00c0 A PALAZZO CHIGI, VALUTANDOLI COME ATTACCHI ALLA SUA LEADERSHIP<\/span>: \u201cLE INTERVISTE SULLE PRIMARIE? SONO SOLO ESERCIZI INTELLETTUALI, ALLA FESTA DELL\u2019UNITA\u2019 PARLO IO\u201d &#8211; SE ELLY CONTINUA COS\u00cc, RISCHIA CHE LA SUA PROSSIMA OCCUPAZIONE SARA&#8217; DI BALLARE SUI CARRI DEL GAY PRIDE&#8230;<\/p>\n<\/div>\n<p><\/a><\/article>\n<article><a href=\"https:\/\/www.dagospia.com\/media-tv\/acrobazie-spaccanti-il-55enne-raoul-bova-beatrice-arnera-beccati-chi-485632\"><\/p>\n<div class=\"img-wrapper\"><img decoding=\"async\" src=\"https:\/\/static.dagospia.com\/img\/patch\/09-2026\/raoul-bova-beatrice-arnera-chi-2301906_600_q50.webp\" alt=\"raoul bova beatrice arnera chi\" loading=\"lazy\"><\/div>\n<div class=\"excerpt\">ACROBAZIE \u201cSPACCANTI\u201d \u2013 IL 55ENNE RAOUL BOVA E BEATRICE ARNERA SONO STATI BECCATI DA \u201cCHI\u201d A\u2026<\/div>\n<p><\/a><\/article>\n<article><a href=\"https:\/\/www.dagospia.com\/sport\/pennellone-frou-frou-mole-juve-acquistato-l-attaccante-nick-woltemade-485601\"><\/p>\n<div class=\"img-wrapper\"><img decoding=\"async\" src=\"https:\/\/static.dagospia.com\/img\/patch\/09-2026\/nick-woltemade-2301780_600_q50.webp\" alt loading=\"lazy\"><\/div>\n<div class=\"excerpt\">UN PENNELLONE &#8220;FROU FROU&#8221; SOTTO LA MOLE? \u2013 LA JUVE HA ACQUISTATO IN PRESTITO DAL NEWCASTLE\u2026<\/div>\n<p><\/a><\/article>\n<article><a href=\"https:\/\/www.dagospia.com\/cronache\/42enne-bengalese-abusato-13enne-torino-e-porcellone-prima-categoria-485694\"><\/p>\n<div class=\"img-wrapper\"><img decoding=\"async\" src=\"https:\/\/static.dagospia.com\/img\/patch\/03-2019\/palpeggiamento-1138602_600_q50.webp\" alt=\"palpeggiamento\" loading=\"lazy\"><\/div>\n<div class=\"excerpt\">IL 42ENNE BENGALESE CHE HA ABUSATO UNA 13ENNE DI TORINO \u00c8 UN PORCELLONE DI PRIMA CATEGORIA! &#8211; POCO\u2026<\/div>\n<p><\/a><\/article>\n<article><a href=\"https:\/\/www.dagospia.com\/media-tv\/pillole-gossip-wanda-nara-i-festini-violenti-dell-ex-belen-485709\"><\/p>\n<div class=\"img-wrapper\"><img decoding=\"async\" src=\"https:\/\/static.dagospia.com\/img\/patch\/09-2026\/pillole-avanti-gossip-2302145_600_q50.webp\" alt=\"pillole avanti gossip\" loading=\"lazy\"><\/div>\n<div class=\"excerpt\">PILLOLE DI GOSSIP! WANDA NARA E I FESTINI VIOLENTI DELL\u2019EX MAXI LOPEZ IN RUSSIA: \u201cCHE PECCATO\u2026<\/div>\n<p><\/a><\/article>\n<article><a href=\"https:\/\/www.dagospia.com\/sport\/vroom-si-sbanda-in-curva-la-riconoscete-sognava-condurre-tg-e-finita-in-485816\"><\/p>\n<div class=\"img-wrapper\"><img decoding=\"async\" src=\"https:\/\/static.dagospia.com\/img\/patch\/09-2026\/mara-sangiorgio-2302494_600_q50.webp\" alt=\"mara sangiorgio\" loading=\"lazy\"><\/div>\n<div class=\"excerpt\">VROOM, SI SBANDA IN CURVA: LA RICONOSCETE? SOGNAVA DI CONDURRE IL TG, E\u2019 FINITA IN MEZZO ALLE\u2026<\/div>\n<p><\/a><\/article>\n<article><a href=\"https:\/\/www.dagospia.com\/politica\/flash-e-non-e-lui-ministro-per-pubblica-amministrazione-paolo-zangrillo-485844\"><\/p>\n<div class=\"img-wrapper\"><img decoding=\"async\" src=\"https:\/\/static.dagospia.com\/img\/patch\/09-2026\/paolo-zangrillo-in-un-volo-di-linea-ita-airways-da-lamezia-a-milano-3-2302703_600_q50.webp\" alt=\"paolo zangrillo in un volo di linea ita airways da lamezia a milano - 3\" loading=\"lazy\"><\/div>\n<div class=\"excerpt\">FLASH \u2013 \u00c8 LUI O NON \u00c8 LUI? MA CERTO CHE \u00c8 LUI! IL MINISTRO PER LA PUBBLICA AMMINISTRAZIONE (IN\u2026<\/div>\n<p><\/a><\/article>\n<article><a href=\"https:\/\/www.dagospia.com\/politica\/dagoreport-giorgia-meloni-e-in-modalita-cattivissima-me-fronte-guai-485762\"><\/p>\n<div class=\"img-wrapper\"><img decoding=\"async\" src=\"https:\/\/static.dagospia.com\/img\/patch\/09-2026\/giorgia-meloni-sigfrido-ranucci-giampaolo-rossi-giovambattista-fazzolari-patrizi-2302272_600_q50.webp\" alt=\"giorgia meloni sigfrido ranucci giampaolo rossi giovambattista fazzolari patrizia scurti antonio tajani matteo salvini \" loading=\"lazy\"><\/div>\n<div class=\"excerpt\">DAGOREPORT \u2013 GIORGIA MELONI \u00c8 IN MODALIT\u00c0 \u201cCATTIVISSIMA ME\u201d: DOPO QUATTRO ANNI DI LUNA DI MIELE,\u2026<\/div>\n<p><\/a><\/article>\n<article><a href=\"https:\/\/www.dagospia.com\/politica\/dagoreport-roberto-vannacci-marcia-cernobbio-gli-imprenditori-italiani-485729\"><\/p>\n<div class=\"img-wrapper\"><img decoding=\"async\" src=\"https:\/\/static.dagospia.com\/img\/patch\/09-2026\/crosetto-calenda-vannacci-monti-de-bortoli-forum-ambrosetti-cernobbio-2302201_600_q50.webp\" alt=\"crosetto calenda vannacci monti de bortoli forum ambrosetti cernobbio\" loading=\"lazy\"><\/div>\n<div class=\"excerpt\">DAGOREPORT &#8211; MENTRE LA PROCURA MILITARE DI ROMA AVVIA UN\u2019INDAGINE SUGLI UFFICIALI CHE HANNO ADERITO\u2026<\/div>\n<p><\/a><\/article>\n<article><a href=\"https:\/\/www.dagospia.com\/media-tv\/dagoreport-riunione-interlocutoria-qualche-piccola-apertura-caso-report-485651\"><\/p>\n<div class=\"img-wrapper\"><img decoding=\"async\" src=\"https:\/\/static.dagospia.com\/img\/patch\/09-2026\/rai-via-teulada-paolo-corsini-giulia-innocenzi-presutti-daniele-piervincenzi-dan-2301944_600_q50.webp\" alt=\"rai via teulada paolo corsini giulia innocenzi presutti daniele piervincenzi danilo procaccianti report sigfrido ranucci \" loading=\"lazy\"><\/div>\n<div class=\"excerpt\">DAGOREPORT \u2013 RIUNIONE INTERLOCUTORIA MA CON QUALCHE PICCOLA APERTURA TRA IL DIRETTORE\u2026<\/div>\n<p><\/a><\/article>\n<article><a href=\"https:\/\/www.dagospia.com\/politica\/dagoreport-grazie-trump-mondo-verso-de-americanizzazione-oggi-si-485332\"><\/p>\n<div class=\"img-wrapper\"><img decoding=\"async\" src=\"https:\/\/static.dagospia.com\/img\/patch\/09-2026\/trump-modi-xi-jinping-putin-2301524_600_q50.webp\" alt=\"trump modi xi jinping putin\" loading=\"lazy\"><\/div>\n<div class=\"excerpt\">DAGOREPORT \u2013 GRAZIE A TRUMP, IL DOLLARO RISCHIA DI DIVENTARE CARTA STRACCIA \u2013\u00a0IL PIATTO FORTE AL\u2026<\/div>\n<p><\/a><\/article>\n<article><a href=\"https:\/\/www.dagospia.com\/politica\/elly-ascolta-gli-amici-i-big-pd-scesi-in-campo-cosi-pesantemente-per-485354\"><\/p>\n<div class=\"img-wrapper\"><img decoding=\"async\" src=\"https:\/\/static.dagospia.com\/img\/patch\/08-2026\/giuseppe-conte-elly-schlein-franceschini-bonaccini-nardella-2301098_600_q50.webp\" alt=\"giuseppe conte elly schlein franceschini bonaccini nardella\" loading=\"lazy\"><\/div>\n<div class=\"excerpt\">DAGOREPORT &#8211; ELLY, ASCOLTA GLI AMICI! I CAPOCCIONI E LE MEZZECALZE DEL PD, CHE SONO SCESI COS\u00cc\u2026<\/div>\n<p><\/a><\/article>\n<article><a href=\"https:\/\/www.dagospia.com\/politica\/l-ingaggio-fedorov-fa-incazzare-zelensky-mette-in-allarme-agenzie-485343\"><\/p>\n<div class=\"img-wrapper\"><img decoding=\"async\" src=\"https:\/\/static.dagospia.com\/img\/patch\/08-2026\/fedorov-musk-thiel-zelensky-crosetto-2301168_600_q50.webp\" alt=\"fedorov musk thiel zelensky crosetto\" loading=\"lazy\"><\/div>\n<div class=\"excerpt\">DAGOREPORT &#8211; A QUALCUNO NON PIACE &#8216;STO FEDOROV &#8211;\u00a0PIU&#8217; CHE A INDIGNARE I NEURONI ALLA VODKA DI\u2026<\/div>\n<p><\/a><\/article>\n<article><a href=\"https:\/\/www.dagospia.com\/politica\/flash-c-e-grande-perplessita-i-draghi-boys-per-presenza-andrea-485336\"><\/p>\n<div class=\"img-wrapper\"><img decoding=\"async\" src=\"https:\/\/static.dagospia.com\/img\/patch\/08-2026\/xavier-niel-draghi-pignataro-2301175_600_q50.webp\" alt=\"xavier niel draghi pignataro\" loading=\"lazy\"><\/div>\n<div class=\"excerpt\">FLASH! \u2013 I \u201cDRAGHI BOYS\u201d DEL POTERE ECONOMICO ITALIANO AVREBBERO ESPRESSO QUALCHE PERPLESSITA&#8217;\u2026<\/div>\n<p><\/a><\/article>\n<article><a href=\"https:\/\/www.dagospia.com\/politica\/quale-episodio-giulia-presutti-era-habitue-cefalu-bistro-dove-piu-e-485248\"><\/p>\n<div class=\"img-wrapper\"><img decoding=\"async\" src=\"https:\/\/static.dagospia.com\/img\/patch\/08-2026\/ranucci-presutti-cianfoni-floridia-2300757_600_q50.webp\" alt=\"ranucci presutti cianfoni floridia\" loading=\"lazy\"><\/div>\n<div class=\"excerpt\">DAGOREPORT &#8211;\u00a0MA QUALE &#8220;EPISODIO&#8221;! GIULIA PRESUTTI ERA UN HABITU\u00c8 DEL \u201cCEFAL\u00d9 BISTR\u00d2\u201d DOVE PI\u00d9 VOLTE\u2026<\/div>\n<p><\/a><\/article>\n<article><a href=\"https:\/\/www.dagospia.com\/politica\/risiko-s-ingrossa-l-apertura-assicurazioni-generali-valutare-l-offerta-484996\"><\/p>\n<div class=\"img-wrapper\"><img decoding=\"async\" src=\"https:\/\/static.dagospia.com\/img\/patch\/08-2026\/generali-philippe-donnet-luigi-lovaglio-carlo-messina-2292458_600_q50.webp\" alt=\"generali philippe donnet luigi lovaglio carlo messina \" loading=\"lazy\"><\/div>\n<div class=\"excerpt\">DAGOREPORT &#8211; IL RISIKO S&#8217;INGROSSA! L\u2019APERTURA DI ASSICURAZIONI GENERALI A VALUTARE L&#8217;OFFERTA\u201d DI\u2026<\/div>\n<p><\/a><\/article>\n<article><a href=\"https:\/\/www.dagospia.com\/cafonal\/cafonalino-roma-proiezione-documentario-marco-bellocchio-marco-travaglio-485081\"><\/p>\n<div class=\"img-wrapper\"><img decoding=\"async\" src=\"https:\/\/static.dagospia.com\/img\/patch\/08-2026\/2026bellocchio-anteprima-film-di-marco-bellocchio-2300339_600_q50.webp\" alt=\"2026bellocchio anteprima film di marco bellocchio\" loading=\"lazy\"><\/div>\n<div class=\"excerpt\">CAFONALINO! AL CINEMA QUATTRO FONTANE DI ROMA LA PROIEZIONE SPECIALE DEL DOCUMENTARIO \u201cMARCO\u2026<\/div>\n<p><\/a><\/article>\n<article><a href=\"https:\/\/www.dagospia.com\/cafonal\/cafonal-show-ranucci-cerveteri-freni-ho-fatto-scoop-nazionali-484807\"><\/p>\n<div class=\"img-wrapper\"><img decoding=\"async\" src=\"https:\/\/static.dagospia.com\/img\/patch\/08-2026\/2026ranucci-sigfrido-ranucci-2299409_600_q50.webp\" alt=\"2026ranucci sigfrido ranucci\" loading=\"lazy\"><\/div>\n<div class=\"excerpt\">SIGFRIDO, IL MASANIELLO DE NOANTRI \u2013 RANUCCI HA PERSO OGNI FRENO E, ALLA PRESENTAZIONE DEL SUO\u2026<\/div>\n<p><\/a><\/article>\n<article><a href=\"https:\/\/www.dagospia.com\/cafonal\/funeralino-l-ultimo-saluto-mitico-produttore-cinematografico-fulvio-484127\"><\/p>\n<div class=\"img-wrapper\"><img decoding=\"async\" src=\"https:\/\/static.dagospia.com\/img\/patch\/08-2026\/2026lucisano-2297424_600_q50.webp\" alt=\"2026lucisano\" loading=\"lazy\"><\/div>\n<div class=\"excerpt\">FUNERALINO \u2013 NELLA CALLARA ROMANA D\u2019AGOSTO, L\u2019ULTIMO SALUTO AL MITICO PRODUTTORE CINEMATOGRAFICO\u2026<\/div>\n<p><\/a><\/article>\n<article><a href=\"https:\/\/www.dagospia.com\/cafonal\/cafonalino-pizza-riformista-matteo-renzi-raduna-i-suoi-prima-delle-480816\"><\/p>\n<div class=\"img-wrapper\"><img decoding=\"async\" src=\"https:\/\/static.dagospia.com\/img\/patch\/07-2026\/2026kraken-matteo-renzi-2286047_600_q50.webp\" alt=\"2026kraken matteo renzi \" loading=\"lazy\"><\/div>\n<div class=\"excerpt\">CAFONALINO DELLA PIZZA RIFORMISTA \u2013 RENZI RADUNA I SUOI PRIMA DELLE VACANZE ESTIVE AL SATYRUS DI\u2026<\/div>\n<p><\/a><\/article>\n<article><a href=\"https:\/\/www.dagospia.com\/cafonal\/cafonalino-moreno-party-roma-manuela-moreno-festeggia-i-60-anni-480777\"><\/p>\n<div class=\"img-wrapper\"><img decoding=\"async\" src=\"https:\/\/static.dagospia.com\/img\/patch\/07-2026\/manuela-moreno-festa-60-anni-2285871_600_q50.webp\" alt=\"manuela moreno festa 60 anni \" loading=\"lazy\"><\/div>\n<div class=\"excerpt\">CAFONALINO! NO MORENO, NO PARTY \u2013 A ROMA, AL LOVE BAR DI PONTE MILVIO, MANUELA MORENO, CONDUTTRICE\u2026<\/div>\n<p><\/a><\/article>\n<article><a href=\"https:\/\/www.dagospia.com\/cafonal\/cafonalino-firenze-tevere-direttori-redattori-forchettoni-scrocconi-480745\"><\/p>\n<div class=\"img-wrapper\"><img decoding=\"async\" src=\"https:\/\/static.dagospia.com\/img\/patch\/07-2026\/2026agno-marco-agnoletti-2285763_600_q50.webp\" alt=\"2026agno marco agnoletti \" loading=\"lazy\"><\/div>\n<div class=\"excerpt\">CAFONALINO DEGLI AGNOLETTI IN BRODO &#8211; DIRETTORI, REDATTORI, FORCHETTONI E SCROCCONI SFIDANO\u2026<\/div>\n<p><\/a><\/article>\n<p>[analyse_source url=&#8221;https:\/\/www.dagospia.com\/cronache\/bruttissima-storia-firenze-federico-vella-manager-36enne-ucciso-sua-ex-485801&#8243;]<\/p>\n","protected":false},"excerpt":{"rendered":"<p>[analyse_image type=&#8221;featured&#8221; src=&#8221;https:\/\/static.dagospia.com\/img\/patch\/09-2026\/lorena-isceri-federico-vella-2302451_600_q50.webp&#8221;] 4 set 2026 11:36 UNA BRUTTISSIMA STORIA DA FIRENZE &#8211;\u00a0FEDERICO VELLA, MANAGER 36ENNE, HA UCCISO LA SUA EX FIDANZATA,\u00a0LORENA ISCERI, 46 ANNI, GETTANDOLA DA UN CAVALCAVIA DELL&#8217;AUTOSTRADA A1, DAL QUALE, POI, SI \u00c8 LANCIATO ANCHE LUI &#8211;\u00a0IL KILLER AVEVA PIANIFICATO L&#8217;AGGUATO: SI ERA NASCOSTO NEL GARAGE DELLA DONNA E QUANDO LEI E&#8217; [&hellip;]<\/p>\n","protected":false},"author":1,"featured_media":0,"comment_status":"open","ping_status":"","sticky":false,"template":"","format":"standard","meta":{"footnotes":""},"categories":[87],"tags":[226,149],"class_list":["post-2127900","post","type-post","status-publish","format-standard","hentry","category-italy","tag-crawlmanager","tag-dagospia-com"],"_links":{"self":[{"href":"https:\/\/analyse.optim.biz\/index.php?rest_route=\/wp\/v2\/posts\/2127900","targetHints":{"allow":["GET"]}}],"collection":[{"href":"https:\/\/analyse.optim.biz\/index.php?rest_route=\/wp\/v2\/posts"}],"about":[{"href":"https:\/\/analyse.optim.biz\/index.php?rest_route=\/wp\/v2\/types\/post"}],"author":[{"embeddable":true,"href":"https:\/\/analyse.optim.biz\/index.php?rest_route=\/wp\/v2\/users\/1"}],"replies":[{"embeddable":true,"href":"https:\/\/analyse.optim.biz\/index.php?rest_route=%2Fwp%2Fv2%2Fcomments&post=2127900"}],"version-history":[{"count":0,"href":"https:\/\/analyse.optim.biz\/index.php?rest_route=\/wp\/v2\/posts\/2127900\/revisions"}],"wp:attachment":[{"href":"https:\/\/analyse.optim.biz\/index.php?rest_route=%2Fwp%2Fv2%2Fmedia&parent=2127900"}],"wp:term":[{"taxonomy":"category","embeddable":true,"href":"https:\/\/analyse.optim.biz\/index.php?rest_route=%2Fwp%2Fv2%2Fcategories&post=2127900"},{"taxonomy":"post_tag","embeddable":true,"href":"https:\/\/analyse.optim.biz\/index.php?rest_route=%2Fwp%2Fv2%2Ftags&post=2127900"}],"curies":[{"name":"wp","href":"https:\/\/api.w.org\/{rel}","templated":true}]}}