{"id":2127899,"date":"2026-09-04T09:27:00","date_gmt":"2026-09-04T06:27:00","guid":{"rendered":"https:\/\/analyse.optim.biz\/?p=2127899"},"modified":"2026-09-04T09:27:00","modified_gmt":"2026-09-04T06:27:00","slug":"come-e-morto-davvero-abderrahim-fakir-e-risultato-positivo-alla-cocaina-il-primo-test","status":"publish","type":"post","link":"https:\/\/analyse.optim.biz\/?p=2127899","title":{"rendered":"Come \u00c8 morto davvero abderrahim fakir? \u2013 \u00c8 risultato positivo alla cocaina il primo test&#8230;"},"content":{"rendered":"<p>[analyse_image type=&#8221;featured&#8221; src=&#8221;https:\/\/static.dagospia.com\/img\/patch\/07-2026\/abderrahim-fakir-2287688_600_q50.webp&#8221;]<\/p>\n<article>\n<div class=\"img-wrapper\"><img decoding=\"async\" src=\"https:\/\/static.dagospia.com\/img\/patch\/07-2026\/abderrahim-fakir-2287688_600_q50.webp\" alt=\"abderrahim fakir\"><time class=\"data-ora\">4 set 2026 11:27<\/time><\/div>\n<p><span>COME \u00c8 MORTO DAVVERO ABDERRAHIM FAKIR? <\/span>\u2013 \u00c8 RISULTATO POSITIVO ALLA COCAINA\u00a0IL PRIMO TEST TOSSICOLOGICO SUL 42ENNE MAROCCHINO, DECEDUTO A BOLOGNA DURANTE UN INTERVENTO DELLA POLIZIA. \u00c8 STATA LA DROGA AD AMMAZZARLO? \u2013 L\u2019AVVOCATO DELLA FAMIGLIA \u00c8 SCETTICO: \u201cSENZA QUELL&#8217;INTERVENTO, SENZA QUELLA COMPRESSIONE VIOLENTA E PROLUNGATA, FAKIR NON SAREBBE MORTO IN QUEL MODO E IN QUEL MOMENTO\u2026\u201d \u2013 VIDEO<\/p>\n<div class=\"share-section\">\n                Condividi  questo articolo<\/p>\n<div class=\"socials\"><a href=\"http:\/\/www.facebook.com\/sharer.php?u=http:\/\/www.dagospia.com\/cronache\/come-e-morto-davvero-abderrahim-fakir-e-risultato-positivo-cocaina-485795\" target=\"_blank\"><img decoding=\"async\" src=\"https:\/\/static.dagospia.com\/img\/icons\/facebook.svg\" alt=\"Condividi su Facebook\"><\/a><a href=\"http:\/\/www.twitter.com\/share?url=http:\/\/www.dagospia.com\/cronache\/come-e-morto-davvero-abderrahim-fakir-e-risultato-positivo-cocaina-485795&amp;text=COME%20%C3%88%20MORTO%20DAVVERO%20ABDERRAHIM%20FAKIR?%20%E2%80%93%20%C3%88%20RISULTATO%20POSITIVO%20ALLA%20COCAINA%20IL%20PRIMO%20TEST...\" target=\"_blank\"><img decoding=\"async\" src=\"https:\/\/static.dagospia.com\/img\/icons\/x-icon.png\" alt=\"Condividi su X\"><\/a><a href=\"\/\/www.dagospia.com\/cronache\/come-e-morto-davvero-abderrahim-fakir-e-risultato-positivo-cocaina-485795\" target=\"_blank\"><img decoding=\"async\" src=\"https:\/\/static.dagospia.com\/img\/icons\/whatsapp.svg\" alt=\"Condividi su Whatsapp\"><\/a><a href=\"mailto:?body=http:\/\/www.dagospia.com\/cronache\/come-e-morto-davvero-abderrahim-fakir-e-risultato-positivo-cocaina-485795\" target=\"_blank\"><img decoding=\"async\" src=\"https:\/\/static.dagospia.com\/img\/icons\/mail.svg\" alt=\"Invia in email\"><\/a><\/div>\n<\/div>\n<div class=\"content\">\n<div>\n<div class=\"twitter-tweet twitter-tweet-rendered\"><iframe allowfullscreen=\"true\" allowtransparency=\"true\" data-tweet-id=\"2078883038155436161\" frameborder id=\"twitter-widget-0\" scrolling=\"no\" src=\"https:\/\/platform.twitter.com\/embed\/Tweet.html?dnt=false&amp;embedId=twitter-widget-0&amp;features=eyJ0ZndfdGltZWxpbmVfbGlzdCI6eyJidWNrZXQiOltdLCJ2ZXJzaW9uIjpudWxsfSwidGZ3X2ZvbGxvd2VyX2NvdW50X3N1bnNldCI6eyJidWNrZXQiOnRydWUsInZlcnNpb24iOm51bGx9LCJ0ZndfdHdlZXRfZWRpdF9iYWNrZW5kIjp7ImJ1Y2tldCI6Im9uIiwidmVyc2lvbiI6bnVsbH0sInRmd19yZWZzcmNfc2Vzc2lvbiI6eyJidWNrZXQiOiJvbiIsInZlcnNpb24iOm51bGx9LCJ0ZndfZm9zbnJfc29mdF9pbnRlcnZlbnRpb25zX2VuYWJsZWQiOnsiYnVja2V0Ijoib24iLCJ2ZXJzaW9uIjpudWxsfSwidGZ3X21peGVkX21lZGlhXzE1ODk3Ijp7ImJ1Y2tldCI6InRyZWF0bWVudCIsInZlcnNpb24iOm51bGx9LCJ0ZndfZXhwZXJpbWVudHNfY29va2llX2V4cGlyYXRpb24iOnsiYnVja2V0IjoxMjA5NjAwLCJ2ZXJzaW9uIjpudWxsfSwidGZ3X3Nob3dfYmlyZHdhdGNoX3Bpdm90c19lbmFibGVkIjp7ImJ1Y2tldCI6Im9uIiwidmVyc2lvbiI6bnVsbH0sInRmd19kdXBsaWNhdGVfc2NyaWJlc190b19zZXR0aW5ncyI6eyJidWNrZXQiOiJvbiIsInZlcnNpb24iOm51bGx9LCJ0ZndfdXNlX3Byb2ZpbGVfaW1hZ2Vfc2hhcGVfZW5hYmxlZCI6eyJidWNrZXQiOiJvbiIsInZlcnNpb24iOm51bGx9LCJ0ZndfdmlkZW9faGxzX2R5bmFtaWNfbWFuaWZlc3RzXzE1MDgyIjp7ImJ1Y2tldCI6InRydWVfYml0cmF0ZSIsInZlcnNpb24iOm51bGx9LCJ0ZndfbGVnYWN5X3RpbWVsaW5lX3N1bnNldCI6eyJidWNrZXQiOnRydWUsInZlcnNpb24iOm51bGx9LCJ0ZndfdHdlZXRfZWRpdF9mcm9udGVuZCI6eyJidWNrZXQiOiJvbiIsInZlcnNpb24iOm51bGx9fQ%3D%3D&amp;frame=false&amp;hideCard=false&amp;hideThread=false&amp;id=2078883038155436161&amp;lang=it&amp;origin=https%3A%2F%2Fredazione2.dagospia.com%2Farticoli%2Fadd&amp;sessionId=5439c1563da18f3f343d04bdf152575da3060445&amp;theme=light&amp;widgetsVersion=6a3ad42b224df%3A1778106238597&amp;width=550px\" title=\"X Post\"><\/iframe><\/div>\n<\/div>\n<p class=\"disable\"><strong>Estratto da <a href=\"http:\/\/www.bolognatoday.it\">www.bolognatoday.it<\/a><\/strong><\/p>\n<p class=\"disable\">\u00a0<\/p>\n<p><a href=\"https:\/\/www.dagospia.com\/media-gallery\/dago-fotogallery-522222\/2287689\" class=\"float-right img-wrapper\"><img decoding=\"async\" id=\"2287689\" loading=\"lazy\" src=\"https:\/\/static.dagospia.com\/img\/foto\/07-2026\/abderrahim-fakir-2287689_800_q50.webp\"><span class=\"img-title\">ABDERRAHIM FAKIR<\/span><\/a><\/p>\n<p class=\"disable\">Il primo test sulla cocaina \u00e8 risultato positivo, ma serviranno ulteriori accertamenti per stabilire quantit\u00e0, tempi di assunzione e soprattutto l&#8217;eventuale incidenza della sostanza sulla morte di Abderrahim Fakir, il 42enne deceduto il 19 luglio durante un intervento della polizia in via Svevo, al Pilastro di Bologna.<\/p>\n<p class=\"disable\">\u00a0<\/p>\n<p class=\"disable\">\u00a0A intervenire sui primi risultati dell&#8217;autopsia \u00e8 Fabio Anselmo, avvocato che assiste i familiari di Fakir e che invita ad attendere gli esiti completi degli esami tossicologici prima di arrivare a conclusioni sulle cause del decesso.<\/p>\n<p class=\"disable\">\u00a0<\/p>\n<p class=\"disable\">&#8220;Il primo test sulla cocaina \u00e8 positivo e sar\u00e0 quindi necessario stabilire con precisione quantit\u00e0, tempi e reale incidenza di quella sostanza &#8211; scrive il legale sui social &#8211; ma per qualcuno sembra gi\u00e0 sufficiente per trasformarla nella spiegazione di tutto, cancellando ci\u00f2 che \u00e8 accaduto davanti a una telecamera&#8221;.<\/p>\n<p><a href=\"https:\/\/www.dagospia.com\/media-gallery\/dago-fotogallery-522222\/2288598\" class=\"float-left img-wrapper\"><img decoding=\"async\" id=\"2288598\" loading=\"lazy\" src=\"https:\/\/static.dagospia.com\/img\/foto\/07-2026\/abderrahim-fakir-2288598_800_q50.webp\"><span class=\"img-title\">ABDERRAHIM FAKIR<\/span><\/a><\/p>\n<p class=\"disable\">\u00a0<\/p>\n<p class=\"disable\"><strong>GLI ACCERTAMENTI TOSSICOLOGICI SULLA MORTE DI FAKIR<\/strong><\/p>\n<p class=\"disable\">Le operazioni di accertamento tossicologico iniziano oggi, 3 settembre, e prevedono prelievi e analisi i cui risultati richiederanno diversi giorni. Secondo Anselmo, per\u00f2, &#8220;c&#8217;\u00e8 gi\u00e0 chi, come avevo previsto fin dall&#8217;inizio, sembra aver deciso quale dovr\u00e0 essere la causa della morte di Fakir: la cocaina&#8221;.<\/p>\n<p class=\"disable\">\u00a0<\/p>\n<p class=\"disable\">[\u2026] &#8220;Una conclusione pronta ancora prima degli accertamenti&#8221;, attacca Anselmo, richiamando le immagini registrate durante l&#8217;intervento e le parole pronunciate da Fakir mentre si trovava a terra: &#8220;Non respiro, non respiro&#8221;.<\/p>\n<p class=\"disable\">\u00a0<\/p>\n<p><a href=\"https:\/\/www.dagospia.com\/media-gallery\/dago-fotogallery-522222\/2290581\" class=\"float-right img-wrapper\"><img decoding=\"async\" id=\"2290581\" loading=\"lazy\" src=\"https:\/\/static.dagospia.com\/img\/foto\/07-2026\/abderrahim-fakir-2290581_800_q50.webp\"><span class=\"img-title\">abderrahim fakir<\/span><\/a><\/p>\n<p class=\"disable\"><strong>ANSELMO: &#8220;RESTANO I SEGNI SULLA SCHIENA E LE LESIONI AI POLSI&#8221;<\/strong><\/p>\n<p class=\"disable\">Nel suo intervento l&#8217;avvocato elenca poi una serie di elementi che, a suo giudizio, dovranno essere valutati per ricostruire quanto accaduto. Anselmo parla dei &#8220;segni drammatici sulla schiena&#8221;, dei &#8220;colpi ricevuti durante quella compressione&#8221;, dell&#8217;utilizzo ripetuto dello spray al peperoncino, di &#8220;una frattura allo stragalo&#8221; e delle &#8220;evidenti lesioni ecchimotiche ai polsi nella zona delle manette&#8221;. [\u2026]<\/p>\n<p class=\"disable\">\u00a0<\/p>\n<p class=\"disable\"><strong>&#8220;DROGA O NON DROGA, SENZA QUELL&#8217;INTERVENTO NON SAREBBE MORTO IN QUEL MODO&#8221;<\/strong><\/p>\n<p class=\"disable\">Anselmo richiama anche altri casi giudiziari italiani, citando le morti di Federico Aldrovandi, Riccardo Magherini e Stefano Cucchi, per sostenere che in passato la presenza di sostanze stupefacenti sia stata utilizzata, a suo giudizio, per orientare prematuramente la lettura di vicende complesse.<\/p>\n<p class=\"disable\">\u00a0<\/p>\n<p><a href=\"https:\/\/www.dagospia.com\/media-gallery\/dago-fotogallery-522222\/2287886\" class=\"float-left img-wrapper\"><img decoding=\"async\" id=\"2287886\" loading=\"lazy\" src=\"https:\/\/static.dagospia.com\/img\/foto\/07-2026\/fakir-2287886_800_q50.webp\"><span class=\"img-title\">fakir<\/span><\/a><\/p>\n<p class=\"disable\">Ed \u00e8 su questo punto che il legale formula la sua considerazione pi\u00f9 netta: &#8220;Una cosa \u00e8 certa e non \u00e8 seriamente n\u00e9 onestamente possibile metterla in discussione: droga o non droga, senza quell&#8217;intervento, senza quella compressione violenta e prolungata, Fakir non sarebbe morto in quel modo e in quel momento&#8221;. Si tratta, va precisato, della tesi sostenuta dall&#8217;avvocato della famiglia, mentre saranno gli accertamenti medico-legali e l&#8217;inchiesta a ricostruire le cause e le eventuali responsabilit\u00e0 per la morte del 42enne.<\/p>\n<p class=\"disable\">\u00a0<\/p>\n<p class=\"disable\">[\u2026] \u00a0Particolare attenzione \u00e8 stata riservata al filmato dell&#8217;intervento, nel quale si sente Fakir ripetere &#8220;non respiro&#8221;. Proprio quelle immagini rappresentano uno degli elementi sui quali insiste la famiglia attraverso il proprio legale. Anselmo ribadisce che gli esami tossicologici sono un passaggio necessario e che la difesa dei familiari \u00e8 pronta ad affrontarne i risultati, qualunque essi siano. &#8220;Siamo pronti ad affrontare anche questo passaggio &#8211; conclude &#8211; perch\u00e9 gli accertamenti scientifici devono servire a cercare la verit\u00e0, non a costruire in anticipo una verit\u00e0 pi\u00f9 comoda&#8221;.<\/p>\n<p><a href=\"https:\/\/www.dagospia.com\/media-gallery\/dago-fotogallery-522222\/2288167\" class=\"float-left img-wrapper\"><img decoding=\"async\" id=\"2288167\" loading=\"lazy\" src=\"https:\/\/static.dagospia.com\/img\/foto\/07-2026\/abderrahim-fakir-2288167_800_q50.webp\"><span class=\"img-title\">ABDERRAHIM FAKIR <\/span><\/a><a href=\"https:\/\/www.dagospia.com\/media-gallery\/dago-fotogallery-522222\/2287693\" class=\"float-right img-wrapper\"><img decoding=\"async\" id=\"2287693\" loading=\"lazy\" src=\"https:\/\/static.dagospia.com\/img\/foto\/07-2026\/scontri-bologna-manifestazione-dopo-morte-fakir-2287693_800_q50.webp\"><span class=\"img-title\">SCONTRI BOLOGNA MANIFESTAZIONE DOPO MORTE FAKIR<\/span><\/a><a href=\"https:\/\/www.dagospia.com\/media-gallery\/dago-fotogallery-522222\/2286824\" class=\"float-right img-wrapper\"><img decoding=\"async\" id=\"2286824\" loading=\"lazy\" src=\"https:\/\/static.dagospia.com\/img\/foto\/07-2026\/abderrahim-fakir-ammanettato-dalla-polizia-6-2286824_800_q50.webp\"><span class=\"img-title\">abderrahim fakir ammanettato dalla polizia 6<\/span><\/a><a href=\"https:\/\/www.dagospia.com\/media-gallery\/dago-fotogallery-522222\/2286825\" class=\"float-right img-wrapper\"><img decoding=\"async\" id=\"2286825\" loading=\"lazy\" src=\"https:\/\/static.dagospia.com\/img\/foto\/07-2026\/abderrahim-fakir-ammanettato-dalla-polizia-3-2286825_800_q50.webp\"><span class=\"img-title\">abderrahim fakir ammanettato dalla polizia 3<\/span><\/a><a href=\"https:\/\/www.dagospia.com\/media-gallery\/dago-fotogallery-522222\/2286826\" class=\"float-right img-wrapper\"><img decoding=\"async\" id=\"2286826\" loading=\"lazy\" src=\"https:\/\/static.dagospia.com\/img\/foto\/07-2026\/abderrahim-fakir-ammanettato-dalla-polizia-2-2286826_800_q50.webp\"><span class=\"img-title\">abderrahim fakir ammanettato dalla polizia 2<\/span><\/a><a href=\"https:\/\/www.dagospia.com\/media-gallery\/dago-fotogallery-522222\/2287244\" class=\"float-right img-wrapper\"><img decoding=\"async\" id=\"2287244\" loading=\"lazy\" src=\"https:\/\/static.dagospia.com\/img\/foto\/07-2026\/bologna-messa-a-ferro-e-fuoco-corteo-per-la-morte-di-abderrahim-fakir-foto-lapre-2287244_800_q50.webp\"><span class=\"img-title\">bologna messa a ferro e fuoco corteo per la morte di abderrahim fakir foto lapresse5<\/span><\/a><a href=\"https:\/\/www.dagospia.com\/media-gallery\/dago-fotogallery-522222\/2287256\" class=\"float-right img-wrapper\"><img decoding=\"async\" id=\"2287256\" loading=\"lazy\" src=\"https:\/\/static.dagospia.com\/img\/foto\/07-2026\/bologna-messa-a-ferro-e-fuoco-corteo-per-la-morte-di-abderrahim-fakir-foto-lapre-2287256_800_q50.webp\"><span class=\"img-title\">bologna messa a ferro e fuoco corteo per la morte di abderrahim fakir foto lapresse22<\/span><\/a><a href=\"https:\/\/www.dagospia.com\/media-gallery\/dago-fotogallery-522222\/2287242\" class=\"float-right img-wrapper\"><img decoding=\"async\" id=\"2287242\" loading=\"lazy\" src=\"https:\/\/static.dagospia.com\/img\/foto\/07-2026\/bologna-messa-a-ferro-e-fuoco-corteo-per-la-morte-di-abderrahim-fakir-foto-lapre-2287242_800_q50.webp\"><span class=\"img-title\">bologna messa a ferro e fuoco corteo per la morte di abderrahim fakir foto lapresse8<\/span><\/a><a href=\"https:\/\/www.dagospia.com\/media-gallery\/dago-fotogallery-522222\/2287245\" class=\"float-right img-wrapper\"><img decoding=\"async\" id=\"2287245\" loading=\"lazy\" src=\"https:\/\/static.dagospia.com\/img\/foto\/07-2026\/bologna-messa-a-ferro-e-fuoco-corteo-per-la-morte-di-abderrahim-fakir-foto-lapre-2287245_800_q50.webp\"><span class=\"img-title\">bologna messa a ferro e fuoco corteo per la morte di abderrahim fakir foto lapresse4<\/span><\/a><a href=\"https:\/\/www.dagospia.com\/media-gallery\/dago-fotogallery-522222\/2287257\" class=\"float-right img-wrapper\"><img decoding=\"async\" id=\"2287257\" loading=\"lazy\" src=\"https:\/\/static.dagospia.com\/img\/foto\/07-2026\/bologna-messa-a-ferro-e-fuoco-corteo-per-la-morte-di-abderrahim-fakir-foto-lapre-2287257_800_q50.webp\"><span class=\"img-title\">bologna messa a ferro e fuoco corteo per la morte di abderrahim fakir foto lapresse23<\/span><\/a><a href=\"https:\/\/www.dagospia.com\/media-gallery\/dago-fotogallery-522222\/2287259\" class=\"float-right img-wrapper\"><img decoding=\"async\" id=\"2287259\" loading=\"lazy\" src=\"https:\/\/static.dagospia.com\/img\/foto\/07-2026\/presidio-per-abderrahim-fakir-a-bologna-foto-lapresse-2287259_800_q50.webp\"><span class=\"img-title\">presidio per abderrahim fakir a bologna foto lapresse <\/span><\/a><a href=\"https:\/\/www.dagospia.com\/media-gallery\/dago-fotogallery-522222\/2287692\" class=\"float-right img-wrapper\"><img decoding=\"async\" id=\"2287692\" loading=\"lazy\" src=\"https:\/\/static.dagospia.com\/img\/foto\/07-2026\/scontri-bologna-manifestazione-dopo-morte-fakir-2287692_800_q50.webp\"><span class=\"img-title\">SCONTRI BOLOGNA MANIFESTAZIONE DOPO MORTE FAKIR<\/span><\/a><a href=\"https:\/\/www.dagospia.com\/media-gallery\/dago-fotogallery-522222\/2288168\" class=\"float-right img-wrapper\"><img decoding=\"async\" id=\"2288168\" loading=\"lazy\" src=\"https:\/\/static.dagospia.com\/img\/foto\/07-2026\/abderrahim-fakir-2288168_800_q50.webp\"><span class=\"img-title\">ABDERRAHIM FAKIR <\/span><\/a><\/p>\n<\/div>\n<div class=\"share-section\">\n                Condividi  questo articolo<\/p>\n<div class=\"socials\"><a href=\"https:\/\/www.dagospia.com\/cronache\/come-e-morto-davvero-abderrahim-fakir-e-risultato-positivo-cocaina-485795\"><img decoding=\"async\" src=\"https:\/\/static.dagospia.com\/img\/icons\/facebook.svg\" alt=\"Condividi su Facebook\"><\/a><a href=\"https:\/\/www.dagospia.com\/cronache\/come-e-morto-davvero-abderrahim-fakir-e-risultato-positivo-cocaina-485795\"><img decoding=\"async\" src=\"https:\/\/static.dagospia.com\/img\/icons\/x-icon.png\" alt=\"Condividi su X\"><\/a><a href=\"https:\/\/www.dagospia.com\/cronache\/come-e-morto-davvero-abderrahim-fakir-e-risultato-positivo-cocaina-485795\"><img decoding=\"async\" src=\"https:\/\/static.dagospia.com\/img\/icons\/whatsapp.svg\" alt=\"Condividi su Whatsapp\"><\/a><a href=\"https:\/\/www.dagospia.com\/cronache\/come-e-morto-davvero-abderrahim-fakir-e-risultato-positivo-cocaina-485795\"><img decoding=\"async\" src=\"https:\/\/static.dagospia.com\/img\/icons\/mail.svg\" alt=\"Invia in email\"><\/a><\/div>\n<\/div>\n<\/article>\n<div class=\"content\">\n<div>\n<div class=\"twitter-tweet twitter-tweet-rendered\"><iframe allowfullscreen=\"true\" allowtransparency=\"true\" data-tweet-id=\"2078883038155436161\" frameborder id=\"twitter-widget-0\" scrolling=\"no\" src=\"https:\/\/platform.twitter.com\/embed\/Tweet.html?dnt=false&amp;embedId=twitter-widget-0&amp;features=eyJ0ZndfdGltZWxpbmVfbGlzdCI6eyJidWNrZXQiOltdLCJ2ZXJzaW9uIjpudWxsfSwidGZ3X2ZvbGxvd2VyX2NvdW50X3N1bnNldCI6eyJidWNrZXQiOnRydWUsInZlcnNpb24iOm51bGx9LCJ0ZndfdHdlZXRfZWRpdF9iYWNrZW5kIjp7ImJ1Y2tldCI6Im9uIiwidmVyc2lvbiI6bnVsbH0sInRmd19yZWZzcmNfc2Vzc2lvbiI6eyJidWNrZXQiOiJvbiIsInZlcnNpb24iOm51bGx9LCJ0ZndfZm9zbnJfc29mdF9pbnRlcnZlbnRpb25zX2VuYWJsZWQiOnsiYnVja2V0Ijoib24iLCJ2ZXJzaW9uIjpudWxsfSwidGZ3X21peGVkX21lZGlhXzE1ODk3Ijp7ImJ1Y2tldCI6InRyZWF0bWVudCIsInZlcnNpb24iOm51bGx9LCJ0ZndfZXhwZXJpbWVudHNfY29va2llX2V4cGlyYXRpb24iOnsiYnVja2V0IjoxMjA5NjAwLCJ2ZXJzaW9uIjpudWxsfSwidGZ3X3Nob3dfYmlyZHdhdGNoX3Bpdm90c19lbmFibGVkIjp7ImJ1Y2tldCI6Im9uIiwidmVyc2lvbiI6bnVsbH0sInRmd19kdXBsaWNhdGVfc2NyaWJlc190b19zZXR0aW5ncyI6eyJidWNrZXQiOiJvbiIsInZlcnNpb24iOm51bGx9LCJ0ZndfdXNlX3Byb2ZpbGVfaW1hZ2Vfc2hhcGVfZW5hYmxlZCI6eyJidWNrZXQiOiJvbiIsInZlcnNpb24iOm51bGx9LCJ0ZndfdmlkZW9faGxzX2R5bmFtaWNfbWFuaWZlc3RzXzE1MDgyIjp7ImJ1Y2tldCI6InRydWVfYml0cmF0ZSIsInZlcnNpb24iOm51bGx9LCJ0ZndfbGVnYWN5X3RpbWVsaW5lX3N1bnNldCI6eyJidWNrZXQiOnRydWUsInZlcnNpb24iOm51bGx9LCJ0ZndfdHdlZXRfZWRpdF9mcm9udGVuZCI6eyJidWNrZXQiOiJvbiIsInZlcnNpb24iOm51bGx9fQ%3D%3D&amp;frame=false&amp;hideCard=false&amp;hideThread=false&amp;id=2078883038155436161&amp;lang=it&amp;origin=https%3A%2F%2Fredazione2.dagospia.com%2Farticoli%2Fadd&amp;sessionId=5439c1563da18f3f343d04bdf152575da3060445&amp;theme=light&amp;widgetsVersion=6a3ad42b224df%3A1778106238597&amp;width=550px\" title=\"X Post\"><\/iframe><\/div>\n<\/div>\n<p class=\"disable\"><strong>Estratto da <a href=\"http:\/\/www.bolognatoday.it\">www.bolognatoday.it<\/a><\/strong><\/p>\n<p class=\"disable\">\u00a0<\/p>\n<p><a href=\"https:\/\/www.dagospia.com\/media-gallery\/dago-fotogallery-522222\/2287689\" class=\"float-right img-wrapper\"><img decoding=\"async\" id=\"2287689\" loading=\"lazy\" src=\"https:\/\/static.dagospia.com\/img\/foto\/07-2026\/abderrahim-fakir-2287689_800_q50.webp\"><span class=\"img-title\">ABDERRAHIM FAKIR<\/span><\/a><\/p>\n<p class=\"disable\">Il primo test sulla cocaina \u00e8 risultato positivo, ma serviranno ulteriori accertamenti per stabilire quantit\u00e0, tempi di assunzione e soprattutto l&#8217;eventuale incidenza della sostanza sulla morte di Abderrahim Fakir, il 42enne deceduto il 19 luglio durante un intervento della polizia in via Svevo, al Pilastro di Bologna.<\/p>\n<p class=\"disable\">\u00a0<\/p>\n<p class=\"disable\">\u00a0A intervenire sui primi risultati dell&#8217;autopsia \u00e8 Fabio Anselmo, avvocato che assiste i familiari di Fakir e che invita ad attendere gli esiti completi degli esami tossicologici prima di arrivare a conclusioni sulle cause del decesso.<\/p>\n<p class=\"disable\">\u00a0<\/p>\n<p class=\"disable\">&#8220;Il primo test sulla cocaina \u00e8 positivo e sar\u00e0 quindi necessario stabilire con precisione quantit\u00e0, tempi e reale incidenza di quella sostanza &#8211; scrive il legale sui social &#8211; ma per qualcuno sembra gi\u00e0 sufficiente per trasformarla nella spiegazione di tutto, cancellando ci\u00f2 che \u00e8 accaduto davanti a una telecamera&#8221;.<\/p>\n<p><a href=\"https:\/\/www.dagospia.com\/media-gallery\/dago-fotogallery-522222\/2288598\" class=\"float-left img-wrapper\"><img decoding=\"async\" id=\"2288598\" loading=\"lazy\" src=\"https:\/\/static.dagospia.com\/img\/foto\/07-2026\/abderrahim-fakir-2288598_800_q50.webp\"><span class=\"img-title\">ABDERRAHIM FAKIR<\/span><\/a><\/p>\n<p class=\"disable\">\u00a0<\/p>\n<p class=\"disable\"><strong>GLI ACCERTAMENTI TOSSICOLOGICI SULLA MORTE DI FAKIR<\/strong><\/p>\n<p class=\"disable\">Le operazioni di accertamento tossicologico iniziano oggi, 3 settembre, e prevedono prelievi e analisi i cui risultati richiederanno diversi giorni. Secondo Anselmo, per\u00f2, &#8220;c&#8217;\u00e8 gi\u00e0 chi, come avevo previsto fin dall&#8217;inizio, sembra aver deciso quale dovr\u00e0 essere la causa della morte di Fakir: la cocaina&#8221;.<\/p>\n<p class=\"disable\">\u00a0<\/p>\n<p class=\"disable\">[\u2026] &#8220;Una conclusione pronta ancora prima degli accertamenti&#8221;, attacca Anselmo, richiamando le immagini registrate durante l&#8217;intervento e le parole pronunciate da Fakir mentre si trovava a terra: &#8220;Non respiro, non respiro&#8221;.<\/p>\n<p class=\"disable\">\u00a0<\/p>\n<p><a href=\"https:\/\/www.dagospia.com\/media-gallery\/dago-fotogallery-522222\/2290581\" class=\"float-right img-wrapper\"><img decoding=\"async\" id=\"2290581\" loading=\"lazy\" src=\"https:\/\/static.dagospia.com\/img\/foto\/07-2026\/abderrahim-fakir-2290581_800_q50.webp\"><span class=\"img-title\">abderrahim fakir<\/span><\/a><\/p>\n<p class=\"disable\"><strong>ANSELMO: &#8220;RESTANO I SEGNI SULLA SCHIENA E LE LESIONI AI POLSI&#8221;<\/strong><\/p>\n<p class=\"disable\">Nel suo intervento l&#8217;avvocato elenca poi una serie di elementi che, a suo giudizio, dovranno essere valutati per ricostruire quanto accaduto. Anselmo parla dei &#8220;segni drammatici sulla schiena&#8221;, dei &#8220;colpi ricevuti durante quella compressione&#8221;, dell&#8217;utilizzo ripetuto dello spray al peperoncino, di &#8220;una frattura allo stragalo&#8221; e delle &#8220;evidenti lesioni ecchimotiche ai polsi nella zona delle manette&#8221;. [\u2026]<\/p>\n<p class=\"disable\">\u00a0<\/p>\n<p class=\"disable\"><strong>&#8220;DROGA O NON DROGA, SENZA QUELL&#8217;INTERVENTO NON SAREBBE MORTO IN QUEL MODO&#8221;<\/strong><\/p>\n<p class=\"disable\">Anselmo richiama anche altri casi giudiziari italiani, citando le morti di Federico Aldrovandi, Riccardo Magherini e Stefano Cucchi, per sostenere che in passato la presenza di sostanze stupefacenti sia stata utilizzata, a suo giudizio, per orientare prematuramente la lettura di vicende complesse.<\/p>\n<p class=\"disable\">\u00a0<\/p>\n<p><a href=\"https:\/\/www.dagospia.com\/media-gallery\/dago-fotogallery-522222\/2287886\" class=\"float-left img-wrapper\"><img decoding=\"async\" id=\"2287886\" loading=\"lazy\" src=\"https:\/\/static.dagospia.com\/img\/foto\/07-2026\/fakir-2287886_800_q50.webp\"><span class=\"img-title\">fakir<\/span><\/a><\/p>\n<p class=\"disable\">Ed \u00e8 su questo punto che il legale formula la sua considerazione pi\u00f9 netta: &#8220;Una cosa \u00e8 certa e non \u00e8 seriamente n\u00e9 onestamente possibile metterla in discussione: droga o non droga, senza quell&#8217;intervento, senza quella compressione violenta e prolungata, Fakir non sarebbe morto in quel modo e in quel momento&#8221;. Si tratta, va precisato, della tesi sostenuta dall&#8217;avvocato della famiglia, mentre saranno gli accertamenti medico-legali e l&#8217;inchiesta a ricostruire le cause e le eventuali responsabilit\u00e0 per la morte del 42enne.<\/p>\n<p class=\"disable\">\u00a0<\/p>\n<p class=\"disable\">[\u2026] \u00a0Particolare attenzione \u00e8 stata riservata al filmato dell&#8217;intervento, nel quale si sente Fakir ripetere &#8220;non respiro&#8221;. Proprio quelle immagini rappresentano uno degli elementi sui quali insiste la famiglia attraverso il proprio legale. Anselmo ribadisce che gli esami tossicologici sono un passaggio necessario e che la difesa dei familiari \u00e8 pronta ad affrontarne i risultati, qualunque essi siano. &#8220;Siamo pronti ad affrontare anche questo passaggio &#8211; conclude &#8211; perch\u00e9 gli accertamenti scientifici devono servire a cercare la verit\u00e0, non a costruire in anticipo una verit\u00e0 pi\u00f9 comoda&#8221;.<\/p>\n<p><a href=\"https:\/\/www.dagospia.com\/media-gallery\/dago-fotogallery-522222\/2288167\" class=\"float-left img-wrapper\"><img decoding=\"async\" id=\"2288167\" loading=\"lazy\" src=\"https:\/\/static.dagospia.com\/img\/foto\/07-2026\/abderrahim-fakir-2288167_800_q50.webp\"><span class=\"img-title\">ABDERRAHIM FAKIR <\/span><\/a><a href=\"https:\/\/www.dagospia.com\/media-gallery\/dago-fotogallery-522222\/2287693\" class=\"float-right img-wrapper\"><img decoding=\"async\" id=\"2287693\" loading=\"lazy\" src=\"https:\/\/static.dagospia.com\/img\/foto\/07-2026\/scontri-bologna-manifestazione-dopo-morte-fakir-2287693_800_q50.webp\"><span class=\"img-title\">SCONTRI BOLOGNA MANIFESTAZIONE DOPO MORTE FAKIR<\/span><\/a><a href=\"https:\/\/www.dagospia.com\/media-gallery\/dago-fotogallery-522222\/2286824\" class=\"float-right img-wrapper\"><img decoding=\"async\" id=\"2286824\" loading=\"lazy\" src=\"https:\/\/static.dagospia.com\/img\/foto\/07-2026\/abderrahim-fakir-ammanettato-dalla-polizia-6-2286824_800_q50.webp\"><span class=\"img-title\">abderrahim fakir ammanettato dalla polizia 6<\/span><\/a><a href=\"https:\/\/www.dagospia.com\/media-gallery\/dago-fotogallery-522222\/2286825\" class=\"float-right img-wrapper\"><img decoding=\"async\" id=\"2286825\" loading=\"lazy\" src=\"https:\/\/static.dagospia.com\/img\/foto\/07-2026\/abderrahim-fakir-ammanettato-dalla-polizia-3-2286825_800_q50.webp\"><span class=\"img-title\">abderrahim fakir ammanettato dalla polizia 3<\/span><\/a><a href=\"https:\/\/www.dagospia.com\/media-gallery\/dago-fotogallery-522222\/2286826\" class=\"float-right img-wrapper\"><img decoding=\"async\" id=\"2286826\" loading=\"lazy\" src=\"https:\/\/static.dagospia.com\/img\/foto\/07-2026\/abderrahim-fakir-ammanettato-dalla-polizia-2-2286826_800_q50.webp\"><span class=\"img-title\">abderrahim fakir ammanettato dalla polizia 2<\/span><\/a><a href=\"https:\/\/www.dagospia.com\/media-gallery\/dago-fotogallery-522222\/2287244\" class=\"float-right img-wrapper\"><img decoding=\"async\" id=\"2287244\" loading=\"lazy\" src=\"https:\/\/static.dagospia.com\/img\/foto\/07-2026\/bologna-messa-a-ferro-e-fuoco-corteo-per-la-morte-di-abderrahim-fakir-foto-lapre-2287244_800_q50.webp\"><span class=\"img-title\">bologna messa a ferro e fuoco corteo per la morte di abderrahim fakir foto lapresse5<\/span><\/a><a href=\"https:\/\/www.dagospia.com\/media-gallery\/dago-fotogallery-522222\/2287256\" class=\"float-right img-wrapper\"><img decoding=\"async\" id=\"2287256\" loading=\"lazy\" src=\"https:\/\/static.dagospia.com\/img\/foto\/07-2026\/bologna-messa-a-ferro-e-fuoco-corteo-per-la-morte-di-abderrahim-fakir-foto-lapre-2287256_800_q50.webp\"><span class=\"img-title\">bologna messa a ferro e fuoco corteo per la morte di abderrahim fakir foto lapresse22<\/span><\/a><a href=\"https:\/\/www.dagospia.com\/media-gallery\/dago-fotogallery-522222\/2287242\" class=\"float-right img-wrapper\"><img decoding=\"async\" id=\"2287242\" loading=\"lazy\" src=\"https:\/\/static.dagospia.com\/img\/foto\/07-2026\/bologna-messa-a-ferro-e-fuoco-corteo-per-la-morte-di-abderrahim-fakir-foto-lapre-2287242_800_q50.webp\"><span class=\"img-title\">bologna messa a ferro e fuoco corteo per la morte di abderrahim fakir foto lapresse8<\/span><\/a><a href=\"https:\/\/www.dagospia.com\/media-gallery\/dago-fotogallery-522222\/2287245\" class=\"float-right img-wrapper\"><img decoding=\"async\" id=\"2287245\" loading=\"lazy\" src=\"https:\/\/static.dagospia.com\/img\/foto\/07-2026\/bologna-messa-a-ferro-e-fuoco-corteo-per-la-morte-di-abderrahim-fakir-foto-lapre-2287245_800_q50.webp\"><span class=\"img-title\">bologna messa a ferro e fuoco corteo per la morte di abderrahim fakir foto lapresse4<\/span><\/a><a href=\"https:\/\/www.dagospia.com\/media-gallery\/dago-fotogallery-522222\/2287257\" class=\"float-right img-wrapper\"><img decoding=\"async\" id=\"2287257\" loading=\"lazy\" src=\"https:\/\/static.dagospia.com\/img\/foto\/07-2026\/bologna-messa-a-ferro-e-fuoco-corteo-per-la-morte-di-abderrahim-fakir-foto-lapre-2287257_800_q50.webp\"><span class=\"img-title\">bologna messa a ferro e fuoco corteo per la morte di abderrahim fakir foto lapresse23<\/span><\/a><a href=\"https:\/\/www.dagospia.com\/media-gallery\/dago-fotogallery-522222\/2287259\" class=\"float-right img-wrapper\"><img decoding=\"async\" id=\"2287259\" loading=\"lazy\" src=\"https:\/\/static.dagospia.com\/img\/foto\/07-2026\/presidio-per-abderrahim-fakir-a-bologna-foto-lapresse-2287259_800_q50.webp\"><span class=\"img-title\">presidio per abderrahim fakir a bologna foto lapresse <\/span><\/a><a href=\"https:\/\/www.dagospia.com\/media-gallery\/dago-fotogallery-522222\/2287692\" class=\"float-right img-wrapper\"><img decoding=\"async\" id=\"2287692\" loading=\"lazy\" src=\"https:\/\/static.dagospia.com\/img\/foto\/07-2026\/scontri-bologna-manifestazione-dopo-morte-fakir-2287692_800_q50.webp\"><span class=\"img-title\">SCONTRI BOLOGNA MANIFESTAZIONE DOPO MORTE FAKIR<\/span><\/a><a href=\"https:\/\/www.dagospia.com\/media-gallery\/dago-fotogallery-522222\/2288168\" class=\"float-right img-wrapper\"><img decoding=\"async\" id=\"2288168\" loading=\"lazy\" src=\"https:\/\/static.dagospia.com\/img\/foto\/07-2026\/abderrahim-fakir-2288168_800_q50.webp\"><span class=\"img-title\">ABDERRAHIM FAKIR <\/span><\/a><\/p>\n<\/div>\n<article><a href=\"https:\/\/www.dagospia.com\/politica\/flash-e-non-e-lui-ministro-per-pubblica-amministrazione-paolo-zangrillo-485844\"><\/p>\n<div class=\"img-wrapper\"><img decoding=\"async\" src=\"https:\/\/static.dagospia.com\/img\/patch\/09-2026\/paolo-zangrillo-in-un-volo-di-linea-ita-airways-da-lamezia-a-milano-3-2302703_600_q50.webp\" alt=\"paolo zangrillo in un volo di linea ita airways da lamezia a milano - 3\" loading=\"lazy\"><time class=\"data-ora\">4 set 13:08<\/time><\/div>\n<div class=\"excerpt\">\n<p>FLASH \u2013 \u00c8 LUI O NON \u00c8 LUI? MA CERTO CHE \u00c8 LUI! IL MINISTRO PER LA PUBBLICA AMMINISTRAZIONE (IN QUOTA MARINA) <span>PAOLO ZANGRILLO, CHE SCALPITA PER FARE LE SCARPE A TAJANI, \u00c8 STATO AVVISTATO POCO FA IN UN VOLO DI LINEA DA LAMEZIA TERME A MILANO LINATE<\/span>, IN MEZZO A IGNARI PASSEGGERI. CHE COSA LO ASPETTA ALL\u2019OMBRA DELLA MADUNINA? RIFERIR\u00c0 A \u201cMADRINA\u201d BERLUSCONI L\u2019ESITO DEL SUO TETE-A-TETE CON ROBERTO OCCHIUTO, ALTRO COCCO DELLA REAL CASATA DI ARCORE?<\/p>\n<\/div>\n<p><\/a><\/article>\n<article><a href=\"https:\/\/www.dagospia.com\/politica\/dagoreport-giorgia-meloni-e-in-modalita-cattivissima-me-fronte-guai-485762\"><\/p>\n<div class=\"img-wrapper\"><img decoding=\"async\" src=\"https:\/\/static.dagospia.com\/img\/patch\/09-2026\/giorgia-meloni-sigfrido-ranucci-giampaolo-rossi-giovambattista-fazzolari-patrizi-2302272_600_q50.webp\" alt=\"giorgia meloni sigfrido ranucci giampaolo rossi giovambattista fazzolari patrizia scurti antonio tajani matteo salvini \" loading=\"lazy\"><time class=\"data-ora\">3 set 20:07<\/time><\/div>\n<div class=\"excerpt\">\n<p>DAGOREPORT \u2013 <span>GIORGIA MELONI \u00c8 IN MODALIT\u00c0 \u201cCATTIVISSIMA ME\u201d<\/span>: DOPO QUATTRO ANNI DI LUNA DI MIELE, PER LA DUCETTA \u00c8 ARRIVATA LA TEMPESTA PERFETTA: LO STOP AL PREMIERATO,\u00a0LA BATOSTA AL REFERENDUM, LE RAFFICHE DI \u201cVAFFA\u201d DI TRUMP, L&#8217;ESPLOSIONE DEL FENOMENO VANNACCI, IL CROLLO DELLA LEGA, FORZA ITALIA ALLA BERLUSCONINA, IL CAOS INTORNO ALLA NUOVA LEGGE ELETTORALE, L&#8217;AUTOGOL SULLA SOSTITUZIONE DI RANUCCI &#8211; <span>PIU&#8217; IRRIDUCIBILE DELLA MALASORTE, ANZICHE&#8217; ASCOLTARE I CO-FONDATORI DI FDI, LA RUSSA E CROSETTO, L&#8217;UNDERDOG PREFERISCE\u00a0CIRCONDARSI DALL&#8217;AFFETTO DEL SUO CIRCOLETTO DELLA GARBATELLA<\/span>\u00a0&#8211; DOMANI DA BARI, DOVE FESTEGGIA IL RECORD DI DURATA DEL SUO GOVERNO, L&#8217;UNDERDOG LANCER\u00c0 IL SUO GRIDO DI RISCOSSA ELETTORALE &#8211; <span>SA CHE L&#8217;ARMATA BRANCA-MELONI NON PUO&#8217; REGGERE FINO A OTTOBRE 2027, OCCORRE ANTICIPARE IL VOTO AD APRILE, LASCIANDO LE COMUNALI A GIUGNO <\/span>&#8211; MA MATTARELLA VUOLE L\u2019ELECTION-DAY A CUI SI OPPONE LA MELONI, TERRORIZZATA DALL\u2019EFFETTO TRAINO DI UN FILOTTO DEL CENTROSINISTRA: CHE DECIDERA&#8217; IL COLLE? AH, SAPERLO&#8230;<\/p>\n<\/div>\n<p><\/a><\/article>\n<article><a href=\"https:\/\/www.dagospia.com\/politica\/dagoreport-roberto-vannacci-marcia-cernobbio-gli-imprenditori-italiani-485729\"><\/p>\n<div class=\"img-wrapper\"><img decoding=\"async\" src=\"https:\/\/static.dagospia.com\/img\/patch\/09-2026\/crosetto-calenda-vannacci-monti-de-bortoli-forum-ambrosetti-cernobbio-2302201_600_q50.webp\" alt=\"crosetto calenda vannacci monti de bortoli forum ambrosetti cernobbio\" loading=\"lazy\"><time class=\"data-ora\">3 set 20:02<\/time><\/div>\n<div class=\"excerpt\">\n<p><span>DAGOREPORT <\/span>&#8211; MENTRE LA PROCURA MILITARE DI ROMA AVVIA UN\u2019INDAGINE SUGLI UFFICIALI CHE HANNO ADERITO ALLA &#8220;SPORCA DOZZINA&#8221; DI ROBERTO VANNACCI, <span>IL RE-DUX DI FUTURO NAZIONALE MARCIA SU CERNOBBIO: SABATO \u00c8 ATTESO IN POMPA MAGNA AL FORUM AMBROSETTI PER DIBATTERE CON L\u2019EX PREMIER MARIO MONTI<\/span> &#8211; DALL&#8217;IDEOLOGO DEL POPULISMO GRILLINO, GIAN ROBERTO CASALEGGIO AL LEADER SOVRANISTA OLANDESE, IL RAZZISTA GEERT WILDERS, LE PRESENZE PROVOCATORIE E ACCHIAPPA-TITOLI NON SONO UNA NOVITA&#8217; A VILLA D&#8217;ESTE &#8211;<span> SDEGNATI PER LA PRESENZA E &#8220;TRATTAMENTO PREFERENZIALE&#8221; DEDICATO ALL\u2019EX PAR\u00c0(CULO) DELLA FOLGORE, CARLO CALENDA E GUIDO CROSETTO NON METTERANNO PIEDE A CERNOBBIO<\/span> \u2013 ANCHE FERRUCCIO DE BORTOLI RIFIUTA DI DUETTARE CON L\u2019EX GENERALE NOSTALGICO DEL MANGANELLO E DELL\u2019OLIO DI RICINO &#8211; NON SOLO: E&#8217; L\u2019EX DIRETTORE DEL \u201cCORRIERE\u201d IL PRIMO CHE SPARA LA NOTIZIA:<span> \u201cPURTROPPO A CERNOBBIO CI SAR\u00c0 VANNACCI&#8221;<\/span> (IL CAUTO DIRETTORE FONTANA \u00c8 STATO BEN ATTENTO A NON PUBBLICARLA SUBITO SUL CARTACEO)&#8230;<\/p>\n<\/div>\n<p><\/a><\/article>\n<article><a href=\"https:\/\/www.dagospia.com\/media-tv\/dagoreport-riunione-interlocutoria-qualche-piccola-apertura-caso-report-485651\"><\/p>\n<div class=\"img-wrapper\"><img decoding=\"async\" src=\"https:\/\/static.dagospia.com\/img\/patch\/09-2026\/rai-via-teulada-paolo-corsini-giulia-innocenzi-presutti-daniele-piervincenzi-dan-2301944_600_q50.webp\" alt=\"rai via teulada paolo corsini giulia innocenzi presutti daniele piervincenzi danilo procaccianti report sigfrido ranucci \" loading=\"lazy\"><time class=\"data-ora\">2 set 20:05<\/time><\/div>\n<div class=\"excerpt\">\n<p>DAGOREPORT \u2013 <span>RIUNIONE INTERLOCUTORIA MA CON QUALCHE PICCOLA APERTURA <\/span>TRA IL DIRETTORE DELL&#8217;APPROFONDIMENTO RAI, PAOLO CORSINI, E I MEMBRI DELLA SQUADRA DI \u201cREPORT\u201d: I GIORNALISTI <span>HANNO RIBADITO IL \u201cNO\u201d ALLA CONDUZIONE DI GIULIA PRESUTTI E DANIELE<\/span><span>PIERVINCENZI, MA SU QUEST\u2019ULTIMO LA POSIZIONE SAREBBE PI\u00d9 MORBIDA: <\/span>POTREBBE AVERE UN VIA LIBERA MAGARI COME CONDUTTORE DEL \u201cREPORT LAB\u201d, CON LA CONDUZIONE VERA E PROPRIA DA AFFIDARE A DUE \u201cSTORICI\u201d (CHE DIVENTEREBBERO TRE NEL CASO DI UN REINTEGRO DI RANUCCI DA PARTE DEL TRIBUNALE).\u00a0 SULLA PRESUTTI IL MURO RESTA GRANITICO \u2013 <span>PALAZZO CHIGI, INVECE, SAREBBE IRREMOVIBILE SUI DUE NOMI<\/span> \u2013 EPISODIO PITTORESCO NEL MEZZO DELLA RIUNIONE: UN GIORNALISTA DI UNA PRESTIGIOSA TESTATA DELLA RAI SAREBBE STATO <span>BECCATO A ORIGLIARE DA UN BAGNO VICINO ALLA SALA\u2026<\/span><\/p>\n<\/div>\n<p><\/a><\/article>\n<article><a href=\"https:\/\/www.dagospia.com\/politica\/dagoreport-grazie-trump-mondo-verso-de-americanizzazione-oggi-si-485332\"><\/p>\n<div class=\"img-wrapper\"><img decoding=\"async\" src=\"https:\/\/static.dagospia.com\/img\/patch\/09-2026\/trump-modi-xi-jinping-putin-2301524_600_q50.webp\" alt=\"trump modi xi jinping putin\" loading=\"lazy\"><time class=\"data-ora\">1 set 19:59<\/time><\/div>\n<div class=\"excerpt\">\n<p>DAGOREPORT \u2013<span> GRAZIE A TRUMP, IL DOLLARO RISCHIA DI DIVENTARE CARTA STRACCIA \u2013<\/span>\u00a0IL PIATTO FORTE AL SUMMIT IN KIRGHIZISTAN DI XI JINPING, VLADIMIR PUTIN E NARENDRA MODI, HA FATTO STRA-INCAZZARE IL CALIGOLA DELLA CASA BIANCA: SUL TAVOLO,\u00a0<span>IL PROGETTO DEI &#8221;BRICS&#8221; (BRASILE, RUSSIA, INDIA, CINA, SUDAFRICA) DI DAR VITA A UNA \u201cMONETA UNICA&#8221;, PER FAR FUORI IL DOLLARO NEGLI SCAMBI INTERNAZIONALI<\/span>\u00a0&#8211; CON UN DEBITO PUBBLICO MONSTRE DI 40MILA MILIARDI, LA DE-DOLLARIZZAZIONE SAREBBE LA FINE DELL&#8217;IMPERO AMERICANO: IL VERDONE&#8221; VIENE UTILIZZATO IN OLTRE L&#8217;80% DELLE TRANSAZIONI COMMERCIALI E IN PI\u00d9 DELLA MET\u00c0 DEI PAGAMENTI INTERNAZIONALI DELLE MATERIE PRIME, COME IL PETROLIO\u00a0&#8211; <span>LA DECISIONE E&#8217; NELLE MANI DELLA CINA: RINUNCERA&#8217; ALLO MONETA NAZIONALE, LO YUAN, PER DIVENTARE LA LOCOMOTIVA DEI &#8221;BRICS&#8221;?<\/span>\u00a0&#8211;\u00a0SUL MAGGIORE IMPEGNO A FAVORE DELL\u2019IRAN, PESANO I DUBBI\u00a0DI MODI (GLI USA SONO IL PRIMO PARTNER COMMERCIALE DELL\u2019INDIA)\u00a0&#8211; PROSSIMO ROUND: IL VERTICE DI XI JIN PING DEL 24 SETTEMBRE CON IL &#8220;DERAGLIATO MENTALE&#8221; DELLA CASA BIANCA&#8230;<\/p>\n<\/div>\n<p><\/a><\/article>\n<article><a href=\"https:\/\/www.dagospia.com\/politica\/elly-ascolta-gli-amici-i-big-pd-scesi-in-campo-cosi-pesantemente-per-485354\"><\/p>\n<div class=\"img-wrapper\"><img decoding=\"async\" src=\"https:\/\/static.dagospia.com\/img\/patch\/08-2026\/giuseppe-conte-elly-schlein-franceschini-bonaccini-nardella-2301098_600_q50.webp\" alt=\"giuseppe conte elly schlein franceschini bonaccini nardella\" loading=\"lazy\"><time class=\"data-ora\">31 ago 20:17<\/time><\/div>\n<div class=\"excerpt\">\n<p>DAGOREPORT &#8211; <span>ELLY, ASCOLTA GLI AMICI!<\/span> I CAPOCCIONI E LE MEZZECALZE DEL PD, CHE SONO SCESI COS\u00cc PESANTEMENTE IN CAMPO PER SCONGIURARE LA JATTURA DELLE PRIMARIE, NON CE L&#8217;HANNO CON TE, LO FANNO SOLO PER IL TUO BENE &#8211; CERTO, TEMONO (A RAGIONE) ANCHE PER LA LORO SOPRAVVIVENZA PARLAMENTARE: <span>SE ELLY, COME PROBABILE, PERDESSE AI GAZEBO IL DUELLO CON CONTE, TRASCINEREBBE IL PARTITO NEL BARATRO <\/span>&#8211; \u00c8 PER QUESTO CHE DA QUALCHE SETTIMANA SONO PARTITI GLI AVVERTIMENTI VIA STAMPA, ANCHE DI ESPONENTI PD NON OSTILI ALLA SCHLEIN COME DARIO NARDELLA, DI FARE UN PASSO INDIETRO \u2013 <span>LA TRAGEDIA \u00c8 CHE L\u2019AMBIZIOSA DUCETTA DEL NAZARENO, NONOSTANTE I SONDAGGI HORROR, SI VEDE GI\u00c0 A PALAZZO CHIGI, VALUTANDOLI COME ATTACCHI ALLA SUA LEADERSHIP<\/span>: \u201cLE INTERVISTE SULLE PRIMARIE? SONO SOLO ESERCIZI INTELLETTUALI, ALLA FESTA DELL\u2019UNITA\u2019 PARLO IO\u201d &#8211; SE ELLY CONTINUA COS\u00cc, RISCHIA CHE LA SUA PROSSIMA OCCUPAZIONE SARA&#8217; DI BALLARE SUI CARRI DEL GAY PRIDE&#8230;<\/p>\n<\/div>\n<p><\/a><\/article>\n<article><a href=\"https:\/\/www.dagospia.com\/media-tv\/acrobazie-spaccanti-il-55enne-raoul-bova-beatrice-arnera-beccati-chi-485632\"><\/p>\n<div class=\"img-wrapper\"><img decoding=\"async\" src=\"https:\/\/static.dagospia.com\/img\/patch\/09-2026\/raoul-bova-beatrice-arnera-chi-2301906_600_q50.webp\" alt=\"raoul bova beatrice arnera chi\" loading=\"lazy\"><\/div>\n<div class=\"excerpt\">ACROBAZIE \u201cSPACCANTI\u201d \u2013 IL 55ENNE RAOUL BOVA E BEATRICE ARNERA SONO STATI BECCATI DA \u201cCHI\u201d A\u2026<\/div>\n<p><\/a><\/article>\n<article><a href=\"https:\/\/www.dagospia.com\/sport\/pennellone-frou-frou-mole-juve-acquistato-l-attaccante-nick-woltemade-485601\"><\/p>\n<div class=\"img-wrapper\"><img decoding=\"async\" src=\"https:\/\/static.dagospia.com\/img\/patch\/09-2026\/nick-woltemade-2301780_600_q50.webp\" alt loading=\"lazy\"><\/div>\n<div class=\"excerpt\">UN PENNELLONE &#8220;FROU FROU&#8221; SOTTO LA MOLE? \u2013 LA JUVE HA ACQUISTATO IN PRESTITO DAL NEWCASTLE\u2026<\/div>\n<p><\/a><\/article>\n<article><a href=\"https:\/\/www.dagospia.com\/cronache\/42enne-bengalese-abusato-13enne-torino-e-porcellone-prima-categoria-485694\"><\/p>\n<div class=\"img-wrapper\"><img decoding=\"async\" src=\"https:\/\/static.dagospia.com\/img\/patch\/03-2019\/palpeggiamento-1138602_600_q50.webp\" alt=\"palpeggiamento\" loading=\"lazy\"><\/div>\n<div class=\"excerpt\">IL 42ENNE BENGALESE CHE HA ABUSATO UNA 13ENNE DI TORINO \u00c8 UN PORCELLONE DI PRIMA CATEGORIA! &#8211; POCO\u2026<\/div>\n<p><\/a><\/article>\n<article><a href=\"https:\/\/www.dagospia.com\/media-tv\/pillole-gossip-wanda-nara-i-festini-violenti-dell-ex-belen-485709\"><\/p>\n<div class=\"img-wrapper\"><img decoding=\"async\" src=\"https:\/\/static.dagospia.com\/img\/patch\/09-2026\/pillole-avanti-gossip-2302145_600_q50.webp\" alt=\"pillole avanti gossip\" loading=\"lazy\"><\/div>\n<div class=\"excerpt\">PILLOLE DI GOSSIP! WANDA NARA E I FESTINI VIOLENTI DELL\u2019EX MAXI LOPEZ IN RUSSIA: \u201cCHE PECCATO\u2026<\/div>\n<p><\/a><\/article>\n<article><a href=\"https:\/\/www.dagospia.com\/sport\/vroom-si-sbanda-in-curva-la-riconoscete-sognava-condurre-tg-e-finita-in-485816\"><\/p>\n<div class=\"img-wrapper\"><img decoding=\"async\" src=\"https:\/\/static.dagospia.com\/img\/patch\/09-2026\/mara-sangiorgio-2302494_600_q50.webp\" alt=\"mara sangiorgio\" loading=\"lazy\"><\/div>\n<div class=\"excerpt\">VROOM, SI SBANDA IN CURVA: LA RICONOSCETE? SOGNAVA DI CONDURRE IL TG, E\u2019 FINITA IN MEZZO ALLE\u2026<\/div>\n<p><\/a><\/article>\n<article><a href=\"https:\/\/www.dagospia.com\/politica\/flash-e-non-e-lui-ministro-per-pubblica-amministrazione-paolo-zangrillo-485844\"><\/p>\n<div class=\"img-wrapper\"><img decoding=\"async\" src=\"https:\/\/static.dagospia.com\/img\/patch\/09-2026\/paolo-zangrillo-in-un-volo-di-linea-ita-airways-da-lamezia-a-milano-3-2302703_600_q50.webp\" alt=\"paolo zangrillo in un volo di linea ita airways da lamezia a milano - 3\" loading=\"lazy\"><\/div>\n<div class=\"excerpt\">FLASH \u2013 \u00c8 LUI O NON \u00c8 LUI? MA CERTO CHE \u00c8 LUI! IL MINISTRO PER LA PUBBLICA AMMINISTRAZIONE (IN\u2026<\/div>\n<p><\/a><\/article>\n<article><a href=\"https:\/\/www.dagospia.com\/politica\/dagoreport-giorgia-meloni-e-in-modalita-cattivissima-me-fronte-guai-485762\"><\/p>\n<div class=\"img-wrapper\"><img decoding=\"async\" src=\"https:\/\/static.dagospia.com\/img\/patch\/09-2026\/giorgia-meloni-sigfrido-ranucci-giampaolo-rossi-giovambattista-fazzolari-patrizi-2302272_600_q50.webp\" alt=\"giorgia meloni sigfrido ranucci giampaolo rossi giovambattista fazzolari patrizia scurti antonio tajani matteo salvini \" loading=\"lazy\"><\/div>\n<div class=\"excerpt\">DAGOREPORT \u2013 GIORGIA MELONI \u00c8 IN MODALIT\u00c0 \u201cCATTIVISSIMA ME\u201d: DOPO QUATTRO ANNI DI LUNA DI MIELE,\u2026<\/div>\n<p><\/a><\/article>\n<article><a href=\"https:\/\/www.dagospia.com\/politica\/dagoreport-roberto-vannacci-marcia-cernobbio-gli-imprenditori-italiani-485729\"><\/p>\n<div class=\"img-wrapper\"><img decoding=\"async\" src=\"https:\/\/static.dagospia.com\/img\/patch\/09-2026\/crosetto-calenda-vannacci-monti-de-bortoli-forum-ambrosetti-cernobbio-2302201_600_q50.webp\" alt=\"crosetto calenda vannacci monti de bortoli forum ambrosetti cernobbio\" loading=\"lazy\"><\/div>\n<div class=\"excerpt\">DAGOREPORT &#8211; MENTRE LA PROCURA MILITARE DI ROMA AVVIA UN\u2019INDAGINE SUGLI UFFICIALI CHE HANNO ADERITO\u2026<\/div>\n<p><\/a><\/article>\n<article><a href=\"https:\/\/www.dagospia.com\/media-tv\/dagoreport-riunione-interlocutoria-qualche-piccola-apertura-caso-report-485651\"><\/p>\n<div class=\"img-wrapper\"><img decoding=\"async\" src=\"https:\/\/static.dagospia.com\/img\/patch\/09-2026\/rai-via-teulada-paolo-corsini-giulia-innocenzi-presutti-daniele-piervincenzi-dan-2301944_600_q50.webp\" alt=\"rai via teulada paolo corsini giulia innocenzi presutti daniele piervincenzi danilo procaccianti report sigfrido ranucci \" loading=\"lazy\"><\/div>\n<div class=\"excerpt\">DAGOREPORT \u2013 RIUNIONE INTERLOCUTORIA MA CON QUALCHE PICCOLA APERTURA TRA IL DIRETTORE\u2026<\/div>\n<p><\/a><\/article>\n<article><a href=\"https:\/\/www.dagospia.com\/politica\/dagoreport-grazie-trump-mondo-verso-de-americanizzazione-oggi-si-485332\"><\/p>\n<div class=\"img-wrapper\"><img decoding=\"async\" src=\"https:\/\/static.dagospia.com\/img\/patch\/09-2026\/trump-modi-xi-jinping-putin-2301524_600_q50.webp\" alt=\"trump modi xi jinping putin\" loading=\"lazy\"><\/div>\n<div class=\"excerpt\">DAGOREPORT \u2013 GRAZIE A TRUMP, IL DOLLARO RISCHIA DI DIVENTARE CARTA STRACCIA \u2013\u00a0IL PIATTO FORTE AL\u2026<\/div>\n<p><\/a><\/article>\n<article><a href=\"https:\/\/www.dagospia.com\/politica\/elly-ascolta-gli-amici-i-big-pd-scesi-in-campo-cosi-pesantemente-per-485354\"><\/p>\n<div class=\"img-wrapper\"><img decoding=\"async\" src=\"https:\/\/static.dagospia.com\/img\/patch\/08-2026\/giuseppe-conte-elly-schlein-franceschini-bonaccini-nardella-2301098_600_q50.webp\" alt=\"giuseppe conte elly schlein franceschini bonaccini nardella\" loading=\"lazy\"><\/div>\n<div class=\"excerpt\">DAGOREPORT &#8211; ELLY, ASCOLTA GLI AMICI! I CAPOCCIONI E LE MEZZECALZE DEL PD, CHE SONO SCESI COS\u00cc\u2026<\/div>\n<p><\/a><\/article>\n<article><a href=\"https:\/\/www.dagospia.com\/politica\/l-ingaggio-fedorov-fa-incazzare-zelensky-mette-in-allarme-agenzie-485343\"><\/p>\n<div class=\"img-wrapper\"><img decoding=\"async\" src=\"https:\/\/static.dagospia.com\/img\/patch\/08-2026\/fedorov-musk-thiel-zelensky-crosetto-2301168_600_q50.webp\" alt=\"fedorov musk thiel zelensky crosetto\" loading=\"lazy\"><\/div>\n<div class=\"excerpt\">DAGOREPORT &#8211; A QUALCUNO NON PIACE &#8216;STO FEDOROV &#8211;\u00a0PIU&#8217; CHE A INDIGNARE I NEURONI ALLA VODKA DI\u2026<\/div>\n<p><\/a><\/article>\n<article><a href=\"https:\/\/www.dagospia.com\/politica\/flash-c-e-grande-perplessita-i-draghi-boys-per-presenza-andrea-485336\"><\/p>\n<div class=\"img-wrapper\"><img decoding=\"async\" src=\"https:\/\/static.dagospia.com\/img\/patch\/08-2026\/xavier-niel-draghi-pignataro-2301175_600_q50.webp\" alt=\"xavier niel draghi pignataro\" loading=\"lazy\"><\/div>\n<div class=\"excerpt\">FLASH! \u2013 I \u201cDRAGHI BOYS\u201d DEL POTERE ECONOMICO ITALIANO AVREBBERO ESPRESSO QUALCHE PERPLESSITA&#8217;\u2026<\/div>\n<p><\/a><\/article>\n<article><a href=\"https:\/\/www.dagospia.com\/politica\/quale-episodio-giulia-presutti-era-habitue-cefalu-bistro-dove-piu-e-485248\"><\/p>\n<div class=\"img-wrapper\"><img decoding=\"async\" src=\"https:\/\/static.dagospia.com\/img\/patch\/08-2026\/ranucci-presutti-cianfoni-floridia-2300757_600_q50.webp\" alt=\"ranucci presutti cianfoni floridia\" loading=\"lazy\"><\/div>\n<div class=\"excerpt\">DAGOREPORT &#8211;\u00a0MA QUALE &#8220;EPISODIO&#8221;! GIULIA PRESUTTI ERA UN HABITU\u00c8 DEL \u201cCEFAL\u00d9 BISTR\u00d2\u201d DOVE PI\u00d9 VOLTE\u2026<\/div>\n<p><\/a><\/article>\n<article><a href=\"https:\/\/www.dagospia.com\/politica\/risiko-s-ingrossa-l-apertura-assicurazioni-generali-valutare-l-offerta-484996\"><\/p>\n<div class=\"img-wrapper\"><img decoding=\"async\" src=\"https:\/\/static.dagospia.com\/img\/patch\/08-2026\/generali-philippe-donnet-luigi-lovaglio-carlo-messina-2292458_600_q50.webp\" alt=\"generali philippe donnet luigi lovaglio carlo messina \" loading=\"lazy\"><\/div>\n<div class=\"excerpt\">DAGOREPORT &#8211; IL RISIKO S&#8217;INGROSSA! L\u2019APERTURA DI ASSICURAZIONI GENERALI A VALUTARE L&#8217;OFFERTA\u201d DI\u2026<\/div>\n<p><\/a><\/article>\n<article><a href=\"https:\/\/www.dagospia.com\/cafonal\/cafonalino-roma-proiezione-documentario-marco-bellocchio-marco-travaglio-485081\"><\/p>\n<div class=\"img-wrapper\"><img decoding=\"async\" src=\"https:\/\/static.dagospia.com\/img\/patch\/08-2026\/2026bellocchio-anteprima-film-di-marco-bellocchio-2300339_600_q50.webp\" alt=\"2026bellocchio anteprima film di marco bellocchio\" loading=\"lazy\"><\/div>\n<div class=\"excerpt\">CAFONALINO! AL CINEMA QUATTRO FONTANE DI ROMA LA PROIEZIONE SPECIALE DEL DOCUMENTARIO \u201cMARCO\u2026<\/div>\n<p><\/a><\/article>\n<article><a href=\"https:\/\/www.dagospia.com\/cafonal\/cafonal-show-ranucci-cerveteri-freni-ho-fatto-scoop-nazionali-484807\"><\/p>\n<div class=\"img-wrapper\"><img decoding=\"async\" src=\"https:\/\/static.dagospia.com\/img\/patch\/08-2026\/2026ranucci-sigfrido-ranucci-2299409_600_q50.webp\" alt=\"2026ranucci sigfrido ranucci\" loading=\"lazy\"><\/div>\n<div class=\"excerpt\">SIGFRIDO, IL MASANIELLO DE NOANTRI \u2013 RANUCCI HA PERSO OGNI FRENO E, ALLA PRESENTAZIONE DEL SUO\u2026<\/div>\n<p><\/a><\/article>\n<article><a href=\"https:\/\/www.dagospia.com\/cafonal\/funeralino-l-ultimo-saluto-mitico-produttore-cinematografico-fulvio-484127\"><\/p>\n<div class=\"img-wrapper\"><img decoding=\"async\" src=\"https:\/\/static.dagospia.com\/img\/patch\/08-2026\/2026lucisano-2297424_600_q50.webp\" alt=\"2026lucisano\" loading=\"lazy\"><\/div>\n<div class=\"excerpt\">FUNERALINO \u2013 NELLA CALLARA ROMANA D\u2019AGOSTO, L\u2019ULTIMO SALUTO AL MITICO PRODUTTORE CINEMATOGRAFICO\u2026<\/div>\n<p><\/a><\/article>\n<article><a href=\"https:\/\/www.dagospia.com\/cafonal\/cafonalino-pizza-riformista-matteo-renzi-raduna-i-suoi-prima-delle-480816\"><\/p>\n<div class=\"img-wrapper\"><img decoding=\"async\" src=\"https:\/\/static.dagospia.com\/img\/patch\/07-2026\/2026kraken-matteo-renzi-2286047_600_q50.webp\" alt=\"2026kraken matteo renzi \" loading=\"lazy\"><\/div>\n<div class=\"excerpt\">CAFONALINO DELLA PIZZA RIFORMISTA \u2013 RENZI RADUNA I SUOI PRIMA DELLE VACANZE ESTIVE AL SATYRUS DI\u2026<\/div>\n<p><\/a><\/article>\n<article><a href=\"https:\/\/www.dagospia.com\/cafonal\/cafonalino-moreno-party-roma-manuela-moreno-festeggia-i-60-anni-480777\"><\/p>\n<div class=\"img-wrapper\"><img decoding=\"async\" src=\"https:\/\/static.dagospia.com\/img\/patch\/07-2026\/manuela-moreno-festa-60-anni-2285871_600_q50.webp\" alt=\"manuela moreno festa 60 anni \" loading=\"lazy\"><\/div>\n<div class=\"excerpt\">CAFONALINO! NO MORENO, NO PARTY \u2013 A ROMA, AL LOVE BAR DI PONTE MILVIO, MANUELA MORENO, CONDUTTRICE\u2026<\/div>\n<p><\/a><\/article>\n<article><a href=\"https:\/\/www.dagospia.com\/cafonal\/cafonalino-firenze-tevere-direttori-redattori-forchettoni-scrocconi-480745\"><\/p>\n<div class=\"img-wrapper\"><img decoding=\"async\" src=\"https:\/\/static.dagospia.com\/img\/patch\/07-2026\/2026agno-marco-agnoletti-2285763_600_q50.webp\" alt=\"2026agno marco agnoletti \" loading=\"lazy\"><\/div>\n<div class=\"excerpt\">CAFONALINO DEGLI AGNOLETTI IN BRODO &#8211; DIRETTORI, REDATTORI, FORCHETTONI E SCROCCONI SFIDANO\u2026<\/div>\n<p><\/a><\/article>\n<p>[analyse_source url=&#8221;https:\/\/www.dagospia.com\/cronache\/come-e-morto-davvero-abderrahim-fakir-e-risultato-positivo-cocaina-485795&#8243;]<\/p>\n","protected":false},"excerpt":{"rendered":"<p>[analyse_image type=&#8221;featured&#8221; src=&#8221;https:\/\/static.dagospia.com\/img\/patch\/07-2026\/abderrahim-fakir-2287688_600_q50.webp&#8221;] 4 set 2026 11:27 COME \u00c8 MORTO DAVVERO ABDERRAHIM FAKIR? \u2013 \u00c8 RISULTATO POSITIVO ALLA COCAINA\u00a0IL PRIMO TEST TOSSICOLOGICO SUL 42ENNE MAROCCHINO, DECEDUTO A BOLOGNA DURANTE UN INTERVENTO DELLA POLIZIA. \u00c8 STATA LA DROGA AD AMMAZZARLO? \u2013 L\u2019AVVOCATO DELLA FAMIGLIA \u00c8 SCETTICO: \u201cSENZA QUELL&#8217;INTERVENTO, SENZA QUELLA COMPRESSIONE VIOLENTA E PROLUNGATA, FAKIR NON [&hellip;]<\/p>\n","protected":false},"author":1,"featured_media":0,"comment_status":"open","ping_status":"","sticky":false,"template":"","format":"standard","meta":{"footnotes":""},"categories":[87],"tags":[226,149],"class_list":["post-2127899","post","type-post","status-publish","format-standard","hentry","category-italy","tag-crawlmanager","tag-dagospia-com"],"_links":{"self":[{"href":"https:\/\/analyse.optim.biz\/index.php?rest_route=\/wp\/v2\/posts\/2127899","targetHints":{"allow":["GET"]}}],"collection":[{"href":"https:\/\/analyse.optim.biz\/index.php?rest_route=\/wp\/v2\/posts"}],"about":[{"href":"https:\/\/analyse.optim.biz\/index.php?rest_route=\/wp\/v2\/types\/post"}],"author":[{"embeddable":true,"href":"https:\/\/analyse.optim.biz\/index.php?rest_route=\/wp\/v2\/users\/1"}],"replies":[{"embeddable":true,"href":"https:\/\/analyse.optim.biz\/index.php?rest_route=%2Fwp%2Fv2%2Fcomments&post=2127899"}],"version-history":[{"count":0,"href":"https:\/\/analyse.optim.biz\/index.php?rest_route=\/wp\/v2\/posts\/2127899\/revisions"}],"wp:attachment":[{"href":"https:\/\/analyse.optim.biz\/index.php?rest_route=%2Fwp%2Fv2%2Fmedia&parent=2127899"}],"wp:term":[{"taxonomy":"category","embeddable":true,"href":"https:\/\/analyse.optim.biz\/index.php?rest_route=%2Fwp%2Fv2%2Fcategories&post=2127899"},{"taxonomy":"post_tag","embeddable":true,"href":"https:\/\/analyse.optim.biz\/index.php?rest_route=%2Fwp%2Fv2%2Ftags&post=2127899"}],"curies":[{"name":"wp","href":"https:\/\/api.w.org\/{rel}","templated":true}]}}