{"id":2127882,"date":"2026-09-04T08:06:00","date_gmt":"2026-09-04T05:06:00","guid":{"rendered":"https:\/\/analyse.optim.biz\/?p=2127882"},"modified":"2026-09-04T08:06:00","modified_gmt":"2026-09-04T05:06:00","slug":"il-loco-milei-vuole-riaprire-la-guerra-delle-falkland-il-presidente-argentino-rilancia-la","status":"publish","type":"post","link":"https:\/\/analyse.optim.biz\/?p=2127882","title":{"rendered":"Il &#8216;loco&#8217; milei vuole riaprire la guerra delle falkland \u2013 il presidente argentino rilancia la&#8230;"},"content":{"rendered":"<p>[analyse_image type=&#8221;featured&#8221; src=&#8221;https:\/\/static.dagospia.com\/img\/patch\/09-2026\/donald-trump-javier-milei-isole-falkland-malvinas-2302373_600_q50.webp&#8221;]<\/p>\n<article>\n<div class=\"img-wrapper\"><img decoding=\"async\" src=\"https:\/\/static.dagospia.com\/img\/patch\/09-2026\/donald-trump-javier-milei-isole-falkland-malvinas-2302373_600_q50.webp\" alt=\"donald trump javier milei isole falkland malvinas \"><time class=\"data-ora\">4 set 2026 10:06<\/time><\/div>\n<p><span>IL \u201cLOCO\u201d MILEI VUOLE RIAPRIRE LA GUERRA DELLE FALKLAND <\/span>\u2013 IL PRESIDENTE ARGENTINO RILANCIA LA RIVENDICAZIONE SULLE ISOLE MALVINAS, E <span>PARLA DI UN POSSIBILE RIPENSAMENTO DELLA NEUTRALIT\u00c0 DEGLI STATI UNITI NELLA DISPUTA CON IL REGNO UNITO<\/span> \u2013 L\u2019ANARCO-CAPITALISTA HA ANCHE ANNUNCIATO SANZIONI PI\u00d9 DURE CONTRO LE COMPAGNIE IMPEGNATE NEI PROGETTI PETROLIFERI ATTORNO ALLE ISOLE: \u201cL&#8217;ARGENTINA NON RESTER\u00c0 A GUARDARE\u201d &#8211; LA REPLICA DEL MINISTRO DELLA DIFESA BRITANNICO, WES STREETING: <span>&#8220;LE FALKLAND SONO BRITANNICHE PERCH\u00c9 GLI ABITANTI DELLE FALKLAND SCELGONO DI ESSERLO&#8230;&#8221;<\/span><\/p>\n<div class=\"share-section\">\n                Condividi  questo articolo<\/p>\n<div class=\"socials\"><a href=\"http:\/\/www.facebook.com\/sharer.php?u=http:\/\/www.dagospia.com\/cronache\/loco-milei-vuole-riaprire-guerra-delle-falkland-presidente-argentino-485792\" target=\"_blank\"><img decoding=\"async\" src=\"https:\/\/static.dagospia.com\/img\/icons\/facebook.svg\" alt=\"Condividi su Facebook\"><\/a><a href=\"http:\/\/www.twitter.com\/share?url=http:\/\/www.dagospia.com\/cronache\/loco-milei-vuole-riaprire-guerra-delle-falkland-presidente-argentino-485792&amp;text=IL%20&apos;LOCO&apos;%20MILEI%20VUOLE%20RIAPRIRE%20LA%20GUERRA%20DELLE%20FALKLAND%20%E2%80%93%20IL%20PRESIDENTE%20ARGENTINO%20RILANCIA%20LA...\" target=\"_blank\"><img decoding=\"async\" src=\"https:\/\/static.dagospia.com\/img\/icons\/x-icon.png\" alt=\"Condividi su X\"><\/a><a href=\"\/\/www.dagospia.com\/cronache\/loco-milei-vuole-riaprire-guerra-delle-falkland-presidente-argentino-485792\" target=\"_blank\"><img decoding=\"async\" src=\"https:\/\/static.dagospia.com\/img\/icons\/whatsapp.svg\" alt=\"Condividi su Whatsapp\"><\/a><a href=\"mailto:?body=http:\/\/www.dagospia.com\/cronache\/loco-milei-vuole-riaprire-guerra-delle-falkland-presidente-argentino-485792\" target=\"_blank\"><img decoding=\"async\" src=\"https:\/\/static.dagospia.com\/img\/icons\/mail.svg\" alt=\"Invia in email\"><\/a><\/div>\n<\/div>\n<div class=\"content\">\n<p><a href=\"https:\/\/www.dagospia.com\/media-gallery\/dago-fotogallery-522219\/2282129\" class=\"float-right img-wrapper\"><img decoding=\"async\" id=\"2282129\" loading=\"lazy\" src=\"https:\/\/static.dagospia.com\/img\/foto\/07-2026\/javier-milei-23-2282129_800_q50.webp\"><span class=\"img-title\">Javier Milei 23<\/span><\/a><\/p>\n<p class=\"disable\"><a href=\"http:\/\/lapresse.it\" target=\"_blank\">(LaPresse\/AP) <\/a>&#8211; Il presidente argentino Javier Milei ha inasprito la disputa tra il suo Paese e la Gran Bretagna sulle isole Falkland (Malvinas per gli argentini), promettendo nuove misure per bloccare un progetto petrolifero vicino all&#8217;arcipelago sotto controllo britannico e lodando il presidente statunitense Donald Trump per aver affermato che Washington potrebbe riconsiderare la sua posizione neutrale sulla sovranit\u00e0 delle isole.<\/p>\n<p class=\"disable\">\u00a0<\/p>\n<p class=\"disable\">Milei ha interpretato le dichiarazioni di Trump come la prova che il suo stretto rapporto con il presidente statunitense &#8211; criticato dagli oppositori politici come eccessivamente deferente &#8211; sta dando i suoi frutti.<\/p>\n<p class=\"disable\">\u00a0<\/p>\n<p><a href=\"https:\/\/www.dagospia.com\/media-gallery\/dago-fotogallery-522219\/2178641\" class=\"float-left img-wrapper\"><img decoding=\"async\" id=\"2178641\" loading=\"lazy\" src=\"https:\/\/static.dagospia.com\/img\/foto\/09-2025\/javier-milei-donald-trump-2178641_800_q50.webp\"><span class=\"img-title\">javier milei donald trump<\/span><\/a><\/p>\n<p class=\"disable\">&#8220;Gli Stati Uniti stanno valutando questo cambiamento di posizione perch\u00e9 sanno che l&#8217;Argentina ha un partner affidabile, allineato ai valori occidentali, in una posizione strategicamente importante che pu\u00f2 essere un alleato prezioso nei decenni a venire&#8221;, ha dichiarato Milei in un discorso televisivo a livello nazionale.<\/p>\n<p class=\"disable\">\u00a0<\/p>\n<p class=\"disable\">Il leader argentino ha, quindi, annunciato misure drastiche volte a fermare lo sviluppo del progetto petrolifero in acque profonde Sea Lion, a circa 220 chilometri a nord delle isole, dove la compagnia britannica Rockhopper Exploration e l&#8217;israeliana Navitas Petroleum prevedono di iniziare le trivellazioni nei prossimi mesi e di avviare l&#8217;estrazione di petrolio nel 2028.<\/p>\n<p class=\"disable\">\u00a0<\/p>\n<p><a href=\"https:\/\/www.dagospia.com\/media-gallery\/dago-fotogallery-522219\/1865721\" class=\"float-right img-wrapper\"><img decoding=\"async\" id=\"1865721\" loading=\"lazy\" src=\"https:\/\/static.dagospia.com\/img\/foto\/07-2023\/isole-falkland-1865721_800_q50.webp\"><span class=\"img-title\">isole falkland<\/span><\/a><\/p>\n<p class=\"disable\">L&#8217;Argentina considera il progetto uno sfruttamento illegale delle risorse in acque che rivendica come proprie.Milei ha minacciato sanzioni pi\u00f9 severe contro le compagnie coinvolte nelle trivellazioni offshore e ha annunciato nuovi finanziamenti per una base navale nella provincia pi\u00f9 meridionale dell&#8217;Argentina, la Terra del Fuoco, per rafforzare la presenza militare del Paese vicino alle isole, note in Argentina come isole Malvinas.<\/p>\n<p class=\"disable\">\u00a0<\/p>\n<p class=\"disable\">&#8220;L&#8217;Argentina non rester\u00e0 a guardare. Qualsiasi ulteriore avanzamento nelle isole Malvinas sar\u00e0 considerato una violazione della nostra sicurezza nazionale&#8221;, ha dichiarato il presidente argentino.<\/p>\n<p><a href=\"https:\/\/www.dagospia.com\/media-gallery\/dago-fotogallery-522219\/2264472\" class=\"float-left img-wrapper\"><img decoding=\"async\" id=\"2264472\" loading=\"lazy\" src=\"https:\/\/static.dagospia.com\/img\/foto\/05-2026\/wes-streeting-2264472_800_q50.webp\"><span class=\"img-title\">WES STREETING <\/span><\/a><\/p>\n<p class=\"disable\">\u00a0<\/p>\n<p class=\"disable\">2 &#8211; LONDRA RISPONDE A MILEI, &#8216;LE ISOLE FALKLAND SONO BRITANNICHE&#8217;<\/p>\n<p class=\"disable\">\u00a0(ANSA) &#8211;\u00a0 Le Isole Falkland &#8220;sono britanniche&#8221;, &#8220;il nostro impegno&#8221; nei loro confronti \u00e8 &#8220;assoluto e incrollabile&#8221; . Lo afferma su X il ministro della Difesa, Wes Streeting. La dichiarazione giunge dopo che il presidente argentino, Javier Milei, ha annunciato una serie di progetti per rafforzare la difesa della sovranit\u00e0 sulle isole Malvinas, rivendicate dall&#8217;Argentina e territorio britannico d&#8217;oltremare, denominate Falkland da Londra.<\/p>\n<p class=\"disable\">\u00a0<\/p>\n<p class=\"disable\">\u00a0&#8220;La dichiarazione di Milei di ci dice di pi\u00f9 sulla politica interna argentina che sulle Isole Falkland. Le Falkland sono britanniche perch\u00e9 gli abitanti delle Falkland scelgono di esserlo&#8221;, scrive Streeting. (ANSA).<\/p>\n<p><a href=\"https:\/\/www.dagospia.com\/media-gallery\/dago-fotogallery-522219\/2282128\" class=\"float-right img-wrapper\"><img decoding=\"async\" id=\"2282128\" loading=\"lazy\" src=\"https:\/\/static.dagospia.com\/img\/foto\/07-2026\/javier-milei-21-2282128_800_q50.webp\"><span class=\"img-title\">Javier Milei 21<\/span><\/a><a href=\"https:\/\/www.dagospia.com\/media-gallery\/dago-fotogallery-522219\/1278194\" class=\"float-right img-wrapper\"><img decoding=\"async\" id=\"1278194\" loading=\"lazy\" src=\"https:\/\/static.dagospia.com\/img\/foto\/02-2020\/elicottero-royal-navy-alle-falkland-1278194_800_q50.webp\"><span class=\"img-title\">elicottero royal navy alle falkland<\/span><\/a><a href=\"https:\/\/www.dagospia.com\/media-gallery\/dago-fotogallery-522219\/985785\" class=\"float-right img-wrapper\"><img decoding=\"async\" id=\"985785\" loading=\"lazy\" src=\"https:\/\/static.dagospia.com\/img\/foto\/02-2018\/elmtti-argentini-alle-falkland-1982-985785_800_q50.webp\"><span class=\"img-title\">elmtti argentini alle falkland 1982<\/span><\/a><a href=\"https:\/\/www.dagospia.com\/media-gallery\/dago-fotogallery-522219\/1633985\" class=\"float-right img-wrapper\"><img decoding=\"async\" id=\"1633985\" loading=\"lazy\" src=\"https:\/\/static.dagospia.com\/img\/foto\/04-2022\/guerra-falkland-1633985_800_q50.webp\"><span class=\"img-title\">guerra falkland<\/span><\/a><a href=\"https:\/\/www.dagospia.com\/media-gallery\/dago-fotogallery-522219\/1865720\" class=\"float-right img-wrapper\"><img decoding=\"async\" id=\"1865720\" loading=\"lazy\" src=\"https:\/\/static.dagospia.com\/img\/foto\/07-2023\/bandiera-britannica-alle-isole-falkland-nel-1982-1865720_800_q50.webp\"><span class=\"img-title\">bandiera britannica alle isole falkland nel 1982<\/span><\/a><a href=\"https:\/\/www.dagospia.com\/media-gallery\/dago-fotogallery-522219\/1633986\" class=\"float-right img-wrapper\"><img decoding=\"async\" id=\"1633986\" loading=\"lazy\" src=\"https:\/\/static.dagospia.com\/img\/foto\/04-2022\/margaret-thatcher-e-la-guerra-nelle-falkland-1633986_800_q50.webp\"><span class=\"img-title\">margaret thatcher e la guerra nelle falkland<\/span><\/a><a href=\"https:\/\/www.dagospia.com\/media-gallery\/dago-fotogallery-522219\/650876\" class=\"float-left img-wrapper\"><img decoding=\"async\" id=\"650876\" loading=\"lazy\" src=\"https:\/\/static.dagospia.com\/img\/foto\/03-2015\/referendum-falkland-650876_800_q50.webp\"><span class=\"img-title\">REFERENDUM FALKLAND<\/span><\/a><a href=\"https:\/\/www.dagospia.com\/media-gallery\/dago-fotogallery-522219\/1865719\" class=\"float-right img-wrapper\"><img decoding=\"async\" id=\"1865719\" loading=\"lazy\" src=\"https:\/\/static.dagospia.com\/img\/foto\/07-2023\/soldati-inglesi-alle-falkland-nel-1982-1865719_800_q50.webp\"><span class=\"img-title\">soldati inglesi alle falkland nel 1982<\/span><\/a><a href=\"https:\/\/www.dagospia.com\/media-gallery\/dago-fotogallery-522219\/1958560\" class=\"float-right img-wrapper\"><img decoding=\"async\" id=\"1958560\" loading=\"lazy\" src=\"https:\/\/static.dagospia.com\/img\/foto\/02-2024\/david-cameron-alle-isole-falkland-malvine-1958560_800_q50.webp\"><span class=\"img-title\">david cameron alle isole falkland &#8211; malvine<\/span><\/a><a href=\"https:\/\/www.dagospia.com\/media-gallery\/dago-fotogallery-522219\/2285638\" class=\"float-right img-wrapper\"><img decoding=\"async\" id=\"2285638\" loading=\"lazy\" src=\"https:\/\/static.dagospia.com\/img\/foto\/07-2026\/margareth-thatcher-falkland-2285638_800_q50.webp\"><span class=\"img-title\">margareth thatcher falkland<\/span><\/a><a href=\"https:\/\/www.dagospia.com\/media-gallery\/dago-fotogallery-522219\/2285637\" class=\"float-left img-wrapper\"><img decoding=\"async\" id=\"2285637\" loading=\"lazy\" src=\"https:\/\/static.dagospia.com\/img\/foto\/07-2026\/otamendi-lo-celso-striscione-malvinas-2285637_800_q50.webp\"><span class=\"img-title\">otamendi lo celso striscione malvinas<\/span><\/a><a href=\"https:\/\/www.dagospia.com\/media-gallery\/dago-fotogallery-522219\/2186866\" class=\"float-right img-wrapper\"><img decoding=\"async\" id=\"2186866\" loading=\"lazy\" src=\"https:\/\/static.dagospia.com\/img\/foto\/10-2025\/javier-milei-con-donald-trump-2186866_800_q50.webp\"><span class=\"img-title\">javier milei con donald trump<\/span><\/a><a href=\"https:\/\/www.dagospia.com\/media-gallery\/dago-fotogallery-522219\/2282127\" class=\"float-right img-wrapper\"><img decoding=\"async\" id=\"2282127\" loading=\"lazy\" src=\"https:\/\/static.dagospia.com\/img\/foto\/07-2026\/javie-milei-24-2282127_800_q50.webp\"><span class=\"img-title\">Javie MIlei 24<\/span><\/a><a href=\"https:\/\/www.dagospia.com\/media-gallery\/dago-fotogallery-522219\/2178640\" class=\"float-right img-wrapper\"><img decoding=\"async\" id=\"2178640\" loading=\"lazy\" src=\"https:\/\/static.dagospia.com\/img\/foto\/09-2025\/javier-milei-donald-trump-2178640_800_q50.webp\"><span class=\"img-title\">javier milei donald trump<\/span><\/a><a href=\"https:\/\/www.dagospia.com\/media-gallery\/dago-fotogallery-522219\/2177833\" class=\"float-right img-wrapper\"><img decoding=\"async\" id=\"2177833\" loading=\"lazy\" src=\"https:\/\/static.dagospia.com\/img\/foto\/09-2025\/donald-trump-e-javier-milei-2177833_800_q50.webp\"><span class=\"img-title\">donald trump e javier milei<\/span><\/a><a href=\"https:\/\/www.dagospia.com\/media-gallery\/dago-fotogallery-522219\/2282130\" class=\"float-right img-wrapper\"><img decoding=\"async\" id=\"2282130\" loading=\"lazy\" src=\"https:\/\/static.dagospia.com\/img\/foto\/07-2026\/javier-milei-22-2282130_800_q50.webp\"><span class=\"img-title\">Javier Milei 22<\/span><\/a><\/p>\n<\/div>\n<div class=\"share-section\">\n                Condividi  questo articolo<\/p>\n<div class=\"socials\"><a href=\"https:\/\/www.dagospia.com\/cronache\/loco-milei-vuole-riaprire-guerra-delle-falkland-presidente-argentino-485792\"><img decoding=\"async\" src=\"https:\/\/static.dagospia.com\/img\/icons\/facebook.svg\" alt=\"Condividi su Facebook\"><\/a><a href=\"https:\/\/www.dagospia.com\/cronache\/loco-milei-vuole-riaprire-guerra-delle-falkland-presidente-argentino-485792\"><img decoding=\"async\" src=\"https:\/\/static.dagospia.com\/img\/icons\/x-icon.png\" alt=\"Condividi su X\"><\/a><a href=\"https:\/\/www.dagospia.com\/cronache\/loco-milei-vuole-riaprire-guerra-delle-falkland-presidente-argentino-485792\"><img decoding=\"async\" src=\"https:\/\/static.dagospia.com\/img\/icons\/whatsapp.svg\" alt=\"Condividi su Whatsapp\"><\/a><a href=\"https:\/\/www.dagospia.com\/cronache\/loco-milei-vuole-riaprire-guerra-delle-falkland-presidente-argentino-485792\"><img decoding=\"async\" src=\"https:\/\/static.dagospia.com\/img\/icons\/mail.svg\" alt=\"Invia in email\"><\/a><\/div>\n<\/div>\n<\/article>\n<div class=\"content\">\n<p><a href=\"https:\/\/www.dagospia.com\/media-gallery\/dago-fotogallery-522219\/2282129\" class=\"float-right img-wrapper\"><img decoding=\"async\" id=\"2282129\" loading=\"lazy\" src=\"https:\/\/static.dagospia.com\/img\/foto\/07-2026\/javier-milei-23-2282129_800_q50.webp\"><span class=\"img-title\">Javier Milei 23<\/span><\/a><\/p>\n<p class=\"disable\"><a href=\"http:\/\/lapresse.it\" target=\"_blank\">(LaPresse\/AP) <\/a>&#8211; Il presidente argentino Javier Milei ha inasprito la disputa tra il suo Paese e la Gran Bretagna sulle isole Falkland (Malvinas per gli argentini), promettendo nuove misure per bloccare un progetto petrolifero vicino all&#8217;arcipelago sotto controllo britannico e lodando il presidente statunitense Donald Trump per aver affermato che Washington potrebbe riconsiderare la sua posizione neutrale sulla sovranit\u00e0 delle isole.<\/p>\n<p class=\"disable\">\u00a0<\/p>\n<p class=\"disable\">Milei ha interpretato le dichiarazioni di Trump come la prova che il suo stretto rapporto con il presidente statunitense &#8211; criticato dagli oppositori politici come eccessivamente deferente &#8211; sta dando i suoi frutti.<\/p>\n<p class=\"disable\">\u00a0<\/p>\n<p><a href=\"https:\/\/www.dagospia.com\/media-gallery\/dago-fotogallery-522219\/2178641\" class=\"float-left img-wrapper\"><img decoding=\"async\" id=\"2178641\" loading=\"lazy\" src=\"https:\/\/static.dagospia.com\/img\/foto\/09-2025\/javier-milei-donald-trump-2178641_800_q50.webp\"><span class=\"img-title\">javier milei donald trump<\/span><\/a><\/p>\n<p class=\"disable\">&#8220;Gli Stati Uniti stanno valutando questo cambiamento di posizione perch\u00e9 sanno che l&#8217;Argentina ha un partner affidabile, allineato ai valori occidentali, in una posizione strategicamente importante che pu\u00f2 essere un alleato prezioso nei decenni a venire&#8221;, ha dichiarato Milei in un discorso televisivo a livello nazionale.<\/p>\n<p class=\"disable\">\u00a0<\/p>\n<p class=\"disable\">Il leader argentino ha, quindi, annunciato misure drastiche volte a fermare lo sviluppo del progetto petrolifero in acque profonde Sea Lion, a circa 220 chilometri a nord delle isole, dove la compagnia britannica Rockhopper Exploration e l&#8217;israeliana Navitas Petroleum prevedono di iniziare le trivellazioni nei prossimi mesi e di avviare l&#8217;estrazione di petrolio nel 2028.<\/p>\n<p class=\"disable\">\u00a0<\/p>\n<p><a href=\"https:\/\/www.dagospia.com\/media-gallery\/dago-fotogallery-522219\/1865721\" class=\"float-right img-wrapper\"><img decoding=\"async\" id=\"1865721\" loading=\"lazy\" src=\"https:\/\/static.dagospia.com\/img\/foto\/07-2023\/isole-falkland-1865721_800_q50.webp\"><span class=\"img-title\">isole falkland<\/span><\/a><\/p>\n<p class=\"disable\">L&#8217;Argentina considera il progetto uno sfruttamento illegale delle risorse in acque che rivendica come proprie.Milei ha minacciato sanzioni pi\u00f9 severe contro le compagnie coinvolte nelle trivellazioni offshore e ha annunciato nuovi finanziamenti per una base navale nella provincia pi\u00f9 meridionale dell&#8217;Argentina, la Terra del Fuoco, per rafforzare la presenza militare del Paese vicino alle isole, note in Argentina come isole Malvinas.<\/p>\n<p class=\"disable\">\u00a0<\/p>\n<p class=\"disable\">&#8220;L&#8217;Argentina non rester\u00e0 a guardare. Qualsiasi ulteriore avanzamento nelle isole Malvinas sar\u00e0 considerato una violazione della nostra sicurezza nazionale&#8221;, ha dichiarato il presidente argentino.<\/p>\n<p><a href=\"https:\/\/www.dagospia.com\/media-gallery\/dago-fotogallery-522219\/2264472\" class=\"float-left img-wrapper\"><img decoding=\"async\" id=\"2264472\" loading=\"lazy\" src=\"https:\/\/static.dagospia.com\/img\/foto\/05-2026\/wes-streeting-2264472_800_q50.webp\"><span class=\"img-title\">WES STREETING <\/span><\/a><\/p>\n<p class=\"disable\">\u00a0<\/p>\n<p class=\"disable\">2 &#8211; LONDRA RISPONDE A MILEI, &#8216;LE ISOLE FALKLAND SONO BRITANNICHE&#8217;<\/p>\n<p class=\"disable\">\u00a0(ANSA) &#8211;\u00a0 Le Isole Falkland &#8220;sono britanniche&#8221;, &#8220;il nostro impegno&#8221; nei loro confronti \u00e8 &#8220;assoluto e incrollabile&#8221; . Lo afferma su X il ministro della Difesa, Wes Streeting. La dichiarazione giunge dopo che il presidente argentino, Javier Milei, ha annunciato una serie di progetti per rafforzare la difesa della sovranit\u00e0 sulle isole Malvinas, rivendicate dall&#8217;Argentina e territorio britannico d&#8217;oltremare, denominate Falkland da Londra.<\/p>\n<p class=\"disable\">\u00a0<\/p>\n<p class=\"disable\">\u00a0&#8220;La dichiarazione di Milei di ci dice di pi\u00f9 sulla politica interna argentina che sulle Isole Falkland. Le Falkland sono britanniche perch\u00e9 gli abitanti delle Falkland scelgono di esserlo&#8221;, scrive Streeting. (ANSA).<\/p>\n<p><a href=\"https:\/\/www.dagospia.com\/media-gallery\/dago-fotogallery-522219\/2282128\" class=\"float-right img-wrapper\"><img decoding=\"async\" id=\"2282128\" loading=\"lazy\" src=\"https:\/\/static.dagospia.com\/img\/foto\/07-2026\/javier-milei-21-2282128_800_q50.webp\"><span class=\"img-title\">Javier Milei 21<\/span><\/a><a href=\"https:\/\/www.dagospia.com\/media-gallery\/dago-fotogallery-522219\/1278194\" class=\"float-right img-wrapper\"><img decoding=\"async\" id=\"1278194\" loading=\"lazy\" src=\"https:\/\/static.dagospia.com\/img\/foto\/02-2020\/elicottero-royal-navy-alle-falkland-1278194_800_q50.webp\"><span class=\"img-title\">elicottero royal navy alle falkland<\/span><\/a><a href=\"https:\/\/www.dagospia.com\/media-gallery\/dago-fotogallery-522219\/985785\" class=\"float-right img-wrapper\"><img decoding=\"async\" id=\"985785\" loading=\"lazy\" src=\"https:\/\/static.dagospia.com\/img\/foto\/02-2018\/elmtti-argentini-alle-falkland-1982-985785_800_q50.webp\"><span class=\"img-title\">elmtti argentini alle falkland 1982<\/span><\/a><a href=\"https:\/\/www.dagospia.com\/media-gallery\/dago-fotogallery-522219\/1633985\" class=\"float-right img-wrapper\"><img decoding=\"async\" id=\"1633985\" loading=\"lazy\" src=\"https:\/\/static.dagospia.com\/img\/foto\/04-2022\/guerra-falkland-1633985_800_q50.webp\"><span class=\"img-title\">guerra falkland<\/span><\/a><a href=\"https:\/\/www.dagospia.com\/media-gallery\/dago-fotogallery-522219\/1865720\" class=\"float-right img-wrapper\"><img decoding=\"async\" id=\"1865720\" loading=\"lazy\" src=\"https:\/\/static.dagospia.com\/img\/foto\/07-2023\/bandiera-britannica-alle-isole-falkland-nel-1982-1865720_800_q50.webp\"><span class=\"img-title\">bandiera britannica alle isole falkland nel 1982<\/span><\/a><a href=\"https:\/\/www.dagospia.com\/media-gallery\/dago-fotogallery-522219\/1633986\" class=\"float-right img-wrapper\"><img decoding=\"async\" id=\"1633986\" loading=\"lazy\" src=\"https:\/\/static.dagospia.com\/img\/foto\/04-2022\/margaret-thatcher-e-la-guerra-nelle-falkland-1633986_800_q50.webp\"><span class=\"img-title\">margaret thatcher e la guerra nelle falkland<\/span><\/a><a href=\"https:\/\/www.dagospia.com\/media-gallery\/dago-fotogallery-522219\/650876\" class=\"float-left img-wrapper\"><img decoding=\"async\" id=\"650876\" loading=\"lazy\" src=\"https:\/\/static.dagospia.com\/img\/foto\/03-2015\/referendum-falkland-650876_800_q50.webp\"><span class=\"img-title\">REFERENDUM FALKLAND<\/span><\/a><a href=\"https:\/\/www.dagospia.com\/media-gallery\/dago-fotogallery-522219\/1865719\" class=\"float-right img-wrapper\"><img decoding=\"async\" id=\"1865719\" loading=\"lazy\" src=\"https:\/\/static.dagospia.com\/img\/foto\/07-2023\/soldati-inglesi-alle-falkland-nel-1982-1865719_800_q50.webp\"><span class=\"img-title\">soldati inglesi alle falkland nel 1982<\/span><\/a><a href=\"https:\/\/www.dagospia.com\/media-gallery\/dago-fotogallery-522219\/1958560\" class=\"float-right img-wrapper\"><img decoding=\"async\" id=\"1958560\" loading=\"lazy\" src=\"https:\/\/static.dagospia.com\/img\/foto\/02-2024\/david-cameron-alle-isole-falkland-malvine-1958560_800_q50.webp\"><span class=\"img-title\">david cameron alle isole falkland &#8211; malvine<\/span><\/a><a href=\"https:\/\/www.dagospia.com\/media-gallery\/dago-fotogallery-522219\/2285638\" class=\"float-right img-wrapper\"><img decoding=\"async\" id=\"2285638\" loading=\"lazy\" src=\"https:\/\/static.dagospia.com\/img\/foto\/07-2026\/margareth-thatcher-falkland-2285638_800_q50.webp\"><span class=\"img-title\">margareth thatcher falkland<\/span><\/a><a href=\"https:\/\/www.dagospia.com\/media-gallery\/dago-fotogallery-522219\/2285637\" class=\"float-left img-wrapper\"><img decoding=\"async\" id=\"2285637\" loading=\"lazy\" src=\"https:\/\/static.dagospia.com\/img\/foto\/07-2026\/otamendi-lo-celso-striscione-malvinas-2285637_800_q50.webp\"><span class=\"img-title\">otamendi lo celso striscione malvinas<\/span><\/a><a href=\"https:\/\/www.dagospia.com\/media-gallery\/dago-fotogallery-522219\/2186866\" class=\"float-right img-wrapper\"><img decoding=\"async\" id=\"2186866\" loading=\"lazy\" src=\"https:\/\/static.dagospia.com\/img\/foto\/10-2025\/javier-milei-con-donald-trump-2186866_800_q50.webp\"><span class=\"img-title\">javier milei con donald trump<\/span><\/a><a href=\"https:\/\/www.dagospia.com\/media-gallery\/dago-fotogallery-522219\/2282127\" class=\"float-right img-wrapper\"><img decoding=\"async\" id=\"2282127\" loading=\"lazy\" src=\"https:\/\/static.dagospia.com\/img\/foto\/07-2026\/javie-milei-24-2282127_800_q50.webp\"><span class=\"img-title\">Javie MIlei 24<\/span><\/a><a href=\"https:\/\/www.dagospia.com\/media-gallery\/dago-fotogallery-522219\/2178640\" class=\"float-right img-wrapper\"><img decoding=\"async\" id=\"2178640\" loading=\"lazy\" src=\"https:\/\/static.dagospia.com\/img\/foto\/09-2025\/javier-milei-donald-trump-2178640_800_q50.webp\"><span class=\"img-title\">javier milei donald trump<\/span><\/a><a href=\"https:\/\/www.dagospia.com\/media-gallery\/dago-fotogallery-522219\/2177833\" class=\"float-right img-wrapper\"><img decoding=\"async\" id=\"2177833\" loading=\"lazy\" src=\"https:\/\/static.dagospia.com\/img\/foto\/09-2025\/donald-trump-e-javier-milei-2177833_800_q50.webp\"><span class=\"img-title\">donald trump e javier milei<\/span><\/a><a href=\"https:\/\/www.dagospia.com\/media-gallery\/dago-fotogallery-522219\/2282130\" class=\"float-right img-wrapper\"><img decoding=\"async\" id=\"2282130\" loading=\"lazy\" src=\"https:\/\/static.dagospia.com\/img\/foto\/07-2026\/javier-milei-22-2282130_800_q50.webp\"><span class=\"img-title\">Javier Milei 22<\/span><\/a><\/p>\n<\/div>\n<article><a href=\"https:\/\/www.dagospia.com\/politica\/flash-e-non-e-lui-ministro-per-pubblica-amministrazione-paolo-zangrillo-485844\"><\/p>\n<div class=\"img-wrapper\"><img decoding=\"async\" src=\"https:\/\/static.dagospia.com\/img\/patch\/09-2026\/paolo-zangrillo-in-un-volo-di-linea-ita-airways-da-lamezia-a-milano-3-2302703_600_q50.webp\" alt=\"paolo zangrillo in un volo di linea ita airways da lamezia a milano - 3\" loading=\"lazy\"><time class=\"data-ora\">4 set 13:08<\/time><\/div>\n<div class=\"excerpt\">\n<p>FLASH \u2013 \u00c8 LUI O NON \u00c8 LUI? MA CERTO CHE \u00c8 LUI! IL MINISTRO PER LA PUBBLICA AMMINISTRAZIONE (IN QUOTA MARINA) <span>PAOLO ZANGRILLO, CHE SCALPITA PER FARE LE SCARPE A TAJANI, \u00c8 STATO AVVISTATO POCO FA IN UN VOLO DI LINEA DA LAMEZIA TERME A MILANO LINATE<\/span>, IN MEZZO A IGNARI PASSEGGERI. CHE COSA LO ASPETTA ALL\u2019OMBRA DELLA MADUNINA? RIFERIR\u00c0 A \u201cMADRINA\u201d BERLUSCONI L\u2019ESITO DEL SUO TETE-A-TETE CON ROBERTO OCCHIUTO, ALTRO COCCO DELLA REAL CASATA DI ARCORE?<\/p>\n<\/div>\n<p><\/a><\/article>\n<article><a href=\"https:\/\/www.dagospia.com\/politica\/dagoreport-giorgia-meloni-e-in-modalita-cattivissima-me-fronte-guai-485762\"><\/p>\n<div class=\"img-wrapper\"><img decoding=\"async\" src=\"https:\/\/static.dagospia.com\/img\/patch\/09-2026\/giorgia-meloni-sigfrido-ranucci-giampaolo-rossi-giovambattista-fazzolari-patrizi-2302272_600_q50.webp\" alt=\"giorgia meloni sigfrido ranucci giampaolo rossi giovambattista fazzolari patrizia scurti antonio tajani matteo salvini \" loading=\"lazy\"><time class=\"data-ora\">3 set 20:07<\/time><\/div>\n<div class=\"excerpt\">\n<p>DAGOREPORT \u2013 <span>GIORGIA MELONI \u00c8 IN MODALIT\u00c0 \u201cCATTIVISSIMA ME\u201d<\/span>: DOPO QUATTRO ANNI DI LUNA DI MIELE, PER LA DUCETTA \u00c8 ARRIVATA LA TEMPESTA PERFETTA: LO STOP AL PREMIERATO,\u00a0LA BATOSTA AL REFERENDUM, LE RAFFICHE DI \u201cVAFFA\u201d DI TRUMP, L&#8217;ESPLOSIONE DEL FENOMENO VANNACCI, IL CROLLO DELLA LEGA, FORZA ITALIA ALLA BERLUSCONINA, IL CAOS INTORNO ALLA NUOVA LEGGE ELETTORALE, L&#8217;AUTOGOL SULLA SOSTITUZIONE DI RANUCCI &#8211; <span>PIU&#8217; IRRIDUCIBILE DELLA MALASORTE, ANZICHE&#8217; ASCOLTARE I CO-FONDATORI DI FDI, LA RUSSA E CROSETTO, L&#8217;UNDERDOG PREFERISCE\u00a0CIRCONDARSI DALL&#8217;AFFETTO DEL SUO CIRCOLETTO DELLA GARBATELLA<\/span>\u00a0&#8211; DOMANI DA BARI, DOVE FESTEGGIA IL RECORD DI DURATA DEL SUO GOVERNO, L&#8217;UNDERDOG LANCER\u00c0 IL SUO GRIDO DI RISCOSSA ELETTORALE &#8211; <span>SA CHE L&#8217;ARMATA BRANCA-MELONI NON PUO&#8217; REGGERE FINO A OTTOBRE 2027, OCCORRE ANTICIPARE IL VOTO AD APRILE, LASCIANDO LE COMUNALI A GIUGNO <\/span>&#8211; MA MATTARELLA VUOLE L\u2019ELECTION-DAY A CUI SI OPPONE LA MELONI, TERRORIZZATA DALL\u2019EFFETTO TRAINO DI UN FILOTTO DEL CENTROSINISTRA: CHE DECIDERA&#8217; IL COLLE? AH, SAPERLO&#8230;<\/p>\n<\/div>\n<p><\/a><\/article>\n<article><a href=\"https:\/\/www.dagospia.com\/politica\/dagoreport-roberto-vannacci-marcia-cernobbio-gli-imprenditori-italiani-485729\"><\/p>\n<div class=\"img-wrapper\"><img decoding=\"async\" src=\"https:\/\/static.dagospia.com\/img\/patch\/09-2026\/crosetto-calenda-vannacci-monti-de-bortoli-forum-ambrosetti-cernobbio-2302201_600_q50.webp\" alt=\"crosetto calenda vannacci monti de bortoli forum ambrosetti cernobbio\" loading=\"lazy\"><time class=\"data-ora\">3 set 20:02<\/time><\/div>\n<div class=\"excerpt\">\n<p><span>DAGOREPORT <\/span>&#8211; MENTRE LA PROCURA MILITARE DI ROMA AVVIA UN\u2019INDAGINE SUGLI UFFICIALI CHE HANNO ADERITO ALLA &#8220;SPORCA DOZZINA&#8221; DI ROBERTO VANNACCI, <span>IL RE-DUX DI FUTURO NAZIONALE MARCIA SU CERNOBBIO: SABATO \u00c8 ATTESO IN POMPA MAGNA AL FORUM AMBROSETTI PER DIBATTERE CON L\u2019EX PREMIER MARIO MONTI<\/span> &#8211; DALL&#8217;IDEOLOGO DEL POPULISMO GRILLINO, GIAN ROBERTO CASALEGGIO AL LEADER SOVRANISTA OLANDESE, IL RAZZISTA GEERT WILDERS, LE PRESENZE PROVOCATORIE E ACCHIAPPA-TITOLI NON SONO UNA NOVITA&#8217; A VILLA D&#8217;ESTE &#8211;<span> SDEGNATI PER LA PRESENZA E &#8220;TRATTAMENTO PREFERENZIALE&#8221; DEDICATO ALL\u2019EX PAR\u00c0(CULO) DELLA FOLGORE, CARLO CALENDA E GUIDO CROSETTO NON METTERANNO PIEDE A CERNOBBIO<\/span> \u2013 ANCHE FERRUCCIO DE BORTOLI RIFIUTA DI DUETTARE CON L\u2019EX GENERALE NOSTALGICO DEL MANGANELLO E DELL\u2019OLIO DI RICINO &#8211; NON SOLO: E&#8217; L\u2019EX DIRETTORE DEL \u201cCORRIERE\u201d IL PRIMO CHE SPARA LA NOTIZIA:<span> \u201cPURTROPPO A CERNOBBIO CI SAR\u00c0 VANNACCI&#8221;<\/span> (IL CAUTO DIRETTORE FONTANA \u00c8 STATO BEN ATTENTO A NON PUBBLICARLA SUBITO SUL CARTACEO)&#8230;<\/p>\n<\/div>\n<p><\/a><\/article>\n<article><a href=\"https:\/\/www.dagospia.com\/media-tv\/dagoreport-riunione-interlocutoria-qualche-piccola-apertura-caso-report-485651\"><\/p>\n<div class=\"img-wrapper\"><img decoding=\"async\" src=\"https:\/\/static.dagospia.com\/img\/patch\/09-2026\/rai-via-teulada-paolo-corsini-giulia-innocenzi-presutti-daniele-piervincenzi-dan-2301944_600_q50.webp\" alt=\"rai via teulada paolo corsini giulia innocenzi presutti daniele piervincenzi danilo procaccianti report sigfrido ranucci \" loading=\"lazy\"><time class=\"data-ora\">2 set 20:05<\/time><\/div>\n<div class=\"excerpt\">\n<p>DAGOREPORT \u2013 <span>RIUNIONE INTERLOCUTORIA MA CON QUALCHE PICCOLA APERTURA <\/span>TRA IL DIRETTORE DELL&#8217;APPROFONDIMENTO RAI, PAOLO CORSINI, E I MEMBRI DELLA SQUADRA DI \u201cREPORT\u201d: I GIORNALISTI <span>HANNO RIBADITO IL \u201cNO\u201d ALLA CONDUZIONE DI GIULIA PRESUTTI E DANIELE<\/span><span>PIERVINCENZI, MA SU QUEST\u2019ULTIMO LA POSIZIONE SAREBBE PI\u00d9 MORBIDA: <\/span>POTREBBE AVERE UN VIA LIBERA MAGARI COME CONDUTTORE DEL \u201cREPORT LAB\u201d, CON LA CONDUZIONE VERA E PROPRIA DA AFFIDARE A DUE \u201cSTORICI\u201d (CHE DIVENTEREBBERO TRE NEL CASO DI UN REINTEGRO DI RANUCCI DA PARTE DEL TRIBUNALE).\u00a0 SULLA PRESUTTI IL MURO RESTA GRANITICO \u2013 <span>PALAZZO CHIGI, INVECE, SAREBBE IRREMOVIBILE SUI DUE NOMI<\/span> \u2013 EPISODIO PITTORESCO NEL MEZZO DELLA RIUNIONE: UN GIORNALISTA DI UNA PRESTIGIOSA TESTATA DELLA RAI SAREBBE STATO <span>BECCATO A ORIGLIARE DA UN BAGNO VICINO ALLA SALA\u2026<\/span><\/p>\n<\/div>\n<p><\/a><\/article>\n<article><a href=\"https:\/\/www.dagospia.com\/politica\/dagoreport-grazie-trump-mondo-verso-de-americanizzazione-oggi-si-485332\"><\/p>\n<div class=\"img-wrapper\"><img decoding=\"async\" src=\"https:\/\/static.dagospia.com\/img\/patch\/09-2026\/trump-modi-xi-jinping-putin-2301524_600_q50.webp\" alt=\"trump modi xi jinping putin\" loading=\"lazy\"><time class=\"data-ora\">1 set 19:59<\/time><\/div>\n<div class=\"excerpt\">\n<p>DAGOREPORT \u2013<span> GRAZIE A TRUMP, IL DOLLARO RISCHIA DI DIVENTARE CARTA STRACCIA \u2013<\/span>\u00a0IL PIATTO FORTE AL SUMMIT IN KIRGHIZISTAN DI XI JINPING, VLADIMIR PUTIN E NARENDRA MODI, HA FATTO STRA-INCAZZARE IL CALIGOLA DELLA CASA BIANCA: SUL TAVOLO,\u00a0<span>IL PROGETTO DEI &#8221;BRICS&#8221; (BRASILE, RUSSIA, INDIA, CINA, SUDAFRICA) DI DAR VITA A UNA \u201cMONETA UNICA&#8221;, PER FAR FUORI IL DOLLARO NEGLI SCAMBI INTERNAZIONALI<\/span>\u00a0&#8211; CON UN DEBITO PUBBLICO MONSTRE DI 40MILA MILIARDI, LA DE-DOLLARIZZAZIONE SAREBBE LA FINE DELL&#8217;IMPERO AMERICANO: IL VERDONE&#8221; VIENE UTILIZZATO IN OLTRE L&#8217;80% DELLE TRANSAZIONI COMMERCIALI E IN PI\u00d9 DELLA MET\u00c0 DEI PAGAMENTI INTERNAZIONALI DELLE MATERIE PRIME, COME IL PETROLIO\u00a0&#8211; <span>LA DECISIONE E&#8217; NELLE MANI DELLA CINA: RINUNCERA&#8217; ALLO MONETA NAZIONALE, LO YUAN, PER DIVENTARE LA LOCOMOTIVA DEI &#8221;BRICS&#8221;?<\/span>\u00a0&#8211;\u00a0SUL MAGGIORE IMPEGNO A FAVORE DELL\u2019IRAN, PESANO I DUBBI\u00a0DI MODI (GLI USA SONO IL PRIMO PARTNER COMMERCIALE DELL\u2019INDIA)\u00a0&#8211; PROSSIMO ROUND: IL VERTICE DI XI JIN PING DEL 24 SETTEMBRE CON IL &#8220;DERAGLIATO MENTALE&#8221; DELLA CASA BIANCA&#8230;<\/p>\n<\/div>\n<p><\/a><\/article>\n<article><a href=\"https:\/\/www.dagospia.com\/politica\/elly-ascolta-gli-amici-i-big-pd-scesi-in-campo-cosi-pesantemente-per-485354\"><\/p>\n<div class=\"img-wrapper\"><img decoding=\"async\" src=\"https:\/\/static.dagospia.com\/img\/patch\/08-2026\/giuseppe-conte-elly-schlein-franceschini-bonaccini-nardella-2301098_600_q50.webp\" alt=\"giuseppe conte elly schlein franceschini bonaccini nardella\" loading=\"lazy\"><time class=\"data-ora\">31 ago 20:17<\/time><\/div>\n<div class=\"excerpt\">\n<p>DAGOREPORT &#8211; <span>ELLY, ASCOLTA GLI AMICI!<\/span> I CAPOCCIONI E LE MEZZECALZE DEL PD, CHE SONO SCESI COS\u00cc PESANTEMENTE IN CAMPO PER SCONGIURARE LA JATTURA DELLE PRIMARIE, NON CE L&#8217;HANNO CON TE, LO FANNO SOLO PER IL TUO BENE &#8211; CERTO, TEMONO (A RAGIONE) ANCHE PER LA LORO SOPRAVVIVENZA PARLAMENTARE: <span>SE ELLY, COME PROBABILE, PERDESSE AI GAZEBO IL DUELLO CON CONTE, TRASCINEREBBE IL PARTITO NEL BARATRO <\/span>&#8211; \u00c8 PER QUESTO CHE DA QUALCHE SETTIMANA SONO PARTITI GLI AVVERTIMENTI VIA STAMPA, ANCHE DI ESPONENTI PD NON OSTILI ALLA SCHLEIN COME DARIO NARDELLA, DI FARE UN PASSO INDIETRO \u2013 <span>LA TRAGEDIA \u00c8 CHE L\u2019AMBIZIOSA DUCETTA DEL NAZARENO, NONOSTANTE I SONDAGGI HORROR, SI VEDE GI\u00c0 A PALAZZO CHIGI, VALUTANDOLI COME ATTACCHI ALLA SUA LEADERSHIP<\/span>: \u201cLE INTERVISTE SULLE PRIMARIE? SONO SOLO ESERCIZI INTELLETTUALI, ALLA FESTA DELL\u2019UNITA\u2019 PARLO IO\u201d &#8211; SE ELLY CONTINUA COS\u00cc, RISCHIA CHE LA SUA PROSSIMA OCCUPAZIONE SARA&#8217; DI BALLARE SUI CARRI DEL GAY PRIDE&#8230;<\/p>\n<\/div>\n<p><\/a><\/article>\n<article><a href=\"https:\/\/www.dagospia.com\/media-tv\/acrobazie-spaccanti-il-55enne-raoul-bova-beatrice-arnera-beccati-chi-485632\"><\/p>\n<div class=\"img-wrapper\"><img decoding=\"async\" src=\"https:\/\/static.dagospia.com\/img\/patch\/09-2026\/raoul-bova-beatrice-arnera-chi-2301906_600_q50.webp\" alt=\"raoul bova beatrice arnera chi\" loading=\"lazy\"><\/div>\n<div class=\"excerpt\">ACROBAZIE \u201cSPACCANTI\u201d \u2013 IL 55ENNE RAOUL BOVA E BEATRICE ARNERA SONO STATI BECCATI DA \u201cCHI\u201d A\u2026<\/div>\n<p><\/a><\/article>\n<article><a href=\"https:\/\/www.dagospia.com\/sport\/pennellone-frou-frou-mole-juve-acquistato-l-attaccante-nick-woltemade-485601\"><\/p>\n<div class=\"img-wrapper\"><img decoding=\"async\" src=\"https:\/\/static.dagospia.com\/img\/patch\/09-2026\/nick-woltemade-2301780_600_q50.webp\" alt loading=\"lazy\"><\/div>\n<div class=\"excerpt\">UN PENNELLONE &#8220;FROU FROU&#8221; SOTTO LA MOLE? \u2013 LA JUVE HA ACQUISTATO IN PRESTITO DAL NEWCASTLE\u2026<\/div>\n<p><\/a><\/article>\n<article><a href=\"https:\/\/www.dagospia.com\/cronache\/42enne-bengalese-abusato-13enne-torino-e-porcellone-prima-categoria-485694\"><\/p>\n<div class=\"img-wrapper\"><img decoding=\"async\" src=\"https:\/\/static.dagospia.com\/img\/patch\/03-2019\/palpeggiamento-1138602_600_q50.webp\" alt=\"palpeggiamento\" loading=\"lazy\"><\/div>\n<div class=\"excerpt\">IL 42ENNE BENGALESE CHE HA ABUSATO UNA 13ENNE DI TORINO \u00c8 UN PORCELLONE DI PRIMA CATEGORIA! &#8211; POCO\u2026<\/div>\n<p><\/a><\/article>\n<article><a href=\"https:\/\/www.dagospia.com\/media-tv\/pillole-gossip-wanda-nara-i-festini-violenti-dell-ex-belen-485709\"><\/p>\n<div class=\"img-wrapper\"><img decoding=\"async\" src=\"https:\/\/static.dagospia.com\/img\/patch\/09-2026\/pillole-avanti-gossip-2302145_600_q50.webp\" alt=\"pillole avanti gossip\" loading=\"lazy\"><\/div>\n<div class=\"excerpt\">PILLOLE DI GOSSIP! WANDA NARA E I FESTINI VIOLENTI DELL\u2019EX MAXI LOPEZ IN RUSSIA: \u201cCHE PECCATO\u2026<\/div>\n<p><\/a><\/article>\n<article><a href=\"https:\/\/www.dagospia.com\/sport\/vroom-si-sbanda-in-curva-la-riconoscete-sognava-condurre-tg-e-finita-in-485816\"><\/p>\n<div class=\"img-wrapper\"><img decoding=\"async\" src=\"https:\/\/static.dagospia.com\/img\/patch\/09-2026\/mara-sangiorgio-2302494_600_q50.webp\" alt=\"mara sangiorgio\" loading=\"lazy\"><\/div>\n<div class=\"excerpt\">VROOM, SI SBANDA IN CURVA: LA RICONOSCETE? SOGNAVA DI CONDURRE IL TG, E\u2019 FINITA IN MEZZO ALLE\u2026<\/div>\n<p><\/a><\/article>\n<article><a href=\"https:\/\/www.dagospia.com\/politica\/flash-e-non-e-lui-ministro-per-pubblica-amministrazione-paolo-zangrillo-485844\"><\/p>\n<div class=\"img-wrapper\"><img decoding=\"async\" src=\"https:\/\/static.dagospia.com\/img\/patch\/09-2026\/paolo-zangrillo-in-un-volo-di-linea-ita-airways-da-lamezia-a-milano-3-2302703_600_q50.webp\" alt=\"paolo zangrillo in un volo di linea ita airways da lamezia a milano - 3\" loading=\"lazy\"><\/div>\n<div class=\"excerpt\">FLASH \u2013 \u00c8 LUI O NON \u00c8 LUI? MA CERTO CHE \u00c8 LUI! IL MINISTRO PER LA PUBBLICA AMMINISTRAZIONE (IN\u2026<\/div>\n<p><\/a><\/article>\n<article><a href=\"https:\/\/www.dagospia.com\/politica\/dagoreport-giorgia-meloni-e-in-modalita-cattivissima-me-fronte-guai-485762\"><\/p>\n<div class=\"img-wrapper\"><img decoding=\"async\" src=\"https:\/\/static.dagospia.com\/img\/patch\/09-2026\/giorgia-meloni-sigfrido-ranucci-giampaolo-rossi-giovambattista-fazzolari-patrizi-2302272_600_q50.webp\" alt=\"giorgia meloni sigfrido ranucci giampaolo rossi giovambattista fazzolari patrizia scurti antonio tajani matteo salvini \" loading=\"lazy\"><\/div>\n<div class=\"excerpt\">DAGOREPORT \u2013 GIORGIA MELONI \u00c8 IN MODALIT\u00c0 \u201cCATTIVISSIMA ME\u201d: DOPO QUATTRO ANNI DI LUNA DI MIELE,\u2026<\/div>\n<p><\/a><\/article>\n<article><a href=\"https:\/\/www.dagospia.com\/politica\/dagoreport-roberto-vannacci-marcia-cernobbio-gli-imprenditori-italiani-485729\"><\/p>\n<div class=\"img-wrapper\"><img decoding=\"async\" src=\"https:\/\/static.dagospia.com\/img\/patch\/09-2026\/crosetto-calenda-vannacci-monti-de-bortoli-forum-ambrosetti-cernobbio-2302201_600_q50.webp\" alt=\"crosetto calenda vannacci monti de bortoli forum ambrosetti cernobbio\" loading=\"lazy\"><\/div>\n<div class=\"excerpt\">DAGOREPORT &#8211; MENTRE LA PROCURA MILITARE DI ROMA AVVIA UN\u2019INDAGINE SUGLI UFFICIALI CHE HANNO ADERITO\u2026<\/div>\n<p><\/a><\/article>\n<article><a href=\"https:\/\/www.dagospia.com\/media-tv\/dagoreport-riunione-interlocutoria-qualche-piccola-apertura-caso-report-485651\"><\/p>\n<div class=\"img-wrapper\"><img decoding=\"async\" src=\"https:\/\/static.dagospia.com\/img\/patch\/09-2026\/rai-via-teulada-paolo-corsini-giulia-innocenzi-presutti-daniele-piervincenzi-dan-2301944_600_q50.webp\" alt=\"rai via teulada paolo corsini giulia innocenzi presutti daniele piervincenzi danilo procaccianti report sigfrido ranucci \" loading=\"lazy\"><\/div>\n<div class=\"excerpt\">DAGOREPORT \u2013 RIUNIONE INTERLOCUTORIA MA CON QUALCHE PICCOLA APERTURA TRA IL DIRETTORE\u2026<\/div>\n<p><\/a><\/article>\n<article><a href=\"https:\/\/www.dagospia.com\/politica\/dagoreport-grazie-trump-mondo-verso-de-americanizzazione-oggi-si-485332\"><\/p>\n<div class=\"img-wrapper\"><img decoding=\"async\" src=\"https:\/\/static.dagospia.com\/img\/patch\/09-2026\/trump-modi-xi-jinping-putin-2301524_600_q50.webp\" alt=\"trump modi xi jinping putin\" loading=\"lazy\"><\/div>\n<div class=\"excerpt\">DAGOREPORT \u2013 GRAZIE A TRUMP, IL DOLLARO RISCHIA DI DIVENTARE CARTA STRACCIA \u2013\u00a0IL PIATTO FORTE AL\u2026<\/div>\n<p><\/a><\/article>\n<article><a href=\"https:\/\/www.dagospia.com\/politica\/elly-ascolta-gli-amici-i-big-pd-scesi-in-campo-cosi-pesantemente-per-485354\"><\/p>\n<div class=\"img-wrapper\"><img decoding=\"async\" src=\"https:\/\/static.dagospia.com\/img\/patch\/08-2026\/giuseppe-conte-elly-schlein-franceschini-bonaccini-nardella-2301098_600_q50.webp\" alt=\"giuseppe conte elly schlein franceschini bonaccini nardella\" loading=\"lazy\"><\/div>\n<div class=\"excerpt\">DAGOREPORT &#8211; ELLY, ASCOLTA GLI AMICI! I CAPOCCIONI E LE MEZZECALZE DEL PD, CHE SONO SCESI COS\u00cc\u2026<\/div>\n<p><\/a><\/article>\n<article><a href=\"https:\/\/www.dagospia.com\/politica\/l-ingaggio-fedorov-fa-incazzare-zelensky-mette-in-allarme-agenzie-485343\"><\/p>\n<div class=\"img-wrapper\"><img decoding=\"async\" src=\"https:\/\/static.dagospia.com\/img\/patch\/08-2026\/fedorov-musk-thiel-zelensky-crosetto-2301168_600_q50.webp\" alt=\"fedorov musk thiel zelensky crosetto\" loading=\"lazy\"><\/div>\n<div class=\"excerpt\">DAGOREPORT &#8211; A QUALCUNO NON PIACE &#8216;STO FEDOROV &#8211;\u00a0PIU&#8217; CHE A INDIGNARE I NEURONI ALLA VODKA DI\u2026<\/div>\n<p><\/a><\/article>\n<article><a href=\"https:\/\/www.dagospia.com\/politica\/flash-c-e-grande-perplessita-i-draghi-boys-per-presenza-andrea-485336\"><\/p>\n<div class=\"img-wrapper\"><img decoding=\"async\" src=\"https:\/\/static.dagospia.com\/img\/patch\/08-2026\/xavier-niel-draghi-pignataro-2301175_600_q50.webp\" alt=\"xavier niel draghi pignataro\" loading=\"lazy\"><\/div>\n<div class=\"excerpt\">FLASH! \u2013 I \u201cDRAGHI BOYS\u201d DEL POTERE ECONOMICO ITALIANO AVREBBERO ESPRESSO QUALCHE PERPLESSITA&#8217;\u2026<\/div>\n<p><\/a><\/article>\n<article><a href=\"https:\/\/www.dagospia.com\/politica\/quale-episodio-giulia-presutti-era-habitue-cefalu-bistro-dove-piu-e-485248\"><\/p>\n<div class=\"img-wrapper\"><img decoding=\"async\" src=\"https:\/\/static.dagospia.com\/img\/patch\/08-2026\/ranucci-presutti-cianfoni-floridia-2300757_600_q50.webp\" alt=\"ranucci presutti cianfoni floridia\" loading=\"lazy\"><\/div>\n<div class=\"excerpt\">DAGOREPORT &#8211;\u00a0MA QUALE &#8220;EPISODIO&#8221;! GIULIA PRESUTTI ERA UN HABITU\u00c8 DEL \u201cCEFAL\u00d9 BISTR\u00d2\u201d DOVE PI\u00d9 VOLTE\u2026<\/div>\n<p><\/a><\/article>\n<article><a href=\"https:\/\/www.dagospia.com\/politica\/risiko-s-ingrossa-l-apertura-assicurazioni-generali-valutare-l-offerta-484996\"><\/p>\n<div class=\"img-wrapper\"><img decoding=\"async\" src=\"https:\/\/static.dagospia.com\/img\/patch\/08-2026\/generali-philippe-donnet-luigi-lovaglio-carlo-messina-2292458_600_q50.webp\" alt=\"generali philippe donnet luigi lovaglio carlo messina \" loading=\"lazy\"><\/div>\n<div class=\"excerpt\">DAGOREPORT &#8211; IL RISIKO S&#8217;INGROSSA! L\u2019APERTURA DI ASSICURAZIONI GENERALI A VALUTARE L&#8217;OFFERTA\u201d DI\u2026<\/div>\n<p><\/a><\/article>\n<article><a href=\"https:\/\/www.dagospia.com\/cafonal\/cafonalino-roma-proiezione-documentario-marco-bellocchio-marco-travaglio-485081\"><\/p>\n<div class=\"img-wrapper\"><img decoding=\"async\" src=\"https:\/\/static.dagospia.com\/img\/patch\/08-2026\/2026bellocchio-anteprima-film-di-marco-bellocchio-2300339_600_q50.webp\" alt=\"2026bellocchio anteprima film di marco bellocchio\" loading=\"lazy\"><\/div>\n<div class=\"excerpt\">CAFONALINO! AL CINEMA QUATTRO FONTANE DI ROMA LA PROIEZIONE SPECIALE DEL DOCUMENTARIO \u201cMARCO\u2026<\/div>\n<p><\/a><\/article>\n<article><a href=\"https:\/\/www.dagospia.com\/cafonal\/cafonal-show-ranucci-cerveteri-freni-ho-fatto-scoop-nazionali-484807\"><\/p>\n<div class=\"img-wrapper\"><img decoding=\"async\" src=\"https:\/\/static.dagospia.com\/img\/patch\/08-2026\/2026ranucci-sigfrido-ranucci-2299409_600_q50.webp\" alt=\"2026ranucci sigfrido ranucci\" loading=\"lazy\"><\/div>\n<div class=\"excerpt\">SIGFRIDO, IL MASANIELLO DE NOANTRI \u2013 RANUCCI HA PERSO OGNI FRENO E, ALLA PRESENTAZIONE DEL SUO\u2026<\/div>\n<p><\/a><\/article>\n<article><a href=\"https:\/\/www.dagospia.com\/cafonal\/funeralino-l-ultimo-saluto-mitico-produttore-cinematografico-fulvio-484127\"><\/p>\n<div class=\"img-wrapper\"><img decoding=\"async\" src=\"https:\/\/static.dagospia.com\/img\/patch\/08-2026\/2026lucisano-2297424_600_q50.webp\" alt=\"2026lucisano\" loading=\"lazy\"><\/div>\n<div class=\"excerpt\">FUNERALINO \u2013 NELLA CALLARA ROMANA D\u2019AGOSTO, L\u2019ULTIMO SALUTO AL MITICO PRODUTTORE CINEMATOGRAFICO\u2026<\/div>\n<p><\/a><\/article>\n<article><a href=\"https:\/\/www.dagospia.com\/cafonal\/cafonalino-pizza-riformista-matteo-renzi-raduna-i-suoi-prima-delle-480816\"><\/p>\n<div class=\"img-wrapper\"><img decoding=\"async\" src=\"https:\/\/static.dagospia.com\/img\/patch\/07-2026\/2026kraken-matteo-renzi-2286047_600_q50.webp\" alt=\"2026kraken matteo renzi \" loading=\"lazy\"><\/div>\n<div class=\"excerpt\">CAFONALINO DELLA PIZZA RIFORMISTA \u2013 RENZI RADUNA I SUOI PRIMA DELLE VACANZE ESTIVE AL SATYRUS DI\u2026<\/div>\n<p><\/a><\/article>\n<article><a href=\"https:\/\/www.dagospia.com\/cafonal\/cafonalino-moreno-party-roma-manuela-moreno-festeggia-i-60-anni-480777\"><\/p>\n<div class=\"img-wrapper\"><img decoding=\"async\" src=\"https:\/\/static.dagospia.com\/img\/patch\/07-2026\/manuela-moreno-festa-60-anni-2285871_600_q50.webp\" alt=\"manuela moreno festa 60 anni \" loading=\"lazy\"><\/div>\n<div class=\"excerpt\">CAFONALINO! NO MORENO, NO PARTY \u2013 A ROMA, AL LOVE BAR DI PONTE MILVIO, MANUELA MORENO, CONDUTTRICE\u2026<\/div>\n<p><\/a><\/article>\n<article><a href=\"https:\/\/www.dagospia.com\/cafonal\/cafonalino-firenze-tevere-direttori-redattori-forchettoni-scrocconi-480745\"><\/p>\n<div class=\"img-wrapper\"><img decoding=\"async\" src=\"https:\/\/static.dagospia.com\/img\/patch\/07-2026\/2026agno-marco-agnoletti-2285763_600_q50.webp\" alt=\"2026agno marco agnoletti \" loading=\"lazy\"><\/div>\n<div class=\"excerpt\">CAFONALINO DEGLI AGNOLETTI IN BRODO &#8211; DIRETTORI, REDATTORI, FORCHETTONI E SCROCCONI SFIDANO\u2026<\/div>\n<p><\/a><\/article>\n<p>[analyse_source url=&#8221;https:\/\/www.dagospia.com\/cronache\/loco-milei-vuole-riaprire-guerra-delle-falkland-presidente-argentino-485792&#8243;]<\/p>\n","protected":false},"excerpt":{"rendered":"<p>[analyse_image type=&#8221;featured&#8221; src=&#8221;https:\/\/static.dagospia.com\/img\/patch\/09-2026\/donald-trump-javier-milei-isole-falkland-malvinas-2302373_600_q50.webp&#8221;] 4 set 2026 10:06 IL \u201cLOCO\u201d MILEI VUOLE RIAPRIRE LA GUERRA DELLE FALKLAND \u2013 IL PRESIDENTE ARGENTINO RILANCIA LA RIVENDICAZIONE SULLE ISOLE MALVINAS, E PARLA DI UN POSSIBILE RIPENSAMENTO DELLA NEUTRALIT\u00c0 DEGLI STATI UNITI NELLA DISPUTA CON IL REGNO UNITO \u2013 L\u2019ANARCO-CAPITALISTA HA ANCHE ANNUNCIATO SANZIONI PI\u00d9 DURE CONTRO LE COMPAGNIE IMPEGNATE [&hellip;]<\/p>\n","protected":false},"author":1,"featured_media":0,"comment_status":"open","ping_status":"","sticky":false,"template":"","format":"standard","meta":{"footnotes":""},"categories":[87],"tags":[226,149],"class_list":["post-2127882","post","type-post","status-publish","format-standard","hentry","category-italy","tag-crawlmanager","tag-dagospia-com"],"_links":{"self":[{"href":"https:\/\/analyse.optim.biz\/index.php?rest_route=\/wp\/v2\/posts\/2127882","targetHints":{"allow":["GET"]}}],"collection":[{"href":"https:\/\/analyse.optim.biz\/index.php?rest_route=\/wp\/v2\/posts"}],"about":[{"href":"https:\/\/analyse.optim.biz\/index.php?rest_route=\/wp\/v2\/types\/post"}],"author":[{"embeddable":true,"href":"https:\/\/analyse.optim.biz\/index.php?rest_route=\/wp\/v2\/users\/1"}],"replies":[{"embeddable":true,"href":"https:\/\/analyse.optim.biz\/index.php?rest_route=%2Fwp%2Fv2%2Fcomments&post=2127882"}],"version-history":[{"count":0,"href":"https:\/\/analyse.optim.biz\/index.php?rest_route=\/wp\/v2\/posts\/2127882\/revisions"}],"wp:attachment":[{"href":"https:\/\/analyse.optim.biz\/index.php?rest_route=%2Fwp%2Fv2%2Fmedia&parent=2127882"}],"wp:term":[{"taxonomy":"category","embeddable":true,"href":"https:\/\/analyse.optim.biz\/index.php?rest_route=%2Fwp%2Fv2%2Fcategories&post=2127882"},{"taxonomy":"post_tag","embeddable":true,"href":"https:\/\/analyse.optim.biz\/index.php?rest_route=%2Fwp%2Fv2%2Ftags&post=2127882"}],"curies":[{"name":"wp","href":"https:\/\/api.w.org\/{rel}","templated":true}]}}