{"id":2127878,"date":"2026-09-04T07:30:00","date_gmt":"2026-09-04T04:30:00","guid":{"rendered":"https:\/\/analyse.optim.biz\/?p=2127878"},"modified":"2026-09-04T07:30:00","modified_gmt":"2026-09-04T04:30:00","slug":"e-morta-a-92-anni-gloria-steinem-storica-leader-femminista-americana-che-porto-al-centro-del","status":"publish","type":"post","link":"https:\/\/analyse.optim.biz\/?p=2127878","title":{"rendered":"\u00c8 morta a 92 anni gloria steinem, storica leader femminista americana che port\u00d2 al centro del&#8230;"},"content":{"rendered":"<p>[analyse_image type=&#8221;featured&#8221; src=&#8221;https:\/\/static.dagospia.com\/img\/patch\/09-2026\/gloria-steinem-2302391_600_q50.webp&#8221;]<\/p>\n<article>\n<div class=\"img-wrapper\"><img decoding=\"async\" src=\"https:\/\/static.dagospia.com\/img\/patch\/09-2026\/gloria-steinem-2302391_600_q50.webp\" alt=\"gloria steinem \"><time class=\"data-ora\">4 set 2026 09:30<\/time><\/div>\n<p><strong><span>GLORIA NELL\u2019ALTO DEI CIELI \u2013 <\/span>\u00c8 MORTA A 92 ANNI GLORIA STEINEM, STORICA LEADER FEMMINISTA AMERICANA CHE PORT\u00d2 AL CENTRO DEL DIBATTITO TEMI COME ABORTO, CONTRACCEZIONE, VIOLENZA DOMESTICA, DISCRIMINAZIONI E DISPARIT\u00c0 SALARIALI \u2013 <span>LA GIORNALISTA DIVENNE FAMOSA NEL 1963 CON UN\u2019INCHIESTA SOTTO COPERTURA SULLE \u201cCONIGLIETTE\u201d DEI PLAYBOY<\/span> CLUB E NEL 1972 CONTRIBU\u00cc A FONDARE \u201cMS. MAGAZINE\u201d, RIVISTA FEMMINISTA DEDICATA ANCHE A POLITICA E DIRITTI\u2026<\/strong><\/p>\n<div class=\"share-section\">\n                Condividi  questo articolo<\/p>\n<div class=\"socials\"><a href=\"http:\/\/www.facebook.com\/sharer.php?u=http:\/\/www.dagospia.com\/cronache\/e-morta-92-anni-gloria-steinem-storica-leader-femminista-americana-porto-485794\" target=\"_blank\"><img decoding=\"async\" src=\"https:\/\/static.dagospia.com\/img\/icons\/facebook.svg\" alt=\"Condividi su Facebook\"><\/a><a href=\"http:\/\/www.twitter.com\/share?url=http:\/\/www.dagospia.com\/cronache\/e-morta-92-anni-gloria-steinem-storica-leader-femminista-americana-porto-485794&amp;text=%C3%88%20MORTA%20A%2092%20ANNI%20GLORIA%20STEINEM,%20STORICA%20LEADER%20FEMMINISTA%20AMERICANA%20CHE%20PORT%C3%92%20AL%20CENTRO%20DEL...\" target=\"_blank\"><img decoding=\"async\" src=\"https:\/\/static.dagospia.com\/img\/icons\/x-icon.png\" alt=\"Condividi su X\"><\/a><a href=\"\/\/www.dagospia.com\/cronache\/e-morta-92-anni-gloria-steinem-storica-leader-femminista-americana-porto-485794\" target=\"_blank\"><img decoding=\"async\" src=\"https:\/\/static.dagospia.com\/img\/icons\/whatsapp.svg\" alt=\"Condividi su Whatsapp\"><\/a><a href=\"mailto:?body=http:\/\/www.dagospia.com\/cronache\/e-morta-92-anni-gloria-steinem-storica-leader-femminista-americana-porto-485794\" target=\"_blank\"><img decoding=\"async\" src=\"https:\/\/static.dagospia.com\/img\/icons\/mail.svg\" alt=\"Invia in email\"><\/a><\/div>\n<\/div>\n<div class=\"content\">\n<p class=\"disable\"><strong>Estratto dell\u2019articolo di Costanza Saporito per <a href=\"http:\/\/www.open.online\">www.open.online<\/a><\/strong><\/p>\n<p class=\"disable\">\u00a0<\/p>\n<p><a href=\"https:\/\/www.dagospia.com\/media-gallery\/dago-fotogallery-522221\/2302388\" class=\"float-right img-wrapper\"><img decoding=\"async\" id=\"2302388\" loading=\"lazy\" src=\"https:\/\/static.dagospia.com\/img\/foto\/09-2026\/gloria-steinem-3-2302388_800_q50.webp\"><span class=\"img-title\">gloria steinem 3<\/span><\/a><\/p>\n<p class=\"disable\">Gloria Steinem, scrittrice, giornalista e simbolo della lotta femminista, \u00e8 morta il 2 settembre a New York, a 92 anni. [\u2026] Aborto, contraccezione, violenza domestica, discriminazioni e disparit\u00e0 salariale: la sua missione \u00e8 stata portare al centro del dibattito tutto ci\u00f2 che secondo la tradizione doveva rimanere confinato alla sfera privata. [\u2026]<\/p>\n<p class=\"disable\">\u00a0<\/p>\n<p class=\"disable\"><strong>LA STORIA DI GLORIA STEINEM<\/strong><\/p>\n<p class=\"disable\">La storia di Gloria Steinem inizia a Toledo, in Ohio, nel 1934, in una famiglia di origine ebraica. L\u2019infanzia nella provincia americana \u00e8 segnata dal divorzio dei genitori e dai problemi di salute mentale della madre. Sullo sfondo, la figura della nonna paterna Pauline, presidentessa della commissione educazione del National Woman Suffrage Association e prima donna a essere eletta nel Toledo Board of Education.\u00a0<\/p>\n<p class=\"disable\">\u00a0<\/p>\n<p class=\"disable\">La possibilit\u00e0 di allontanarsi arriva con la vincita di una borsa di studio per frequentare lo Smith College, universit\u00e0 femminile del Massachusetts, dove si laurea nel 1956.\u00a0 Dopo una breve esperienza in India, dove lavora come impiegata presso la Corte Suprema, torna negli Stati Uniti e intraprende la carriera di scrittrice e giornalista. [\u2026]<\/p>\n<p class=\"disable\">\u00a0<\/p>\n<p><a href=\"https:\/\/www.dagospia.com\/media-gallery\/dago-fotogallery-522221\/2302387\" class=\"float-left img-wrapper\"><img decoding=\"async\" id=\"2302387\" loading=\"lazy\" src=\"https:\/\/static.dagospia.com\/img\/foto\/09-2026\/gloria-steinem-4-2302387_800_q50.webp\"><span class=\"img-title\">gloria steinem 4<\/span><\/a><\/p>\n<p class=\"disable\"><strong>L\u2019ARTICOLO CHE LA RENDE FAMOSA<\/strong><\/p>\n<p class=\"disable\">La fama arriva nel 1963 con un articolo-inchiesta pubblicato sulla rivista Show. In \u201cA Bunny\u2019s Tale\u201d Steinem denuncia il sistema dietro il funzionamento dei Playboy Club, catena di locali notturni aperta da Hugh Hefner, fondatore della rivista Playboy, pochi anni dopo la nascita del celebre magazine.<\/p>\n<p class=\"disable\">\u00a0<\/p>\n<p class=\"disable\">Per realizzarlo, Steinem si infiltra per undici giorni tra le \u201cbunnies\u201d (le conigliette), le cameriere simbolo della catena di nightclub, documentando turni estenuanti, paghe sotto la media e sfruttamento e ribaltando cos\u00ec la narrazione di emancipazione sessuale costruita da Hefner dietro il progetto.<\/p>\n<p class=\"disable\">\u00a0<\/p>\n<p><a href=\"https:\/\/www.dagospia.com\/media-gallery\/dago-fotogallery-522221\/2302382\" class=\"float-right img-wrapper\"><img decoding=\"async\" id=\"2302382\" loading=\"lazy\" src=\"https:\/\/static.dagospia.com\/img\/foto\/09-2026\/ms-magazine-3-2302382_800_q50.webp\"><span class=\"img-title\">ms. magazine 3<\/span><\/a><\/p>\n<p class=\"disable\">[\u2026] Mentre il movimento femminista conosce la sua seconda ondata, si pone in prima linea nella lotta per la legalizzazione dell\u2019aborto \u2013 lei stessa aveva abortito illegalmente a 22 anni e anni dopo avrebbe definito quel momento l\u2019inizio del suo attivismo femminista \u2013 e per la liberazione sessuale.<\/p>\n<p class=\"disable\">\u00a0<\/p>\n<p class=\"disable\"><strong>LA NASCITA DI MS. MAGAZINE<\/strong><\/p>\n<p class=\"disable\">La mancanza di interesse per la condizione femminile che avverte da parte degli editori del tempo, la spinge a fondare, insieme all\u2019avvocata americana Dorothy Pitman Hughes e alla giornalista Patricia Carbine, Ms. Magazine: un giornale scritto dalle donne per le donne, in cui, diversamente dagli altri giornali femminili, viene dato spazio a temi di interesse politico e sociale.<\/p>\n<p class=\"disable\">\u00a0<\/p>\n<p class=\"disable\">Il primo numero esce nel luglio 1972, in copertina la scritta \u201cWonder Woman for president\u201d e all\u2019interno articoli su aborto, discriminazione di genere sul lavoro e violenza domestica.<\/p>\n<p><a href=\"https:\/\/www.dagospia.com\/media-gallery\/dago-fotogallery-522221\/2302390\" class=\"float-left img-wrapper\"><img decoding=\"async\" id=\"2302390\" loading=\"lazy\" src=\"https:\/\/static.dagospia.com\/img\/foto\/09-2026\/gloria-steinem-1-2302390_800_q50.webp\"><span class=\"img-title\">gloria steinem 1<\/span><\/a><\/p>\n<p class=\"disable\">\u00a0<\/p>\n<p class=\"disable\">[\u2026] <strong>GLI ULTIMI ANNI<\/strong><\/p>\n<p class=\"disable\">\u00a0Quando nel 2022 la Corte Suprema degli Stati Uniti ribalta la storica sentenza del 1973 Roe contro Wade, decretando che il governo federale non garantisce pi\u00f9 il diritto all\u2019aborto, Steinem torna a dichiarare che senza controllo sul proprio corpo non pu\u00f2 esserci cittadinanza. Dopo una vita trascorsa on the road, a parlare nelle universit\u00e0 e nelle piazze, negli ultimi anni della sua vita, l\u2019epicentro del suo attivismo diventa la sua casa di New York.<\/p>\n<p class=\"disable\">\u00a0<\/p>\n<p class=\"disable\">Nella sua dimora newyorkese organizza i Talking Circles: incontri in cui un gruppo di persone si siede in cerchio, senza gerarchie, per ascoltare ed essere ascoltato. Steinem aveva scoperto questa pratica in India e per anni ha continuato a replicarla nella sua sala da pranzo, nella convinzione che la tradizione sarebbe sopravvissuta alla sua scomparsa. Nel suo ultimo libro, Un Unexpected Life, in uscita il 22 settembre, Steinem scrive: \u00abHo vissuto per pi\u00f9 di cinquanta anni in questa casa, in stanze che hanno conosciuto delle vite prima della mia e che ne conosceranno altre dopo che me ne sar\u00f2 andata\u00bb.<\/p>\n<p><a href=\"https:\/\/www.dagospia.com\/media-gallery\/dago-fotogallery-522221\/2302381\" class=\"float-right img-wrapper\"><img decoding=\"async\" id=\"2302381\" loading=\"lazy\" src=\"https:\/\/static.dagospia.com\/img\/foto\/09-2026\/ms-magazine-2-2302381_800_q50.webp\"><span class=\"img-title\">ms. magazine 2<\/span><\/a><a href=\"https:\/\/www.dagospia.com\/media-gallery\/dago-fotogallery-522221\/2302375\" class=\"float-right img-wrapper\"><img decoding=\"async\" id=\"2302375\" loading=\"lazy\" src=\"https:\/\/static.dagospia.com\/img\/foto\/09-2026\/gloria-steinem-7-2302375_800_q50.webp\"><span class=\"img-title\">gloria steinem 7<\/span><\/a><a href=\"https:\/\/www.dagospia.com\/media-gallery\/dago-fotogallery-522221\/866441\" class=\"float-right img-wrapper\"><img decoding=\"async\" id=\"866441\" loading=\"lazy\" src=\"https:\/\/static.dagospia.com\/img\/foto\/01-2017\/gloria-steinem-866441_800_q50.webp\"><span class=\"img-title\">gloria steinem<\/span><\/a><a href=\"https:\/\/www.dagospia.com\/media-gallery\/dago-fotogallery-522221\/1908870\" class=\"float-right img-wrapper\"><img decoding=\"async\" id=\"1908870\" loading=\"lazy\" src=\"https:\/\/static.dagospia.com\/img\/foto\/10-2023\/gloria-steinem-black-white-ball-1908870_800_q50.webp\"><\/a><a href=\"https:\/\/www.dagospia.com\/media-gallery\/dago-fotogallery-522221\/761510\" class=\"float-right img-wrapper\"><img decoding=\"async\" id=\"761510\" loading=\"lazy\" src=\"https:\/\/static.dagospia.com\/img\/foto\/02-2016\/diane-von-furstenberg-melanne-verveer-hillary-rodham-clinton-gloria-steinem-761510_800_q50.webp\"><span class=\"img-title\">diane von furstenberg, melanne verveer, hillary rodham clinton, gloria steinem <\/span><\/a><a href=\"https:\/\/www.dagospia.com\/media-gallery\/dago-fotogallery-522221\/761511\" class=\"float-right img-wrapper\"><img decoding=\"async\" id=\"761511\" loading=\"lazy\" src=\"https:\/\/static.dagospia.com\/img\/foto\/02-2016\/gloria-steinem-761511_800_q50.webp\"><span class=\"img-title\">gloria steinem<\/span><\/a><a href=\"https:\/\/www.dagospia.com\/media-gallery\/dago-fotogallery-522221\/768552\" class=\"float-right img-wrapper\"><img decoding=\"async\" id=\"768552\" loading=\"lazy\" src=\"https:\/\/static.dagospia.com\/img\/foto\/02-2016\/gloria-steinem-2-768552_800_q50.webp\"><span class=\"img-title\">GLORIA STEINEM 2<\/span><\/a><a href=\"https:\/\/www.dagospia.com\/media-gallery\/dago-fotogallery-522221\/768553\" class=\"float-right img-wrapper\"><img decoding=\"async\" id=\"768553\" loading=\"lazy\" src=\"https:\/\/static.dagospia.com\/img\/foto\/02-2016\/gloria-steinem-3-768553_800_q50.webp\"><span class=\"img-title\">GLORIA STEINEM 3<\/span><\/a><a href=\"https:\/\/www.dagospia.com\/media-gallery\/dago-fotogallery-522221\/2302377\" class=\"float-right img-wrapper\"><img decoding=\"async\" id=\"2302377\" loading=\"lazy\" src=\"https:\/\/static.dagospia.com\/img\/foto\/09-2026\/gloria-steinem-9-2302377_800_q50.webp\"><span class=\"img-title\">gloria steinem 9<\/span><\/a><a href=\"https:\/\/www.dagospia.com\/media-gallery\/dago-fotogallery-522221\/2302378\" class=\"float-right img-wrapper\"><img decoding=\"async\" id=\"2302378\" loading=\"lazy\" src=\"https:\/\/static.dagospia.com\/img\/foto\/09-2026\/gloria-steinem-10-2302378_800_q50.webp\"><span class=\"img-title\">gloria steinem 10<\/span><\/a><a href=\"https:\/\/www.dagospia.com\/media-gallery\/dago-fotogallery-522221\/2302384\" class=\"float-right img-wrapper\"><img decoding=\"async\" id=\"2302384\" loading=\"lazy\" src=\"https:\/\/static.dagospia.com\/img\/foto\/09-2026\/gloria-steinem-11-2302384_800_q50.webp\"><span class=\"img-title\">gloria steinem 11<\/span><\/a><a href=\"https:\/\/www.dagospia.com\/media-gallery\/dago-fotogallery-522221\/2302383\" class=\"float-left img-wrapper\"><img decoding=\"async\" id=\"2302383\" loading=\"lazy\" src=\"https:\/\/static.dagospia.com\/img\/foto\/09-2026\/ms-magazine-4-2302383_800_q50.webp\"><span class=\"img-title\">ms. magazine 4<\/span><\/a><a href=\"https:\/\/www.dagospia.com\/media-gallery\/dago-fotogallery-522221\/2302385\" class=\"float-right img-wrapper\"><img decoding=\"async\" id=\"2302385\" loading=\"lazy\" src=\"https:\/\/static.dagospia.com\/img\/foto\/09-2026\/gloria-steinem-6-2302385_800_q50.webp\"><span class=\"img-title\">gloria steinem 6<\/span><\/a><a href=\"https:\/\/www.dagospia.com\/media-gallery\/dago-fotogallery-522221\/2302386\" class=\"float-right img-wrapper\"><img decoding=\"async\" id=\"2302386\" loading=\"lazy\" src=\"https:\/\/static.dagospia.com\/img\/foto\/09-2026\/gloria-steinem-5-2302386_800_q50.webp\"><span class=\"img-title\">gloria steinem 5<\/span><\/a><a href=\"https:\/\/www.dagospia.com\/media-gallery\/dago-fotogallery-522221\/2302389\" class=\"float-right img-wrapper\"><img decoding=\"async\" id=\"2302389\" loading=\"lazy\" src=\"https:\/\/static.dagospia.com\/img\/foto\/09-2026\/gloria-steinem-2-2302389_800_q50.webp\"><span class=\"img-title\">gloria steinem 2<\/span><\/a><a href=\"https:\/\/www.dagospia.com\/media-gallery\/dago-fotogallery-522221\/2302380\" class=\"float-right img-wrapper\"><img decoding=\"async\" id=\"2302380\" loading=\"lazy\" src=\"https:\/\/static.dagospia.com\/img\/foto\/09-2026\/ms-magazine-1-2302380_800_q50.webp\"><span class=\"img-title\">ms. magazine 1<\/span><\/a><\/p>\n<p class=\"disable\">\u00a0<\/p>\n<\/div>\n<div class=\"share-section\">\n                Condividi  questo articolo<\/p>\n<div class=\"socials\"><a href=\"https:\/\/www.dagospia.com\/cronache\/e-morta-92-anni-gloria-steinem-storica-leader-femminista-americana-porto-485794\"><img decoding=\"async\" src=\"https:\/\/static.dagospia.com\/img\/icons\/facebook.svg\" alt=\"Condividi su Facebook\"><\/a><a href=\"https:\/\/www.dagospia.com\/cronache\/e-morta-92-anni-gloria-steinem-storica-leader-femminista-americana-porto-485794\"><img decoding=\"async\" src=\"https:\/\/static.dagospia.com\/img\/icons\/x-icon.png\" alt=\"Condividi su X\"><\/a><a href=\"https:\/\/www.dagospia.com\/cronache\/e-morta-92-anni-gloria-steinem-storica-leader-femminista-americana-porto-485794\"><img decoding=\"async\" src=\"https:\/\/static.dagospia.com\/img\/icons\/whatsapp.svg\" alt=\"Condividi su Whatsapp\"><\/a><a href=\"https:\/\/www.dagospia.com\/cronache\/e-morta-92-anni-gloria-steinem-storica-leader-femminista-americana-porto-485794\"><img decoding=\"async\" src=\"https:\/\/static.dagospia.com\/img\/icons\/mail.svg\" alt=\"Invia in email\"><\/a><\/div>\n<\/div>\n<\/article>\n<div class=\"content\">\n<p class=\"disable\"><strong>Estratto dell\u2019articolo di Costanza Saporito per <a href=\"http:\/\/www.open.online\">www.open.online<\/a><\/strong><\/p>\n<p class=\"disable\">\u00a0<\/p>\n<p><a href=\"https:\/\/www.dagospia.com\/media-gallery\/dago-fotogallery-522221\/2302388\" class=\"float-right img-wrapper\"><img decoding=\"async\" id=\"2302388\" loading=\"lazy\" src=\"https:\/\/static.dagospia.com\/img\/foto\/09-2026\/gloria-steinem-3-2302388_800_q50.webp\"><span class=\"img-title\">gloria steinem 3<\/span><\/a><\/p>\n<p class=\"disable\">Gloria Steinem, scrittrice, giornalista e simbolo della lotta femminista, \u00e8 morta il 2 settembre a New York, a 92 anni. [\u2026] Aborto, contraccezione, violenza domestica, discriminazioni e disparit\u00e0 salariale: la sua missione \u00e8 stata portare al centro del dibattito tutto ci\u00f2 che secondo la tradizione doveva rimanere confinato alla sfera privata. [\u2026]<\/p>\n<p class=\"disable\">\u00a0<\/p>\n<p class=\"disable\"><strong>LA STORIA DI GLORIA STEINEM<\/strong><\/p>\n<p class=\"disable\">La storia di Gloria Steinem inizia a Toledo, in Ohio, nel 1934, in una famiglia di origine ebraica. L\u2019infanzia nella provincia americana \u00e8 segnata dal divorzio dei genitori e dai problemi di salute mentale della madre. Sullo sfondo, la figura della nonna paterna Pauline, presidentessa della commissione educazione del National Woman Suffrage Association e prima donna a essere eletta nel Toledo Board of Education.\u00a0<\/p>\n<p class=\"disable\">\u00a0<\/p>\n<p class=\"disable\">La possibilit\u00e0 di allontanarsi arriva con la vincita di una borsa di studio per frequentare lo Smith College, universit\u00e0 femminile del Massachusetts, dove si laurea nel 1956.\u00a0 Dopo una breve esperienza in India, dove lavora come impiegata presso la Corte Suprema, torna negli Stati Uniti e intraprende la carriera di scrittrice e giornalista. [\u2026]<\/p>\n<p class=\"disable\">\u00a0<\/p>\n<p><a href=\"https:\/\/www.dagospia.com\/media-gallery\/dago-fotogallery-522221\/2302387\" class=\"float-left img-wrapper\"><img decoding=\"async\" id=\"2302387\" loading=\"lazy\" src=\"https:\/\/static.dagospia.com\/img\/foto\/09-2026\/gloria-steinem-4-2302387_800_q50.webp\"><span class=\"img-title\">gloria steinem 4<\/span><\/a><\/p>\n<p class=\"disable\"><strong>L\u2019ARTICOLO CHE LA RENDE FAMOSA<\/strong><\/p>\n<p class=\"disable\">La fama arriva nel 1963 con un articolo-inchiesta pubblicato sulla rivista Show. In \u201cA Bunny\u2019s Tale\u201d Steinem denuncia il sistema dietro il funzionamento dei Playboy Club, catena di locali notturni aperta da Hugh Hefner, fondatore della rivista Playboy, pochi anni dopo la nascita del celebre magazine.<\/p>\n<p class=\"disable\">\u00a0<\/p>\n<p class=\"disable\">Per realizzarlo, Steinem si infiltra per undici giorni tra le \u201cbunnies\u201d (le conigliette), le cameriere simbolo della catena di nightclub, documentando turni estenuanti, paghe sotto la media e sfruttamento e ribaltando cos\u00ec la narrazione di emancipazione sessuale costruita da Hefner dietro il progetto.<\/p>\n<p class=\"disable\">\u00a0<\/p>\n<p><a href=\"https:\/\/www.dagospia.com\/media-gallery\/dago-fotogallery-522221\/2302382\" class=\"float-right img-wrapper\"><img decoding=\"async\" id=\"2302382\" loading=\"lazy\" src=\"https:\/\/static.dagospia.com\/img\/foto\/09-2026\/ms-magazine-3-2302382_800_q50.webp\"><span class=\"img-title\">ms. magazine 3<\/span><\/a><\/p>\n<p class=\"disable\">[\u2026] Mentre il movimento femminista conosce la sua seconda ondata, si pone in prima linea nella lotta per la legalizzazione dell\u2019aborto \u2013 lei stessa aveva abortito illegalmente a 22 anni e anni dopo avrebbe definito quel momento l\u2019inizio del suo attivismo femminista \u2013 e per la liberazione sessuale.<\/p>\n<p class=\"disable\">\u00a0<\/p>\n<p class=\"disable\"><strong>LA NASCITA DI MS. MAGAZINE<\/strong><\/p>\n<p class=\"disable\">La mancanza di interesse per la condizione femminile che avverte da parte degli editori del tempo, la spinge a fondare, insieme all\u2019avvocata americana Dorothy Pitman Hughes e alla giornalista Patricia Carbine, Ms. Magazine: un giornale scritto dalle donne per le donne, in cui, diversamente dagli altri giornali femminili, viene dato spazio a temi di interesse politico e sociale.<\/p>\n<p class=\"disable\">\u00a0<\/p>\n<p class=\"disable\">Il primo numero esce nel luglio 1972, in copertina la scritta \u201cWonder Woman for president\u201d e all\u2019interno articoli su aborto, discriminazione di genere sul lavoro e violenza domestica.<\/p>\n<p><a href=\"https:\/\/www.dagospia.com\/media-gallery\/dago-fotogallery-522221\/2302390\" class=\"float-left img-wrapper\"><img decoding=\"async\" id=\"2302390\" loading=\"lazy\" src=\"https:\/\/static.dagospia.com\/img\/foto\/09-2026\/gloria-steinem-1-2302390_800_q50.webp\"><span class=\"img-title\">gloria steinem 1<\/span><\/a><\/p>\n<p class=\"disable\">\u00a0<\/p>\n<p class=\"disable\">[\u2026] <strong>GLI ULTIMI ANNI<\/strong><\/p>\n<p class=\"disable\">\u00a0Quando nel 2022 la Corte Suprema degli Stati Uniti ribalta la storica sentenza del 1973 Roe contro Wade, decretando che il governo federale non garantisce pi\u00f9 il diritto all\u2019aborto, Steinem torna a dichiarare che senza controllo sul proprio corpo non pu\u00f2 esserci cittadinanza. Dopo una vita trascorsa on the road, a parlare nelle universit\u00e0 e nelle piazze, negli ultimi anni della sua vita, l\u2019epicentro del suo attivismo diventa la sua casa di New York.<\/p>\n<p class=\"disable\">\u00a0<\/p>\n<p class=\"disable\">Nella sua dimora newyorkese organizza i Talking Circles: incontri in cui un gruppo di persone si siede in cerchio, senza gerarchie, per ascoltare ed essere ascoltato. Steinem aveva scoperto questa pratica in India e per anni ha continuato a replicarla nella sua sala da pranzo, nella convinzione che la tradizione sarebbe sopravvissuta alla sua scomparsa. Nel suo ultimo libro, Un Unexpected Life, in uscita il 22 settembre, Steinem scrive: \u00abHo vissuto per pi\u00f9 di cinquanta anni in questa casa, in stanze che hanno conosciuto delle vite prima della mia e che ne conosceranno altre dopo che me ne sar\u00f2 andata\u00bb.<\/p>\n<p><a href=\"https:\/\/www.dagospia.com\/media-gallery\/dago-fotogallery-522221\/2302381\" class=\"float-right img-wrapper\"><img decoding=\"async\" id=\"2302381\" loading=\"lazy\" src=\"https:\/\/static.dagospia.com\/img\/foto\/09-2026\/ms-magazine-2-2302381_800_q50.webp\"><span class=\"img-title\">ms. magazine 2<\/span><\/a><a href=\"https:\/\/www.dagospia.com\/media-gallery\/dago-fotogallery-522221\/2302375\" class=\"float-right img-wrapper\"><img decoding=\"async\" id=\"2302375\" loading=\"lazy\" src=\"https:\/\/static.dagospia.com\/img\/foto\/09-2026\/gloria-steinem-7-2302375_800_q50.webp\"><span class=\"img-title\">gloria steinem 7<\/span><\/a><a href=\"https:\/\/www.dagospia.com\/media-gallery\/dago-fotogallery-522221\/866441\" class=\"float-right img-wrapper\"><img decoding=\"async\" id=\"866441\" loading=\"lazy\" src=\"https:\/\/static.dagospia.com\/img\/foto\/01-2017\/gloria-steinem-866441_800_q50.webp\"><span class=\"img-title\">gloria steinem<\/span><\/a><a href=\"https:\/\/www.dagospia.com\/media-gallery\/dago-fotogallery-522221\/1908870\" class=\"float-right img-wrapper\"><img decoding=\"async\" id=\"1908870\" loading=\"lazy\" src=\"https:\/\/static.dagospia.com\/img\/foto\/10-2023\/gloria-steinem-black-white-ball-1908870_800_q50.webp\"><\/a><a href=\"https:\/\/www.dagospia.com\/media-gallery\/dago-fotogallery-522221\/761510\" class=\"float-right img-wrapper\"><img decoding=\"async\" id=\"761510\" loading=\"lazy\" src=\"https:\/\/static.dagospia.com\/img\/foto\/02-2016\/diane-von-furstenberg-melanne-verveer-hillary-rodham-clinton-gloria-steinem-761510_800_q50.webp\"><span class=\"img-title\">diane von furstenberg, melanne verveer, hillary rodham clinton, gloria steinem <\/span><\/a><a href=\"https:\/\/www.dagospia.com\/media-gallery\/dago-fotogallery-522221\/761511\" class=\"float-right img-wrapper\"><img decoding=\"async\" id=\"761511\" loading=\"lazy\" src=\"https:\/\/static.dagospia.com\/img\/foto\/02-2016\/gloria-steinem-761511_800_q50.webp\"><span class=\"img-title\">gloria steinem<\/span><\/a><a href=\"https:\/\/www.dagospia.com\/media-gallery\/dago-fotogallery-522221\/768552\" class=\"float-right img-wrapper\"><img decoding=\"async\" id=\"768552\" loading=\"lazy\" src=\"https:\/\/static.dagospia.com\/img\/foto\/02-2016\/gloria-steinem-2-768552_800_q50.webp\"><span class=\"img-title\">GLORIA STEINEM 2<\/span><\/a><a href=\"https:\/\/www.dagospia.com\/media-gallery\/dago-fotogallery-522221\/768553\" class=\"float-right img-wrapper\"><img decoding=\"async\" id=\"768553\" loading=\"lazy\" src=\"https:\/\/static.dagospia.com\/img\/foto\/02-2016\/gloria-steinem-3-768553_800_q50.webp\"><span class=\"img-title\">GLORIA STEINEM 3<\/span><\/a><a href=\"https:\/\/www.dagospia.com\/media-gallery\/dago-fotogallery-522221\/2302377\" class=\"float-right img-wrapper\"><img decoding=\"async\" id=\"2302377\" loading=\"lazy\" src=\"https:\/\/static.dagospia.com\/img\/foto\/09-2026\/gloria-steinem-9-2302377_800_q50.webp\"><span class=\"img-title\">gloria steinem 9<\/span><\/a><a href=\"https:\/\/www.dagospia.com\/media-gallery\/dago-fotogallery-522221\/2302378\" class=\"float-right img-wrapper\"><img decoding=\"async\" id=\"2302378\" loading=\"lazy\" src=\"https:\/\/static.dagospia.com\/img\/foto\/09-2026\/gloria-steinem-10-2302378_800_q50.webp\"><span class=\"img-title\">gloria steinem 10<\/span><\/a><a href=\"https:\/\/www.dagospia.com\/media-gallery\/dago-fotogallery-522221\/2302384\" class=\"float-right img-wrapper\"><img decoding=\"async\" id=\"2302384\" loading=\"lazy\" src=\"https:\/\/static.dagospia.com\/img\/foto\/09-2026\/gloria-steinem-11-2302384_800_q50.webp\"><span class=\"img-title\">gloria steinem 11<\/span><\/a><a href=\"https:\/\/www.dagospia.com\/media-gallery\/dago-fotogallery-522221\/2302383\" class=\"float-left img-wrapper\"><img decoding=\"async\" id=\"2302383\" loading=\"lazy\" src=\"https:\/\/static.dagospia.com\/img\/foto\/09-2026\/ms-magazine-4-2302383_800_q50.webp\"><span class=\"img-title\">ms. magazine 4<\/span><\/a><a href=\"https:\/\/www.dagospia.com\/media-gallery\/dago-fotogallery-522221\/2302385\" class=\"float-right img-wrapper\"><img decoding=\"async\" id=\"2302385\" loading=\"lazy\" src=\"https:\/\/static.dagospia.com\/img\/foto\/09-2026\/gloria-steinem-6-2302385_800_q50.webp\"><span class=\"img-title\">gloria steinem 6<\/span><\/a><a href=\"https:\/\/www.dagospia.com\/media-gallery\/dago-fotogallery-522221\/2302386\" class=\"float-right img-wrapper\"><img decoding=\"async\" id=\"2302386\" loading=\"lazy\" src=\"https:\/\/static.dagospia.com\/img\/foto\/09-2026\/gloria-steinem-5-2302386_800_q50.webp\"><span class=\"img-title\">gloria steinem 5<\/span><\/a><a href=\"https:\/\/www.dagospia.com\/media-gallery\/dago-fotogallery-522221\/2302389\" class=\"float-right img-wrapper\"><img decoding=\"async\" id=\"2302389\" loading=\"lazy\" src=\"https:\/\/static.dagospia.com\/img\/foto\/09-2026\/gloria-steinem-2-2302389_800_q50.webp\"><span class=\"img-title\">gloria steinem 2<\/span><\/a><a href=\"https:\/\/www.dagospia.com\/media-gallery\/dago-fotogallery-522221\/2302380\" class=\"float-right img-wrapper\"><img decoding=\"async\" id=\"2302380\" loading=\"lazy\" src=\"https:\/\/static.dagospia.com\/img\/foto\/09-2026\/ms-magazine-1-2302380_800_q50.webp\"><span class=\"img-title\">ms. magazine 1<\/span><\/a><\/p>\n<p class=\"disable\">\u00a0<\/p>\n<\/div>\n<article><a href=\"https:\/\/www.dagospia.com\/politica\/flash-e-non-e-lui-ministro-per-pubblica-amministrazione-paolo-zangrillo-485844\"><\/p>\n<div class=\"img-wrapper\"><img decoding=\"async\" src=\"https:\/\/static.dagospia.com\/img\/patch\/09-2026\/paolo-zangrillo-in-un-volo-di-linea-ita-airways-da-lamezia-a-milano-3-2302703_600_q50.webp\" alt=\"paolo zangrillo in un volo di linea ita airways da lamezia a milano - 3\" loading=\"lazy\"><time class=\"data-ora\">4 set 13:08<\/time><\/div>\n<div class=\"excerpt\">\n<p>FLASH \u2013 \u00c8 LUI O NON \u00c8 LUI? MA CERTO CHE \u00c8 LUI! IL MINISTRO PER LA PUBBLICA AMMINISTRAZIONE (IN QUOTA MARINA) <span>PAOLO ZANGRILLO, CHE SCALPITA PER FARE LE SCARPE A TAJANI, \u00c8 STATO AVVISTATO POCO FA IN UN VOLO DI LINEA DA LAMEZIA TERME A MILANO LINATE<\/span>, IN MEZZO A IGNARI PASSEGGERI. CHE COSA LO ASPETTA ALL\u2019OMBRA DELLA MADUNINA? RIFERIR\u00c0 A \u201cMADRINA\u201d BERLUSCONI L\u2019ESITO DEL SUO TETE-A-TETE CON ROBERTO OCCHIUTO, ALTRO COCCO DELLA REAL CASATA DI ARCORE?<\/p>\n<\/div>\n<p><\/a><\/article>\n<article><a href=\"https:\/\/www.dagospia.com\/politica\/dagoreport-giorgia-meloni-e-in-modalita-cattivissima-me-fronte-guai-485762\"><\/p>\n<div class=\"img-wrapper\"><img decoding=\"async\" src=\"https:\/\/static.dagospia.com\/img\/patch\/09-2026\/giorgia-meloni-sigfrido-ranucci-giampaolo-rossi-giovambattista-fazzolari-patrizi-2302272_600_q50.webp\" alt=\"giorgia meloni sigfrido ranucci giampaolo rossi giovambattista fazzolari patrizia scurti antonio tajani matteo salvini \" loading=\"lazy\"><time class=\"data-ora\">3 set 20:07<\/time><\/div>\n<div class=\"excerpt\">\n<p>DAGOREPORT \u2013 <span>GIORGIA MELONI \u00c8 IN MODALIT\u00c0 \u201cCATTIVISSIMA ME\u201d<\/span>: DOPO QUATTRO ANNI DI LUNA DI MIELE, PER LA DUCETTA \u00c8 ARRIVATA LA TEMPESTA PERFETTA: LO STOP AL PREMIERATO,\u00a0LA BATOSTA AL REFERENDUM, LE RAFFICHE DI \u201cVAFFA\u201d DI TRUMP, L&#8217;ESPLOSIONE DEL FENOMENO VANNACCI, IL CROLLO DELLA LEGA, FORZA ITALIA ALLA BERLUSCONINA, IL CAOS INTORNO ALLA NUOVA LEGGE ELETTORALE, L&#8217;AUTOGOL SULLA SOSTITUZIONE DI RANUCCI &#8211; <span>PIU&#8217; IRRIDUCIBILE DELLA MALASORTE, ANZICHE&#8217; ASCOLTARE I CO-FONDATORI DI FDI, LA RUSSA E CROSETTO, L&#8217;UNDERDOG PREFERISCE\u00a0CIRCONDARSI DALL&#8217;AFFETTO DEL SUO CIRCOLETTO DELLA GARBATELLA<\/span>\u00a0&#8211; DOMANI DA BARI, DOVE FESTEGGIA IL RECORD DI DURATA DEL SUO GOVERNO, L&#8217;UNDERDOG LANCER\u00c0 IL SUO GRIDO DI RISCOSSA ELETTORALE &#8211; <span>SA CHE L&#8217;ARMATA BRANCA-MELONI NON PUO&#8217; REGGERE FINO A OTTOBRE 2027, OCCORRE ANTICIPARE IL VOTO AD APRILE, LASCIANDO LE COMUNALI A GIUGNO <\/span>&#8211; MA MATTARELLA VUOLE L\u2019ELECTION-DAY A CUI SI OPPONE LA MELONI, TERRORIZZATA DALL\u2019EFFETTO TRAINO DI UN FILOTTO DEL CENTROSINISTRA: CHE DECIDERA&#8217; IL COLLE? AH, SAPERLO&#8230;<\/p>\n<\/div>\n<p><\/a><\/article>\n<article><a href=\"https:\/\/www.dagospia.com\/politica\/dagoreport-roberto-vannacci-marcia-cernobbio-gli-imprenditori-italiani-485729\"><\/p>\n<div class=\"img-wrapper\"><img decoding=\"async\" src=\"https:\/\/static.dagospia.com\/img\/patch\/09-2026\/crosetto-calenda-vannacci-monti-de-bortoli-forum-ambrosetti-cernobbio-2302201_600_q50.webp\" alt=\"crosetto calenda vannacci monti de bortoli forum ambrosetti cernobbio\" loading=\"lazy\"><time class=\"data-ora\">3 set 20:02<\/time><\/div>\n<div class=\"excerpt\">\n<p><span>DAGOREPORT <\/span>&#8211; MENTRE LA PROCURA MILITARE DI ROMA AVVIA UN\u2019INDAGINE SUGLI UFFICIALI CHE HANNO ADERITO ALLA &#8220;SPORCA DOZZINA&#8221; DI ROBERTO VANNACCI, <span>IL RE-DUX DI FUTURO NAZIONALE MARCIA SU CERNOBBIO: SABATO \u00c8 ATTESO IN POMPA MAGNA AL FORUM AMBROSETTI PER DIBATTERE CON L\u2019EX PREMIER MARIO MONTI<\/span> &#8211; DALL&#8217;IDEOLOGO DEL POPULISMO GRILLINO, GIAN ROBERTO CASALEGGIO AL LEADER SOVRANISTA OLANDESE, IL RAZZISTA GEERT WILDERS, LE PRESENZE PROVOCATORIE E ACCHIAPPA-TITOLI NON SONO UNA NOVITA&#8217; A VILLA D&#8217;ESTE &#8211;<span> SDEGNATI PER LA PRESENZA E &#8220;TRATTAMENTO PREFERENZIALE&#8221; DEDICATO ALL\u2019EX PAR\u00c0(CULO) DELLA FOLGORE, CARLO CALENDA E GUIDO CROSETTO NON METTERANNO PIEDE A CERNOBBIO<\/span> \u2013 ANCHE FERRUCCIO DE BORTOLI RIFIUTA DI DUETTARE CON L\u2019EX GENERALE NOSTALGICO DEL MANGANELLO E DELL\u2019OLIO DI RICINO &#8211; NON SOLO: E&#8217; L\u2019EX DIRETTORE DEL \u201cCORRIERE\u201d IL PRIMO CHE SPARA LA NOTIZIA:<span> \u201cPURTROPPO A CERNOBBIO CI SAR\u00c0 VANNACCI&#8221;<\/span> (IL CAUTO DIRETTORE FONTANA \u00c8 STATO BEN ATTENTO A NON PUBBLICARLA SUBITO SUL CARTACEO)&#8230;<\/p>\n<\/div>\n<p><\/a><\/article>\n<article><a href=\"https:\/\/www.dagospia.com\/media-tv\/dagoreport-riunione-interlocutoria-qualche-piccola-apertura-caso-report-485651\"><\/p>\n<div class=\"img-wrapper\"><img decoding=\"async\" src=\"https:\/\/static.dagospia.com\/img\/patch\/09-2026\/rai-via-teulada-paolo-corsini-giulia-innocenzi-presutti-daniele-piervincenzi-dan-2301944_600_q50.webp\" alt=\"rai via teulada paolo corsini giulia innocenzi presutti daniele piervincenzi danilo procaccianti report sigfrido ranucci \" loading=\"lazy\"><time class=\"data-ora\">2 set 20:05<\/time><\/div>\n<div class=\"excerpt\">\n<p>DAGOREPORT \u2013 <span>RIUNIONE INTERLOCUTORIA MA CON QUALCHE PICCOLA APERTURA <\/span>TRA IL DIRETTORE DELL&#8217;APPROFONDIMENTO RAI, PAOLO CORSINI, E I MEMBRI DELLA SQUADRA DI \u201cREPORT\u201d: I GIORNALISTI <span>HANNO RIBADITO IL \u201cNO\u201d ALLA CONDUZIONE DI GIULIA PRESUTTI E DANIELE<\/span><span>PIERVINCENZI, MA SU QUEST\u2019ULTIMO LA POSIZIONE SAREBBE PI\u00d9 MORBIDA: <\/span>POTREBBE AVERE UN VIA LIBERA MAGARI COME CONDUTTORE DEL \u201cREPORT LAB\u201d, CON LA CONDUZIONE VERA E PROPRIA DA AFFIDARE A DUE \u201cSTORICI\u201d (CHE DIVENTEREBBERO TRE NEL CASO DI UN REINTEGRO DI RANUCCI DA PARTE DEL TRIBUNALE).\u00a0 SULLA PRESUTTI IL MURO RESTA GRANITICO \u2013 <span>PALAZZO CHIGI, INVECE, SAREBBE IRREMOVIBILE SUI DUE NOMI<\/span> \u2013 EPISODIO PITTORESCO NEL MEZZO DELLA RIUNIONE: UN GIORNALISTA DI UNA PRESTIGIOSA TESTATA DELLA RAI SAREBBE STATO <span>BECCATO A ORIGLIARE DA UN BAGNO VICINO ALLA SALA\u2026<\/span><\/p>\n<\/div>\n<p><\/a><\/article>\n<article><a href=\"https:\/\/www.dagospia.com\/politica\/dagoreport-grazie-trump-mondo-verso-de-americanizzazione-oggi-si-485332\"><\/p>\n<div class=\"img-wrapper\"><img decoding=\"async\" src=\"https:\/\/static.dagospia.com\/img\/patch\/09-2026\/trump-modi-xi-jinping-putin-2301524_600_q50.webp\" alt=\"trump modi xi jinping putin\" loading=\"lazy\"><time class=\"data-ora\">1 set 19:59<\/time><\/div>\n<div class=\"excerpt\">\n<p>DAGOREPORT \u2013<span> GRAZIE A TRUMP, IL DOLLARO RISCHIA DI DIVENTARE CARTA STRACCIA \u2013<\/span>\u00a0IL PIATTO FORTE AL SUMMIT IN KIRGHIZISTAN DI XI JINPING, VLADIMIR PUTIN E NARENDRA MODI, HA FATTO STRA-INCAZZARE IL CALIGOLA DELLA CASA BIANCA: SUL TAVOLO,\u00a0<span>IL PROGETTO DEI &#8221;BRICS&#8221; (BRASILE, RUSSIA, INDIA, CINA, SUDAFRICA) DI DAR VITA A UNA \u201cMONETA UNICA&#8221;, PER FAR FUORI IL DOLLARO NEGLI SCAMBI INTERNAZIONALI<\/span>\u00a0&#8211; CON UN DEBITO PUBBLICO MONSTRE DI 40MILA MILIARDI, LA DE-DOLLARIZZAZIONE SAREBBE LA FINE DELL&#8217;IMPERO AMERICANO: IL VERDONE&#8221; VIENE UTILIZZATO IN OLTRE L&#8217;80% DELLE TRANSAZIONI COMMERCIALI E IN PI\u00d9 DELLA MET\u00c0 DEI PAGAMENTI INTERNAZIONALI DELLE MATERIE PRIME, COME IL PETROLIO\u00a0&#8211; <span>LA DECISIONE E&#8217; NELLE MANI DELLA CINA: RINUNCERA&#8217; ALLO MONETA NAZIONALE, LO YUAN, PER DIVENTARE LA LOCOMOTIVA DEI &#8221;BRICS&#8221;?<\/span>\u00a0&#8211;\u00a0SUL MAGGIORE IMPEGNO A FAVORE DELL\u2019IRAN, PESANO I DUBBI\u00a0DI MODI (GLI USA SONO IL PRIMO PARTNER COMMERCIALE DELL\u2019INDIA)\u00a0&#8211; PROSSIMO ROUND: IL VERTICE DI XI JIN PING DEL 24 SETTEMBRE CON IL &#8220;DERAGLIATO MENTALE&#8221; DELLA CASA BIANCA&#8230;<\/p>\n<\/div>\n<p><\/a><\/article>\n<article><a href=\"https:\/\/www.dagospia.com\/politica\/elly-ascolta-gli-amici-i-big-pd-scesi-in-campo-cosi-pesantemente-per-485354\"><\/p>\n<div class=\"img-wrapper\"><img decoding=\"async\" src=\"https:\/\/static.dagospia.com\/img\/patch\/08-2026\/giuseppe-conte-elly-schlein-franceschini-bonaccini-nardella-2301098_600_q50.webp\" alt=\"giuseppe conte elly schlein franceschini bonaccini nardella\" loading=\"lazy\"><time class=\"data-ora\">31 ago 20:17<\/time><\/div>\n<div class=\"excerpt\">\n<p>DAGOREPORT &#8211; <span>ELLY, ASCOLTA GLI AMICI!<\/span> I CAPOCCIONI E LE MEZZECALZE DEL PD, CHE SONO SCESI COS\u00cc PESANTEMENTE IN CAMPO PER SCONGIURARE LA JATTURA DELLE PRIMARIE, NON CE L&#8217;HANNO CON TE, LO FANNO SOLO PER IL TUO BENE &#8211; CERTO, TEMONO (A RAGIONE) ANCHE PER LA LORO SOPRAVVIVENZA PARLAMENTARE: <span>SE ELLY, COME PROBABILE, PERDESSE AI GAZEBO IL DUELLO CON CONTE, TRASCINEREBBE IL PARTITO NEL BARATRO <\/span>&#8211; \u00c8 PER QUESTO CHE DA QUALCHE SETTIMANA SONO PARTITI GLI AVVERTIMENTI VIA STAMPA, ANCHE DI ESPONENTI PD NON OSTILI ALLA SCHLEIN COME DARIO NARDELLA, DI FARE UN PASSO INDIETRO \u2013 <span>LA TRAGEDIA \u00c8 CHE L\u2019AMBIZIOSA DUCETTA DEL NAZARENO, NONOSTANTE I SONDAGGI HORROR, SI VEDE GI\u00c0 A PALAZZO CHIGI, VALUTANDOLI COME ATTACCHI ALLA SUA LEADERSHIP<\/span>: \u201cLE INTERVISTE SULLE PRIMARIE? SONO SOLO ESERCIZI INTELLETTUALI, ALLA FESTA DELL\u2019UNITA\u2019 PARLO IO\u201d &#8211; SE ELLY CONTINUA COS\u00cc, RISCHIA CHE LA SUA PROSSIMA OCCUPAZIONE SARA&#8217; DI BALLARE SUI CARRI DEL GAY PRIDE&#8230;<\/p>\n<\/div>\n<p><\/a><\/article>\n<article><a href=\"https:\/\/www.dagospia.com\/media-tv\/acrobazie-spaccanti-il-55enne-raoul-bova-beatrice-arnera-beccati-chi-485632\"><\/p>\n<div class=\"img-wrapper\"><img decoding=\"async\" src=\"https:\/\/static.dagospia.com\/img\/patch\/09-2026\/raoul-bova-beatrice-arnera-chi-2301906_600_q50.webp\" alt=\"raoul bova beatrice arnera chi\" loading=\"lazy\"><\/div>\n<div class=\"excerpt\">ACROBAZIE \u201cSPACCANTI\u201d \u2013 IL 55ENNE RAOUL BOVA E BEATRICE ARNERA SONO STATI BECCATI DA \u201cCHI\u201d A\u2026<\/div>\n<p><\/a><\/article>\n<article><a href=\"https:\/\/www.dagospia.com\/sport\/pennellone-frou-frou-mole-juve-acquistato-l-attaccante-nick-woltemade-485601\"><\/p>\n<div class=\"img-wrapper\"><img decoding=\"async\" src=\"https:\/\/static.dagospia.com\/img\/patch\/09-2026\/nick-woltemade-2301780_600_q50.webp\" alt loading=\"lazy\"><\/div>\n<div class=\"excerpt\">UN PENNELLONE &#8220;FROU FROU&#8221; SOTTO LA MOLE? \u2013 LA JUVE HA ACQUISTATO IN PRESTITO DAL NEWCASTLE\u2026<\/div>\n<p><\/a><\/article>\n<article><a href=\"https:\/\/www.dagospia.com\/cronache\/42enne-bengalese-abusato-13enne-torino-e-porcellone-prima-categoria-485694\"><\/p>\n<div class=\"img-wrapper\"><img decoding=\"async\" src=\"https:\/\/static.dagospia.com\/img\/patch\/03-2019\/palpeggiamento-1138602_600_q50.webp\" alt=\"palpeggiamento\" loading=\"lazy\"><\/div>\n<div class=\"excerpt\">IL 42ENNE BENGALESE CHE HA ABUSATO UNA 13ENNE DI TORINO \u00c8 UN PORCELLONE DI PRIMA CATEGORIA! &#8211; POCO\u2026<\/div>\n<p><\/a><\/article>\n<article><a href=\"https:\/\/www.dagospia.com\/media-tv\/pillole-gossip-wanda-nara-i-festini-violenti-dell-ex-belen-485709\"><\/p>\n<div class=\"img-wrapper\"><img decoding=\"async\" src=\"https:\/\/static.dagospia.com\/img\/patch\/09-2026\/pillole-avanti-gossip-2302145_600_q50.webp\" alt=\"pillole avanti gossip\" loading=\"lazy\"><\/div>\n<div class=\"excerpt\">PILLOLE DI GOSSIP! WANDA NARA E I FESTINI VIOLENTI DELL\u2019EX MAXI LOPEZ IN RUSSIA: \u201cCHE PECCATO\u2026<\/div>\n<p><\/a><\/article>\n<article><a href=\"https:\/\/www.dagospia.com\/sport\/vroom-si-sbanda-in-curva-la-riconoscete-sognava-condurre-tg-e-finita-in-485816\"><\/p>\n<div class=\"img-wrapper\"><img decoding=\"async\" src=\"https:\/\/static.dagospia.com\/img\/patch\/09-2026\/mara-sangiorgio-2302494_600_q50.webp\" alt=\"mara sangiorgio\" loading=\"lazy\"><\/div>\n<div class=\"excerpt\">VROOM, SI SBANDA IN CURVA: LA RICONOSCETE? SOGNAVA DI CONDURRE IL TG, E\u2019 FINITA IN MEZZO ALLE\u2026<\/div>\n<p><\/a><\/article>\n<article><a href=\"https:\/\/www.dagospia.com\/politica\/flash-e-non-e-lui-ministro-per-pubblica-amministrazione-paolo-zangrillo-485844\"><\/p>\n<div class=\"img-wrapper\"><img decoding=\"async\" src=\"https:\/\/static.dagospia.com\/img\/patch\/09-2026\/paolo-zangrillo-in-un-volo-di-linea-ita-airways-da-lamezia-a-milano-3-2302703_600_q50.webp\" alt=\"paolo zangrillo in un volo di linea ita airways da lamezia a milano - 3\" loading=\"lazy\"><\/div>\n<div class=\"excerpt\">FLASH \u2013 \u00c8 LUI O NON \u00c8 LUI? MA CERTO CHE \u00c8 LUI! IL MINISTRO PER LA PUBBLICA AMMINISTRAZIONE (IN\u2026<\/div>\n<p><\/a><\/article>\n<article><a href=\"https:\/\/www.dagospia.com\/politica\/dagoreport-giorgia-meloni-e-in-modalita-cattivissima-me-fronte-guai-485762\"><\/p>\n<div class=\"img-wrapper\"><img decoding=\"async\" src=\"https:\/\/static.dagospia.com\/img\/patch\/09-2026\/giorgia-meloni-sigfrido-ranucci-giampaolo-rossi-giovambattista-fazzolari-patrizi-2302272_600_q50.webp\" alt=\"giorgia meloni sigfrido ranucci giampaolo rossi giovambattista fazzolari patrizia scurti antonio tajani matteo salvini \" loading=\"lazy\"><\/div>\n<div class=\"excerpt\">DAGOREPORT \u2013 GIORGIA MELONI \u00c8 IN MODALIT\u00c0 \u201cCATTIVISSIMA ME\u201d: DOPO QUATTRO ANNI DI LUNA DI MIELE,\u2026<\/div>\n<p><\/a><\/article>\n<article><a href=\"https:\/\/www.dagospia.com\/politica\/dagoreport-roberto-vannacci-marcia-cernobbio-gli-imprenditori-italiani-485729\"><\/p>\n<div class=\"img-wrapper\"><img decoding=\"async\" src=\"https:\/\/static.dagospia.com\/img\/patch\/09-2026\/crosetto-calenda-vannacci-monti-de-bortoli-forum-ambrosetti-cernobbio-2302201_600_q50.webp\" alt=\"crosetto calenda vannacci monti de bortoli forum ambrosetti cernobbio\" loading=\"lazy\"><\/div>\n<div class=\"excerpt\">DAGOREPORT &#8211; MENTRE LA PROCURA MILITARE DI ROMA AVVIA UN\u2019INDAGINE SUGLI UFFICIALI CHE HANNO ADERITO\u2026<\/div>\n<p><\/a><\/article>\n<article><a href=\"https:\/\/www.dagospia.com\/media-tv\/dagoreport-riunione-interlocutoria-qualche-piccola-apertura-caso-report-485651\"><\/p>\n<div class=\"img-wrapper\"><img decoding=\"async\" src=\"https:\/\/static.dagospia.com\/img\/patch\/09-2026\/rai-via-teulada-paolo-corsini-giulia-innocenzi-presutti-daniele-piervincenzi-dan-2301944_600_q50.webp\" alt=\"rai via teulada paolo corsini giulia innocenzi presutti daniele piervincenzi danilo procaccianti report sigfrido ranucci \" loading=\"lazy\"><\/div>\n<div class=\"excerpt\">DAGOREPORT \u2013 RIUNIONE INTERLOCUTORIA MA CON QUALCHE PICCOLA APERTURA TRA IL DIRETTORE\u2026<\/div>\n<p><\/a><\/article>\n<article><a href=\"https:\/\/www.dagospia.com\/politica\/dagoreport-grazie-trump-mondo-verso-de-americanizzazione-oggi-si-485332\"><\/p>\n<div class=\"img-wrapper\"><img decoding=\"async\" src=\"https:\/\/static.dagospia.com\/img\/patch\/09-2026\/trump-modi-xi-jinping-putin-2301524_600_q50.webp\" alt=\"trump modi xi jinping putin\" loading=\"lazy\"><\/div>\n<div class=\"excerpt\">DAGOREPORT \u2013 GRAZIE A TRUMP, IL DOLLARO RISCHIA DI DIVENTARE CARTA STRACCIA \u2013\u00a0IL PIATTO FORTE AL\u2026<\/div>\n<p><\/a><\/article>\n<article><a href=\"https:\/\/www.dagospia.com\/politica\/elly-ascolta-gli-amici-i-big-pd-scesi-in-campo-cosi-pesantemente-per-485354\"><\/p>\n<div class=\"img-wrapper\"><img decoding=\"async\" src=\"https:\/\/static.dagospia.com\/img\/patch\/08-2026\/giuseppe-conte-elly-schlein-franceschini-bonaccini-nardella-2301098_600_q50.webp\" alt=\"giuseppe conte elly schlein franceschini bonaccini nardella\" loading=\"lazy\"><\/div>\n<div class=\"excerpt\">DAGOREPORT &#8211; ELLY, ASCOLTA GLI AMICI! I CAPOCCIONI E LE MEZZECALZE DEL PD, CHE SONO SCESI COS\u00cc\u2026<\/div>\n<p><\/a><\/article>\n<article><a href=\"https:\/\/www.dagospia.com\/politica\/l-ingaggio-fedorov-fa-incazzare-zelensky-mette-in-allarme-agenzie-485343\"><\/p>\n<div class=\"img-wrapper\"><img decoding=\"async\" src=\"https:\/\/static.dagospia.com\/img\/patch\/08-2026\/fedorov-musk-thiel-zelensky-crosetto-2301168_600_q50.webp\" alt=\"fedorov musk thiel zelensky crosetto\" loading=\"lazy\"><\/div>\n<div class=\"excerpt\">DAGOREPORT &#8211; A QUALCUNO NON PIACE &#8216;STO FEDOROV &#8211;\u00a0PIU&#8217; CHE A INDIGNARE I NEURONI ALLA VODKA DI\u2026<\/div>\n<p><\/a><\/article>\n<article><a href=\"https:\/\/www.dagospia.com\/politica\/flash-c-e-grande-perplessita-i-draghi-boys-per-presenza-andrea-485336\"><\/p>\n<div class=\"img-wrapper\"><img decoding=\"async\" src=\"https:\/\/static.dagospia.com\/img\/patch\/08-2026\/xavier-niel-draghi-pignataro-2301175_600_q50.webp\" alt=\"xavier niel draghi pignataro\" loading=\"lazy\"><\/div>\n<div class=\"excerpt\">FLASH! \u2013 I \u201cDRAGHI BOYS\u201d DEL POTERE ECONOMICO ITALIANO AVREBBERO ESPRESSO QUALCHE PERPLESSITA&#8217;\u2026<\/div>\n<p><\/a><\/article>\n<article><a href=\"https:\/\/www.dagospia.com\/politica\/quale-episodio-giulia-presutti-era-habitue-cefalu-bistro-dove-piu-e-485248\"><\/p>\n<div class=\"img-wrapper\"><img decoding=\"async\" src=\"https:\/\/static.dagospia.com\/img\/patch\/08-2026\/ranucci-presutti-cianfoni-floridia-2300757_600_q50.webp\" alt=\"ranucci presutti cianfoni floridia\" loading=\"lazy\"><\/div>\n<div class=\"excerpt\">DAGOREPORT &#8211;\u00a0MA QUALE &#8220;EPISODIO&#8221;! GIULIA PRESUTTI ERA UN HABITU\u00c8 DEL \u201cCEFAL\u00d9 BISTR\u00d2\u201d DOVE PI\u00d9 VOLTE\u2026<\/div>\n<p><\/a><\/article>\n<article><a href=\"https:\/\/www.dagospia.com\/politica\/risiko-s-ingrossa-l-apertura-assicurazioni-generali-valutare-l-offerta-484996\"><\/p>\n<div class=\"img-wrapper\"><img decoding=\"async\" src=\"https:\/\/static.dagospia.com\/img\/patch\/08-2026\/generali-philippe-donnet-luigi-lovaglio-carlo-messina-2292458_600_q50.webp\" alt=\"generali philippe donnet luigi lovaglio carlo messina \" loading=\"lazy\"><\/div>\n<div class=\"excerpt\">DAGOREPORT &#8211; IL RISIKO S&#8217;INGROSSA! L\u2019APERTURA DI ASSICURAZIONI GENERALI A VALUTARE L&#8217;OFFERTA\u201d DI\u2026<\/div>\n<p><\/a><\/article>\n<article><a href=\"https:\/\/www.dagospia.com\/cafonal\/cafonalino-roma-proiezione-documentario-marco-bellocchio-marco-travaglio-485081\"><\/p>\n<div class=\"img-wrapper\"><img decoding=\"async\" src=\"https:\/\/static.dagospia.com\/img\/patch\/08-2026\/2026bellocchio-anteprima-film-di-marco-bellocchio-2300339_600_q50.webp\" alt=\"2026bellocchio anteprima film di marco bellocchio\" loading=\"lazy\"><\/div>\n<div class=\"excerpt\">CAFONALINO! AL CINEMA QUATTRO FONTANE DI ROMA LA PROIEZIONE SPECIALE DEL DOCUMENTARIO \u201cMARCO\u2026<\/div>\n<p><\/a><\/article>\n<article><a href=\"https:\/\/www.dagospia.com\/cafonal\/cafonal-show-ranucci-cerveteri-freni-ho-fatto-scoop-nazionali-484807\"><\/p>\n<div class=\"img-wrapper\"><img decoding=\"async\" src=\"https:\/\/static.dagospia.com\/img\/patch\/08-2026\/2026ranucci-sigfrido-ranucci-2299409_600_q50.webp\" alt=\"2026ranucci sigfrido ranucci\" loading=\"lazy\"><\/div>\n<div class=\"excerpt\">SIGFRIDO, IL MASANIELLO DE NOANTRI \u2013 RANUCCI HA PERSO OGNI FRENO E, ALLA PRESENTAZIONE DEL SUO\u2026<\/div>\n<p><\/a><\/article>\n<article><a href=\"https:\/\/www.dagospia.com\/cafonal\/funeralino-l-ultimo-saluto-mitico-produttore-cinematografico-fulvio-484127\"><\/p>\n<div class=\"img-wrapper\"><img decoding=\"async\" src=\"https:\/\/static.dagospia.com\/img\/patch\/08-2026\/2026lucisano-2297424_600_q50.webp\" alt=\"2026lucisano\" loading=\"lazy\"><\/div>\n<div class=\"excerpt\">FUNERALINO \u2013 NELLA CALLARA ROMANA D\u2019AGOSTO, L\u2019ULTIMO SALUTO AL MITICO PRODUTTORE CINEMATOGRAFICO\u2026<\/div>\n<p><\/a><\/article>\n<article><a href=\"https:\/\/www.dagospia.com\/cafonal\/cafonalino-pizza-riformista-matteo-renzi-raduna-i-suoi-prima-delle-480816\"><\/p>\n<div class=\"img-wrapper\"><img decoding=\"async\" src=\"https:\/\/static.dagospia.com\/img\/patch\/07-2026\/2026kraken-matteo-renzi-2286047_600_q50.webp\" alt=\"2026kraken matteo renzi \" loading=\"lazy\"><\/div>\n<div class=\"excerpt\">CAFONALINO DELLA PIZZA RIFORMISTA \u2013 RENZI RADUNA I SUOI PRIMA DELLE VACANZE ESTIVE AL SATYRUS DI\u2026<\/div>\n<p><\/a><\/article>\n<article><a href=\"https:\/\/www.dagospia.com\/cafonal\/cafonalino-moreno-party-roma-manuela-moreno-festeggia-i-60-anni-480777\"><\/p>\n<div class=\"img-wrapper\"><img decoding=\"async\" src=\"https:\/\/static.dagospia.com\/img\/patch\/07-2026\/manuela-moreno-festa-60-anni-2285871_600_q50.webp\" alt=\"manuela moreno festa 60 anni \" loading=\"lazy\"><\/div>\n<div class=\"excerpt\">CAFONALINO! NO MORENO, NO PARTY \u2013 A ROMA, AL LOVE BAR DI PONTE MILVIO, MANUELA MORENO, CONDUTTRICE\u2026<\/div>\n<p><\/a><\/article>\n<article><a href=\"https:\/\/www.dagospia.com\/cafonal\/cafonalino-firenze-tevere-direttori-redattori-forchettoni-scrocconi-480745\"><\/p>\n<div class=\"img-wrapper\"><img decoding=\"async\" src=\"https:\/\/static.dagospia.com\/img\/patch\/07-2026\/2026agno-marco-agnoletti-2285763_600_q50.webp\" alt=\"2026agno marco agnoletti \" loading=\"lazy\"><\/div>\n<div class=\"excerpt\">CAFONALINO DEGLI AGNOLETTI IN BRODO &#8211; DIRETTORI, REDATTORI, FORCHETTONI E SCROCCONI SFIDANO\u2026<\/div>\n<p><\/a><\/article>\n<p>[analyse_source url=&#8221;https:\/\/www.dagospia.com\/cronache\/e-morta-92-anni-gloria-steinem-storica-leader-femminista-americana-porto-485794&#8243;]<\/p>\n","protected":false},"excerpt":{"rendered":"<p>[analyse_image type=&#8221;featured&#8221; src=&#8221;https:\/\/static.dagospia.com\/img\/patch\/09-2026\/gloria-steinem-2302391_600_q50.webp&#8221;] 4 set 2026 09:30 GLORIA NELL\u2019ALTO DEI CIELI \u2013 \u00c8 MORTA A 92 ANNI GLORIA STEINEM, STORICA LEADER FEMMINISTA AMERICANA CHE PORT\u00d2 AL CENTRO DEL DIBATTITO TEMI COME ABORTO, CONTRACCEZIONE, VIOLENZA DOMESTICA, DISCRIMINAZIONI E DISPARIT\u00c0 SALARIALI \u2013 LA GIORNALISTA DIVENNE FAMOSA NEL 1963 CON UN\u2019INCHIESTA SOTTO COPERTURA SULLE \u201cCONIGLIETTE\u201d DEI PLAYBOY CLUB [&hellip;]<\/p>\n","protected":false},"author":1,"featured_media":0,"comment_status":"open","ping_status":"","sticky":false,"template":"","format":"standard","meta":{"footnotes":""},"categories":[87],"tags":[226,149],"class_list":["post-2127878","post","type-post","status-publish","format-standard","hentry","category-italy","tag-crawlmanager","tag-dagospia-com"],"_links":{"self":[{"href":"https:\/\/analyse.optim.biz\/index.php?rest_route=\/wp\/v2\/posts\/2127878","targetHints":{"allow":["GET"]}}],"collection":[{"href":"https:\/\/analyse.optim.biz\/index.php?rest_route=\/wp\/v2\/posts"}],"about":[{"href":"https:\/\/analyse.optim.biz\/index.php?rest_route=\/wp\/v2\/types\/post"}],"author":[{"embeddable":true,"href":"https:\/\/analyse.optim.biz\/index.php?rest_route=\/wp\/v2\/users\/1"}],"replies":[{"embeddable":true,"href":"https:\/\/analyse.optim.biz\/index.php?rest_route=%2Fwp%2Fv2%2Fcomments&post=2127878"}],"version-history":[{"count":0,"href":"https:\/\/analyse.optim.biz\/index.php?rest_route=\/wp\/v2\/posts\/2127878\/revisions"}],"wp:attachment":[{"href":"https:\/\/analyse.optim.biz\/index.php?rest_route=%2Fwp%2Fv2%2Fmedia&parent=2127878"}],"wp:term":[{"taxonomy":"category","embeddable":true,"href":"https:\/\/analyse.optim.biz\/index.php?rest_route=%2Fwp%2Fv2%2Fcategories&post=2127878"},{"taxonomy":"post_tag","embeddable":true,"href":"https:\/\/analyse.optim.biz\/index.php?rest_route=%2Fwp%2Fv2%2Ftags&post=2127878"}],"curies":[{"name":"wp","href":"https:\/\/api.w.org\/{rel}","templated":true}]}}