{"id":212786,"date":"2014-02-11T17:34:43","date_gmt":"2014-02-11T14:34:43","guid":{"rendered":"https:\/\/analyse.optim.biz\/?p=212786"},"modified":"2014-02-11T17:34:43","modified_gmt":"2014-02-11T14:34:43","slug":"negocierile-din-usl-victor-ponta-nu-avem-o-decizie-pnl-nu-a-fost-de-acord-cu-formula-pe-care-am-propus-o","status":"publish","type":"post","link":"https:\/\/analyse.optim.biz\/?p=212786","title":{"rendered":"Negocierile din USL. Victor Ponta: Nu avem o decizie. PNL nu a fost de acord cu formula pe care am propus-o"},"content":{"rendered":"<div class=\"entry data-app-meta data-app-meta-article\" data-embed-base-url-canonical=\"https:\/\/www.digi24.ro\/embed\/stiri\/actualitate\/politica\/negocierile-din-usl-victor-ponta-nu-avem-o-decizie-pnl-nu-a-fost-de-acord-cu-formula-pe-care-am-propus-o-198780\">\n<p data-index=\"1\"><img decoding=\"async\" src=\"https:\/\/analyse.optim.biz\/wp-content\/uploads\/2024\/09\/zyz3ptgwmczoyxnopte1mgq1njblmjy3odc5mzi1yjlmmzk4mde2mjezmty1-thumb_.jpg\" data-skip-htmlfix=\"1\" title=\"zyz3ptgwmczoyxnopte1mgq1njblmjy3odc5mzi1yjlmmzk4mde2mjezmty1-thumb_\"><\/p>\n<p data-index=\"2\"><strong>Actualizare 18.05.<\/strong> Surse din USL spun c\u0103 Daniel Constantin, pre\u0219edintele PC, ar fi una dintre propunerile de vicepremier ale lui Victor Ponta.<\/p>\n<p data-index=\"3\">_______________________<\/p>\n<p data-index=\"4\">Victor Ponta a spus c\u0103 propunerea sa a fost ca fiecare forma\u021biune din coali\u021bia de guvernare s\u0103 aib\u0103 un vicepremier, \u201epentru a \u00eendep\u0103rta lucrurile care nu au func\u021bionat bine \u00een formula actual\u0103\u201d. Premierul se referea la \u201eacea situa\u021bie nepl\u0103cut\u0103 c\u00e2nd un partid aflat la guvernare nu e de acord cu deciziile Guvernului\u201d.<\/p>\n<p data-index=\"5\">\u201e<span>Nu a existat un consens \u00een USL pe aceast\u0103 propunere, urmeaz\u0103 s\u0103 mai <\/span>discut\u0103m, ca premier voi face ce \u00eemi st\u0103 \u00een putin\u021b\u0103 ca acest consens s\u0103 fie g\u0103sit, ca Guvernul s\u0103 mearg\u0103 \u00een Parlament pentru un vot din partea USL de sus\u021binere, asta \u00eenseamn\u0103 ca parlamentarii PNL, PC, PSD, UNPR \u0219i alia\u021bii de la grupul minorit\u0103\u021bilor s\u0103 func\u021bioneze f\u0103r\u0103 sincop\u0103 \u00een anul 2014, un an complicat de alegerile europarlamentare \u0219i preziden\u021biale\u201d, a spus Victor Ponta.<\/p>\n<p data-index=\"6\">\u201e<span>Colegii liberali nu au fost de acord cu aceast\u0103 formul\u0103 de restructurare\u201d, a spus Victor Ponta.<\/span><\/p>\n<p data-index=\"7\">Premierul a spus c\u0103 discu\u021biile \u00een USL vor continua, pentru a se ajunge la un consens asupra noii formule a cabinetului.<\/p>\n<p data-index=\"8\">El a ad\u0103ugat c\u0103 \u201enu s-a pus problema\u201d s\u0103 fie luat un portofoliu de la PNL sau ca un portofoliu s\u0103 fie dat altcuiva.<\/p>\n<p data-index=\"9\">Mai mult, Victor Ponta a spus c\u0103 nu are nicio problem\u0103 cu<a href=\"https:\/\/www.digi24.ro\/Stiri\/Digi24\/Actualitate\/Politica\/Klaus+Iohannis+Nu+s-a+discutat+sa+iau+locul+cuiva+dar+PNL+a+hota\" target=\"_blank\" data-skip-linkfix=\"1\" rel=\"noopener\"> numirea lui Klaus Iohannis<\/a> ca ministru \u0219i vicepremier \u0219i c\u0103 a avut \u201eo discu\u021bie foarte bun\u0103\u201d cu acesta.<\/p>\n<p data-index=\"10\">Victor Ponta a justificat absen\u021ba lui Crin Antonescu de la conferin\u021ba de pres\u0103 prin faptul c\u0103 negocierile au privit restructurarea Guvernului \u0219i c\u0103 era datoria sa, ca prim-ministru, s\u0103 anun\u021be rezultatul discu\u021biilor. Totu\u0219i, declara\u021bia a fost f\u0103cut\u0103 la sediul USL, unde, de obicei, cei doi lideri ai uniunii fac declara\u021bii de pres\u0103 \u00eempreun\u0103, \u0219i nu la sediul Guvernului.<\/p>\n<p data-index=\"11\">De altfel, discu\u021biile de ast\u0103zi au avut loc pe fondul unor ironii \u0219i \u00een\u021bep\u0103turi aruncate de liderii USL unii altora, chiar dac\u0103, \u00een cursul zilei, Crin Antonescu se declara \u201eoptimist\u201d \u00een leg\u0103tur\u0103 cu rezultatul discu\u021biilor.<\/p>\n<\/div>\n<p> Source URL: https:\/\/www.digi24.ro\/stiri\/actualitate\/politica\/negocierile-din-usl-victor-ponta-nu-avem-o-decizie-pnl-nu-a-fost-de-acord-cu-formula-pe-care-am-propus-o-198780<\/p>\n","protected":false},"excerpt":{"rendered":"<p>Actualizare 18.05. Surse din USL spun c\u0103 Daniel Constantin, pre\u0219edintele PC, ar fi una dintre propunerile de vicepremier ale lui Victor Ponta. _______________________ Victor Ponta a spus c\u0103 propunerea sa a fost ca fiecare forma\u021biune din coali\u021bia de guvernare s\u0103 aib\u0103 un vicepremier, \u201epentru a \u00eendep\u0103rta lucrurile care nu au func\u021bionat bine \u00een formula actual\u0103\u201d. [&hellip;]<\/p>\n","protected":false},"author":1,"featured_media":212787,"comment_status":"open","ping_status":"","sticky":false,"template":"","format":"standard","meta":{"footnotes":""},"categories":[2],"tags":[11],"class_list":["post-212786","post","type-post","status-publish","format-standard","has-post-thumbnail","hentry","category-politics","tag-digi24"],"_links":{"self":[{"href":"https:\/\/analyse.optim.biz\/index.php?rest_route=\/wp\/v2\/posts\/212786","targetHints":{"allow":["GET"]}}],"collection":[{"href":"https:\/\/analyse.optim.biz\/index.php?rest_route=\/wp\/v2\/posts"}],"about":[{"href":"https:\/\/analyse.optim.biz\/index.php?rest_route=\/wp\/v2\/types\/post"}],"author":[{"embeddable":true,"href":"https:\/\/analyse.optim.biz\/index.php?rest_route=\/wp\/v2\/users\/1"}],"replies":[{"embeddable":true,"href":"https:\/\/analyse.optim.biz\/index.php?rest_route=%2Fwp%2Fv2%2Fcomments&post=212786"}],"version-history":[{"count":0,"href":"https:\/\/analyse.optim.biz\/index.php?rest_route=\/wp\/v2\/posts\/212786\/revisions"}],"wp:featuredmedia":[{"embeddable":true,"href":"https:\/\/analyse.optim.biz\/index.php?rest_route=\/wp\/v2\/media\/212787"}],"wp:attachment":[{"href":"https:\/\/analyse.optim.biz\/index.php?rest_route=%2Fwp%2Fv2%2Fmedia&parent=212786"}],"wp:term":[{"taxonomy":"category","embeddable":true,"href":"https:\/\/analyse.optim.biz\/index.php?rest_route=%2Fwp%2Fv2%2Fcategories&post=212786"},{"taxonomy":"post_tag","embeddable":true,"href":"https:\/\/analyse.optim.biz\/index.php?rest_route=%2Fwp%2Fv2%2Ftags&post=212786"}],"curies":[{"name":"wp","href":"https:\/\/api.w.org\/{rel}","templated":true}]}}