{"id":2127847,"date":"2026-09-03T11:43:52","date_gmt":"2026-09-03T08:43:52","guid":{"rendered":"https:\/\/analyse.optim.biz\/?p=2127847"},"modified":"2026-09-03T11:43:52","modified_gmt":"2026-09-03T08:43:52","slug":"urmatorul-salt-ce-trebuie-sa-faca-tineretul","status":"publish","type":"post","link":"https:\/\/analyse.optim.biz\/?p=2127847","title":{"rendered":"Urm\u0103torul Salt \u2013 Ce trebuie s\u0103 fac\u0103 tineretul"},"content":{"rendered":"<p>[analyse_image type=&#8221;featured&#8221; src=&#8221;https:\/\/www.incorectpolitic.com\/wp-content\/uploads\/2026\/09\/ultimul-salt.png&#8221;]<\/p>\n<div class=\"entry\">\n<p>Prof. Octavian Dimarescu<br \/><strong>Incorect Politic<\/strong><br \/>\nSeptembrie 3, 2026<\/p>\n<p><img loading=\"lazy\" decoding=\"async\" class=\"sizing-normal aligncenter\" src=\"https:\/\/substackcdn.com\/image\/fetch\/%24s_!mzi9!,w_1456,c_limit,f_auto,q_auto:good,fl_progressive:steep\/https%3A%2F%2Fsubstack-post-media.s3.amazonaws.com%2Fpublic%2Fimages%2Fe1174c54-cfc1-4af4-be66-1ce7d16b2ff0_1920x1080.png\" alt width=\"1456\" height=\"819\" data-attrs=\"{&quot;src&quot;:&quot;https:\/\/substack-post-media.s3.amazonaws.com\/public\/images\/e1174c54-cfc1-4af4-be66-1ce7d16b2ff0_1920x1080.png&quot;,&quot;srcNoWatermark&quot;:null,&quot;fullscreen&quot;:null,&quot;imageSize&quot;:null,&quot;height&quot;:819,&quot;width&quot;:1456,&quot;resizeWidth&quot;:null,&quot;bytes&quot;:2081208,&quot;alt&quot;:null,&quot;title&quot;:null,&quot;type&quot;:&quot;image\/png&quot;,&quot;href&quot;:null,&quot;belowTheFold&quot;:false,&quot;topImage&quot;:true,&quot;internalRedirect&quot;:&quot;https:\/\/stindardul.substack.com\/i\/213854539?img=https%3A%2F%2Fsubstack-post-media.s3.amazonaws.com%2Fpublic%2Fimages%2Fe1174c54-cfc1-4af4-be66-1ce7d16b2ff0_1920x1080.png&quot;,&quot;isProcessing&quot;:false,&quot;align&quot;:null,&quot;offset&quot;:false}\"><\/p>\n<p>Tr\u0103im zilnic iluzia unei libert\u0103\u021bi prefabricate, o libertate care de fapt ne consum\u0103 lent energiile vitale \u0219i ne transform\u0103 \u00een simpli spectatori ai propriului declin. Genera\u021bia noastr\u0103 a fost dresat\u0103 metodic s\u0103 accepte comoditatea, cinismul \u0219i divertismentul ieftin drept supreme idealuri de via\u021b\u0103, iar sistemul a avut grij\u0103 s\u0103 ne ofere cu precizie chirurgical\u0103 exact supapele de care aveam nevoie pentru a nu ne ridica niciodat\u0103 capul \u0219i a nu pune \u00eentreb\u0103rile cu adev\u0103rat periculoase. Totul este calculat pentru a diviza, pentru a neutraliza poten\u021bialul exploziv al tineretului \u0219i pentru a ne \u021bine bloca\u021bi \u00een ni\u0219te \u021barcuri invizibile.<\/p>\n<p>Dac\u0103 ai s\u00e2nge \u00een instala\u021bie, energie de debordat \u0219i cau\u021bi cu disperare o fraternitate real\u0103 \u00eentr-o lume complet individualist\u0103, e\u0219ti \u00eempins discret, dar sigur, spre peluze. Acolo g\u0103se\u0219ti mirajul fr\u0103\u021biei de arme. Dar adev\u0103rul este c\u0103 loialitatea ta, spiritul t\u0103u de sacrificiu \u0219i capacitatea uluitoare de organizare a brig\u0103zii din care faci parte sunt irosite pentru a ap\u0103ra interesele financiare \u0219i orgoliile unor patroni milionari care, \u00een privat, te dispre\u021buiesc profund. Te ba\u021bi cu poli\u021bia, \u00ee\u021bi ri\u0219ti libertatea \u0219i cazierele, \u00ee\u021bi consumi cei mai buni ani din tinere\u021be pentru o emblem\u0103 comercial\u0103, crez\u00e2nd orbe\u0219te c\u0103 e\u0219ti un rebel anti-sistem. \u00cen realitate, e\u0219ti doar o mas\u0103 de manevr\u0103 captiv\u0103 \u00eentr-un spectacol de weekend, un \u201egladiator\u201d modern care vars\u0103 s\u00e2nge pentru audien\u021ba altora. Adrenalina de s\u00e2mb\u0103t\u0103 seara se disip\u0103 luni diminea\u021ba, l\u0103s\u00e2ndu-te \u00een aceea\u0219i rutin\u0103 sufocant\u0103. \u00ce\u021bi epuizezi instinctul de lupt\u0103tor pe o rivalitate artificial\u0103 \u00eentre cartiere sau ora\u0219e, \u00een loc s\u0103 folose\u0219ti acea for\u021b\u0103 comunitar\u0103 uria\u0219\u0103, acea disciplin\u0103 de grup, pentru a impune respect \u00een propria ta comunitate, pentru a-\u021bi ap\u0103ra genera\u021bia \u0219i pentru a deveni o for\u021b\u0103 politic\u0103 militant\u0103 real\u0103 pe care prim\u0103riile \u0219i guvernele s\u0103 nu o mai poat\u0103 ignora.<\/p>\n<p><source type=\"image\/webp\" sizes=\"100vw\" data-srcset=\"https:\/\/substackcdn.com\/image\/fetch\/$s_!W4MH!,w_424,c_limit,f_webp,q_auto:good,fl_progressive:steep\/https%3A%2F%2Fsubstack-post-media.s3.amazonaws.com%2Fpublic%2Fimages%2Fabde708e-8a61-46ca-8554-c114c13a5a7b_603x310.png 424w, https:\/\/substackcdn.com\/image\/fetch\/$s_!W4MH!,w_848,c_limit,f_webp,q_auto:good,fl_progressive:steep\/https%3A%2F%2Fsubstack-post-media.s3.amazonaws.com%2Fpublic%2Fimages%2Fabde708e-8a61-46ca-8554-c114c13a5a7b_603x310.png 848w, https:\/\/substackcdn.com\/image\/fetch\/$s_!W4MH!,w_1272,c_limit,f_webp,q_auto:good,fl_progressive:steep\/https%3A%2F%2Fsubstack-post-media.s3.amazonaws.com%2Fpublic%2Fimages%2Fabde708e-8a61-46ca-8554-c114c13a5a7b_603x310.png 1272w, https:\/\/substackcdn.com\/image\/fetch\/$s_!W4MH!,w_1456,c_limit,f_webp,q_auto:good,fl_progressive:steep\/https%3A%2F%2Fsubstack-post-media.s3.amazonaws.com%2Fpublic%2Fimages%2Fabde708e-8a61-46ca-8554-c114c13a5a7b_603x310.png 1456w\" \/><img decoding=\"async\" class=\"sizing-normal aligncenter\" src=\"https:\/\/substackcdn.com\/image\/fetch\/%24s_!W4MH!,w_1456,c_limit,f_auto,q_auto:good,fl_progressive:steep\/https%3A%2F%2Fsubstack-post-media.s3.amazonaws.com%2Fpublic%2Fimages%2Fabde708e-8a61-46ca-8554-c114c13a5a7b_603x310.png\" alt width=\"728\" height=\"374.2620232172471\" data-attrs=\"{&quot;src&quot;:&quot;https:\/\/substack-post-media.s3.amazonaws.com\/public\/images\/abde708e-8a61-46ca-8554-c114c13a5a7b_603x310.png&quot;,&quot;srcNoWatermark&quot;:null,&quot;fullscreen&quot;:null,&quot;imageSize&quot;:null,&quot;height&quot;:310,&quot;width&quot;:603,&quot;resizeWidth&quot;:728,&quot;bytes&quot;:231063,&quot;alt&quot;:null,&quot;title&quot;:null,&quot;type&quot;:&quot;image\/png&quot;,&quot;href&quot;:null,&quot;belowTheFold&quot;:false,&quot;topImage&quot;:false,&quot;internalRedirect&quot;:&quot;https:\/\/stindardul.substack.com\/i\/213854539?img=https%3A%2F%2Fsubstack-post-media.s3.amazonaws.com%2Fpublic%2Fimages%2Fe8372798-d8bf-40cb-b11f-07a8e4d016d2_603x331.png&quot;,&quot;isProcessing&quot;:false,&quot;align&quot;:null,&quot;offset&quot;:false}\" data-eio=\"l\"><\/p>\n<p>Dac\u0103, pe de alt\u0103 parte, ai o minte ascu\u021bit\u0103, cite\u0219ti \u0219i vrei mai mult de la via\u021b\u0103 dec\u00e2t consum \u0219i fotbal, e\u0219ti absorbit \u0219i neutralizat de ma\u0219in\u0103ria universitar\u0103. Acolo, spiritul t\u0103u critic este asasinat lent de dogme progresiste, de o corectitudine politic\u0103 boln\u0103vicioas\u0103 \u0219i de un aer sufocant de conformism academic. \u00cen amfiteatre \u00eenve\u021bi foarte repede lec\u021bia supravie\u021buirii moderne, \u0219i anume c\u0103 pentru a ob\u021bine o diplom\u0103 care abia \u00ee\u021bi garanteaz\u0103 un salariu mediocru de corpora\u021bie, trebuie s\u0103 taci, s\u0103 \u00eenghi\u021bi \u0219i s\u0103 nu pui sub nicio form\u0103 la \u00eendoial\u0103 mediocritatea \u0219i incompeten\u021ba sistemului. Astfel, intelectualul t\u00e2n\u0103r, cel care ar fi trebuit s\u0103 fie motorul schimb\u0103rii genera\u021biei sale, devine docil, izolat \u0219i blazat.<\/p>\n<p>Se ascunde \u00een spatele unei ironii ieftine \u0219i folose\u0219te frica paralizant\u0103 de a nu fi considerat patetic drept scuz\u0103 absolut\u0103 pentru propria lui la\u0219itate de a ac\u021biona \u00een lumea real\u0103. E mai comod s\u0103 r\u00e2zi de tot pe internet dec\u00e2t s\u0103 construie\u0219ti ceva cu m\u00e2inile tale. \u00cen felul acesta, sistemul c\u00e2\u0219tig\u0103 definitiv pe ambele fronturi, strada este \u021binut\u0103 ocupat\u0103 cu iluzia fotbalului \u0219i b\u0103t\u0103ile \u00eentre galerii, iar creierele sunt anesteziate cu frica de a nu fi excluse social.<\/p>\n<p>Dar nu suntem nici primii, nici singurii care ne afl\u0103m \u00een fa\u021ba unui aparat de stat ostil, corupt \u0219i alienant, care ne vrea docili sau dezbina\u021bi. Dup\u0103 Al Doilea R\u0103zboi Mondial, o \u00eentreag\u0103 genera\u021bie din Europa a refuzat s\u0103 se lase anulat\u0103 de \u00eenving\u0103tori \u0219i a ar\u0103tat lumii cum se poate construi o rezisten\u021b\u0103 din absolut nimic. Modelul mi\u0219c\u0103rilor na\u021bionaliste postbelice, \u0219i \u00een mod special Mi\u0219carea Social\u0103 Italian\u0103 \u00eempreun\u0103 cu organiza\u021bia sa de tineret,\u00a0<em>Fronte della Giovent\u00f9<\/em>, ne demonstreaz\u0103 ce \u00eenseamn\u0103 s\u0103 ridici o structur\u0103 de lupt\u0103 pur\u0103.<\/p>\n<p>Acei tineri s-au trezit \u00eentr-o \u021bar\u0103 \u00een ruin\u0103, f\u0103r\u0103 bugete, f\u0103r\u0103 acces la presa oficial\u0103, fiind constant v\u00e2na\u021bi pe str\u0103zi de mili\u021biile de st\u00e2nga \u0219i h\u0103r\u021bui\u021bi de poli\u021bia guvernamental\u0103. Nu aveau nimic \u00een afar\u0103 de o determinare de fier, o doctrin\u0103 asumat\u0103 p\u00e2n\u0103 la cap\u0103t \u0219i refuzul total al compromisului cu un sistem pe care \u00eel dispre\u021buiau.<\/p>\n<p><source type=\"image\/webp\" sizes=\"100vw\" data-srcset=\"https:\/\/substackcdn.com\/image\/fetch\/$s_!7xrq!,w_424,c_limit,f_webp,q_auto:good,fl_progressive:steep\/https%3A%2F%2Fsubstack-post-media.s3.amazonaws.com%2Fpublic%2Fimages%2F646f7f04-4f65-4535-a96f-07b2b3162226_1189x800.png 424w, https:\/\/substackcdn.com\/image\/fetch\/$s_!7xrq!,w_848,c_limit,f_webp,q_auto:good,fl_progressive:steep\/https%3A%2F%2Fsubstack-post-media.s3.amazonaws.com%2Fpublic%2Fimages%2F646f7f04-4f65-4535-a96f-07b2b3162226_1189x800.png 848w, https:\/\/substackcdn.com\/image\/fetch\/$s_!7xrq!,w_1272,c_limit,f_webp,q_auto:good,fl_progressive:steep\/https%3A%2F%2Fsubstack-post-media.s3.amazonaws.com%2Fpublic%2Fimages%2F646f7f04-4f65-4535-a96f-07b2b3162226_1189x800.png 1272w, https:\/\/substackcdn.com\/image\/fetch\/$s_!7xrq!,w_1456,c_limit,f_webp,q_auto:good,fl_progressive:steep\/https%3A%2F%2Fsubstack-post-media.s3.amazonaws.com%2Fpublic%2Fimages%2F646f7f04-4f65-4535-a96f-07b2b3162226_1189x800.png 1456w\" \/><img loading=\"lazy\" decoding=\"async\" class=\"sizing-normal\" src=\"https:\/\/substackcdn.com\/image\/fetch\/%24s_!7xrq!,w_1456,c_limit,f_auto,q_auto:good,fl_progressive:steep\/https%3A%2F%2Fsubstack-post-media.s3.amazonaws.com%2Fpublic%2Fimages%2F646f7f04-4f65-4535-a96f-07b2b3162226_1189x800.png\" alt width=\"1189\" height=\"800\" data-attrs=\"{&quot;src&quot;:&quot;https:\/\/substack-post-media.s3.amazonaws.com\/public\/images\/646f7f04-4f65-4535-a96f-07b2b3162226_1189x800.png&quot;,&quot;srcNoWatermark&quot;:null,&quot;fullscreen&quot;:null,&quot;imageSize&quot;:null,&quot;height&quot;:800,&quot;width&quot;:1189,&quot;resizeWidth&quot;:null,&quot;bytes&quot;:1126113,&quot;alt&quot;:null,&quot;title&quot;:null,&quot;type&quot;:&quot;image\/png&quot;,&quot;href&quot;:null,&quot;belowTheFold&quot;:false,&quot;topImage&quot;:false,&quot;internalRedirect&quot;:&quot;https:\/\/stindardul.substack.com\/i\/213854539?img=https%3A%2F%2Fsubstack-post-media.s3.amazonaws.com%2Fpublic%2Fimages%2F731926ce-f2c6-4f1d-9910-7067de55afc1_1189x800.png&quot;,&quot;isProcessing&quot;:false,&quot;align&quot;:null,&quot;offset&quot;:false}\" data-eio=\"l\"><\/p>\n<p>Ei au \u00een\u021beles o lec\u021bie fundamental\u0103, \u0219i anume c\u0103 o mi\u0219care autentic\u0103 nu este un ONG obosit sau o firm\u0103 de lipit afi\u0219e electorale, ci un mod de via\u021b\u0103, o comunitate de destin. Din aceast\u0103 disperare, au creat universuri paralele impenetrabile. Au scos la imprimante clandestine fanzine \u0219i manifeste pe care le citeau zeci de mii de tineri, au format cluburi de lectur\u0103 \u00een subsoluri, au creat sindicate studen\u021be\u0219ti \u0219i re\u021bele de ajutor reciproc la firul ierbii. Au impus respect \u00een marile universit\u0103\u021bi italiene printr-o rigoare intelectual\u0103 strict\u0103, care demonta minciunile profesorilor marxi\u0219ti, \u0219i au \u0219tiut s\u0103 apere acel respect pe str\u0103zile din Roma, Milano sau Napoli, cu pre\u021bul s\u00e2ngelui, st\u00e2nd um\u0103r la um\u0103r \u00een fa\u021ba atacurilor. Au rezistat decenii la r\u00e2nd tocmai pentru c\u0103 s-au organizat ei \u00een\u0219i\u0219i ca o for\u021b\u0103 social\u0103 complet autonom\u0103, refuz\u00e2nd s\u0103 fie asimila\u021bi \u0219i unind, pentru prima dat\u0103, munca doctrinar\u0103 cu o disciplina de strad\u0103.<\/p>\n<p>Acolo se afl\u0103 secretul absolut \u0219i singura noastr\u0103 \u0219ans\u0103 istoric\u0103: fuziunea organic\u0103 dintre intelect \u0219i for\u021b\u0103. O idee na\u021bionalist-revolu\u021bionar\u0103, oric\u00e2t de genial ar fi articulat\u0103, dac\u0103 nu are for\u021ba brut\u0103 \u0219i num\u0103rul de oameni capabili s\u0103 o apere fizic \u00een spa\u021biul public, r\u0103m\u00e2ne o simpl\u0103 fantezie de cafenea. R\u0103m\u00e2ne doar un subiect de dezbatere steril\u0103 \u00eentre ni\u0219te studen\u021bi frico\u0219i care vorbesc \u00een \u0219oapt\u0103 ca s\u0103 nu fie auzi\u021bi de decan. Pe de alt\u0103 parte, energia exploziv\u0103 a peluzei, curajul fizic incontestabil insuflat de spiritul ultras, dac\u0103 este lipsit de o direc\u021bie politic\u0103 militant\u0103, de un fundament moral \u0219i de o viziune clar\u0103 asupra arhitecturii statului, se consum\u0103 \u00een banalit\u0103\u021bi, \u00een huliganism m\u0103runt, sf\u00e2r\u0219ind prin a fi rapid izolat \u0219i zdrobit de jandarmerie \u0219i de pres\u0103.<\/p>\n<p>Abia atunci c\u00e2nd studentul curajos \u2013 capabil s\u0103 articuleze un manifest, s\u0103 citeasc\u0103 istorie nealterat\u0103 \u0219i s\u0103 g\u00e2ndeasc\u0103 o strategie pe termen lung \u2013 \u00ee\u0219i d\u0103 m\u00e2na cu t\u00e2n\u0103rul de pe strad\u0103 \u2013 capabil s\u0103 organizeze o linie de ap\u0103rare frontal\u0103, s\u0103 str\u00e2ng\u0103 r\u00e2ndurile \u0219i s\u0103 mobilizeze o sut\u0103 de oameni \u00eentr-o singur\u0103 or\u0103 \u2013 se na\u0219te acea avangard\u0103 pe care niciun sistem nu o mai poate cump\u0103ra sau controla. Inteligen\u021ba d\u0103 direc\u021bia, sensul \u0219i cuvintele, \u00een timp ce for\u021ba de strad\u0103 asigur\u0103 existen\u021ba, impactul \u0219i respectul. C\u00e2nd intelectualul coboar\u0103 din turnul de filde\u0219 \u0219i se a\u0219az\u0103 la aceea\u0219i mas\u0103 cu b\u0103iatul din cartier care \u0219tie ce \u00eenseamn\u0103 loialitatea absolut\u0103, ecua\u021bia puterii se schimb\u0103.<\/p>\n<p><source type=\"image\/webp\" sizes=\"100vw\" data-srcset=\"https:\/\/substackcdn.com\/image\/fetch\/$s_!Y_3U!,w_424,c_limit,f_webp,q_auto:good,fl_progressive:steep\/https%3A%2F%2Fsubstack-post-media.s3.amazonaws.com%2Fpublic%2Fimages%2F146cea99-b1be-4f3b-8e7c-403beefa6e06_1000x727.png 424w, https:\/\/substackcdn.com\/image\/fetch\/$s_!Y_3U!,w_848,c_limit,f_webp,q_auto:good,fl_progressive:steep\/https%3A%2F%2Fsubstack-post-media.s3.amazonaws.com%2Fpublic%2Fimages%2F146cea99-b1be-4f3b-8e7c-403beefa6e06_1000x727.png 848w, https:\/\/substackcdn.com\/image\/fetch\/$s_!Y_3U!,w_1272,c_limit,f_webp,q_auto:good,fl_progressive:steep\/https%3A%2F%2Fsubstack-post-media.s3.amazonaws.com%2Fpublic%2Fimages%2F146cea99-b1be-4f3b-8e7c-403beefa6e06_1000x727.png 1272w, https:\/\/substackcdn.com\/image\/fetch\/$s_!Y_3U!,w_1456,c_limit,f_webp,q_auto:good,fl_progressive:steep\/https%3A%2F%2Fsubstack-post-media.s3.amazonaws.com%2Fpublic%2Fimages%2F146cea99-b1be-4f3b-8e7c-403beefa6e06_1000x727.png 1456w\" \/><img loading=\"lazy\" decoding=\"async\" class=\"sizing-normal aligncenter\" src=\"https:\/\/substackcdn.com\/image\/fetch\/%24s_!Y_3U!,w_1456,c_limit,f_auto,q_auto:good,fl_progressive:steep\/https%3A%2F%2Fsubstack-post-media.s3.amazonaws.com%2Fpublic%2Fimages%2F146cea99-b1be-4f3b-8e7c-403beefa6e06_1000x727.png\" alt width=\"1000\" height=\"727\" data-attrs=\"{&quot;src&quot;:&quot;https:\/\/substack-post-media.s3.amazonaws.com\/public\/images\/146cea99-b1be-4f3b-8e7c-403beefa6e06_1000x727.png&quot;,&quot;srcNoWatermark&quot;:null,&quot;fullscreen&quot;:null,&quot;imageSize&quot;:null,&quot;height&quot;:727,&quot;width&quot;:1000,&quot;resizeWidth&quot;:null,&quot;bytes&quot;:955783,&quot;alt&quot;:null,&quot;title&quot;:null,&quot;type&quot;:&quot;image\/png&quot;,&quot;href&quot;:null,&quot;belowTheFold&quot;:true,&quot;topImage&quot;:false,&quot;internalRedirect&quot;:&quot;https:\/\/stindardul.substack.com\/i\/213854539?img=https%3A%2F%2Fsubstack-post-media.s3.amazonaws.com%2Fpublic%2Fimages%2F116ab83f-6097-41c0-ad14-6b408cd502bf_1000x727.png&quot;,&quot;isProcessing&quot;:false,&quot;align&quot;:null,&quot;offset&quot;:false}\" data-eio=\"l\"><strong>Aceasta este o chemare direct\u0103 \u0219i f\u0103r\u0103 menajamente pentru to\u021bi cei care simt fizic c\u0103 se sufoc\u0103 \u00een mediocritatea actual\u0103, pentru cei care \u0219tiu \u00een forul lor interior c\u0103 sunt construi\u021bi pentru ceva mult mai mare dec\u00e2t supravie\u021buirea de la un salariu la altul.<\/strong><\/p>\n<p>Este momentul istoric s\u0103 p\u0103r\u0103sim definitiv galeriile \u00eenchiriate \u0219i amfiteatrele mincinoase pentru a construi ceva exclusiv al nostru. Trebuie s\u0103 ne recuper\u0103m suveranitatea personal\u0103, s\u0103 ne lu\u0103m energia \u00eenapoi \u0219i s\u0103 o investim \u00eentr-o mi\u0219care a tineretului care nu cere absolut nim\u0103nui voie s\u0103 existe \u0219i care nu negociaz\u0103 cu nimeni adev\u0103rul. Nu mai avem timp de pierdut cu cinismul b\u0103ie\u021bilor de pe margine care comenteaz\u0103 totul cu o deta\u0219are la\u0219\u0103. Avem nevoie vital\u0103 de oameni dispu\u0219i s\u0103 lase deoparte iluzia confortului burghez pentru a cl\u0103di o comunitate militant\u0103, aspr\u0103 \u0219i intransigent\u0103.<\/p>\n<h4 class=\"header-anchor-post\"><strong>R\u0103m\u00e2ne doar s\u0103 te ui\u021bi \u00een oglind\u0103 \u0219i s\u0103 iei o decizie: vrei s\u0103 fii \u00een continuare un simplu spectator anonim al propriului t\u0103u declin, sau e\u0219ti gata s\u0103 faci pasul \u00een aren\u0103, al\u0103turi de cei pu\u021bini care au curajul, onoarea \u0219i voin\u021ba de a \u00eencepe adev\u0103rata rena\u0219tere?<\/strong><\/h4>\n<\/div>\n<div class=\"entry\">\n<p>Prof. Octavian Dimarescu<br \/><strong>Incorect Politic<\/strong><br \/>\nSeptembrie 3, 2026<\/p>\n<p><img loading=\"lazy\" decoding=\"async\" class=\"sizing-normal aligncenter\" src=\"https:\/\/substackcdn.com\/image\/fetch\/%24s_!mzi9!,w_1456,c_limit,f_auto,q_auto:good,fl_progressive:steep\/https%3A%2F%2Fsubstack-post-media.s3.amazonaws.com%2Fpublic%2Fimages%2Fe1174c54-cfc1-4af4-be66-1ce7d16b2ff0_1920x1080.png\" alt width=\"1456\" height=\"819\" data-attrs=\"{&quot;src&quot;:&quot;https:\/\/substack-post-media.s3.amazonaws.com\/public\/images\/e1174c54-cfc1-4af4-be66-1ce7d16b2ff0_1920x1080.png&quot;,&quot;srcNoWatermark&quot;:null,&quot;fullscreen&quot;:null,&quot;imageSize&quot;:null,&quot;height&quot;:819,&quot;width&quot;:1456,&quot;resizeWidth&quot;:null,&quot;bytes&quot;:2081208,&quot;alt&quot;:null,&quot;title&quot;:null,&quot;type&quot;:&quot;image\/png&quot;,&quot;href&quot;:null,&quot;belowTheFold&quot;:false,&quot;topImage&quot;:true,&quot;internalRedirect&quot;:&quot;https:\/\/stindardul.substack.com\/i\/213854539?img=https%3A%2F%2Fsubstack-post-media.s3.amazonaws.com%2Fpublic%2Fimages%2Fe1174c54-cfc1-4af4-be66-1ce7d16b2ff0_1920x1080.png&quot;,&quot;isProcessing&quot;:false,&quot;align&quot;:null,&quot;offset&quot;:false}\"><\/p>\n<p>Tr\u0103im zilnic iluzia unei libert\u0103\u021bi prefabricate, o libertate care de fapt ne consum\u0103 lent energiile vitale \u0219i ne transform\u0103 \u00een simpli spectatori ai propriului declin. Genera\u021bia noastr\u0103 a fost dresat\u0103 metodic s\u0103 accepte comoditatea, cinismul \u0219i divertismentul ieftin drept supreme idealuri de via\u021b\u0103, iar sistemul a avut grij\u0103 s\u0103 ne ofere cu precizie chirurgical\u0103 exact supapele de care aveam nevoie pentru a nu ne ridica niciodat\u0103 capul \u0219i a nu pune \u00eentreb\u0103rile cu adev\u0103rat periculoase. Totul este calculat pentru a diviza, pentru a neutraliza poten\u021bialul exploziv al tineretului \u0219i pentru a ne \u021bine bloca\u021bi \u00een ni\u0219te \u021barcuri invizibile.<\/p>\n<p>Dac\u0103 ai s\u00e2nge \u00een instala\u021bie, energie de debordat \u0219i cau\u021bi cu disperare o fraternitate real\u0103 \u00eentr-o lume complet individualist\u0103, e\u0219ti \u00eempins discret, dar sigur, spre peluze. Acolo g\u0103se\u0219ti mirajul fr\u0103\u021biei de arme. Dar adev\u0103rul este c\u0103 loialitatea ta, spiritul t\u0103u de sacrificiu \u0219i capacitatea uluitoare de organizare a brig\u0103zii din care faci parte sunt irosite pentru a ap\u0103ra interesele financiare \u0219i orgoliile unor patroni milionari care, \u00een privat, te dispre\u021buiesc profund. Te ba\u021bi cu poli\u021bia, \u00ee\u021bi ri\u0219ti libertatea \u0219i cazierele, \u00ee\u021bi consumi cei mai buni ani din tinere\u021be pentru o emblem\u0103 comercial\u0103, crez\u00e2nd orbe\u0219te c\u0103 e\u0219ti un rebel anti-sistem. \u00cen realitate, e\u0219ti doar o mas\u0103 de manevr\u0103 captiv\u0103 \u00eentr-un spectacol de weekend, un \u201egladiator\u201d modern care vars\u0103 s\u00e2nge pentru audien\u021ba altora. Adrenalina de s\u00e2mb\u0103t\u0103 seara se disip\u0103 luni diminea\u021ba, l\u0103s\u00e2ndu-te \u00een aceea\u0219i rutin\u0103 sufocant\u0103. \u00ce\u021bi epuizezi instinctul de lupt\u0103tor pe o rivalitate artificial\u0103 \u00eentre cartiere sau ora\u0219e, \u00een loc s\u0103 folose\u0219ti acea for\u021b\u0103 comunitar\u0103 uria\u0219\u0103, acea disciplin\u0103 de grup, pentru a impune respect \u00een propria ta comunitate, pentru a-\u021bi ap\u0103ra genera\u021bia \u0219i pentru a deveni o for\u021b\u0103 politic\u0103 militant\u0103 real\u0103 pe care prim\u0103riile \u0219i guvernele s\u0103 nu o mai poat\u0103 ignora.<\/p>\n<p><source type=\"image\/webp\" sizes=\"100vw\" data-srcset=\"https:\/\/substackcdn.com\/image\/fetch\/$s_!W4MH!,w_424,c_limit,f_webp,q_auto:good,fl_progressive:steep\/https%3A%2F%2Fsubstack-post-media.s3.amazonaws.com%2Fpublic%2Fimages%2Fabde708e-8a61-46ca-8554-c114c13a5a7b_603x310.png 424w, https:\/\/substackcdn.com\/image\/fetch\/$s_!W4MH!,w_848,c_limit,f_webp,q_auto:good,fl_progressive:steep\/https%3A%2F%2Fsubstack-post-media.s3.amazonaws.com%2Fpublic%2Fimages%2Fabde708e-8a61-46ca-8554-c114c13a5a7b_603x310.png 848w, https:\/\/substackcdn.com\/image\/fetch\/$s_!W4MH!,w_1272,c_limit,f_webp,q_auto:good,fl_progressive:steep\/https%3A%2F%2Fsubstack-post-media.s3.amazonaws.com%2Fpublic%2Fimages%2Fabde708e-8a61-46ca-8554-c114c13a5a7b_603x310.png 1272w, https:\/\/substackcdn.com\/image\/fetch\/$s_!W4MH!,w_1456,c_limit,f_webp,q_auto:good,fl_progressive:steep\/https%3A%2F%2Fsubstack-post-media.s3.amazonaws.com%2Fpublic%2Fimages%2Fabde708e-8a61-46ca-8554-c114c13a5a7b_603x310.png 1456w\" \/><img decoding=\"async\" class=\"sizing-normal aligncenter\" src=\"https:\/\/substackcdn.com\/image\/fetch\/%24s_!W4MH!,w_1456,c_limit,f_auto,q_auto:good,fl_progressive:steep\/https%3A%2F%2Fsubstack-post-media.s3.amazonaws.com%2Fpublic%2Fimages%2Fabde708e-8a61-46ca-8554-c114c13a5a7b_603x310.png\" alt width=\"728\" height=\"374.2620232172471\" data-attrs=\"{&quot;src&quot;:&quot;https:\/\/substack-post-media.s3.amazonaws.com\/public\/images\/abde708e-8a61-46ca-8554-c114c13a5a7b_603x310.png&quot;,&quot;srcNoWatermark&quot;:null,&quot;fullscreen&quot;:null,&quot;imageSize&quot;:null,&quot;height&quot;:310,&quot;width&quot;:603,&quot;resizeWidth&quot;:728,&quot;bytes&quot;:231063,&quot;alt&quot;:null,&quot;title&quot;:null,&quot;type&quot;:&quot;image\/png&quot;,&quot;href&quot;:null,&quot;belowTheFold&quot;:false,&quot;topImage&quot;:false,&quot;internalRedirect&quot;:&quot;https:\/\/stindardul.substack.com\/i\/213854539?img=https%3A%2F%2Fsubstack-post-media.s3.amazonaws.com%2Fpublic%2Fimages%2Fe8372798-d8bf-40cb-b11f-07a8e4d016d2_603x331.png&quot;,&quot;isProcessing&quot;:false,&quot;align&quot;:null,&quot;offset&quot;:false}\" data-eio=\"l\"><\/p>\n<p>Dac\u0103, pe de alt\u0103 parte, ai o minte ascu\u021bit\u0103, cite\u0219ti \u0219i vrei mai mult de la via\u021b\u0103 dec\u00e2t consum \u0219i fotbal, e\u0219ti absorbit \u0219i neutralizat de ma\u0219in\u0103ria universitar\u0103. Acolo, spiritul t\u0103u critic este asasinat lent de dogme progresiste, de o corectitudine politic\u0103 boln\u0103vicioas\u0103 \u0219i de un aer sufocant de conformism academic. \u00cen amfiteatre \u00eenve\u021bi foarte repede lec\u021bia supravie\u021buirii moderne, \u0219i anume c\u0103 pentru a ob\u021bine o diplom\u0103 care abia \u00ee\u021bi garanteaz\u0103 un salariu mediocru de corpora\u021bie, trebuie s\u0103 taci, s\u0103 \u00eenghi\u021bi \u0219i s\u0103 nu pui sub nicio form\u0103 la \u00eendoial\u0103 mediocritatea \u0219i incompeten\u021ba sistemului. Astfel, intelectualul t\u00e2n\u0103r, cel care ar fi trebuit s\u0103 fie motorul schimb\u0103rii genera\u021biei sale, devine docil, izolat \u0219i blazat.<\/p>\n<p>Se ascunde \u00een spatele unei ironii ieftine \u0219i folose\u0219te frica paralizant\u0103 de a nu fi considerat patetic drept scuz\u0103 absolut\u0103 pentru propria lui la\u0219itate de a ac\u021biona \u00een lumea real\u0103. E mai comod s\u0103 r\u00e2zi de tot pe internet dec\u00e2t s\u0103 construie\u0219ti ceva cu m\u00e2inile tale. \u00cen felul acesta, sistemul c\u00e2\u0219tig\u0103 definitiv pe ambele fronturi, strada este \u021binut\u0103 ocupat\u0103 cu iluzia fotbalului \u0219i b\u0103t\u0103ile \u00eentre galerii, iar creierele sunt anesteziate cu frica de a nu fi excluse social.<\/p>\n<p>Dar nu suntem nici primii, nici singurii care ne afl\u0103m \u00een fa\u021ba unui aparat de stat ostil, corupt \u0219i alienant, care ne vrea docili sau dezbina\u021bi. Dup\u0103 Al Doilea R\u0103zboi Mondial, o \u00eentreag\u0103 genera\u021bie din Europa a refuzat s\u0103 se lase anulat\u0103 de \u00eenving\u0103tori \u0219i a ar\u0103tat lumii cum se poate construi o rezisten\u021b\u0103 din absolut nimic. Modelul mi\u0219c\u0103rilor na\u021bionaliste postbelice, \u0219i \u00een mod special Mi\u0219carea Social\u0103 Italian\u0103 \u00eempreun\u0103 cu organiza\u021bia sa de tineret,\u00a0<em>Fronte della Giovent\u00f9<\/em>, ne demonstreaz\u0103 ce \u00eenseamn\u0103 s\u0103 ridici o structur\u0103 de lupt\u0103 pur\u0103.<\/p>\n<p>Acei tineri s-au trezit \u00eentr-o \u021bar\u0103 \u00een ruin\u0103, f\u0103r\u0103 bugete, f\u0103r\u0103 acces la presa oficial\u0103, fiind constant v\u00e2na\u021bi pe str\u0103zi de mili\u021biile de st\u00e2nga \u0219i h\u0103r\u021bui\u021bi de poli\u021bia guvernamental\u0103. Nu aveau nimic \u00een afar\u0103 de o determinare de fier, o doctrin\u0103 asumat\u0103 p\u00e2n\u0103 la cap\u0103t \u0219i refuzul total al compromisului cu un sistem pe care \u00eel dispre\u021buiau.<\/p>\n<p><source type=\"image\/webp\" sizes=\"100vw\" data-srcset=\"https:\/\/substackcdn.com\/image\/fetch\/$s_!7xrq!,w_424,c_limit,f_webp,q_auto:good,fl_progressive:steep\/https%3A%2F%2Fsubstack-post-media.s3.amazonaws.com%2Fpublic%2Fimages%2F646f7f04-4f65-4535-a96f-07b2b3162226_1189x800.png 424w, https:\/\/substackcdn.com\/image\/fetch\/$s_!7xrq!,w_848,c_limit,f_webp,q_auto:good,fl_progressive:steep\/https%3A%2F%2Fsubstack-post-media.s3.amazonaws.com%2Fpublic%2Fimages%2F646f7f04-4f65-4535-a96f-07b2b3162226_1189x800.png 848w, https:\/\/substackcdn.com\/image\/fetch\/$s_!7xrq!,w_1272,c_limit,f_webp,q_auto:good,fl_progressive:steep\/https%3A%2F%2Fsubstack-post-media.s3.amazonaws.com%2Fpublic%2Fimages%2F646f7f04-4f65-4535-a96f-07b2b3162226_1189x800.png 1272w, https:\/\/substackcdn.com\/image\/fetch\/$s_!7xrq!,w_1456,c_limit,f_webp,q_auto:good,fl_progressive:steep\/https%3A%2F%2Fsubstack-post-media.s3.amazonaws.com%2Fpublic%2Fimages%2F646f7f04-4f65-4535-a96f-07b2b3162226_1189x800.png 1456w\" \/><img loading=\"lazy\" decoding=\"async\" class=\"sizing-normal\" src=\"https:\/\/substackcdn.com\/image\/fetch\/%24s_!7xrq!,w_1456,c_limit,f_auto,q_auto:good,fl_progressive:steep\/https%3A%2F%2Fsubstack-post-media.s3.amazonaws.com%2Fpublic%2Fimages%2F646f7f04-4f65-4535-a96f-07b2b3162226_1189x800.png\" alt width=\"1189\" height=\"800\" data-attrs=\"{&quot;src&quot;:&quot;https:\/\/substack-post-media.s3.amazonaws.com\/public\/images\/646f7f04-4f65-4535-a96f-07b2b3162226_1189x800.png&quot;,&quot;srcNoWatermark&quot;:null,&quot;fullscreen&quot;:null,&quot;imageSize&quot;:null,&quot;height&quot;:800,&quot;width&quot;:1189,&quot;resizeWidth&quot;:null,&quot;bytes&quot;:1126113,&quot;alt&quot;:null,&quot;title&quot;:null,&quot;type&quot;:&quot;image\/png&quot;,&quot;href&quot;:null,&quot;belowTheFold&quot;:false,&quot;topImage&quot;:false,&quot;internalRedirect&quot;:&quot;https:\/\/stindardul.substack.com\/i\/213854539?img=https%3A%2F%2Fsubstack-post-media.s3.amazonaws.com%2Fpublic%2Fimages%2F731926ce-f2c6-4f1d-9910-7067de55afc1_1189x800.png&quot;,&quot;isProcessing&quot;:false,&quot;align&quot;:null,&quot;offset&quot;:false}\" data-eio=\"l\"><\/p>\n<p>Ei au \u00een\u021beles o lec\u021bie fundamental\u0103, \u0219i anume c\u0103 o mi\u0219care autentic\u0103 nu este un ONG obosit sau o firm\u0103 de lipit afi\u0219e electorale, ci un mod de via\u021b\u0103, o comunitate de destin. Din aceast\u0103 disperare, au creat universuri paralele impenetrabile. Au scos la imprimante clandestine fanzine \u0219i manifeste pe care le citeau zeci de mii de tineri, au format cluburi de lectur\u0103 \u00een subsoluri, au creat sindicate studen\u021be\u0219ti \u0219i re\u021bele de ajutor reciproc la firul ierbii. Au impus respect \u00een marile universit\u0103\u021bi italiene printr-o rigoare intelectual\u0103 strict\u0103, care demonta minciunile profesorilor marxi\u0219ti, \u0219i au \u0219tiut s\u0103 apere acel respect pe str\u0103zile din Roma, Milano sau Napoli, cu pre\u021bul s\u00e2ngelui, st\u00e2nd um\u0103r la um\u0103r \u00een fa\u021ba atacurilor. Au rezistat decenii la r\u00e2nd tocmai pentru c\u0103 s-au organizat ei \u00een\u0219i\u0219i ca o for\u021b\u0103 social\u0103 complet autonom\u0103, refuz\u00e2nd s\u0103 fie asimila\u021bi \u0219i unind, pentru prima dat\u0103, munca doctrinar\u0103 cu o disciplina de strad\u0103.<\/p>\n<p>Acolo se afl\u0103 secretul absolut \u0219i singura noastr\u0103 \u0219ans\u0103 istoric\u0103: fuziunea organic\u0103 dintre intelect \u0219i for\u021b\u0103. O idee na\u021bionalist-revolu\u021bionar\u0103, oric\u00e2t de genial ar fi articulat\u0103, dac\u0103 nu are for\u021ba brut\u0103 \u0219i num\u0103rul de oameni capabili s\u0103 o apere fizic \u00een spa\u021biul public, r\u0103m\u00e2ne o simpl\u0103 fantezie de cafenea. R\u0103m\u00e2ne doar un subiect de dezbatere steril\u0103 \u00eentre ni\u0219te studen\u021bi frico\u0219i care vorbesc \u00een \u0219oapt\u0103 ca s\u0103 nu fie auzi\u021bi de decan. Pe de alt\u0103 parte, energia exploziv\u0103 a peluzei, curajul fizic incontestabil insuflat de spiritul ultras, dac\u0103 este lipsit de o direc\u021bie politic\u0103 militant\u0103, de un fundament moral \u0219i de o viziune clar\u0103 asupra arhitecturii statului, se consum\u0103 \u00een banalit\u0103\u021bi, \u00een huliganism m\u0103runt, sf\u00e2r\u0219ind prin a fi rapid izolat \u0219i zdrobit de jandarmerie \u0219i de pres\u0103.<\/p>\n<p>Abia atunci c\u00e2nd studentul curajos \u2013 capabil s\u0103 articuleze un manifest, s\u0103 citeasc\u0103 istorie nealterat\u0103 \u0219i s\u0103 g\u00e2ndeasc\u0103 o strategie pe termen lung \u2013 \u00ee\u0219i d\u0103 m\u00e2na cu t\u00e2n\u0103rul de pe strad\u0103 \u2013 capabil s\u0103 organizeze o linie de ap\u0103rare frontal\u0103, s\u0103 str\u00e2ng\u0103 r\u00e2ndurile \u0219i s\u0103 mobilizeze o sut\u0103 de oameni \u00eentr-o singur\u0103 or\u0103 \u2013 se na\u0219te acea avangard\u0103 pe care niciun sistem nu o mai poate cump\u0103ra sau controla. Inteligen\u021ba d\u0103 direc\u021bia, sensul \u0219i cuvintele, \u00een timp ce for\u021ba de strad\u0103 asigur\u0103 existen\u021ba, impactul \u0219i respectul. C\u00e2nd intelectualul coboar\u0103 din turnul de filde\u0219 \u0219i se a\u0219az\u0103 la aceea\u0219i mas\u0103 cu b\u0103iatul din cartier care \u0219tie ce \u00eenseamn\u0103 loialitatea absolut\u0103, ecua\u021bia puterii se schimb\u0103.<\/p>\n<p><source type=\"image\/webp\" sizes=\"100vw\" data-srcset=\"https:\/\/substackcdn.com\/image\/fetch\/$s_!Y_3U!,w_424,c_limit,f_webp,q_auto:good,fl_progressive:steep\/https%3A%2F%2Fsubstack-post-media.s3.amazonaws.com%2Fpublic%2Fimages%2F146cea99-b1be-4f3b-8e7c-403beefa6e06_1000x727.png 424w, https:\/\/substackcdn.com\/image\/fetch\/$s_!Y_3U!,w_848,c_limit,f_webp,q_auto:good,fl_progressive:steep\/https%3A%2F%2Fsubstack-post-media.s3.amazonaws.com%2Fpublic%2Fimages%2F146cea99-b1be-4f3b-8e7c-403beefa6e06_1000x727.png 848w, https:\/\/substackcdn.com\/image\/fetch\/$s_!Y_3U!,w_1272,c_limit,f_webp,q_auto:good,fl_progressive:steep\/https%3A%2F%2Fsubstack-post-media.s3.amazonaws.com%2Fpublic%2Fimages%2F146cea99-b1be-4f3b-8e7c-403beefa6e06_1000x727.png 1272w, https:\/\/substackcdn.com\/image\/fetch\/$s_!Y_3U!,w_1456,c_limit,f_webp,q_auto:good,fl_progressive:steep\/https%3A%2F%2Fsubstack-post-media.s3.amazonaws.com%2Fpublic%2Fimages%2F146cea99-b1be-4f3b-8e7c-403beefa6e06_1000x727.png 1456w\" \/><img loading=\"lazy\" decoding=\"async\" class=\"sizing-normal aligncenter\" src=\"https:\/\/substackcdn.com\/image\/fetch\/%24s_!Y_3U!,w_1456,c_limit,f_auto,q_auto:good,fl_progressive:steep\/https%3A%2F%2Fsubstack-post-media.s3.amazonaws.com%2Fpublic%2Fimages%2F146cea99-b1be-4f3b-8e7c-403beefa6e06_1000x727.png\" alt width=\"1000\" height=\"727\" data-attrs=\"{&quot;src&quot;:&quot;https:\/\/substack-post-media.s3.amazonaws.com\/public\/images\/146cea99-b1be-4f3b-8e7c-403beefa6e06_1000x727.png&quot;,&quot;srcNoWatermark&quot;:null,&quot;fullscreen&quot;:null,&quot;imageSize&quot;:null,&quot;height&quot;:727,&quot;width&quot;:1000,&quot;resizeWidth&quot;:null,&quot;bytes&quot;:955783,&quot;alt&quot;:null,&quot;title&quot;:null,&quot;type&quot;:&quot;image\/png&quot;,&quot;href&quot;:null,&quot;belowTheFold&quot;:true,&quot;topImage&quot;:false,&quot;internalRedirect&quot;:&quot;https:\/\/stindardul.substack.com\/i\/213854539?img=https%3A%2F%2Fsubstack-post-media.s3.amazonaws.com%2Fpublic%2Fimages%2F116ab83f-6097-41c0-ad14-6b408cd502bf_1000x727.png&quot;,&quot;isProcessing&quot;:false,&quot;align&quot;:null,&quot;offset&quot;:false}\" data-eio=\"l\"><strong>Aceasta este o chemare direct\u0103 \u0219i f\u0103r\u0103 menajamente pentru to\u021bi cei care simt fizic c\u0103 se sufoc\u0103 \u00een mediocritatea actual\u0103, pentru cei care \u0219tiu \u00een forul lor interior c\u0103 sunt construi\u021bi pentru ceva mult mai mare dec\u00e2t supravie\u021buirea de la un salariu la altul.<\/strong><\/p>\n<p>Este momentul istoric s\u0103 p\u0103r\u0103sim definitiv galeriile \u00eenchiriate \u0219i amfiteatrele mincinoase pentru a construi ceva exclusiv al nostru. Trebuie s\u0103 ne recuper\u0103m suveranitatea personal\u0103, s\u0103 ne lu\u0103m energia \u00eenapoi \u0219i s\u0103 o investim \u00eentr-o mi\u0219care a tineretului care nu cere absolut nim\u0103nui voie s\u0103 existe \u0219i care nu negociaz\u0103 cu nimeni adev\u0103rul. Nu mai avem timp de pierdut cu cinismul b\u0103ie\u021bilor de pe margine care comenteaz\u0103 totul cu o deta\u0219are la\u0219\u0103. Avem nevoie vital\u0103 de oameni dispu\u0219i s\u0103 lase deoparte iluzia confortului burghez pentru a cl\u0103di o comunitate militant\u0103, aspr\u0103 \u0219i intransigent\u0103.<\/p>\n<h4 class=\"header-anchor-post\"><strong>R\u0103m\u00e2ne doar s\u0103 te ui\u021bi \u00een oglind\u0103 \u0219i s\u0103 iei o decizie: vrei s\u0103 fii \u00een continuare un simplu spectator anonim al propriului t\u0103u declin, sau e\u0219ti gata s\u0103 faci pasul \u00een aren\u0103, al\u0103turi de cei pu\u021bini care au curajul, onoarea \u0219i voin\u021ba de a \u00eencepe adev\u0103rata rena\u0219tere?<\/strong><\/h4>\n<\/div>\n<article class=\"post-81436 post type-post status-publish entry includes-feat-image\">\n<div class=\"featured-image alignleft\"><a class=\"featured_post_link\" href=\"https:\/\/www.incorectpolitic.com\/curaj-adevar-si-libertate-senatorul-miron-manega-s-o-s-a-propus-abrogarea-legilor-delictului-de-opinie\/\" title=\"CURAJ, ADEV\u0102R \u0218I LIBERTATE! Senatorul Miron Manega (S.O.S.) a propus abrogarea legilor delictului de opinie!\"><img loading=\"lazy\" decoding=\"async\" width=\"150\" height=\"150\" src=\"https:\/\/www.incorectpolitic.com\/wp-content\/uploads\/2019\/04\/manega-150x150.png\" class=\"attachment-thumbnail size-thumbnail wp-post-image lazyload\" alt><img loading=\"lazy\" decoding=\"async\" width=\"150\" height=\"150\" src=\"https:\/\/www.incorectpolitic.com\/wp-content\/uploads\/2019\/04\/manega-150x150.png\" class=\"attachment-thumbnail size-thumbnail wp-post-image\" alt data-eio=\"l\"><\/a><\/div>\n<div class=\"entry-title\"><a class=\"featured_post_link\" href=\"https:\/\/www.incorectpolitic.com\/curaj-adevar-si-libertate-senatorul-miron-manega-s-o-s-a-propus-abrogarea-legilor-delictului-de-opinie\/\" title=\"CURAJ, ADEV\u0102R \u0218I LIBERTATE! Senatorul Miron Manega (S.O.S.) a propus abrogarea legilor delictului de opinie!\">CURAJ, ADEV\u0102R \u0218I LIBERTATE! Senatorul Miron Manega (S.O.S.) a propus abrogarea legilor delictului de opinie!<\/a><\/div>\n<\/article>\n<article class=\"post-80361 post type-post status-publish entry includes-feat-image\">\n<div class=\"featured-image alignleft\"><a class=\"featured_post_link\" href=\"https:\/\/www.incorectpolitic.com\/ultimul-fiu-al-daciei\/\" title=\"Ultimul Fiu al Daciei\"><img loading=\"lazy\" decoding=\"async\" width=\"100\" height=\"150\" src=\"https:\/\/www.incorectpolitic.com\/wp-content\/uploads\/2025\/10\/dac.jpeg\" class=\"attachment-thumbnail size-thumbnail wp-post-image lazyload\" alt><img loading=\"lazy\" decoding=\"async\" width=\"100\" height=\"150\" src=\"https:\/\/www.incorectpolitic.com\/wp-content\/uploads\/2025\/10\/dac.jpeg\" class=\"attachment-thumbnail size-thumbnail wp-post-image\" alt data-eio=\"l\"><\/a><\/div>\n<div class=\"entry-title\"><a class=\"featured_post_link\" href=\"https:\/\/www.incorectpolitic.com\/ultimul-fiu-al-daciei\/\" title=\"Ultimul Fiu al Daciei\">Ultimul Fiu al Daciei<\/a><\/div>\n<\/article>\n<article class=\"post-73927 post type-post status-publish entry includes-feat-image\">\n<div class=\"featured-image alignleft\"><a class=\"featured_post_link\" href=\"https:\/\/www.incorectpolitic.com\/cauzele-si-dinamica-antisemitismului\/\" title=\"Cauzele \u0219i Dinamica Antisemitismului\"><img loading=\"lazy\" decoding=\"async\" width=\"150\" height=\"150\" src=\"https:\/\/www.incorectpolitic.com\/wp-content\/uploads\/2018\/09\/bolshevik-jews-150x150.jpg\" class=\"attachment-thumbnail size-thumbnail wp-post-image lazyload\" alt><img loading=\"lazy\" decoding=\"async\" width=\"150\" height=\"150\" src=\"https:\/\/www.incorectpolitic.com\/wp-content\/uploads\/2018\/09\/bolshevik-jews-150x150.jpg\" class=\"attachment-thumbnail size-thumbnail wp-post-image\" alt data-eio=\"l\"><\/a><\/div>\n<div class=\"entry-title\"><a class=\"featured_post_link\" href=\"https:\/\/www.incorectpolitic.com\/cauzele-si-dinamica-antisemitismului\/\" title=\"Cauzele \u0219i Dinamica Antisemitismului\">Cauzele \u0219i Dinamica Antisemitismului<\/a><\/div>\n<\/article>\n<article class=\"post-72974 post type-post status-publish entry includes-feat-image\">\n<div class=\"featured-image alignleft\"><a class=\"featured_post_link\" href=\"https:\/\/www.incorectpolitic.com\/navalirea-jidanilor-de-vasile-alecsandri-piesa-interzisa\/\" title=\"N\u0103v\u0103lirea Jidanilor \u2013 de Vasile Alecsandri (Pies\u0103 interzis\u0103)\"><img loading=\"lazy\" decoding=\"async\" width=\"150\" height=\"150\" src=\"https:\/\/www.incorectpolitic.com\/wp-content\/uploads\/2024\/02\/jidani-navalire-2.png\" class=\"attachment-thumbnail size-thumbnail wp-post-image lazyload\" alt><img loading=\"lazy\" decoding=\"async\" width=\"150\" height=\"150\" src=\"https:\/\/www.incorectpolitic.com\/wp-content\/uploads\/2024\/02\/jidani-navalire-2.png\" class=\"attachment-thumbnail size-thumbnail wp-post-image\" alt data-eio=\"l\"><\/a><\/div>\n<div class=\"entry-title\"><a class=\"featured_post_link\" href=\"https:\/\/www.incorectpolitic.com\/navalirea-jidanilor-de-vasile-alecsandri-piesa-interzisa\/\" title=\"N\u0103v\u0103lirea Jidanilor \u2013 de Vasile Alecsandri (Pies\u0103 interzis\u0103)\">N\u0103v\u0103lirea Jidanilor \u2013 de Vasile Alecsandri (Pies\u0103 interzis\u0103)<\/a><\/div>\n<\/article>\n<article class=\"post-71879 post type-post status-publish entry includes-feat-image\">\n<div class=\"featured-image alignleft\"><a class=\"featured_post_link\" href=\"https:\/\/www.incorectpolitic.com\/europa-si-romania-in-anul-2050\/\" title=\"Europa \u0219i Rom\u00e2nia \u00een anul 2050\"><img loading=\"lazy\" decoding=\"async\" width=\"147\" height=\"150\" src=\"https:\/\/www.incorectpolitic.com\/wp-content\/uploads\/2024\/01\/Romania-2050-2.png\" class=\"attachment-thumbnail size-thumbnail wp-post-image lazyload\" alt><img loading=\"lazy\" decoding=\"async\" width=\"147\" height=\"150\" src=\"https:\/\/www.incorectpolitic.com\/wp-content\/uploads\/2024\/01\/Romania-2050-2.png\" class=\"attachment-thumbnail size-thumbnail wp-post-image\" alt data-eio=\"l\"><\/a><\/div>\n<div class=\"entry-title\"><a class=\"featured_post_link\" href=\"https:\/\/www.incorectpolitic.com\/europa-si-romania-in-anul-2050\/\" title=\"Europa \u0219i Rom\u00e2nia \u00een anul 2050\">Europa \u0219i Rom\u00e2nia \u00een anul 2050<\/a><\/div>\n<\/article>\n<article class=\"post-23854 post type-post status-publish entry includes-feat-image\">\n<div class=\"featured-image alignleft\"><a class=\"featured_post_link\" href=\"https:\/\/www.incorectpolitic.com\/vizita-papei-autonomie-alternativa\/\" title=\"Vizita Papei \u2013 Autonomie Alternativ\u0103\"><img loading=\"lazy\" decoding=\"async\" width=\"150\" height=\"150\" class=\"attachment-thumbnail size-thumbnail wp-post-image lazyload\" alt src=\"https:\/\/www.incorectpolitic.com\/wp-content\/uploads\/2019\/06\/uI2HFtR-150x150.jpg\"><img loading=\"lazy\" decoding=\"async\" width=\"150\" height=\"150\" src=\"https:\/\/www.incorectpolitic.com\/wp-content\/uploads\/2019\/06\/uI2HFtR-150x150.jpg\" class=\"attachment-thumbnail size-thumbnail wp-post-image\" alt data-eio=\"l\"><\/a><\/div>\n<div class=\"entry-title\"><a class=\"featured_post_link\" href=\"https:\/\/www.incorectpolitic.com\/vizita-papei-autonomie-alternativa\/\" title=\"Vizita Papei \u2013 Autonomie Alternativ\u0103\">Vizita Papei \u2013 Autonomie Alternativ\u0103<\/a><\/div>\n<\/article>\n<article class=\"post-72111 post type-post status-publish entry includes-feat-image\">\n<div class=\"featured-image alignleft\"><a class=\"featured_post_link\" href=\"https:\/\/www.incorectpolitic.com\/revelion-2023-2024-vine-anul-biruintei\/\" title=\"Revelion 2023 \u2013 2024 vine ANUL BIRUIN\u021aEI\"><img loading=\"lazy\" decoding=\"async\" width=\"150\" height=\"150\" src=\"https:\/\/www.incorectpolitic.com\/wp-content\/uploads\/2023\/12\/anul-biruintei.png\" class=\"attachment-thumbnail size-thumbnail wp-post-image lazyload\" alt><img loading=\"lazy\" decoding=\"async\" width=\"150\" height=\"150\" src=\"https:\/\/www.incorectpolitic.com\/wp-content\/uploads\/2023\/12\/anul-biruintei.png\" class=\"attachment-thumbnail size-thumbnail wp-post-image\" alt data-eio=\"l\"><\/a><\/div>\n<div class=\"entry-title\"><a class=\"featured_post_link\" href=\"https:\/\/www.incorectpolitic.com\/revelion-2023-2024-vine-anul-biruintei\/\" title=\"Revelion 2023 \u2013 2024 vine ANUL BIRUIN\u021aEI\">Revelion 2023 \u2013 2024 vine ANUL BIRUIN\u021aEI<\/a><\/div>\n<\/article>\n<article class=\"post-50139 post type-post status-publish entry includes-feat-image\">\n<div class=\"featured-image alignleft\"><a class=\"featured_post_link\" href=\"https:\/\/www.incorectpolitic.com\/analiza-strategiei-adoptata-de-guvern-pentru-combaterea-antisemitismului-xenofobiei-si-discursului-instigator-la-ura-2021-2023\/\" title=\"Analiza Strategiei Adoptat\u0103 de Guvern Pentru Combaterea \u201cantisemitismului, xenofobiei \u0219i discursului instigator la ur\u0103 2021-2023\u201d\"><img loading=\"lazy\" decoding=\"async\" width=\"150\" height=\"150\" src=\"https:\/\/www.incorectpolitic.com\/wp-content\/uploads\/2019\/08\/Jewish-censorship-e1421273251759-2-150x150.jpg\" class=\"attachment-thumbnail size-thumbnail wp-post-image lazyload\" alt><img loading=\"lazy\" decoding=\"async\" width=\"150\" height=\"150\" src=\"https:\/\/www.incorectpolitic.com\/wp-content\/uploads\/2019\/08\/Jewish-censorship-e1421273251759-2-150x150.jpg\" class=\"attachment-thumbnail size-thumbnail wp-post-image\" alt data-eio=\"l\"><\/a><\/div>\n<div class=\"entry-title\"><a class=\"featured_post_link\" href=\"https:\/\/www.incorectpolitic.com\/analiza-strategiei-adoptata-de-guvern-pentru-combaterea-antisemitismului-xenofobiei-si-discursului-instigator-la-ura-2021-2023\/\" title=\"Analiza Strategiei Adoptat\u0103 de Guvern Pentru Combaterea \u201cantisemitismului, xenofobiei \u0219i discursului instigator la ur\u0103 2021-2023\u201d\">Analiza Strategiei Adoptat\u0103 de Guvern Pentru Combaterea \u201cantisemitismului, xenofobiei \u0219i discursului instigator la ur\u0103 2021-2023\u201d<\/a><\/div>\n<\/article>\n<article class=\"post-70829 post type-post status-publish entry includes-feat-image\">\n<div class=\"featured-image alignleft\"><a class=\"featured_post_link\" href=\"https:\/\/www.incorectpolitic.com\/pozitia-unilaterala-a-pseudo-politicienilor-din-romania-si-a-bor-in-sustinerea-israelului-singurul-stat-terorist-din-lume-arata-ca-acestia-nu-au-o-fibra-cu-adevarat-nationala\/\" title=\"Pozi\u021bia unilateral\u0103 a pseudo politicienilor din Rom\u00e2nia \u0219i a BOR \u00een sus\u021binerea Israelului, singurul stat terorist din lume, arat\u0103 c\u0103 ace\u0219tia nu au o fibr\u0103 cu adev\u0103rat na\u021bional\u0103\"><img loading=\"lazy\" decoding=\"async\" width=\"150\" height=\"89\" src=\"https:\/\/www.incorectpolitic.com\/wp-content\/uploads\/2023\/08\/circumcision.png\" class=\"attachment-thumbnail size-thumbnail wp-post-image lazyload\" alt><img loading=\"lazy\" decoding=\"async\" width=\"150\" height=\"89\" src=\"https:\/\/www.incorectpolitic.com\/wp-content\/uploads\/2023\/08\/circumcision.png\" class=\"attachment-thumbnail size-thumbnail wp-post-image\" alt data-eio=\"l\"><\/a><\/div>\n<div class=\"entry-title\"><a class=\"featured_post_link\" href=\"https:\/\/www.incorectpolitic.com\/pozitia-unilaterala-a-pseudo-politicienilor-din-romania-si-a-bor-in-sustinerea-israelului-singurul-stat-terorist-din-lume-arata-ca-acestia-nu-au-o-fibra-cu-adevarat-nationala\/\" title=\"Pozi\u021bia unilateral\u0103 a pseudo politicienilor din Rom\u00e2nia \u0219i a BOR \u00een sus\u021binerea Israelului, singurul stat terorist din lume, arat\u0103 c\u0103 ace\u0219tia nu au o fibr\u0103 cu adev\u0103rat na\u021bional\u0103\">Pozi\u021bia unilateral\u0103 a pseudo politicienilor din Rom\u00e2nia \u0219i a BOR \u00een sus\u021binerea Israelului, singurul stat terorist din lume, arat\u0103 c\u0103 ace\u0219tia nu au o fibr\u0103 cu adev\u0103rat na\u021bional\u0103<\/a><\/div>\n<\/article>\n<article class=\"post-66937 post type-post status-publish entry includes-feat-image\">\n<div class=\"featured-image alignleft\"><a class=\"featured_post_link\" href=\"https:\/\/www.incorectpolitic.com\/agresiunea-impotriva-revizionistilor-istorici-si-efectele-linsajului-judiciar-de-la-nuremberg\/\" title=\"Agresiunea \u00eempotriva Revizioni\u0219tilor Istorici \u0219i efectele lin\u0219ajului judiciar de la Nurnberg\"><img loading=\"lazy\" decoding=\"async\" width=\"150\" height=\"100\" src=\"https:\/\/www.incorectpolitic.com\/wp-content\/uploads\/2023\/04\/image_2023-04-30_134634134.png\" class=\"attachment-thumbnail size-thumbnail wp-post-image lazyload\" alt><img loading=\"lazy\" decoding=\"async\" width=\"150\" height=\"100\" src=\"https:\/\/www.incorectpolitic.com\/wp-content\/uploads\/2023\/04\/image_2023-04-30_134634134.png\" class=\"attachment-thumbnail size-thumbnail wp-post-image\" alt data-eio=\"l\"><\/a><\/div>\n<div class=\"entry-title\"><a class=\"featured_post_link\" href=\"https:\/\/www.incorectpolitic.com\/agresiunea-impotriva-revizionistilor-istorici-si-efectele-linsajului-judiciar-de-la-nuremberg\/\" title=\"Agresiunea \u00eempotriva Revizioni\u0219tilor Istorici \u0219i efectele lin\u0219ajului judiciar de la Nurnberg\">Agresiunea \u00eempotriva Revizioni\u0219tilor Istorici \u0219i efectele lin\u0219ajului judiciar de la Nurnberg<\/a><\/div>\n<\/article>\n<article class=\"post-19111 post type-post status-publish entry includes-feat-image\">\n<div class=\"featured-image alignleft\"><a class=\"featured_post_link\" href=\"https:\/\/www.incorectpolitic.com\/despre-adevar\/\" title=\"Despre Adev\u0103r\"><img loading=\"lazy\" decoding=\"async\" width=\"150\" height=\"150\" src=\"https:\/\/www.incorectpolitic.com\/wp-content\/uploads\/2019\/02\/freedomfromchain-150x150.jpg\" class=\"attachment-thumbnail size-thumbnail wp-post-image lazyload\" alt><img loading=\"lazy\" decoding=\"async\" width=\"150\" height=\"150\" src=\"https:\/\/www.incorectpolitic.com\/wp-content\/uploads\/2019\/02\/freedomfromchain-150x150.jpg\" class=\"attachment-thumbnail size-thumbnail wp-post-image\" alt data-eio=\"l\"><\/a><\/div>\n<div class=\"entry-title\"><a class=\"featured_post_link\" href=\"https:\/\/www.incorectpolitic.com\/despre-adevar\/\" title=\"Despre Adev\u0103r\">Despre Adev\u0103r<\/a><\/div>\n<\/article>\n<article class=\"post-53767 post type-post status-publish entry includes-feat-image\">\n<div class=\"featured-image alignleft\"><a class=\"featured_post_link\" href=\"https:\/\/www.incorectpolitic.com\/dictionarul-coincidentelor-cine-sunt-iudeii-care-ne-au-influentat-tara-in-istoria-recenta\/\" title=\"DIC\u021aIONARUL COINCIDEN\u021aELOR  \u2013 Cine sunt iudeii care ne-au influen\u021bat \u021bara \u00een istoria recent\u0103\"><img loading=\"lazy\" decoding=\"async\" width=\"150\" height=\"150\" src=\"https:\/\/www.incorectpolitic.com\/wp-content\/uploads\/2021\/09\/coinc-150x150.png\" class=\"attachment-thumbnail size-thumbnail wp-post-image lazyload\" alt><img loading=\"lazy\" decoding=\"async\" width=\"150\" height=\"150\" src=\"https:\/\/www.incorectpolitic.com\/wp-content\/uploads\/2021\/09\/coinc-150x150.png\" class=\"attachment-thumbnail size-thumbnail wp-post-image\" alt data-eio=\"l\"><\/a><\/div>\n<div class=\"entry-title\"><a class=\"featured_post_link\" href=\"https:\/\/www.incorectpolitic.com\/dictionarul-coincidentelor-cine-sunt-iudeii-care-ne-au-influentat-tara-in-istoria-recenta\/\" title=\"DIC\u021aIONARUL COINCIDEN\u021aELOR  \u2013 Cine sunt iudeii care ne-au influen\u021bat \u021bara \u00een istoria recent\u0103\">DIC\u021aIONARUL COINCIDEN\u021aELOR  \u2013 Cine sunt iudeii care ne-au influen\u021bat \u021bara \u00een istoria recent\u0103<\/a><\/div>\n<\/article>\n<article class=\"post-51156 post type-post status-publish entry includes-feat-image\">\n<div class=\"featured-image alignleft\"><a class=\"featured_post_link\" href=\"https:\/\/www.incorectpolitic.com\/desertaciune-nu-aparare\/\" title=\"DE\u0218ERT\u0102CIUNE?! Nu, AP\u0102RARE!\"><img loading=\"lazy\" decoding=\"async\" width=\"150\" height=\"150\" class=\"attachment-thumbnail size-thumbnail wp-post-image lazyload\" alt src=\"https:\/\/www.incorectpolitic.com\/wp-content\/uploads\/2021\/06\/desertaciune-nu-aparare-150x150.jpg\"><img loading=\"lazy\" decoding=\"async\" width=\"150\" height=\"150\" src=\"https:\/\/www.incorectpolitic.com\/wp-content\/uploads\/2021\/06\/desertaciune-nu-aparare-150x150.jpg\" class=\"attachment-thumbnail size-thumbnail wp-post-image\" alt data-eio=\"l\"><\/a><\/div>\n<div class=\"entry-title\"><a class=\"featured_post_link\" href=\"https:\/\/www.incorectpolitic.com\/desertaciune-nu-aparare\/\" title=\"DE\u0218ERT\u0102CIUNE?! Nu, AP\u0102RARE!\">DE\u0218ERT\u0102CIUNE?! Nu, AP\u0102RARE!<\/a><\/div>\n<\/article>\n<article class=\"post-44728 post type-post status-publish entry includes-feat-image\">\n<div class=\"featured-image alignleft\"><a class=\"featured_post_link\" href=\"https:\/\/www.incorectpolitic.com\/resetarea-medicinei-sau-resetarea-omenirii-prin-nanotehnologie\/\" title=\"Resetarea Medicinei sau Resetarea Omenirii prin Nanotehnologie\"><img loading=\"lazy\" decoding=\"async\" width=\"150\" height=\"150\" src=\"https:\/\/www.incorectpolitic.com\/wp-content\/uploads\/2020\/12\/ed8a914d6d236c9d231903a8b2e79f63-150x150.gif\" class=\"attachment-thumbnail size-thumbnail wp-post-image lazyload\" alt><img loading=\"lazy\" decoding=\"async\" width=\"150\" height=\"150\" src=\"https:\/\/www.incorectpolitic.com\/wp-content\/uploads\/2020\/12\/ed8a914d6d236c9d231903a8b2e79f63-150x150.gif\" class=\"attachment-thumbnail size-thumbnail wp-post-image\" alt data-eio=\"l\"><\/a><\/div>\n<div class=\"entry-title\"><a class=\"featured_post_link\" href=\"https:\/\/www.incorectpolitic.com\/resetarea-medicinei-sau-resetarea-omenirii-prin-nanotehnologie\/\" title=\"Resetarea Medicinei sau Resetarea Omenirii prin Nanotehnologie\">Resetarea Medicinei sau Resetarea Omenirii prin Nanotehnologie<\/a><\/div>\n<\/article>\n<article class=\"post-43837 post type-post status-publish entry includes-feat-image\">\n<div class=\"featured-image alignleft\"><a class=\"featured_post_link\" href=\"https:\/\/www.incorectpolitic.com\/noul-legamant\/\" title=\"Noul Leg\u0103m\u00e2nt\"><img loading=\"lazy\" decoding=\"async\" width=\"150\" height=\"150\" src=\"https:\/\/www.incorectpolitic.com\/wp-content\/uploads\/2020\/12\/NL-150x150.jpg\" class=\"attachment-thumbnail size-thumbnail wp-post-image lazyload\" alt><img loading=\"lazy\" decoding=\"async\" width=\"150\" height=\"150\" src=\"https:\/\/www.incorectpolitic.com\/wp-content\/uploads\/2020\/12\/NL-150x150.jpg\" class=\"attachment-thumbnail size-thumbnail wp-post-image\" alt data-eio=\"l\"><\/a><\/div>\n<div class=\"entry-title\"><a class=\"featured_post_link\" href=\"https:\/\/www.incorectpolitic.com\/noul-legamant\/\" title=\"Noul Leg\u0103m\u00e2nt\">Noul Leg\u0103m\u00e2nt<\/a><\/div>\n<\/article>\n<article class=\"post-42525 post type-post status-publish entry includes-feat-image\">\n<div class=\"featured-image alignleft\"><a class=\"featured_post_link\" href=\"https:\/\/www.incorectpolitic.com\/vaccinarea-inseamna-crima-un-atentat-la-sanatatea-personala-la-integritatea-corporala-si-intimitatea-oricarui-om-liber-medicul-ce-vaccineaza-cu-forta-un-om-liber-merita-sa-fie-pedepsit-de-acesta\/\" title=\"Vaccinarea \u00eenseamn\u0103 crim\u0103, un atentat la s\u0103n\u0103tatea personal\u0103, la integritatea corporal\u0103 \u0219i intimitatea oric\u0103rui om liber. Medicul ce vaccineaz\u0103 cu for\u021ba un om liber merit\u0103 s\u0103 fie pedepsit de acesta\"><img loading=\"lazy\" decoding=\"async\" width=\"150\" height=\"150\" src=\"https:\/\/www.incorectpolitic.com\/wp-content\/uploads\/2020\/11\/syringe_0-150x150.jpg\" class=\"attachment-thumbnail size-thumbnail wp-post-image lazyload\" alt><img loading=\"lazy\" decoding=\"async\" width=\"150\" height=\"150\" src=\"https:\/\/www.incorectpolitic.com\/wp-content\/uploads\/2020\/11\/syringe_0-150x150.jpg\" class=\"attachment-thumbnail size-thumbnail wp-post-image\" alt data-eio=\"l\"><\/a><\/div>\n<div class=\"entry-title\"><a class=\"featured_post_link\" href=\"https:\/\/www.incorectpolitic.com\/vaccinarea-inseamna-crima-un-atentat-la-sanatatea-personala-la-integritatea-corporala-si-intimitatea-oricarui-om-liber-medicul-ce-vaccineaza-cu-forta-un-om-liber-merita-sa-fie-pedepsit-de-acesta\/\" title=\"Vaccinarea \u00eenseamn\u0103 crim\u0103, un atentat la s\u0103n\u0103tatea personal\u0103, la integritatea corporal\u0103 \u0219i intimitatea oric\u0103rui om liber. Medicul ce vaccineaz\u0103 cu for\u021ba un om liber merit\u0103 s\u0103 fie pedepsit de acesta\">Vaccinarea \u00eenseamn\u0103 crim\u0103, un atentat la s\u0103n\u0103tatea personal\u0103, la integritatea corporal\u0103 \u0219i intimitatea oric\u0103rui om liber. Medicul ce vaccineaz\u0103 cu for\u021ba un om liber merit\u0103 s\u0103 fie pedepsit de acesta<\/a><\/div>\n<\/article>\n<article class=\"post-38338 post type-post status-publish entry includes-feat-image\">\n<div class=\"featured-image alignleft\"><a class=\"featured_post_link\" href=\"https:\/\/www.incorectpolitic.com\/trebuie-sa-distrugem-suprematia-jidoveasca\/\" title=\"Trebuie s\u0103 distrugem superma\u021bia jidoveasc\u0103!\"><img loading=\"lazy\" decoding=\"async\" width=\"150\" height=\"150\" src=\"https:\/\/www.incorectpolitic.com\/wp-content\/uploads\/2018\/11\/GunoiOPS-150x150.png\" class=\"attachment-thumbnail size-thumbnail wp-post-image lazyload\" alt><img loading=\"lazy\" decoding=\"async\" width=\"150\" height=\"150\" src=\"https:\/\/www.incorectpolitic.com\/wp-content\/uploads\/2018\/11\/GunoiOPS-150x150.png\" class=\"attachment-thumbnail size-thumbnail wp-post-image\" alt data-eio=\"l\"><\/a><\/div>\n<div class=\"entry-title\"><a class=\"featured_post_link\" href=\"https:\/\/www.incorectpolitic.com\/trebuie-sa-distrugem-suprematia-jidoveasca\/\" title=\"Trebuie s\u0103 distrugem superma\u021bia jidoveasc\u0103!\">Trebuie s\u0103 distrugem superma\u021bia jidoveasc\u0103!<\/a><\/div>\n<\/article>\n<article class=\"post-30776 post type-post status-publish entry includes-feat-image\">\n<div class=\"featured-image alignleft\"><a class=\"featured_post_link\" href=\"https:\/\/www.incorectpolitic.com\/da-ti-doua-palme-si-ridica-te\/\" title=\"D\u0103-\u021bi Dou\u0103 Palme \u0219i Ridic\u0103-te\"><img loading=\"lazy\" decoding=\"async\" width=\"150\" height=\"150\" src=\"https:\/\/www.incorectpolitic.com\/wp-content\/uploads\/2019\/11\/1-mai-620x350-150x150.jpg\" class=\"attachment-thumbnail size-thumbnail wp-post-image lazyload\" alt><img loading=\"lazy\" decoding=\"async\" width=\"150\" height=\"150\" src=\"https:\/\/www.incorectpolitic.com\/wp-content\/uploads\/2019\/11\/1-mai-620x350-150x150.jpg\" class=\"attachment-thumbnail size-thumbnail wp-post-image\" alt data-eio=\"l\"><\/a><\/div>\n<div class=\"entry-title\"><a class=\"featured_post_link\" href=\"https:\/\/www.incorectpolitic.com\/da-ti-doua-palme-si-ridica-te\/\" title=\"D\u0103-\u021bi Dou\u0103 Palme \u0219i Ridic\u0103-te\">D\u0103-\u021bi Dou\u0103 Palme \u0219i Ridic\u0103-te<\/a><\/div>\n<\/article>\n<article class=\"post-27862 post type-post status-publish entry includes-feat-image\">\n<div class=\"featured-image alignleft\"><a class=\"featured_post_link\" href=\"https:\/\/www.incorectpolitic.com\/scrisoare-deschisa-catre-neamul-romanesc\/\" title=\"Scrisoare Deschis\u0103 C\u0103tre Neamul Rom\u00e2nesc\"><img loading=\"lazy\" decoding=\"async\" width=\"150\" height=\"150\" src=\"https:\/\/www.incorectpolitic.com\/wp-content\/uploads\/2019\/09\/videoblocks-male-hand-reload-a-revolver-magnum-gun-without-bullets-magnum-revolver-and-empty-bullet-magnum-lead-round-nose-45-auto-rim-revolver-rounds_ha1focujz_thumbnail-full01-150x150.jpg\" class=\"attachment-thumbnail size-thumbnail wp-post-image lazyload\" alt><img loading=\"lazy\" decoding=\"async\" width=\"150\" height=\"150\" src=\"https:\/\/www.incorectpolitic.com\/wp-content\/uploads\/2019\/09\/videoblocks-male-hand-reload-a-revolver-magnum-gun-without-bullets-magnum-revolver-and-empty-bullet-magnum-lead-round-nose-45-auto-rim-revolver-rounds_ha1focujz_thumbnail-full01-150x150.jpg\" class=\"attachment-thumbnail size-thumbnail wp-post-image\" alt data-eio=\"l\"><\/a><\/div>\n<div class=\"entry-title\"><a class=\"featured_post_link\" href=\"https:\/\/www.incorectpolitic.com\/scrisoare-deschisa-catre-neamul-romanesc\/\" title=\"Scrisoare Deschis\u0103 C\u0103tre Neamul Rom\u00e2nesc\">Scrisoare Deschis\u0103 C\u0103tre Neamul Rom\u00e2nesc<\/a><\/div>\n<\/article>\n<article class=\"post-26255 post type-post status-publish entry includes-feat-image\">\n<div class=\"featured-image alignleft\"><a class=\"featured_post_link\" href=\"https:\/\/www.incorectpolitic.com\/sociologia-eliberarii-si-curentele-laterale-de-sedimentare-revolutionara\/\" title=\"Sociologia Eliber\u0103rii \u0219i Curentele Laterale de Sedimentare Revolu\u021bionar\u0103\"><img loading=\"lazy\" decoding=\"async\" width=\"150\" height=\"150\" src=\"https:\/\/www.incorectpolitic.com\/wp-content\/uploads\/2020\/12\/nm3-150x150.png\" class=\"attachment-thumbnail size-thumbnail wp-post-image lazyload\" alt><img loading=\"lazy\" decoding=\"async\" width=\"150\" height=\"150\" src=\"https:\/\/www.incorectpolitic.com\/wp-content\/uploads\/2020\/12\/nm3-150x150.png\" class=\"attachment-thumbnail size-thumbnail wp-post-image\" alt data-eio=\"l\"><\/a><\/div>\n<div class=\"entry-title\"><a class=\"featured_post_link\" href=\"https:\/\/www.incorectpolitic.com\/sociologia-eliberarii-si-curentele-laterale-de-sedimentare-revolutionara\/\" title=\"Sociologia Eliber\u0103rii \u0219i Curentele Laterale de Sedimentare Revolu\u021bionar\u0103\">Sociologia Eliber\u0103rii \u0219i Curentele Laterale de Sedimentare Revolu\u021bionar\u0103<\/a><\/div>\n<\/article>\n<article class=\"post-21977 post type-post status-publish entry includes-feat-image\">\n<div class=\"featured-image alignleft\"><a class=\"featured_post_link\" href=\"https:\/\/www.incorectpolitic.com\/impotriva-fatalismului\/\" title=\"\u00cempotriva Fatalismului\"><img loading=\"lazy\" decoding=\"async\" width=\"150\" height=\"150\" src=\"https:\/\/www.incorectpolitic.com\/wp-content\/uploads\/2019\/04\/thumb-150x150.jpg\" class=\"attachment-thumbnail size-thumbnail wp-post-image lazyload\" alt><img loading=\"lazy\" decoding=\"async\" width=\"150\" height=\"150\" src=\"https:\/\/www.incorectpolitic.com\/wp-content\/uploads\/2019\/04\/thumb-150x150.jpg\" class=\"attachment-thumbnail size-thumbnail wp-post-image\" alt data-eio=\"l\"><\/a><\/div>\n<div class=\"entry-title\"><a class=\"featured_post_link\" href=\"https:\/\/www.incorectpolitic.com\/impotriva-fatalismului\/\" title=\"\u00cempotriva Fatalismului\">\u00cempotriva Fatalismului<\/a><\/div>\n<\/article>\n<article class=\"post-20844 post type-post status-publish entry includes-feat-image\">\n<div class=\"featured-image alignleft\"><a class=\"featured_post_link\" href=\"https:\/\/www.incorectpolitic.com\/inceputul-etapei-post-globaliste-mass-media-ultimul-obstacol\/\" title=\"\u00cenceputul Etapei Post-Globaliste \u2013  Mass Media Ultimul Obstacol\"><img loading=\"lazy\" decoding=\"async\" width=\"150\" height=\"150\" src=\"https:\/\/www.incorectpolitic.com\/wp-content\/uploads\/2019\/03\/https___cdn.cnn_.com_cnnnext_dam_assets_181202123002-yellow-vest-protest-150x150.jpg\" class=\"attachment-thumbnail size-thumbnail wp-post-image lazyload\" alt><img loading=\"lazy\" decoding=\"async\" width=\"150\" height=\"150\" src=\"https:\/\/www.incorectpolitic.com\/wp-content\/uploads\/2019\/03\/https___cdn.cnn_.com_cnnnext_dam_assets_181202123002-yellow-vest-protest-150x150.jpg\" class=\"attachment-thumbnail size-thumbnail wp-post-image\" alt data-eio=\"l\"><\/a><\/div>\n<div class=\"entry-title\"><a class=\"featured_post_link\" href=\"https:\/\/www.incorectpolitic.com\/inceputul-etapei-post-globaliste-mass-media-ultimul-obstacol\/\" title=\"\u00cenceputul Etapei Post-Globaliste \u2013  Mass Media Ultimul Obstacol\">\u00cenceputul Etapei Post-Globaliste \u2013  Mass Media Ultimul Obstacol<\/a><\/div>\n<\/article>\n<article class=\"post-19704 post type-post status-publish entry includes-feat-image\">\n<div class=\"featured-image alignleft\"><a class=\"featured_post_link\" href=\"https:\/\/www.incorectpolitic.com\/mlastina-mass-media-serial-complet\/\" title=\"Mla\u0219tina Mass Media  \u2013 Serial Complet\"><img loading=\"lazy\" decoding=\"async\" width=\"150\" height=\"150\" src=\"https:\/\/www.incorectpolitic.com\/wp-content\/uploads\/2018\/06\/colaj-modificat-1-768x278-150x150.jpg\" class=\"attachment-thumbnail size-thumbnail wp-post-image lazyload\" alt><img loading=\"lazy\" decoding=\"async\" width=\"150\" height=\"150\" src=\"https:\/\/www.incorectpolitic.com\/wp-content\/uploads\/2018\/06\/colaj-modificat-1-768x278-150x150.jpg\" class=\"attachment-thumbnail size-thumbnail wp-post-image\" alt data-eio=\"l\"><\/a><\/div>\n<div class=\"entry-title\"><a class=\"featured_post_link\" href=\"https:\/\/www.incorectpolitic.com\/mlastina-mass-media-serial-complet\/\" title=\"Mla\u0219tina Mass Media  \u2013 Serial Complet\">Mla\u0219tina Mass Media  \u2013 Serial Complet<\/a><\/div>\n<\/article>\n<article class=\"post-5104 post type-post status-publish entry includes-feat-image\">\n<div class=\"featured-image alignleft\"><a class=\"featured_post_link\" href=\"https:\/\/www.incorectpolitic.com\/momentul-1937\/\" title=\"Momentul 1937\"><img loading=\"lazy\" decoding=\"async\" width=\"150\" height=\"150\" src=\"https:\/\/www.incorectpolitic.com\/wp-content\/uploads\/2018\/03\/capitanul-codreanu2003a-150x150.jpg\" class=\"attachment-thumbnail size-thumbnail wp-post-image lazyload\" alt><img loading=\"lazy\" decoding=\"async\" width=\"150\" height=\"150\" src=\"https:\/\/www.incorectpolitic.com\/wp-content\/uploads\/2018\/03\/capitanul-codreanu2003a-150x150.jpg\" class=\"attachment-thumbnail size-thumbnail wp-post-image\" alt data-eio=\"l\"><\/a><\/div>\n<div class=\"entry-title\"><a class=\"featured_post_link\" href=\"https:\/\/www.incorectpolitic.com\/momentul-1937\/\" title=\"Momentul 1937\">Momentul 1937<\/a><\/div>\n<\/article>\n<article class=\"post-16914 post type-post status-publish entry includes-feat-image\">\n<div class=\"featured-image alignleft\"><a class=\"featured_post_link\" href=\"https:\/\/www.incorectpolitic.com\/portretul-romanului-iudeo-crestin\/\" title=\"Portretul Rom\u00e2nului Iudeo-Cre\u0219tin Iubitor de Infanticid\"><img loading=\"lazy\" decoding=\"async\" width=\"150\" height=\"150\" src=\"https:\/\/www.incorectpolitic.com\/wp-content\/uploads\/2019\/01\/venn-150x150.jpg\" class=\"attachment-thumbnail size-thumbnail wp-post-image lazyload\" alt><img loading=\"lazy\" decoding=\"async\" width=\"150\" height=\"150\" src=\"https:\/\/www.incorectpolitic.com\/wp-content\/uploads\/2019\/01\/venn-150x150.jpg\" class=\"attachment-thumbnail size-thumbnail wp-post-image\" alt data-eio=\"l\"><\/a><\/div>\n<div class=\"entry-title\"><a class=\"featured_post_link\" href=\"https:\/\/www.incorectpolitic.com\/portretul-romanului-iudeo-crestin\/\" title=\"Portretul Rom\u00e2nului Iudeo-Cre\u0219tin Iubitor de Infanticid\">Portretul Rom\u00e2nului Iudeo-Cre\u0219tin Iubitor de Infanticid<\/a><\/div>\n<\/article>\n<article class=\"post-13899 post type-post status-publish entry includes-feat-image\">\n<div class=\"featured-image alignleft\"><a class=\"featured_post_link\" href=\"https:\/\/www.incorectpolitic.com\/manifest-impotriva-national-sionismului\/\" title=\"Manifest \u00cempotriva Na\u021bional-Sionismului din Rom\u00e2nia\"><img loading=\"lazy\" decoding=\"async\" width=\"150\" height=\"150\" src=\"https:\/\/www.incorectpolitic.com\/wp-content\/uploads\/2018\/10\/z1-150x150.png\" class=\"attachment-thumbnail size-thumbnail wp-post-image lazyload\" alt><img loading=\"lazy\" decoding=\"async\" width=\"150\" height=\"150\" src=\"https:\/\/www.incorectpolitic.com\/wp-content\/uploads\/2018\/10\/z1-150x150.png\" class=\"attachment-thumbnail size-thumbnail wp-post-image\" alt data-eio=\"l\"><\/a><\/div>\n<div class=\"entry-title\"><a class=\"featured_post_link\" href=\"https:\/\/www.incorectpolitic.com\/manifest-impotriva-national-sionismului\/\" title=\"Manifest \u00cempotriva Na\u021bional-Sionismului din Rom\u00e2nia\">Manifest \u00cempotriva Na\u021bional-Sionismului din Rom\u00e2nia<\/a><\/div>\n<\/article>\n<article class=\"post-7498 post type-post status-publish entry includes-feat-image\">\n<div class=\"featured-image alignleft\"><a class=\"featured_post_link\" href=\"https:\/\/www.incorectpolitic.com\/istorie-zydokomuna-cea-mai-completa-lista-a-nomenclaturii-iudeo-bolsevice-din-romania\/\" title=\"Istorie: \u017bYDOKOMUNA, Cea Mai Complet\u0103 List\u0103 a Nomenclaturii Iudeo-Bol\u0219evice din Rom\u00e2nia\"><img loading=\"lazy\" decoding=\"async\" width=\"150\" height=\"150\" src=\"https:\/\/www.incorectpolitic.com\/wp-content\/uploads\/2018\/06\/holocaustul-rosu-150x150.jpg\" class=\"attachment-thumbnail size-thumbnail wp-post-image lazyload\" alt><img loading=\"lazy\" decoding=\"async\" width=\"150\" height=\"150\" src=\"https:\/\/www.incorectpolitic.com\/wp-content\/uploads\/2018\/06\/holocaustul-rosu-150x150.jpg\" class=\"attachment-thumbnail size-thumbnail wp-post-image\" alt data-eio=\"l\"><\/a><\/div>\n<div class=\"entry-title\"><a class=\"featured_post_link\" href=\"https:\/\/www.incorectpolitic.com\/istorie-zydokomuna-cea-mai-completa-lista-a-nomenclaturii-iudeo-bolsevice-din-romania\/\" title=\"Istorie: \u017bYDOKOMUNA, Cea Mai Complet\u0103 List\u0103 a Nomenclaturii Iudeo-Bol\u0219evice din Rom\u00e2nia\">Istorie: \u017bYDOKOMUNA, Cea Mai Complet\u0103 List\u0103 a Nomenclaturii Iudeo-Bol\u0219evice din Rom\u00e2nia<\/a><\/div>\n<\/article>\n<article class=\"post-6413 post type-post status-publish entry includes-feat-image\">\n<div class=\"featured-image alignleft\"><a class=\"featured_post_link\" href=\"https:\/\/www.incorectpolitic.com\/iudaismul-este-un-proiect-politic\/\" title=\"Iudaismul Este Un Proiect Politic\"><img loading=\"lazy\" decoding=\"async\" width=\"150\" height=\"150\" src=\"https:\/\/www.incorectpolitic.com\/wp-content\/uploads\/2018\/05\/israelzionismjudaism5-150x150.jpeg\" class=\"attachment-thumbnail size-thumbnail wp-post-image lazyload\" alt><img loading=\"lazy\" decoding=\"async\" width=\"150\" height=\"150\" src=\"https:\/\/www.incorectpolitic.com\/wp-content\/uploads\/2018\/05\/israelzionismjudaism5-150x150.jpeg\" class=\"attachment-thumbnail size-thumbnail wp-post-image\" alt data-eio=\"l\"><\/a><\/div>\n<div class=\"entry-title\"><a class=\"featured_post_link\" href=\"https:\/\/www.incorectpolitic.com\/iudaismul-este-un-proiect-politic\/\" title=\"Iudaismul Este Un Proiect Politic\">Iudaismul Este Un Proiect Politic<\/a><\/div>\n<\/article>\n<article class=\"post-5089 post type-post status-publish entry includes-feat-image\">\n<div class=\"featured-image alignleft\"><a class=\"featured_post_link\" href=\"https:\/\/www.incorectpolitic.com\/exploziv-si-excluziv-interviul-interzis-in-presa-romaneasca\/\" title=\"EXPLOZIV \u0218I EXCLUSIV: Interviul INTERZIS \u00een Presa Rom\u00e2neasc\u0103\"><img loading=\"lazy\" decoding=\"async\" width=\"150\" height=\"150\" src=\"https:\/\/www.incorectpolitic.com\/wp-content\/uploads\/2018\/03\/gscz6z-150x150.gif\" class=\"attachment-thumbnail size-thumbnail wp-post-image lazyload\" alt><img loading=\"lazy\" decoding=\"async\" width=\"150\" height=\"150\" src=\"https:\/\/www.incorectpolitic.com\/wp-content\/uploads\/2018\/03\/gscz6z-150x150.gif\" class=\"attachment-thumbnail size-thumbnail wp-post-image\" alt data-eio=\"l\"><\/a><\/div>\n<div class=\"entry-title\"><a class=\"featured_post_link\" href=\"https:\/\/www.incorectpolitic.com\/exploziv-si-excluziv-interviul-interzis-in-presa-romaneasca\/\" title=\"EXPLOZIV \u0218I EXCLUSIV: Interviul INTERZIS \u00een Presa Rom\u00e2neasc\u0103\">EXPLOZIV \u0218I EXCLUSIV: Interviul INTERZIS \u00een Presa Rom\u00e2neasc\u0103<\/a><\/div>\n<\/article>\n<article class=\"post-1109 post type-post status-publish entry includes-feat-image\">\n<div class=\"featured-image alignleft\"><a class=\"featured_post_link\" href=\"https:\/\/www.incorectpolitic.com\/ofensiva-spirituala-poloniei\/\" title=\"Ofensiva Spiritual\u0103 a Poloniei\"><img loading=\"lazy\" decoding=\"async\" width=\"150\" height=\"150\" src=\"https:\/\/www.incorectpolitic.com\/wp-content\/uploads\/2017\/10\/jesus-with-whip3-150x150.jpg\" class=\"attachment-thumbnail size-thumbnail wp-post-image lazyload\" alt><img loading=\"lazy\" decoding=\"async\" width=\"150\" height=\"150\" src=\"https:\/\/www.incorectpolitic.com\/wp-content\/uploads\/2017\/10\/jesus-with-whip3-150x150.jpg\" class=\"attachment-thumbnail size-thumbnail wp-post-image\" alt data-eio=\"l\"><\/a><\/div>\n<div class=\"entry-title\"><a class=\"featured_post_link\" href=\"https:\/\/www.incorectpolitic.com\/ofensiva-spirituala-poloniei\/\" title=\"Ofensiva Spiritual\u0103 a Poloniei\">Ofensiva Spiritual\u0103 a Poloniei<\/a><\/div>\n<\/article>\n<article class=\"post-5673 post type-post status-publish entry includes-feat-image\">\n<div class=\"featured-image alignleft\"><a class=\"featured_post_link\" href=\"https:\/\/www.incorectpolitic.com\/biciul-prigonirii-romanilor-este-in-mana-jidanilor\/\" title=\"Biciul Prigonirii Rom\u00e2nilor Este \u00een M\u00e2na Jidanilor!\"><img loading=\"lazy\" decoding=\"async\" width=\"150\" height=\"150\" src=\"https:\/\/www.incorectpolitic.com\/wp-content\/uploads\/2018\/04\/S.-Vexler-si-B.-Netanyahu-150x150.jpg\" class=\"attachment-thumbnail size-thumbnail wp-post-image lazyload\" alt><img loading=\"lazy\" decoding=\"async\" width=\"150\" height=\"150\" src=\"https:\/\/www.incorectpolitic.com\/wp-content\/uploads\/2018\/04\/S.-Vexler-si-B.-Netanyahu-150x150.jpg\" class=\"attachment-thumbnail size-thumbnail wp-post-image\" alt data-eio=\"l\"><\/a><\/div>\n<div class=\"entry-title\"><a class=\"featured_post_link\" href=\"https:\/\/www.incorectpolitic.com\/biciul-prigonirii-romanilor-este-in-mana-jidanilor\/\" title=\"Biciul Prigonirii Rom\u00e2nilor Este \u00een M\u00e2na Jidanilor!\">Biciul Prigonirii Rom\u00e2nilor Este \u00een M\u00e2na Jidanilor!<\/a><\/div>\n<\/article>\n<article class=\"post-80464 post type-post status-publish entry includes-feat-image\">\n<div class=\"featured-image alignleft\"><a class=\"featured_post_link\" href=\"https:\/\/www.incorectpolitic.com\/talmudismul-este-esenta-satanismului\/\" title=\"TALMUDISMUL ESTE ESEN\u021aA SATANISMULUI\"><img loading=\"lazy\" decoding=\"async\" width=\"150\" height=\"150\" src=\"https:\/\/www.incorectpolitic.com\/wp-content\/uploads\/2020\/02\/vasile-zarnescu-150x150.png\" class=\"attachment-thumbnail size-thumbnail wp-post-image lazyload\" alt><img loading=\"lazy\" decoding=\"async\" width=\"150\" height=\"150\" src=\"https:\/\/www.incorectpolitic.com\/wp-content\/uploads\/2020\/02\/vasile-zarnescu-150x150.png\" class=\"attachment-thumbnail size-thumbnail wp-post-image\" alt data-eio=\"l\"><\/a><\/div>\n<div class=\"entry-title\"><a class=\"featured_post_link\" href=\"https:\/\/www.incorectpolitic.com\/talmudismul-este-esenta-satanismului\/\" title=\"TALMUDISMUL ESTE ESEN\u021aA SATANISMULUI\">TALMUDISMUL ESTE ESEN\u021aA SATANISMULUI<\/a><\/div>\n<\/article>\n<article class=\"post-20005 post type-post status-publish entry includes-feat-image\">\n<div class=\"featured-image alignleft\"><a class=\"featured_post_link\" href=\"https:\/\/www.incorectpolitic.com\/viciul-matematic-elementar-v-m-e-2\/\" title=\"Viciul Matematic Elementar (V.M.E.)\"><img loading=\"lazy\" decoding=\"async\" width=\"150\" height=\"150\" src=\"https:\/\/www.incorectpolitic.com\/wp-content\/uploads\/2017\/12\/tell-lie-vision-150x150.jpg\" class=\"attachment-thumbnail size-thumbnail wp-post-image lazyload\" alt><img loading=\"lazy\" decoding=\"async\" width=\"150\" height=\"150\" src=\"https:\/\/www.incorectpolitic.com\/wp-content\/uploads\/2017\/12\/tell-lie-vision-150x150.jpg\" class=\"attachment-thumbnail size-thumbnail wp-post-image\" alt data-eio=\"l\"><\/a><\/div>\n<div class=\"entry-title\"><a class=\"featured_post_link\" href=\"https:\/\/www.incorectpolitic.com\/viciul-matematic-elementar-v-m-e-2\/\" title=\"Viciul Matematic Elementar (V.M.E.)\">Viciul Matematic Elementar (V.M.E.)<\/a><\/div>\n<\/article>\n<p>[analyse_source url=&#8221;https:\/\/www.incorectpolitic.com\/urmatorul-salt-ce-trebuie-sa-faca-tineretul\/&#8221;]<\/p>\n","protected":false},"excerpt":{"rendered":"<p>[analyse_image type=&#8221;featured&#8221; src=&#8221;https:\/\/www.incorectpolitic.com\/wp-content\/uploads\/2026\/09\/ultimul-salt.png&#8221;] Prof. Octavian DimarescuIncorect Politic Septembrie 3, 2026 Tr\u0103im zilnic iluzia unei libert\u0103\u021bi prefabricate, o libertate care de fapt ne consum\u0103 lent energiile vitale \u0219i ne transform\u0103 \u00een simpli spectatori ai propriului declin. Genera\u021bia noastr\u0103 a fost dresat\u0103 metodic s\u0103 accepte comoditatea, cinismul \u0219i divertismentul ieftin drept supreme idealuri de via\u021b\u0103, iar sistemul [&hellip;]<\/p>\n","protected":false},"author":1,"featured_media":0,"comment_status":"open","ping_status":"","sticky":false,"template":"","format":"standard","meta":{"footnotes":""},"categories":[89],"tags":[226,95],"class_list":["post-2127847","post","type-post","status-publish","format-standard","hentry","category-romania","tag-crawlmanager","tag-incorectpolitic-com"],"_links":{"self":[{"href":"https:\/\/analyse.optim.biz\/index.php?rest_route=\/wp\/v2\/posts\/2127847","targetHints":{"allow":["GET"]}}],"collection":[{"href":"https:\/\/analyse.optim.biz\/index.php?rest_route=\/wp\/v2\/posts"}],"about":[{"href":"https:\/\/analyse.optim.biz\/index.php?rest_route=\/wp\/v2\/types\/post"}],"author":[{"embeddable":true,"href":"https:\/\/analyse.optim.biz\/index.php?rest_route=\/wp\/v2\/users\/1"}],"replies":[{"embeddable":true,"href":"https:\/\/analyse.optim.biz\/index.php?rest_route=%2Fwp%2Fv2%2Fcomments&post=2127847"}],"version-history":[{"count":0,"href":"https:\/\/analyse.optim.biz\/index.php?rest_route=\/wp\/v2\/posts\/2127847\/revisions"}],"wp:attachment":[{"href":"https:\/\/analyse.optim.biz\/index.php?rest_route=%2Fwp%2Fv2%2Fmedia&parent=2127847"}],"wp:term":[{"taxonomy":"category","embeddable":true,"href":"https:\/\/analyse.optim.biz\/index.php?rest_route=%2Fwp%2Fv2%2Fcategories&post=2127847"},{"taxonomy":"post_tag","embeddable":true,"href":"https:\/\/analyse.optim.biz\/index.php?rest_route=%2Fwp%2Fv2%2Ftags&post=2127847"}],"curies":[{"name":"wp","href":"https:\/\/api.w.org\/{rel}","templated":true}]}}