{"id":2127817,"date":"2026-09-03T12:08:22","date_gmt":"2026-09-03T09:08:22","guid":{"rendered":"https:\/\/analyse.optim.biz\/?p=2127817"},"modified":"2026-09-03T12:08:22","modified_gmt":"2026-09-03T09:08:22","slug":"jaf-la-casa-gradinarului-36-000-de-lei-pe-luna-pentru-permacultura-pe-circa-200-de-metri-patrati-la-centrul-cultural-alexandru-marghiloman-banii-publici-se-arunca-ca-la-lautari","status":"publish","type":"post","link":"https:\/\/analyse.optim.biz\/?p=2127817","title":{"rendered":"JAF LA CASA GR\u0102DINARULUI! 36.000 de lei pe lun\u0103 pentru permacultur\u0103 pe circa 200 de metri p\u0103tra\u021bi. La Centrul Cultural \u201eAlexandru Marghiloman\u201d, banii publici se arunc\u0103 ca la l\u0103utari: \u201ef\u0103r\u0103 num\u0103r, f\u0103r\u0103 num\u0103r, f\u0103r\u0103 num\u0103r\u201d"},"content":{"rendered":"<p>[analyse_image type=&#8221;featured&#8221; src=&#8221;https:\/\/gazetabuzoiana.ro\/wp-content\/uploads\/2026\/09\/2.jpeg&#8221;]<\/p>\n<div class=\"entry-content entry clearfix\">\n<p class=\"wp-block-paragraph\">At\u00e2t pl\u0103te\u0219te Centrul Cultural \u0219i Educa\u021bional \u201eAlexandru Marghiloman\u201d pentru permacultura care se face la Casa Gr\u0103dinarului, 36.000 de lei pe lun\u0103. \u00cen total, pentru cele opt luni de servicii, suma ajunge la 288.000 de lei, f\u0103r\u0103 TVA. Banii sunt pl\u0103ti\u021bi c\u0103tre <em>Terra Horticultura<\/em> SRL, firma care a contractat serviciile pentru activitatea de permacultur\u0103 de la Casa Gr\u0103dinarului, \u00eentr-un proiect \u00een care este prev\u0103zut\u0103 o suprafa\u021b\u0103 de aproximativ 200 de metri p\u0103tra\u021bi. <\/p>\n<p class=\"wp-block-paragraph\">Pentru a nu crea confuzii, trebuie s\u0103 facem o precizare inmportant\u0103. Sera are o suprafa\u021b\u0103 de aproximativ 192 de metri p\u0103tra\u021bi \u0219i se cultiv\u0103 \u0219i \u00een incinta ei, dar aici nu se face permacultur\u0103<strong>.<\/strong> Aceast\u0103 activitate se desf\u0103\u0219oar\u0103 \u00een exteriorul serei, iar \u00een acest moment permacultura municipal\u0103 se desf\u0103\u0219oar\u0103 pe o suprafa\u021b\u0103 de aproximativ 200 de metri p\u0103tra\u021bi. Proiectul prevede extinderea acestei activit\u0103\u021bi pe o suprafa\u021b\u0103 exterioar\u0103 mult mai mare, \u00een timp.<\/p>\n<p class=\"wp-block-paragraph\">Cu alte cuvinte, nu am pus \u00een discu\u021bie cei 192 de metri p\u0103tra\u021bi ai serei atunci c\u00e2nd calcul\u0103m costul permaculturii, ci ne referim la cei 36.000 de lei pe lun\u0103 pl\u0103ti\u021bi pentru activitatea de permacultur\u0103 care, \u00een prezent, se desf\u0103\u0219oar\u0103 pe aproximativ 100 de metri p\u0103tra\u021bi.<\/p>\n<p class=\"wp-block-paragraph\">Iar administra\u021bia local\u0103 prezint\u0103 acest proiect la nivel de mega-proiect.<\/p>\n<p class=\"wp-block-paragraph\">Viceprimarul Oana Gheorghiu a scris recent, \u00eentr-o postare public\u0103, despre faptul c\u0103 proiectul de la Casa Gr\u0103dinarului va deservi \u00eentreaga regiune din care face parte Buz\u0103ul \u0219i, \u00een aceea\u0219i logic\u0103 au fost prezentate public \u0219i primele produse rezultate de la Casa Gr\u0103dinarului, c\u00e2teva l\u0103di\u021be cu legume. Raport\u00e2nd imaginile cu acele l\u0103di\u021be la banii care se cheltuie acolo, te-ai fi a\u0219teptat s\u0103 vezi l\u0103zi cu legume unele peste altele, nu c\u00e2teva l\u0103di\u021be a\u0219ezate una l\u00e2ng\u0103 alta. Reprezentan\u021bii unor unit\u0103\u021bi \u0219i institu\u021bii care au beneficiari c\u0103rora li se serve\u0219te masa ne-au spus c\u0103, din legumele primite \u00een acele l\u0103di\u021be, nu au adunat nici m\u0103car o traist\u0103 de legume c\u00e2t s\u0103 fac\u0103 un ghiveci, dara sta este alt\u0103 poveste.<\/p>\n<p class=\"wp-block-paragraph\">Revenind, am dori s\u0103 subliniem c\u0103nu este nimic scandalos \u00een faptul c\u0103 un proiect aflat la \u00eenceput produce pu\u021bin. Problema este alta \u0219i anume raportul dintre ceea ce se produce efectiv acum, dimensiunea real\u0103 a activit\u0103\u021bii \u0219i banii publici cheltui\u021bi pentru ea.<\/p>\n<p class=\"wp-block-paragraph\">Iar dac\u0103 acestea ar fi cheltuielile unui agricultor obi\u0219nuit, care trebuie s\u0103-\u0219i scoat\u0103 venitul din produc\u021bia agricol\u0103, probabil c\u0103 omul s-ar l\u0103sa de meserie.<\/p>\n<p class=\"wp-block-paragraph\"><em>Gazeta Buzoian\u0103<\/em> va solicita, \u00een baza Legii nr. 544\/2001, documentele \u0219i explica\u021biile necesare pentru a vedea exact ce se afl\u0103 \u00een spatele acestor sume. Vom cere defalcarea celor 288.000 de lei pl\u0103ti\u021bi c\u0103tre Terra Horticultura SRL, dar \u0219i documentele justificative pentru celelalte cheltuieli prezentate \u00een material. Vrem s\u0103 \u0219tim ce s-a cump\u0103rat, \u00een ce cantit\u0103\u021bi, la ce pre\u021buri unitare, ce servicii au fost efectiv prestate \u0219i care au fost necesit\u0103\u021bile care au stat la baza acestor achizi\u021bii. P\u00e2n\u0103 la primirea r\u0103spunsurilor oficiale, cifrele din achizi\u021biile publice sunt cele care vorbesc. <\/p>\n<p class=\"wp-block-paragraph\">P\u00e2n\u0103 aici am vorbit despre una dintre cheltuielile Centrului Cultural \u201eAlexandru Marghiloman\u201d  care atrag aten\u021bia prin valoarea lor. \u0218i nu este singura. Din achizi\u021biile f\u0103cute de CECAM \u00een ultimii ani ies la iveal\u0103 \u0219i alte sume importante pentru c\u0103r\u021bi, tip\u0103rituri, promovare, scenotehnic\u0103, produse din o\u021bel Corten \u0219i alte servicii. Privite \u00eempreun\u0103, toate acestea las\u0103 impresia c\u0103, la Centrul Cultural \u201eAlexandru Marghiloman\u201d, banii publici se arunc\u0103 ca la l\u0103utari, adic\u0103 f\u0103r\u0103  num\u0103r \u0219i f\u0103r\u0103 s\u0103-i doar\u0103 burta, pentru c\u0103 nu sunt banii lor, sunt banii no\u0219tri, ai buzoienilor.<\/p>\n<p class=\"wp-block-paragraph\">Deocamdat\u0103, \u00een r\u00e2ndurile care urmeaz\u0103, v\u0103 prezent\u0103m, cu cifre \u0219i achizi\u021bii la vedere, tabloul unui posibil jaf pe bani publici. Vom reveni asupra subiectului dup\u0103 ce Centrul Cultural \u0219i Educa\u021bional \u201eAlexandru Marghiloman\u201d ne va r\u0103spunde solicit\u0103rii formulate \u00een baza Legii 544\/2001 \u0219i vom afla, document cu document, pentru ce au fost cheltui\u021bi ace\u0219ti bani.<\/p>\n<h1 class=\"wp-block-heading\">36.000 de lei pe lun\u0103 pentru activitatea de la Casa Gr\u0103dinarului<\/h1>\n<p class=\"wp-block-paragraph\">36.000 de lei pe lun\u0103 nu sunt pu\u021bini bani, indiferent cum \u00eei prive\u0219ti. \u00censeamn\u0103 360  de milioane de lei vechi. De aceea am vrut s\u0103 vedem ce se \u00eent\u00e2mpl\u0103, concret, la Casa Gr\u0103dinarului \u0219i pentru ce se pl\u0103te\u0219te aceast\u0103 sum\u0103. \u00cen prezent, permacultura se face \u00een exteriorul serei, pe aproximativ 200 de metri p\u0103tra\u021bi. Proiectul este g\u00e2ndit s\u0103 se extind\u0103 \u00een timp pe o suprafa\u021b\u0103 mult mai mare, \u00eens\u0103 aceea este situa\u021bia de acum. Iar despre ce se produce efectiv \u0219i ce ajunge la beneficiari, administra\u021bia local\u0103 ne-a prezentat deja primele rezultate. Dar s\u0103 \u00eencepem cu \u00eenceputul!<\/p>\n<p class=\"wp-block-paragraph\">Pe 25 mai 2026, Centrul Cultural \u0219i Educa\u021bional \u201eAlexandru Marghiloman\u201d a f\u0103cut o achizi\u021bie direct\u0103 c\u0103tre Terra Horticultura SRL, CUI 53183804.<\/p>\n<p class=\"wp-block-paragraph\">\u00cen SEAP, achizi\u021bia apare cu denumirea \u201ePrest\u0103ri servicii \u2013 horticultura\u201d, CPV 77300000-3 \u2013 servicii pentru horticultur\u0103.<\/p>\n<p class=\"wp-block-paragraph\">Valoarea este de 288.000 de lei f\u0103r\u0103 TVA, pentru opt luni.<\/p>\n<p class=\"wp-block-paragraph\">Cantitatea este trecut\u0103 \u00een SEAP ca 8 luni, cu un pre\u021b de 36.000 de lei\/lun\u0103.<\/p>\n<p class=\"wp-block-paragraph\">Achizi\u021bia a fost publicat\u0103 la ora 09:29 \u0219i finalizat\u0103 la\u2026 c\u00e2t crede\u021bi? 10:19. Adic\u0103 \u00eentr-un interval de aproximativ 50 de minute. <\/p>\n<p class=\"wp-block-paragraph\">Destina\u021bia serviciilor este activitatea de la Casa Gr\u0103dinarului, centrul educa\u021bional pentru permacultur\u0103 \u0219i hran\u0103 s\u0103n\u0103toas\u0103.<\/p>\n<p class=\"wp-block-paragraph\">\u00cen SEAP, obiectul achizi\u021biei este formulat generic, ca servicii pentru horticultur\u0103. Leg\u0103tura cu permacultura rezult\u0103 \u00eens\u0103 din destina\u021bia Casei Gr\u0103dinarului \u0219i din documentele proiectului, care prev\u0103d \u00een mod explicit amenajarea unei micro-ferme didactice cu specific de permacultur\u0103.<\/p>\n<figure class=\"wp-block-gallery has-nested-images columns-default is-cropped wp-block-gallery-1 is-layout-flex wp-block-gallery-is-layout-flex\">\n<figure class=\"wp-block-image size-large\"><img loading=\"lazy\" decoding=\"async\" width=\"496\" height=\"1024\" data-id=\"22493\" src=\"https:\/\/gazetabuzoiana.ro\/wp-content\/uploads\/2026\/09\/A-496x1024.jpeg\" alt class=\"wp-image-22493\"><\/figure>\n<figure class=\"wp-block-image size-large\"><img decoding=\"async\" loading=\"lazy\" width=\"473\" height=\"1024\" data-id=\"22494\" src=\"https:\/\/gazetabuzoiana.ro\/wp-content\/uploads\/2026\/09\/B-473x1024.jpeg\" alt class=\"wp-image-22494\"><\/figure>\n<\/figure>\n<h1 class=\"wp-block-heading\">Sera este una, permacultura este alta<\/h1>\n<p class=\"wp-block-paragraph\">Ca s\u0103 nu amestec\u0103m lucrurile \u0219i s\u0103 nu d\u0103m impresia c\u0103 cei 36.000 de lei pe lun\u0103 sunt pl\u0103ti\u021bi pentru toat\u0103 suprafa\u021ba de la Casa Gr\u0103dinarului, trebuie s\u0103 l\u0103murim mai \u00eent\u00e2i despre ce teren vorbim. Proiectul are mai multe componente, iar sera este una dintre ele. Permacultura se face \u00een exteriorul acesteia, pe terenul care urmeaz\u0103 s\u0103 fie extins treptat.<\/p>\n<p class=\"wp-block-paragraph\">Sera are o suprafa\u021b\u0103 de aproximativ 192 de metri p\u0103tra\u021bi \u0219i acolo se cultiv\u0103, dar nu prin sistem de permacultur\u0103. \u00cen exterior, activitatea de permacultur\u0103 se desf\u0103\u0219oar\u0103 \u00een prezent pe aproximativ 200 de metri p\u0103tra\u021bi.<\/p>\n<p class=\"wp-block-paragraph\">Proiectul este \u00eens\u0103 g\u00e2ndit pentru ca suprafa\u021ba destinat\u0103 micro-fermei didactice cu specific de permacultur\u0103 s\u0103 fie extins\u0103 \u00een timp, pe o suprafa\u021b\u0103 exterioar\u0103 mult mai mare.<\/p>\n<p class=\"wp-block-paragraph\">De asemenea, documenta\u021bia prevede c\u0103 \u00een subsol urma s\u0103 fie procesat materialul vegetal cultivat \u00een sera anexat\u0103 \u0219i \u00een spa\u021biul exterior.<\/p>\n<p class=\"wp-block-paragraph\">A\u0219adar, proiectul este real \u0219i are o perspectiv\u0103 de dezvoltare, dar pe noi ne intereseaz\u0103  costul actual trebuie raportat la ceea ce exist\u0103 \u0219i se face efectiv, acum, acolo, \u00een afara serei.<\/p>\n<h1 class=\"wp-block-heading\">Un proiect prezentat la nivel de regiune, cu o produc\u021bie care \u00eencape \u00een c\u00e2teva l\u0103di\u021be<\/h1>\n<p class=\"wp-block-paragraph\">Administra\u021bia local\u0103 a ales s\u0103 prezinte Casa Gr\u0103dinarului drept un proiect cu ambi\u021bii mari. Viceprimarul Oana Gheorghiu a vorbit public la un moment dat despre faptul c\u0103 acesta va deservi \u00eentreaga regiune din care face parte Buz\u0103ul.<\/p>\n<p class=\"wp-block-paragraph\">Este o perspectiv\u0103 foarte ambi\u021bioas\u0103, doar c\u0103, atunci c\u00e2nd ne uit\u0103m la produc\u021bia efectiv\u0103 prezentat\u0103 public p\u00e2n\u0103 acum, imaginea este cu totul alta. Au fost prezentate c\u00e2teva l\u0103di\u021be cu legume.<\/p>\n<p class=\"wp-block-paragraph\">\u00cen condi\u021biile \u00een care pentru activitatea de permacultur\u0103 se pl\u0103tesc 36.000 de lei pe lun\u0103, este greu s\u0103 nu observi dispropor\u021bia dintre amploarea discursului public \u0219i ceea ce se vede efectiv \u00een teren.<\/p>\n<p class=\"wp-block-paragraph\">L\u0103di\u021bele prezentate public nu erau unele peste altele, ca s\u0103 nu mai \u00eencap\u0103, ci unele l\u00e2ng\u0103 altele, \u00een c\u00e2teva r\u00e2nduri, iar cei din unit\u0103\u021bile \u0219i institu\u021biile care au beneficiari c\u0103rora li se serve\u0219te masa ne-au transmis c\u0103, dup\u0103 ce au primit respectivele legume, nu au reu\u0219it s\u0103 adune nici m\u0103car o traist\u0103 de legume pentru un ghiveci.<\/p>\n<p class=\"wp-block-paragraph\">Suntem de acord c\u0103 o asemenea produc\u021bie este fireasc\u0103 pentru o activitate aflat\u0103 la \u00eenceput, dar nu produc\u021bia mic\u0103 este problema, ci c\u00e2t cost\u0103 aceast\u0103 produc\u021bie.<\/p>\n<figure class=\"wp-block-gallery has-nested-images columns-default is-cropped wp-block-gallery-2 is-layout-flex wp-block-gallery-is-layout-flex\">\n<figure class=\"wp-block-image size-large\"><img decoding=\"async\" loading=\"lazy\" width=\"473\" height=\"1024\" data-id=\"22491\" src=\"https:\/\/gazetabuzoiana.ro\/wp-content\/uploads\/2026\/09\/16-473x1024.jpeg\" alt class=\"wp-image-22491\"><\/figure>\n<figure class=\"wp-block-image size-large\"><img decoding=\"async\" loading=\"lazy\" width=\"473\" height=\"1024\" data-id=\"22489\" src=\"https:\/\/gazetabuzoiana.ro\/wp-content\/uploads\/2026\/09\/14-473x1024.jpeg\" alt class=\"wp-image-22489\"><\/figure>\n<figure class=\"wp-block-image size-large\"><img decoding=\"async\" loading=\"lazy\" width=\"473\" height=\"1024\" data-id=\"22488\" src=\"https:\/\/gazetabuzoiana.ro\/wp-content\/uploads\/2026\/09\/13-473x1024.jpeg\" alt class=\"wp-image-22488\"><\/figure>\n<\/figure>\n<h1 class=\"wp-block-heading\">Permacultura \u00eenseamn\u0103 \u0219i folosirea eficient\u0103 a resurselor<\/h1>\n<figure class=\"wp-block-gallery has-nested-images columns-default is-cropped wp-block-gallery-3 is-layout-flex wp-block-gallery-is-layout-flex\">\n<figure class=\"wp-block-image size-large\"><img decoding=\"async\" loading=\"lazy\" width=\"1024\" height=\"576\" data-id=\"22484\" src=\"https:\/\/gazetabuzoiana.ro\/wp-content\/uploads\/2026\/09\/9-1024x576.jpeg\" alt class=\"wp-image-22484\"><\/figure>\n<figure class=\"wp-block-image size-large\"><img decoding=\"async\" loading=\"lazy\" width=\"1024\" height=\"768\" data-id=\"22481\" src=\"https:\/\/gazetabuzoiana.ro\/wp-content\/uploads\/2026\/09\/6-1024x768.jpeg\" alt class=\"wp-image-22481\"><\/figure>\n<\/figure>\n<p class=\"wp-block-paragraph\">Mai exist\u0103 un aspect care face ca aceste cheltuieli, despre care vorbim aici s\u0103 fie \u0219i mai interesante. Permacultura nu \u00eenseamn\u0103 doar \u201ehran\u0103 bio\u201d.<\/p>\n<p class=\"wp-block-paragraph\">Este un sistem de proiectare \u0219i de produc\u021bie care urm\u0103re\u0219te <strong>f<\/strong>olosirea eficient\u0103 a resurselor, reducerea interven\u021biilor inutile \u0219i ob\u021binerea unei func\u021bion\u0103ri c\u00e2t mai sustenabile a sistemului agricol.<\/p>\n<p class=\"wp-block-paragraph\">Cu alte cuvinte, unul dintre principiile importante este tocmai acela de a lucra inteligent cu resursele disponibile \u0219i de a evita consumurile inutile, adic\u0103 cheltuielile.<\/p>\n<p class=\"wp-block-paragraph\">La Casa Gr\u0103dinarului, \u00eens\u0103, avem o cheltuial\u0103 de 36.000 de lei \u00een fiecare lun\u0103 pentru activitatea de permacultur\u0103, iar pentru opt luni,  288.000 de lei. Aten\u021bie, f\u0103r\u0103 TVA!<\/p>\n<p class=\"wp-block-paragraph\">La un calcul simplu, 36.000 de lei pe lun\u0103 \u00eenseamn\u0103 432.000 de lei \u00eentr-un an, dac\u0103 acela\u0219i tarif s-ar men\u021bine pe parcursul celor 12 luni. Contractul verificat de noi este \u00eens\u0103 pentru opt luni, \u00een valoare de 288.000 de lei f\u0103r\u0103 TVA.<\/p>\n<p class=\"wp-block-paragraph\">Un agricultor care ar trebui s\u0103 suporte asemenea cheltuieli pentru o suprafa\u021b\u0103 at\u00e2t de mic\u0103 ar renun\u021ba, pur \u0219i simplu, la agricultur\u0103. Nu ar avea cum s\u0103-\u0219i scoat\u0103 banii. Noi, \u00eens\u0103, nu suntem \u00eentreba\u021bi dac\u0103 suntem de acord cu aceast\u0103 cheltuial\u0103. Cineva decide cum s\u0103 cheltuiasc\u0103 banii no\u0219tri, ai buzoienilor, iar nota de plat\u0103 o suport\u0103m noi, chiar \u0219i atunci c\u00e2nd administra\u021bia trebuie s\u0103 str\u00e2ng\u0103 cureaua \u0219i bugetele sunt pe minus.<\/p>\n<p class=\"wp-block-paragraph\">Dac\u0103 ne uit\u0103m pu\u021bin \u0219i mai departe de cele opt luni din contract, afl\u0103m c\u0103 proiectul nu se opre\u0219te la cei aproximativ circa 200 de metri p\u0103tra\u021bi pe care se face acum permacultur\u0103. \u00cen documenta\u021bie este prev\u0103zut\u0103 o extindere pe o suprafa\u021b\u0103 de peste 1.600 de metri p\u0103tra\u021bi, iar dac\u0103 ast\u0103zi pl\u0103tim 36.000 de lei pe lun\u0103 pentru activitatea desf\u0103\u0219urat\u0103 pe aproximativ 100 de metri p\u0103tra\u021bi, ne \u00eentreb\u0103m, pe bun\u0103 dreptate c\u00e2t ne va costa aceast\u0103 poveste atunci c\u00e2nd proiectul va ajunge la dimensiunea pe care \u0219i-a propus-o administra\u021bia?<\/p>\n<p class=\"wp-block-paragraph\">\u0218i dac\u0103 un produc\u0103tor agricol trebuie s\u0103 ob\u021bin\u0103 din ceea ce produce suficien\u021bi bani pentru a-\u0219i acoperi costurile \u0219i pentru a r\u0103m\u00e2ne cu un venit, la o cheltuial\u0103 de 36.000 de lei pe lun\u0103, problema nu mai este dac\u0103 faci agricultur\u0103 ecologic\u0103, conven\u021bional\u0103 sau permacultur\u0103. Problema este dac\u0103 mai po\u021bi s\u0103 faci agricultur\u0103 din punct de vedere economic.<\/p>\n<p class=\"wp-block-paragraph\">Aici, pentru c\u0103 vorbim despre bani publici, pe nimeni nu doare burta. Banii buzoienilor, resursele publice \u00een general, sunt tocate f\u0103r\u0103 discern\u0103m\u00e2nt \u0219i f\u0103r\u0103 mil\u0103.<\/p>\n<h1 class=\"wp-block-heading\">Alte cheltuieli care bat la ochi<\/h1>\n<p class=\"wp-block-paragraph\">\u0218i dac\u0103 la Casa Gr\u0103dinarului avem 288.000 de lei pentru cele opt luni de servicii de horticultur\u0103, \u00een lista de achizi\u021bii a Centrului Cultural mai g\u0103sim \u0219i alte sume care merit\u0103 puse sub lup\u0103. De aceast\u0103 dat\u0103, vorbim \u00een special despre c\u0103r\u021bi, reviste, servicii tipografice \u0219i diverse produse culturale, pentru care CECAM a pl\u0103tit, \u00een unele cazuri, zeci de mii sau chiar sute de mii de lei.<\/p>\n<p class=\"wp-block-paragraph\">C\u00e2nd le pui cap la cap, sumele nu mai sunt deloc de ici, de colo. Sunt sute de mii de lei din bani publici, cheltui\u021bi pe c\u0103r\u021bi, reviste, tip\u0103rituri \u0219i alte servicii. Noi nu sus\u2019inem c\u0103 nu trebuiau cump\u0103rate sau c\u0103 pre\u021burile sunt neap\u0103rat nejustificate, vrem doar s\u0103 vedem ce s-a cump\u0103rat, \u00een ce cantitate, c\u00e2t a costat fiecare \u0219i cine a \u00eencasat banii, fiindc\u0103 vorbim despre bani publici.<\/p>\n<h1 class=\"wp-block-heading\">Funda\u021bia pentru Cercet\u0103ri Multidisciplinare: 242.650 de lei \u00een opt achizi\u021bii<\/h1>\n<p class=\"wp-block-paragraph\">\u00cen cazul Funda\u021biei pentru Cercet\u0103ri Multidisciplinare apar opt achizi\u021bii, \u00een valoare total\u0103 de 242.650 de lei:<\/p>\n<p class=\"wp-block-paragraph\">\u201eGeografia Jud. Bz\u201d \u2013 35.280 lei<\/p>\n<p class=\"wp-block-paragraph\">\u201eIstoria Jud. Bz\u201d \u2013 44.040 lei<\/p>\n<p class=\"wp-block-paragraph\">\u201eServicii tipografice\u201d \u2013 4.800 lei<\/p>\n<p class=\"wp-block-paragraph\">\u201eCarte Povestea albinutei\u201d \u2013 2.340 lei<\/p>\n<p class=\"wp-block-paragraph\">\u201ePachet con\u021binut Salvarea\u2026\u201d \u2013 6.100 lei<\/p>\n<p class=\"wp-block-paragraph\">\u201eRevista Akademos\u201d \u2013 17.640 lei<\/p>\n<p class=\"wp-block-paragraph\">\u201eServicii tipografice\u201d \u2013 91.500 lei<\/p>\n<p class=\"wp-block-paragraph\">\u201eO scurt\u0103 istorie a Buz\u0103ului, ed. 5\u201d \u2013 40.950 lei<\/p>\n<p class=\"wp-block-paragraph\">Numai cele patru achizi\u021bii din 23 martie 2026 au \u00eensemnat 120.040 de lei.<\/p>\n<p class=\"wp-block-paragraph\">\u00cen aprilie au mai fost cump\u0103rate \u201eGeografia Jud. Bz\u201d, cu 35.280 de lei, \u0219i \u201eIstoria Jud. Bz\u201d, cu 44.040 de lei.<\/p>\n<p class=\"wp-block-paragraph\">Nu vrem s\u0103 tragem concluzii \u00eenainte de a vedea documentele. Doar vrem s\u0103 \u0219tim c\u00e2te exemplare au fost cump\u0103rate, c\u00e2t a costat fiecare, ce servicii au fost incluse \u0219i cum au fost fundamentate aceste pre\u021buri.<\/p>\n<p class=\"wp-block-paragraph\">Iar printre achizi\u021biile pe care merit\u0103 s\u0103 le lu\u0103m la bani m\u0103run\u021bi se afl\u0103 \u0219i cele legate de volumele despre Ion Andreescu, pentru c\u0103 aici apar alte sume consistente.<\/p>\n<figure class=\"wp-block-gallery has-nested-images columns-default is-cropped wp-block-gallery-4 is-layout-flex wp-block-gallery-is-layout-flex\">\n<figure class=\"wp-block-image size-large\"><img decoding=\"async\" loading=\"lazy\" width=\"473\" height=\"1024\" data-id=\"22500\" src=\"https:\/\/gazetabuzoiana.ro\/wp-content\/uploads\/2026\/09\/c-473x1024.jpeg\" alt class=\"wp-image-22500\"><\/figure>\n<figure class=\"wp-block-image size-large\"><img decoding=\"async\" loading=\"lazy\" width=\"473\" height=\"1024\" data-id=\"22498\" src=\"https:\/\/gazetabuzoiana.ro\/wp-content\/uploads\/2026\/09\/F-473x1024.jpeg\" alt class=\"wp-image-22498\"><\/figure>\n<\/figure>\n<h1 class=\"wp-block-heading\">La final, nota de plat\u0103 tot la noi ajunge<\/h1>\n<p class=\"wp-block-paragraph\">De la cei 288.000 de lei pentru cele opt luni de permacultur\u0103 la c\u0103r\u021bi, reviste \u0219i servicii tipografice de sute de mii de lei, la 166.667 de lei pentru 500 de volume despre Ion Andreescu, 200.000 de lei pentru scenotehnic\u0103, 110.350 de lei pentru produse din o\u021bel Corten sau 171.000 de lei pentru promovare, lista cheltuielilor CECAM este lung\u0103.<\/p>\n<p class=\"wp-block-paragraph\">Poate c\u0103 fiecare leu are o explica\u021bie \u0219i dac\u0103 da, atunci s\u0103 ni se spun\u0103 care este explica\u021bia pentru fiecare cheltuial\u0103. Pentru c\u0103 banii ace\u0219tia nu sunt ai celor care \u00eei \u00eempart din pix prin birourile din Palatul Comunal \u0219i nici ai celor care semneaz\u0103 h\u00e2rtiile. Sunt banii no\u0219tri, ai buzoienilor.<\/p>\n<p class=\"wp-block-paragraph\">Iar c\u00e2nd vedem 36.000 de lei pe lun\u0103 pentru aproximativ 200 de metri p\u0103tra\u021bi de permacultur\u0103, \u00een timp ce ni se vorbe\u0219te despre un proiect care va deservi o regiune \u00eentreag\u0103, este normal s\u0103 ne \u00eentreb\u0103m c\u00e2t ne va costa toat\u0103 povestea c\u00e2nd va ajunge la dimensiunea promis\u0103.<\/p>\n<p class=\"wp-block-paragraph\">La final, indiferent c\u00e2te c\u0103r\u021bi, reviste, l\u0103di\u021be cu legume, scenotehnic\u0103 sau permacultur\u0103 cump\u0103r\u0103 CECAM, nota de plat\u0103 tot la noi ajunge. Pe noi nu ne \u00eentreab\u0103 nimeni dac\u0103 suntem de acord cu acest desfr\u00e2u bugetar. <\/p>\n<p class=\"wp-block-paragraph\">Noi doar pl\u0103tim.<\/p>\n<p class=\"wp-block-paragraph\">Pl\u0103tim \u0219i c\u00e2nd bugetul este str\u00e2ns, pl\u0103tim \u0219i c\u00e2nd ni se spune c\u0103 nu sunt bani, pl\u0103tim \u0219i c\u00e2nd ni se cer taxe \u0219i impozite mai mari.<\/p>\n<p class=\"wp-block-paragraph\">Ei decid. Noi pl\u0103tim.<\/p>\n<div class=\"post-bottom-meta post-bottom-tags post-tags-modern\">\n<div class=\"post-bottom-meta-title\"> Etichete<\/div>\n<p><span class=\"tagcloud\"><a href=\"https:\/\/gazetabuzoiana.ro\/tag\/1st-media-vision-agency\/\" rel=\"tag\">1ST Media Vision Agency<\/a><a href=\"https:\/\/gazetabuzoiana.ro\/tag\/achizitii-publice\/\" rel=\"tag\">Achizi\u021bii Publice<\/a><a href=\"https:\/\/gazetabuzoiana.ro\/tag\/bani-publici\/\" rel=\"tag\">bani publici<\/a><a href=\"https:\/\/gazetabuzoiana.ro\/tag\/buzau-2\/\" rel=\"tag\">Buz\u0103u<\/a><a href=\"https:\/\/gazetabuzoiana.ro\/tag\/casa-gradinarului-2\/\" rel=\"tag\">Casa Gr\u0103dinarului<\/a><a href=\"https:\/\/gazetabuzoiana.ro\/tag\/centrul-cultural-alexandru-marghiloman\/\" rel=\"tag\">Centrul Cultural Alexandru Marghiloman<\/a><a href=\"https:\/\/gazetabuzoiana.ro\/tag\/centrul-cultural-si-educational-alexandru-marghiloman\/\" rel=\"tag\">Centrul Cultural \u0219i Educa\u021bional Alexandru Marghiloman<\/a><a href=\"https:\/\/gazetabuzoiana.ro\/tag\/cheltuieli-publice\/\" rel=\"tag\">cheltuieli publice<\/a><a href=\"https:\/\/gazetabuzoiana.ro\/tag\/diverscart\/\" rel=\"tag\">Diverscart<\/a><a href=\"https:\/\/gazetabuzoiana.ro\/tag\/fundatia-pentru-cercetari-multidisciplinare\/\" rel=\"tag\">Funda\u021bia pentru Cercet\u0103ri Multidisciplinare<\/a><a href=\"https:\/\/gazetabuzoiana.ro\/tag\/investigatie-jurnalistica\/\" rel=\"tag\">investiga\u021bie jurnalistic\u0103<\/a><a href=\"https:\/\/gazetabuzoiana.ro\/tag\/ion-andreescu\/\" rel=\"tag\">Ion Andreescu<\/a><a href=\"https:\/\/gazetabuzoiana.ro\/tag\/legea-544\/\" rel=\"tag\">Legea 544<\/a><a href=\"https:\/\/gazetabuzoiana.ro\/tag\/mainstage-production\/\" rel=\"tag\">Mainstage Production<\/a><a href=\"https:\/\/gazetabuzoiana.ro\/tag\/mrc-show-led\/\" rel=\"tag\">MRC Show LED<\/a><a href=\"https:\/\/gazetabuzoiana.ro\/tag\/permacultura\/\" rel=\"tag\">permacultur\u0103<\/a><a href=\"https:\/\/gazetabuzoiana.ro\/tag\/primaria-buzau\/\" rel=\"tag\">Prim\u0103ria Buz\u0103u<\/a><a href=\"https:\/\/gazetabuzoiana.ro\/tag\/seap\/\" rel=\"tag\">SEAP<\/a><a href=\"https:\/\/gazetabuzoiana.ro\/tag\/steel-auction-market\/\" rel=\"tag\">Steel Auction Market<\/a><a href=\"https:\/\/gazetabuzoiana.ro\/tag\/terra-horticultura\/\" rel=\"tag\">Terra Horticultura<\/a><\/span><\/div>\n<\/div>\n<p>[analyse_source url=&#8221;https:\/\/gazetabuzoiana.ro\/2026\/09\/03\/jaf-la-casa-gradinarului-36-000-de-lei-pe-luna-pentru-permacultura-pe-circa-200-de-metri-patrati-la-centrul-cultural-alexandru-marghiloman-banii-publici-se-arunca-ca-la-lautari\/&#8221;]<\/p>\n","protected":false},"excerpt":{"rendered":"<p>[analyse_image type=&#8221;featured&#8221; src=&#8221;https:\/\/gazetabuzoiana.ro\/wp-content\/uploads\/2026\/09\/2.jpeg&#8221;] At\u00e2t pl\u0103te\u0219te Centrul Cultural \u0219i Educa\u021bional \u201eAlexandru Marghiloman\u201d pentru permacultura care se face la Casa Gr\u0103dinarului, 36.000 de lei pe lun\u0103. \u00cen total, pentru cele opt luni de servicii, suma ajunge la 288.000 de lei, f\u0103r\u0103 TVA. Banii sunt pl\u0103ti\u021bi c\u0103tre Terra Horticultura SRL, firma care a contractat serviciile pentru activitatea de [&hellip;]<\/p>\n","protected":false},"author":1,"featured_media":0,"comment_status":"open","ping_status":"","sticky":false,"template":"","format":"standard","meta":{"footnotes":""},"categories":[2],"tags":[226,38],"class_list":["post-2127817","post","type-post","status-publish","format-standard","hentry","category-politics","tag-crawlmanager","tag-gazetabuzoiana-ro"],"_links":{"self":[{"href":"https:\/\/analyse.optim.biz\/index.php?rest_route=\/wp\/v2\/posts\/2127817","targetHints":{"allow":["GET"]}}],"collection":[{"href":"https:\/\/analyse.optim.biz\/index.php?rest_route=\/wp\/v2\/posts"}],"about":[{"href":"https:\/\/analyse.optim.biz\/index.php?rest_route=\/wp\/v2\/types\/post"}],"author":[{"embeddable":true,"href":"https:\/\/analyse.optim.biz\/index.php?rest_route=\/wp\/v2\/users\/1"}],"replies":[{"embeddable":true,"href":"https:\/\/analyse.optim.biz\/index.php?rest_route=%2Fwp%2Fv2%2Fcomments&post=2127817"}],"version-history":[{"count":0,"href":"https:\/\/analyse.optim.biz\/index.php?rest_route=\/wp\/v2\/posts\/2127817\/revisions"}],"wp:attachment":[{"href":"https:\/\/analyse.optim.biz\/index.php?rest_route=%2Fwp%2Fv2%2Fmedia&parent=2127817"}],"wp:term":[{"taxonomy":"category","embeddable":true,"href":"https:\/\/analyse.optim.biz\/index.php?rest_route=%2Fwp%2Fv2%2Fcategories&post=2127817"},{"taxonomy":"post_tag","embeddable":true,"href":"https:\/\/analyse.optim.biz\/index.php?rest_route=%2Fwp%2Fv2%2Ftags&post=2127817"}],"curies":[{"name":"wp","href":"https:\/\/api.w.org\/{rel}","templated":true}]}}