{"id":2127808,"date":"2026-09-04T11:45:31","date_gmt":"2026-09-04T08:45:31","guid":{"rendered":"https:\/\/analyse.optim.biz\/?p=2127808"},"modified":"2026-09-04T11:45:31","modified_gmt":"2026-09-04T08:45:31","slug":"video-strada-frasinet-de-evitat-mai-ales-dupa-inceperea-scolilor-se-lucreaza-si-traficul-este-de-cosmar","status":"publish","type":"post","link":"https:\/\/analyse.optim.biz\/?p=2127808","title":{"rendered":"(VIDEO) Strada Fr\u0103sinet, de evitat, mai ales dup\u0103 \u00eenceperea \u0219colilor! Se lucreaz\u0103 \u0219i traficul este de co\u0219mar"},"content":{"rendered":"<p>[analyse_image type=&#8221;featured&#8221; src=&#8221;https:\/\/sansanews.ro\/wp-content\/uploads\/2026\/09\/WhatsApp-Image-2026-09-04-at-03.57.36.jpeghttps:\/\/sansanews.ro\/wp-content\/uploads\/2026\/09\/WhatsApp-Image-2026-09-04-at-03.57.36.jpeg&#8221;]<\/p>\n<div class=\"entry-content herald-entry-content\">\n<div class=\"herald-ad herald-ad-above-single\"><a href=\"https:\/\/buzau.21k.ro\/\"><img loading=\"lazy\" decoding=\"async\" src=\"https:\/\/sansanews.ro\/wp-content\/uploads\/2026\/08\/300x300-k21.gif\" alt width=\"300\" height=\"300\" class=\"aligncenter size-full wp-image-124436\"><\/a><\/div>\n<p>Lucr\u0103rile de reabilitare de pe strada Fr\u0103sinet au transformat zona \u00eentr-un calvar pentru \u0219oferi. De mai bine de patru luni, strada a fost \u00eenchis\u0103 \u0219i trasformat\u0103, pe por\u021biuni, \u00een \u0219antier. Cu doar c\u00e2teva zile \u00eenaintea \u00eenceperii anului \u0219colar, \u00een zon\u0103 este haos.<\/p>\n<p>Cei care vin dinspre intersec\u021bia cu Unirii \u0219i merg c\u0103tre Mesteac\u0103nului sunt obliga\u021bi s\u0103 fac\u0103 dreapta pe Chiristigii pentru c\u0103, de la hotel \u0219i p\u00e2n\u0103 la intersec\u021bia urm\u0103toare, strada este \u00eenchis\u0103 pentru lucr\u0103ri. Potrivit Prim\u0103riei municipiului Buz\u0103u, restric\u021bia a fost impus\u0103 cu 26 august.<\/p>\n<blockquote class=\"wp-block-quote\">\n<p>\u201d Pe tronsonul delimitat de intersectia cu strada Chiristigii intersectia cu strada Mesteac\u00e4nului, circulatia autovehiculelor se va desf\u0103\u0219ura pe o sigur\u0103 band\u0103 de circulatie, in regim de sens unic dinspre strada Mesteac\u00e4nului c\u00e4tre strada Chiristigii\u201d.<\/p>\n<\/blockquote>\n<div class=\"wp-block-image\">\n<figure class=\"aligncenter\"><img decoding=\"async\" src=\"https:\/\/sansanews.ro\/wp-content\/uploads\/2026\/09\/WhatsApp-Image-2026-09-04-at-03.31.13-1-1024x577.jpeg\" alt class=\"wp-image-125825\"><\/figure>\n<\/div>\n<p>Nici \u0219oferii care vin din cel\u0103lalt sens, respectiv de la Mesteac\u0103nului c\u0103tre supermarket-uri, nu au sc\u0103pat de lucr\u0103ri. Aici, ma\u0219inile pot \u00eenainta p\u00e2n\u0103 aproape de Iazul Morilor, unde este deschis un alt \u0219antier care se \u00eentinde p\u00e2n\u0103 la giratoriu din zona supermarket-urilor. \u00cen aceste condi\u021bii, circula\u021bia pe acel segment se desf\u0103\u0219oar\u0103 alternativ. <\/p>\n<div class=\"wp-block-image\">\n<figure class=\"aligncenter\"><img decoding=\"async\" src=\"https:\/\/sansanews.ro\/wp-content\/uploads\/2026\/09\/WhatsApp-Image-2026-09-04-at-03.31.28-2-1024x577.jpeg\" alt class=\"wp-image-125826\"><\/figure>\n<\/div>\n<p>\u00cen concluzie, zona este de evitat mai ales la orele<br \/>\nde v\u00e2rf c\u00e2nd se fac cozi care se \u00eentind dintr-un cap\u0103t \u00een altul al str\u0103zii, pe<br \/>\npor\u021biunile pe carese circul\u0103, iar \u0219oferii sunt nevoi\u021bi s\u0103 a\u0219tepte minute bune<br \/>\np\u00e2n\u0103 traverseaz\u0103 toat\u0103 strada. Iat\u0103 cum se desf\u0103\u0219ura traficul joi, la ora<br \/>\n16.00.<\/p>\n<iframe loading=\"lazy\" width=\"452\" height=\"804\" src=\"https:\/\/www.youtube.com\/embed\/TZ1kopYCl6k\" title=\"aglomeratie Frasinet\" frameborder allow=\"accelerometer; autoplay; clipboard-write; encrypted-media; gyroscope; picture-in-picture; web-share\" referrerpolicy=\"strict-origin-when-cross-origin\" allowfullscreen><\/iframe>\n<p>Aglomerat era \u0219i vineri, la ora pr\u00e2nzului. <\/p>\n<iframe loading=\"lazy\" width=\"867\" height=\"489\" src=\"https:\/\/www.youtube.com\/embed\/4D5X7mrHvPE\" title=\"aglomeratie Frasinet\" frameborder allow=\"accelerometer; autoplay; clipboard-write; encrypted-media; gyroscope; picture-in-picture; web-share\" referrerpolicy=\"strict-origin-when-cross-origin\" allowfullscreen><\/iframe>\n<p>Este de men\u021bionat faptul c\u0103 haosul de pe strada<br \/>\nFr\u0103sinet a aglomerat \u0219i restul str\u0103zilor din apropiere \u0219i, \u00een condi\u021biile \u00een<br \/>\ncare \u00een zon\u0103 sunt dou\u0103 dintre cele mai mari unit\u0103\u021bi de \u00eenv\u0103\u021b\u0103m\u00e2nt din ora\u0219, respectiv<br \/>\n\u0218coala nr 11 \u0219i Gr\u0103dini\u021ba \u201dBobocei\u201d, r\u0103m\u00e2ne de v\u0103zut cum se va circula \u00eencep\u00e2nd<br \/>\nde luni, 7 septembrie, c\u00e2nd elevii se vor \u00eentoarce \u00een b\u0103nci. <\/p>\n<p>Amintim c\u0103 lucr\u0103rile pe strada Fr\u0103sinet au demarat pe 20 aprilie. Detalii <a href=\"https:\/\/sansanews.ro\/restrictii-de-circulatie-pe-strada-frasinet-un-sens-inchis-traficului\/\">AICI. <\/a><\/p>\n<div class=\"meta-tags\"><span>Etichete<\/span><a href=\"https:\/\/sansanews.ro\/tag\/lucrari-strada-frasinet\/\" rel=\"tag\">lucrari strada frasinet<\/a><a href=\"https:\/\/sansanews.ro\/tag\/strada-frasinet\/\" rel=\"tag\">strada frasinet<\/a><\/div>\n<div class=\"herald-share-content\">\n<div class=\"meks_ess rectangle no-labels outline\"><a class=\"meks_ess-item socicon-facebook\" data-url=\"http:\/\/www.facebook.com\/sharer\/sharer.php?u=https%3A%2F%2Fsansanews.ro%2Fvideo-strada-frasinet-de-evitat-mai-ales-dupa-inceperea-scolilor-se-lucreaza-si-traficul-este-de-cosmar%2F&amp;t=%28VIDEO%29%20Strada%20Fr%C4%83sinet%2C%20de%20evitat%2C%20mai%20ales%20dup%C4%83%20%C3%AEnceperea%20%C8%99colilor%21%20Se%20lucreaz%C4%83%20%C8%99i%20traficul%20este%20de%20co%C8%99mar\"><span>Facebook<\/span><\/a><a href=\"https:\/\/api.whatsapp.com\/send?text=%28VIDEO%29%20Strada%20Fr%C4%83sinet%2C%20de%20evitat%2C%20mai%20ales%20dup%C4%83%20%C3%AEnceperea%20%C8%99colilor%21%20Se%20lucreaz%C4%83%20%C8%99i%20traficul%20este%20de%20co%C8%99mar%20https%3A%2F%2Fsansanews.ro%2Fvideo-strada-frasinet-de-evitat-mai-ales-dupa-inceperea-scolilor-se-lucreaza-si-traficul-este-de-cosmar%2F\" class=\"meks_ess-item socicon-whatsapp prevent-share-popup\"><span>WhatsApp<\/span><\/a><a class=\"meks_ess-item socicon-twitter\" data-url=\"http:\/\/twitter.com\/intent\/tweet?url=https%3A%2F%2Fsansanews.ro%2Fvideo-strada-frasinet-de-evitat-mai-ales-dupa-inceperea-scolilor-se-lucreaza-si-traficul-este-de-cosmar%2F&amp;text=%28VIDEO%29%20Strada%20Fr%C4%83sinet%2C%20de%20evitat%2C%20mai%20ales%20dup%C4%83%20%C3%AEnceperea%20%C8%99colilor%21%20Se%20lucreaz%C4%83%20%C8%99i%20traficul%20este%20de%20co%C8%99mar\"><span>Twitter<\/span><\/a><a class=\"meks_ess-item socicon-pinterest\" data-url=\"http:\/\/pinterest.com\/pin\/create\/button\/?url=https%3A%2F%2Fsansanews.ro%2Fvideo-strada-frasinet-de-evitat-mai-ales-dupa-inceperea-scolilor-se-lucreaza-si-traficul-este-de-cosmar%2F&amp;media=https%3A%2F%2Fsansanews.ro%2Fwp-content%2Fuploads%2F2026%2F09%2FWhatsApp-Image-2026-09-04-at-03.57.36.jpeg&amp;description=%28VIDEO%29%20Strada%20Fr%C4%83sinet%2C%20de%20evitat%2C%20mai%20ales%20dup%C4%83%20%C3%AEnceperea%20%C8%99colilor%21%20Se%20lucreaz%C4%83%20%C8%99i%20traficul%20este%20de%20co%C8%99mar\"><span>Pinterest<\/span><\/a><\/div>\n<\/div>\n<\/div>\n<div class=\"entry-content herald-entry-content\">\n<div class=\"herald-ad herald-ad-above-single\"><a href=\"https:\/\/buzau.21k.ro\/\"><img loading=\"lazy\" decoding=\"async\" src=\"https:\/\/sansanews.ro\/wp-content\/uploads\/2026\/08\/300x300-k21.gif\" alt width=\"300\" height=\"300\" class=\"aligncenter size-full wp-image-124436\"><\/a><\/div>\n<p>Lucr\u0103rile de reabilitare de pe strada Fr\u0103sinet au transformat zona \u00eentr-un calvar pentru \u0219oferi. De mai bine de patru luni, strada a fost \u00eenchis\u0103 \u0219i trasformat\u0103, pe por\u021biuni, \u00een \u0219antier. Cu doar c\u00e2teva zile \u00eenaintea \u00eenceperii anului \u0219colar, \u00een zon\u0103 este haos.<\/p>\n<p>Cei care vin dinspre intersec\u021bia cu Unirii \u0219i merg c\u0103tre Mesteac\u0103nului sunt obliga\u021bi s\u0103 fac\u0103 dreapta pe Chiristigii pentru c\u0103, de la hotel \u0219i p\u00e2n\u0103 la intersec\u021bia urm\u0103toare, strada este \u00eenchis\u0103 pentru lucr\u0103ri. Potrivit Prim\u0103riei municipiului Buz\u0103u, restric\u021bia a fost impus\u0103 cu 26 august.<\/p>\n<blockquote class=\"wp-block-quote\">\n<p>\u201d Pe tronsonul delimitat de intersectia cu strada Chiristigii intersectia cu strada Mesteac\u00e4nului, circulatia autovehiculelor se va desf\u0103\u0219ura pe o sigur\u0103 band\u0103 de circulatie, in regim de sens unic dinspre strada Mesteac\u00e4nului c\u00e4tre strada Chiristigii\u201d.<\/p>\n<\/blockquote>\n<div class=\"wp-block-image\">\n<figure class=\"aligncenter\"><img decoding=\"async\" src=\"https:\/\/sansanews.ro\/wp-content\/uploads\/2026\/09\/WhatsApp-Image-2026-09-04-at-03.31.13-1-1024x577.jpeg\" alt class=\"wp-image-125825\"><\/figure>\n<\/div>\n<p>Nici \u0219oferii care vin din cel\u0103lalt sens, respectiv de la Mesteac\u0103nului c\u0103tre supermarket-uri, nu au sc\u0103pat de lucr\u0103ri. Aici, ma\u0219inile pot \u00eenainta p\u00e2n\u0103 aproape de Iazul Morilor, unde este deschis un alt \u0219antier care se \u00eentinde p\u00e2n\u0103 la giratoriu din zona supermarket-urilor. \u00cen aceste condi\u021bii, circula\u021bia pe acel segment se desf\u0103\u0219oar\u0103 alternativ. <\/p>\n<div class=\"wp-block-image\">\n<figure class=\"aligncenter\"><img decoding=\"async\" src=\"https:\/\/sansanews.ro\/wp-content\/uploads\/2026\/09\/WhatsApp-Image-2026-09-04-at-03.31.28-2-1024x577.jpeg\" alt class=\"wp-image-125826\"><\/figure>\n<\/div>\n<p>\u00cen concluzie, zona este de evitat mai ales la orele<br \/>\nde v\u00e2rf c\u00e2nd se fac cozi care se \u00eentind dintr-un cap\u0103t \u00een altul al str\u0103zii, pe<br \/>\npor\u021biunile pe carese circul\u0103, iar \u0219oferii sunt nevoi\u021bi s\u0103 a\u0219tepte minute bune<br \/>\np\u00e2n\u0103 traverseaz\u0103 toat\u0103 strada. Iat\u0103 cum se desf\u0103\u0219ura traficul joi, la ora<br \/>\n16.00.<\/p>\n<iframe loading=\"lazy\" width=\"452\" height=\"804\" src=\"https:\/\/www.youtube.com\/embed\/TZ1kopYCl6k\" title=\"aglomeratie Frasinet\" frameborder allow=\"accelerometer; autoplay; clipboard-write; encrypted-media; gyroscope; picture-in-picture; web-share\" referrerpolicy=\"strict-origin-when-cross-origin\" allowfullscreen><\/iframe>\n<p>Aglomerat era \u0219i vineri, la ora pr\u00e2nzului. <\/p>\n<iframe loading=\"lazy\" width=\"867\" height=\"489\" src=\"https:\/\/www.youtube.com\/embed\/4D5X7mrHvPE\" title=\"aglomeratie Frasinet\" frameborder allow=\"accelerometer; autoplay; clipboard-write; encrypted-media; gyroscope; picture-in-picture; web-share\" referrerpolicy=\"strict-origin-when-cross-origin\" allowfullscreen><\/iframe>\n<p>Este de men\u021bionat faptul c\u0103 haosul de pe strada<br \/>\nFr\u0103sinet a aglomerat \u0219i restul str\u0103zilor din apropiere \u0219i, \u00een condi\u021biile \u00een<br \/>\ncare \u00een zon\u0103 sunt dou\u0103 dintre cele mai mari unit\u0103\u021bi de \u00eenv\u0103\u021b\u0103m\u00e2nt din ora\u0219, respectiv<br \/>\n\u0218coala nr 11 \u0219i Gr\u0103dini\u021ba \u201dBobocei\u201d, r\u0103m\u00e2ne de v\u0103zut cum se va circula \u00eencep\u00e2nd<br \/>\nde luni, 7 septembrie, c\u00e2nd elevii se vor \u00eentoarce \u00een b\u0103nci. <\/p>\n<p>Amintim c\u0103 lucr\u0103rile pe strada Fr\u0103sinet au demarat pe 20 aprilie. Detalii <a href=\"https:\/\/sansanews.ro\/restrictii-de-circulatie-pe-strada-frasinet-un-sens-inchis-traficului\/\">AICI. <\/a><\/p>\n<div class=\"meta-tags\"><span>Etichete<\/span><a href=\"https:\/\/sansanews.ro\/tag\/lucrari-strada-frasinet\/\" rel=\"tag\">lucrari strada frasinet<\/a><a href=\"https:\/\/sansanews.ro\/tag\/strada-frasinet\/\" rel=\"tag\">strada frasinet<\/a><\/div>\n<div class=\"herald-share-content\">\n<div class=\"meks_ess rectangle no-labels outline\"><a class=\"meks_ess-item socicon-facebook\" data-url=\"http:\/\/www.facebook.com\/sharer\/sharer.php?u=https%3A%2F%2Fsansanews.ro%2Fvideo-strada-frasinet-de-evitat-mai-ales-dupa-inceperea-scolilor-se-lucreaza-si-traficul-este-de-cosmar%2F&amp;t=%28VIDEO%29%20Strada%20Fr%C4%83sinet%2C%20de%20evitat%2C%20mai%20ales%20dup%C4%83%20%C3%AEnceperea%20%C8%99colilor%21%20Se%20lucreaz%C4%83%20%C8%99i%20traficul%20este%20de%20co%C8%99mar\"><span>Facebook<\/span><\/a><a href=\"https:\/\/api.whatsapp.com\/send?text=%28VIDEO%29%20Strada%20Fr%C4%83sinet%2C%20de%20evitat%2C%20mai%20ales%20dup%C4%83%20%C3%AEnceperea%20%C8%99colilor%21%20Se%20lucreaz%C4%83%20%C8%99i%20traficul%20este%20de%20co%C8%99mar%20https%3A%2F%2Fsansanews.ro%2Fvideo-strada-frasinet-de-evitat-mai-ales-dupa-inceperea-scolilor-se-lucreaza-si-traficul-este-de-cosmar%2F\" class=\"meks_ess-item socicon-whatsapp prevent-share-popup\"><span>WhatsApp<\/span><\/a><a class=\"meks_ess-item socicon-twitter\" data-url=\"http:\/\/twitter.com\/intent\/tweet?url=https%3A%2F%2Fsansanews.ro%2Fvideo-strada-frasinet-de-evitat-mai-ales-dupa-inceperea-scolilor-se-lucreaza-si-traficul-este-de-cosmar%2F&amp;text=%28VIDEO%29%20Strada%20Fr%C4%83sinet%2C%20de%20evitat%2C%20mai%20ales%20dup%C4%83%20%C3%AEnceperea%20%C8%99colilor%21%20Se%20lucreaz%C4%83%20%C8%99i%20traficul%20este%20de%20co%C8%99mar\"><span>Twitter<\/span><\/a><a class=\"meks_ess-item socicon-pinterest\" data-url=\"http:\/\/pinterest.com\/pin\/create\/button\/?url=https%3A%2F%2Fsansanews.ro%2Fvideo-strada-frasinet-de-evitat-mai-ales-dupa-inceperea-scolilor-se-lucreaza-si-traficul-este-de-cosmar%2F&amp;media=https%3A%2F%2Fsansanews.ro%2Fwp-content%2Fuploads%2F2026%2F09%2FWhatsApp-Image-2026-09-04-at-03.57.36.jpeg&amp;description=%28VIDEO%29%20Strada%20Fr%C4%83sinet%2C%20de%20evitat%2C%20mai%20ales%20dup%C4%83%20%C3%AEnceperea%20%C8%99colilor%21%20Se%20lucreaz%C4%83%20%C8%99i%20traficul%20este%20de%20co%C8%99mar\"><span>Pinterest<\/span><\/a><\/div>\n<\/div>\n<\/div>\n<p>[analyse_source url=&#8221;https:\/\/sansanews.ro\/video-strada-frasinet-de-evitat-mai-ales-dupa-inceperea-scolilor-se-lucreaza-si-traficul-este-de-cosmar\/&#8221;]<\/p>\n","protected":false},"excerpt":{"rendered":"<p>[analyse_image type=&#8221;featured&#8221; src=&#8221;https:\/\/sansanews.ro\/wp-content\/uploads\/2026\/09\/WhatsApp-Image-2026-09-04-at-03.57.36.jpeghttps:\/\/sansanews.ro\/wp-content\/uploads\/2026\/09\/WhatsApp-Image-2026-09-04-at-03.57.36.jpeg&#8221;] Lucr\u0103rile de reabilitare de pe strada Fr\u0103sinet au transformat zona \u00eentr-un calvar pentru \u0219oferi. De mai bine de patru luni, strada a fost \u00eenchis\u0103 \u0219i trasformat\u0103, pe por\u021biuni, \u00een \u0219antier. Cu doar c\u00e2teva zile \u00eenaintea \u00eenceperii anului \u0219colar, \u00een zon\u0103 este haos. Cei care vin dinspre intersec\u021bia cu Unirii \u0219i merg c\u0103tre [&hellip;]<\/p>\n","protected":false},"author":1,"featured_media":0,"comment_status":"open","ping_status":"","sticky":false,"template":"","format":"standard","meta":{"footnotes":""},"categories":[2],"tags":[226,51],"class_list":["post-2127808","post","type-post","status-publish","format-standard","hentry","category-politics","tag-crawlmanager","tag-sansanews-ro"],"_links":{"self":[{"href":"https:\/\/analyse.optim.biz\/index.php?rest_route=\/wp\/v2\/posts\/2127808","targetHints":{"allow":["GET"]}}],"collection":[{"href":"https:\/\/analyse.optim.biz\/index.php?rest_route=\/wp\/v2\/posts"}],"about":[{"href":"https:\/\/analyse.optim.biz\/index.php?rest_route=\/wp\/v2\/types\/post"}],"author":[{"embeddable":true,"href":"https:\/\/analyse.optim.biz\/index.php?rest_route=\/wp\/v2\/users\/1"}],"replies":[{"embeddable":true,"href":"https:\/\/analyse.optim.biz\/index.php?rest_route=%2Fwp%2Fv2%2Fcomments&post=2127808"}],"version-history":[{"count":0,"href":"https:\/\/analyse.optim.biz\/index.php?rest_route=\/wp\/v2\/posts\/2127808\/revisions"}],"wp:attachment":[{"href":"https:\/\/analyse.optim.biz\/index.php?rest_route=%2Fwp%2Fv2%2Fmedia&parent=2127808"}],"wp:term":[{"taxonomy":"category","embeddable":true,"href":"https:\/\/analyse.optim.biz\/index.php?rest_route=%2Fwp%2Fv2%2Fcategories&post=2127808"},{"taxonomy":"post_tag","embeddable":true,"href":"https:\/\/analyse.optim.biz\/index.php?rest_route=%2Fwp%2Fv2%2Ftags&post=2127808"}],"curies":[{"name":"wp","href":"https:\/\/api.w.org\/{rel}","templated":true}]}}