{"id":212775,"date":"2014-02-11T18:09:17","date_gmt":"2014-02-11T15:09:17","guid":{"rendered":"https:\/\/analyse.optim.biz\/?p=212775"},"modified":"2014-02-11T18:09:17","modified_gmt":"2014-02-11T15:09:17","slug":"c-t-popescu-despre-intrarea-lui-k-iohannis-in-guvern-liberalii-cred-ca-ar-putea-forta-ruperea-usl","status":"publish","type":"post","link":"https:\/\/analyse.optim.biz\/?p=212775","title":{"rendered":"C.T. Popescu, despre intrarea lui K. Iohannis \u00een Guvern: Liberalii cred c\u0103 ar putea for\u0163a ruperea USL"},"content":{"rendered":"<div class=\"entry data-app-meta data-app-meta-article\" data-embed-base-url-canonical=\"https:\/\/www.digi24.ro\/embed\/stiri\/actualitate\/politica\/c-t-popescu-despre-intrarea-lui-k-iohannis-in-guvern-liberalii-cred-ca-ar-putea-forta-ruperea-usl-198795\">\n<p data-index=\"1\">\u201eAre leg\u0103tur\u0103 cu raporturile de putere dintre USD \u015fi PNL. Nu e altceva dec\u00e2t o tocmeal\u0103 politicianist\u0103 pe col\u0163ul mesei \u00eentre reprezentan\u0163ii celor dou\u0103 forma\u0163iuni. Liberalii \u0219i-au f\u0103cut socoteala c\u0103 ar putea for\u0163a chiar \u0219i \u00eenainte de europarlamentare ruperea USL, \u00een sensul c\u0103, dac\u0103 se rupe, ei cred c\u0103 pot s\u0103 c\u00e2\u015ftige din asta, f\u0103c\u00e2nd opozi\u021bie p\u00e2n\u0103 la parlamentare, ca s\u0103 ob\u021bin\u0103 acolo un scor c\u00e2t mai bun cu puncte realizate ca partid de opozi\u021bie\u201d, a comentat jurnalistul.<\/p>\n<p data-index=\"2\">Potrivit lui <span>Cristian Tudor Popescu<\/span> PSD, prin aceast\u0103 combina\u021bie USD, isi preg\u0103teste o formula de supravie\u0163uire la guvernare, \u00een conditiile ruperii USL, printre care \u0219i obiectivul de a r\u0103m\u00e2ne la putere.<\/p>\n<p data-index=\"3\">\u201eNu cred c\u0103 se va rupe acum USL, pentru ca niciunii nu au un motiv suficient de puternic. Pana la urma vor g\u0103si o solu\u0163ie. C\u00e2nd vor socoti c\u0103 e cazul, vor g\u0103si un motiv suficient de puternic\u201d, a mai spus jurnalistul.<\/p>\n<\/div>\n<p> Source URL: https:\/\/www.digi24.ro\/stiri\/actualitate\/politica\/c-t-popescu-despre-intrarea-lui-k-iohannis-in-guvern-liberalii-cred-ca-ar-putea-forta-ruperea-usl-198795<\/p>\n","protected":false},"excerpt":{"rendered":"<p>\u201eAre leg\u0103tur\u0103 cu raporturile de putere dintre USD \u015fi PNL. Nu e altceva dec\u00e2t o tocmeal\u0103 politicianist\u0103 pe col\u0163ul mesei \u00eentre reprezentan\u0163ii celor dou\u0103 forma\u0163iuni. Liberalii \u0219i-au f\u0103cut socoteala c\u0103 ar putea for\u0163a chiar \u0219i \u00eenainte de europarlamentare ruperea USL, \u00een sensul c\u0103, dac\u0103 se rupe, ei cred c\u0103 pot s\u0103 c\u00e2\u015ftige din asta, f\u0103c\u00e2nd [&hellip;]<\/p>\n","protected":false},"author":1,"featured_media":212776,"comment_status":"open","ping_status":"","sticky":false,"template":"","format":"standard","meta":{"footnotes":""},"categories":[2],"tags":[11],"class_list":["post-212775","post","type-post","status-publish","format-standard","has-post-thumbnail","hentry","category-politics","tag-digi24"],"_links":{"self":[{"href":"https:\/\/analyse.optim.biz\/index.php?rest_route=\/wp\/v2\/posts\/212775","targetHints":{"allow":["GET"]}}],"collection":[{"href":"https:\/\/analyse.optim.biz\/index.php?rest_route=\/wp\/v2\/posts"}],"about":[{"href":"https:\/\/analyse.optim.biz\/index.php?rest_route=\/wp\/v2\/types\/post"}],"author":[{"embeddable":true,"href":"https:\/\/analyse.optim.biz\/index.php?rest_route=\/wp\/v2\/users\/1"}],"replies":[{"embeddable":true,"href":"https:\/\/analyse.optim.biz\/index.php?rest_route=%2Fwp%2Fv2%2Fcomments&post=212775"}],"version-history":[{"count":0,"href":"https:\/\/analyse.optim.biz\/index.php?rest_route=\/wp\/v2\/posts\/212775\/revisions"}],"wp:featuredmedia":[{"embeddable":true,"href":"https:\/\/analyse.optim.biz\/index.php?rest_route=\/wp\/v2\/media\/212776"}],"wp:attachment":[{"href":"https:\/\/analyse.optim.biz\/index.php?rest_route=%2Fwp%2Fv2%2Fmedia&parent=212775"}],"wp:term":[{"taxonomy":"category","embeddable":true,"href":"https:\/\/analyse.optim.biz\/index.php?rest_route=%2Fwp%2Fv2%2Fcategories&post=212775"},{"taxonomy":"post_tag","embeddable":true,"href":"https:\/\/analyse.optim.biz\/index.php?rest_route=%2Fwp%2Fv2%2Ftags&post=212775"}],"curies":[{"name":"wp","href":"https:\/\/api.w.org\/{rel}","templated":true}]}}