{"id":2127713,"date":"2026-09-03T17:27:02","date_gmt":"2026-09-03T14:27:02","guid":{"rendered":"https:\/\/analyse.optim.biz\/?p=2127713"},"modified":"2026-09-03T17:27:02","modified_gmt":"2026-09-03T14:27:02","slug":"bogdan-ivan-propune-declararea-unei-situatii-de-criza-in-domeniul-carburantilor-romania-nu-mai-are-nevoie","status":"publish","type":"post","link":"https:\/\/analyse.optim.biz\/?p=2127713","title":{"rendered":"Bogdan Ivan propune declararea unei situa\u021bii de criz\u0103 \u00een domeniul carburan\u021bilor: \u201eRom\u00e2nia nu mai are nevoie&#8230;"},"content":{"rendered":"<p>[analyse_image type=&#8221;featured&#8221; src=&#8221;https:\/\/cdn.adh.reperio.news\/image-c\/cef35f15-894d-4571-a396-3dc9c9783854\/index.png?p=f%3Djpeg%26w%3D1200%26h%3D630%26r%3Dcover&#8221;]<\/p>\n<article class=\"svelte-x63bga\">\n<nav>\n<ul class=\"breadcrump svelte-1pk9a69\">\n<li class=\"svelte-1pk9a69\"><a href=\"https:\/\/adevarul.ro\/\" title=\"Adev\u0103rul\" class=\"svelte-1pk9a69\">Home<\/a><\/li>\n<li class=\"svelte-1pk9a69\"><a href=\"https:\/\/adevarul.ro\/economie\" class=\"svelte-1pk9a69\">Economie<\/a><\/li>\n<li class=\"svelte-1pk9a69\"><a href=\"https:\/\/adevarul.ro\/economie\/bogdan-ivan-propune-declararea-unei-situatii-de-2553972.html\" class=\"svelte-1pk9a69\">Bogdan Ivan propune declararea unei situa\u021bii de criz\u0103 \u00een domeniul carburan\u021bilor: \u201eRom\u00e2nia nu mai are nevoie de improviza\u021bii\u201d<\/a><\/li>\n<\/ul>\n<\/nav>\n<p><main class=\"svelte-x63bga\"><\/p>\n<p>Deputatul PSD \u0219i fostul ministru al Energiei Bogdan Ivan propune un plan \u00een trei direc\u021bii pentru dep\u0103\u0219irea crizei carburan\u021bilor \u0219i a problemelor din sectorul energetic. Printre m\u0103surile avansate de social-democrat se num\u0103r\u0103 declararea unei situa\u021bii de criz\u0103 \u00een domeniul carburan\u021bilor, securizarea gazelor naturale ale Rom\u00e2niei \u0219i asigurarea unui pre\u021b competitiv la energia electric\u0103 pentru companiile rom\u00e2ne\u0219ti.<\/p>\n<div class=\"container-image  svelte-1xbw4f3\"><source type=\"image\/webp\" srcset=\"https:\/\/cdn.adh.reperio.news\/image-c\/cef35f15-894d-4571-a396-3dc9c9783854\/index.png?p=a%3D1%26co%3D1.05%26w%3D1400%26h%3D744%26r%3Dcontain%26f%3Dwebp 1400w\" media=\"(min-width: 1400px)\" \/><\/p>\n<div class=\"caption svelte-1xbw4f3\"><span class=\"captionText svelte-1xbw4f3\">Bogdan Ivan. <span class=\"source svelte-1xbw4f3\">Foto: Facebook<\/span><\/span><\/div>\n<\/div>\n<p>Bogdan Ivan sus\u021bine c\u0103 industria rom\u00e2neasc\u0103 traverseaz\u0103 una dintre cele mai dificile perioade din ultimele trei decenii, \u00een contextul cre\u0219terii\u00a0costurilor cu energia \u0219i carburan\u021bii\u00a0\u0219i al lipsei de predictibilitate pentru companii.<\/p>\n<p>Fostul ministru al Energiei spune c\u0103 a discutat cu antreprenori \u0219i angaja\u021bi din mai multe fabrici din Bistri\u021ba, iar ace\u0219tia i-au semnalat dificult\u0103\u021bile tot mai mari cu care se confrunt\u0103.<\/p>\n<p><i>\u201eAm fost \u00een fabrici la Bistri\u0163a: fabrici de cablaje, de radiatoare, de baterii. \u015ei proprietarii companiilor, \u015fi oamenii ne-au spus c\u0103 e cea mai grea perioad\u0103 din ultimii 30 de ani. Au ajuns s\u0103 alimenteze tirurile \u00een Ungaria, pentru c\u0103 e mai ieftin\u0103 motorina acolo dec\u00e2t \u00een Rom\u00e2nia\u201d, <\/i>a afirmat Bogdan Ivan, \u00eentr-un mesaj video publicat joi pe Facebook.<\/p>\n<h2>Trei m\u0103suri propuse de fostul ministru al Energiei<\/h2>\n<p>Pentru dep\u0103\u0219irea crizei, deputatul PSD sus\u021bine c\u0103 Rom\u00e2nia are nevoie de un plan coerent \u0219i de interven\u021bii rapide ale statului.<\/p>\n<p>Prima m\u0103sur\u0103 propus\u0103 este declararea unei situa\u021bii de criz\u0103 \u00een domeniul carburan\u021bilor, despre care Bogdan Ivan spune c\u0103 ar permite statului s\u0103 intervin\u0103 pentru\u00a0<a href=\"https:\/\/adevarul.ro\/economie\/preturile-carburantilor-joi-3-septembrie-benzina-2553776.html\">limitarea cre\u0219terii pre\u021burilor la pomp\u0103.<\/a><\/p>\n<p><i>\u201eSitua\u0163ie de criz\u0103 \u00een domeniul carburan\u0163ilor, care ar trebui s\u0103 stopeze cre\u015fterea pre\u0163ului final la pomp\u0103\u201d,<\/i> a explicat acesta.<\/p>\n<p>A doua direc\u021bie vizeaz\u0103 securizarea gazelor naturale ale Rom\u00e2niei, \u00een condi\u021biile \u00een care \u021bara noastr\u0103 intr\u0103 \u00een sezonul rece cu un nivel redus al depozitelor \u0219i cu pre\u021buri ridicate.<\/p>\n<p><i>\u201eRom\u00e2nia are cele mai reduse depozite de gaze naturale \u00een fa\u0163a unei ierni din ultimii 10 ani. \u00cen momentul de fa\u0163\u0103 avem \u015fi cele mai mari pre\u0163uri\u201d,<\/i> a sus\u021binut fostul ministru.<\/p>\n<p>A treia m\u0103sur\u0103 propus\u0103 este asigurarea\u00a0<a href=\"https:\/\/adevarul.ro\/economie\/premiera-in-romania-consumatorii-au-redus-2553392.html\">unui pre\u021b competitiv la energia electric\u0103\u00a0<\/a>pentru companiile rom\u00e2ne\u0219ti, pentru ca acestea s\u0103 \u00ee\u0219i poat\u0103 men\u021bine produc\u021bia \u0219i locurile de munc\u0103 \u0219i s\u0103 poat\u0103 concura pe pia\u021ba european\u0103.<\/p>\n<div class=\"raw-block\"><iframe loading=\"lazy\" src=\"https:\/\/www.facebook.com\/plugins\/video.php?height=476&amp;href=https%3A%2F%2Fwww.facebook.com%2Freel%2F1057257206897643%2F&amp;show_text=false&amp;width=390&amp;t=0\" width=\"267\" height=\"476\" frameborder allowfullscreen=\"true\" allow=\"autoplay; clipboard-write; encrypted-media; picture-in-picture; web-share\" class=\"facebook-iframe\"><\/iframe><\/div>\n<h2>Bogdan Ivan: \u201eNu po\u021bi cere industriei s\u0103 produc\u0103 \u0219i s\u0103 investeasc\u0103\u201d<\/h2>\n<p>Bogdan Ivan consider\u0103 c\u0103 pre\u021bul energiei reprezint\u0103 una dintre principalele condi\u021bii pentru relansarea economiei rom\u00e2ne\u0219ti.<\/p>\n<p><i>\u201eNu po\u021bi cere industriei s\u0103 produc\u0103, s\u0103 investeasc\u0103, s\u0103 p\u0103streze locurile de munc\u0103 \u0219i s\u0103 concureze pe pia\u021ba european\u0103, \u00een timp ce o la\u0219i s\u0103 suporte unele dintre cele mai mari costuri cu energia\u201d<\/i>, a transmis deputatul PSD.<\/p>\n<p><a class=\"related-inline svelte-78g0vl\" data-gtrack=\"{&quot;event&quot;:&quot;utm_click&quot;,&quot;data&quot;:{&quot;event_category&quot;:&quot;article_related&quot;}}\" href=\"https:\/\/adevarul.ro\/stiri-interne\/evenimente\/ministerul-energiei-dezminte-colapsul-energetic-2550909.html\" title=\"Alt articol de interes pentru tine\"><span class=\"inline-title svelte-78g0vl\">Ministerul Energiei dezminte \u201ecolapsul energetic\u201d anun\u021bat de Bogdan Ivan: \u201eNu se deconecteaz\u0103 industria\u201d<\/span><\/a><\/p>\n<p>Acesta a amintit \u0219i de schema de plafonare a pre\u021bului pentru consumatorii casnici la gaze naturale, despre care afirm\u0103 c\u0103 a fost implementat\u0103 anul trecut, \u00een perioada \u00een care ocupa func\u021bia de ministru al Energiei.<\/p>\n<p><i>\u201eAm f\u0103cut o schem\u0103: anul trecut, c\u00e2nd eram ministrul Energiei, prin care am plafonat pre\u0163ul pentru consumatorul casnic la 310 lei\/megawatt. Dar aceast\u0103 schem\u0103 trebuie sus\u0163inut\u0103 \u00een continuare, pentru c\u0103, dac\u0103 nu vei avea suficient gaz \u00een pia\u0163\u0103, ri\u015fti s\u0103 nu po\u0163i s\u0103 pui \u00een implementare aceast\u0103 m\u0103sur\u0103\u201d, <\/i>a afirmat Bogdan Ivan.<\/p>\n<p>\u00cen opinia sa, Rom\u00e2nia nu poate avea companii competitive dac\u0103 acestea suport\u0103 costuri foarte mari cu energia.<\/p>\n<h2>PSD propune un plan pe zece ani<\/h2>\n<p>Bogdan Ivan a mai amintit c\u0103<a href=\"https:\/\/adevarul.ro\/politica\/liderii-psd-se-intalnesc-luni-la-sinaia-decid-2553051.html\"> PSD a prezentat un plan \u00een zece puncte strategice<\/a>\u00a0pentru Rom\u00e2nia, \u00een care energia \u0219i exploatarea resurselor naturale ocup\u0103 un loc central.<\/p>\n<p><i>\u201eSingura, cea mai important\u0103 condi\u0163ie pentru relansarea economic\u0103 a \u0163\u0103rii noastre reprezint\u0103 un cost acceptabil al energiei \u015fi al gazelor naturale\u201d,<\/i> a declarat fostul ministru al Energiei.<\/p>\n<p>Deputatul PSD sus\u021bine c\u0103 Rom\u00e2nia ar trebui s\u0103 aib\u0103 o strategie pe termen lung, care s\u0103 nu depind\u0103 de schimb\u0103rile politice sau de persoana care ocup\u0103 func\u021bia de ministru al Energiei.<\/p>\n<p><i>\u201eAm venit cu o formul\u0103 foarte corect\u0103 \u00een care proiect\u0103m urm\u0103torii 10 ani, indiferent cine va fi ministrul Energiei, Transporturilor sau premier, Rom\u00e2nia s\u0103 mearg\u0103 \u00eenainte cu aceste proiecte strategice care sunt sus\u0163inute de toate partidele politice\u201d, <\/i>a afirmat acesta.<\/p>\n<h2>\u201eTrebuie ac\u021bionat acum\u201d<\/h2>\n<p>Fostul ministru al Energiei a avertizat c\u0103 presiunea asupra companiilor rom\u00e2ne\u0219ti este tot mai mare, iar lipsa predictibilit\u0103\u021bii afecteaz\u0103 produc\u021bia \u0219i locurile de munc\u0103.<\/p>\n<p><i>\u201eCosturile au crescut, predictibilitatea a sc\u0103zut, iar pentru foarte multe companii fiecare lun\u0103 a devenit o lupt\u0103 pentru men\u021binerea produc\u021biei \u0219i a locurilor de munc\u0103\u201d, <\/i>a transmis Bogdan Ivan.<\/p>\n<p>El sus\u021bine c\u0103 Rom\u00e2nia nu \u00ee\u0219i mai permite m\u0103suri temporare sau decizii luate de la o zi la alta.<\/p>\n<p><i>\u201eRom\u00e2nia nu mai are nevoie de improviza\u0163ii, de m\u0103suri luate de pe o zi pe alta sau de explica\u0163ii dup\u0103 ce problemele au ap\u0103rut deja. Are nevoie de un plan real, coerent \u015fi aplicabil\u201d,<\/i> a mai spus deputatul PSD.<\/p>\n<p>\u00cen final, Bogdan Ivan a pledat pentru un Guvern stabil \u0219i pentru decizii predictibile, afirm\u00e2nd c\u0103 prioritatea trebuie s\u0103 fie protejarea economiei, a companiilor rom\u00e2ne\u0219ti \u0219i a locurilor de munc\u0103.<\/p>\n<p><i>\u201eNu mai este timp pentru solu\u021bii mimate sau pentru am\u00e2n\u0103ri. Trebuie ac\u021bionat acum, \u00eenainte ca firmele rom\u00e2ne\u0219ti s\u0103 fie puse \u00een genunchi \u0219i \u00eenainte ca oamenii s\u0103 pl\u0103teasc\u0103 \u0219i mai mult pentru lipsa de decizie\u201d<\/i>, a conchis acesta.<\/p>\n<p><\/main><\/p>\n<footer class=\"svelte-x63bga\">\n<div class=\"related-wrap related-footer svelte-78g0vl\"><span class=\"related-label svelte-78g0vl\">Cite\u0219te \u0219i<\/span><a class=\"related svelte-78g0vl\" data-gtrack=\"{&quot;event&quot;:&quot;utm_click&quot;,&quot;data&quot;:{&quot;event_category&quot;:&quot;article_related&quot;}}\" href=\"https:\/\/adevarul.ro\/securitate-si-aparare\/de-ce-romania-si-ungaria-au-nevoie-disperata-una-2552901.html\" title=\"Alt articol de interes pentru tine\"><img decoding=\"async\" class=\"thumb svelte-78g0vl\" src=\"https:\/\/cdn.adh.reperio.news\/image-6\/670a7c15-5661-47ef-aac0-88c670168f92\/index.png?p=f%3Dwebp%26w%3D120%26h%3D80%26r%3Dcover%26a%3D0\" alt loading=\"lazy\" width=\"80\" height=\"54\"><span class=\"title svelte-78g0vl\">De ce Rom\u00e2nia \u0219i Ungaria au nevoie disperat\u0103 una de cealalt\u0103. Expert: \u201ePr\u0103bu\u0219irea vecinului te trage \u00een pr\u0103pastie\u201d<\/span><\/a><a class=\"related svelte-78g0vl\" data-gtrack=\"{&quot;event&quot;:&quot;utm_click&quot;,&quot;data&quot;:{&quot;event_category&quot;:&quot;article_related&quot;}}\" href=\"https:\/\/adevarul.ro\/politica\/aur-isi-prezinta-cele-zece-propuneri-pentru-2553703.html\" title=\"Alt articol de interes pentru tine\"><img decoding=\"async\" class=\"thumb svelte-78g0vl\" src=\"https:\/\/cdn.adh.reperio.news\/image-5\/5f190e86-50f7-483a-b5cf-0c2c38faa797\/index.jpeg?p=f%3Dwebp%26w%3D120%26h%3D80%26r%3Dcover%26a%3D0\" alt loading=\"lazy\" width=\"80\" height=\"54\"><span class=\"title svelte-78g0vl\">AUR \u00ee\u0219i prezint\u0103 cele zece propuneri pentru guvernare \u0219i critic\u0103 planul PSD: \u201eLucruri mai concrete\u201d<\/span><\/a><\/div>\n<div class=\"meta svelte-x63bga\">\n<div class=\"authors svelte-x63bga\"><span class=\"names svelte-x63bga\"><a href=\"https:\/\/adevarul.ro\/author\/2086\" rel=\"author\" class=\"svelte-x63bga\">Oana Ababei<\/a><\/span><\/p>\n<div class=\"_hydratable\" data-props=\"%7B%22showLive%22%3Atrue%7D\" data-context=\"%7B%22parentBlockColumnCount%22%3A%7B%22value%22%3A0%2C%22type%22%3A%22store%2Freadable%22%7D%2C%22parentBlockBackgroundColor%22%3A%7B%22type%22%3A%22store%2Freadable%22%7D%7D\" data-component=\"ShareButton\">\n<div class=\"shareButtons svelte-itwbrr\">\n<div class=\"liveSessions metaFont svelte-1maxmbf\"><span class=\"value svelte-1maxmbf\">1<\/span> live <\/div>\n<\/div>\n<\/div>\n<\/div>\n<div class=\"tags svelte-1l3vwp1\"><span class=\"tags-label metaFont svelte-1l3vwp1\">Cite\u0219te mai multe despre<\/span><\/p>\n<div class=\"tags-list svelte-1l3vwp1\"><a href=\"https:\/\/adevarul.ro\/tag\/psd\" title=\"Ultimele \u0219tiri despre psd\" class=\"tag-pill svelte-1l3vwp1\">psd<\/a><a href=\"https:\/\/adevarul.ro\/tag\/motorina\" title=\"Ultimele \u0219tiri despre motorina\" class=\"tag-pill svelte-1l3vwp1\">motorina<\/a><a href=\"https:\/\/adevarul.ro\/tag\/carburanti\" title=\"Ultimele \u0219tiri despre carburanti\" class=\"tag-pill svelte-1l3vwp1\">carburanti<\/a><a href=\"https:\/\/adevarul.ro\/tag\/criza%20energetica\" title=\"Ultimele \u0219tiri despre criza energetica\" class=\"tag-pill svelte-1l3vwp1\">criza energetica<\/a><a href=\"https:\/\/adevarul.ro\/tag\/bogdan%20ivan\" title=\"Ultimele \u0219tiri despre bogdan ivan\" class=\"tag-pill svelte-1l3vwp1\">bogdan ivan<\/a><\/div>\n<\/div>\n<\/div>\n<p><a class=\"moreFromCategory svelte-x63bga\" href=\"https:\/\/adevarul.ro\/economie\" title=\"Economie\">Mai multe din <strong class=\"svelte-x63bga\">Economie<\/strong> \u203a<\/a><\/footer>\n<\/article>\n<p>[analyse_source url=&#8221;https:\/\/adevarul.ro\/economie\/bogdan-ivan-propune-declararea-unei-situatii-de-2553972.html&#8221;]<\/p>\n","protected":false},"excerpt":{"rendered":"<p>[analyse_image type=&#8221;featured&#8221; src=&#8221;https:\/\/cdn.adh.reperio.news\/image-c\/cef35f15-894d-4571-a396-3dc9c9783854\/index.png?p=f%3Djpeg%26w%3D1200%26h%3D630%26r%3Dcover&#8221;] Home Economie Bogdan Ivan propune declararea unei situa\u021bii de criz\u0103 \u00een domeniul carburan\u021bilor: \u201eRom\u00e2nia nu mai are nevoie de improviza\u021bii\u201d Deputatul PSD \u0219i fostul ministru al Energiei Bogdan Ivan propune un plan \u00een trei direc\u021bii pentru dep\u0103\u0219irea crizei carburan\u021bilor \u0219i a problemelor din sectorul energetic. Printre m\u0103surile avansate de social-democrat se num\u0103r\u0103 [&hellip;]<\/p>\n","protected":false},"author":1,"featured_media":0,"comment_status":"open","ping_status":"","sticky":false,"template":"","format":"standard","meta":{"footnotes":""},"categories":[89],"tags":[19,226],"class_list":["post-2127713","post","type-post","status-publish","format-standard","hentry","category-romania","tag-adevarul","tag-crawlmanager"],"_links":{"self":[{"href":"https:\/\/analyse.optim.biz\/index.php?rest_route=\/wp\/v2\/posts\/2127713","targetHints":{"allow":["GET"]}}],"collection":[{"href":"https:\/\/analyse.optim.biz\/index.php?rest_route=\/wp\/v2\/posts"}],"about":[{"href":"https:\/\/analyse.optim.biz\/index.php?rest_route=\/wp\/v2\/types\/post"}],"author":[{"embeddable":true,"href":"https:\/\/analyse.optim.biz\/index.php?rest_route=\/wp\/v2\/users\/1"}],"replies":[{"embeddable":true,"href":"https:\/\/analyse.optim.biz\/index.php?rest_route=%2Fwp%2Fv2%2Fcomments&post=2127713"}],"version-history":[{"count":0,"href":"https:\/\/analyse.optim.biz\/index.php?rest_route=\/wp\/v2\/posts\/2127713\/revisions"}],"wp:attachment":[{"href":"https:\/\/analyse.optim.biz\/index.php?rest_route=%2Fwp%2Fv2%2Fmedia&parent=2127713"}],"wp:term":[{"taxonomy":"category","embeddable":true,"href":"https:\/\/analyse.optim.biz\/index.php?rest_route=%2Fwp%2Fv2%2Fcategories&post=2127713"},{"taxonomy":"post_tag","embeddable":true,"href":"https:\/\/analyse.optim.biz\/index.php?rest_route=%2Fwp%2Fv2%2Ftags&post=2127713"}],"curies":[{"name":"wp","href":"https:\/\/api.w.org\/{rel}","templated":true}]}}