{"id":2127692,"date":"2026-09-03T03:00:25","date_gmt":"2026-09-03T00:00:25","guid":{"rendered":"https:\/\/analyse.optim.biz\/?p=2127692"},"modified":"2026-09-03T03:00:25","modified_gmt":"2026-09-03T00:00:25","slug":"inca-10-euro-peste-taxele-temu-industria-textila-cere-o-noua-taxa-pentru-importurile-din-afara-ue","status":"publish","type":"post","link":"https:\/\/analyse.optim.biz\/?p=2127692","title":{"rendered":"\u00cenc\u0103 10 euro peste \u201etaxele Temu\u201d? Industria textil\u0103 cere o nou\u0103 tax\u0103 pentru importurile din afara UE"},"content":{"rendered":"<p>[analyse_image type=&#8221;featured&#8221; src=&#8221;https:\/\/cdn.adh.reperio.news\/image-0\/085b3110-c738-4cb3-9b32-0fa862d45672\/index.jpeg?p=f%3Djpeg%26w%3D1200%26h%3D630%26r%3Dcover&#8221;]<\/p>\n<article class=\"svelte-x63bga\">\n<nav>\n<ul class=\"breadcrump svelte-1pk9a69\">\n<li class=\"svelte-1pk9a69\"><a href=\"https:\/\/adevarul.ro\/\" title=\"Adev\u0103rul\" class=\"svelte-1pk9a69\">Home<\/a><\/li>\n<li class=\"svelte-1pk9a69\"><a href=\"https:\/\/adevarul.ro\/economie\" class=\"svelte-1pk9a69\">Economie<\/a><\/li>\n<li class=\"svelte-1pk9a69\"><a href=\"https:\/\/adevarul.ro\/economie\/inca-10-euro-peste-taxele-temu-industria-2553594.html\" class=\"svelte-1pk9a69\">\u00cenc\u0103 10 euro peste \u201etaxele Temu\u201d? Industria textil\u0103 cere o nou\u0103 tax\u0103 pentru importurile din afara UE<\/a><\/li>\n<\/ul>\n<\/nav>\n<p><main class=\"svelte-x63bga\"><\/p>\n<p>Industria european\u0103 a textilelor \u0219i \u00eembr\u0103c\u0103mintei cere Uniunii Europene s\u0103 introduc\u0103 o tax\u0103 de manipulare de aproximativ 10 euro pentru coletele mici trimise direct consumatorilor din afara blocului comunitar. Solicitarea vine \u00een contextul exploziei comer\u021bului electronic \u0219i al num\u0103rului tot mai mare de produse ieftine care ajung \u00een Europa, \u00een special prin comenzile online de tip \u201eultra-fast fashion\u201d.<\/p>\n<div class=\"container-image  svelte-1xbw4f3\"><source type=\"image\/webp\" srcset=\"https:\/\/cdn.adh.reperio.news\/image-0\/085b3110-c738-4cb3-9b32-0fa862d45672\/index.jpeg?p=a%3D1%26co%3D1.05%26w%3D1400%26h%3D750%26r%3Dcontain%26f%3Dwebp 1400w\" media=\"(min-width: 1400px)\" \/><\/p>\n<div class=\"caption svelte-1xbw4f3\"><span class=\"captionText svelte-1xbw4f3\">Industria textil\u0103 european\u0103 cere introducerea unei noi taxe pe coletele venite din China <span class=\"source svelte-1xbw4f3\">Foto: arhiv\u0103<\/span><\/span><\/div>\n<\/div>\n<p><a href=\"https:\/\/euratex.eu\/news\/why-europe-needs-a-meaningful-handling-fee-on-ultra-fast-fashion-imports\/\" target=\"_blank\" rel=\"nofollow\">Solicitarea <\/a>a fost formulat\u0103 la Paris, la 1 septembrie, de EURATEX,<a href=\"https:\/\/adevarul.ro\/stiri-interne\/societate\/temu-shein-si-aliexpress-mai-putin-atractive-2553154.html\" target=\"_blank\"> organiza\u021bia european\u0103 a industriei textile \u0219i de \u00eembr\u0103c\u0103minte<\/a>, \u00eempreun\u0103 cu Uniunea Francez\u0103 a Industriilor Modei \u0219i \u00cembr\u0103c\u0103mintei (UFIMH) \u0219i Uniunea Industriilor Textile din Fran\u021ba (UIT).<\/p>\n<p>Cele trei organiza\u021bii cer m\u0103suri suplimentare \u00eempotriva ceea ce consider\u0103 a fi concuren\u021ba neloial\u0103 generat\u0103 de platformele de comer\u021b electronic \u0219i de fenomenul \u201eultra-fast fashion\u201d.<\/p>\n<p>Printre principalele solicit\u0103ri se afl\u0103 introducerea unei taxe europene de manipulare pentru comenzile mici, iar industria propune ca aceasta s\u0103 ajung\u0103 la aproximativ 10 euro pentru fiecare comand\u0103.<\/p>\n<p>Argumentul organiza\u021biilor este c\u0103 valoarea taxei ar trebui s\u0103 reflecte mai bine costurile suportate de autorit\u0103\u021bile vamale pentru procesarea, verificarea \u0219i controlul volumului foarte mare de colete care intr\u0103 zilnic \u00een Uniunea European\u0103.<\/p>\n<p>Solicitarea vine \u00een contextul \u00een care Bruxelles-ul a \u00eenceput deja s\u0103 modifice regulile aplicabile importurilor de valoare mic\u0103.<\/p>\n<h2>Taxa de 3 euro este deja \u00een vigoare<\/h2>\n<p>De la 1 iulie 2026, UE aplic\u0103 o tax\u0103 vamal\u0103 temporar\u0103 de 3 euro pentru articolele din coletele cu o valoare de p\u00e2n\u0103 la 150 de euro care intr\u0103 \u00een blocul comunitar din \u021b\u0103ri din afara UE.<\/p>\n<p>M\u0103sura a eliminat vechea scutire de taxe vamale pentru bunurile cu valoare mai mic\u0103 de 150 de euro \u0219i este prev\u0103zut\u0103 s\u0103 se aplice p\u00e2n\u0103 la 1 iulie 2028, c\u00e2nd ar urma s\u0103 fie \u00eenlocuit\u0103 de sistemul vamal bazat pe noul hub european de date vamale.<\/p>\n<p>Taxa se aplic\u0103 pentru fiecare categorie tarifar\u0103 de produse dintr-un colet. Astfel, dac\u0103 \u00eentr-un colet sunt mai multe produse care se \u00eencadreaz\u0103 \u00een categorii tarifare diferite, se pot aplica mai multe taxe de 3 euro.<\/p>\n<p>M\u0103sura este una temporar\u0103, adoptat\u0103 de UE pentru a r\u0103spunde cre\u0219terii rapide a importurilor de valoare mic\u0103 \u0219i volumului tot mai mare de colete care trebuie procesate de autorit\u0103\u021bile vamale.<\/p>\n<h2>De ce consider\u0103 industria c\u0103 3 euro nu sunt suficien\u021bi<\/h2>\n<p>Organiza\u021biile textile sus\u021bin c\u0103 noua tax\u0103 vamal\u0103 nu rezolv\u0103 problema costurilor generate de num\u0103rul foarte mare de colete individuale.<\/p>\n<p>Un exemplu este cel al unui colet care con\u021bine mai multe produse identice. Dac\u0103 zece articole de \u00eembr\u0103c\u0103minte apar\u021bin aceleia\u0219i categorii tarifare, taxa vamal\u0103 de 3 euro nu cre\u0219te propor\u021bional cu num\u0103rul de produse din colet.<\/p>\n<p>Din perspectiva industriei, problema nu este doar valoarea bunurilor, ci \u0219i volumul enorm de opera\u021biuni pe care autorit\u0103\u021bile vamale trebuie s\u0103 le efectueze pentru fiecare transport.<\/p>\n<p>De aceea, organiza\u021biile textile cer o tax\u0103 separat\u0103 de manipulare, aplicat\u0103 la nivelul comenzii \u0219i suficient de mare pentru a acoperi costurile administrative \u0219i de control.<\/p>\n<h2>Aproape toate articolele importate au valoare redus\u0103<\/h2>\n<p>Dimensiunea fenomenului explic\u0103 presiunea asupra sistemului vamal european. \u00cen prima jum\u0103tate a anului 2025, coletele cu valoare redus\u0103 au reprezentat 97,9% din num\u0103rul articolelor importate \u00een UE, de\u0219i au \u00eensumat doar 2,1% din valoarea total\u0103 a importurilor. Valoarea medie a unui articol din aceast\u0103 categorie a fost de aproximativ 8,82 euro.<\/p>\n<p>Diferen\u021ba dintre cele dou\u0103 procente arat\u0103 c\u00e2t de mult s-a schimbat comer\u021bul transfrontalier: un num\u0103r foarte mare de produse ieftine intr\u0103 \u00een Uniunea European\u0103 prin livr\u0103ri individuale, \u00een locul transporturilor comerciale tradi\u021bionale, cu volume mari \u0219i un num\u0103r redus de opera\u021biuni vamale.<\/p>\n<p>China este principala surs\u0103 a acestor produse \u0219i colete, iar platformele de comer\u021b electronic care livreaz\u0103 direct c\u0103tre consumatorii europeni au contribuit la cre\u0219terea puternic\u0103 a acestui tip de importuri.<\/p>\n<p><a class=\"related-inline svelte-78g0vl\" data-gtrack=\"{&quot;event&quot;:&quot;utm_click&quot;,&quot;data&quot;:{&quot;event_category&quot;:&quot;article_related&quot;}}\" href=\"https:\/\/adevarul.ro\/economie\/atentie-la-cumparaturile-pe-temu-si-shein-noile-2537375.html\" title=\"Alt articol de interes pentru tine\"><span class=\"inline-title svelte-78g0vl\">Aten\u021bie la cump\u0103r\u0103turile pe Temu \u0219i Shein: Noile reguli UE care schimb\u0103 totul pentru rom\u00e2ni<\/span><\/a><\/p>\n<h2>Industria textil\u0103 reclam\u0103 concuren\u021ba produselor foarte ieftine<\/h2>\n<p>\u00cen cazul industriei textile, problema este legat\u0103 \u00een special de dezvoltarea fenomenului \u201eultra-fast fashion\u201d, bazat pe lansarea rapid\u0103 a unor volume foarte mari de articole de \u00eembr\u0103c\u0103minte \u0219i comercializarea lor la pre\u021buri reduse prin platforme online.<\/p>\n<p>Organiza\u021biile europene sus\u021bin c\u0103 produc\u0103torii \u0219i comercian\u021bii din UE trebuie s\u0103 respecte reguli sociale, de mediu, fiscale \u0219i de siguran\u021b\u0103 care genereaz\u0103 costuri importante.<\/p>\n<p>\u00cen acela\u0219i timp, afirm\u0103 reprezentan\u021bii industriei, produsele v\u00e2ndute prin livr\u0103ri individuale din afara UE sunt mai dificil de verificat la aceea\u0219i scar\u0103, iar costurile asociate controalelor sunt suportate \u00een mare parte de sistemul european.<\/p>\n<p>Din acest motiv, industria cere ca platformele care faciliteaz\u0103 aceste v\u00e2nz\u0103ri s\u0103 aib\u0103 responsabilit\u0103\u021bi mai clare privind respectarea regulilor europene.<\/p>\n<p>EURATEX, Uniunea Francez\u0103 a Industriilor Modei \u0219i \u00cembr\u0103c\u0103mintei \u0219i Uniunea Industriilor Textile din Fran\u021ba cer \u0219i aplicarea mai strict\u0103 a principiului potrivit c\u0103ruia platforma care faciliteaz\u0103 v\u00e2nzarea poate avea responsabilitatea de importator \u00een rela\u021bia cu autorit\u0103\u021bile.<\/p>\n<p>Organiza\u021biile vor, de asemenea, ca importurile directe c\u0103tre consumatori s\u0103 fie \u00eenso\u021bite de informa\u021bii mai detaliate despre produse. Aceste date ar permite autorit\u0103\u021bilor vamale s\u0103 identifice mai u\u0219or m\u0103rfurile, s\u0103 evalueze riscurile \u0219i s\u0103 decid\u0103 care dintre colete trebuie supuse unor controale suplimentare.<\/p>\n<p>Industria sus\u021bine c\u0103 m\u0103surile ar trebui s\u0103 creeze condi\u021bii mai apropiate de concuren\u021b\u0103 \u00eentre companiile europene \u0219i comercian\u021bii care v\u00e2nd direct din afara Uniunii.<\/p>\n<h2>UE preg\u0103te\u0219te deja o tax\u0103 de manipulare<\/h2>\n<p>Propunerea de 10 euro nu apare \u00eens\u0103 din senin. Institu\u021biile europene au decis deja introducerea unei taxe de manipulare pentru coletele mici provenite din afara UE.<\/p>\n<p>Aceasta este diferit\u0103 de taxa vamal\u0103 temporar\u0103 de 3 euro \u0219i face parte din reforma sistemului vamal european, care urm\u0103re\u0219te s\u0103 adapteze regulile la cre\u0219terea comer\u021bului electronic.<\/p>\n<p>Taxa de manipulare va trebui s\u0103 contribuie la acoperirea costurilor asociate gestion\u0103rii \u0219i controlului volumului tot mai mare de colete.<\/p>\n<h2>Ce ar \u00eensemna pentru consumatori<\/h2>\n<p>O tax\u0103 fix\u0103 de 10 euro ar avea un impact diferit \u00een func\u021bie de valoarea produsului comandat.<\/p>\n<p>Pentru un produs de 5 euro, o asemenea tax\u0103 ar fi de dou\u0103 ori mai mare dec\u00e2t pre\u021bul bunului. Pentru un produs de 50 de euro, ar reprezenta 20% din valoare.<\/p>\n<p>M\u0103sura ar putea afecta \u00een special modelul de comer\u021b bazat pe produse foarte ieftine trimise individual c\u0103tre consumatori.<\/p>\n<p>\u00cen schimb, comercian\u021bii ar putea fi stimula\u021bi s\u0103 consolideze comenzile, s\u0103 importe cantit\u0103\u021bi mai mari sau s\u0103 foloseasc\u0103 depozite aflate \u00een interiorul Uniunii Europene, de unde produsele s\u0103 fie distribuite ulterior c\u0103tre cump\u0103r\u0103tori.<\/p>\n<p><a class=\"related-inline svelte-78g0vl\" data-gtrack=\"{&quot;event&quot;:&quot;utm_click&quot;,&quot;data&quot;:{&quot;event_category&quot;:&quot;article_related&quot;}}\" href=\"https:\/\/adevarul.ro\/stiri-interne\/societate\/se-schimba-regulile-pentru-cumparaturile-din-afara-2540154.html\" title=\"Alt articol de interes pentru tine\"><span class=\"inline-title svelte-78g0vl\">Se schimb\u0103 regulile pentru cump\u0103r\u0103turile din afara UE. Intr\u0103 \u00een vigoare noua tax\u0103 de 3 euro<\/span><\/a><\/p>\n<h2>\u0218i Rom\u00e2nia are deja o tax\u0103 de 25 de lei pentru coletele din afara UE<\/h2>\n<p>Rom\u00e2nia aplic\u0103, de la 1 ianuarie 2026, o tax\u0103 de\u00a025 de lei pentru fiecare colet provenit din afara Uniunii Europene, atunci c\u00e2nd coletul con\u021bine bunuri cu valoare comercial\u0103 declarat\u0103 sub 150 de euro. M\u0103sura a fost introdus\u0103 prin\u00a0Legea nr. 239\/2025.\u00a0<\/p>\n<p>Taxa, numit\u0103 popular \u201etaxa Temu\u201d, se aplic\u0103 \u00een cazul livr\u0103rilor directe c\u0103tre consumatori din Rom\u00e2nia \u0219i este distinct\u0103 de taxele vamale \u0219i de TVA care pot fi datorate pentru importuri. Potrivit Ministerului Finan\u021belor, obliga\u021bia de plat\u0103 revine furnizorului bunurilor, expeditorului sau platformei care faciliteaz\u0103 v\u00e2nzarea, \u00een func\u021bie de modul \u00een care este realizat\u0103 tranzac\u021bia.\u00a0<\/p>\n<p>Prin urmare, pentru o comand\u0103 online de valoare redus\u0103 venit\u0103 din China sau dintr-o alt\u0103 \u021bar\u0103 din afara UE, costurile care pot interveni trebuie privite separat:\u00a0taxa rom\u00e2neasc\u0103 de 25 de lei, taxa vamal\u0103 european\u0103 de\u00a03 euro, introdus\u0103 de la 1 iulie 2026, \u0219i, \u00een viitor, taxa european\u0103 de manipulare aflat\u0103 \u00een discu\u021bie.<\/p>\n<p>\u00cen acest context, solicitarea industriei textile europene pentru o tax\u0103 de aproximativ 10 euro ar ad\u0103uga<a href=\"https:\/\/adevarul.ro\/economie\/comenzile-de-pe-temu-si-shein-devin-mai-scumpe-2540288.html\" target=\"_blank\"> o nou\u0103 component\u0103 de cost<\/a> peste un sistem care deja s-a schimbat semnificativ \u00een 2026.<\/p>\n<p><\/main><\/p>\n<footer class=\"svelte-x63bga\">\n<div class=\"related-wrap related-footer svelte-78g0vl\"><span class=\"related-label svelte-78g0vl\">Cite\u0219te \u0219i<\/span><a class=\"related svelte-78g0vl\" data-gtrack=\"{&quot;event&quot;:&quot;utm_click&quot;,&quot;data&quot;:{&quot;event_category&quot;:&quot;article_related&quot;}}\" href=\"https:\/\/adevarul.ro\/economie\/comenzile-de-pe-temu-si-shein-devin-mai-scumpe-2540288.html\" title=\"Alt articol de interes pentru tine\"><img decoding=\"async\" class=\"thumb svelte-78g0vl\" src=\"https:\/\/cdn.adh.reperio.news\/image-0\/085b3110-c738-4cb3-9b32-0fa862d45672\/index.jpeg?p=f%3Dwebp%26w%3D120%26h%3D80%26r%3Dcover%26a%3D0\" alt loading=\"lazy\" width=\"80\" height=\"54\"><span class=\"title svelte-78g0vl\">Comenzile de pe Temu \u0219i Shein devin mai scumpe: Taxa de 3 euro pe produs a intrat \u00een vigoare. C\u00e2t \u00eei cost\u0103 \u00een plus pe rom\u00e2ni<\/span><\/a><\/div>\n<div class=\"meta svelte-x63bga\">\n<div class=\"authors svelte-x63bga\"><span class=\"names svelte-x63bga\"><a href=\"https:\/\/adevarul.ro\/author\/1662\" rel=\"author\" class=\"svelte-x63bga\">Afrodita Cicovschi<\/a><\/span><\/p>\n<div class=\"_hydratable\" data-props=\"%7B%22showLive%22%3Atrue%7D\" data-context=\"%7B%22parentBlockColumnCount%22%3A%7B%22value%22%3A0%2C%22type%22%3A%22store%2Freadable%22%7D%2C%22parentBlockBackgroundColor%22%3A%7B%22type%22%3A%22store%2Freadable%22%7D%7D\" data-component=\"ShareButton\">\n<div class=\"shareButtons svelte-itwbrr\">\n<div class=\"liveSessions metaFont svelte-1maxmbf\"><span class=\"value svelte-1maxmbf\">1<\/span> live <\/div>\n<\/div>\n<\/div>\n<\/div>\n<div class=\"tags svelte-1l3vwp1\"><span class=\"tags-label metaFont svelte-1l3vwp1\">Cite\u0219te mai multe despre<\/span><\/p>\n<div class=\"tags-list svelte-1l3vwp1\"><a href=\"https:\/\/adevarul.ro\/tag\/ue\" title=\"Ultimele \u0219tiri despre ue\" class=\"tag-pill svelte-1l3vwp1\">ue<\/a><a href=\"https:\/\/adevarul.ro\/tag\/taxe%20vamale\" title=\"Ultimele \u0219tiri despre taxe vamale\" class=\"tag-pill svelte-1l3vwp1\">taxe vamale<\/a><a href=\"https:\/\/adevarul.ro\/tag\/colete\" title=\"Ultimele \u0219tiri despre colete\" class=\"tag-pill svelte-1l3vwp1\">colete<\/a><a href=\"https:\/\/adevarul.ro\/tag\/industria%20textila\" title=\"Ultimele \u0219tiri despre industria textila\" class=\"tag-pill svelte-1l3vwp1\">industria textila<\/a><a href=\"https:\/\/adevarul.ro\/tag\/taxa%20temu\" title=\"Ultimele \u0219tiri despre taxa temu\" class=\"tag-pill svelte-1l3vwp1\">taxa temu<\/a><\/div>\n<\/div>\n<\/div>\n<p><a class=\"moreFromCategory svelte-x63bga\" href=\"https:\/\/adevarul.ro\/economie\" title=\"Economie\">Mai multe din <strong class=\"svelte-x63bga\">Economie<\/strong> \u203a<\/a><\/footer>\n<\/article>\n<p>[analyse_source url=&#8221;https:\/\/adevarul.ro\/economie\/inca-10-euro-peste-taxele-temu-industria-2553594.html&#8221;]<\/p>\n","protected":false},"excerpt":{"rendered":"<p>[analyse_image type=&#8221;featured&#8221; src=&#8221;https:\/\/cdn.adh.reperio.news\/image-0\/085b3110-c738-4cb3-9b32-0fa862d45672\/index.jpeg?p=f%3Djpeg%26w%3D1200%26h%3D630%26r%3Dcover&#8221;] Home Economie \u00cenc\u0103 10 euro peste \u201etaxele Temu\u201d? Industria textil\u0103 cere o nou\u0103 tax\u0103 pentru importurile din afara UE Industria european\u0103 a textilelor \u0219i \u00eembr\u0103c\u0103mintei cere Uniunii Europene s\u0103 introduc\u0103 o tax\u0103 de manipulare de aproximativ 10 euro pentru coletele mici trimise direct consumatorilor din afara blocului comunitar. Solicitarea vine \u00een contextul [&hellip;]<\/p>\n","protected":false},"author":1,"featured_media":0,"comment_status":"open","ping_status":"","sticky":false,"template":"","format":"standard","meta":{"footnotes":""},"categories":[89],"tags":[19,226],"class_list":["post-2127692","post","type-post","status-publish","format-standard","hentry","category-romania","tag-adevarul","tag-crawlmanager"],"_links":{"self":[{"href":"https:\/\/analyse.optim.biz\/index.php?rest_route=\/wp\/v2\/posts\/2127692","targetHints":{"allow":["GET"]}}],"collection":[{"href":"https:\/\/analyse.optim.biz\/index.php?rest_route=\/wp\/v2\/posts"}],"about":[{"href":"https:\/\/analyse.optim.biz\/index.php?rest_route=\/wp\/v2\/types\/post"}],"author":[{"embeddable":true,"href":"https:\/\/analyse.optim.biz\/index.php?rest_route=\/wp\/v2\/users\/1"}],"replies":[{"embeddable":true,"href":"https:\/\/analyse.optim.biz\/index.php?rest_route=%2Fwp%2Fv2%2Fcomments&post=2127692"}],"version-history":[{"count":0,"href":"https:\/\/analyse.optim.biz\/index.php?rest_route=\/wp\/v2\/posts\/2127692\/revisions"}],"wp:attachment":[{"href":"https:\/\/analyse.optim.biz\/index.php?rest_route=%2Fwp%2Fv2%2Fmedia&parent=2127692"}],"wp:term":[{"taxonomy":"category","embeddable":true,"href":"https:\/\/analyse.optim.biz\/index.php?rest_route=%2Fwp%2Fv2%2Fcategories&post=2127692"},{"taxonomy":"post_tag","embeddable":true,"href":"https:\/\/analyse.optim.biz\/index.php?rest_route=%2Fwp%2Fv2%2Ftags&post=2127692"}],"curies":[{"name":"wp","href":"https:\/\/api.w.org\/{rel}","templated":true}]}}