{"id":212764,"date":"2014-02-11T22:10:34","date_gmt":"2014-02-11T19:10:34","guid":{"rendered":"https:\/\/analyse.optim.biz\/?p=212764"},"modified":"2014-02-11T22:10:34","modified_gmt":"2014-02-11T19:10:34","slug":"jurnalul-de-seara-ludovic-orban-psd-nu-e-pregatit-sa-ajunga-la-putere-integral","status":"publish","type":"post","link":"https:\/\/analyse.optim.biz\/?p=212764","title":{"rendered":"JURNALUL DE SEAR\u0102. Ludovic Orban: PSD nu e preg\u0103tit s\u0103 ajung\u0103 la putere integral"},"content":{"rendered":"<div class=\"entry data-app-meta data-app-meta-article\" data-embed-base-url-canonical=\"https:\/\/www.digi24.ro\/embed\/stiri\/actualitate\/politica\/jurnalul-de-seara-ludovic-orban-psd-nu-e-pregatit-sa-ajunga-la-putere-integral-198900\">\n<p data-index=\"1\">Ludovic Orban spune c\u0103 dorin\u021ba premierului Victor Ponta de a <a href=\"https:\/\/www.digi24.ro\/Stiri\/Digi24\/Actualitate\/Politica\/Negocierile+din+USL+Victor+Ponta+Nu+avem+o+decizie\" target=\"_blank\" data-skip-linkfix=\"1\" rel=\"noopener\">aduce \u00eenc\u0103 un vicepremier \u00een Guvern<\/a>, astfel \u00eenc\u00e2t fiecare partid din USL s\u0103 aib\u0103 un om \u00eentr-o astfel de func\u021bie, are leg\u0103tur\u0103 cu \u00eencercarea social-democra\u021bilor de a-\u0219i m\u0103ri puterea \u00een executiv, \u00een timp ce compepten\u021bele PNL sunt reduse.<\/p>\n<p data-index=\"2\">El a amintit c\u0103 decizii asem\u0103n\u0103toare au mai fost luate \u00een ultimii ani: pe l\u00e2ng\u0103 ministrul Finan\u021belor a fost numit un ministru pentru Buget, \u201eministerul Economiei a ajuns ministerul insolven\u021bei \u0219i al falimentelor\u201d, \u00een timp ce competen\u021be mai mari au ministrul delegat pentru Energie \u0219i cel al IMM-urilor, unde e \u201estat \u00een stat\u201d.<\/p>\n<p data-index=\"3\">Cu toate acestea, Ludovic Orban crede c\u0103, p\u00e2n\u0103 la urm\u0103, PNL \u0219i PSD vor c\u0103dea la \u00een\u021belegere, chiar dac\u0103 aceasta va fi \u00een detrimentul PNL.<\/p>\n<p data-index=\"4\">\u201eSe va ajunge la o \u00een\u021belegere, pentru c\u0103 PSD nu e preg\u0103tit s\u0103 ajung\u0103 la putere integral, iar PNL \u00eenc\u0103 nu e hot\u0103r\u00e2t s\u0103 mearg\u0103 pe drumul propriu\u201d, a spus deputatul la Jurnalul de Sear\u0103.<\/p>\n<p data-index=\"5\">\u00cen opinia sa, PNL nu se poate dezvolta \u00een alian\u021ba cu PSD, iar o serie de m\u0103suri liberale, cum ar fi sc\u0103derea TVA, \u201esunt am\u00e2nate la calendele grece\u0219ti, de\u0219i sunt \u00een programul de guvernare\u201d.<\/p>\n<\/div>\n<p> Source URL: https:\/\/www.digi24.ro\/stiri\/actualitate\/politica\/jurnalul-de-seara-ludovic-orban-psd-nu-e-pregatit-sa-ajunga-la-putere-integral-198900<\/p>\n","protected":false},"excerpt":{"rendered":"<p>Ludovic Orban spune c\u0103 dorin\u021ba premierului Victor Ponta de a aduce \u00eenc\u0103 un vicepremier \u00een Guvern, astfel \u00eenc\u00e2t fiecare partid din USL s\u0103 aib\u0103 un om \u00eentr-o astfel de func\u021bie, are leg\u0103tur\u0103 cu \u00eencercarea social-democra\u021bilor de a-\u0219i m\u0103ri puterea \u00een executiv, \u00een timp ce compepten\u021bele PNL sunt reduse. El a amintit c\u0103 decizii asem\u0103n\u0103toare au [&hellip;]<\/p>\n","protected":false},"author":1,"featured_media":212765,"comment_status":"open","ping_status":"","sticky":false,"template":"","format":"standard","meta":{"footnotes":""},"categories":[2],"tags":[11],"class_list":["post-212764","post","type-post","status-publish","format-standard","has-post-thumbnail","hentry","category-politics","tag-digi24"],"_links":{"self":[{"href":"https:\/\/analyse.optim.biz\/index.php?rest_route=\/wp\/v2\/posts\/212764","targetHints":{"allow":["GET"]}}],"collection":[{"href":"https:\/\/analyse.optim.biz\/index.php?rest_route=\/wp\/v2\/posts"}],"about":[{"href":"https:\/\/analyse.optim.biz\/index.php?rest_route=\/wp\/v2\/types\/post"}],"author":[{"embeddable":true,"href":"https:\/\/analyse.optim.biz\/index.php?rest_route=\/wp\/v2\/users\/1"}],"replies":[{"embeddable":true,"href":"https:\/\/analyse.optim.biz\/index.php?rest_route=%2Fwp%2Fv2%2Fcomments&post=212764"}],"version-history":[{"count":0,"href":"https:\/\/analyse.optim.biz\/index.php?rest_route=\/wp\/v2\/posts\/212764\/revisions"}],"wp:featuredmedia":[{"embeddable":true,"href":"https:\/\/analyse.optim.biz\/index.php?rest_route=\/wp\/v2\/media\/212765"}],"wp:attachment":[{"href":"https:\/\/analyse.optim.biz\/index.php?rest_route=%2Fwp%2Fv2%2Fmedia&parent=212764"}],"wp:term":[{"taxonomy":"category","embeddable":true,"href":"https:\/\/analyse.optim.biz\/index.php?rest_route=%2Fwp%2Fv2%2Fcategories&post=212764"},{"taxonomy":"post_tag","embeddable":true,"href":"https:\/\/analyse.optim.biz\/index.php?rest_route=%2Fwp%2Fv2%2Ftags&post=212764"}],"curies":[{"name":"wp","href":"https:\/\/api.w.org\/{rel}","templated":true}]}}