{"id":2127587,"date":"2026-09-04T09:08:19","date_gmt":"2026-09-04T06:08:19","guid":{"rendered":"https:\/\/analyse.optim.biz\/?p=2127587"},"modified":"2026-09-04T09:08:19","modified_gmt":"2026-09-04T06:08:19","slug":"video-initiativa-inedita-la-gheraseni-din-semintele-tale-sotii-spanu-fac-ulei-si-srot-30-de-litri-doar-90-de-lei","status":"publish","type":"post","link":"https:\/\/analyse.optim.biz\/?p=2127587","title":{"rendered":"(VIDEO) Ini\u021biativ\u0103 inedit\u0103 la Gher\u0103seni. Din semin\u021bele tale, so\u021bii Sp\u00e2nu fac ulei \u0219i \u0219rot. 30 de litri, doar 90 de lei"},"content":{"rendered":"<p>[analyse_image type=&#8221;featured&#8221; src=&#8221;https:\/\/sansanews.ro\/wp-content\/uploads\/2026\/09\/WhatsApp-Image-2026-09-04-at-02.07.30.jpeghttps:\/\/sansanews.ro\/wp-content\/uploads\/2026\/09\/WhatsApp-Image-2026-09-04-at-02.07.30.jpeg&#8221;]<\/p>\n<div class=\"entry-content herald-entry-content\">\n<div class=\"herald-ad herald-ad-above-single\"><a href=\"https:\/\/buzau.21k.ro\/\"><img loading=\"lazy\" decoding=\"async\" src=\"https:\/\/sansanews.ro\/wp-content\/uploads\/2026\/08\/300x300-k21.gif\" alt width=\"300\" height=\"300\" class=\"aligncenter size-full wp-image-124436\"><\/a><\/div>\n<p>O idee pornit\u0103 din nostalgie \u0219i din dorin\u021ba de a<br \/>\navea pe mas\u0103 produse s\u0103n\u0103toase, f\u0103cute \u00een propria gospod\u0103rie, s-a transformat<br \/>\n\u00eentr-o ini\u021biativ\u0103 prin care semin\u021bele de floarea-soarelui sau de rapi\u021b\u0103 pot<br \/>\ndeveni, \u00een aceea\u0219i zi, ulei \u0219i \u0219rot pentru animale. Ini\u021biativa apar\u021bine<br \/>\nfamiliei Sp\u00e2nu din Gher\u0103seni, care, \u00een urm\u0103 cu \u0219ase ani, a produs prima sticl\u0103<br \/>\nde ulei artizanal, iar din aceast\u0103 toamn\u0103 vrea s\u0103 le ofere oamenilor<br \/>\nposibilitatea de a veni cu propriile semin\u021be la pres\u0103. Practic, clientul aduce<br \/>\nmateria prim\u0103, iar dup\u0103 c\u00e2teva ore de procesare pleac\u0103 acas\u0103 cu uleiul \u0219i<br \/>\n\u0219rotul rezultat.<\/p>\n<blockquote class=\"wp-block-quote\">\n<p>\u201eIni\u021biativa asta am avut-o de la \u00eenceputuri, dar abia anul acesta mi-am luat inima \u00een din\u021bi \u0219i am zis: \u00abHai s\u0103 \u00eencerc s\u0103 fac \u0219i lucrul \u0103sta\u00bb. Ideea a fost de a readuce cumva o tradi\u021bie \u00een statul rom\u00e2nesc, \u00een care ne-am n\u0103scut \u0219i am copil\u0103rit cu to\u021bii, astfel \u00eenc\u00e2t oamenii s\u0103 aib\u0103 dou\u0103 beneficii: adic\u0103 s\u0103 aib\u0103 \u0219i uleiul, dac\u0103 au semin\u021bele de la cultura lor, dar \u0219i \u0219rotul care r\u0103m\u00e2ne, pe care s\u0103-l foloseasc\u0103 \u00een cre\u0219terea animalelor \u0219i p\u0103s\u0103rilor. Este un concentrat foarte bun\u201d, a spus Gigi Sp\u00e2nu.<\/p>\n<\/blockquote>\n<p>Povestea celor doi so\u021bi, Claudia \u0219i Gigi Sp\u00e2nu, a<br \/>\n\u00eenceput \u00een 2017. Produc\u0103torul din Gher\u0103seni ne-a povestit c\u0103 totul a pornit<br \/>\n\u201edintr-o nostalgie\u201d \u0219i care, cu timpul, s-a transformat \u00eentr-un hobby de<br \/>\nweekend.<\/p>\n<ul class=\"wp-block-gallery columns-3 is-cropped\">\n<li class=\"blocks-gallery-item\">\n<figure><img decoding=\"async\" src=\"https:\/\/sansanews.ro\/wp-content\/uploads\/2026\/09\/WhatsApp-Image-2026-09-03-at-21.28.47-1-682x1024.jpeg\" alt data-id=\"125810\" data-link=\"https:\/\/sansanews.ro\/?attachment_id=125810\" class=\"wp-image-125810\"><\/figure>\n<\/li>\n<li class=\"blocks-gallery-item\">\n<figure><img decoding=\"async\" src=\"https:\/\/sansanews.ro\/wp-content\/uploads\/2026\/09\/WhatsApp-Image-2026-09-03-at-21.28.45-2-682x1024.jpeg\" alt data-id=\"125811\" data-link=\"https:\/\/sansanews.ro\/?attachment_id=125811\" class=\"wp-image-125811\"><\/figure>\n<\/li>\n<li class=\"blocks-gallery-item\">\n<figure><img decoding=\"async\" src=\"https:\/\/sansanews.ro\/wp-content\/uploads\/2026\/09\/WhatsApp-Image-2026-09-03-at-21.28.46-683x1024.jpeg\" alt data-id=\"125812\" data-link=\"https:\/\/sansanews.ro\/?attachment_id=125812\" class=\"wp-image-125812\"><\/figure>\n<\/li>\n<\/ul>\n<blockquote class=\"wp-block-quote\">\n<p>\u201eTotul a plecat de la ideea de a face ceva util pentru noi: s\u0103 avem un ulei de calitate \u0219i, \u00een al doilea r\u00e2nd, s\u0103 avem \u0219i acea materie pe care s\u0103 o folosim \u00een hrana p\u0103s\u0103rilor \u0219i animalelor. Ideea a venit de la un click, ca s\u0103 zic a\u0219a: mama povestea c\u00e2t de bun era uleiul c\u00e2nd \u00eel aducea, c\u00e2nd lucra la Cooperativa Agricol\u0103 de Produc\u021bie, cum se numea \u00eenainte. Le d\u0103deau cote de ulei, respectiv acel ulei brut de la fabrica de ulei. \u0218i zic: \u00abM\u0103, ce-ar fi s\u0103 \u00eencerc s\u0103 fac chestiunea asta?\u00bb \u0218i de aici a plecat toat\u0103 povestea.<\/p>\n<\/blockquote>\n<p>Practic, dintr-o nostalgie care s-a transformat<br \/>\n\u00eentr-un hobby care necesit\u0103 foarte mult\u0103 aten\u021bie. Este o activitate de weekend.<br \/>\nN-a\u0219 putea s\u0103 m\u0103 laud c\u0103 produc mii de tone \u0219i a\u0219a mai departe. Vindem \u0219i avem<br \/>\nleg\u0103tur\u0103 cu c\u00e2teva b\u0103c\u0103nii, \u00een care apreciaz\u0103 foarte mult uleiul\u201d, ne-a povestit<br \/>\nproduc\u0103torul din Gher\u0103seni.<\/p>\n<p>\u00cen ultimii ani, povestea lor s-a dezvoltat frumos.<br \/>\nUleiul presat la rece de la Gher\u0103seni a devenit tot mai cunoscut, iar acum<br \/>\najunge la sute de rom\u00e2ni, care \u00eel pot achizi\u021biona din b\u0103c\u0103nii sau de la<br \/>\nt\u00e2rgurile Slow Food, de la care so\u021bii Sp\u00e2nu sunt nelipsi\u021bi. Printre<br \/>\ndegust\u0103torii cei mai cunoscu\u021bi se num\u0103r\u0103 \u0219i celebrul jurnalist britanic Charlie<br \/>\nOttley.<\/p>\n<ul class=\"wp-block-gallery columns-2 is-cropped\">\n<li class=\"blocks-gallery-item\">\n<figure><img decoding=\"async\" src=\"https:\/\/sansanews.ro\/wp-content\/uploads\/2026\/09\/WhatsApp-Image-2026-09-03-at-21.28.47-766x1024.jpeg\" alt data-id=\"125805\" data-link=\"https:\/\/sansanews.ro\/?attachment_id=125805\" class=\"wp-image-125805\"><\/figure>\n<\/li>\n<li class=\"blocks-gallery-item\">\n<figure><img decoding=\"async\" src=\"https:\/\/sansanews.ro\/wp-content\/uploads\/2026\/09\/WhatsApp-Image-2026-09-03-at-21.28.46-1-766x1024.jpeg\" alt data-id=\"125806\" data-link=\"https:\/\/sansanews.ro\/?attachment_id=125806\" class=\"wp-image-125806\"><\/figure>\n<\/li>\n<\/ul>\n<h4>Aduci semin\u021bele, pleci cu ulei \u0219i \u0219rot<\/h4>\n<p>Din aceast\u0103 toamn\u0103, so\u021bii Sp\u00e2nu vor s\u0103 le ofere<br \/>\nposibilitatea celor care cultiv\u0103 floarea-soarelui sau rapi\u021b\u0103 ori au o surs\u0103<br \/>\nsigur\u0103 de semin\u021be s\u0103-\u0219i produc\u0103 propriul ulei presat la rece. Practic, oamenii<br \/>\nduc semin\u021bele \u0219i pleac\u0103 acas\u0103 at\u00e2t cu un ulei de calitate, nerafinat, bogat \u00een<br \/>\nnutrien\u021bi, c\u00e2t \u0219i cu \u0219rot pentru animale. Pentru tot pl\u0103tesc doar 90 de lei.<\/p>\n<div class=\"wp-block-image\">\n<figure class=\"alignleft is-resized\"><img loading=\"lazy\" decoding=\"async\" src=\"https:\/\/sansanews.ro\/wp-content\/uploads\/2026\/09\/WhatsApp-Image-2026-09-03-at-21.28.44-1-1024x766.jpeg\" alt class=\"wp-image-125808\" width=\"275\" height=\"205\"><\/figure>\n<\/div>\n<blockquote class=\"wp-block-quote\">\n<p>\u201eOamenii trebuie s\u0103 vin\u0103 cu floarea-soarelui sau cu rapi\u021ba. O aduc la pres\u0103, \u00eei facem o selec\u021bie a semin\u021belor, pentru c\u0103 avem un selector care mai scoate diferite semin\u021be, ierburi, resturi de plant\u0103 \u0219i a\u0219a mai departe. Le b\u0103g\u0103m \u00een pres\u0103 \u0219i a\u0219tept\u0103m s\u0103 se fac\u0103 presarea. Dup\u0103 aceea, pleac\u0103 acas\u0103 cu uleiul \u0219i cu \u0219rotul. Nu trebuie s\u0103 fac\u0103 nimic special. E ca la moar\u0103, dac\u0103 vre\u021bi s\u0103 facem o compara\u021bie. Costurile la 100 de kilograme vin undeva la 90 de lei\u201d, a spus Gigi Sp\u00e2nu.<\/p>\n<\/blockquote>\n<p>Produc\u0103torul a lansat deja anun\u021bul pe pagina de<br \/>\nFacebook, iar cei interesa\u021bi trebuie s\u0103 fac\u0103 o programare. Pentru o sut\u0103 de<br \/>\nkilograme de semin\u021be se pot ob\u021bine circa 30-40 de litri de ulei \u0219i aproximativ<br \/>\n50 de kilograme de \u0219rot.<\/p>\n<div class=\"wp-block-image\">\n<figure class=\"alignright is-resized\"><img loading=\"lazy\" decoding=\"async\" src=\"https:\/\/sansanews.ro\/wp-content\/uploads\/2026\/09\/WhatsApp-Image-2026-09-03-at-04.32.24-855x1024.jpeg\" alt class=\"wp-image-125809\" width=\"182\" height=\"218\"><\/figure>\n<\/div>\n<blockquote class=\"wp-block-quote\">\n<p>\u201eRandamentul este discutabil, pentru c\u0103 depinde de cultur\u0103, de soiul de floarea-soarelui, de c\u00e2t\u0103 iriga\u021bie au \u0219i de al\u021bi factori. Ca estimare, este \u00eentre 30 \u0219i 40%. Concret, cu 100 de kilograme de semin\u021be se ob\u021bin 30-40 de litri de ulei \u0219i, \u00een func\u021bie \u0219i de umiditate, poate s\u0103 r\u0103m\u00e2n\u0103 undeva la 50 de kilograme de \u0219rot. Cam acesta ar fi randamentul.\u201d<\/p>\n<\/blockquote>\n<p>Uleiul fabricat prin tehnologia pres\u0103rii la rece<br \/>\neste un produs natural, bogat \u00een elemente nutritive, vitamine \u0219i minerale.<\/p>\n<blockquote class=\"wp-block-quote\">\n<p>\u201eAcest ulei nu se rafineaz\u0103. El r\u0103m\u00e2ne pur \u0219i simplu exact cum a ie\u0219it din stoarcerea semin\u021belor \u0219i at\u00e2t. Nu-i face nimic altceva. Uleiul de floarea-soarelui este foarte bogat \u00een Omega 6 \u0219i 9. Este foarte bogat \u0219i \u00een vitamina E, iar cel de rapi\u021b\u0103 are un randament foarte bun de Omega 3. Eu sunt \u0219i \u00eenregistrat sanitar-veterinar, adic\u0103 am toate autoriza\u021biile necesare\u201d, a spus Gigi Sp\u00e2nu.<\/p>\n<\/blockquote>\n<iframe loading=\"lazy\" width=\"452\" height=\"804\" src=\"https:\/\/www.youtube.com\/embed\/mOZYNoUHsxs\" title=\"ulei presa la rece\" frameborder allow=\"accelerometer; autoplay; clipboard-write; encrypted-media; gyroscope; picture-in-picture; web-share\" referrerpolicy=\"strict-origin-when-cross-origin\" allowfullscreen><\/iframe>\n<p>Uleiul produs de so\u021bii Sp\u00e2nu se distinge de cel<br \/>\nclasic printr-o arom\u0103 mult mai puternic\u0103, dar \u0219i prin faptul c\u0103, spun<br \/>\nproduc\u0103torii, p\u0103streaz\u0103 mai bine caracteristicile naturale ale semin\u021belor.<\/p>\n<div class=\"meta-tags\"><span>Etichete<\/span><a href=\"https:\/\/sansanews.ro\/tag\/producator-ulei\/\" rel=\"tag\">producator ulei<\/a><a href=\"https:\/\/sansanews.ro\/tag\/ulei-gheraseni\/\" rel=\"tag\">ulei gheraseni<\/a><a href=\"https:\/\/sansanews.ro\/tag\/ulei-presat-la-rece\/\" rel=\"tag\">ulei presat la rece<\/a><\/div>\n<div class=\"herald-share-content\">\n<div class=\"meks_ess rectangle no-labels outline\"><a class=\"meks_ess-item socicon-facebook\" data-url=\"http:\/\/www.facebook.com\/sharer\/sharer.php?u=https%3A%2F%2Fsansanews.ro%2Fvideo-initiativa-inedita-la-gheraseni-din-semintele-tale-sotii-spanu-fac-ulei-si-srot-30-de-litri-doar-90-de-lei%2F&amp;t=%28VIDEO%29%20Ini%C8%9Biativ%C4%83%20inedit%C4%83%20la%20Gher%C4%83seni.%20Din%20semin%C8%9Bele%20tale%2C%20so%C8%9Bii%20Sp%C3%A2nu%20fac%20ulei%20%C8%99i%20%C8%99rot.%2030%20de%20litri%2C%20doar%2090%20de%20lei\"><span>Facebook<\/span><\/a><a href=\"https:\/\/api.whatsapp.com\/send?text=%28VIDEO%29%20Ini%C8%9Biativ%C4%83%20inedit%C4%83%20la%20Gher%C4%83seni.%20Din%20semin%C8%9Bele%20tale%2C%20so%C8%9Bii%20Sp%C3%A2nu%20fac%20ulei%20%C8%99i%20%C8%99rot.%2030%20de%20litri%2C%20doar%2090%20de%20lei%20https%3A%2F%2Fsansanews.ro%2Fvideo-initiativa-inedita-la-gheraseni-din-semintele-tale-sotii-spanu-fac-ulei-si-srot-30-de-litri-doar-90-de-lei%2F\" class=\"meks_ess-item socicon-whatsapp prevent-share-popup\"><span>WhatsApp<\/span><\/a><a class=\"meks_ess-item socicon-twitter\" data-url=\"http:\/\/twitter.com\/intent\/tweet?url=https%3A%2F%2Fsansanews.ro%2Fvideo-initiativa-inedita-la-gheraseni-din-semintele-tale-sotii-spanu-fac-ulei-si-srot-30-de-litri-doar-90-de-lei%2F&amp;text=%28VIDEO%29%20Ini%C8%9Biativ%C4%83%20inedit%C4%83%20la%20Gher%C4%83seni.%20Din%20semin%C8%9Bele%20tale%2C%20so%C8%9Bii%20Sp%C3%A2nu%20fac%20ulei%20%C8%99i%20%C8%99rot.%2030%20de%20litri%2C%20doar%2090%20de%20lei\"><span>Twitter<\/span><\/a><a class=\"meks_ess-item socicon-pinterest\" data-url=\"http:\/\/pinterest.com\/pin\/create\/button\/?url=https%3A%2F%2Fsansanews.ro%2Fvideo-initiativa-inedita-la-gheraseni-din-semintele-tale-sotii-spanu-fac-ulei-si-srot-30-de-litri-doar-90-de-lei%2F&amp;media=https%3A%2F%2Fsansanews.ro%2Fwp-content%2Fuploads%2F2026%2F09%2FWhatsApp-Image-2026-09-04-at-02.07.30.jpeg&amp;description=%28VIDEO%29%20Ini%C8%9Biativ%C4%83%20inedit%C4%83%20la%20Gher%C4%83seni.%20Din%20semin%C8%9Bele%20tale%2C%20so%C8%9Bii%20Sp%C3%A2nu%20fac%20ulei%20%C8%99i%20%C8%99rot.%2030%20de%20litri%2C%20doar%2090%20de%20lei\"><span>Pinterest<\/span><\/a><\/div>\n<\/div>\n<\/div>\n<div class=\"entry-content herald-entry-content\">\n<div class=\"herald-ad herald-ad-above-single\"><a href=\"https:\/\/buzau.21k.ro\/\"><img loading=\"lazy\" decoding=\"async\" src=\"https:\/\/sansanews.ro\/wp-content\/uploads\/2026\/08\/300x300-k21.gif\" alt width=\"300\" height=\"300\" class=\"aligncenter size-full wp-image-124436\"><\/a><\/div>\n<p>O idee pornit\u0103 din nostalgie \u0219i din dorin\u021ba de a<br \/>\navea pe mas\u0103 produse s\u0103n\u0103toase, f\u0103cute \u00een propria gospod\u0103rie, s-a transformat<br \/>\n\u00eentr-o ini\u021biativ\u0103 prin care semin\u021bele de floarea-soarelui sau de rapi\u021b\u0103 pot<br \/>\ndeveni, \u00een aceea\u0219i zi, ulei \u0219i \u0219rot pentru animale. Ini\u021biativa apar\u021bine<br \/>\nfamiliei Sp\u00e2nu din Gher\u0103seni, care, \u00een urm\u0103 cu \u0219ase ani, a produs prima sticl\u0103<br \/>\nde ulei artizanal, iar din aceast\u0103 toamn\u0103 vrea s\u0103 le ofere oamenilor<br \/>\nposibilitatea de a veni cu propriile semin\u021be la pres\u0103. Practic, clientul aduce<br \/>\nmateria prim\u0103, iar dup\u0103 c\u00e2teva ore de procesare pleac\u0103 acas\u0103 cu uleiul \u0219i<br \/>\n\u0219rotul rezultat.<\/p>\n<blockquote class=\"wp-block-quote\">\n<p>\u201eIni\u021biativa asta am avut-o de la \u00eenceputuri, dar abia anul acesta mi-am luat inima \u00een din\u021bi \u0219i am zis: \u00abHai s\u0103 \u00eencerc s\u0103 fac \u0219i lucrul \u0103sta\u00bb. Ideea a fost de a readuce cumva o tradi\u021bie \u00een statul rom\u00e2nesc, \u00een care ne-am n\u0103scut \u0219i am copil\u0103rit cu to\u021bii, astfel \u00eenc\u00e2t oamenii s\u0103 aib\u0103 dou\u0103 beneficii: adic\u0103 s\u0103 aib\u0103 \u0219i uleiul, dac\u0103 au semin\u021bele de la cultura lor, dar \u0219i \u0219rotul care r\u0103m\u00e2ne, pe care s\u0103-l foloseasc\u0103 \u00een cre\u0219terea animalelor \u0219i p\u0103s\u0103rilor. Este un concentrat foarte bun\u201d, a spus Gigi Sp\u00e2nu.<\/p>\n<\/blockquote>\n<p>Povestea celor doi so\u021bi, Claudia \u0219i Gigi Sp\u00e2nu, a<br \/>\n\u00eenceput \u00een 2017. Produc\u0103torul din Gher\u0103seni ne-a povestit c\u0103 totul a pornit<br \/>\n\u201edintr-o nostalgie\u201d \u0219i care, cu timpul, s-a transformat \u00eentr-un hobby de<br \/>\nweekend.<\/p>\n<ul class=\"wp-block-gallery columns-3 is-cropped\">\n<li class=\"blocks-gallery-item\">\n<figure><img decoding=\"async\" src=\"https:\/\/sansanews.ro\/wp-content\/uploads\/2026\/09\/WhatsApp-Image-2026-09-03-at-21.28.47-1-682x1024.jpeg\" alt data-id=\"125810\" data-link=\"https:\/\/sansanews.ro\/?attachment_id=125810\" class=\"wp-image-125810\"><\/figure>\n<\/li>\n<li class=\"blocks-gallery-item\">\n<figure><img decoding=\"async\" src=\"https:\/\/sansanews.ro\/wp-content\/uploads\/2026\/09\/WhatsApp-Image-2026-09-03-at-21.28.45-2-682x1024.jpeg\" alt data-id=\"125811\" data-link=\"https:\/\/sansanews.ro\/?attachment_id=125811\" class=\"wp-image-125811\"><\/figure>\n<\/li>\n<li class=\"blocks-gallery-item\">\n<figure><img decoding=\"async\" src=\"https:\/\/sansanews.ro\/wp-content\/uploads\/2026\/09\/WhatsApp-Image-2026-09-03-at-21.28.46-683x1024.jpeg\" alt data-id=\"125812\" data-link=\"https:\/\/sansanews.ro\/?attachment_id=125812\" class=\"wp-image-125812\"><\/figure>\n<\/li>\n<\/ul>\n<blockquote class=\"wp-block-quote\">\n<p>\u201eTotul a plecat de la ideea de a face ceva util pentru noi: s\u0103 avem un ulei de calitate \u0219i, \u00een al doilea r\u00e2nd, s\u0103 avem \u0219i acea materie pe care s\u0103 o folosim \u00een hrana p\u0103s\u0103rilor \u0219i animalelor. Ideea a venit de la un click, ca s\u0103 zic a\u0219a: mama povestea c\u00e2t de bun era uleiul c\u00e2nd \u00eel aducea, c\u00e2nd lucra la Cooperativa Agricol\u0103 de Produc\u021bie, cum se numea \u00eenainte. Le d\u0103deau cote de ulei, respectiv acel ulei brut de la fabrica de ulei. \u0218i zic: \u00abM\u0103, ce-ar fi s\u0103 \u00eencerc s\u0103 fac chestiunea asta?\u00bb \u0218i de aici a plecat toat\u0103 povestea.<\/p>\n<\/blockquote>\n<p>Practic, dintr-o nostalgie care s-a transformat<br \/>\n\u00eentr-un hobby care necesit\u0103 foarte mult\u0103 aten\u021bie. Este o activitate de weekend.<br \/>\nN-a\u0219 putea s\u0103 m\u0103 laud c\u0103 produc mii de tone \u0219i a\u0219a mai departe. Vindem \u0219i avem<br \/>\nleg\u0103tur\u0103 cu c\u00e2teva b\u0103c\u0103nii, \u00een care apreciaz\u0103 foarte mult uleiul\u201d, ne-a povestit<br \/>\nproduc\u0103torul din Gher\u0103seni.<\/p>\n<p>\u00cen ultimii ani, povestea lor s-a dezvoltat frumos.<br \/>\nUleiul presat la rece de la Gher\u0103seni a devenit tot mai cunoscut, iar acum<br \/>\najunge la sute de rom\u00e2ni, care \u00eel pot achizi\u021biona din b\u0103c\u0103nii sau de la<br \/>\nt\u00e2rgurile Slow Food, de la care so\u021bii Sp\u00e2nu sunt nelipsi\u021bi. Printre<br \/>\ndegust\u0103torii cei mai cunoscu\u021bi se num\u0103r\u0103 \u0219i celebrul jurnalist britanic Charlie<br \/>\nOttley.<\/p>\n<ul class=\"wp-block-gallery columns-2 is-cropped\">\n<li class=\"blocks-gallery-item\">\n<figure><img decoding=\"async\" src=\"https:\/\/sansanews.ro\/wp-content\/uploads\/2026\/09\/WhatsApp-Image-2026-09-03-at-21.28.47-766x1024.jpeg\" alt data-id=\"125805\" data-link=\"https:\/\/sansanews.ro\/?attachment_id=125805\" class=\"wp-image-125805\"><\/figure>\n<\/li>\n<li class=\"blocks-gallery-item\">\n<figure><img decoding=\"async\" src=\"https:\/\/sansanews.ro\/wp-content\/uploads\/2026\/09\/WhatsApp-Image-2026-09-03-at-21.28.46-1-766x1024.jpeg\" alt data-id=\"125806\" data-link=\"https:\/\/sansanews.ro\/?attachment_id=125806\" class=\"wp-image-125806\"><\/figure>\n<\/li>\n<\/ul>\n<h4>Aduci semin\u021bele, pleci cu ulei \u0219i \u0219rot<\/h4>\n<p>Din aceast\u0103 toamn\u0103, so\u021bii Sp\u00e2nu vor s\u0103 le ofere<br \/>\nposibilitatea celor care cultiv\u0103 floarea-soarelui sau rapi\u021b\u0103 ori au o surs\u0103<br \/>\nsigur\u0103 de semin\u021be s\u0103-\u0219i produc\u0103 propriul ulei presat la rece. Practic, oamenii<br \/>\nduc semin\u021bele \u0219i pleac\u0103 acas\u0103 at\u00e2t cu un ulei de calitate, nerafinat, bogat \u00een<br \/>\nnutrien\u021bi, c\u00e2t \u0219i cu \u0219rot pentru animale. Pentru tot pl\u0103tesc doar 90 de lei.<\/p>\n<div class=\"wp-block-image\">\n<figure class=\"alignleft is-resized\"><img loading=\"lazy\" decoding=\"async\" src=\"https:\/\/sansanews.ro\/wp-content\/uploads\/2026\/09\/WhatsApp-Image-2026-09-03-at-21.28.44-1-1024x766.jpeg\" alt class=\"wp-image-125808\" width=\"275\" height=\"205\"><\/figure>\n<\/div>\n<blockquote class=\"wp-block-quote\">\n<p>\u201eOamenii trebuie s\u0103 vin\u0103 cu floarea-soarelui sau cu rapi\u021ba. O aduc la pres\u0103, \u00eei facem o selec\u021bie a semin\u021belor, pentru c\u0103 avem un selector care mai scoate diferite semin\u021be, ierburi, resturi de plant\u0103 \u0219i a\u0219a mai departe. Le b\u0103g\u0103m \u00een pres\u0103 \u0219i a\u0219tept\u0103m s\u0103 se fac\u0103 presarea. Dup\u0103 aceea, pleac\u0103 acas\u0103 cu uleiul \u0219i cu \u0219rotul. Nu trebuie s\u0103 fac\u0103 nimic special. E ca la moar\u0103, dac\u0103 vre\u021bi s\u0103 facem o compara\u021bie. Costurile la 100 de kilograme vin undeva la 90 de lei\u201d, a spus Gigi Sp\u00e2nu.<\/p>\n<\/blockquote>\n<p>Produc\u0103torul a lansat deja anun\u021bul pe pagina de<br \/>\nFacebook, iar cei interesa\u021bi trebuie s\u0103 fac\u0103 o programare. Pentru o sut\u0103 de<br \/>\nkilograme de semin\u021be se pot ob\u021bine circa 30-40 de litri de ulei \u0219i aproximativ<br \/>\n50 de kilograme de \u0219rot.<\/p>\n<div class=\"wp-block-image\">\n<figure class=\"alignright is-resized\"><img loading=\"lazy\" decoding=\"async\" src=\"https:\/\/sansanews.ro\/wp-content\/uploads\/2026\/09\/WhatsApp-Image-2026-09-03-at-04.32.24-855x1024.jpeg\" alt class=\"wp-image-125809\" width=\"182\" height=\"218\"><\/figure>\n<\/div>\n<blockquote class=\"wp-block-quote\">\n<p>\u201eRandamentul este discutabil, pentru c\u0103 depinde de cultur\u0103, de soiul de floarea-soarelui, de c\u00e2t\u0103 iriga\u021bie au \u0219i de al\u021bi factori. Ca estimare, este \u00eentre 30 \u0219i 40%. Concret, cu 100 de kilograme de semin\u021be se ob\u021bin 30-40 de litri de ulei \u0219i, \u00een func\u021bie \u0219i de umiditate, poate s\u0103 r\u0103m\u00e2n\u0103 undeva la 50 de kilograme de \u0219rot. Cam acesta ar fi randamentul.\u201d<\/p>\n<\/blockquote>\n<p>Uleiul fabricat prin tehnologia pres\u0103rii la rece<br \/>\neste un produs natural, bogat \u00een elemente nutritive, vitamine \u0219i minerale.<\/p>\n<blockquote class=\"wp-block-quote\">\n<p>\u201eAcest ulei nu se rafineaz\u0103. El r\u0103m\u00e2ne pur \u0219i simplu exact cum a ie\u0219it din stoarcerea semin\u021belor \u0219i at\u00e2t. Nu-i face nimic altceva. Uleiul de floarea-soarelui este foarte bogat \u00een Omega 6 \u0219i 9. Este foarte bogat \u0219i \u00een vitamina E, iar cel de rapi\u021b\u0103 are un randament foarte bun de Omega 3. Eu sunt \u0219i \u00eenregistrat sanitar-veterinar, adic\u0103 am toate autoriza\u021biile necesare\u201d, a spus Gigi Sp\u00e2nu.<\/p>\n<\/blockquote>\n<iframe loading=\"lazy\" width=\"452\" height=\"804\" src=\"https:\/\/www.youtube.com\/embed\/mOZYNoUHsxs\" title=\"ulei presa la rece\" frameborder allow=\"accelerometer; autoplay; clipboard-write; encrypted-media; gyroscope; picture-in-picture; web-share\" referrerpolicy=\"strict-origin-when-cross-origin\" allowfullscreen><\/iframe>\n<p>Uleiul produs de so\u021bii Sp\u00e2nu se distinge de cel<br \/>\nclasic printr-o arom\u0103 mult mai puternic\u0103, dar \u0219i prin faptul c\u0103, spun<br \/>\nproduc\u0103torii, p\u0103streaz\u0103 mai bine caracteristicile naturale ale semin\u021belor.<\/p>\n<div class=\"meta-tags\"><span>Etichete<\/span><a href=\"https:\/\/sansanews.ro\/tag\/producator-ulei\/\" rel=\"tag\">producator ulei<\/a><a href=\"https:\/\/sansanews.ro\/tag\/ulei-gheraseni\/\" rel=\"tag\">ulei gheraseni<\/a><a href=\"https:\/\/sansanews.ro\/tag\/ulei-presat-la-rece\/\" rel=\"tag\">ulei presat la rece<\/a><\/div>\n<div class=\"herald-share-content\">\n<div class=\"meks_ess rectangle no-labels outline\"><a class=\"meks_ess-item socicon-facebook\" data-url=\"http:\/\/www.facebook.com\/sharer\/sharer.php?u=https%3A%2F%2Fsansanews.ro%2Fvideo-initiativa-inedita-la-gheraseni-din-semintele-tale-sotii-spanu-fac-ulei-si-srot-30-de-litri-doar-90-de-lei%2F&amp;t=%28VIDEO%29%20Ini%C8%9Biativ%C4%83%20inedit%C4%83%20la%20Gher%C4%83seni.%20Din%20semin%C8%9Bele%20tale%2C%20so%C8%9Bii%20Sp%C3%A2nu%20fac%20ulei%20%C8%99i%20%C8%99rot.%2030%20de%20litri%2C%20doar%2090%20de%20lei\"><span>Facebook<\/span><\/a><a href=\"https:\/\/api.whatsapp.com\/send?text=%28VIDEO%29%20Ini%C8%9Biativ%C4%83%20inedit%C4%83%20la%20Gher%C4%83seni.%20Din%20semin%C8%9Bele%20tale%2C%20so%C8%9Bii%20Sp%C3%A2nu%20fac%20ulei%20%C8%99i%20%C8%99rot.%2030%20de%20litri%2C%20doar%2090%20de%20lei%20https%3A%2F%2Fsansanews.ro%2Fvideo-initiativa-inedita-la-gheraseni-din-semintele-tale-sotii-spanu-fac-ulei-si-srot-30-de-litri-doar-90-de-lei%2F\" class=\"meks_ess-item socicon-whatsapp prevent-share-popup\"><span>WhatsApp<\/span><\/a><a class=\"meks_ess-item socicon-twitter\" data-url=\"http:\/\/twitter.com\/intent\/tweet?url=https%3A%2F%2Fsansanews.ro%2Fvideo-initiativa-inedita-la-gheraseni-din-semintele-tale-sotii-spanu-fac-ulei-si-srot-30-de-litri-doar-90-de-lei%2F&amp;text=%28VIDEO%29%20Ini%C8%9Biativ%C4%83%20inedit%C4%83%20la%20Gher%C4%83seni.%20Din%20semin%C8%9Bele%20tale%2C%20so%C8%9Bii%20Sp%C3%A2nu%20fac%20ulei%20%C8%99i%20%C8%99rot.%2030%20de%20litri%2C%20doar%2090%20de%20lei\"><span>Twitter<\/span><\/a><a class=\"meks_ess-item socicon-pinterest\" data-url=\"http:\/\/pinterest.com\/pin\/create\/button\/?url=https%3A%2F%2Fsansanews.ro%2Fvideo-initiativa-inedita-la-gheraseni-din-semintele-tale-sotii-spanu-fac-ulei-si-srot-30-de-litri-doar-90-de-lei%2F&amp;media=https%3A%2F%2Fsansanews.ro%2Fwp-content%2Fuploads%2F2026%2F09%2FWhatsApp-Image-2026-09-04-at-02.07.30.jpeg&amp;description=%28VIDEO%29%20Ini%C8%9Biativ%C4%83%20inedit%C4%83%20la%20Gher%C4%83seni.%20Din%20semin%C8%9Bele%20tale%2C%20so%C8%9Bii%20Sp%C3%A2nu%20fac%20ulei%20%C8%99i%20%C8%99rot.%2030%20de%20litri%2C%20doar%2090%20de%20lei\"><span>Pinterest<\/span><\/a><\/div>\n<\/div>\n<\/div>\n<p>[analyse_source url=&#8221;https:\/\/sansanews.ro\/video-initiativa-inedita-la-gheraseni-din-semintele-tale-sotii-spanu-fac-ulei-si-srot-30-de-litri-doar-90-de-lei\/&#8221;]<\/p>\n","protected":false},"excerpt":{"rendered":"<p>[analyse_image type=&#8221;featured&#8221; src=&#8221;https:\/\/sansanews.ro\/wp-content\/uploads\/2026\/09\/WhatsApp-Image-2026-09-04-at-02.07.30.jpeghttps:\/\/sansanews.ro\/wp-content\/uploads\/2026\/09\/WhatsApp-Image-2026-09-04-at-02.07.30.jpeg&#8221;] O idee pornit\u0103 din nostalgie \u0219i din dorin\u021ba de a avea pe mas\u0103 produse s\u0103n\u0103toase, f\u0103cute \u00een propria gospod\u0103rie, s-a transformat \u00eentr-o ini\u021biativ\u0103 prin care semin\u021bele de floarea-soarelui sau de rapi\u021b\u0103 pot deveni, \u00een aceea\u0219i zi, ulei \u0219i \u0219rot pentru animale. Ini\u021biativa apar\u021bine familiei Sp\u00e2nu din Gher\u0103seni, care, \u00een urm\u0103 cu \u0219ase [&hellip;]<\/p>\n","protected":false},"author":1,"featured_media":0,"comment_status":"open","ping_status":"","sticky":false,"template":"","format":"standard","meta":{"footnotes":""},"categories":[2],"tags":[226,51],"class_list":["post-2127587","post","type-post","status-publish","format-standard","hentry","category-politics","tag-crawlmanager","tag-sansanews-ro"],"_links":{"self":[{"href":"https:\/\/analyse.optim.biz\/index.php?rest_route=\/wp\/v2\/posts\/2127587","targetHints":{"allow":["GET"]}}],"collection":[{"href":"https:\/\/analyse.optim.biz\/index.php?rest_route=\/wp\/v2\/posts"}],"about":[{"href":"https:\/\/analyse.optim.biz\/index.php?rest_route=\/wp\/v2\/types\/post"}],"author":[{"embeddable":true,"href":"https:\/\/analyse.optim.biz\/index.php?rest_route=\/wp\/v2\/users\/1"}],"replies":[{"embeddable":true,"href":"https:\/\/analyse.optim.biz\/index.php?rest_route=%2Fwp%2Fv2%2Fcomments&post=2127587"}],"version-history":[{"count":0,"href":"https:\/\/analyse.optim.biz\/index.php?rest_route=\/wp\/v2\/posts\/2127587\/revisions"}],"wp:attachment":[{"href":"https:\/\/analyse.optim.biz\/index.php?rest_route=%2Fwp%2Fv2%2Fmedia&parent=2127587"}],"wp:term":[{"taxonomy":"category","embeddable":true,"href":"https:\/\/analyse.optim.biz\/index.php?rest_route=%2Fwp%2Fv2%2Fcategories&post=2127587"},{"taxonomy":"post_tag","embeddable":true,"href":"https:\/\/analyse.optim.biz\/index.php?rest_route=%2Fwp%2Fv2%2Ftags&post=2127587"}],"curies":[{"name":"wp","href":"https:\/\/api.w.org\/{rel}","templated":true}]}}